{"id":85519,"date":"2021-08-08T20:24:56","date_gmt":"2021-08-09T01:24:56","guid":{"rendered":"https:\/\/www.yucatanencorto.com\/noticias\/?p=85519"},"modified":"2021-08-08T20:24:56","modified_gmt":"2021-08-09T01:24:56","slug":"la-rehabilitacion-del-paso-a-desnivel-continua-conforme-a-lo-que-marca-la-normativa-para-garantizar-la-seguridad-de-las-y-los-meridanos","status":"publish","type":"post","link":"https:\/\/www.yucatanencorto.com\/noticias\/la-rehabilitacion-del-paso-a-desnivel-continua-conforme-a-lo-que-marca-la-normativa-para-garantizar-la-seguridad-de-las-y-los-meridanos\/","title":{"rendered":"La rehabilitaci\u00f3n del paso a desnivel contin\u00faa conforme a lo que marca la normativa para garantizar la seguridad de las y los meridanos"},"content":{"rendered":"<p>&nbsp;<\/p>\n<p><img loading=\"lazy\" decoding=\"async\" class=\"alignnone size-full wp-image-85520\" src=\"https:\/\/www.yucatanencorto.com\/noticias\/wp-content\/uploads\/2021\/08\/IMG_20210808_202412-scaled.jpg\" alt=\"\" width=\"768\" height=\"692\" srcset=\"https:\/\/www.yucatanencorto.com\/noticias\/wp-content\/uploads\/2021\/08\/IMG_20210808_202412-scaled.jpg 768w, https:\/\/www.yucatanencorto.com\/noticias\/wp-content\/uploads\/2021\/08\/IMG_20210808_202412-696x627.jpg 696w, https:\/\/www.yucatanencorto.com\/noticias\/wp-content\/uploads\/2021\/08\/IMG_20210808_202412-466x420.jpg 466w\" sizes=\"auto, (max-width: 768px) 100vw, 768px\" \/><\/p>\n<p>M\u00e9rida, 8 de agosto de 2021. El Ayuntamiento de M\u00e9rida, a trav\u00e9s de la direcci\u00f3n de Obras P\u00fablicas, se mantiene al pendiente de los trabajos que se realizan en el paso a desnivel de Prolongaci\u00f3n de Paseo de Montejo con Circuito Colonias, los cuales contin\u00faan avanzando para lograr su pronta reapertura al tr\u00e1nsito vial.<\/p>\n<p>Como en todos los \u00e1mbitos que son de competencia municipal, cabe recordar que la obra se lleva a cabo con el apoyo y la supervisi\u00f3n de expertos representantes de la Universidad Aut\u00f3noma de Yucat\u00e1n y del Colegio de Ingenieros Civiles de Yucat\u00e1n A.C, hecho que desde un principio ha sido del conocimiento de la ciudadan\u00eda.<\/p>\n<p>En ese sentido, se informa que las labores de esta semana que concluye consistieron en el armado y colocaci\u00f3n de la estructura de acero del canal central que despu\u00e9s de colarse se convertir\u00e1 en el camell\u00f3n central del paso a desnivel.<\/p>\n<p>Trabajadores de la obra informaron que este armado se forma con varillas colocadas estrat\u00e9gicamente dejando un espacio de 12 cent\u00edmetros entre cada una, posteriormente se une cada cruce de varillas con alambres de acero con el prop\u00f3sito de lograr un estructurado de muy alta resistencia que dar\u00e1 soporte al muro de concreto sobre el talud del canal central y a su vez dar\u00e1 forma al asiento del armado de acero.<\/p>\n<p>Asimismo, esta misma semana tambi\u00e9n se avanz\u00f3 en el armado de las paredes laterales en un desarrollo de 340 metros lineales por la altura correspondiente al tramo que va de los 1.40 hasta los 4.00 metros entre ambas paredes del paso a desnivel que evitara futuras filtraciones por las paredes, con esta estructura se busca evitar que ante toda circunstancia se filtre agua del manto fre\u00e1tico al nuevo c\u00e1rcamo y \u00e9ste trabaje captando y desechando exclusivamente agua procedente de las precipitaciones pluviales y no del manto fre\u00e1tico como ocurre todav\u00eda.<\/p>\n<p>En cuanto a la parte sur del paso a desnivel, seg\u00fan se inform\u00f3, tambi\u00e9n se tiene un importante avance en el relleno y tendido de la geomalla la cual funcional al envolver el relleno p\u00e9treo compactado con la inclusi\u00f3n de una malla geotextil que evite el movimiento de las terracer\u00edas para incrementar, como indica el proyecto, la altura de la carpeta de rodamiento vehicular, que es de concreto hidr\u00e1ulico reforzado<\/p>\n<p>Igualmente, ya se realiz\u00f3 el tendido de la geomalla en ambos carriles de circulaci\u00f3n del lado sur del paso a desnivel. Como se dio a conocer oportunamente, la geomalla se rellena con material p\u00e9treo de caracter\u00edsticas especificadas y despu\u00e9s se realizan trabajos de compactaci\u00f3n del material p\u00e9treo por medio de maquinaria vibro-compactadora.<\/p>\n<p>Cabe recordar que semana pasada se realiz\u00f3 el encoframiento de las tuber\u00edas del lado norte del paso a desnivel con \u00f3ptimos resultados; asimismo, esta semana se realiz\u00f3 la misma tarea en las tuber\u00edas que redireccionan las aguas del subsuelo del lado sur, igualmente con \u00f3ptimos resultados.<\/p>\n<p>El encoframiento se realiza con concreto de alta resistencia, as\u00ed mismo a lo largo de esta semana tambi\u00e9n se trabaj\u00f3 en el colado de registros de control en la parte norte y sur del paso a desnivel en su parte inferior, quedando pendiente de colarse el registro de la parte central; el colado de registros y el encoframiento de las tuber\u00edas ha permitido realizar labores de limpieza de escombros en zonas que permanec\u00edan bajo agua que fluye del manto fre\u00e1tico.<\/p>\n<p>Cabe mencionar que el Ayuntamiento de M\u00e9rida mantiene constante vigilancia en el lugar para constatar que las labores se realicen con total calidad y de acuerdo con el proyecto establecido, a fin de garantizar que los resultados que se obtengan sean los deseados y los que la ciudadan\u00eda merece.<\/p>\n<p>&#8212;<\/p>\n","protected":false},"excerpt":{"rendered":"<p>&nbsp; M\u00e9rida, 8 de agosto de 2021. El Ayuntamiento de M\u00e9rida, a trav\u00e9s de la direcci\u00f3n de Obras P\u00fablicas, se mantiene al pendiente de los trabajos que se realizan en el paso a desnivel de Prolongaci\u00f3n de Paseo de Montejo con Circuito Colonias, los cuales contin\u00faan avanzando para lograr su pronta reapertura al tr\u00e1nsito vial. [&hellip;]<\/p>\n","protected":false},"author":2,"featured_media":85520,"comment_status":"closed","ping_status":"closed","sticky":false,"template":"","format":"standard","meta":{"footnotes":""},"categories":[2],"tags":[],"class_list":{"0":"post-85519","1":"post","2":"type-post","3":"status-publish","4":"format-standard","5":"has-post-thumbnail","7":"category-merida"},"yoast_head":"<!-- This site is optimized with the Yoast SEO plugin v27.4 - https:\/\/yoast.com\/product\/yoast-seo-wordpress\/ -->\n<title>La rehabilitaci\u00f3n del paso a desnivel contin\u00faa conforme a lo que marca la normativa para garantizar la seguridad de las y los meridanos - Yucat\u00e1n en corto<\/title>\n<meta name=\"robots\" content=\"index, follow, max-snippet:-1, max-image-preview:large, max-video-preview:-1\" \/>\n<link rel=\"canonical\" href=\"https:\/\/www.yucatanencorto.com\/noticias\/la-rehabilitacion-del-paso-a-desnivel-continua-conforme-a-lo-que-marca-la-normativa-para-garantizar-la-seguridad-de-las-y-los-meridanos\/\" \/>\n<meta property=\"og:locale\" content=\"es_ES\" \/>\n<meta property=\"og:type\" content=\"article\" \/>\n<meta property=\"og:title\" content=\"La rehabilitaci\u00f3n del paso a desnivel contin\u00faa conforme a lo que marca la normativa para garantizar la seguridad de las y los meridanos - Yucat\u00e1n en corto\" \/>\n<meta property=\"og:description\" content=\"&nbsp; M\u00e9rida, 8 de agosto de 2021. El Ayuntamiento de M\u00e9rida, a trav\u00e9s de la direcci\u00f3n de Obras P\u00fablicas, se mantiene al pendiente de los trabajos que se realizan en el paso a desnivel de Prolongaci\u00f3n de Paseo de Montejo con Circuito Colonias, los cuales contin\u00faan avanzando para lograr su pronta reapertura al tr\u00e1nsito vial. [&hellip;]\" \/>\n<meta property=\"og:url\" content=\"https:\/\/www.yucatanencorto.com\/noticias\/la-rehabilitacion-del-paso-a-desnivel-continua-conforme-a-lo-que-marca-la-normativa-para-garantizar-la-seguridad-de-las-y-los-meridanos\/\" \/>\n<meta property=\"og:site_name\" content=\"Yucat\u00e1n en corto\" \/>\n<meta property=\"article:publisher\" content=\"http:\/\/www.facebook.com\/yucatanencorto\" \/>\n<meta property=\"article:published_time\" content=\"2021-08-09T01:24:56+00:00\" \/>\n<meta property=\"og:image\" content=\"https:\/\/www.yucatanencorto.com\/noticias\/wp-content\/uploads\/2021\/08\/IMG_20210808_202412-scaled.jpg\" \/>\n\t<meta property=\"og:image:width\" content=\"768\" \/>\n\t<meta property=\"og:image:height\" content=\"692\" \/>\n\t<meta property=\"og:image:type\" content=\"image\/jpeg\" \/>\n<meta name=\"author\" content=\"Yucat\u00e1n en Corto FC\" \/>\n<meta name=\"twitter:card\" content=\"summary_large_image\" \/>\n<meta name=\"twitter:creator\" content=\"@yucatanencorto\" \/>\n<meta name=\"twitter:site\" content=\"@yucatanencorto\" \/>\n<meta name=\"twitter:label1\" content=\"Escrito por\" \/>\n\t<meta name=\"twitter:data1\" content=\"Yucat\u00e1n en Corto FC\" \/>\n\t<meta name=\"twitter:label2\" content=\"Tiempo de lectura\" \/>\n\t<meta name=\"twitter:data2\" content=\"3 minutos\" \/>\n<script type=\"application\/ld+json\" class=\"yoast-schema-graph\">{\"@context\":\"https:\\\/\\\/schema.org\",\"@graph\":[{\"@type\":\"Article\",\"@id\":\"https:\\\/\\\/www.yucatanencorto.com\\\/noticias\\\/la-rehabilitacion-del-paso-a-desnivel-continua-conforme-a-lo-que-marca-la-normativa-para-garantizar-la-seguridad-de-las-y-los-meridanos\\\/#article\",\"isPartOf\":{\"@id\":\"https:\\\/\\\/www.yucatanencorto.com\\\/noticias\\\/la-rehabilitacion-del-paso-a-desnivel-continua-conforme-a-lo-que-marca-la-normativa-para-garantizar-la-seguridad-de-las-y-los-meridanos\\\/\"},\"author\":{\"name\":\"Yucat\u00e1n en Corto FC\",\"@id\":\"https:\\\/\\\/www.yucatanencorto.com\\\/noticias\\\/#\\\/schema\\\/person\\\/14f82d355225a1f4075dd84a31f45a72\"},\"headline\":\"La rehabilitaci\u00f3n del paso a desnivel contin\u00faa conforme a lo que marca la normativa para garantizar la seguridad de las y los meridanos\",\"datePublished\":\"2021-08-09T01:24:56+00:00\",\"mainEntityOfPage\":{\"@id\":\"https:\\\/\\\/www.yucatanencorto.com\\\/noticias\\\/la-rehabilitacion-del-paso-a-desnivel-continua-conforme-a-lo-que-marca-la-normativa-para-garantizar-la-seguridad-de-las-y-los-meridanos\\\/\"},\"wordCount\":673,\"image\":{\"@id\":\"https:\\\/\\\/www.yucatanencorto.com\\\/noticias\\\/la-rehabilitacion-del-paso-a-desnivel-continua-conforme-a-lo-que-marca-la-normativa-para-garantizar-la-seguridad-de-las-y-los-meridanos\\\/#primaryimage\"},\"thumbnailUrl\":\"https:\\\/\\\/www.yucatanencorto.com\\\/noticias\\\/wp-content\\\/uploads\\\/2021\\\/08\\\/IMG_20210808_202412-scaled.jpg\",\"articleSection\":[\"M\u00e9rida\"],\"inLanguage\":\"es\"},{\"@type\":\"WebPage\",\"@id\":\"https:\\\/\\\/www.yucatanencorto.com\\\/noticias\\\/la-rehabilitacion-del-paso-a-desnivel-continua-conforme-a-lo-que-marca-la-normativa-para-garantizar-la-seguridad-de-las-y-los-meridanos\\\/\",\"url\":\"https:\\\/\\\/www.yucatanencorto.com\\\/noticias\\\/la-rehabilitacion-del-paso-a-desnivel-continua-conforme-a-lo-que-marca-la-normativa-para-garantizar-la-seguridad-de-las-y-los-meridanos\\\/\",\"name\":\"La rehabilitaci\u00f3n del paso a desnivel contin\u00faa conforme a lo que marca la normativa para garantizar la seguridad de las y los meridanos - Yucat\u00e1n en corto\",\"isPartOf\":{\"@id\":\"https:\\\/\\\/www.yucatanencorto.com\\\/noticias\\\/#website\"},\"primaryImageOfPage\":{\"@id\":\"https:\\\/\\\/www.yucatanencorto.com\\\/noticias\\\/la-rehabilitacion-del-paso-a-desnivel-continua-conforme-a-lo-que-marca-la-normativa-para-garantizar-la-seguridad-de-las-y-los-meridanos\\\/#primaryimage\"},\"image\":{\"@id\":\"https:\\\/\\\/www.yucatanencorto.com\\\/noticias\\\/la-rehabilitacion-del-paso-a-desnivel-continua-conforme-a-lo-que-marca-la-normativa-para-garantizar-la-seguridad-de-las-y-los-meridanos\\\/#primaryimage\"},\"thumbnailUrl\":\"https:\\\/\\\/www.yucatanencorto.com\\\/noticias\\\/wp-content\\\/uploads\\\/2021\\\/08\\\/IMG_20210808_202412-scaled.jpg\",\"datePublished\":\"2021-08-09T01:24:56+00:00\",\"author\":{\"@id\":\"https:\\\/\\\/www.yucatanencorto.com\\\/noticias\\\/#\\\/schema\\\/person\\\/14f82d355225a1f4075dd84a31f45a72\"},\"breadcrumb\":{\"@id\":\"https:\\\/\\\/www.yucatanencorto.com\\\/noticias\\\/la-rehabilitacion-del-paso-a-desnivel-continua-conforme-a-lo-que-marca-la-normativa-para-garantizar-la-seguridad-de-las-y-los-meridanos\\\/#breadcrumb\"},\"inLanguage\":\"es\",\"potentialAction\":[{\"@type\":\"ReadAction\",\"target\":[\"https:\\\/\\\/www.yucatanencorto.com\\\/noticias\\\/la-rehabilitacion-del-paso-a-desnivel-continua-conforme-a-lo-que-marca-la-normativa-para-garantizar-la-seguridad-de-las-y-los-meridanos\\\/\"]}]},{\"@type\":\"ImageObject\",\"inLanguage\":\"es\",\"@id\":\"https:\\\/\\\/www.yucatanencorto.com\\\/noticias\\\/la-rehabilitacion-del-paso-a-desnivel-continua-conforme-a-lo-que-marca-la-normativa-para-garantizar-la-seguridad-de-las-y-los-meridanos\\\/#primaryimage\",\"url\":\"https:\\\/\\\/www.yucatanencorto.com\\\/noticias\\\/wp-content\\\/uploads\\\/2021\\\/08\\\/IMG_20210808_202412-scaled.jpg\",\"contentUrl\":\"https:\\\/\\\/www.yucatanencorto.com\\\/noticias\\\/wp-content\\\/uploads\\\/2021\\\/08\\\/IMG_20210808_202412-scaled.jpg\",\"width\":768,\"height\":692},{\"@type\":\"BreadcrumbList\",\"@id\":\"https:\\\/\\\/www.yucatanencorto.com\\\/noticias\\\/la-rehabilitacion-del-paso-a-desnivel-continua-conforme-a-lo-que-marca-la-normativa-para-garantizar-la-seguridad-de-las-y-los-meridanos\\\/#breadcrumb\",\"itemListElement\":[{\"@type\":\"ListItem\",\"position\":1,\"name\":\"Portada\",\"item\":\"https:\\\/\\\/www.yucatanencorto.com\\\/noticias\\\/\"},{\"@type\":\"ListItem\",\"position\":2,\"name\":\"La rehabilitaci\u00f3n del paso a desnivel contin\u00faa conforme a lo que marca la normativa para garantizar la seguridad de las y los meridanos\"}]},{\"@type\":\"WebSite\",\"@id\":\"https:\\\/\\\/www.yucatanencorto.com\\\/noticias\\\/#website\",\"url\":\"https:\\\/\\\/www.yucatanencorto.com\\\/noticias\\\/\",\"name\":\"Yucat\u00e1n en corto\",\"description\":\"Noticias\",\"potentialAction\":[{\"@type\":\"SearchAction\",\"target\":{\"@type\":\"EntryPoint\",\"urlTemplate\":\"https:\\\/\\\/www.yucatanencorto.com\\\/noticias\\\/?s={search_term_string}\"},\"query-input\":{\"@type\":\"PropertyValueSpecification\",\"valueRequired\":true,\"valueName\":\"search_term_string\"}}],\"inLanguage\":\"es\"},{\"@type\":\"Person\",\"@id\":\"https:\\\/\\\/www.yucatanencorto.com\\\/noticias\\\/#\\\/schema\\\/person\\\/14f82d355225a1f4075dd84a31f45a72\",\"name\":\"Yucat\u00e1n en Corto FC\",\"image\":{\"@type\":\"ImageObject\",\"inLanguage\":\"es\",\"@id\":\"https:\\\/\\\/secure.gravatar.com\\\/avatar\\\/147d4b30cd728c53c29c49a3f7834dedca33707f4cd259761355846009a88250?s=96&d=mm&r=g\",\"url\":\"https:\\\/\\\/secure.gravatar.com\\\/avatar\\\/147d4b30cd728c53c29c49a3f7834dedca33707f4cd259761355846009a88250?s=96&d=mm&r=g\",\"contentUrl\":\"https:\\\/\\\/secure.gravatar.com\\\/avatar\\\/147d4b30cd728c53c29c49a3f7834dedca33707f4cd259761355846009a88250?s=96&d=mm&r=g\",\"caption\":\"Yucat\u00e1n en Corto FC\"},\"url\":\"https:\\\/\\\/www.yucatanencorto.com\\\/noticias\\\/author\\\/flor\\\/\"}]}<\/script>\n<!-- \/ Yoast SEO plugin. -->","yoast_head_json":{"title":"La rehabilitaci\u00f3n del paso a desnivel contin\u00faa conforme a lo que marca la normativa para garantizar la seguridad de las y los meridanos - Yucat\u00e1n en corto","robots":{"index":"index","follow":"follow","max-snippet":"max-snippet:-1","max-image-preview":"max-image-preview:large","max-video-preview":"max-video-preview:-1"},"canonical":"https:\/\/www.yucatanencorto.com\/noticias\/la-rehabilitacion-del-paso-a-desnivel-continua-conforme-a-lo-que-marca-la-normativa-para-garantizar-la-seguridad-de-las-y-los-meridanos\/","og_locale":"es_ES","og_type":"article","og_title":"La rehabilitaci\u00f3n del paso a desnivel contin\u00faa conforme a lo que marca la normativa para garantizar la seguridad de las y los meridanos - Yucat\u00e1n en corto","og_description":"&nbsp; M\u00e9rida, 8 de agosto de 2021. El Ayuntamiento de M\u00e9rida, a trav\u00e9s de la direcci\u00f3n de Obras P\u00fablicas, se mantiene al pendiente de los trabajos que se realizan en el paso a desnivel de Prolongaci\u00f3n de Paseo de Montejo con Circuito Colonias, los cuales contin\u00faan avanzando para lograr su pronta reapertura al tr\u00e1nsito vial. [&hellip;]","og_url":"https:\/\/www.yucatanencorto.com\/noticias\/la-rehabilitacion-del-paso-a-desnivel-continua-conforme-a-lo-que-marca-la-normativa-para-garantizar-la-seguridad-de-las-y-los-meridanos\/","og_site_name":"Yucat\u00e1n en corto","article_publisher":"http:\/\/www.facebook.com\/yucatanencorto","article_published_time":"2021-08-09T01:24:56+00:00","og_image":[{"width":768,"height":692,"url":"https:\/\/www.yucatanencorto.com\/noticias\/wp-content\/uploads\/2021\/08\/IMG_20210808_202412-scaled.jpg","type":"image\/jpeg"}],"author":"Yucat\u00e1n en Corto FC","twitter_card":"summary_large_image","twitter_creator":"@yucatanencorto","twitter_site":"@yucatanencorto","twitter_misc":{"Escrito por":"Yucat\u00e1n en Corto FC","Tiempo de lectura":"3 minutos"},"schema":{"@context":"https:\/\/schema.org","@graph":[{"@type":"Article","@id":"https:\/\/www.yucatanencorto.com\/noticias\/la-rehabilitacion-del-paso-a-desnivel-continua-conforme-a-lo-que-marca-la-normativa-para-garantizar-la-seguridad-de-las-y-los-meridanos\/#article","isPartOf":{"@id":"https:\/\/www.yucatanencorto.com\/noticias\/la-rehabilitacion-del-paso-a-desnivel-continua-conforme-a-lo-que-marca-la-normativa-para-garantizar-la-seguridad-de-las-y-los-meridanos\/"},"author":{"name":"Yucat\u00e1n en Corto FC","@id":"https:\/\/www.yucatanencorto.com\/noticias\/#\/schema\/person\/14f82d355225a1f4075dd84a31f45a72"},"headline":"La rehabilitaci\u00f3n del paso a desnivel contin\u00faa conforme a lo que marca la normativa para garantizar la seguridad de las y los meridanos","datePublished":"2021-08-09T01:24:56+00:00","mainEntityOfPage":{"@id":"https:\/\/www.yucatanencorto.com\/noticias\/la-rehabilitacion-del-paso-a-desnivel-continua-conforme-a-lo-que-marca-la-normativa-para-garantizar-la-seguridad-de-las-y-los-meridanos\/"},"wordCount":673,"image":{"@id":"https:\/\/www.yucatanencorto.com\/noticias\/la-rehabilitacion-del-paso-a-desnivel-continua-conforme-a-lo-que-marca-la-normativa-para-garantizar-la-seguridad-de-las-y-los-meridanos\/#primaryimage"},"thumbnailUrl":"https:\/\/www.yucatanencorto.com\/noticias\/wp-content\/uploads\/2021\/08\/IMG_20210808_202412-scaled.jpg","articleSection":["M\u00e9rida"],"inLanguage":"es"},{"@type":"WebPage","@id":"https:\/\/www.yucatanencorto.com\/noticias\/la-rehabilitacion-del-paso-a-desnivel-continua-conforme-a-lo-que-marca-la-normativa-para-garantizar-la-seguridad-de-las-y-los-meridanos\/","url":"https:\/\/www.yucatanencorto.com\/noticias\/la-rehabilitacion-del-paso-a-desnivel-continua-conforme-a-lo-que-marca-la-normativa-para-garantizar-la-seguridad-de-las-y-los-meridanos\/","name":"La rehabilitaci\u00f3n del paso a desnivel contin\u00faa conforme a lo que marca la normativa para garantizar la seguridad de las y los meridanos - Yucat\u00e1n en corto","isPartOf":{"@id":"https:\/\/www.yucatanencorto.com\/noticias\/#website"},"primaryImageOfPage":{"@id":"https:\/\/www.yucatanencorto.com\/noticias\/la-rehabilitacion-del-paso-a-desnivel-continua-conforme-a-lo-que-marca-la-normativa-para-garantizar-la-seguridad-de-las-y-los-meridanos\/#primaryimage"},"image":{"@id":"https:\/\/www.yucatanencorto.com\/noticias\/la-rehabilitacion-del-paso-a-desnivel-continua-conforme-a-lo-que-marca-la-normativa-para-garantizar-la-seguridad-de-las-y-los-meridanos\/#primaryimage"},"thumbnailUrl":"https:\/\/www.yucatanencorto.com\/noticias\/wp-content\/uploads\/2021\/08\/IMG_20210808_202412-scaled.jpg","datePublished":"2021-08-09T01:24:56+00:00","author":{"@id":"https:\/\/www.yucatanencorto.com\/noticias\/#\/schema\/person\/14f82d355225a1f4075dd84a31f45a72"},"breadcrumb":{"@id":"https:\/\/www.yucatanencorto.com\/noticias\/la-rehabilitacion-del-paso-a-desnivel-continua-conforme-a-lo-que-marca-la-normativa-para-garantizar-la-seguridad-de-las-y-los-meridanos\/#breadcrumb"},"inLanguage":"es","potentialAction":[{"@type":"ReadAction","target":["https:\/\/www.yucatanencorto.com\/noticias\/la-rehabilitacion-del-paso-a-desnivel-continua-conforme-a-lo-que-marca-la-normativa-para-garantizar-la-seguridad-de-las-y-los-meridanos\/"]}]},{"@type":"ImageObject","inLanguage":"es","@id":"https:\/\/www.yucatanencorto.com\/noticias\/la-rehabilitacion-del-paso-a-desnivel-continua-conforme-a-lo-que-marca-la-normativa-para-garantizar-la-seguridad-de-las-y-los-meridanos\/#primaryimage","url":"https:\/\/www.yucatanencorto.com\/noticias\/wp-content\/uploads\/2021\/08\/IMG_20210808_202412-scaled.jpg","contentUrl":"https:\/\/www.yucatanencorto.com\/noticias\/wp-content\/uploads\/2021\/08\/IMG_20210808_202412-scaled.jpg","width":768,"height":692},{"@type":"BreadcrumbList","@id":"https:\/\/www.yucatanencorto.com\/noticias\/la-rehabilitacion-del-paso-a-desnivel-continua-conforme-a-lo-que-marca-la-normativa-para-garantizar-la-seguridad-de-las-y-los-meridanos\/#breadcrumb","itemListElement":[{"@type":"ListItem","position":1,"name":"Portada","item":"https:\/\/www.yucatanencorto.com\/noticias\/"},{"@type":"ListItem","position":2,"name":"La rehabilitaci\u00f3n del paso a desnivel contin\u00faa conforme a lo que marca la normativa para garantizar la seguridad de las y los meridanos"}]},{"@type":"WebSite","@id":"https:\/\/www.yucatanencorto.com\/noticias\/#website","url":"https:\/\/www.yucatanencorto.com\/noticias\/","name":"Yucat\u00e1n en corto","description":"Noticias","potentialAction":[{"@type":"SearchAction","target":{"@type":"EntryPoint","urlTemplate":"https:\/\/www.yucatanencorto.com\/noticias\/?s={search_term_string}"},"query-input":{"@type":"PropertyValueSpecification","valueRequired":true,"valueName":"search_term_string"}}],"inLanguage":"es"},{"@type":"Person","@id":"https:\/\/www.yucatanencorto.com\/noticias\/#\/schema\/person\/14f82d355225a1f4075dd84a31f45a72","name":"Yucat\u00e1n en Corto FC","image":{"@type":"ImageObject","inLanguage":"es","@id":"https:\/\/secure.gravatar.com\/avatar\/147d4b30cd728c53c29c49a3f7834dedca33707f4cd259761355846009a88250?s=96&d=mm&r=g","url":"https:\/\/secure.gravatar.com\/avatar\/147d4b30cd728c53c29c49a3f7834dedca33707f4cd259761355846009a88250?s=96&d=mm&r=g","contentUrl":"https:\/\/secure.gravatar.com\/avatar\/147d4b30cd728c53c29c49a3f7834dedca33707f4cd259761355846009a88250?s=96&d=mm&r=g","caption":"Yucat\u00e1n en Corto FC"},"url":"https:\/\/www.yucatanencorto.com\/noticias\/author\/flor\/"}]}},"_links":{"self":[{"href":"https:\/\/www.yucatanencorto.com\/noticias\/wp-json\/wp\/v2\/posts\/85519","targetHints":{"allow":["GET"]}}],"collection":[{"href":"https:\/\/www.yucatanencorto.com\/noticias\/wp-json\/wp\/v2\/posts"}],"about":[{"href":"https:\/\/www.yucatanencorto.com\/noticias\/wp-json\/wp\/v2\/types\/post"}],"author":[{"embeddable":true,"href":"https:\/\/www.yucatanencorto.com\/noticias\/wp-json\/wp\/v2\/users\/2"}],"replies":[{"embeddable":true,"href":"https:\/\/www.yucatanencorto.com\/noticias\/wp-json\/wp\/v2\/comments?post=85519"}],"version-history":[{"count":0,"href":"https:\/\/www.yucatanencorto.com\/noticias\/wp-json\/wp\/v2\/posts\/85519\/revisions"}],"wp:featuredmedia":[{"embeddable":true,"href":"https:\/\/www.yucatanencorto.com\/noticias\/wp-json\/wp\/v2\/media\/85520"}],"wp:attachment":[{"href":"https:\/\/www.yucatanencorto.com\/noticias\/wp-json\/wp\/v2\/media?parent=85519"}],"wp:term":[{"taxonomy":"category","embeddable":true,"href":"https:\/\/www.yucatanencorto.com\/noticias\/wp-json\/wp\/v2\/categories?post=85519"},{"taxonomy":"post_tag","embeddable":true,"href":"https:\/\/www.yucatanencorto.com\/noticias\/wp-json\/wp\/v2\/tags?post=85519"}],"curies":[{"name":"wp","href":"https:\/\/api.w.org\/{rel}","templated":true}]}}