{"id":85528,"date":"2021-08-09T16:48:10","date_gmt":"2021-08-09T21:48:10","guid":{"rendered":"https:\/\/www.yucatanencorto.com\/noticias\/?p=85528"},"modified":"2021-08-09T16:48:10","modified_gmt":"2021-08-09T21:48:10","slug":"anuncia-uady-inicio-de-ciclo-escolar-en-modalidad-virtual-descarta-presencial-hasta-que-las-condiciones-lo-permitan","status":"publish","type":"post","link":"https:\/\/www.yucatanencorto.com\/noticias\/anuncia-uady-inicio-de-ciclo-escolar-en-modalidad-virtual-descarta-presencial-hasta-que-las-condiciones-lo-permitan\/","title":{"rendered":"Anuncia UADY inicio de ciclo escolar en modalidad Virtual: descarta presencial hasta que las condiciones lo permitan"},"content":{"rendered":"<div><img loading=\"lazy\" decoding=\"async\" class=\"alignnone size-full wp-image-85529\" src=\"https:\/\/www.yucatanencorto.com\/noticias\/wp-content\/uploads\/2021\/08\/rescate-fachada-edificio-central-15ago18-IMG_8224_18_08_15-scaled.jpeg\" alt=\"\" width=\"768\" height=\"498\" srcset=\"https:\/\/www.yucatanencorto.com\/noticias\/wp-content\/uploads\/2021\/08\/rescate-fachada-edificio-central-15ago18-IMG_8224_18_08_15-scaled.jpeg 768w, https:\/\/www.yucatanencorto.com\/noticias\/wp-content\/uploads\/2021\/08\/rescate-fachada-edificio-central-15ago18-IMG_8224_18_08_15-696x451.jpeg 696w, https:\/\/www.yucatanencorto.com\/noticias\/wp-content\/uploads\/2021\/08\/rescate-fachada-edificio-central-15ago18-IMG_8224_18_08_15-1068x693.jpeg 1068w, https:\/\/www.yucatanencorto.com\/noticias\/wp-content\/uploads\/2021\/08\/rescate-fachada-edificio-central-15ago18-IMG_8224_18_08_15-648x420.jpeg 648w\" sizes=\"auto, (max-width: 768px) 100vw, 768px\" \/>COMUNICADO DE LA UNIVERSIDAD<\/div>\n<div><\/div>\n<div>El pr\u00f3ximo lunes 16 de agosto la Universidad Aut\u00f3noma de Yucat\u00e1n (UADY) iniciar\u00e1 el ciclo escolar 2021-2022, periodo en el cual se atender\u00e1 a m\u00e1s de 26 mil estudiantes en los distintos tipos educativos y cursos que se imparten en esta instituci\u00f3n.<\/div>\n<div><\/div>\n<div>En este regreso a clases un tema ineludible es la seguridad de la comunidad universitaria a partir de la estricta aplicaci\u00f3n de los protocolos sanitarios y medidas de distanciamiento social.<\/div>\n<div><\/div>\n<div>Por lo anterior, la UADY informa lo siguiente:<\/div>\n<div><\/div>\n<div>1. La Universidad tiene como prioridad proteger la salud del alumnado, as\u00ed como de los docentes, trabajadores administrativos y manuales y sus familias, por lo que el inicio del ciclo escolar tendr\u00e1 lugar en la modalidad virtual y continuar\u00e1 de esa forma hasta que se tengan las condiciones para que puedan llevarse a cabo actividades en las aulas.<\/div>\n<div><\/div>\n<div>2. Las escuelas y facultades est\u00e1n preparadas para la estricta aplicaci\u00f3n de protocolos sanitarios en los que se prev\u00e9 el uso obligatorio del cubrebocas, la separaci\u00f3n de al menos 1.5 metros entre personas, la utilizaci\u00f3n de espacios universitarios con aforos limitados y las mejores condiciones de circulaci\u00f3n de aire, entre otros aspectos, lo que permitir\u00e1, llegado el momento, una incorporaci\u00f3n a las actividades presidenciales guardando los m\u00e1ximos cuidados.<\/div>\n<div><\/div>\n<div>3. La UADY mantiene estrecho contacto con las autoridades educativas en los \u00f3rdenes federal y estatal, de tal manera que estar\u00e1 al pendiente de los acuerdos y disposiciones que emitan sobre el retorno a la educaci\u00f3n en modalidad presencial.<\/div>\n<div><\/div>\n<div>4. Cuando est\u00e9n dadas las circunstancias adecuadas para el regreso a clases en las aulas, la UADY dar\u00e1 prioridad de atenci\u00f3n a quienes presenten un rezago educativo derivado de problemas de acceso a equipos de c\u00f3mputo o de conectividad; al mismo tiempo, mantendr\u00e1 en operaci\u00f3n su plataforma digital para reforzar las actividades educativas que as\u00ed lo requieran.<\/div>\n<div><\/div>\n<div>Finalmente, la Universidad Aut\u00f3noma de Yucat\u00e1n hace un reconocimiento a su personal docente, as\u00ed como a las y los trabajadores administrativos y manuales, que han puesto el m\u00e1ximo esfuerzo, dedicaci\u00f3n y compromiso para cumplir con nuestra encomienda educativa.<\/div>\n","protected":false},"excerpt":{"rendered":"<p>COMUNICADO DE LA UNIVERSIDAD El pr\u00f3ximo lunes 16 de agosto la Universidad Aut\u00f3noma de Yucat\u00e1n (UADY) iniciar\u00e1 el ciclo escolar 2021-2022, periodo en el cual se atender\u00e1 a m\u00e1s de 26 mil estudiantes en los distintos tipos educativos y cursos que se imparten en esta instituci\u00f3n. En este regreso a clases un tema ineludible es [&hellip;]<\/p>\n","protected":false},"author":2,"featured_media":85529,"comment_status":"closed","ping_status":"closed","sticky":false,"template":"","format":"standard","meta":{"footnotes":""},"categories":[3],"tags":[],"class_list":{"0":"post-85528","1":"post","2":"type-post","3":"status-publish","4":"format-standard","5":"has-post-thumbnail","7":"category-yucatan"},"yoast_head":"<!-- This site is optimized with the Yoast SEO plugin v27.4 - https:\/\/yoast.com\/product\/yoast-seo-wordpress\/ -->\n<title>Anuncia UADY inicio de ciclo escolar en modalidad Virtual: descarta presencial hasta que las condiciones lo permitan - Yucat\u00e1n en corto<\/title>\n<meta name=\"robots\" content=\"index, follow, max-snippet:-1, max-image-preview:large, max-video-preview:-1\" \/>\n<link rel=\"canonical\" href=\"https:\/\/www.yucatanencorto.com\/noticias\/anuncia-uady-inicio-de-ciclo-escolar-en-modalidad-virtual-descarta-presencial-hasta-que-las-condiciones-lo-permitan\/\" \/>\n<meta property=\"og:locale\" content=\"es_ES\" \/>\n<meta property=\"og:type\" content=\"article\" \/>\n<meta property=\"og:title\" content=\"Anuncia UADY inicio de ciclo escolar en modalidad Virtual: descarta presencial hasta que las condiciones lo permitan - Yucat\u00e1n en corto\" \/>\n<meta property=\"og:description\" content=\"COMUNICADO DE LA UNIVERSIDAD El pr\u00f3ximo lunes 16 de agosto la Universidad Aut\u00f3noma de Yucat\u00e1n (UADY) iniciar\u00e1 el ciclo escolar 2021-2022, periodo en el cual se atender\u00e1 a m\u00e1s de 26 mil estudiantes en los distintos tipos educativos y cursos que se imparten en esta instituci\u00f3n. En este regreso a clases un tema ineludible es [&hellip;]\" \/>\n<meta property=\"og:url\" content=\"https:\/\/www.yucatanencorto.com\/noticias\/anuncia-uady-inicio-de-ciclo-escolar-en-modalidad-virtual-descarta-presencial-hasta-que-las-condiciones-lo-permitan\/\" \/>\n<meta property=\"og:site_name\" content=\"Yucat\u00e1n en corto\" \/>\n<meta property=\"article:publisher\" content=\"http:\/\/www.facebook.com\/yucatanencorto\" \/>\n<meta property=\"article:published_time\" content=\"2021-08-09T21:48:10+00:00\" \/>\n<meta property=\"og:image\" content=\"https:\/\/www.yucatanencorto.com\/noticias\/wp-content\/uploads\/2021\/08\/rescate-fachada-edificio-central-15ago18-IMG_8224_18_08_15-scaled.jpeg\" \/>\n\t<meta property=\"og:image:width\" content=\"768\" \/>\n\t<meta property=\"og:image:height\" content=\"498\" \/>\n\t<meta property=\"og:image:type\" content=\"image\/jpeg\" \/>\n<meta name=\"author\" content=\"Yucat\u00e1n en Corto FC\" \/>\n<meta name=\"twitter:card\" content=\"summary_large_image\" \/>\n<meta name=\"twitter:creator\" content=\"@yucatanencorto\" \/>\n<meta name=\"twitter:site\" content=\"@yucatanencorto\" \/>\n<meta name=\"twitter:label1\" content=\"Escrito por\" \/>\n\t<meta name=\"twitter:data1\" content=\"Yucat\u00e1n en Corto FC\" \/>\n\t<meta name=\"twitter:label2\" content=\"Tiempo de lectura\" \/>\n\t<meta name=\"twitter:data2\" content=\"2 minutos\" \/>\n<script type=\"application\/ld+json\" class=\"yoast-schema-graph\">{\"@context\":\"https:\\\/\\\/schema.org\",\"@graph\":[{\"@type\":\"Article\",\"@id\":\"https:\\\/\\\/www.yucatanencorto.com\\\/noticias\\\/anuncia-uady-inicio-de-ciclo-escolar-en-modalidad-virtual-descarta-presencial-hasta-que-las-condiciones-lo-permitan\\\/#article\",\"isPartOf\":{\"@id\":\"https:\\\/\\\/www.yucatanencorto.com\\\/noticias\\\/anuncia-uady-inicio-de-ciclo-escolar-en-modalidad-virtual-descarta-presencial-hasta-que-las-condiciones-lo-permitan\\\/\"},\"author\":{\"name\":\"Yucat\u00e1n en Corto FC\",\"@id\":\"https:\\\/\\\/www.yucatanencorto.com\\\/noticias\\\/#\\\/schema\\\/person\\\/14f82d355225a1f4075dd84a31f45a72\"},\"headline\":\"Anuncia UADY inicio de ciclo escolar en modalidad Virtual: descarta presencial hasta que las condiciones lo permitan\",\"datePublished\":\"2021-08-09T21:48:10+00:00\",\"mainEntityOfPage\":{\"@id\":\"https:\\\/\\\/www.yucatanencorto.com\\\/noticias\\\/anuncia-uady-inicio-de-ciclo-escolar-en-modalidad-virtual-descarta-presencial-hasta-que-las-condiciones-lo-permitan\\\/\"},\"wordCount\":376,\"image\":{\"@id\":\"https:\\\/\\\/www.yucatanencorto.com\\\/noticias\\\/anuncia-uady-inicio-de-ciclo-escolar-en-modalidad-virtual-descarta-presencial-hasta-que-las-condiciones-lo-permitan\\\/#primaryimage\"},\"thumbnailUrl\":\"https:\\\/\\\/www.yucatanencorto.com\\\/noticias\\\/wp-content\\\/uploads\\\/2021\\\/08\\\/rescate-fachada-edificio-central-15ago18-IMG_8224_18_08_15-scaled.jpeg\",\"articleSection\":[\"Yucat\u00e1n\"],\"inLanguage\":\"es\"},{\"@type\":\"WebPage\",\"@id\":\"https:\\\/\\\/www.yucatanencorto.com\\\/noticias\\\/anuncia-uady-inicio-de-ciclo-escolar-en-modalidad-virtual-descarta-presencial-hasta-que-las-condiciones-lo-permitan\\\/\",\"url\":\"https:\\\/\\\/www.yucatanencorto.com\\\/noticias\\\/anuncia-uady-inicio-de-ciclo-escolar-en-modalidad-virtual-descarta-presencial-hasta-que-las-condiciones-lo-permitan\\\/\",\"name\":\"Anuncia UADY inicio de ciclo escolar en modalidad Virtual: descarta presencial hasta que las condiciones lo permitan - Yucat\u00e1n en corto\",\"isPartOf\":{\"@id\":\"https:\\\/\\\/www.yucatanencorto.com\\\/noticias\\\/#website\"},\"primaryImageOfPage\":{\"@id\":\"https:\\\/\\\/www.yucatanencorto.com\\\/noticias\\\/anuncia-uady-inicio-de-ciclo-escolar-en-modalidad-virtual-descarta-presencial-hasta-que-las-condiciones-lo-permitan\\\/#primaryimage\"},\"image\":{\"@id\":\"https:\\\/\\\/www.yucatanencorto.com\\\/noticias\\\/anuncia-uady-inicio-de-ciclo-escolar-en-modalidad-virtual-descarta-presencial-hasta-que-las-condiciones-lo-permitan\\\/#primaryimage\"},\"thumbnailUrl\":\"https:\\\/\\\/www.yucatanencorto.com\\\/noticias\\\/wp-content\\\/uploads\\\/2021\\\/08\\\/rescate-fachada-edificio-central-15ago18-IMG_8224_18_08_15-scaled.jpeg\",\"datePublished\":\"2021-08-09T21:48:10+00:00\",\"author\":{\"@id\":\"https:\\\/\\\/www.yucatanencorto.com\\\/noticias\\\/#\\\/schema\\\/person\\\/14f82d355225a1f4075dd84a31f45a72\"},\"breadcrumb\":{\"@id\":\"https:\\\/\\\/www.yucatanencorto.com\\\/noticias\\\/anuncia-uady-inicio-de-ciclo-escolar-en-modalidad-virtual-descarta-presencial-hasta-que-las-condiciones-lo-permitan\\\/#breadcrumb\"},\"inLanguage\":\"es\",\"potentialAction\":[{\"@type\":\"ReadAction\",\"target\":[\"https:\\\/\\\/www.yucatanencorto.com\\\/noticias\\\/anuncia-uady-inicio-de-ciclo-escolar-en-modalidad-virtual-descarta-presencial-hasta-que-las-condiciones-lo-permitan\\\/\"]}]},{\"@type\":\"ImageObject\",\"inLanguage\":\"es\",\"@id\":\"https:\\\/\\\/www.yucatanencorto.com\\\/noticias\\\/anuncia-uady-inicio-de-ciclo-escolar-en-modalidad-virtual-descarta-presencial-hasta-que-las-condiciones-lo-permitan\\\/#primaryimage\",\"url\":\"https:\\\/\\\/www.yucatanencorto.com\\\/noticias\\\/wp-content\\\/uploads\\\/2021\\\/08\\\/rescate-fachada-edificio-central-15ago18-IMG_8224_18_08_15-scaled.jpeg\",\"contentUrl\":\"https:\\\/\\\/www.yucatanencorto.com\\\/noticias\\\/wp-content\\\/uploads\\\/2021\\\/08\\\/rescate-fachada-edificio-central-15ago18-IMG_8224_18_08_15-scaled.jpeg\",\"width\":768,\"height\":498},{\"@type\":\"BreadcrumbList\",\"@id\":\"https:\\\/\\\/www.yucatanencorto.com\\\/noticias\\\/anuncia-uady-inicio-de-ciclo-escolar-en-modalidad-virtual-descarta-presencial-hasta-que-las-condiciones-lo-permitan\\\/#breadcrumb\",\"itemListElement\":[{\"@type\":\"ListItem\",\"position\":1,\"name\":\"Portada\",\"item\":\"https:\\\/\\\/www.yucatanencorto.com\\\/noticias\\\/\"},{\"@type\":\"ListItem\",\"position\":2,\"name\":\"Anuncia UADY inicio de ciclo escolar en modalidad Virtual: descarta presencial hasta que las condiciones lo permitan\"}]},{\"@type\":\"WebSite\",\"@id\":\"https:\\\/\\\/www.yucatanencorto.com\\\/noticias\\\/#website\",\"url\":\"https:\\\/\\\/www.yucatanencorto.com\\\/noticias\\\/\",\"name\":\"Yucat\u00e1n en corto\",\"description\":\"Noticias\",\"potentialAction\":[{\"@type\":\"SearchAction\",\"target\":{\"@type\":\"EntryPoint\",\"urlTemplate\":\"https:\\\/\\\/www.yucatanencorto.com\\\/noticias\\\/?s={search_term_string}\"},\"query-input\":{\"@type\":\"PropertyValueSpecification\",\"valueRequired\":true,\"valueName\":\"search_term_string\"}}],\"inLanguage\":\"es\"},{\"@type\":\"Person\",\"@id\":\"https:\\\/\\\/www.yucatanencorto.com\\\/noticias\\\/#\\\/schema\\\/person\\\/14f82d355225a1f4075dd84a31f45a72\",\"name\":\"Yucat\u00e1n en Corto FC\",\"image\":{\"@type\":\"ImageObject\",\"inLanguage\":\"es\",\"@id\":\"https:\\\/\\\/secure.gravatar.com\\\/avatar\\\/147d4b30cd728c53c29c49a3f7834dedca33707f4cd259761355846009a88250?s=96&d=mm&r=g\",\"url\":\"https:\\\/\\\/secure.gravatar.com\\\/avatar\\\/147d4b30cd728c53c29c49a3f7834dedca33707f4cd259761355846009a88250?s=96&d=mm&r=g\",\"contentUrl\":\"https:\\\/\\\/secure.gravatar.com\\\/avatar\\\/147d4b30cd728c53c29c49a3f7834dedca33707f4cd259761355846009a88250?s=96&d=mm&r=g\",\"caption\":\"Yucat\u00e1n en Corto FC\"},\"url\":\"https:\\\/\\\/www.yucatanencorto.com\\\/noticias\\\/author\\\/flor\\\/\"}]}<\/script>\n<!-- \/ Yoast SEO plugin. -->","yoast_head_json":{"title":"Anuncia UADY inicio de ciclo escolar en modalidad Virtual: descarta presencial hasta que las condiciones lo permitan - Yucat\u00e1n en corto","robots":{"index":"index","follow":"follow","max-snippet":"max-snippet:-1","max-image-preview":"max-image-preview:large","max-video-preview":"max-video-preview:-1"},"canonical":"https:\/\/www.yucatanencorto.com\/noticias\/anuncia-uady-inicio-de-ciclo-escolar-en-modalidad-virtual-descarta-presencial-hasta-que-las-condiciones-lo-permitan\/","og_locale":"es_ES","og_type":"article","og_title":"Anuncia UADY inicio de ciclo escolar en modalidad Virtual: descarta presencial hasta que las condiciones lo permitan - Yucat\u00e1n en corto","og_description":"COMUNICADO DE LA UNIVERSIDAD El pr\u00f3ximo lunes 16 de agosto la Universidad Aut\u00f3noma de Yucat\u00e1n (UADY) iniciar\u00e1 el ciclo escolar 2021-2022, periodo en el cual se atender\u00e1 a m\u00e1s de 26 mil estudiantes en los distintos tipos educativos y cursos que se imparten en esta instituci\u00f3n. En este regreso a clases un tema ineludible es [&hellip;]","og_url":"https:\/\/www.yucatanencorto.com\/noticias\/anuncia-uady-inicio-de-ciclo-escolar-en-modalidad-virtual-descarta-presencial-hasta-que-las-condiciones-lo-permitan\/","og_site_name":"Yucat\u00e1n en corto","article_publisher":"http:\/\/www.facebook.com\/yucatanencorto","article_published_time":"2021-08-09T21:48:10+00:00","og_image":[{"width":768,"height":498,"url":"https:\/\/www.yucatanencorto.com\/noticias\/wp-content\/uploads\/2021\/08\/rescate-fachada-edificio-central-15ago18-IMG_8224_18_08_15-scaled.jpeg","type":"image\/jpeg"}],"author":"Yucat\u00e1n en Corto FC","twitter_card":"summary_large_image","twitter_creator":"@yucatanencorto","twitter_site":"@yucatanencorto","twitter_misc":{"Escrito por":"Yucat\u00e1n en Corto FC","Tiempo de lectura":"2 minutos"},"schema":{"@context":"https:\/\/schema.org","@graph":[{"@type":"Article","@id":"https:\/\/www.yucatanencorto.com\/noticias\/anuncia-uady-inicio-de-ciclo-escolar-en-modalidad-virtual-descarta-presencial-hasta-que-las-condiciones-lo-permitan\/#article","isPartOf":{"@id":"https:\/\/www.yucatanencorto.com\/noticias\/anuncia-uady-inicio-de-ciclo-escolar-en-modalidad-virtual-descarta-presencial-hasta-que-las-condiciones-lo-permitan\/"},"author":{"name":"Yucat\u00e1n en Corto FC","@id":"https:\/\/www.yucatanencorto.com\/noticias\/#\/schema\/person\/14f82d355225a1f4075dd84a31f45a72"},"headline":"Anuncia UADY inicio de ciclo escolar en modalidad Virtual: descarta presencial hasta que las condiciones lo permitan","datePublished":"2021-08-09T21:48:10+00:00","mainEntityOfPage":{"@id":"https:\/\/www.yucatanencorto.com\/noticias\/anuncia-uady-inicio-de-ciclo-escolar-en-modalidad-virtual-descarta-presencial-hasta-que-las-condiciones-lo-permitan\/"},"wordCount":376,"image":{"@id":"https:\/\/www.yucatanencorto.com\/noticias\/anuncia-uady-inicio-de-ciclo-escolar-en-modalidad-virtual-descarta-presencial-hasta-que-las-condiciones-lo-permitan\/#primaryimage"},"thumbnailUrl":"https:\/\/www.yucatanencorto.com\/noticias\/wp-content\/uploads\/2021\/08\/rescate-fachada-edificio-central-15ago18-IMG_8224_18_08_15-scaled.jpeg","articleSection":["Yucat\u00e1n"],"inLanguage":"es"},{"@type":"WebPage","@id":"https:\/\/www.yucatanencorto.com\/noticias\/anuncia-uady-inicio-de-ciclo-escolar-en-modalidad-virtual-descarta-presencial-hasta-que-las-condiciones-lo-permitan\/","url":"https:\/\/www.yucatanencorto.com\/noticias\/anuncia-uady-inicio-de-ciclo-escolar-en-modalidad-virtual-descarta-presencial-hasta-que-las-condiciones-lo-permitan\/","name":"Anuncia UADY inicio de ciclo escolar en modalidad Virtual: descarta presencial hasta que las condiciones lo permitan - Yucat\u00e1n en corto","isPartOf":{"@id":"https:\/\/www.yucatanencorto.com\/noticias\/#website"},"primaryImageOfPage":{"@id":"https:\/\/www.yucatanencorto.com\/noticias\/anuncia-uady-inicio-de-ciclo-escolar-en-modalidad-virtual-descarta-presencial-hasta-que-las-condiciones-lo-permitan\/#primaryimage"},"image":{"@id":"https:\/\/www.yucatanencorto.com\/noticias\/anuncia-uady-inicio-de-ciclo-escolar-en-modalidad-virtual-descarta-presencial-hasta-que-las-condiciones-lo-permitan\/#primaryimage"},"thumbnailUrl":"https:\/\/www.yucatanencorto.com\/noticias\/wp-content\/uploads\/2021\/08\/rescate-fachada-edificio-central-15ago18-IMG_8224_18_08_15-scaled.jpeg","datePublished":"2021-08-09T21:48:10+00:00","author":{"@id":"https:\/\/www.yucatanencorto.com\/noticias\/#\/schema\/person\/14f82d355225a1f4075dd84a31f45a72"},"breadcrumb":{"@id":"https:\/\/www.yucatanencorto.com\/noticias\/anuncia-uady-inicio-de-ciclo-escolar-en-modalidad-virtual-descarta-presencial-hasta-que-las-condiciones-lo-permitan\/#breadcrumb"},"inLanguage":"es","potentialAction":[{"@type":"ReadAction","target":["https:\/\/www.yucatanencorto.com\/noticias\/anuncia-uady-inicio-de-ciclo-escolar-en-modalidad-virtual-descarta-presencial-hasta-que-las-condiciones-lo-permitan\/"]}]},{"@type":"ImageObject","inLanguage":"es","@id":"https:\/\/www.yucatanencorto.com\/noticias\/anuncia-uady-inicio-de-ciclo-escolar-en-modalidad-virtual-descarta-presencial-hasta-que-las-condiciones-lo-permitan\/#primaryimage","url":"https:\/\/www.yucatanencorto.com\/noticias\/wp-content\/uploads\/2021\/08\/rescate-fachada-edificio-central-15ago18-IMG_8224_18_08_15-scaled.jpeg","contentUrl":"https:\/\/www.yucatanencorto.com\/noticias\/wp-content\/uploads\/2021\/08\/rescate-fachada-edificio-central-15ago18-IMG_8224_18_08_15-scaled.jpeg","width":768,"height":498},{"@type":"BreadcrumbList","@id":"https:\/\/www.yucatanencorto.com\/noticias\/anuncia-uady-inicio-de-ciclo-escolar-en-modalidad-virtual-descarta-presencial-hasta-que-las-condiciones-lo-permitan\/#breadcrumb","itemListElement":[{"@type":"ListItem","position":1,"name":"Portada","item":"https:\/\/www.yucatanencorto.com\/noticias\/"},{"@type":"ListItem","position":2,"name":"Anuncia UADY inicio de ciclo escolar en modalidad Virtual: descarta presencial hasta que las condiciones lo permitan"}]},{"@type":"WebSite","@id":"https:\/\/www.yucatanencorto.com\/noticias\/#website","url":"https:\/\/www.yucatanencorto.com\/noticias\/","name":"Yucat\u00e1n en corto","description":"Noticias","potentialAction":[{"@type":"SearchAction","target":{"@type":"EntryPoint","urlTemplate":"https:\/\/www.yucatanencorto.com\/noticias\/?s={search_term_string}"},"query-input":{"@type":"PropertyValueSpecification","valueRequired":true,"valueName":"search_term_string"}}],"inLanguage":"es"},{"@type":"Person","@id":"https:\/\/www.yucatanencorto.com\/noticias\/#\/schema\/person\/14f82d355225a1f4075dd84a31f45a72","name":"Yucat\u00e1n en Corto FC","image":{"@type":"ImageObject","inLanguage":"es","@id":"https:\/\/secure.gravatar.com\/avatar\/147d4b30cd728c53c29c49a3f7834dedca33707f4cd259761355846009a88250?s=96&d=mm&r=g","url":"https:\/\/secure.gravatar.com\/avatar\/147d4b30cd728c53c29c49a3f7834dedca33707f4cd259761355846009a88250?s=96&d=mm&r=g","contentUrl":"https:\/\/secure.gravatar.com\/avatar\/147d4b30cd728c53c29c49a3f7834dedca33707f4cd259761355846009a88250?s=96&d=mm&r=g","caption":"Yucat\u00e1n en Corto FC"},"url":"https:\/\/www.yucatanencorto.com\/noticias\/author\/flor\/"}]}},"_links":{"self":[{"href":"https:\/\/www.yucatanencorto.com\/noticias\/wp-json\/wp\/v2\/posts\/85528","targetHints":{"allow":["GET"]}}],"collection":[{"href":"https:\/\/www.yucatanencorto.com\/noticias\/wp-json\/wp\/v2\/posts"}],"about":[{"href":"https:\/\/www.yucatanencorto.com\/noticias\/wp-json\/wp\/v2\/types\/post"}],"author":[{"embeddable":true,"href":"https:\/\/www.yucatanencorto.com\/noticias\/wp-json\/wp\/v2\/users\/2"}],"replies":[{"embeddable":true,"href":"https:\/\/www.yucatanencorto.com\/noticias\/wp-json\/wp\/v2\/comments?post=85528"}],"version-history":[{"count":0,"href":"https:\/\/www.yucatanencorto.com\/noticias\/wp-json\/wp\/v2\/posts\/85528\/revisions"}],"wp:featuredmedia":[{"embeddable":true,"href":"https:\/\/www.yucatanencorto.com\/noticias\/wp-json\/wp\/v2\/media\/85529"}],"wp:attachment":[{"href":"https:\/\/www.yucatanencorto.com\/noticias\/wp-json\/wp\/v2\/media?parent=85528"}],"wp:term":[{"taxonomy":"category","embeddable":true,"href":"https:\/\/www.yucatanencorto.com\/noticias\/wp-json\/wp\/v2\/categories?post=85528"},{"taxonomy":"post_tag","embeddable":true,"href":"https:\/\/www.yucatanencorto.com\/noticias\/wp-json\/wp\/v2\/tags?post=85528"}],"curies":[{"name":"wp","href":"https:\/\/api.w.org\/{rel}","templated":true}]}}