{"id":85537,"date":"2021-08-09T21:41:12","date_gmt":"2021-08-10T02:41:12","guid":{"rendered":"https:\/\/www.yucatanencorto.com\/noticias\/?p=85537"},"modified":"2021-08-09T21:41:12","modified_gmt":"2021-08-10T02:41:12","slug":"gobierno-del-estado-reconoce-a-hombres-y-mujeres-que-promueven-las-tradiciones-y-costumbres-del-pueblo-maya","status":"publish","type":"post","link":"https:\/\/www.yucatanencorto.com\/noticias\/gobierno-del-estado-reconoce-a-hombres-y-mujeres-que-promueven-las-tradiciones-y-costumbres-del-pueblo-maya\/","title":{"rendered":"Gobierno del Estado reconoce a hombres y mujeres que promueven las tradiciones y costumbres del pueblo maya"},"content":{"rendered":"<div dir=\"ltr\">\n<p data-removefontsize=\"true\" data-originalcomputedfontsize=\"16\"><em><img loading=\"lazy\" decoding=\"async\" class=\"alignnone size-full wp-image-85538\" src=\"https:\/\/www.yucatanencorto.com\/noticias\/wp-content\/uploads\/2021\/08\/A5080370-F923-4080-8B0D-3566CD969ACF-scaled.jpeg\" alt=\"\" width=\"768\" height=\"512\" srcset=\"https:\/\/www.yucatanencorto.com\/noticias\/wp-content\/uploads\/2021\/08\/A5080370-F923-4080-8B0D-3566CD969ACF-scaled.jpeg 768w, https:\/\/www.yucatanencorto.com\/noticias\/wp-content\/uploads\/2021\/08\/A5080370-F923-4080-8B0D-3566CD969ACF-696x464.jpeg 696w, https:\/\/www.yucatanencorto.com\/noticias\/wp-content\/uploads\/2021\/08\/A5080370-F923-4080-8B0D-3566CD969ACF-1068x712.jpeg 1068w, https:\/\/www.yucatanencorto.com\/noticias\/wp-content\/uploads\/2021\/08\/A5080370-F923-4080-8B0D-3566CD969ACF-630x420.jpeg 630w\" sizes=\"auto, (max-width: 768px) 100vw, 768px\" \/><\/em>Tekax, Yucat\u00e1n, 9 de agosto de 2021.- En el marco del D\u00eda Internacional de los Pueblos Ind\u00edgenas, el Gobierno del Estado reconoci\u00f3 la labor de 16 hombres y mujeres que durante muchos a\u00f1os han preservado y promovido las tradiciones y costumbres mayas en la entidad, en el pa\u00eds y el extranjero.<\/p>\n<p data-removefontsize=\"true\" data-originalcomputedfontsize=\"16\">Por instrucciones del Gobernador Mauricio Vila Dosal, el director del Instituto para el Desarrollo de la Cultura Maya (Indemaya) en el estado, Eric Villanueva Mukul, entreg\u00f3 este d\u00eda las distinciones a Basila Tzec Uc, partera de Yaxach\u00e9n, Oxkutzcab; y Juan Jos\u00e9 Ram\u00f3n Guzm\u00e1n, ministro de m\u00fasica, quien realiz\u00f3 la partitura del Himno Nacional en Maaya T\u2019aan, de M\u00e9rida.<\/p>\n<p data-removefontsize=\"true\" data-originalcomputedfontsize=\"16\">De igual manera, se otorgaron reconocimientos a Addi Mar\u00eda Ay Ch\u00e9, de Chichimil\u00e1 y Engracia Chan Tut, de Tekit, por el fortalecimiento de la gastronom\u00eda maya tradicional; Mar\u00eda Elisa Chavarrea Chim, de Chumayel, poeta y escritora maya; y Rosa Elena Basto Coll\u00ed, artesana de la t\u00e9cnica de costura, \u201cXmaikte\u201d, del municipio de Tekax.<\/p>\n<p data-removefontsize=\"true\" data-originalcomputedfontsize=\"16\">Tambi\u00e9n, fueron distinguidos el escritor Miguel \u00c1ngel Cervantes Aguilar; el cronista Efr\u00e9n Torres Rodr\u00edguez; el maestro Jaranero Jes\u00fas Orlando V\u00e1rguez Medina; la familia de Jaraneros C\u00e1mara Mej\u00eda; el J-men, Federico Caba\u00f1as L\u00f3pez; y el gu\u00eda de turistas Gregorio Cabrera Perera, todos ellos del municipio de Tekax.<\/p>\n<p data-removefontsize=\"true\" data-originalcomputedfontsize=\"16\">De manera especial, recibieron sus reconocimientos familiares de los migrantes Ariel Balam D\u00edaz de Akil y H\u00e9ctor Daniel Chan May de Oxkutzcab que desde el 2015 inauguraron sus restaurantes \u201cMi lindo Yucat\u00e1n\u201d y \u201cEl Rinc\u00f3n Yucateco\u201d, respectivamente en San Francisco, California, Estados Unidos, en donde ofrecen a los clientes platillos yucatecos.<\/p>\n<p data-removefontsize=\"true\" data-originalcomputedfontsize=\"16\">De igual forma, fue reconocido Gilberto Cetina Cach\u00f3n, de M\u00e9rida, quien desde el 2001 hasta la fecha, ya abri\u00f3, junto con su padre, dos restaurantes en Los \u00c1ngeles, California, Estados Unidos, ambos de nombre \u201cChich\u00e9n Itz\u00e1\u201d.<\/p>\n<p data-removefontsize=\"true\" data-originalcomputedfontsize=\"16\">En evento realizado en el municipio de Tekax, Villanueva Mukul, indic\u00f3 que en la actual administraci\u00f3n del Gobernador Mauricio Vila Dosal se ha dado un impulso importante a la promoci\u00f3n y conservaci\u00f3n de la cultura maya y se ha logrado avanzar en la preservaci\u00f3n de \u00e9sta en diversos \u00e1mbitos.<\/p>\n<p data-removefontsize=\"true\" data-originalcomputedfontsize=\"16\">En presencia de la alcaldesa tekaxe\u00f1a, Flora Margarita Peraza Campos, de la secretaria de las Culturas y las Artes, Loreto Villanueva Trujillo y de la rectora de la Universidad de Oriente de Valladolid, Shirley \u00c1lvarez Escobar, el funcionario estatal asegur\u00f3 que el Indemaya ha escogido pueblos, ciudades y villas que representen el desarrollo cultural, no solo de sus pueblos, sino de todo el estado de Yucat\u00e1n.<\/p>\n<p data-removefontsize=\"true\" data-originalcomputedfontsize=\"16\">Lo hemos estado haciendo as\u00ed porque Yucat\u00e1n es una de las entidades donde la mayor\u00eda de sus habitantes, cerca del 67 por ciento, se asumen como descendientes ind\u00edgenas, en este caso, de origen maya, anot\u00f3.<\/p>\n<p data-removefontsize=\"true\" data-originalcomputedfontsize=\"16\">Adem\u00e1s, el director del Indemaya destac\u00f3 que Yucat\u00e1n es uno de los estados donde a pesar de todo lo que ha vivido la lengua maya, sigue siendo una de las entidades con los porcentajes m\u00e1s elevados de la rep\u00fablica donde se habla una lengua materna, aproximadamente el 25 por ciento.<\/p>\n<p data-removefontsize=\"true\" data-originalcomputedfontsize=\"16\">Villanueva Mukul asever\u00f3 que adem\u00e1s de conservarla y difundirla, el Indemaya ha seguido las instrucciones del Gobernador Vila Dosal de buscar que la lengua maya se exprese en todos los medios de comunicaci\u00f3n masivos, tecnol\u00f3gicos y digitales, as\u00ed como de todas las artes y eso se viene reflejando en los j\u00f3venes, quienes cada vez m\u00e1s se interesan por participar en eventos que tengan que ver con la lengua materna.<\/p>\n<p data-removefontsize=\"true\" data-originalcomputedfontsize=\"16\">Por su parte, la alcaldesa de Tekax, Flora Margarita Peraza Campos, destac\u00f3 que el Indemaya decidiera conmemorar el D\u00eda Internacional de los Pueblos Ind\u00edgenas en ese municipio, pues ello representa un reconocimiento a la labor que realiza la autoridad local en la preservaci\u00f3n y promoci\u00f3n de la cultura maya.<\/p>\n<\/div>\n","protected":false},"excerpt":{"rendered":"<p>Tekax, Yucat\u00e1n, 9 de agosto de 2021.- En el marco del D\u00eda Internacional de los Pueblos Ind\u00edgenas, el Gobierno del Estado reconoci\u00f3 la labor de 16 hombres y mujeres que durante muchos a\u00f1os han preservado y promovido las tradiciones y costumbres mayas en la entidad, en el pa\u00eds y el extranjero. Por instrucciones del Gobernador [&hellip;]<\/p>\n","protected":false},"author":2,"featured_media":85538,"comment_status":"closed","ping_status":"closed","sticky":false,"template":"","format":"standard","meta":{"footnotes":""},"categories":[3],"tags":[],"class_list":{"0":"post-85537","1":"post","2":"type-post","3":"status-publish","4":"format-standard","5":"has-post-thumbnail","7":"category-yucatan"},"yoast_head":"<!-- This site is optimized with the Yoast SEO plugin v27.4 - https:\/\/yoast.com\/product\/yoast-seo-wordpress\/ -->\n<title>Gobierno del Estado reconoce a hombres y mujeres que promueven las tradiciones y costumbres del pueblo maya - Yucat\u00e1n en corto<\/title>\n<meta name=\"robots\" content=\"index, follow, max-snippet:-1, max-image-preview:large, max-video-preview:-1\" \/>\n<link rel=\"canonical\" href=\"https:\/\/www.yucatanencorto.com\/noticias\/gobierno-del-estado-reconoce-a-hombres-y-mujeres-que-promueven-las-tradiciones-y-costumbres-del-pueblo-maya\/\" \/>\n<meta property=\"og:locale\" content=\"es_ES\" \/>\n<meta property=\"og:type\" content=\"article\" \/>\n<meta property=\"og:title\" content=\"Gobierno del Estado reconoce a hombres y mujeres que promueven las tradiciones y costumbres del pueblo maya - Yucat\u00e1n en corto\" \/>\n<meta property=\"og:description\" content=\"Tekax, Yucat\u00e1n, 9 de agosto de 2021.- En el marco del D\u00eda Internacional de los Pueblos Ind\u00edgenas, el Gobierno del Estado reconoci\u00f3 la labor de 16 hombres y mujeres que durante muchos a\u00f1os han preservado y promovido las tradiciones y costumbres mayas en la entidad, en el pa\u00eds y el extranjero. Por instrucciones del Gobernador [&hellip;]\" \/>\n<meta property=\"og:url\" content=\"https:\/\/www.yucatanencorto.com\/noticias\/gobierno-del-estado-reconoce-a-hombres-y-mujeres-que-promueven-las-tradiciones-y-costumbres-del-pueblo-maya\/\" \/>\n<meta property=\"og:site_name\" content=\"Yucat\u00e1n en corto\" \/>\n<meta property=\"article:publisher\" content=\"http:\/\/www.facebook.com\/yucatanencorto\" \/>\n<meta property=\"article:published_time\" content=\"2021-08-10T02:41:12+00:00\" \/>\n<meta property=\"og:image\" content=\"https:\/\/www.yucatanencorto.com\/noticias\/wp-content\/uploads\/2021\/08\/A5080370-F923-4080-8B0D-3566CD969ACF-scaled.jpeg\" \/>\n\t<meta property=\"og:image:width\" content=\"768\" \/>\n\t<meta property=\"og:image:height\" content=\"512\" \/>\n\t<meta property=\"og:image:type\" content=\"image\/jpeg\" \/>\n<meta name=\"author\" content=\"Yucat\u00e1n en Corto FC\" \/>\n<meta name=\"twitter:card\" content=\"summary_large_image\" \/>\n<meta name=\"twitter:creator\" content=\"@yucatanencorto\" \/>\n<meta name=\"twitter:site\" content=\"@yucatanencorto\" \/>\n<meta name=\"twitter:label1\" content=\"Escrito por\" \/>\n\t<meta name=\"twitter:data1\" content=\"Yucat\u00e1n en Corto FC\" \/>\n\t<meta name=\"twitter:label2\" content=\"Tiempo de lectura\" \/>\n\t<meta name=\"twitter:data2\" content=\"3 minutos\" \/>\n<script type=\"application\/ld+json\" class=\"yoast-schema-graph\">{\"@context\":\"https:\\\/\\\/schema.org\",\"@graph\":[{\"@type\":\"Article\",\"@id\":\"https:\\\/\\\/www.yucatanencorto.com\\\/noticias\\\/gobierno-del-estado-reconoce-a-hombres-y-mujeres-que-promueven-las-tradiciones-y-costumbres-del-pueblo-maya\\\/#article\",\"isPartOf\":{\"@id\":\"https:\\\/\\\/www.yucatanencorto.com\\\/noticias\\\/gobierno-del-estado-reconoce-a-hombres-y-mujeres-que-promueven-las-tradiciones-y-costumbres-del-pueblo-maya\\\/\"},\"author\":{\"name\":\"Yucat\u00e1n en Corto FC\",\"@id\":\"https:\\\/\\\/www.yucatanencorto.com\\\/noticias\\\/#\\\/schema\\\/person\\\/14f82d355225a1f4075dd84a31f45a72\"},\"headline\":\"Gobierno del Estado reconoce a hombres y mujeres que promueven las tradiciones y costumbres del pueblo maya\",\"datePublished\":\"2021-08-10T02:41:12+00:00\",\"mainEntityOfPage\":{\"@id\":\"https:\\\/\\\/www.yucatanencorto.com\\\/noticias\\\/gobierno-del-estado-reconoce-a-hombres-y-mujeres-que-promueven-las-tradiciones-y-costumbres-del-pueblo-maya\\\/\"},\"wordCount\":679,\"image\":{\"@id\":\"https:\\\/\\\/www.yucatanencorto.com\\\/noticias\\\/gobierno-del-estado-reconoce-a-hombres-y-mujeres-que-promueven-las-tradiciones-y-costumbres-del-pueblo-maya\\\/#primaryimage\"},\"thumbnailUrl\":\"https:\\\/\\\/www.yucatanencorto.com\\\/noticias\\\/wp-content\\\/uploads\\\/2021\\\/08\\\/A5080370-F923-4080-8B0D-3566CD969ACF-scaled.jpeg\",\"articleSection\":[\"Yucat\u00e1n\"],\"inLanguage\":\"es\"},{\"@type\":\"WebPage\",\"@id\":\"https:\\\/\\\/www.yucatanencorto.com\\\/noticias\\\/gobierno-del-estado-reconoce-a-hombres-y-mujeres-que-promueven-las-tradiciones-y-costumbres-del-pueblo-maya\\\/\",\"url\":\"https:\\\/\\\/www.yucatanencorto.com\\\/noticias\\\/gobierno-del-estado-reconoce-a-hombres-y-mujeres-que-promueven-las-tradiciones-y-costumbres-del-pueblo-maya\\\/\",\"name\":\"Gobierno del Estado reconoce a hombres y mujeres que promueven las tradiciones y costumbres del pueblo maya - Yucat\u00e1n en corto\",\"isPartOf\":{\"@id\":\"https:\\\/\\\/www.yucatanencorto.com\\\/noticias\\\/#website\"},\"primaryImageOfPage\":{\"@id\":\"https:\\\/\\\/www.yucatanencorto.com\\\/noticias\\\/gobierno-del-estado-reconoce-a-hombres-y-mujeres-que-promueven-las-tradiciones-y-costumbres-del-pueblo-maya\\\/#primaryimage\"},\"image\":{\"@id\":\"https:\\\/\\\/www.yucatanencorto.com\\\/noticias\\\/gobierno-del-estado-reconoce-a-hombres-y-mujeres-que-promueven-las-tradiciones-y-costumbres-del-pueblo-maya\\\/#primaryimage\"},\"thumbnailUrl\":\"https:\\\/\\\/www.yucatanencorto.com\\\/noticias\\\/wp-content\\\/uploads\\\/2021\\\/08\\\/A5080370-F923-4080-8B0D-3566CD969ACF-scaled.jpeg\",\"datePublished\":\"2021-08-10T02:41:12+00:00\",\"author\":{\"@id\":\"https:\\\/\\\/www.yucatanencorto.com\\\/noticias\\\/#\\\/schema\\\/person\\\/14f82d355225a1f4075dd84a31f45a72\"},\"breadcrumb\":{\"@id\":\"https:\\\/\\\/www.yucatanencorto.com\\\/noticias\\\/gobierno-del-estado-reconoce-a-hombres-y-mujeres-que-promueven-las-tradiciones-y-costumbres-del-pueblo-maya\\\/#breadcrumb\"},\"inLanguage\":\"es\",\"potentialAction\":[{\"@type\":\"ReadAction\",\"target\":[\"https:\\\/\\\/www.yucatanencorto.com\\\/noticias\\\/gobierno-del-estado-reconoce-a-hombres-y-mujeres-que-promueven-las-tradiciones-y-costumbres-del-pueblo-maya\\\/\"]}]},{\"@type\":\"ImageObject\",\"inLanguage\":\"es\",\"@id\":\"https:\\\/\\\/www.yucatanencorto.com\\\/noticias\\\/gobierno-del-estado-reconoce-a-hombres-y-mujeres-que-promueven-las-tradiciones-y-costumbres-del-pueblo-maya\\\/#primaryimage\",\"url\":\"https:\\\/\\\/www.yucatanencorto.com\\\/noticias\\\/wp-content\\\/uploads\\\/2021\\\/08\\\/A5080370-F923-4080-8B0D-3566CD969ACF-scaled.jpeg\",\"contentUrl\":\"https:\\\/\\\/www.yucatanencorto.com\\\/noticias\\\/wp-content\\\/uploads\\\/2021\\\/08\\\/A5080370-F923-4080-8B0D-3566CD969ACF-scaled.jpeg\",\"width\":768,\"height\":512},{\"@type\":\"BreadcrumbList\",\"@id\":\"https:\\\/\\\/www.yucatanencorto.com\\\/noticias\\\/gobierno-del-estado-reconoce-a-hombres-y-mujeres-que-promueven-las-tradiciones-y-costumbres-del-pueblo-maya\\\/#breadcrumb\",\"itemListElement\":[{\"@type\":\"ListItem\",\"position\":1,\"name\":\"Portada\",\"item\":\"https:\\\/\\\/www.yucatanencorto.com\\\/noticias\\\/\"},{\"@type\":\"ListItem\",\"position\":2,\"name\":\"Gobierno del Estado reconoce a hombres y mujeres que promueven las tradiciones y costumbres del pueblo maya\"}]},{\"@type\":\"WebSite\",\"@id\":\"https:\\\/\\\/www.yucatanencorto.com\\\/noticias\\\/#website\",\"url\":\"https:\\\/\\\/www.yucatanencorto.com\\\/noticias\\\/\",\"name\":\"Yucat\u00e1n en corto\",\"description\":\"Noticias\",\"potentialAction\":[{\"@type\":\"SearchAction\",\"target\":{\"@type\":\"EntryPoint\",\"urlTemplate\":\"https:\\\/\\\/www.yucatanencorto.com\\\/noticias\\\/?s={search_term_string}\"},\"query-input\":{\"@type\":\"PropertyValueSpecification\",\"valueRequired\":true,\"valueName\":\"search_term_string\"}}],\"inLanguage\":\"es\"},{\"@type\":\"Person\",\"@id\":\"https:\\\/\\\/www.yucatanencorto.com\\\/noticias\\\/#\\\/schema\\\/person\\\/14f82d355225a1f4075dd84a31f45a72\",\"name\":\"Yucat\u00e1n en Corto FC\",\"image\":{\"@type\":\"ImageObject\",\"inLanguage\":\"es\",\"@id\":\"https:\\\/\\\/secure.gravatar.com\\\/avatar\\\/147d4b30cd728c53c29c49a3f7834dedca33707f4cd259761355846009a88250?s=96&d=mm&r=g\",\"url\":\"https:\\\/\\\/secure.gravatar.com\\\/avatar\\\/147d4b30cd728c53c29c49a3f7834dedca33707f4cd259761355846009a88250?s=96&d=mm&r=g\",\"contentUrl\":\"https:\\\/\\\/secure.gravatar.com\\\/avatar\\\/147d4b30cd728c53c29c49a3f7834dedca33707f4cd259761355846009a88250?s=96&d=mm&r=g\",\"caption\":\"Yucat\u00e1n en Corto FC\"},\"url\":\"https:\\\/\\\/www.yucatanencorto.com\\\/noticias\\\/author\\\/flor\\\/\"}]}<\/script>\n<!-- \/ Yoast SEO plugin. -->","yoast_head_json":{"title":"Gobierno del Estado reconoce a hombres y mujeres que promueven las tradiciones y costumbres del pueblo maya - Yucat\u00e1n en corto","robots":{"index":"index","follow":"follow","max-snippet":"max-snippet:-1","max-image-preview":"max-image-preview:large","max-video-preview":"max-video-preview:-1"},"canonical":"https:\/\/www.yucatanencorto.com\/noticias\/gobierno-del-estado-reconoce-a-hombres-y-mujeres-que-promueven-las-tradiciones-y-costumbres-del-pueblo-maya\/","og_locale":"es_ES","og_type":"article","og_title":"Gobierno del Estado reconoce a hombres y mujeres que promueven las tradiciones y costumbres del pueblo maya - Yucat\u00e1n en corto","og_description":"Tekax, Yucat\u00e1n, 9 de agosto de 2021.- En el marco del D\u00eda Internacional de los Pueblos Ind\u00edgenas, el Gobierno del Estado reconoci\u00f3 la labor de 16 hombres y mujeres que durante muchos a\u00f1os han preservado y promovido las tradiciones y costumbres mayas en la entidad, en el pa\u00eds y el extranjero. Por instrucciones del Gobernador [&hellip;]","og_url":"https:\/\/www.yucatanencorto.com\/noticias\/gobierno-del-estado-reconoce-a-hombres-y-mujeres-que-promueven-las-tradiciones-y-costumbres-del-pueblo-maya\/","og_site_name":"Yucat\u00e1n en corto","article_publisher":"http:\/\/www.facebook.com\/yucatanencorto","article_published_time":"2021-08-10T02:41:12+00:00","og_image":[{"width":768,"height":512,"url":"https:\/\/www.yucatanencorto.com\/noticias\/wp-content\/uploads\/2021\/08\/A5080370-F923-4080-8B0D-3566CD969ACF-scaled.jpeg","type":"image\/jpeg"}],"author":"Yucat\u00e1n en Corto FC","twitter_card":"summary_large_image","twitter_creator":"@yucatanencorto","twitter_site":"@yucatanencorto","twitter_misc":{"Escrito por":"Yucat\u00e1n en Corto FC","Tiempo de lectura":"3 minutos"},"schema":{"@context":"https:\/\/schema.org","@graph":[{"@type":"Article","@id":"https:\/\/www.yucatanencorto.com\/noticias\/gobierno-del-estado-reconoce-a-hombres-y-mujeres-que-promueven-las-tradiciones-y-costumbres-del-pueblo-maya\/#article","isPartOf":{"@id":"https:\/\/www.yucatanencorto.com\/noticias\/gobierno-del-estado-reconoce-a-hombres-y-mujeres-que-promueven-las-tradiciones-y-costumbres-del-pueblo-maya\/"},"author":{"name":"Yucat\u00e1n en Corto FC","@id":"https:\/\/www.yucatanencorto.com\/noticias\/#\/schema\/person\/14f82d355225a1f4075dd84a31f45a72"},"headline":"Gobierno del Estado reconoce a hombres y mujeres que promueven las tradiciones y costumbres del pueblo maya","datePublished":"2021-08-10T02:41:12+00:00","mainEntityOfPage":{"@id":"https:\/\/www.yucatanencorto.com\/noticias\/gobierno-del-estado-reconoce-a-hombres-y-mujeres-que-promueven-las-tradiciones-y-costumbres-del-pueblo-maya\/"},"wordCount":679,"image":{"@id":"https:\/\/www.yucatanencorto.com\/noticias\/gobierno-del-estado-reconoce-a-hombres-y-mujeres-que-promueven-las-tradiciones-y-costumbres-del-pueblo-maya\/#primaryimage"},"thumbnailUrl":"https:\/\/www.yucatanencorto.com\/noticias\/wp-content\/uploads\/2021\/08\/A5080370-F923-4080-8B0D-3566CD969ACF-scaled.jpeg","articleSection":["Yucat\u00e1n"],"inLanguage":"es"},{"@type":"WebPage","@id":"https:\/\/www.yucatanencorto.com\/noticias\/gobierno-del-estado-reconoce-a-hombres-y-mujeres-que-promueven-las-tradiciones-y-costumbres-del-pueblo-maya\/","url":"https:\/\/www.yucatanencorto.com\/noticias\/gobierno-del-estado-reconoce-a-hombres-y-mujeres-que-promueven-las-tradiciones-y-costumbres-del-pueblo-maya\/","name":"Gobierno del Estado reconoce a hombres y mujeres que promueven las tradiciones y costumbres del pueblo maya - Yucat\u00e1n en corto","isPartOf":{"@id":"https:\/\/www.yucatanencorto.com\/noticias\/#website"},"primaryImageOfPage":{"@id":"https:\/\/www.yucatanencorto.com\/noticias\/gobierno-del-estado-reconoce-a-hombres-y-mujeres-que-promueven-las-tradiciones-y-costumbres-del-pueblo-maya\/#primaryimage"},"image":{"@id":"https:\/\/www.yucatanencorto.com\/noticias\/gobierno-del-estado-reconoce-a-hombres-y-mujeres-que-promueven-las-tradiciones-y-costumbres-del-pueblo-maya\/#primaryimage"},"thumbnailUrl":"https:\/\/www.yucatanencorto.com\/noticias\/wp-content\/uploads\/2021\/08\/A5080370-F923-4080-8B0D-3566CD969ACF-scaled.jpeg","datePublished":"2021-08-10T02:41:12+00:00","author":{"@id":"https:\/\/www.yucatanencorto.com\/noticias\/#\/schema\/person\/14f82d355225a1f4075dd84a31f45a72"},"breadcrumb":{"@id":"https:\/\/www.yucatanencorto.com\/noticias\/gobierno-del-estado-reconoce-a-hombres-y-mujeres-que-promueven-las-tradiciones-y-costumbres-del-pueblo-maya\/#breadcrumb"},"inLanguage":"es","potentialAction":[{"@type":"ReadAction","target":["https:\/\/www.yucatanencorto.com\/noticias\/gobierno-del-estado-reconoce-a-hombres-y-mujeres-que-promueven-las-tradiciones-y-costumbres-del-pueblo-maya\/"]}]},{"@type":"ImageObject","inLanguage":"es","@id":"https:\/\/www.yucatanencorto.com\/noticias\/gobierno-del-estado-reconoce-a-hombres-y-mujeres-que-promueven-las-tradiciones-y-costumbres-del-pueblo-maya\/#primaryimage","url":"https:\/\/www.yucatanencorto.com\/noticias\/wp-content\/uploads\/2021\/08\/A5080370-F923-4080-8B0D-3566CD969ACF-scaled.jpeg","contentUrl":"https:\/\/www.yucatanencorto.com\/noticias\/wp-content\/uploads\/2021\/08\/A5080370-F923-4080-8B0D-3566CD969ACF-scaled.jpeg","width":768,"height":512},{"@type":"BreadcrumbList","@id":"https:\/\/www.yucatanencorto.com\/noticias\/gobierno-del-estado-reconoce-a-hombres-y-mujeres-que-promueven-las-tradiciones-y-costumbres-del-pueblo-maya\/#breadcrumb","itemListElement":[{"@type":"ListItem","position":1,"name":"Portada","item":"https:\/\/www.yucatanencorto.com\/noticias\/"},{"@type":"ListItem","position":2,"name":"Gobierno del Estado reconoce a hombres y mujeres que promueven las tradiciones y costumbres del pueblo maya"}]},{"@type":"WebSite","@id":"https:\/\/www.yucatanencorto.com\/noticias\/#website","url":"https:\/\/www.yucatanencorto.com\/noticias\/","name":"Yucat\u00e1n en corto","description":"Noticias","potentialAction":[{"@type":"SearchAction","target":{"@type":"EntryPoint","urlTemplate":"https:\/\/www.yucatanencorto.com\/noticias\/?s={search_term_string}"},"query-input":{"@type":"PropertyValueSpecification","valueRequired":true,"valueName":"search_term_string"}}],"inLanguage":"es"},{"@type":"Person","@id":"https:\/\/www.yucatanencorto.com\/noticias\/#\/schema\/person\/14f82d355225a1f4075dd84a31f45a72","name":"Yucat\u00e1n en Corto FC","image":{"@type":"ImageObject","inLanguage":"es","@id":"https:\/\/secure.gravatar.com\/avatar\/147d4b30cd728c53c29c49a3f7834dedca33707f4cd259761355846009a88250?s=96&d=mm&r=g","url":"https:\/\/secure.gravatar.com\/avatar\/147d4b30cd728c53c29c49a3f7834dedca33707f4cd259761355846009a88250?s=96&d=mm&r=g","contentUrl":"https:\/\/secure.gravatar.com\/avatar\/147d4b30cd728c53c29c49a3f7834dedca33707f4cd259761355846009a88250?s=96&d=mm&r=g","caption":"Yucat\u00e1n en Corto FC"},"url":"https:\/\/www.yucatanencorto.com\/noticias\/author\/flor\/"}]}},"_links":{"self":[{"href":"https:\/\/www.yucatanencorto.com\/noticias\/wp-json\/wp\/v2\/posts\/85537","targetHints":{"allow":["GET"]}}],"collection":[{"href":"https:\/\/www.yucatanencorto.com\/noticias\/wp-json\/wp\/v2\/posts"}],"about":[{"href":"https:\/\/www.yucatanencorto.com\/noticias\/wp-json\/wp\/v2\/types\/post"}],"author":[{"embeddable":true,"href":"https:\/\/www.yucatanencorto.com\/noticias\/wp-json\/wp\/v2\/users\/2"}],"replies":[{"embeddable":true,"href":"https:\/\/www.yucatanencorto.com\/noticias\/wp-json\/wp\/v2\/comments?post=85537"}],"version-history":[{"count":0,"href":"https:\/\/www.yucatanencorto.com\/noticias\/wp-json\/wp\/v2\/posts\/85537\/revisions"}],"wp:featuredmedia":[{"embeddable":true,"href":"https:\/\/www.yucatanencorto.com\/noticias\/wp-json\/wp\/v2\/media\/85538"}],"wp:attachment":[{"href":"https:\/\/www.yucatanencorto.com\/noticias\/wp-json\/wp\/v2\/media?parent=85537"}],"wp:term":[{"taxonomy":"category","embeddable":true,"href":"https:\/\/www.yucatanencorto.com\/noticias\/wp-json\/wp\/v2\/categories?post=85537"},{"taxonomy":"post_tag","embeddable":true,"href":"https:\/\/www.yucatanencorto.com\/noticias\/wp-json\/wp\/v2\/tags?post=85537"}],"curies":[{"name":"wp","href":"https:\/\/api.w.org\/{rel}","templated":true}]}}