{"id":85542,"date":"2021-08-10T18:18:03","date_gmt":"2021-08-10T23:18:03","guid":{"rendered":"https:\/\/www.yucatanencorto.com\/noticias\/?p=85542"},"modified":"2021-08-10T18:50:05","modified_gmt":"2021-08-10T23:50:05","slug":"sera-despedido-quien-abuse-o-discrimine-sin-importar-su-rango","status":"publish","type":"post","link":"https:\/\/www.yucatanencorto.com\/noticias\/sera-despedido-quien-abuse-o-discrimine-sin-importar-su-rango\/","title":{"rendered":"Ser\u00e1 despedido quien abuse o discrimine sin importar su rango"},"content":{"rendered":"<p><img loading=\"lazy\" decoding=\"async\" class=\"alignnone size-full wp-image-85550\" src=\"https:\/\/www.yucatanencorto.com\/noticias\/wp-content\/uploads\/2021\/08\/vila.png\" alt=\"\" width=\"567\" height=\"315\" \/><\/p>\n<p>M\u00e9rida, Yucat\u00e1n, 10 de agosto de 2021.- En Yucat\u00e1n no hay lugar para hechos de discriminaci\u00f3n, ni abuso. Quienes incurran en este tipo de actos reprobables ser\u00e1n despedidos y juzgados, sin importar el rango o puesto que ocupen, asever\u00f3 el Gobernador Mauricio Vila Dosal al hablar sobre los lamentables sucesos que acabaron con la vida del joven J.E.R.E., originario de Veracruz, pero que viv\u00eda en M\u00e9rida.<\/p>\n<p>Desde el Edificio Administrativo del Siglo XXI, Vila Dosal lament\u00f3 los hechos que ocasionaron la muerte del joven veracruzano y enfatiz\u00f3 que desde el Gobierno del Estado se trabaja en colaboraci\u00f3n con el Ayuntamiento de M\u00e9rida y todas las instancias correspondientes para investigar a fondo y esclarecer los lamentables sucesos que acabaron con su existencia, a fin de que este tipo de actos no se vuelvan a repetir.<\/p>\n<p>En este sentido, el Gobernador indic\u00f3 que desde el primer momento en el que se enter\u00f3 del caso, se ha mantenido en constante comunicaci\u00f3n con el Fiscal General del Estado, para dar seguimiento a esta causa e investigaci\u00f3n,\u00a0 al tiempo de reiterar que cualquier funcionario del estado de cualquier nivel, ya sea municipal, estatal o federal, que cometa un acto de abuso y discriminaci\u00f3n, ya sea por orientaci\u00f3n sexual, g\u00e9nero o clase social u otro motivo, ser\u00e1 removido de su cargo y juzgado, porque insisti\u00f3 \u00abno vamos a tolerar el abuso ni la discriminaci\u00f3n\u00bb.<\/p>\n<p>Se est\u00e1 llevando a cabo una investigaci\u00f3n, ya hay cuatro polic\u00edas municipales detenidos que tendr\u00e1n una audiencia el d\u00eda viernes y de parte del Ayuntamiento de M\u00e9rida ha habido toda la disposici\u00f3n para esclarecer este lamentable asunto, por lo que vamos a llegar al fondo de esto, porque los yucatecos merecemos saber qu\u00e9 fue lo que sucedi\u00f3 y sobre todo para que este tipo sucesos no se vuelvan a repetir, pronunci\u00f3 Vila Dosal.<\/p>\n<p>Por ello, el Gobernador reiter\u00f3 su compromiso para llegar hasta el fondo del asunto, poniendo toda la capacidad t\u00e9cnica en el tema de la investigaci\u00f3n para poder hacer justicia.<\/p>\n<p>De igual manera, Vila Dosal se\u00f1al\u00f3 que desde que se dieron a conocer los hechos, personal del Gobierno del Estado se ha mantenido en contacto con la madre de J.E.R.E a trav\u00e9s de la Comisi\u00f3n Ejecutiva Estatal de V\u00edctimas y otras dependencias que han estado al pendiente y apoyando con todo lo que se les ha permitido.<\/p>\n<p>Hay que recordar que el Gobierno del Estado ha brindado ayuda material y psicol\u00f3gica a Dora R.E., madre del joven J.E.R.E. Desde que se tuvo conocimiento del hecho, el Gobierno estatal, a trav\u00e9s de la Comisi\u00f3n Ejecutiva Estatal de Atenci\u00f3n a V\u00edctimas (Ceeav), ha estado en contacto permanente con la madre del fallecido, quien acept\u00f3 el apoyo.<\/p>\n<p>Respecto al video publicado recientemente sobre este caso, el Gobernador pidi\u00f3 respeto para las v\u00edctimas, ya que considera importante respetar el dolor ajeno, por lo que enfatiz\u00f3 que su Gobierno tiene toda la disposici\u00f3n para esclarecer este lamentable suceso.<\/p>\n<p>Asimismo, Vila Dosal inform\u00f3 que se estar\u00e1 fortaleciendo la capacitaci\u00f3n en materia de Derechos Humanos en las 106 Polic\u00edas municipales del estado, as\u00ed como en la Polic\u00eda estatal para tener en Yucat\u00e1n elementos policiacos sensibilizados en la materia y con esto prevenir cualquier tipo de abuso y discriminaci\u00f3n. \u201cHay que seguir trabajando fuertemente, ya que se ha avanzado en seguridad, pero a\u00fan falta mucho por hacer\u201d, puntualiz\u00f3.<\/p>\n<p>Para concluir, el Gobernador insisti\u00f3 en que este es un caso que debe servir como recordatorio para que esta situaci\u00f3n no se vuelva a repetir y dijo que, aunque implica a polic\u00edas municipales, es algo que le preocupa, por lo que seguir\u00e1 trabajando de manera coordinada desde la Fiscal\u00eda General del Estado para poder hacer justicia.<\/p>\n","protected":false},"excerpt":{"rendered":"<p>M\u00e9rida, Yucat\u00e1n, 10 de agosto de 2021.- En Yucat\u00e1n no hay lugar para hechos de discriminaci\u00f3n, ni abuso. Quienes incurran en este tipo de actos reprobables ser\u00e1n despedidos y juzgados, sin importar el rango o puesto que ocupen, asever\u00f3 el Gobernador Mauricio Vila Dosal al hablar sobre los lamentables sucesos que acabaron con la vida [&hellip;]<\/p>\n","protected":false},"author":2,"featured_media":85550,"comment_status":"closed","ping_status":"closed","sticky":false,"template":"","format":"standard","meta":{"footnotes":""},"categories":[1],"tags":[],"class_list":{"0":"post-85542","1":"post","2":"type-post","3":"status-publish","4":"format-standard","5":"has-post-thumbnail","7":"category-sin-categoria"},"yoast_head":"<!-- This site is optimized with the Yoast SEO plugin v27.4 - https:\/\/yoast.com\/product\/yoast-seo-wordpress\/ -->\n<title>Ser\u00e1 despedido quien abuse o discrimine sin importar su rango - Yucat\u00e1n en corto<\/title>\n<meta name=\"robots\" content=\"index, follow, max-snippet:-1, max-image-preview:large, max-video-preview:-1\" \/>\n<link rel=\"canonical\" href=\"https:\/\/www.yucatanencorto.com\/noticias\/sera-despedido-quien-abuse-o-discrimine-sin-importar-su-rango\/\" \/>\n<meta property=\"og:locale\" content=\"es_ES\" \/>\n<meta property=\"og:type\" content=\"article\" \/>\n<meta property=\"og:title\" content=\"Ser\u00e1 despedido quien abuse o discrimine sin importar su rango - Yucat\u00e1n en corto\" \/>\n<meta property=\"og:description\" content=\"M\u00e9rida, Yucat\u00e1n, 10 de agosto de 2021.- En Yucat\u00e1n no hay lugar para hechos de discriminaci\u00f3n, ni abuso. Quienes incurran en este tipo de actos reprobables ser\u00e1n despedidos y juzgados, sin importar el rango o puesto que ocupen, asever\u00f3 el Gobernador Mauricio Vila Dosal al hablar sobre los lamentables sucesos que acabaron con la vida [&hellip;]\" \/>\n<meta property=\"og:url\" content=\"https:\/\/www.yucatanencorto.com\/noticias\/sera-despedido-quien-abuse-o-discrimine-sin-importar-su-rango\/\" \/>\n<meta property=\"og:site_name\" content=\"Yucat\u00e1n en corto\" \/>\n<meta property=\"article:publisher\" content=\"http:\/\/www.facebook.com\/yucatanencorto\" \/>\n<meta property=\"article:published_time\" content=\"2021-08-10T23:18:03+00:00\" \/>\n<meta property=\"article:modified_time\" content=\"2021-08-10T23:50:05+00:00\" \/>\n<meta property=\"og:image\" content=\"https:\/\/www.yucatanencorto.com\/noticias\/wp-content\/uploads\/2021\/08\/vila.png\" \/>\n\t<meta property=\"og:image:width\" content=\"567\" \/>\n\t<meta property=\"og:image:height\" content=\"315\" \/>\n\t<meta property=\"og:image:type\" content=\"image\/png\" \/>\n<meta name=\"author\" content=\"Yucat\u00e1n en Corto FC\" \/>\n<meta name=\"twitter:card\" content=\"summary_large_image\" \/>\n<meta name=\"twitter:creator\" content=\"@yucatanencorto\" \/>\n<meta name=\"twitter:site\" content=\"@yucatanencorto\" \/>\n<meta name=\"twitter:label1\" content=\"Escrito por\" \/>\n\t<meta name=\"twitter:data1\" content=\"Yucat\u00e1n en Corto FC\" \/>\n\t<meta name=\"twitter:label2\" content=\"Tiempo de lectura\" \/>\n\t<meta name=\"twitter:data2\" content=\"3 minutos\" \/>\n<script type=\"application\/ld+json\" class=\"yoast-schema-graph\">{\"@context\":\"https:\\\/\\\/schema.org\",\"@graph\":[{\"@type\":\"Article\",\"@id\":\"https:\\\/\\\/www.yucatanencorto.com\\\/noticias\\\/sera-despedido-quien-abuse-o-discrimine-sin-importar-su-rango\\\/#article\",\"isPartOf\":{\"@id\":\"https:\\\/\\\/www.yucatanencorto.com\\\/noticias\\\/sera-despedido-quien-abuse-o-discrimine-sin-importar-su-rango\\\/\"},\"author\":{\"name\":\"Yucat\u00e1n en Corto FC\",\"@id\":\"https:\\\/\\\/www.yucatanencorto.com\\\/noticias\\\/#\\\/schema\\\/person\\\/14f82d355225a1f4075dd84a31f45a72\"},\"headline\":\"Ser\u00e1 despedido quien abuse o discrimine sin importar su rango\",\"datePublished\":\"2021-08-10T23:18:03+00:00\",\"dateModified\":\"2021-08-10T23:50:05+00:00\",\"mainEntityOfPage\":{\"@id\":\"https:\\\/\\\/www.yucatanencorto.com\\\/noticias\\\/sera-despedido-quien-abuse-o-discrimine-sin-importar-su-rango\\\/\"},\"wordCount\":667,\"image\":{\"@id\":\"https:\\\/\\\/www.yucatanencorto.com\\\/noticias\\\/sera-despedido-quien-abuse-o-discrimine-sin-importar-su-rango\\\/#primaryimage\"},\"thumbnailUrl\":\"https:\\\/\\\/www.yucatanencorto.com\\\/noticias\\\/wp-content\\\/uploads\\\/2021\\\/08\\\/vila.png\",\"inLanguage\":\"es\"},{\"@type\":\"WebPage\",\"@id\":\"https:\\\/\\\/www.yucatanencorto.com\\\/noticias\\\/sera-despedido-quien-abuse-o-discrimine-sin-importar-su-rango\\\/\",\"url\":\"https:\\\/\\\/www.yucatanencorto.com\\\/noticias\\\/sera-despedido-quien-abuse-o-discrimine-sin-importar-su-rango\\\/\",\"name\":\"Ser\u00e1 despedido quien abuse o discrimine sin importar su rango - Yucat\u00e1n en corto\",\"isPartOf\":{\"@id\":\"https:\\\/\\\/www.yucatanencorto.com\\\/noticias\\\/#website\"},\"primaryImageOfPage\":{\"@id\":\"https:\\\/\\\/www.yucatanencorto.com\\\/noticias\\\/sera-despedido-quien-abuse-o-discrimine-sin-importar-su-rango\\\/#primaryimage\"},\"image\":{\"@id\":\"https:\\\/\\\/www.yucatanencorto.com\\\/noticias\\\/sera-despedido-quien-abuse-o-discrimine-sin-importar-su-rango\\\/#primaryimage\"},\"thumbnailUrl\":\"https:\\\/\\\/www.yucatanencorto.com\\\/noticias\\\/wp-content\\\/uploads\\\/2021\\\/08\\\/vila.png\",\"datePublished\":\"2021-08-10T23:18:03+00:00\",\"dateModified\":\"2021-08-10T23:50:05+00:00\",\"author\":{\"@id\":\"https:\\\/\\\/www.yucatanencorto.com\\\/noticias\\\/#\\\/schema\\\/person\\\/14f82d355225a1f4075dd84a31f45a72\"},\"breadcrumb\":{\"@id\":\"https:\\\/\\\/www.yucatanencorto.com\\\/noticias\\\/sera-despedido-quien-abuse-o-discrimine-sin-importar-su-rango\\\/#breadcrumb\"},\"inLanguage\":\"es\",\"potentialAction\":[{\"@type\":\"ReadAction\",\"target\":[\"https:\\\/\\\/www.yucatanencorto.com\\\/noticias\\\/sera-despedido-quien-abuse-o-discrimine-sin-importar-su-rango\\\/\"]}]},{\"@type\":\"ImageObject\",\"inLanguage\":\"es\",\"@id\":\"https:\\\/\\\/www.yucatanencorto.com\\\/noticias\\\/sera-despedido-quien-abuse-o-discrimine-sin-importar-su-rango\\\/#primaryimage\",\"url\":\"https:\\\/\\\/www.yucatanencorto.com\\\/noticias\\\/wp-content\\\/uploads\\\/2021\\\/08\\\/vila.png\",\"contentUrl\":\"https:\\\/\\\/www.yucatanencorto.com\\\/noticias\\\/wp-content\\\/uploads\\\/2021\\\/08\\\/vila.png\",\"width\":567,\"height\":315},{\"@type\":\"BreadcrumbList\",\"@id\":\"https:\\\/\\\/www.yucatanencorto.com\\\/noticias\\\/sera-despedido-quien-abuse-o-discrimine-sin-importar-su-rango\\\/#breadcrumb\",\"itemListElement\":[{\"@type\":\"ListItem\",\"position\":1,\"name\":\"Portada\",\"item\":\"https:\\\/\\\/www.yucatanencorto.com\\\/noticias\\\/\"},{\"@type\":\"ListItem\",\"position\":2,\"name\":\"Ser\u00e1 despedido quien abuse o discrimine sin importar su rango\"}]},{\"@type\":\"WebSite\",\"@id\":\"https:\\\/\\\/www.yucatanencorto.com\\\/noticias\\\/#website\",\"url\":\"https:\\\/\\\/www.yucatanencorto.com\\\/noticias\\\/\",\"name\":\"Yucat\u00e1n en corto\",\"description\":\"Noticias\",\"potentialAction\":[{\"@type\":\"SearchAction\",\"target\":{\"@type\":\"EntryPoint\",\"urlTemplate\":\"https:\\\/\\\/www.yucatanencorto.com\\\/noticias\\\/?s={search_term_string}\"},\"query-input\":{\"@type\":\"PropertyValueSpecification\",\"valueRequired\":true,\"valueName\":\"search_term_string\"}}],\"inLanguage\":\"es\"},{\"@type\":\"Person\",\"@id\":\"https:\\\/\\\/www.yucatanencorto.com\\\/noticias\\\/#\\\/schema\\\/person\\\/14f82d355225a1f4075dd84a31f45a72\",\"name\":\"Yucat\u00e1n en Corto FC\",\"image\":{\"@type\":\"ImageObject\",\"inLanguage\":\"es\",\"@id\":\"https:\\\/\\\/secure.gravatar.com\\\/avatar\\\/147d4b30cd728c53c29c49a3f7834dedca33707f4cd259761355846009a88250?s=96&d=mm&r=g\",\"url\":\"https:\\\/\\\/secure.gravatar.com\\\/avatar\\\/147d4b30cd728c53c29c49a3f7834dedca33707f4cd259761355846009a88250?s=96&d=mm&r=g\",\"contentUrl\":\"https:\\\/\\\/secure.gravatar.com\\\/avatar\\\/147d4b30cd728c53c29c49a3f7834dedca33707f4cd259761355846009a88250?s=96&d=mm&r=g\",\"caption\":\"Yucat\u00e1n en Corto FC\"},\"url\":\"https:\\\/\\\/www.yucatanencorto.com\\\/noticias\\\/author\\\/flor\\\/\"}]}<\/script>\n<!-- \/ Yoast SEO plugin. -->","yoast_head_json":{"title":"Ser\u00e1 despedido quien abuse o discrimine sin importar su rango - Yucat\u00e1n en corto","robots":{"index":"index","follow":"follow","max-snippet":"max-snippet:-1","max-image-preview":"max-image-preview:large","max-video-preview":"max-video-preview:-1"},"canonical":"https:\/\/www.yucatanencorto.com\/noticias\/sera-despedido-quien-abuse-o-discrimine-sin-importar-su-rango\/","og_locale":"es_ES","og_type":"article","og_title":"Ser\u00e1 despedido quien abuse o discrimine sin importar su rango - Yucat\u00e1n en corto","og_description":"M\u00e9rida, Yucat\u00e1n, 10 de agosto de 2021.- En Yucat\u00e1n no hay lugar para hechos de discriminaci\u00f3n, ni abuso. Quienes incurran en este tipo de actos reprobables ser\u00e1n despedidos y juzgados, sin importar el rango o puesto que ocupen, asever\u00f3 el Gobernador Mauricio Vila Dosal al hablar sobre los lamentables sucesos que acabaron con la vida [&hellip;]","og_url":"https:\/\/www.yucatanencorto.com\/noticias\/sera-despedido-quien-abuse-o-discrimine-sin-importar-su-rango\/","og_site_name":"Yucat\u00e1n en corto","article_publisher":"http:\/\/www.facebook.com\/yucatanencorto","article_published_time":"2021-08-10T23:18:03+00:00","article_modified_time":"2021-08-10T23:50:05+00:00","og_image":[{"width":567,"height":315,"url":"https:\/\/www.yucatanencorto.com\/noticias\/wp-content\/uploads\/2021\/08\/vila.png","type":"image\/png"}],"author":"Yucat\u00e1n en Corto FC","twitter_card":"summary_large_image","twitter_creator":"@yucatanencorto","twitter_site":"@yucatanencorto","twitter_misc":{"Escrito por":"Yucat\u00e1n en Corto FC","Tiempo de lectura":"3 minutos"},"schema":{"@context":"https:\/\/schema.org","@graph":[{"@type":"Article","@id":"https:\/\/www.yucatanencorto.com\/noticias\/sera-despedido-quien-abuse-o-discrimine-sin-importar-su-rango\/#article","isPartOf":{"@id":"https:\/\/www.yucatanencorto.com\/noticias\/sera-despedido-quien-abuse-o-discrimine-sin-importar-su-rango\/"},"author":{"name":"Yucat\u00e1n en Corto FC","@id":"https:\/\/www.yucatanencorto.com\/noticias\/#\/schema\/person\/14f82d355225a1f4075dd84a31f45a72"},"headline":"Ser\u00e1 despedido quien abuse o discrimine sin importar su rango","datePublished":"2021-08-10T23:18:03+00:00","dateModified":"2021-08-10T23:50:05+00:00","mainEntityOfPage":{"@id":"https:\/\/www.yucatanencorto.com\/noticias\/sera-despedido-quien-abuse-o-discrimine-sin-importar-su-rango\/"},"wordCount":667,"image":{"@id":"https:\/\/www.yucatanencorto.com\/noticias\/sera-despedido-quien-abuse-o-discrimine-sin-importar-su-rango\/#primaryimage"},"thumbnailUrl":"https:\/\/www.yucatanencorto.com\/noticias\/wp-content\/uploads\/2021\/08\/vila.png","inLanguage":"es"},{"@type":"WebPage","@id":"https:\/\/www.yucatanencorto.com\/noticias\/sera-despedido-quien-abuse-o-discrimine-sin-importar-su-rango\/","url":"https:\/\/www.yucatanencorto.com\/noticias\/sera-despedido-quien-abuse-o-discrimine-sin-importar-su-rango\/","name":"Ser\u00e1 despedido quien abuse o discrimine sin importar su rango - Yucat\u00e1n en corto","isPartOf":{"@id":"https:\/\/www.yucatanencorto.com\/noticias\/#website"},"primaryImageOfPage":{"@id":"https:\/\/www.yucatanencorto.com\/noticias\/sera-despedido-quien-abuse-o-discrimine-sin-importar-su-rango\/#primaryimage"},"image":{"@id":"https:\/\/www.yucatanencorto.com\/noticias\/sera-despedido-quien-abuse-o-discrimine-sin-importar-su-rango\/#primaryimage"},"thumbnailUrl":"https:\/\/www.yucatanencorto.com\/noticias\/wp-content\/uploads\/2021\/08\/vila.png","datePublished":"2021-08-10T23:18:03+00:00","dateModified":"2021-08-10T23:50:05+00:00","author":{"@id":"https:\/\/www.yucatanencorto.com\/noticias\/#\/schema\/person\/14f82d355225a1f4075dd84a31f45a72"},"breadcrumb":{"@id":"https:\/\/www.yucatanencorto.com\/noticias\/sera-despedido-quien-abuse-o-discrimine-sin-importar-su-rango\/#breadcrumb"},"inLanguage":"es","potentialAction":[{"@type":"ReadAction","target":["https:\/\/www.yucatanencorto.com\/noticias\/sera-despedido-quien-abuse-o-discrimine-sin-importar-su-rango\/"]}]},{"@type":"ImageObject","inLanguage":"es","@id":"https:\/\/www.yucatanencorto.com\/noticias\/sera-despedido-quien-abuse-o-discrimine-sin-importar-su-rango\/#primaryimage","url":"https:\/\/www.yucatanencorto.com\/noticias\/wp-content\/uploads\/2021\/08\/vila.png","contentUrl":"https:\/\/www.yucatanencorto.com\/noticias\/wp-content\/uploads\/2021\/08\/vila.png","width":567,"height":315},{"@type":"BreadcrumbList","@id":"https:\/\/www.yucatanencorto.com\/noticias\/sera-despedido-quien-abuse-o-discrimine-sin-importar-su-rango\/#breadcrumb","itemListElement":[{"@type":"ListItem","position":1,"name":"Portada","item":"https:\/\/www.yucatanencorto.com\/noticias\/"},{"@type":"ListItem","position":2,"name":"Ser\u00e1 despedido quien abuse o discrimine sin importar su rango"}]},{"@type":"WebSite","@id":"https:\/\/www.yucatanencorto.com\/noticias\/#website","url":"https:\/\/www.yucatanencorto.com\/noticias\/","name":"Yucat\u00e1n en corto","description":"Noticias","potentialAction":[{"@type":"SearchAction","target":{"@type":"EntryPoint","urlTemplate":"https:\/\/www.yucatanencorto.com\/noticias\/?s={search_term_string}"},"query-input":{"@type":"PropertyValueSpecification","valueRequired":true,"valueName":"search_term_string"}}],"inLanguage":"es"},{"@type":"Person","@id":"https:\/\/www.yucatanencorto.com\/noticias\/#\/schema\/person\/14f82d355225a1f4075dd84a31f45a72","name":"Yucat\u00e1n en Corto FC","image":{"@type":"ImageObject","inLanguage":"es","@id":"https:\/\/secure.gravatar.com\/avatar\/147d4b30cd728c53c29c49a3f7834dedca33707f4cd259761355846009a88250?s=96&d=mm&r=g","url":"https:\/\/secure.gravatar.com\/avatar\/147d4b30cd728c53c29c49a3f7834dedca33707f4cd259761355846009a88250?s=96&d=mm&r=g","contentUrl":"https:\/\/secure.gravatar.com\/avatar\/147d4b30cd728c53c29c49a3f7834dedca33707f4cd259761355846009a88250?s=96&d=mm&r=g","caption":"Yucat\u00e1n en Corto FC"},"url":"https:\/\/www.yucatanencorto.com\/noticias\/author\/flor\/"}]}},"_links":{"self":[{"href":"https:\/\/www.yucatanencorto.com\/noticias\/wp-json\/wp\/v2\/posts\/85542","targetHints":{"allow":["GET"]}}],"collection":[{"href":"https:\/\/www.yucatanencorto.com\/noticias\/wp-json\/wp\/v2\/posts"}],"about":[{"href":"https:\/\/www.yucatanencorto.com\/noticias\/wp-json\/wp\/v2\/types\/post"}],"author":[{"embeddable":true,"href":"https:\/\/www.yucatanencorto.com\/noticias\/wp-json\/wp\/v2\/users\/2"}],"replies":[{"embeddable":true,"href":"https:\/\/www.yucatanencorto.com\/noticias\/wp-json\/wp\/v2\/comments?post=85542"}],"version-history":[{"count":0,"href":"https:\/\/www.yucatanencorto.com\/noticias\/wp-json\/wp\/v2\/posts\/85542\/revisions"}],"wp:featuredmedia":[{"embeddable":true,"href":"https:\/\/www.yucatanencorto.com\/noticias\/wp-json\/wp\/v2\/media\/85550"}],"wp:attachment":[{"href":"https:\/\/www.yucatanencorto.com\/noticias\/wp-json\/wp\/v2\/media?parent=85542"}],"wp:term":[{"taxonomy":"category","embeddable":true,"href":"https:\/\/www.yucatanencorto.com\/noticias\/wp-json\/wp\/v2\/categories?post=85542"},{"taxonomy":"post_tag","embeddable":true,"href":"https:\/\/www.yucatanencorto.com\/noticias\/wp-json\/wp\/v2\/tags?post=85542"}],"curies":[{"name":"wp","href":"https:\/\/api.w.org\/{rel}","templated":true}]}}