{"id":85555,"date":"2021-08-10T19:45:04","date_gmt":"2021-08-11T00:45:04","guid":{"rendered":"https:\/\/www.yucatanencorto.com\/noticias\/?p=85555"},"modified":"2021-08-11T19:20:26","modified_gmt":"2021-08-12T00:20:26","slug":"nuevas-inversiones-y-generacion-de-mas-empleos-para-los-yucatecos","status":"publish","type":"post","link":"https:\/\/www.yucatanencorto.com\/noticias\/nuevas-inversiones-y-generacion-de-mas-empleos-para-los-yucatecos\/","title":{"rendered":"Nuevas inversiones y generaci\u00f3n de m\u00e1s empleos para los yucatecos"},"content":{"rendered":"<p><img loading=\"lazy\" decoding=\"async\" class=\"wp-image-85545 aligncenter\" src=\"https:\/\/www.yucatanencorto.com\/noticias\/wp-content\/uploads\/2021\/08\/WhatsApp-Image-2021-08-10-at-4.13.49-PM-1-scaled.jpeg\" alt=\"\" width=\"536\" height=\"357\" \/><\/p>\n<p>M\u00e9rida, Yucat\u00e1n, 10 de agosto de 2021.- La llegada de m\u00e1s proyectos de desarrollo inmobiliario a Yucat\u00e1n como U\u00b7Tara Towers de la inmobiliaria Rumara, abona a la reactivaci\u00f3n econ\u00f3mica del estado que, con una inversi\u00f3n de m\u00e1s de 100 millones de pesos y la generaci\u00f3n de 450 empleos entre directos e indirectos durante su construcci\u00f3n, refrenda su confianza hacia Yucat\u00e1n para invertir.<\/p>\n<p>Desde este desarrollo inmobiliario ubicado al norte de la ciudad, el Gobernador Mauricio Vila Dosal, junto con el due\u00f1o de la Inmobiliaria Rurama, Rub\u00e9n Ram\u00edrez Torres y el Alcalde de M\u00e9rida, Ren\u00e1n Barrera Concha, realiz\u00f3 el corte de list\u00f3n inaugural y la develaci\u00f3n de placa.<\/p>\n<p>En presencia del presidente del Consejo Coordinador Empresarial y de la Confederaci\u00f3n Patronal de la Rep\u00fablica Mexicana (Coparmex M\u00e9rida), Fernando Ponce D\u00edaz, el director de Construcci\u00f3n de Inmobiliaria Rurama, Alejandro Becerra Camberos, agradeci\u00f3 la disposici\u00f3n del Gobierno estatal y las gestiones del Gobernador para mantener los atractivos de Yucat\u00e1n que brindan certeza para invertir.<\/p>\n<p>\u00abAl llegar a Yucat\u00e1n nos encontramos con beneficios en la facilidad de tr\u00e1mites y las gestiones para que U\u00b7Tara Towers salga adelante. Nos abrieron las puertas, existen altos nivele de seguridad y, por eso, queremos seguir con nuevos desarrollos en el estado\u00bb, extern\u00f3 el empresario.<\/p>\n<p><img loading=\"lazy\" decoding=\"async\" class=\"alignnone size-full wp-image-85546\" src=\"https:\/\/www.yucatanencorto.com\/noticias\/wp-content\/uploads\/2021\/08\/WhatsApp-Image-2021-08-10-at-4.13.49-PM-2-scaled.jpeg\" alt=\"\" width=\"768\" height=\"512\" \/><\/p>\n<p>Acompa\u00f1ado del titular de la Secretar\u00eda de Fomento Econ\u00f3mico y Trabajo del Estado (Sefoet), Ernesto Herrera Novelo, Vila Dosal agradeci\u00f3 la confianza de los inversionistas de Michoac\u00e1n depositada en Yucat\u00e1n ya que el rubro inmobiliario genera un importante n\u00famero de empleos para los yucatecos y es un claro ejemplo de las ventajas competitivas que ofrece Yucat\u00e1n.<\/p>\n<p>A trav\u00e9s de esta importante inversi\u00f3n, se est\u00e1n generando 450 empleos directos e indirectos durante su construcci\u00f3n y se suma a los m\u00e1s de 20,000 empleos que hemos recuperado hasta el mes de julio, de los 25,000 que se perdieron en la pandemia.<\/p>\n<p>\u00abLa construcci\u00f3n es una de las ramas de la econom\u00eda que genera m\u00e1s repartici\u00f3n de la riqueza, son m\u00e1s de 66 ramas de la econom\u00eda que se ven beneficiadas, empezando por los trabajadores de la construcci\u00f3n, sector que se vio afectado el a\u00f1o pasado y este a\u00f1o comienza a mostrar se\u00f1ales francas de recuperaci\u00f3n\u00bb, asegur\u00f3 el Gobernador.<\/p>\n<p>Ante el director de Construcci\u00f3n de Inmobiliaria Rurama, Alejandro Becerra Camberos, el Gobernador asever\u00f3 que, tras un a\u00f1o marcado por la pandemia por Coronavirus y el paso de 5 fen\u00f3menos naturales, los yucatecos, trabajando unidos, estamos saliendo adelante.<\/p>\n<p>\u00abEste desarrollo de inversionistas que vienen de Michoac\u00e1n es un gran ejemplo de las ventajas competitivas que brinda Yucat\u00e1n: la facilidad de hacer tr\u00e1mites, la seguridad, la calidad de vida y, sobre todo, el trabajo coordinado entre Gobierno estatal y Gobierno municipal\u00bb, expuso Vila Dosal.<\/p>\n<p>Finalmente, Vila Dosal adelant\u00f3 que vienen proyectos muy importantes en Yucat\u00e1n y record\u00f3 que, recientemente firm\u00f3 con la Secretar\u00eda de Marina del Gobierno federal un convenio para la ampliaci\u00f3n del puerto de Progreso, que har\u00e1 de Yucat\u00e1n un estado mucho m\u00e1s competitivo y permitir\u00e1 al estado recibir barcos m\u00e1s grandes de carga, menores costos en la log\u00edstica y tambi\u00e9n mayor turismo, pues tendremos capacidad para recibir barcos de hasta 8,000 a 9,000 cruceristas.<\/p>\n<p>Por otro lado, sobre la reubicaci\u00f3n del Aeropuerto Internacional de M\u00e9rida, Mauricio Vila se\u00f1al\u00f3 que se encuentra actualmente dentro del Anillo Perif\u00e9rico de la ciudad y tiene una barda de m\u00e1s de 6 kil\u00f3metros que ha generado en la parte posterior de esa barda, la zona de m\u00e1s alta marginaci\u00f3n de la ciudad de M\u00e9rida.<\/p>\n<p>Por lo que, con una inversi\u00f3n privada de m\u00e1s de 10,000 millones de pesos que va a estar generando m\u00e1s de 8,000 empleos durante su construcci\u00f3n, nos va a proporcionar infraestructura de primera.<\/p>\n<p>Al realizar un recuento de importantes inversiones que se realizaron recientemente, el Gobernador record\u00f3 la construcci\u00f3n del Estadio Sostenible de Yucat\u00e1n, que se levanta con una inversi\u00f3n privada de m\u00e1s de 2,000 millones de pesos y la generaci\u00f3n de m\u00e1s de 1,000 empleos durante su construcci\u00f3n; as\u00ed como la llegada de empresas como Amazon, Tesla, y el Cedis de Walmart, entre muchas otras, que contribuyen a la recuperaci\u00f3n econ\u00f3mica del estado.<\/p>\n<p>U\u00b7Tara Towers es un proyecto inmobiliario de 5 torres, las cuales cada una cuenta con 20 departamentos por lo que, en total son 100 departamentos m\u00e1s amenidades como Casa club, gimnasio y \u00e1reas comunes.<\/p>\n<p><img loading=\"lazy\" decoding=\"async\" class=\"alignnone size-full wp-image-85547\" src=\"https:\/\/www.yucatanencorto.com\/noticias\/wp-content\/uploads\/2021\/08\/WhatsApp-Image-2021-08-10-at-4.13.49-PM-scaled.jpeg\" alt=\"\" width=\"768\" height=\"512\" \/><\/p>\n<p>Se trata del primer desarrollo que ofrece una ubicaci\u00f3n con f\u00e1cil acceso, variedad de amenidades y precios accesibles, los cuales permiten una inversi\u00f3n segura y rentable.<\/p>\n<p>En su intervenci\u00f3n, el alcalde Ren\u00e1n Barrera enfatiz\u00f3 que la inauguraci\u00f3n del complejo de departamentos U\u00b7Tara consolida a M\u00e9rida como una ciudad l\u00edder mediante un trabajo conjunto sociedad-gobierno, que contin\u00faa manifestando su proyecci\u00f3n nacional e internacional, con un dinamismo que ya comienza a retomar su nivel en Yucat\u00e1n gracias a esa suma de esfuerzos.<\/p>\n<p>Coment\u00f3 que tanto el Gobierno municipal como el estatal, encaminan sus esfuerzos hacia objetivos y metas que den mayor impulso al desarrollo econ\u00f3mico del municipio y estado orientado a la atracci\u00f3n de inversiones para restablecer y promover la econom\u00eda, y con ello generar m\u00e1s y mejores empleos para los yucatecos.<\/p>\n<p>El presidente municipal agreg\u00f3 que esa suma de esfuerzos ha generado avances significativos en materia de mejora regulatoria con el objetivo de hacer m\u00e1s \u00e1gil la homologaci\u00f3n de tr\u00e1mites y servicios, simplificando las cargas administrativas y generando interoperabilidad entre las dependencias y entidades de tr\u00e1mites y servicios relacionados con los temas de apertura de empresas, sector de la construcci\u00f3n, protecci\u00f3n civil, catastro, usos de suelo y sustentabilidad, as\u00ed como impuestos e identidad.<\/p>\n<p>Junto con los inversionistas y el Alcalde de M\u00e9rida, el Gobernador realiz\u00f3 un recorrido por el departamento muestra, la oficina de ventas y la Casa Club de este desarrollo inmobiliario.<\/p>\n","protected":false},"excerpt":{"rendered":"<p>M\u00e9rida, Yucat\u00e1n, 10 de agosto de 2021.- La llegada de m\u00e1s proyectos de desarrollo inmobiliario a Yucat\u00e1n como U\u00b7Tara Towers de la inmobiliaria Rumara, abona a la reactivaci\u00f3n econ\u00f3mica del estado que, con una inversi\u00f3n de m\u00e1s de 100 millones de pesos y la generaci\u00f3n de 450 empleos entre directos e indirectos durante su construcci\u00f3n, [&hellip;]<\/p>\n","protected":false},"author":2,"featured_media":0,"comment_status":"closed","ping_status":"closed","sticky":false,"template":"","format":"standard","meta":{"footnotes":""},"categories":[2],"tags":[],"class_list":{"0":"post-85555","1":"post","2":"type-post","3":"status-publish","4":"format-standard","6":"category-merida"},"yoast_head":"<!-- This site is optimized with the Yoast SEO plugin v27.4 - https:\/\/yoast.com\/product\/yoast-seo-wordpress\/ -->\n<title>Nuevas inversiones y generaci\u00f3n de m\u00e1s empleos para los yucatecos - Yucat\u00e1n en corto<\/title>\n<meta name=\"robots\" content=\"index, follow, max-snippet:-1, max-image-preview:large, max-video-preview:-1\" \/>\n<link rel=\"canonical\" href=\"https:\/\/www.yucatanencorto.com\/noticias\/nuevas-inversiones-y-generacion-de-mas-empleos-para-los-yucatecos\/\" \/>\n<meta property=\"og:locale\" content=\"es_ES\" \/>\n<meta property=\"og:type\" content=\"article\" \/>\n<meta property=\"og:title\" content=\"Nuevas inversiones y generaci\u00f3n de m\u00e1s empleos para los yucatecos - Yucat\u00e1n en corto\" \/>\n<meta property=\"og:description\" content=\"M\u00e9rida, Yucat\u00e1n, 10 de agosto de 2021.- La llegada de m\u00e1s proyectos de desarrollo inmobiliario a Yucat\u00e1n como U\u00b7Tara Towers de la inmobiliaria Rumara, abona a la reactivaci\u00f3n econ\u00f3mica del estado que, con una inversi\u00f3n de m\u00e1s de 100 millones de pesos y la generaci\u00f3n de 450 empleos entre directos e indirectos durante su construcci\u00f3n, [&hellip;]\" \/>\n<meta property=\"og:url\" content=\"https:\/\/www.yucatanencorto.com\/noticias\/nuevas-inversiones-y-generacion-de-mas-empleos-para-los-yucatecos\/\" \/>\n<meta property=\"og:site_name\" content=\"Yucat\u00e1n en corto\" \/>\n<meta property=\"article:publisher\" content=\"http:\/\/www.facebook.com\/yucatanencorto\" \/>\n<meta property=\"article:published_time\" content=\"2021-08-11T00:45:04+00:00\" \/>\n<meta property=\"article:modified_time\" content=\"2021-08-12T00:20:26+00:00\" \/>\n<meta property=\"og:image\" content=\"https:\/\/www.yucatanencorto.com\/noticias\/wp-content\/uploads\/2021\/08\/WhatsApp-Image-2021-08-10-at-4.13.49-PM-1-scaled.jpeg\" \/>\n<meta name=\"author\" content=\"Yucat\u00e1n en Corto FC\" \/>\n<meta name=\"twitter:card\" content=\"summary_large_image\" \/>\n<meta name=\"twitter:creator\" content=\"@yucatanencorto\" \/>\n<meta name=\"twitter:site\" content=\"@yucatanencorto\" \/>\n<meta name=\"twitter:label1\" content=\"Escrito por\" \/>\n\t<meta name=\"twitter:data1\" content=\"Yucat\u00e1n en Corto FC\" \/>\n\t<meta name=\"twitter:label2\" content=\"Tiempo de lectura\" \/>\n\t<meta name=\"twitter:data2\" content=\"5 minutos\" \/>\n<script type=\"application\/ld+json\" class=\"yoast-schema-graph\">{\"@context\":\"https:\\\/\\\/schema.org\",\"@graph\":[{\"@type\":\"Article\",\"@id\":\"https:\\\/\\\/www.yucatanencorto.com\\\/noticias\\\/nuevas-inversiones-y-generacion-de-mas-empleos-para-los-yucatecos\\\/#article\",\"isPartOf\":{\"@id\":\"https:\\\/\\\/www.yucatanencorto.com\\\/noticias\\\/nuevas-inversiones-y-generacion-de-mas-empleos-para-los-yucatecos\\\/\"},\"author\":{\"name\":\"Yucat\u00e1n en Corto FC\",\"@id\":\"https:\\\/\\\/www.yucatanencorto.com\\\/noticias\\\/#\\\/schema\\\/person\\\/14f82d355225a1f4075dd84a31f45a72\"},\"headline\":\"Nuevas inversiones y generaci\u00f3n de m\u00e1s empleos para los yucatecos\",\"datePublished\":\"2021-08-11T00:45:04+00:00\",\"dateModified\":\"2021-08-12T00:20:26+00:00\",\"mainEntityOfPage\":{\"@id\":\"https:\\\/\\\/www.yucatanencorto.com\\\/noticias\\\/nuevas-inversiones-y-generacion-de-mas-empleos-para-los-yucatecos\\\/\"},\"wordCount\":1050,\"image\":{\"@id\":\"https:\\\/\\\/www.yucatanencorto.com\\\/noticias\\\/nuevas-inversiones-y-generacion-de-mas-empleos-para-los-yucatecos\\\/#primaryimage\"},\"thumbnailUrl\":\"https:\\\/\\\/www.yucatanencorto.com\\\/noticias\\\/wp-content\\\/uploads\\\/2021\\\/08\\\/WhatsApp-Image-2021-08-10-at-4.13.49-PM-1-scaled.jpeg\",\"articleSection\":[\"M\u00e9rida\"],\"inLanguage\":\"es\"},{\"@type\":\"WebPage\",\"@id\":\"https:\\\/\\\/www.yucatanencorto.com\\\/noticias\\\/nuevas-inversiones-y-generacion-de-mas-empleos-para-los-yucatecos\\\/\",\"url\":\"https:\\\/\\\/www.yucatanencorto.com\\\/noticias\\\/nuevas-inversiones-y-generacion-de-mas-empleos-para-los-yucatecos\\\/\",\"name\":\"Nuevas inversiones y generaci\u00f3n de m\u00e1s empleos para los yucatecos - Yucat\u00e1n en corto\",\"isPartOf\":{\"@id\":\"https:\\\/\\\/www.yucatanencorto.com\\\/noticias\\\/#website\"},\"primaryImageOfPage\":{\"@id\":\"https:\\\/\\\/www.yucatanencorto.com\\\/noticias\\\/nuevas-inversiones-y-generacion-de-mas-empleos-para-los-yucatecos\\\/#primaryimage\"},\"image\":{\"@id\":\"https:\\\/\\\/www.yucatanencorto.com\\\/noticias\\\/nuevas-inversiones-y-generacion-de-mas-empleos-para-los-yucatecos\\\/#primaryimage\"},\"thumbnailUrl\":\"https:\\\/\\\/www.yucatanencorto.com\\\/noticias\\\/wp-content\\\/uploads\\\/2021\\\/08\\\/WhatsApp-Image-2021-08-10-at-4.13.49-PM-1-scaled.jpeg\",\"datePublished\":\"2021-08-11T00:45:04+00:00\",\"dateModified\":\"2021-08-12T00:20:26+00:00\",\"author\":{\"@id\":\"https:\\\/\\\/www.yucatanencorto.com\\\/noticias\\\/#\\\/schema\\\/person\\\/14f82d355225a1f4075dd84a31f45a72\"},\"breadcrumb\":{\"@id\":\"https:\\\/\\\/www.yucatanencorto.com\\\/noticias\\\/nuevas-inversiones-y-generacion-de-mas-empleos-para-los-yucatecos\\\/#breadcrumb\"},\"inLanguage\":\"es\",\"potentialAction\":[{\"@type\":\"ReadAction\",\"target\":[\"https:\\\/\\\/www.yucatanencorto.com\\\/noticias\\\/nuevas-inversiones-y-generacion-de-mas-empleos-para-los-yucatecos\\\/\"]}]},{\"@type\":\"ImageObject\",\"inLanguage\":\"es\",\"@id\":\"https:\\\/\\\/www.yucatanencorto.com\\\/noticias\\\/nuevas-inversiones-y-generacion-de-mas-empleos-para-los-yucatecos\\\/#primaryimage\",\"url\":\"https:\\\/\\\/www.yucatanencorto.com\\\/noticias\\\/wp-content\\\/uploads\\\/2021\\\/08\\\/WhatsApp-Image-2021-08-10-at-4.13.49-PM-1-scaled.jpeg\",\"contentUrl\":\"https:\\\/\\\/www.yucatanencorto.com\\\/noticias\\\/wp-content\\\/uploads\\\/2021\\\/08\\\/WhatsApp-Image-2021-08-10-at-4.13.49-PM-1-scaled.jpeg\"},{\"@type\":\"BreadcrumbList\",\"@id\":\"https:\\\/\\\/www.yucatanencorto.com\\\/noticias\\\/nuevas-inversiones-y-generacion-de-mas-empleos-para-los-yucatecos\\\/#breadcrumb\",\"itemListElement\":[{\"@type\":\"ListItem\",\"position\":1,\"name\":\"Portada\",\"item\":\"https:\\\/\\\/www.yucatanencorto.com\\\/noticias\\\/\"},{\"@type\":\"ListItem\",\"position\":2,\"name\":\"Nuevas inversiones y generaci\u00f3n de m\u00e1s empleos para los yucatecos\"}]},{\"@type\":\"WebSite\",\"@id\":\"https:\\\/\\\/www.yucatanencorto.com\\\/noticias\\\/#website\",\"url\":\"https:\\\/\\\/www.yucatanencorto.com\\\/noticias\\\/\",\"name\":\"Yucat\u00e1n en corto\",\"description\":\"Noticias\",\"potentialAction\":[{\"@type\":\"SearchAction\",\"target\":{\"@type\":\"EntryPoint\",\"urlTemplate\":\"https:\\\/\\\/www.yucatanencorto.com\\\/noticias\\\/?s={search_term_string}\"},\"query-input\":{\"@type\":\"PropertyValueSpecification\",\"valueRequired\":true,\"valueName\":\"search_term_string\"}}],\"inLanguage\":\"es\"},{\"@type\":\"Person\",\"@id\":\"https:\\\/\\\/www.yucatanencorto.com\\\/noticias\\\/#\\\/schema\\\/person\\\/14f82d355225a1f4075dd84a31f45a72\",\"name\":\"Yucat\u00e1n en Corto FC\",\"image\":{\"@type\":\"ImageObject\",\"inLanguage\":\"es\",\"@id\":\"https:\\\/\\\/secure.gravatar.com\\\/avatar\\\/147d4b30cd728c53c29c49a3f7834dedca33707f4cd259761355846009a88250?s=96&d=mm&r=g\",\"url\":\"https:\\\/\\\/secure.gravatar.com\\\/avatar\\\/147d4b30cd728c53c29c49a3f7834dedca33707f4cd259761355846009a88250?s=96&d=mm&r=g\",\"contentUrl\":\"https:\\\/\\\/secure.gravatar.com\\\/avatar\\\/147d4b30cd728c53c29c49a3f7834dedca33707f4cd259761355846009a88250?s=96&d=mm&r=g\",\"caption\":\"Yucat\u00e1n en Corto FC\"},\"url\":\"https:\\\/\\\/www.yucatanencorto.com\\\/noticias\\\/author\\\/flor\\\/\"}]}<\/script>\n<!-- \/ Yoast SEO plugin. -->","yoast_head_json":{"title":"Nuevas inversiones y generaci\u00f3n de m\u00e1s empleos para los yucatecos - Yucat\u00e1n en corto","robots":{"index":"index","follow":"follow","max-snippet":"max-snippet:-1","max-image-preview":"max-image-preview:large","max-video-preview":"max-video-preview:-1"},"canonical":"https:\/\/www.yucatanencorto.com\/noticias\/nuevas-inversiones-y-generacion-de-mas-empleos-para-los-yucatecos\/","og_locale":"es_ES","og_type":"article","og_title":"Nuevas inversiones y generaci\u00f3n de m\u00e1s empleos para los yucatecos - Yucat\u00e1n en corto","og_description":"M\u00e9rida, Yucat\u00e1n, 10 de agosto de 2021.- La llegada de m\u00e1s proyectos de desarrollo inmobiliario a Yucat\u00e1n como U\u00b7Tara Towers de la inmobiliaria Rumara, abona a la reactivaci\u00f3n econ\u00f3mica del estado que, con una inversi\u00f3n de m\u00e1s de 100 millones de pesos y la generaci\u00f3n de 450 empleos entre directos e indirectos durante su construcci\u00f3n, [&hellip;]","og_url":"https:\/\/www.yucatanencorto.com\/noticias\/nuevas-inversiones-y-generacion-de-mas-empleos-para-los-yucatecos\/","og_site_name":"Yucat\u00e1n en corto","article_publisher":"http:\/\/www.facebook.com\/yucatanencorto","article_published_time":"2021-08-11T00:45:04+00:00","article_modified_time":"2021-08-12T00:20:26+00:00","og_image":[{"url":"https:\/\/www.yucatanencorto.com\/noticias\/wp-content\/uploads\/2021\/08\/WhatsApp-Image-2021-08-10-at-4.13.49-PM-1-scaled.jpeg","type":"","width":"","height":""}],"author":"Yucat\u00e1n en Corto FC","twitter_card":"summary_large_image","twitter_creator":"@yucatanencorto","twitter_site":"@yucatanencorto","twitter_misc":{"Escrito por":"Yucat\u00e1n en Corto FC","Tiempo de lectura":"5 minutos"},"schema":{"@context":"https:\/\/schema.org","@graph":[{"@type":"Article","@id":"https:\/\/www.yucatanencorto.com\/noticias\/nuevas-inversiones-y-generacion-de-mas-empleos-para-los-yucatecos\/#article","isPartOf":{"@id":"https:\/\/www.yucatanencorto.com\/noticias\/nuevas-inversiones-y-generacion-de-mas-empleos-para-los-yucatecos\/"},"author":{"name":"Yucat\u00e1n en Corto FC","@id":"https:\/\/www.yucatanencorto.com\/noticias\/#\/schema\/person\/14f82d355225a1f4075dd84a31f45a72"},"headline":"Nuevas inversiones y generaci\u00f3n de m\u00e1s empleos para los yucatecos","datePublished":"2021-08-11T00:45:04+00:00","dateModified":"2021-08-12T00:20:26+00:00","mainEntityOfPage":{"@id":"https:\/\/www.yucatanencorto.com\/noticias\/nuevas-inversiones-y-generacion-de-mas-empleos-para-los-yucatecos\/"},"wordCount":1050,"image":{"@id":"https:\/\/www.yucatanencorto.com\/noticias\/nuevas-inversiones-y-generacion-de-mas-empleos-para-los-yucatecos\/#primaryimage"},"thumbnailUrl":"https:\/\/www.yucatanencorto.com\/noticias\/wp-content\/uploads\/2021\/08\/WhatsApp-Image-2021-08-10-at-4.13.49-PM-1-scaled.jpeg","articleSection":["M\u00e9rida"],"inLanguage":"es"},{"@type":"WebPage","@id":"https:\/\/www.yucatanencorto.com\/noticias\/nuevas-inversiones-y-generacion-de-mas-empleos-para-los-yucatecos\/","url":"https:\/\/www.yucatanencorto.com\/noticias\/nuevas-inversiones-y-generacion-de-mas-empleos-para-los-yucatecos\/","name":"Nuevas inversiones y generaci\u00f3n de m\u00e1s empleos para los yucatecos - Yucat\u00e1n en corto","isPartOf":{"@id":"https:\/\/www.yucatanencorto.com\/noticias\/#website"},"primaryImageOfPage":{"@id":"https:\/\/www.yucatanencorto.com\/noticias\/nuevas-inversiones-y-generacion-de-mas-empleos-para-los-yucatecos\/#primaryimage"},"image":{"@id":"https:\/\/www.yucatanencorto.com\/noticias\/nuevas-inversiones-y-generacion-de-mas-empleos-para-los-yucatecos\/#primaryimage"},"thumbnailUrl":"https:\/\/www.yucatanencorto.com\/noticias\/wp-content\/uploads\/2021\/08\/WhatsApp-Image-2021-08-10-at-4.13.49-PM-1-scaled.jpeg","datePublished":"2021-08-11T00:45:04+00:00","dateModified":"2021-08-12T00:20:26+00:00","author":{"@id":"https:\/\/www.yucatanencorto.com\/noticias\/#\/schema\/person\/14f82d355225a1f4075dd84a31f45a72"},"breadcrumb":{"@id":"https:\/\/www.yucatanencorto.com\/noticias\/nuevas-inversiones-y-generacion-de-mas-empleos-para-los-yucatecos\/#breadcrumb"},"inLanguage":"es","potentialAction":[{"@type":"ReadAction","target":["https:\/\/www.yucatanencorto.com\/noticias\/nuevas-inversiones-y-generacion-de-mas-empleos-para-los-yucatecos\/"]}]},{"@type":"ImageObject","inLanguage":"es","@id":"https:\/\/www.yucatanencorto.com\/noticias\/nuevas-inversiones-y-generacion-de-mas-empleos-para-los-yucatecos\/#primaryimage","url":"https:\/\/www.yucatanencorto.com\/noticias\/wp-content\/uploads\/2021\/08\/WhatsApp-Image-2021-08-10-at-4.13.49-PM-1-scaled.jpeg","contentUrl":"https:\/\/www.yucatanencorto.com\/noticias\/wp-content\/uploads\/2021\/08\/WhatsApp-Image-2021-08-10-at-4.13.49-PM-1-scaled.jpeg"},{"@type":"BreadcrumbList","@id":"https:\/\/www.yucatanencorto.com\/noticias\/nuevas-inversiones-y-generacion-de-mas-empleos-para-los-yucatecos\/#breadcrumb","itemListElement":[{"@type":"ListItem","position":1,"name":"Portada","item":"https:\/\/www.yucatanencorto.com\/noticias\/"},{"@type":"ListItem","position":2,"name":"Nuevas inversiones y generaci\u00f3n de m\u00e1s empleos para los yucatecos"}]},{"@type":"WebSite","@id":"https:\/\/www.yucatanencorto.com\/noticias\/#website","url":"https:\/\/www.yucatanencorto.com\/noticias\/","name":"Yucat\u00e1n en corto","description":"Noticias","potentialAction":[{"@type":"SearchAction","target":{"@type":"EntryPoint","urlTemplate":"https:\/\/www.yucatanencorto.com\/noticias\/?s={search_term_string}"},"query-input":{"@type":"PropertyValueSpecification","valueRequired":true,"valueName":"search_term_string"}}],"inLanguage":"es"},{"@type":"Person","@id":"https:\/\/www.yucatanencorto.com\/noticias\/#\/schema\/person\/14f82d355225a1f4075dd84a31f45a72","name":"Yucat\u00e1n en Corto FC","image":{"@type":"ImageObject","inLanguage":"es","@id":"https:\/\/secure.gravatar.com\/avatar\/147d4b30cd728c53c29c49a3f7834dedca33707f4cd259761355846009a88250?s=96&d=mm&r=g","url":"https:\/\/secure.gravatar.com\/avatar\/147d4b30cd728c53c29c49a3f7834dedca33707f4cd259761355846009a88250?s=96&d=mm&r=g","contentUrl":"https:\/\/secure.gravatar.com\/avatar\/147d4b30cd728c53c29c49a3f7834dedca33707f4cd259761355846009a88250?s=96&d=mm&r=g","caption":"Yucat\u00e1n en Corto FC"},"url":"https:\/\/www.yucatanencorto.com\/noticias\/author\/flor\/"}]}},"_links":{"self":[{"href":"https:\/\/www.yucatanencorto.com\/noticias\/wp-json\/wp\/v2\/posts\/85555","targetHints":{"allow":["GET"]}}],"collection":[{"href":"https:\/\/www.yucatanencorto.com\/noticias\/wp-json\/wp\/v2\/posts"}],"about":[{"href":"https:\/\/www.yucatanencorto.com\/noticias\/wp-json\/wp\/v2\/types\/post"}],"author":[{"embeddable":true,"href":"https:\/\/www.yucatanencorto.com\/noticias\/wp-json\/wp\/v2\/users\/2"}],"replies":[{"embeddable":true,"href":"https:\/\/www.yucatanencorto.com\/noticias\/wp-json\/wp\/v2\/comments?post=85555"}],"version-history":[{"count":0,"href":"https:\/\/www.yucatanencorto.com\/noticias\/wp-json\/wp\/v2\/posts\/85555\/revisions"}],"wp:attachment":[{"href":"https:\/\/www.yucatanencorto.com\/noticias\/wp-json\/wp\/v2\/media?parent=85555"}],"wp:term":[{"taxonomy":"category","embeddable":true,"href":"https:\/\/www.yucatanencorto.com\/noticias\/wp-json\/wp\/v2\/categories?post=85555"},{"taxonomy":"post_tag","embeddable":true,"href":"https:\/\/www.yucatanencorto.com\/noticias\/wp-json\/wp\/v2\/tags?post=85555"}],"curies":[{"name":"wp","href":"https:\/\/api.w.org\/{rel}","templated":true}]}}