{"id":85561,"date":"2021-08-11T18:54:29","date_gmt":"2021-08-11T23:54:29","guid":{"rendered":"https:\/\/www.yucatanencorto.com\/noticias\/?p=85561"},"modified":"2021-08-11T19:17:58","modified_gmt":"2021-08-12T00:17:58","slug":"hoy-se-detectaron-216-nuevos-contagios-de-coronavirus","status":"publish","type":"post","link":"https:\/\/www.yucatanencorto.com\/noticias\/hoy-se-detectaron-216-nuevos-contagios-de-coronavirus\/","title":{"rendered":"Hoy se detectaron 216 nuevos contagios de Coronavirus"},"content":{"rendered":"<p>&nbsp;<\/p>\n<p><img loading=\"lazy\" decoding=\"async\" class=\"wp-image-85562 aligncenter\" src=\"https:\/\/www.yucatanencorto.com\/noticias\/wp-content\/uploads\/2021\/08\/COVID.jpg\" alt=\"\" width=\"457\" height=\"325\" srcset=\"https:\/\/www.yucatanencorto.com\/noticias\/wp-content\/uploads\/2021\/08\/COVID.jpg 600w, https:\/\/www.yucatanencorto.com\/noticias\/wp-content\/uploads\/2021\/08\/COVID-590x420.jpg 590w, https:\/\/www.yucatanencorto.com\/noticias\/wp-content\/uploads\/2021\/08\/COVID-100x70.jpg 100w\" sizes=\"auto, (max-width: 457px) 100vw, 457px\" \/><\/p>\n<p>M\u00e9rida, Yucat\u00e1n, 11 de agosto de 2021.-<\/p>\n<p>Este es el parte m\u00e9dico de este mi\u00e9rcoles 11 de agosto:<\/p>\n<p>A partir de ma\u00f1ana jueves 12 al martes 17 de agosto se llevar\u00e1 a cabo en M\u00e9rida la aplicaci\u00f3n de \u00fanicamente las segundas dosis de la vacuna contra el Coronavirus a la poblaci\u00f3n de 40-49 a\u00f1os de edad.<\/p>\n<p>Esta etapa de vacunaci\u00f3n, en la que se administrar\u00e1n dosis de la farmac\u00e9utica AstraZeneca, se realizar\u00e1 en los 2 macrocentros y 4 m\u00f3dulos distribuidos en la ciudad de 8 de la ma\u00f1ana a 6 de la tarde, por lo que invitamos a la poblaci\u00f3n a acudir al centro de vacunaci\u00f3n el d\u00eda que les fue asignado para evitar aglomeraciones y cuidar de la salud de todos.<\/p>\n<p>De acuerdo con lo programado, la aplicaci\u00f3n de las segundas dosis a personas de entre 40 y 49 a\u00f1os se llevar\u00e1 a cabo de la siguiente forma: Ma\u00f1ana jueves se vacunar\u00e1 a los que nacieron en enero y febrero, el viernes 13, a los de marzo y abril; s\u00e1bado 14, mayo y junio; domingo 15, julio y agosto; lunes 16, septiembre y octubre, y martes 17, noviembre y diciembre. Los espacios habilitados para llevar a cabo esta tarea son: Los macrocentros de vacunaci\u00f3n habilitados en el Centro de Convenciones Yucat\u00e1n Siglo XXI y el Multigimnasio \u201cSocorro Cer\u00f3n\u201d de la Unidad Deportiva Kukulc\u00e1n, La Escuela Superior de Artes de Yucat\u00e1n (ESAY), la Unidad Deportiva Villa Palmira, el Hospital Militar Regional de Especialidades (HMRE) y la Base A\u00e9rea Militar N\u00famero 8.<\/p>\n<p>Hoy, mi\u00e9rcoles 11, comenz\u00f3 el proceso de vacunaci\u00f3n de primeras dosis para personas de 18 a 29 a\u00f1os en los municipios de Cacalch\u00e9n, Temax, Hocab\u00e1, Hoct\u00fan, Tixm\u00e9huac, Dzan, Man\u00ed, Tahdzi\u00fa, Chankom y Samahil.<\/p>\n<p>Ma\u00f1ana, jueves 12, le tocar\u00e1 el turno, tambi\u00e9n a las personas de 18 a 29 a\u00f1os, de los municipios de Huh\u00ed, Cuzam\u00e1, Tetiz, Kantunil, Sacalum, Tixp\u00e9ual, Santa Elena, Chikindzonot, Chochol\u00e1, Mayap\u00e1n y Chicxulub Pueblo, y, finalmente, el viernes 13 a los j\u00f3venes de 18 a 29 de Ixil, Cansahcab, Calotmul, Chapab, Uc\u00fa y Dzit\u00e1s.<\/p>\n<p>Los invitamos a vacunarse sin temor para proteger nuestra salud y la de nuestras familias.<\/p>\n<p>Estamos trabajando manera conjunta el Gobierno del Estado, la Secretar\u00eda de Bienestar y las Fuerzas Armadas.<\/p>\n<p>Como se ha se\u00f1alado, en la reapertura econ\u00f3mica los datos m\u00e1s importantes son la ocupaci\u00f3n hospitalaria y los ingresos diarios. El d\u00eda de hoy tenemos 242 pacientes en hospitales p\u00fablicos.<\/p>\n<p>49,997 pacientes ya se recuperaron: no presentan s\u00edntomas ni pueden contagiar. Esta cifra representa el 85% del total de contagios registrados, que es 57,274.<\/p>\n<p>Hoy se detectaron 216 nuevos contagios de Coronavirus.<\/p>\n<p>95 en M\u00e9rida,<\/p>\n<p>&nbsp;<\/p>\n<p>27 en Kanas\u00edn,<\/p>\n<p>&nbsp;<\/p>\n<p>20 en Tizim\u00edn,<\/p>\n<p>9 en Um\u00e1n,<\/p>\n<p>8 en Motul,<\/p>\n<p>7 en Valladolid,<\/p>\n<p>6 en Hunucm\u00e1 y en Tekax,<\/p>\n<p>5 en Ticul,<\/p>\n<p>4 en Izamal y Progreso,<\/p>\n<p>3 en Conkal,<\/p>\n<p>2 en Maxcan\u00fa, Opich\u00e9n, Panab\u00e1, Tekant\u00f3, Tixkokob y Tixp\u00e9ual,<\/p>\n<p>y 1 en Acanceh, Buctzotz, Chemax, Hocab\u00e1, Oxkutzcab, Peto, Sotuta, Suma, Tetiz y Timucuy.<\/p>\n<p>De los 57,274 casos positivos, 481 son de otro pa\u00eds u otro estado.<\/p>\n<p>Espec\u00edficamente, en M\u00e9rida se han diagnosticado 34,381 personas contagiadas de Coronavirus (casos acumulados al 10 de agosto), que viven en:<\/p>\n<p>9,401 en la zona Norte<\/p>\n<p>8,841 en la zona Oriente<\/p>\n<p>3,191 en la zona Centro<\/p>\n<p>4,902 en la zona Sur<\/p>\n<p>8,046 en la zona Poniente<\/p>\n<p>&nbsp;<\/p>\n<p>Lamentablemente, en este parte m\u00e9dico informamos de 15 fallecimientos:<\/p>\n<p>1.- Masculino 31 a\u00f1os de M\u00e9rida\u00a0\u00a0\u00a0\u00a0\u00a0\u00a0\u00a0\u00a0\u00a0\u00a0\u00a0 HAS\/DM<\/p>\n<p>2.- Masculino 80 a\u00f1os de M\u00e9rida\u00a0\u00a0\u00a0\u00a0\u00a0\u00a0\u00a0\u00a0\u00a0\u00a0\u00a0 DM\/Obesidad\/HAS\/Tabaquismo<\/p>\n<p>3.- Masculino 76 a\u00f1os de M\u00e9rida\u00a0\u00a0\u00a0\u00a0\u00a0\u00a0\u00a0\u00a0\u00a0\u00a0\u00a0 HAS<\/p>\n<p>4.- Masculino 77 a\u00f1os de Sotuta\u00a0\u00a0\u00a0\u00a0\u00a0\u00a0\u00a0\u00a0\u00a0\u00a0\u00a0 Sin comorbilidades<\/p>\n<p>5.- Masculino 67 a\u00f1os de M\u00e9rida\u00a0\u00a0\u00a0\u00a0\u00a0\u00a0\u00a0\u00a0\u00a0\u00a0\u00a0 Sin comorbilidades<\/p>\n<p>6.- Femenino 67 a\u00f1os de M\u00e9rida\u00a0\u00a0\u00a0\u00a0\u00a0\u00a0\u00a0\u00a0\u00a0\u00a0\u00a0 DM\/Hipotiroidismo<\/p>\n<p>7.- Femenino 78 a\u00f1os de M\u00e9rida\u00a0\u00a0\u00a0\u00a0\u00a0\u00a0\u00a0\u00a0\u00a0\u00a0\u00a0 Artritis reumatoide\/Psoriasis<\/p>\n<p>8.- Femenino 74 a\u00f1os de Progreso\u00a0\u00a0\u00a0\u00a0\u00a0\u00a0\u00a0\u00a0\u00a0\u00a0\u00a0 DM\/HAS<\/p>\n<p>9.- Femenino 33 a\u00f1os de Valladolid\u00a0\u00a0\u00a0\u00a0\u00a0\u00a0\u00a0\u00a0\u00a0\u00a0\u00a0 Inmunosupresi\u00f3n<\/p>\n<p>10.- Masculino 76 a\u00f1os de Dzit\u00e1s\u00a0\u00a0\u00a0\u00a0\u00a0\u00a0\u00a0\u00a0\u00a0\u00a0\u00a0 Sin comorbilidades<\/p>\n<p>11.- Femenino 74 a\u00f1os de M\u00e9rida\u00a0 \u00a0\u00a0\u00a0\u00a0\u00a0\u00a0\u00a0\u00a0\u00a0\u00a0Sin comorbilidades<\/p>\n<p>12.- Femenino 48 a\u00f1os de Valladolid\u00a0\u00a0\u00a0\u00a0\u00a0\u00a0\u00a0 DM\/HAS<\/p>\n<p>13.- Masculino 69 a\u00f1os de Chemax\u00a0\u00a0\u00a0\u00a0\u00a0\u00a0\u00a0\u00a0\u00a0\u00a0\u00a0 DM<\/p>\n<p>14.- Masculino 67 a\u00f1os de Valladolid\u00a0\u00a0\u00a0\u00a0\u00a0\u00a0\u00a0 Tabaquismo<\/p>\n<p>15.- Masculino 59 a\u00f1os de Valladolid\u00a0\u00a0\u00a0\u00a0\u00a0\u00a0\u00a0 Asma<\/p>\n<p>Siglas: HIPERTENSI\u00d3N ARTERIAL SIST\u00c9MICA (HAS), DIABETES MELLITUS (DM) e INSUFICIENCIA RENAL CR\u00d3NICA (IRC).<\/p>\n<p>En total, son 5,223 las personas fallecidas a causa del Coronavirus.<\/p>\n<p>De los casos activos, 1,812 est\u00e1n estables, aislados, monitoreados por personal m\u00e9dico de la SSY; presentan s\u00edntomas leves.<\/p>\n<p>Como ya se mencion\u00f3, 242 de los casos positivos est\u00e1n en hospitales p\u00fablicos y en aislamiento total. Hay otros pacientes a la espera de diagn\u00f3stico.<\/p>\n<p>El rango de edad de los casos es de 1 mes a 107 a\u00f1os.<\/p>\n<p>LOS INDICADORES SEMANALES DEL SEM\u00c1FORO ESTATAL DE SALUD MARCAN COLOR NARANJA.<\/p>\n<p>&nbsp;<\/p>\n","protected":false},"excerpt":{"rendered":"<p>&nbsp; M\u00e9rida, Yucat\u00e1n, 11 de agosto de 2021.- Este es el parte m\u00e9dico de este mi\u00e9rcoles 11 de agosto: A partir de ma\u00f1ana jueves 12 al martes 17 de agosto se llevar\u00e1 a cabo en M\u00e9rida la aplicaci\u00f3n de \u00fanicamente las segundas dosis de la vacuna contra el Coronavirus a la poblaci\u00f3n de 40-49 a\u00f1os [&hellip;]<\/p>\n","protected":false},"author":2,"featured_media":85562,"comment_status":"closed","ping_status":"closed","sticky":false,"template":"","format":"standard","meta":{"footnotes":""},"categories":[2],"tags":[],"class_list":{"0":"post-85561","1":"post","2":"type-post","3":"status-publish","4":"format-standard","5":"has-post-thumbnail","7":"category-merida"},"yoast_head":"<!-- This site is optimized with the Yoast SEO plugin v27.4 - https:\/\/yoast.com\/product\/yoast-seo-wordpress\/ -->\n<title>Hoy se detectaron 216 nuevos contagios de Coronavirus - Yucat\u00e1n en corto<\/title>\n<meta name=\"robots\" content=\"index, follow, max-snippet:-1, max-image-preview:large, max-video-preview:-1\" \/>\n<link rel=\"canonical\" href=\"https:\/\/www.yucatanencorto.com\/noticias\/hoy-se-detectaron-216-nuevos-contagios-de-coronavirus\/\" \/>\n<meta property=\"og:locale\" content=\"es_ES\" \/>\n<meta property=\"og:type\" content=\"article\" \/>\n<meta property=\"og:title\" content=\"Hoy se detectaron 216 nuevos contagios de Coronavirus - Yucat\u00e1n en corto\" \/>\n<meta property=\"og:description\" content=\"&nbsp; M\u00e9rida, Yucat\u00e1n, 11 de agosto de 2021.- Este es el parte m\u00e9dico de este mi\u00e9rcoles 11 de agosto: A partir de ma\u00f1ana jueves 12 al martes 17 de agosto se llevar\u00e1 a cabo en M\u00e9rida la aplicaci\u00f3n de \u00fanicamente las segundas dosis de la vacuna contra el Coronavirus a la poblaci\u00f3n de 40-49 a\u00f1os [&hellip;]\" \/>\n<meta property=\"og:url\" content=\"https:\/\/www.yucatanencorto.com\/noticias\/hoy-se-detectaron-216-nuevos-contagios-de-coronavirus\/\" \/>\n<meta property=\"og:site_name\" content=\"Yucat\u00e1n en corto\" \/>\n<meta property=\"article:publisher\" content=\"http:\/\/www.facebook.com\/yucatanencorto\" \/>\n<meta property=\"article:published_time\" content=\"2021-08-11T23:54:29+00:00\" \/>\n<meta property=\"article:modified_time\" content=\"2021-08-12T00:17:58+00:00\" \/>\n<meta property=\"og:image\" content=\"https:\/\/www.yucatanencorto.com\/noticias\/wp-content\/uploads\/2021\/08\/COVID.jpg\" \/>\n\t<meta property=\"og:image:width\" content=\"600\" \/>\n\t<meta property=\"og:image:height\" content=\"427\" \/>\n\t<meta property=\"og:image:type\" content=\"image\/jpeg\" \/>\n<meta name=\"author\" content=\"Yucat\u00e1n en Corto FC\" \/>\n<meta name=\"twitter:card\" content=\"summary_large_image\" \/>\n<meta name=\"twitter:creator\" content=\"@yucatanencorto\" \/>\n<meta name=\"twitter:site\" content=\"@yucatanencorto\" \/>\n<meta name=\"twitter:label1\" content=\"Escrito por\" \/>\n\t<meta name=\"twitter:data1\" content=\"Yucat\u00e1n en Corto FC\" \/>\n\t<meta name=\"twitter:label2\" content=\"Tiempo de lectura\" \/>\n\t<meta name=\"twitter:data2\" content=\"4 minutos\" \/>\n<script type=\"application\/ld+json\" class=\"yoast-schema-graph\">{\"@context\":\"https:\\\/\\\/schema.org\",\"@graph\":[{\"@type\":\"Article\",\"@id\":\"https:\\\/\\\/www.yucatanencorto.com\\\/noticias\\\/hoy-se-detectaron-216-nuevos-contagios-de-coronavirus\\\/#article\",\"isPartOf\":{\"@id\":\"https:\\\/\\\/www.yucatanencorto.com\\\/noticias\\\/hoy-se-detectaron-216-nuevos-contagios-de-coronavirus\\\/\"},\"author\":{\"name\":\"Yucat\u00e1n en Corto FC\",\"@id\":\"https:\\\/\\\/www.yucatanencorto.com\\\/noticias\\\/#\\\/schema\\\/person\\\/14f82d355225a1f4075dd84a31f45a72\"},\"headline\":\"Hoy se detectaron 216 nuevos contagios de Coronavirus\",\"datePublished\":\"2021-08-11T23:54:29+00:00\",\"dateModified\":\"2021-08-12T00:17:58+00:00\",\"mainEntityOfPage\":{\"@id\":\"https:\\\/\\\/www.yucatanencorto.com\\\/noticias\\\/hoy-se-detectaron-216-nuevos-contagios-de-coronavirus\\\/\"},\"wordCount\":800,\"image\":{\"@id\":\"https:\\\/\\\/www.yucatanencorto.com\\\/noticias\\\/hoy-se-detectaron-216-nuevos-contagios-de-coronavirus\\\/#primaryimage\"},\"thumbnailUrl\":\"https:\\\/\\\/www.yucatanencorto.com\\\/noticias\\\/wp-content\\\/uploads\\\/2021\\\/08\\\/COVID.jpg\",\"articleSection\":[\"M\u00e9rida\"],\"inLanguage\":\"es\"},{\"@type\":\"WebPage\",\"@id\":\"https:\\\/\\\/www.yucatanencorto.com\\\/noticias\\\/hoy-se-detectaron-216-nuevos-contagios-de-coronavirus\\\/\",\"url\":\"https:\\\/\\\/www.yucatanencorto.com\\\/noticias\\\/hoy-se-detectaron-216-nuevos-contagios-de-coronavirus\\\/\",\"name\":\"Hoy se detectaron 216 nuevos contagios de Coronavirus - Yucat\u00e1n en corto\",\"isPartOf\":{\"@id\":\"https:\\\/\\\/www.yucatanencorto.com\\\/noticias\\\/#website\"},\"primaryImageOfPage\":{\"@id\":\"https:\\\/\\\/www.yucatanencorto.com\\\/noticias\\\/hoy-se-detectaron-216-nuevos-contagios-de-coronavirus\\\/#primaryimage\"},\"image\":{\"@id\":\"https:\\\/\\\/www.yucatanencorto.com\\\/noticias\\\/hoy-se-detectaron-216-nuevos-contagios-de-coronavirus\\\/#primaryimage\"},\"thumbnailUrl\":\"https:\\\/\\\/www.yucatanencorto.com\\\/noticias\\\/wp-content\\\/uploads\\\/2021\\\/08\\\/COVID.jpg\",\"datePublished\":\"2021-08-11T23:54:29+00:00\",\"dateModified\":\"2021-08-12T00:17:58+00:00\",\"author\":{\"@id\":\"https:\\\/\\\/www.yucatanencorto.com\\\/noticias\\\/#\\\/schema\\\/person\\\/14f82d355225a1f4075dd84a31f45a72\"},\"breadcrumb\":{\"@id\":\"https:\\\/\\\/www.yucatanencorto.com\\\/noticias\\\/hoy-se-detectaron-216-nuevos-contagios-de-coronavirus\\\/#breadcrumb\"},\"inLanguage\":\"es\",\"potentialAction\":[{\"@type\":\"ReadAction\",\"target\":[\"https:\\\/\\\/www.yucatanencorto.com\\\/noticias\\\/hoy-se-detectaron-216-nuevos-contagios-de-coronavirus\\\/\"]}]},{\"@type\":\"ImageObject\",\"inLanguage\":\"es\",\"@id\":\"https:\\\/\\\/www.yucatanencorto.com\\\/noticias\\\/hoy-se-detectaron-216-nuevos-contagios-de-coronavirus\\\/#primaryimage\",\"url\":\"https:\\\/\\\/www.yucatanencorto.com\\\/noticias\\\/wp-content\\\/uploads\\\/2021\\\/08\\\/COVID.jpg\",\"contentUrl\":\"https:\\\/\\\/www.yucatanencorto.com\\\/noticias\\\/wp-content\\\/uploads\\\/2021\\\/08\\\/COVID.jpg\",\"width\":600,\"height\":427},{\"@type\":\"BreadcrumbList\",\"@id\":\"https:\\\/\\\/www.yucatanencorto.com\\\/noticias\\\/hoy-se-detectaron-216-nuevos-contagios-de-coronavirus\\\/#breadcrumb\",\"itemListElement\":[{\"@type\":\"ListItem\",\"position\":1,\"name\":\"Portada\",\"item\":\"https:\\\/\\\/www.yucatanencorto.com\\\/noticias\\\/\"},{\"@type\":\"ListItem\",\"position\":2,\"name\":\"Hoy se detectaron 216 nuevos contagios de Coronavirus\"}]},{\"@type\":\"WebSite\",\"@id\":\"https:\\\/\\\/www.yucatanencorto.com\\\/noticias\\\/#website\",\"url\":\"https:\\\/\\\/www.yucatanencorto.com\\\/noticias\\\/\",\"name\":\"Yucat\u00e1n en corto\",\"description\":\"Noticias\",\"potentialAction\":[{\"@type\":\"SearchAction\",\"target\":{\"@type\":\"EntryPoint\",\"urlTemplate\":\"https:\\\/\\\/www.yucatanencorto.com\\\/noticias\\\/?s={search_term_string}\"},\"query-input\":{\"@type\":\"PropertyValueSpecification\",\"valueRequired\":true,\"valueName\":\"search_term_string\"}}],\"inLanguage\":\"es\"},{\"@type\":\"Person\",\"@id\":\"https:\\\/\\\/www.yucatanencorto.com\\\/noticias\\\/#\\\/schema\\\/person\\\/14f82d355225a1f4075dd84a31f45a72\",\"name\":\"Yucat\u00e1n en Corto FC\",\"image\":{\"@type\":\"ImageObject\",\"inLanguage\":\"es\",\"@id\":\"https:\\\/\\\/secure.gravatar.com\\\/avatar\\\/147d4b30cd728c53c29c49a3f7834dedca33707f4cd259761355846009a88250?s=96&d=mm&r=g\",\"url\":\"https:\\\/\\\/secure.gravatar.com\\\/avatar\\\/147d4b30cd728c53c29c49a3f7834dedca33707f4cd259761355846009a88250?s=96&d=mm&r=g\",\"contentUrl\":\"https:\\\/\\\/secure.gravatar.com\\\/avatar\\\/147d4b30cd728c53c29c49a3f7834dedca33707f4cd259761355846009a88250?s=96&d=mm&r=g\",\"caption\":\"Yucat\u00e1n en Corto FC\"},\"url\":\"https:\\\/\\\/www.yucatanencorto.com\\\/noticias\\\/author\\\/flor\\\/\"}]}<\/script>\n<!-- \/ Yoast SEO plugin. -->","yoast_head_json":{"title":"Hoy se detectaron 216 nuevos contagios de Coronavirus - Yucat\u00e1n en corto","robots":{"index":"index","follow":"follow","max-snippet":"max-snippet:-1","max-image-preview":"max-image-preview:large","max-video-preview":"max-video-preview:-1"},"canonical":"https:\/\/www.yucatanencorto.com\/noticias\/hoy-se-detectaron-216-nuevos-contagios-de-coronavirus\/","og_locale":"es_ES","og_type":"article","og_title":"Hoy se detectaron 216 nuevos contagios de Coronavirus - Yucat\u00e1n en corto","og_description":"&nbsp; M\u00e9rida, Yucat\u00e1n, 11 de agosto de 2021.- Este es el parte m\u00e9dico de este mi\u00e9rcoles 11 de agosto: A partir de ma\u00f1ana jueves 12 al martes 17 de agosto se llevar\u00e1 a cabo en M\u00e9rida la aplicaci\u00f3n de \u00fanicamente las segundas dosis de la vacuna contra el Coronavirus a la poblaci\u00f3n de 40-49 a\u00f1os [&hellip;]","og_url":"https:\/\/www.yucatanencorto.com\/noticias\/hoy-se-detectaron-216-nuevos-contagios-de-coronavirus\/","og_site_name":"Yucat\u00e1n en corto","article_publisher":"http:\/\/www.facebook.com\/yucatanencorto","article_published_time":"2021-08-11T23:54:29+00:00","article_modified_time":"2021-08-12T00:17:58+00:00","og_image":[{"width":600,"height":427,"url":"https:\/\/www.yucatanencorto.com\/noticias\/wp-content\/uploads\/2021\/08\/COVID.jpg","type":"image\/jpeg"}],"author":"Yucat\u00e1n en Corto FC","twitter_card":"summary_large_image","twitter_creator":"@yucatanencorto","twitter_site":"@yucatanencorto","twitter_misc":{"Escrito por":"Yucat\u00e1n en Corto FC","Tiempo de lectura":"4 minutos"},"schema":{"@context":"https:\/\/schema.org","@graph":[{"@type":"Article","@id":"https:\/\/www.yucatanencorto.com\/noticias\/hoy-se-detectaron-216-nuevos-contagios-de-coronavirus\/#article","isPartOf":{"@id":"https:\/\/www.yucatanencorto.com\/noticias\/hoy-se-detectaron-216-nuevos-contagios-de-coronavirus\/"},"author":{"name":"Yucat\u00e1n en Corto FC","@id":"https:\/\/www.yucatanencorto.com\/noticias\/#\/schema\/person\/14f82d355225a1f4075dd84a31f45a72"},"headline":"Hoy se detectaron 216 nuevos contagios de Coronavirus","datePublished":"2021-08-11T23:54:29+00:00","dateModified":"2021-08-12T00:17:58+00:00","mainEntityOfPage":{"@id":"https:\/\/www.yucatanencorto.com\/noticias\/hoy-se-detectaron-216-nuevos-contagios-de-coronavirus\/"},"wordCount":800,"image":{"@id":"https:\/\/www.yucatanencorto.com\/noticias\/hoy-se-detectaron-216-nuevos-contagios-de-coronavirus\/#primaryimage"},"thumbnailUrl":"https:\/\/www.yucatanencorto.com\/noticias\/wp-content\/uploads\/2021\/08\/COVID.jpg","articleSection":["M\u00e9rida"],"inLanguage":"es"},{"@type":"WebPage","@id":"https:\/\/www.yucatanencorto.com\/noticias\/hoy-se-detectaron-216-nuevos-contagios-de-coronavirus\/","url":"https:\/\/www.yucatanencorto.com\/noticias\/hoy-se-detectaron-216-nuevos-contagios-de-coronavirus\/","name":"Hoy se detectaron 216 nuevos contagios de Coronavirus - Yucat\u00e1n en corto","isPartOf":{"@id":"https:\/\/www.yucatanencorto.com\/noticias\/#website"},"primaryImageOfPage":{"@id":"https:\/\/www.yucatanencorto.com\/noticias\/hoy-se-detectaron-216-nuevos-contagios-de-coronavirus\/#primaryimage"},"image":{"@id":"https:\/\/www.yucatanencorto.com\/noticias\/hoy-se-detectaron-216-nuevos-contagios-de-coronavirus\/#primaryimage"},"thumbnailUrl":"https:\/\/www.yucatanencorto.com\/noticias\/wp-content\/uploads\/2021\/08\/COVID.jpg","datePublished":"2021-08-11T23:54:29+00:00","dateModified":"2021-08-12T00:17:58+00:00","author":{"@id":"https:\/\/www.yucatanencorto.com\/noticias\/#\/schema\/person\/14f82d355225a1f4075dd84a31f45a72"},"breadcrumb":{"@id":"https:\/\/www.yucatanencorto.com\/noticias\/hoy-se-detectaron-216-nuevos-contagios-de-coronavirus\/#breadcrumb"},"inLanguage":"es","potentialAction":[{"@type":"ReadAction","target":["https:\/\/www.yucatanencorto.com\/noticias\/hoy-se-detectaron-216-nuevos-contagios-de-coronavirus\/"]}]},{"@type":"ImageObject","inLanguage":"es","@id":"https:\/\/www.yucatanencorto.com\/noticias\/hoy-se-detectaron-216-nuevos-contagios-de-coronavirus\/#primaryimage","url":"https:\/\/www.yucatanencorto.com\/noticias\/wp-content\/uploads\/2021\/08\/COVID.jpg","contentUrl":"https:\/\/www.yucatanencorto.com\/noticias\/wp-content\/uploads\/2021\/08\/COVID.jpg","width":600,"height":427},{"@type":"BreadcrumbList","@id":"https:\/\/www.yucatanencorto.com\/noticias\/hoy-se-detectaron-216-nuevos-contagios-de-coronavirus\/#breadcrumb","itemListElement":[{"@type":"ListItem","position":1,"name":"Portada","item":"https:\/\/www.yucatanencorto.com\/noticias\/"},{"@type":"ListItem","position":2,"name":"Hoy se detectaron 216 nuevos contagios de Coronavirus"}]},{"@type":"WebSite","@id":"https:\/\/www.yucatanencorto.com\/noticias\/#website","url":"https:\/\/www.yucatanencorto.com\/noticias\/","name":"Yucat\u00e1n en corto","description":"Noticias","potentialAction":[{"@type":"SearchAction","target":{"@type":"EntryPoint","urlTemplate":"https:\/\/www.yucatanencorto.com\/noticias\/?s={search_term_string}"},"query-input":{"@type":"PropertyValueSpecification","valueRequired":true,"valueName":"search_term_string"}}],"inLanguage":"es"},{"@type":"Person","@id":"https:\/\/www.yucatanencorto.com\/noticias\/#\/schema\/person\/14f82d355225a1f4075dd84a31f45a72","name":"Yucat\u00e1n en Corto FC","image":{"@type":"ImageObject","inLanguage":"es","@id":"https:\/\/secure.gravatar.com\/avatar\/147d4b30cd728c53c29c49a3f7834dedca33707f4cd259761355846009a88250?s=96&d=mm&r=g","url":"https:\/\/secure.gravatar.com\/avatar\/147d4b30cd728c53c29c49a3f7834dedca33707f4cd259761355846009a88250?s=96&d=mm&r=g","contentUrl":"https:\/\/secure.gravatar.com\/avatar\/147d4b30cd728c53c29c49a3f7834dedca33707f4cd259761355846009a88250?s=96&d=mm&r=g","caption":"Yucat\u00e1n en Corto FC"},"url":"https:\/\/www.yucatanencorto.com\/noticias\/author\/flor\/"}]}},"_links":{"self":[{"href":"https:\/\/www.yucatanencorto.com\/noticias\/wp-json\/wp\/v2\/posts\/85561","targetHints":{"allow":["GET"]}}],"collection":[{"href":"https:\/\/www.yucatanencorto.com\/noticias\/wp-json\/wp\/v2\/posts"}],"about":[{"href":"https:\/\/www.yucatanencorto.com\/noticias\/wp-json\/wp\/v2\/types\/post"}],"author":[{"embeddable":true,"href":"https:\/\/www.yucatanencorto.com\/noticias\/wp-json\/wp\/v2\/users\/2"}],"replies":[{"embeddable":true,"href":"https:\/\/www.yucatanencorto.com\/noticias\/wp-json\/wp\/v2\/comments?post=85561"}],"version-history":[{"count":0,"href":"https:\/\/www.yucatanencorto.com\/noticias\/wp-json\/wp\/v2\/posts\/85561\/revisions"}],"wp:featuredmedia":[{"embeddable":true,"href":"https:\/\/www.yucatanencorto.com\/noticias\/wp-json\/wp\/v2\/media\/85562"}],"wp:attachment":[{"href":"https:\/\/www.yucatanencorto.com\/noticias\/wp-json\/wp\/v2\/media?parent=85561"}],"wp:term":[{"taxonomy":"category","embeddable":true,"href":"https:\/\/www.yucatanencorto.com\/noticias\/wp-json\/wp\/v2\/categories?post=85561"},{"taxonomy":"post_tag","embeddable":true,"href":"https:\/\/www.yucatanencorto.com\/noticias\/wp-json\/wp\/v2\/tags?post=85561"}],"curies":[{"name":"wp","href":"https:\/\/api.w.org\/{rel}","templated":true}]}}