{"id":85564,"date":"2021-08-11T18:56:40","date_gmt":"2021-08-11T23:56:40","guid":{"rendered":"https:\/\/www.yucatanencorto.com\/noticias\/?p=85564"},"modified":"2021-08-11T18:56:40","modified_gmt":"2021-08-11T23:56:40","slug":"la-tormenta-tropical-fred-no-representa-riesgo-para-el-estado","status":"publish","type":"post","link":"https:\/\/www.yucatanencorto.com\/noticias\/la-tormenta-tropical-fred-no-representa-riesgo-para-el-estado\/","title":{"rendered":"La tormenta tropical Fred, no representa riesgo para el estado"},"content":{"rendered":"<p>&nbsp;<\/p>\n<p><img loading=\"lazy\" decoding=\"async\" class=\"alignnone size-full wp-image-85565\" src=\"https:\/\/www.yucatanencorto.com\/noticias\/wp-content\/uploads\/2021\/08\/Fred.jpeg\" alt=\"\" width=\"600\" height=\"600\" srcset=\"https:\/\/www.yucatanencorto.com\/noticias\/wp-content\/uploads\/2021\/08\/Fred.jpeg 600w, https:\/\/www.yucatanencorto.com\/noticias\/wp-content\/uploads\/2021\/08\/Fred-420x420.jpeg 420w\" sizes=\"auto, (max-width: 600px) 100vw, 600px\" \/><\/p>\n<p><em>La dependencia se\u00f1ala que la tormenta tropical Fred no representa riesgo para Yucat\u00e1n.<\/em><\/p>\n<p>M\u00e9rida, Yucat\u00e1n, 11 de agosto de 2021.- La tormenta tropical Fred, a 1,800 kil\u00f3metros de Tizim\u00edn, no representa, al momento, riesgo para la entidad; sin embargo, como lo ha instruido el Gobernador Mauricio Vila Dosal, estaremos monitoreando permanentemente las condiciones meteorol\u00f3gicas, asegur\u00f3 el titular de la Coordinaci\u00f3n Estatal de Protecci\u00f3n Civil (Procivy), Enrique Alcocer Basto.<\/p>\n<p>&nbsp;<\/p>\n<p>El funcionario a\u00f1adi\u00f3 que en la zona est\u00e1n dadas las condiciones para la futura formaci\u00f3n de eventos cicl\u00f3nicos durante los pr\u00f3ximos tres meses y medio, de manera que hizo un llamado a la poblaci\u00f3n a mantenerse informada del desarrollo de fen\u00f3menos atmosf\u00e9ricos tanto en el Atl\u00e1ntico como en el Mar Caribe y Golfo de M\u00e9xico.<\/p>\n<p>&nbsp;<\/p>\n<p>Tal como lo encomend\u00f3 el Gobernador, explic\u00f3, se mantienen las medidas de prevenci\u00f3n necesarias en esta temporada de huracanes, que culminar\u00e1 el pr\u00f3ximo 30 de noviembre. A su vez, reiter\u00f3 que, por ahora, no existe amenaza directa de ning\u00fan tipo de cicl\u00f3n tropical, incluyendo Fred, cuyo recorrido es de oeste-noroeste rumbo a las costas de Estados Unidos.<\/p>\n<p>&nbsp;<\/p>\n<p>De acuerdo con el Centro Estatal de Monitoreo y Alertamiento, con datos del Servicio Meteorol\u00f3gico Nacional, actualmente la tormenta se encuentra frente a Rep\u00fablica Dominicana, con rumbo al norte de la isla de Cuba, y posteriormente, al territorio del pa\u00eds vecino del norte.<\/p>\n<p>&nbsp;<\/p>\n<p>Se mueve a una velocidad de 26 kil\u00f3metros por hora (km\/h) con vientos de 75 km\/h y rachas de 95 km\/h. De mantener estos patrones de desplazamiento y trayectoria, el jueves 12 de agosto pasar\u00eda por Cuba y el 14 de este mes llegar\u00eda a Florida.<\/p>\n","protected":false},"excerpt":{"rendered":"<p>&nbsp; La dependencia se\u00f1ala que la tormenta tropical Fred no representa riesgo para Yucat\u00e1n. M\u00e9rida, Yucat\u00e1n, 11 de agosto de 2021.- La tormenta tropical Fred, a 1,800 kil\u00f3metros de Tizim\u00edn, no representa, al momento, riesgo para la entidad; sin embargo, como lo ha instruido el Gobernador Mauricio Vila Dosal, estaremos monitoreando permanentemente las condiciones meteorol\u00f3gicas, [&hellip;]<\/p>\n","protected":false},"author":2,"featured_media":85565,"comment_status":"closed","ping_status":"closed","sticky":false,"template":"","format":"standard","meta":{"footnotes":""},"categories":[3],"tags":[],"class_list":{"0":"post-85564","1":"post","2":"type-post","3":"status-publish","4":"format-standard","5":"has-post-thumbnail","7":"category-yucatan"},"yoast_head":"<!-- This site is optimized with the Yoast SEO plugin v27.4 - https:\/\/yoast.com\/product\/yoast-seo-wordpress\/ -->\n<title>La tormenta tropical Fred, no representa riesgo para el estado - Yucat\u00e1n en corto<\/title>\n<meta name=\"robots\" content=\"index, follow, max-snippet:-1, max-image-preview:large, max-video-preview:-1\" \/>\n<link rel=\"canonical\" href=\"https:\/\/www.yucatanencorto.com\/noticias\/la-tormenta-tropical-fred-no-representa-riesgo-para-el-estado\/\" \/>\n<meta property=\"og:locale\" content=\"es_ES\" \/>\n<meta property=\"og:type\" content=\"article\" \/>\n<meta property=\"og:title\" content=\"La tormenta tropical Fred, no representa riesgo para el estado - Yucat\u00e1n en corto\" \/>\n<meta property=\"og:description\" content=\"&nbsp; La dependencia se\u00f1ala que la tormenta tropical Fred no representa riesgo para Yucat\u00e1n. M\u00e9rida, Yucat\u00e1n, 11 de agosto de 2021.- La tormenta tropical Fred, a 1,800 kil\u00f3metros de Tizim\u00edn, no representa, al momento, riesgo para la entidad; sin embargo, como lo ha instruido el Gobernador Mauricio Vila Dosal, estaremos monitoreando permanentemente las condiciones meteorol\u00f3gicas, [&hellip;]\" \/>\n<meta property=\"og:url\" content=\"https:\/\/www.yucatanencorto.com\/noticias\/la-tormenta-tropical-fred-no-representa-riesgo-para-el-estado\/\" \/>\n<meta property=\"og:site_name\" content=\"Yucat\u00e1n en corto\" \/>\n<meta property=\"article:publisher\" content=\"http:\/\/www.facebook.com\/yucatanencorto\" \/>\n<meta property=\"article:published_time\" content=\"2021-08-11T23:56:40+00:00\" \/>\n<meta property=\"og:image\" content=\"https:\/\/www.yucatanencorto.com\/noticias\/wp-content\/uploads\/2021\/08\/Fred.jpeg\" \/>\n\t<meta property=\"og:image:width\" content=\"600\" \/>\n\t<meta property=\"og:image:height\" content=\"600\" \/>\n\t<meta property=\"og:image:type\" content=\"image\/jpeg\" \/>\n<meta name=\"author\" content=\"Yucat\u00e1n en Corto FC\" \/>\n<meta name=\"twitter:card\" content=\"summary_large_image\" \/>\n<meta name=\"twitter:creator\" content=\"@yucatanencorto\" \/>\n<meta name=\"twitter:site\" content=\"@yucatanencorto\" \/>\n<meta name=\"twitter:label1\" content=\"Escrito por\" \/>\n\t<meta name=\"twitter:data1\" content=\"Yucat\u00e1n en Corto FC\" \/>\n\t<meta name=\"twitter:label2\" content=\"Tiempo de lectura\" \/>\n\t<meta name=\"twitter:data2\" content=\"2 minutos\" \/>\n<script type=\"application\/ld+json\" class=\"yoast-schema-graph\">{\"@context\":\"https:\\\/\\\/schema.org\",\"@graph\":[{\"@type\":\"Article\",\"@id\":\"https:\\\/\\\/www.yucatanencorto.com\\\/noticias\\\/la-tormenta-tropical-fred-no-representa-riesgo-para-el-estado\\\/#article\",\"isPartOf\":{\"@id\":\"https:\\\/\\\/www.yucatanencorto.com\\\/noticias\\\/la-tormenta-tropical-fred-no-representa-riesgo-para-el-estado\\\/\"},\"author\":{\"name\":\"Yucat\u00e1n en Corto FC\",\"@id\":\"https:\\\/\\\/www.yucatanencorto.com\\\/noticias\\\/#\\\/schema\\\/person\\\/14f82d355225a1f4075dd84a31f45a72\"},\"headline\":\"La tormenta tropical Fred, no representa riesgo para el estado\",\"datePublished\":\"2021-08-11T23:56:40+00:00\",\"mainEntityOfPage\":{\"@id\":\"https:\\\/\\\/www.yucatanencorto.com\\\/noticias\\\/la-tormenta-tropical-fred-no-representa-riesgo-para-el-estado\\\/\"},\"wordCount\":308,\"image\":{\"@id\":\"https:\\\/\\\/www.yucatanencorto.com\\\/noticias\\\/la-tormenta-tropical-fred-no-representa-riesgo-para-el-estado\\\/#primaryimage\"},\"thumbnailUrl\":\"https:\\\/\\\/www.yucatanencorto.com\\\/noticias\\\/wp-content\\\/uploads\\\/2021\\\/08\\\/Fred.jpeg\",\"articleSection\":[\"Yucat\u00e1n\"],\"inLanguage\":\"es\"},{\"@type\":\"WebPage\",\"@id\":\"https:\\\/\\\/www.yucatanencorto.com\\\/noticias\\\/la-tormenta-tropical-fred-no-representa-riesgo-para-el-estado\\\/\",\"url\":\"https:\\\/\\\/www.yucatanencorto.com\\\/noticias\\\/la-tormenta-tropical-fred-no-representa-riesgo-para-el-estado\\\/\",\"name\":\"La tormenta tropical Fred, no representa riesgo para el estado - Yucat\u00e1n en corto\",\"isPartOf\":{\"@id\":\"https:\\\/\\\/www.yucatanencorto.com\\\/noticias\\\/#website\"},\"primaryImageOfPage\":{\"@id\":\"https:\\\/\\\/www.yucatanencorto.com\\\/noticias\\\/la-tormenta-tropical-fred-no-representa-riesgo-para-el-estado\\\/#primaryimage\"},\"image\":{\"@id\":\"https:\\\/\\\/www.yucatanencorto.com\\\/noticias\\\/la-tormenta-tropical-fred-no-representa-riesgo-para-el-estado\\\/#primaryimage\"},\"thumbnailUrl\":\"https:\\\/\\\/www.yucatanencorto.com\\\/noticias\\\/wp-content\\\/uploads\\\/2021\\\/08\\\/Fred.jpeg\",\"datePublished\":\"2021-08-11T23:56:40+00:00\",\"author\":{\"@id\":\"https:\\\/\\\/www.yucatanencorto.com\\\/noticias\\\/#\\\/schema\\\/person\\\/14f82d355225a1f4075dd84a31f45a72\"},\"breadcrumb\":{\"@id\":\"https:\\\/\\\/www.yucatanencorto.com\\\/noticias\\\/la-tormenta-tropical-fred-no-representa-riesgo-para-el-estado\\\/#breadcrumb\"},\"inLanguage\":\"es\",\"potentialAction\":[{\"@type\":\"ReadAction\",\"target\":[\"https:\\\/\\\/www.yucatanencorto.com\\\/noticias\\\/la-tormenta-tropical-fred-no-representa-riesgo-para-el-estado\\\/\"]}]},{\"@type\":\"ImageObject\",\"inLanguage\":\"es\",\"@id\":\"https:\\\/\\\/www.yucatanencorto.com\\\/noticias\\\/la-tormenta-tropical-fred-no-representa-riesgo-para-el-estado\\\/#primaryimage\",\"url\":\"https:\\\/\\\/www.yucatanencorto.com\\\/noticias\\\/wp-content\\\/uploads\\\/2021\\\/08\\\/Fred.jpeg\",\"contentUrl\":\"https:\\\/\\\/www.yucatanencorto.com\\\/noticias\\\/wp-content\\\/uploads\\\/2021\\\/08\\\/Fred.jpeg\",\"width\":600,\"height\":600},{\"@type\":\"BreadcrumbList\",\"@id\":\"https:\\\/\\\/www.yucatanencorto.com\\\/noticias\\\/la-tormenta-tropical-fred-no-representa-riesgo-para-el-estado\\\/#breadcrumb\",\"itemListElement\":[{\"@type\":\"ListItem\",\"position\":1,\"name\":\"Portada\",\"item\":\"https:\\\/\\\/www.yucatanencorto.com\\\/noticias\\\/\"},{\"@type\":\"ListItem\",\"position\":2,\"name\":\"La tormenta tropical Fred, no representa riesgo para el estado\"}]},{\"@type\":\"WebSite\",\"@id\":\"https:\\\/\\\/www.yucatanencorto.com\\\/noticias\\\/#website\",\"url\":\"https:\\\/\\\/www.yucatanencorto.com\\\/noticias\\\/\",\"name\":\"Yucat\u00e1n en corto\",\"description\":\"Noticias\",\"potentialAction\":[{\"@type\":\"SearchAction\",\"target\":{\"@type\":\"EntryPoint\",\"urlTemplate\":\"https:\\\/\\\/www.yucatanencorto.com\\\/noticias\\\/?s={search_term_string}\"},\"query-input\":{\"@type\":\"PropertyValueSpecification\",\"valueRequired\":true,\"valueName\":\"search_term_string\"}}],\"inLanguage\":\"es\"},{\"@type\":\"Person\",\"@id\":\"https:\\\/\\\/www.yucatanencorto.com\\\/noticias\\\/#\\\/schema\\\/person\\\/14f82d355225a1f4075dd84a31f45a72\",\"name\":\"Yucat\u00e1n en Corto FC\",\"image\":{\"@type\":\"ImageObject\",\"inLanguage\":\"es\",\"@id\":\"https:\\\/\\\/secure.gravatar.com\\\/avatar\\\/147d4b30cd728c53c29c49a3f7834dedca33707f4cd259761355846009a88250?s=96&d=mm&r=g\",\"url\":\"https:\\\/\\\/secure.gravatar.com\\\/avatar\\\/147d4b30cd728c53c29c49a3f7834dedca33707f4cd259761355846009a88250?s=96&d=mm&r=g\",\"contentUrl\":\"https:\\\/\\\/secure.gravatar.com\\\/avatar\\\/147d4b30cd728c53c29c49a3f7834dedca33707f4cd259761355846009a88250?s=96&d=mm&r=g\",\"caption\":\"Yucat\u00e1n en Corto FC\"},\"url\":\"https:\\\/\\\/www.yucatanencorto.com\\\/noticias\\\/author\\\/flor\\\/\"}]}<\/script>\n<!-- \/ Yoast SEO plugin. -->","yoast_head_json":{"title":"La tormenta tropical Fred, no representa riesgo para el estado - Yucat\u00e1n en corto","robots":{"index":"index","follow":"follow","max-snippet":"max-snippet:-1","max-image-preview":"max-image-preview:large","max-video-preview":"max-video-preview:-1"},"canonical":"https:\/\/www.yucatanencorto.com\/noticias\/la-tormenta-tropical-fred-no-representa-riesgo-para-el-estado\/","og_locale":"es_ES","og_type":"article","og_title":"La tormenta tropical Fred, no representa riesgo para el estado - Yucat\u00e1n en corto","og_description":"&nbsp; La dependencia se\u00f1ala que la tormenta tropical Fred no representa riesgo para Yucat\u00e1n. M\u00e9rida, Yucat\u00e1n, 11 de agosto de 2021.- La tormenta tropical Fred, a 1,800 kil\u00f3metros de Tizim\u00edn, no representa, al momento, riesgo para la entidad; sin embargo, como lo ha instruido el Gobernador Mauricio Vila Dosal, estaremos monitoreando permanentemente las condiciones meteorol\u00f3gicas, [&hellip;]","og_url":"https:\/\/www.yucatanencorto.com\/noticias\/la-tormenta-tropical-fred-no-representa-riesgo-para-el-estado\/","og_site_name":"Yucat\u00e1n en corto","article_publisher":"http:\/\/www.facebook.com\/yucatanencorto","article_published_time":"2021-08-11T23:56:40+00:00","og_image":[{"width":600,"height":600,"url":"https:\/\/www.yucatanencorto.com\/noticias\/wp-content\/uploads\/2021\/08\/Fred.jpeg","type":"image\/jpeg"}],"author":"Yucat\u00e1n en Corto FC","twitter_card":"summary_large_image","twitter_creator":"@yucatanencorto","twitter_site":"@yucatanencorto","twitter_misc":{"Escrito por":"Yucat\u00e1n en Corto FC","Tiempo de lectura":"2 minutos"},"schema":{"@context":"https:\/\/schema.org","@graph":[{"@type":"Article","@id":"https:\/\/www.yucatanencorto.com\/noticias\/la-tormenta-tropical-fred-no-representa-riesgo-para-el-estado\/#article","isPartOf":{"@id":"https:\/\/www.yucatanencorto.com\/noticias\/la-tormenta-tropical-fred-no-representa-riesgo-para-el-estado\/"},"author":{"name":"Yucat\u00e1n en Corto FC","@id":"https:\/\/www.yucatanencorto.com\/noticias\/#\/schema\/person\/14f82d355225a1f4075dd84a31f45a72"},"headline":"La tormenta tropical Fred, no representa riesgo para el estado","datePublished":"2021-08-11T23:56:40+00:00","mainEntityOfPage":{"@id":"https:\/\/www.yucatanencorto.com\/noticias\/la-tormenta-tropical-fred-no-representa-riesgo-para-el-estado\/"},"wordCount":308,"image":{"@id":"https:\/\/www.yucatanencorto.com\/noticias\/la-tormenta-tropical-fred-no-representa-riesgo-para-el-estado\/#primaryimage"},"thumbnailUrl":"https:\/\/www.yucatanencorto.com\/noticias\/wp-content\/uploads\/2021\/08\/Fred.jpeg","articleSection":["Yucat\u00e1n"],"inLanguage":"es"},{"@type":"WebPage","@id":"https:\/\/www.yucatanencorto.com\/noticias\/la-tormenta-tropical-fred-no-representa-riesgo-para-el-estado\/","url":"https:\/\/www.yucatanencorto.com\/noticias\/la-tormenta-tropical-fred-no-representa-riesgo-para-el-estado\/","name":"La tormenta tropical Fred, no representa riesgo para el estado - Yucat\u00e1n en corto","isPartOf":{"@id":"https:\/\/www.yucatanencorto.com\/noticias\/#website"},"primaryImageOfPage":{"@id":"https:\/\/www.yucatanencorto.com\/noticias\/la-tormenta-tropical-fred-no-representa-riesgo-para-el-estado\/#primaryimage"},"image":{"@id":"https:\/\/www.yucatanencorto.com\/noticias\/la-tormenta-tropical-fred-no-representa-riesgo-para-el-estado\/#primaryimage"},"thumbnailUrl":"https:\/\/www.yucatanencorto.com\/noticias\/wp-content\/uploads\/2021\/08\/Fred.jpeg","datePublished":"2021-08-11T23:56:40+00:00","author":{"@id":"https:\/\/www.yucatanencorto.com\/noticias\/#\/schema\/person\/14f82d355225a1f4075dd84a31f45a72"},"breadcrumb":{"@id":"https:\/\/www.yucatanencorto.com\/noticias\/la-tormenta-tropical-fred-no-representa-riesgo-para-el-estado\/#breadcrumb"},"inLanguage":"es","potentialAction":[{"@type":"ReadAction","target":["https:\/\/www.yucatanencorto.com\/noticias\/la-tormenta-tropical-fred-no-representa-riesgo-para-el-estado\/"]}]},{"@type":"ImageObject","inLanguage":"es","@id":"https:\/\/www.yucatanencorto.com\/noticias\/la-tormenta-tropical-fred-no-representa-riesgo-para-el-estado\/#primaryimage","url":"https:\/\/www.yucatanencorto.com\/noticias\/wp-content\/uploads\/2021\/08\/Fred.jpeg","contentUrl":"https:\/\/www.yucatanencorto.com\/noticias\/wp-content\/uploads\/2021\/08\/Fred.jpeg","width":600,"height":600},{"@type":"BreadcrumbList","@id":"https:\/\/www.yucatanencorto.com\/noticias\/la-tormenta-tropical-fred-no-representa-riesgo-para-el-estado\/#breadcrumb","itemListElement":[{"@type":"ListItem","position":1,"name":"Portada","item":"https:\/\/www.yucatanencorto.com\/noticias\/"},{"@type":"ListItem","position":2,"name":"La tormenta tropical Fred, no representa riesgo para el estado"}]},{"@type":"WebSite","@id":"https:\/\/www.yucatanencorto.com\/noticias\/#website","url":"https:\/\/www.yucatanencorto.com\/noticias\/","name":"Yucat\u00e1n en corto","description":"Noticias","potentialAction":[{"@type":"SearchAction","target":{"@type":"EntryPoint","urlTemplate":"https:\/\/www.yucatanencorto.com\/noticias\/?s={search_term_string}"},"query-input":{"@type":"PropertyValueSpecification","valueRequired":true,"valueName":"search_term_string"}}],"inLanguage":"es"},{"@type":"Person","@id":"https:\/\/www.yucatanencorto.com\/noticias\/#\/schema\/person\/14f82d355225a1f4075dd84a31f45a72","name":"Yucat\u00e1n en Corto FC","image":{"@type":"ImageObject","inLanguage":"es","@id":"https:\/\/secure.gravatar.com\/avatar\/147d4b30cd728c53c29c49a3f7834dedca33707f4cd259761355846009a88250?s=96&d=mm&r=g","url":"https:\/\/secure.gravatar.com\/avatar\/147d4b30cd728c53c29c49a3f7834dedca33707f4cd259761355846009a88250?s=96&d=mm&r=g","contentUrl":"https:\/\/secure.gravatar.com\/avatar\/147d4b30cd728c53c29c49a3f7834dedca33707f4cd259761355846009a88250?s=96&d=mm&r=g","caption":"Yucat\u00e1n en Corto FC"},"url":"https:\/\/www.yucatanencorto.com\/noticias\/author\/flor\/"}]}},"_links":{"self":[{"href":"https:\/\/www.yucatanencorto.com\/noticias\/wp-json\/wp\/v2\/posts\/85564","targetHints":{"allow":["GET"]}}],"collection":[{"href":"https:\/\/www.yucatanencorto.com\/noticias\/wp-json\/wp\/v2\/posts"}],"about":[{"href":"https:\/\/www.yucatanencorto.com\/noticias\/wp-json\/wp\/v2\/types\/post"}],"author":[{"embeddable":true,"href":"https:\/\/www.yucatanencorto.com\/noticias\/wp-json\/wp\/v2\/users\/2"}],"replies":[{"embeddable":true,"href":"https:\/\/www.yucatanencorto.com\/noticias\/wp-json\/wp\/v2\/comments?post=85564"}],"version-history":[{"count":0,"href":"https:\/\/www.yucatanencorto.com\/noticias\/wp-json\/wp\/v2\/posts\/85564\/revisions"}],"wp:featuredmedia":[{"embeddable":true,"href":"https:\/\/www.yucatanencorto.com\/noticias\/wp-json\/wp\/v2\/media\/85565"}],"wp:attachment":[{"href":"https:\/\/www.yucatanencorto.com\/noticias\/wp-json\/wp\/v2\/media?parent=85564"}],"wp:term":[{"taxonomy":"category","embeddable":true,"href":"https:\/\/www.yucatanencorto.com\/noticias\/wp-json\/wp\/v2\/categories?post=85564"},{"taxonomy":"post_tag","embeddable":true,"href":"https:\/\/www.yucatanencorto.com\/noticias\/wp-json\/wp\/v2\/tags?post=85564"}],"curies":[{"name":"wp","href":"https:\/\/api.w.org\/{rel}","templated":true}]}}