{"id":85568,"date":"2021-08-11T19:14:54","date_gmt":"2021-08-12T00:14:54","guid":{"rendered":"https:\/\/www.yucatanencorto.com\/noticias\/?p=85568"},"modified":"2021-08-11T19:19:43","modified_gmt":"2021-08-12T00:19:43","slug":"el-alcalde-renan-barrera-concha-se-reune-con-representantes-de-los-consejos-de-participacion-ciudadana","status":"publish","type":"post","link":"https:\/\/www.yucatanencorto.com\/noticias\/el-alcalde-renan-barrera-concha-se-reune-con-representantes-de-los-consejos-de-participacion-ciudadana\/","title":{"rendered":"El alcalde Ren\u00e1n Barrera Concha se re\u00fane con representantes de los Consejos de Participaci\u00f3n Ciudadana"},"content":{"rendered":"<blockquote>\n<div dir=\"ltr\">\n<p><img loading=\"lazy\" decoding=\"async\" class=\"alignnone wp-image-85569\" src=\"https:\/\/www.yucatanencorto.com\/noticias\/wp-content\/uploads\/2021\/08\/barrera.jpg\" alt=\"\" width=\"473\" height=\"316\" \/><\/p>\n<p>El Concejal encabez\u00f3 esta ma\u00f1ana una reuni\u00f3n en la video-sala del Centro Cultural \u201cOlimpo\u201d con representantes de los Consejos de Participaci\u00f3n Ciudadana, donde reconoci\u00f3 la labor de la poblaci\u00f3n en la toma de decisiones que han abonado al desarrollo ordenado de la capital yucateca.<\/p>\n<p>Barrera Concha indic\u00f3 que M\u00e9rida, junto con los Consejos de Participaci\u00f3n Ciudadana, son propulsores de la democracia participativa que permite desarrollar procesos de colaboraci\u00f3n ciudadana que se reflejan en las obras y servicios en colonias, comisar\u00edas y fraccionamientos de M\u00e9rida.<\/p>\n<p>\u201cLo que hemos buscado en este Ayuntamiento es perfeccionar los mecanismos para tener m\u00e1s contacto ciudadano y de esa manera poder trabajar juntos en la priorizaci\u00f3n de las necesidades de la poblaci\u00f3n\u201d.<\/p>\n<p>Por su parte, Jorge Quiroz Flores, representante del Consejo de Participaci\u00f3n Ciudadana de la colonia Emiliano Zapata Sur III, relat\u00f3 que desde hace 20 a\u00f1os lleg\u00f3 de Veracruz para radicar en M\u00e9rida pues es una ciudad que se destaca por su calidad de vida.<\/p>\n<p>Dijo que desde hace 8 a\u00f1os ninguna autoridad se hab\u00eda preocupado y ocupado por acercar los servicios b\u00e1sicos a la colonia donde vive. Por ese motivo agradeci\u00f3 a Ren\u00e1n Barrera por dotar de agua potable, alumbrado p\u00fablico, banquetas, recoja de basura y vialidades a esa zona en la que habitan m\u00e1s de 500 familias.<\/p>\n<p>\u201cLlevamos a\u00f1os tocado varias puertas y nos daban excusas para no atendernos, hasta que llegamos con Ren\u00e1n Barrera y a partir de ah\u00ed comenzaron a llegar los apoyos. Ya no vivimos entre lodo y en oscuridad, ahora nuestras familias tienen todos los servicios b\u00e1sicos\u201d, continu\u00f3.<\/p>\n<p>\u201cRen\u00e1n es una persona que se enamor\u00f3 de nuestra colonia y no le import\u00f3 que seamos o no de M\u00e9rida, \u00e9l trabaj\u00f3 y sigue trabajando por el bienestar de todos\u201d, manifest\u00f3.<\/p>\n<p>Virginia Puc Acosta, representante del Consejo de Participaci\u00f3n Ciudadana de la comisar\u00eda San Jos\u00e9 Tzal, indic\u00f3 que gracias a la actual administraci\u00f3n municipal el rostro de la comunidad ha cambiado, ya que se han ejecutado varias obras de infraestructura, as\u00ed como programas de apoyo.<\/p>\n<p>\u201cEn nuestra comisar\u00eda estamos agradecidos con la remodelaci\u00f3n del parque principal y muy felices porque nos dio la oportunidad de incluirnos en el dise\u00f1o de mismo, y todo lo que se pidi\u00f3 se cumpli\u00f3\u201d, expres\u00f3.<\/p>\n<p>\u201cTambi\u00e9n agradecemos su apoyo en obras de viviendas y programas como \u201cSurte tu negocio que han sido de gran beneficio para nosotros\u201d, mencion\u00f3.<\/p>\n<p>En su intervenci\u00f3n, Wilma Baas Toh, representante del Consejo de Participaci\u00f3n Ciudadana de la Comisaria de Noc Ac, se sum\u00f3 a los agradecimientos y refiri\u00f3 que durante las inundaciones, el Presidente Municipal estuvo siempre al pendiente de su situaci\u00f3n, acci\u00f3n que quedar\u00e1 en la memoria de los lugare\u00f1os.<\/p>\n<p>A su vez, el director de Desarrollo Social, Jos\u00e9 Luis Mart\u00ednez Semerena, explic\u00f3 que en la presente administraci\u00f3n, se ha incrementado el n\u00famero de Consejos de Participaci\u00f3n Ciudadana de 75 a 204, distribuidos 36 en la zona Oriente, 44 en el Poniente, 26 en el Norte, 58 en el Sur y 40 en comisar\u00edas.<\/p>\n<p>Durante el evento, en el que tambi\u00e9n se cont\u00f3 con la presencia de Diana Canto Moreno, S\u00edndica municipal, el Alcalde entreg\u00f3 reconocimientos a los Representantes de los Consejos de Participaci\u00f3n Ciudadana por su labor en la toma de decisiones para el beneficio de toda la ciudadan\u00eda.<\/p>\n<\/div>\n<\/blockquote>\n","protected":false},"excerpt":{"rendered":"<p>El Concejal encabez\u00f3 esta ma\u00f1ana una reuni\u00f3n en la video-sala del Centro Cultural \u201cOlimpo\u201d con representantes de los Consejos de Participaci\u00f3n Ciudadana, donde reconoci\u00f3 la labor de la poblaci\u00f3n en la toma de decisiones que han abonado al desarrollo ordenado de la capital yucateca. Barrera Concha indic\u00f3 que M\u00e9rida, junto con los Consejos de Participaci\u00f3n [&hellip;]<\/p>\n","protected":false},"author":2,"featured_media":85569,"comment_status":"closed","ping_status":"closed","sticky":false,"template":"","format":"standard","meta":{"footnotes":""},"categories":[2],"tags":[],"class_list":{"0":"post-85568","1":"post","2":"type-post","3":"status-publish","4":"format-standard","5":"has-post-thumbnail","7":"category-merida"},"yoast_head":"<!-- This site is optimized with the Yoast SEO plugin v27.4 - https:\/\/yoast.com\/product\/yoast-seo-wordpress\/ -->\n<title>El alcalde Ren\u00e1n Barrera Concha se re\u00fane con representantes de los Consejos de Participaci\u00f3n Ciudadana - Yucat\u00e1n en corto<\/title>\n<meta name=\"robots\" content=\"index, follow, max-snippet:-1, max-image-preview:large, max-video-preview:-1\" \/>\n<link rel=\"canonical\" href=\"https:\/\/www.yucatanencorto.com\/noticias\/el-alcalde-renan-barrera-concha-se-reune-con-representantes-de-los-consejos-de-participacion-ciudadana\/\" \/>\n<meta property=\"og:locale\" content=\"es_ES\" \/>\n<meta property=\"og:type\" content=\"article\" \/>\n<meta property=\"og:title\" content=\"El alcalde Ren\u00e1n Barrera Concha se re\u00fane con representantes de los Consejos de Participaci\u00f3n Ciudadana - Yucat\u00e1n en corto\" \/>\n<meta property=\"og:description\" content=\"El Concejal encabez\u00f3 esta ma\u00f1ana una reuni\u00f3n en la video-sala del Centro Cultural \u201cOlimpo\u201d con representantes de los Consejos de Participaci\u00f3n Ciudadana, donde reconoci\u00f3 la labor de la poblaci\u00f3n en la toma de decisiones que han abonado al desarrollo ordenado de la capital yucateca. Barrera Concha indic\u00f3 que M\u00e9rida, junto con los Consejos de Participaci\u00f3n [&hellip;]\" \/>\n<meta property=\"og:url\" content=\"https:\/\/www.yucatanencorto.com\/noticias\/el-alcalde-renan-barrera-concha-se-reune-con-representantes-de-los-consejos-de-participacion-ciudadana\/\" \/>\n<meta property=\"og:site_name\" content=\"Yucat\u00e1n en corto\" \/>\n<meta property=\"article:publisher\" content=\"http:\/\/www.facebook.com\/yucatanencorto\" \/>\n<meta property=\"article:published_time\" content=\"2021-08-12T00:14:54+00:00\" \/>\n<meta property=\"article:modified_time\" content=\"2021-08-12T00:19:43+00:00\" \/>\n<meta property=\"og:image\" content=\"https:\/\/www.yucatanencorto.com\/noticias\/wp-content\/uploads\/2021\/08\/barrera.jpg\" \/>\n\t<meta property=\"og:image:width\" content=\"600\" \/>\n\t<meta property=\"og:image:height\" content=\"400\" \/>\n\t<meta property=\"og:image:type\" content=\"image\/jpeg\" \/>\n<meta name=\"author\" content=\"Yucat\u00e1n en Corto FC\" \/>\n<meta name=\"twitter:card\" content=\"summary_large_image\" \/>\n<meta name=\"twitter:creator\" content=\"@yucatanencorto\" \/>\n<meta name=\"twitter:site\" content=\"@yucatanencorto\" \/>\n<meta name=\"twitter:label1\" content=\"Escrito por\" \/>\n\t<meta name=\"twitter:data1\" content=\"Yucat\u00e1n en Corto FC\" \/>\n\t<meta name=\"twitter:label2\" content=\"Tiempo de lectura\" \/>\n\t<meta name=\"twitter:data2\" content=\"3 minutos\" \/>\n<script type=\"application\/ld+json\" class=\"yoast-schema-graph\">{\"@context\":\"https:\\\/\\\/schema.org\",\"@graph\":[{\"@type\":\"Article\",\"@id\":\"https:\\\/\\\/www.yucatanencorto.com\\\/noticias\\\/el-alcalde-renan-barrera-concha-se-reune-con-representantes-de-los-consejos-de-participacion-ciudadana\\\/#article\",\"isPartOf\":{\"@id\":\"https:\\\/\\\/www.yucatanencorto.com\\\/noticias\\\/el-alcalde-renan-barrera-concha-se-reune-con-representantes-de-los-consejos-de-participacion-ciudadana\\\/\"},\"author\":{\"name\":\"Yucat\u00e1n en Corto FC\",\"@id\":\"https:\\\/\\\/www.yucatanencorto.com\\\/noticias\\\/#\\\/schema\\\/person\\\/14f82d355225a1f4075dd84a31f45a72\"},\"headline\":\"El alcalde Ren\u00e1n Barrera Concha se re\u00fane con representantes de los Consejos de Participaci\u00f3n Ciudadana\",\"datePublished\":\"2021-08-12T00:14:54+00:00\",\"dateModified\":\"2021-08-12T00:19:43+00:00\",\"mainEntityOfPage\":{\"@id\":\"https:\\\/\\\/www.yucatanencorto.com\\\/noticias\\\/el-alcalde-renan-barrera-concha-se-reune-con-representantes-de-los-consejos-de-participacion-ciudadana\\\/\"},\"wordCount\":595,\"image\":{\"@id\":\"https:\\\/\\\/www.yucatanencorto.com\\\/noticias\\\/el-alcalde-renan-barrera-concha-se-reune-con-representantes-de-los-consejos-de-participacion-ciudadana\\\/#primaryimage\"},\"thumbnailUrl\":\"https:\\\/\\\/www.yucatanencorto.com\\\/noticias\\\/wp-content\\\/uploads\\\/2021\\\/08\\\/barrera.jpg\",\"articleSection\":[\"M\u00e9rida\"],\"inLanguage\":\"es\"},{\"@type\":\"WebPage\",\"@id\":\"https:\\\/\\\/www.yucatanencorto.com\\\/noticias\\\/el-alcalde-renan-barrera-concha-se-reune-con-representantes-de-los-consejos-de-participacion-ciudadana\\\/\",\"url\":\"https:\\\/\\\/www.yucatanencorto.com\\\/noticias\\\/el-alcalde-renan-barrera-concha-se-reune-con-representantes-de-los-consejos-de-participacion-ciudadana\\\/\",\"name\":\"El alcalde Ren\u00e1n Barrera Concha se re\u00fane con representantes de los Consejos de Participaci\u00f3n Ciudadana - Yucat\u00e1n en corto\",\"isPartOf\":{\"@id\":\"https:\\\/\\\/www.yucatanencorto.com\\\/noticias\\\/#website\"},\"primaryImageOfPage\":{\"@id\":\"https:\\\/\\\/www.yucatanencorto.com\\\/noticias\\\/el-alcalde-renan-barrera-concha-se-reune-con-representantes-de-los-consejos-de-participacion-ciudadana\\\/#primaryimage\"},\"image\":{\"@id\":\"https:\\\/\\\/www.yucatanencorto.com\\\/noticias\\\/el-alcalde-renan-barrera-concha-se-reune-con-representantes-de-los-consejos-de-participacion-ciudadana\\\/#primaryimage\"},\"thumbnailUrl\":\"https:\\\/\\\/www.yucatanencorto.com\\\/noticias\\\/wp-content\\\/uploads\\\/2021\\\/08\\\/barrera.jpg\",\"datePublished\":\"2021-08-12T00:14:54+00:00\",\"dateModified\":\"2021-08-12T00:19:43+00:00\",\"author\":{\"@id\":\"https:\\\/\\\/www.yucatanencorto.com\\\/noticias\\\/#\\\/schema\\\/person\\\/14f82d355225a1f4075dd84a31f45a72\"},\"breadcrumb\":{\"@id\":\"https:\\\/\\\/www.yucatanencorto.com\\\/noticias\\\/el-alcalde-renan-barrera-concha-se-reune-con-representantes-de-los-consejos-de-participacion-ciudadana\\\/#breadcrumb\"},\"inLanguage\":\"es\",\"potentialAction\":[{\"@type\":\"ReadAction\",\"target\":[\"https:\\\/\\\/www.yucatanencorto.com\\\/noticias\\\/el-alcalde-renan-barrera-concha-se-reune-con-representantes-de-los-consejos-de-participacion-ciudadana\\\/\"]}]},{\"@type\":\"ImageObject\",\"inLanguage\":\"es\",\"@id\":\"https:\\\/\\\/www.yucatanencorto.com\\\/noticias\\\/el-alcalde-renan-barrera-concha-se-reune-con-representantes-de-los-consejos-de-participacion-ciudadana\\\/#primaryimage\",\"url\":\"https:\\\/\\\/www.yucatanencorto.com\\\/noticias\\\/wp-content\\\/uploads\\\/2021\\\/08\\\/barrera.jpg\",\"contentUrl\":\"https:\\\/\\\/www.yucatanencorto.com\\\/noticias\\\/wp-content\\\/uploads\\\/2021\\\/08\\\/barrera.jpg\",\"width\":600,\"height\":400},{\"@type\":\"BreadcrumbList\",\"@id\":\"https:\\\/\\\/www.yucatanencorto.com\\\/noticias\\\/el-alcalde-renan-barrera-concha-se-reune-con-representantes-de-los-consejos-de-participacion-ciudadana\\\/#breadcrumb\",\"itemListElement\":[{\"@type\":\"ListItem\",\"position\":1,\"name\":\"Portada\",\"item\":\"https:\\\/\\\/www.yucatanencorto.com\\\/noticias\\\/\"},{\"@type\":\"ListItem\",\"position\":2,\"name\":\"El alcalde Ren\u00e1n Barrera Concha se re\u00fane con representantes de los Consejos de Participaci\u00f3n Ciudadana\"}]},{\"@type\":\"WebSite\",\"@id\":\"https:\\\/\\\/www.yucatanencorto.com\\\/noticias\\\/#website\",\"url\":\"https:\\\/\\\/www.yucatanencorto.com\\\/noticias\\\/\",\"name\":\"Yucat\u00e1n en corto\",\"description\":\"Noticias\",\"potentialAction\":[{\"@type\":\"SearchAction\",\"target\":{\"@type\":\"EntryPoint\",\"urlTemplate\":\"https:\\\/\\\/www.yucatanencorto.com\\\/noticias\\\/?s={search_term_string}\"},\"query-input\":{\"@type\":\"PropertyValueSpecification\",\"valueRequired\":true,\"valueName\":\"search_term_string\"}}],\"inLanguage\":\"es\"},{\"@type\":\"Person\",\"@id\":\"https:\\\/\\\/www.yucatanencorto.com\\\/noticias\\\/#\\\/schema\\\/person\\\/14f82d355225a1f4075dd84a31f45a72\",\"name\":\"Yucat\u00e1n en Corto FC\",\"image\":{\"@type\":\"ImageObject\",\"inLanguage\":\"es\",\"@id\":\"https:\\\/\\\/secure.gravatar.com\\\/avatar\\\/147d4b30cd728c53c29c49a3f7834dedca33707f4cd259761355846009a88250?s=96&d=mm&r=g\",\"url\":\"https:\\\/\\\/secure.gravatar.com\\\/avatar\\\/147d4b30cd728c53c29c49a3f7834dedca33707f4cd259761355846009a88250?s=96&d=mm&r=g\",\"contentUrl\":\"https:\\\/\\\/secure.gravatar.com\\\/avatar\\\/147d4b30cd728c53c29c49a3f7834dedca33707f4cd259761355846009a88250?s=96&d=mm&r=g\",\"caption\":\"Yucat\u00e1n en Corto FC\"},\"url\":\"https:\\\/\\\/www.yucatanencorto.com\\\/noticias\\\/author\\\/flor\\\/\"}]}<\/script>\n<!-- \/ Yoast SEO plugin. -->","yoast_head_json":{"title":"El alcalde Ren\u00e1n Barrera Concha se re\u00fane con representantes de los Consejos de Participaci\u00f3n Ciudadana - Yucat\u00e1n en corto","robots":{"index":"index","follow":"follow","max-snippet":"max-snippet:-1","max-image-preview":"max-image-preview:large","max-video-preview":"max-video-preview:-1"},"canonical":"https:\/\/www.yucatanencorto.com\/noticias\/el-alcalde-renan-barrera-concha-se-reune-con-representantes-de-los-consejos-de-participacion-ciudadana\/","og_locale":"es_ES","og_type":"article","og_title":"El alcalde Ren\u00e1n Barrera Concha se re\u00fane con representantes de los Consejos de Participaci\u00f3n Ciudadana - Yucat\u00e1n en corto","og_description":"El Concejal encabez\u00f3 esta ma\u00f1ana una reuni\u00f3n en la video-sala del Centro Cultural \u201cOlimpo\u201d con representantes de los Consejos de Participaci\u00f3n Ciudadana, donde reconoci\u00f3 la labor de la poblaci\u00f3n en la toma de decisiones que han abonado al desarrollo ordenado de la capital yucateca. Barrera Concha indic\u00f3 que M\u00e9rida, junto con los Consejos de Participaci\u00f3n [&hellip;]","og_url":"https:\/\/www.yucatanencorto.com\/noticias\/el-alcalde-renan-barrera-concha-se-reune-con-representantes-de-los-consejos-de-participacion-ciudadana\/","og_site_name":"Yucat\u00e1n en corto","article_publisher":"http:\/\/www.facebook.com\/yucatanencorto","article_published_time":"2021-08-12T00:14:54+00:00","article_modified_time":"2021-08-12T00:19:43+00:00","og_image":[{"width":600,"height":400,"url":"https:\/\/www.yucatanencorto.com\/noticias\/wp-content\/uploads\/2021\/08\/barrera.jpg","type":"image\/jpeg"}],"author":"Yucat\u00e1n en Corto FC","twitter_card":"summary_large_image","twitter_creator":"@yucatanencorto","twitter_site":"@yucatanencorto","twitter_misc":{"Escrito por":"Yucat\u00e1n en Corto FC","Tiempo de lectura":"3 minutos"},"schema":{"@context":"https:\/\/schema.org","@graph":[{"@type":"Article","@id":"https:\/\/www.yucatanencorto.com\/noticias\/el-alcalde-renan-barrera-concha-se-reune-con-representantes-de-los-consejos-de-participacion-ciudadana\/#article","isPartOf":{"@id":"https:\/\/www.yucatanencorto.com\/noticias\/el-alcalde-renan-barrera-concha-se-reune-con-representantes-de-los-consejos-de-participacion-ciudadana\/"},"author":{"name":"Yucat\u00e1n en Corto FC","@id":"https:\/\/www.yucatanencorto.com\/noticias\/#\/schema\/person\/14f82d355225a1f4075dd84a31f45a72"},"headline":"El alcalde Ren\u00e1n Barrera Concha se re\u00fane con representantes de los Consejos de Participaci\u00f3n Ciudadana","datePublished":"2021-08-12T00:14:54+00:00","dateModified":"2021-08-12T00:19:43+00:00","mainEntityOfPage":{"@id":"https:\/\/www.yucatanencorto.com\/noticias\/el-alcalde-renan-barrera-concha-se-reune-con-representantes-de-los-consejos-de-participacion-ciudadana\/"},"wordCount":595,"image":{"@id":"https:\/\/www.yucatanencorto.com\/noticias\/el-alcalde-renan-barrera-concha-se-reune-con-representantes-de-los-consejos-de-participacion-ciudadana\/#primaryimage"},"thumbnailUrl":"https:\/\/www.yucatanencorto.com\/noticias\/wp-content\/uploads\/2021\/08\/barrera.jpg","articleSection":["M\u00e9rida"],"inLanguage":"es"},{"@type":"WebPage","@id":"https:\/\/www.yucatanencorto.com\/noticias\/el-alcalde-renan-barrera-concha-se-reune-con-representantes-de-los-consejos-de-participacion-ciudadana\/","url":"https:\/\/www.yucatanencorto.com\/noticias\/el-alcalde-renan-barrera-concha-se-reune-con-representantes-de-los-consejos-de-participacion-ciudadana\/","name":"El alcalde Ren\u00e1n Barrera Concha se re\u00fane con representantes de los Consejos de Participaci\u00f3n Ciudadana - Yucat\u00e1n en corto","isPartOf":{"@id":"https:\/\/www.yucatanencorto.com\/noticias\/#website"},"primaryImageOfPage":{"@id":"https:\/\/www.yucatanencorto.com\/noticias\/el-alcalde-renan-barrera-concha-se-reune-con-representantes-de-los-consejos-de-participacion-ciudadana\/#primaryimage"},"image":{"@id":"https:\/\/www.yucatanencorto.com\/noticias\/el-alcalde-renan-barrera-concha-se-reune-con-representantes-de-los-consejos-de-participacion-ciudadana\/#primaryimage"},"thumbnailUrl":"https:\/\/www.yucatanencorto.com\/noticias\/wp-content\/uploads\/2021\/08\/barrera.jpg","datePublished":"2021-08-12T00:14:54+00:00","dateModified":"2021-08-12T00:19:43+00:00","author":{"@id":"https:\/\/www.yucatanencorto.com\/noticias\/#\/schema\/person\/14f82d355225a1f4075dd84a31f45a72"},"breadcrumb":{"@id":"https:\/\/www.yucatanencorto.com\/noticias\/el-alcalde-renan-barrera-concha-se-reune-con-representantes-de-los-consejos-de-participacion-ciudadana\/#breadcrumb"},"inLanguage":"es","potentialAction":[{"@type":"ReadAction","target":["https:\/\/www.yucatanencorto.com\/noticias\/el-alcalde-renan-barrera-concha-se-reune-con-representantes-de-los-consejos-de-participacion-ciudadana\/"]}]},{"@type":"ImageObject","inLanguage":"es","@id":"https:\/\/www.yucatanencorto.com\/noticias\/el-alcalde-renan-barrera-concha-se-reune-con-representantes-de-los-consejos-de-participacion-ciudadana\/#primaryimage","url":"https:\/\/www.yucatanencorto.com\/noticias\/wp-content\/uploads\/2021\/08\/barrera.jpg","contentUrl":"https:\/\/www.yucatanencorto.com\/noticias\/wp-content\/uploads\/2021\/08\/barrera.jpg","width":600,"height":400},{"@type":"BreadcrumbList","@id":"https:\/\/www.yucatanencorto.com\/noticias\/el-alcalde-renan-barrera-concha-se-reune-con-representantes-de-los-consejos-de-participacion-ciudadana\/#breadcrumb","itemListElement":[{"@type":"ListItem","position":1,"name":"Portada","item":"https:\/\/www.yucatanencorto.com\/noticias\/"},{"@type":"ListItem","position":2,"name":"El alcalde Ren\u00e1n Barrera Concha se re\u00fane con representantes de los Consejos de Participaci\u00f3n Ciudadana"}]},{"@type":"WebSite","@id":"https:\/\/www.yucatanencorto.com\/noticias\/#website","url":"https:\/\/www.yucatanencorto.com\/noticias\/","name":"Yucat\u00e1n en corto","description":"Noticias","potentialAction":[{"@type":"SearchAction","target":{"@type":"EntryPoint","urlTemplate":"https:\/\/www.yucatanencorto.com\/noticias\/?s={search_term_string}"},"query-input":{"@type":"PropertyValueSpecification","valueRequired":true,"valueName":"search_term_string"}}],"inLanguage":"es"},{"@type":"Person","@id":"https:\/\/www.yucatanencorto.com\/noticias\/#\/schema\/person\/14f82d355225a1f4075dd84a31f45a72","name":"Yucat\u00e1n en Corto FC","image":{"@type":"ImageObject","inLanguage":"es","@id":"https:\/\/secure.gravatar.com\/avatar\/147d4b30cd728c53c29c49a3f7834dedca33707f4cd259761355846009a88250?s=96&d=mm&r=g","url":"https:\/\/secure.gravatar.com\/avatar\/147d4b30cd728c53c29c49a3f7834dedca33707f4cd259761355846009a88250?s=96&d=mm&r=g","contentUrl":"https:\/\/secure.gravatar.com\/avatar\/147d4b30cd728c53c29c49a3f7834dedca33707f4cd259761355846009a88250?s=96&d=mm&r=g","caption":"Yucat\u00e1n en Corto FC"},"url":"https:\/\/www.yucatanencorto.com\/noticias\/author\/flor\/"}]}},"_links":{"self":[{"href":"https:\/\/www.yucatanencorto.com\/noticias\/wp-json\/wp\/v2\/posts\/85568","targetHints":{"allow":["GET"]}}],"collection":[{"href":"https:\/\/www.yucatanencorto.com\/noticias\/wp-json\/wp\/v2\/posts"}],"about":[{"href":"https:\/\/www.yucatanencorto.com\/noticias\/wp-json\/wp\/v2\/types\/post"}],"author":[{"embeddable":true,"href":"https:\/\/www.yucatanencorto.com\/noticias\/wp-json\/wp\/v2\/users\/2"}],"replies":[{"embeddable":true,"href":"https:\/\/www.yucatanencorto.com\/noticias\/wp-json\/wp\/v2\/comments?post=85568"}],"version-history":[{"count":0,"href":"https:\/\/www.yucatanencorto.com\/noticias\/wp-json\/wp\/v2\/posts\/85568\/revisions"}],"wp:featuredmedia":[{"embeddable":true,"href":"https:\/\/www.yucatanencorto.com\/noticias\/wp-json\/wp\/v2\/media\/85569"}],"wp:attachment":[{"href":"https:\/\/www.yucatanencorto.com\/noticias\/wp-json\/wp\/v2\/media?parent=85568"}],"wp:term":[{"taxonomy":"category","embeddable":true,"href":"https:\/\/www.yucatanencorto.com\/noticias\/wp-json\/wp\/v2\/categories?post=85568"},{"taxonomy":"post_tag","embeddable":true,"href":"https:\/\/www.yucatanencorto.com\/noticias\/wp-json\/wp\/v2\/tags?post=85568"}],"curies":[{"name":"wp","href":"https:\/\/api.w.org\/{rel}","templated":true}]}}