{"id":85578,"date":"2021-08-12T12:40:06","date_gmt":"2021-08-12T17:40:06","guid":{"rendered":"https:\/\/www.yucatanencorto.com\/noticias\/?p=85578"},"modified":"2021-08-12T12:40:06","modified_gmt":"2021-08-12T17:40:06","slug":"yucatecos-de-40-a-49-anos-en-merida-comienzan-a-recibir-la-segunda-dosis-contra-el-coronavirus","status":"publish","type":"post","link":"https:\/\/www.yucatanencorto.com\/noticias\/yucatecos-de-40-a-49-anos-en-merida-comienzan-a-recibir-la-segunda-dosis-contra-el-coronavirus\/","title":{"rendered":"Yucatecos de 40 a 49 a\u00f1os en M\u00e9rida, comienzan a recibir la segunda dosis contra el Coronavirus"},"content":{"rendered":"<blockquote><p><img loading=\"lazy\" decoding=\"async\" class=\"alignnone size-full wp-image-85579\" src=\"https:\/\/www.yucatanencorto.com\/noticias\/wp-content\/uploads\/2021\/08\/hl-807055969.jpg\" alt=\"\" width=\"512\" height=\"341\" \/><\/p>\n<h6><\/h6>\n<h6 style=\"text-align: left;\">M\u00e9rida, Yucat\u00e1n, 12 de agosto de 2021.- Desde temprana hora, yucatecos de 40 a 49 a\u00f1os en M\u00e9rida, comenzaron a acudir a los centros de vacunaci\u00f3n para recibir la segunda dosis que los proteger\u00e1 del Coronavirus, proceso que en su primera jornada se desarroll\u00f3 a buen ritmo y con una favorable participaci\u00f3n ciudadana, inform\u00f3 la Secretar\u00eda de Salud (SSY).<\/h6>\n<h6 style=\"text-align: left;\">Este d\u00eda se puso en marcha la administraci\u00f3n de \u00fanicamente segundas dosis de la farmac\u00e9utica AstraZeneca a la poblaci\u00f3n de ese grupo de edad en la capital yucateca para lo que se habilitaron 2 Macrocentros y 4 m\u00f3dulos de vacunaci\u00f3n distribuidos estrat\u00e9gicamente en la ciudad en los que el Gobierno del Estado trabaja en coordinaci\u00f3n con el Ayuntamiento de M\u00e9rida y la Secretar\u00eda de Bienestar.<\/h6>\n<h6 style=\"text-align: left;\">En el Macrocentro de vacunaci\u00f3n habilitado en el Centro de Convenciones Yucat\u00e1n Siglo XXI, Adri\u00e1n P\u00e9rez Koppel de 43 a\u00f1os de edad recibi\u00f3 la segunda dosis con la que completa su esquema de vacunaci\u00f3n.<\/h6>\n<h6 style=\"text-align: left;\">\u00abMe siento muy bien y ya un poco m\u00e1s tranquilo pues creo que es importante estar vacunados para estar protegidos en lo laboral, social y en casa, sobre todo esto lo hacemos por la familia, pero es importante que sigamos con los cuidados como el cubrebocas, la sana distancia y el gel antibacterial\u00bb, indic\u00f3.<\/h6>\n<h6 style=\"text-align: left;\">P\u00e9rez Koppel destac\u00f3 la civilidad de los ciudadanos y buena organizaci\u00f3n que se ha llevado durante la etapa de vacunaci\u00f3n en el estado, por lo que, se\u00f1al\u00f3, a los ciudadanos nos queda acudir y ayudar a frenar esta pandemia.<\/h6>\n<h6 style=\"text-align: left;\">\u00abHoy vemos una vacunaci\u00f3n que va a buen ritmo y muy organizados, venir a vacunarse no te lleva m\u00e1s de 50 minutos en todo el proceso, por lo que no hay pretexto para venir a vacunarnos y seguir protegi\u00e9ndonos entre todos\u00bb, concluy\u00f3 el ciudadano.<\/h6>\n<h6 style=\"text-align: left;\">Cabe recordar que, de acuerdo con lo programado, la vacunaci\u00f3n se realiza de acuerdo con el mes de nacimiento de los ciudadanos, por lo que invitaron a la poblaci\u00f3n a acudir al centro de vacunaci\u00f3n el d\u00eda que les fue asignado para evitar aglomeraciones y cuidar de la salud de todos.<\/h6>\n<h6 style=\"text-align: left;\">Por lo que, este d\u00eda se vacun\u00f3 a los que nacieron en los meses de enero y febrero, ma\u00f1ana viernes a los de marzo y abril, el s\u00e1bado 14 a los de mayo y junio, el domingo 15 a los que cumplen en julio y agosto, el lunes 16 a los de septiembre y octubre y finalmente, el martes 17 a los de noviembre y diciembre.<\/h6>\n<h6 style=\"text-align: left;\">Mientras tanto, Armando Viruega L\u00f3pez de 44 a\u00f1os de edad, acudi\u00f3 al m\u00f3dulo de vacunaci\u00f3n en la Escuela de Artes de Yucat\u00e1n (ESAY), para recibir la segunda dosis contra este virus. Durante la etapa de observaci\u00f3n, el ciudadano comparti\u00f3 que, esperaba con ansias la vacuna para completar su esquema de vacunaci\u00f3n.<\/h6>\n<h6 style=\"text-align: left;\">\u00abMe siento muy bien, ahora estoy m\u00e1s seguro y vine con mucho entusiasmo porque ya queremos que todo esto termine, por eso tambi\u00e9n invito a los ciudadanos a poner de su parte para detener esta pandemia\u00bb, indic\u00f3.<\/h6>\n<h6 style=\"text-align: left;\">El meridano resalt\u00f3 que, estar vacunado es un gran apoyo en su trabajo en dise\u00f1o gr\u00e1fico, pues \u00abtodos los d\u00edas corremos un riesgo de contagio debido a la interacci\u00f3n con los clientes, sin embargo, aunque ya tengo las dos vacunas, no bajar\u00e9 la guardia y continuaremos aplicando las medidas preventivas\u00bb, indic\u00f3.<\/h6>\n<h6 style=\"text-align: left;\"><\/h6>\n<h6 style=\"text-align: left;\">Los espacios habilitados para llevar a cabo esta tarea son:<\/h6>\n<h6 style=\"text-align: left;\"><\/h6>\n<h6 style=\"text-align: left;\">-Los macrocentros de vacunaci\u00f3n habilitados en el Centro de Convenciones Yucat\u00e1n Siglo XXI y el Multigimnasio \u201cSocorro Cer\u00f3n\u201d de la Unidad Deportiva Kukulc\u00e1n.<\/h6>\n<h6 style=\"text-align: left;\"><\/h6>\n<h6 style=\"text-align: left;\">-La Escuela Superior de Artes de Yucat\u00e1n (ESAY).<\/h6>\n<h6 style=\"text-align: left;\"><\/h6>\n<h6 style=\"text-align: left;\">-La Unidad Deportiva Villa Palmira.<\/h6>\n<h6 style=\"text-align: left;\"><\/h6>\n<h6 style=\"text-align: left;\">-El Hospital Militar Regional de Especialidades (HMRE).<\/h6>\n<h6 style=\"text-align: left;\"><\/h6>\n<h6 style=\"text-align: left;\">-La Base A\u00e9rea Militar N\u00famero 8.<\/h6>\n<h6 style=\"text-align: left;\"><\/h6>\n<h6 style=\"text-align: left;\">A la par, contin\u00faa la vacunaci\u00f3n de j\u00f3venes de 18 a 29 a\u00f1os de edad en 40 municipios del interior del estado, etapa que este d\u00eda inici\u00f3 en Huh\u00ed, Cuzam\u00e1, Tetiz, Kantunil, Sacalum, Tixp\u00e9ual, Santa Elena, Chikindzonot, Chochol\u00e1, Mayap\u00e1n y Chicxulub Pueblo.<\/h6>\n<h6 style=\"text-align: left;\"><\/h6>\n<h6 style=\"text-align: left;\">Finalmente, ma\u00f1ana viernes, toca el turno a las demarcaciones de Ixil, Cansahcab, Calotmul, Chapab, Uc\u00fa y Dzit\u00e1s.<\/h6>\n<\/blockquote>\n","protected":false},"excerpt":{"rendered":"<p>M\u00e9rida, Yucat\u00e1n, 12 de agosto de 2021.- Desde temprana hora, yucatecos de 40 a 49 a\u00f1os en M\u00e9rida, comenzaron a acudir a los centros de vacunaci\u00f3n para recibir la segunda dosis que los proteger\u00e1 del Coronavirus, proceso que en su primera jornada se desarroll\u00f3 a buen ritmo y con una favorable participaci\u00f3n ciudadana, inform\u00f3 la [&hellip;]<\/p>\n","protected":false},"author":2,"featured_media":85579,"comment_status":"closed","ping_status":"closed","sticky":false,"template":"","format":"standard","meta":{"footnotes":""},"categories":[3],"tags":[],"class_list":{"0":"post-85578","1":"post","2":"type-post","3":"status-publish","4":"format-standard","5":"has-post-thumbnail","7":"category-yucatan"},"yoast_head":"<!-- This site is optimized with the Yoast SEO plugin v27.4 - https:\/\/yoast.com\/product\/yoast-seo-wordpress\/ -->\n<title>Yucatecos de 40 a 49 a\u00f1os en M\u00e9rida, comienzan a recibir la segunda dosis contra el Coronavirus - Yucat\u00e1n en corto<\/title>\n<meta name=\"robots\" content=\"index, follow, max-snippet:-1, max-image-preview:large, max-video-preview:-1\" \/>\n<link rel=\"canonical\" href=\"https:\/\/www.yucatanencorto.com\/noticias\/yucatecos-de-40-a-49-anos-en-merida-comienzan-a-recibir-la-segunda-dosis-contra-el-coronavirus\/\" \/>\n<meta property=\"og:locale\" content=\"es_ES\" \/>\n<meta property=\"og:type\" content=\"article\" \/>\n<meta property=\"og:title\" content=\"Yucatecos de 40 a 49 a\u00f1os en M\u00e9rida, comienzan a recibir la segunda dosis contra el Coronavirus - Yucat\u00e1n en corto\" \/>\n<meta property=\"og:description\" content=\"M\u00e9rida, Yucat\u00e1n, 12 de agosto de 2021.- Desde temprana hora, yucatecos de 40 a 49 a\u00f1os en M\u00e9rida, comenzaron a acudir a los centros de vacunaci\u00f3n para recibir la segunda dosis que los proteger\u00e1 del Coronavirus, proceso que en su primera jornada se desarroll\u00f3 a buen ritmo y con una favorable participaci\u00f3n ciudadana, inform\u00f3 la [&hellip;]\" \/>\n<meta property=\"og:url\" content=\"https:\/\/www.yucatanencorto.com\/noticias\/yucatecos-de-40-a-49-anos-en-merida-comienzan-a-recibir-la-segunda-dosis-contra-el-coronavirus\/\" \/>\n<meta property=\"og:site_name\" content=\"Yucat\u00e1n en corto\" \/>\n<meta property=\"article:publisher\" content=\"http:\/\/www.facebook.com\/yucatanencorto\" \/>\n<meta property=\"article:published_time\" content=\"2021-08-12T17:40:06+00:00\" \/>\n<meta property=\"og:image\" content=\"https:\/\/www.yucatanencorto.com\/noticias\/wp-content\/uploads\/2021\/08\/hl-807055969.jpg\" \/>\n\t<meta property=\"og:image:width\" content=\"512\" \/>\n\t<meta property=\"og:image:height\" content=\"341\" \/>\n\t<meta property=\"og:image:type\" content=\"image\/jpeg\" \/>\n<meta name=\"author\" content=\"Yucat\u00e1n en Corto FC\" \/>\n<meta name=\"twitter:card\" content=\"summary_large_image\" \/>\n<meta name=\"twitter:creator\" content=\"@yucatanencorto\" \/>\n<meta name=\"twitter:site\" content=\"@yucatanencorto\" \/>\n<meta name=\"twitter:label1\" content=\"Escrito por\" \/>\n\t<meta name=\"twitter:data1\" content=\"Yucat\u00e1n en Corto FC\" \/>\n\t<meta name=\"twitter:label2\" content=\"Tiempo de lectura\" \/>\n\t<meta name=\"twitter:data2\" content=\"4 minutos\" \/>\n<script type=\"application\/ld+json\" class=\"yoast-schema-graph\">{\"@context\":\"https:\\\/\\\/schema.org\",\"@graph\":[{\"@type\":\"Article\",\"@id\":\"https:\\\/\\\/www.yucatanencorto.com\\\/noticias\\\/yucatecos-de-40-a-49-anos-en-merida-comienzan-a-recibir-la-segunda-dosis-contra-el-coronavirus\\\/#article\",\"isPartOf\":{\"@id\":\"https:\\\/\\\/www.yucatanencorto.com\\\/noticias\\\/yucatecos-de-40-a-49-anos-en-merida-comienzan-a-recibir-la-segunda-dosis-contra-el-coronavirus\\\/\"},\"author\":{\"name\":\"Yucat\u00e1n en Corto FC\",\"@id\":\"https:\\\/\\\/www.yucatanencorto.com\\\/noticias\\\/#\\\/schema\\\/person\\\/14f82d355225a1f4075dd84a31f45a72\"},\"headline\":\"Yucatecos de 40 a 49 a\u00f1os en M\u00e9rida, comienzan a recibir la segunda dosis contra el Coronavirus\",\"datePublished\":\"2021-08-12T17:40:06+00:00\",\"mainEntityOfPage\":{\"@id\":\"https:\\\/\\\/www.yucatanencorto.com\\\/noticias\\\/yucatecos-de-40-a-49-anos-en-merida-comienzan-a-recibir-la-segunda-dosis-contra-el-coronavirus\\\/\"},\"wordCount\":737,\"image\":{\"@id\":\"https:\\\/\\\/www.yucatanencorto.com\\\/noticias\\\/yucatecos-de-40-a-49-anos-en-merida-comienzan-a-recibir-la-segunda-dosis-contra-el-coronavirus\\\/#primaryimage\"},\"thumbnailUrl\":\"https:\\\/\\\/www.yucatanencorto.com\\\/noticias\\\/wp-content\\\/uploads\\\/2021\\\/08\\\/hl-807055969.jpg\",\"articleSection\":[\"Yucat\u00e1n\"],\"inLanguage\":\"es\"},{\"@type\":\"WebPage\",\"@id\":\"https:\\\/\\\/www.yucatanencorto.com\\\/noticias\\\/yucatecos-de-40-a-49-anos-en-merida-comienzan-a-recibir-la-segunda-dosis-contra-el-coronavirus\\\/\",\"url\":\"https:\\\/\\\/www.yucatanencorto.com\\\/noticias\\\/yucatecos-de-40-a-49-anos-en-merida-comienzan-a-recibir-la-segunda-dosis-contra-el-coronavirus\\\/\",\"name\":\"Yucatecos de 40 a 49 a\u00f1os en M\u00e9rida, comienzan a recibir la segunda dosis contra el Coronavirus - Yucat\u00e1n en corto\",\"isPartOf\":{\"@id\":\"https:\\\/\\\/www.yucatanencorto.com\\\/noticias\\\/#website\"},\"primaryImageOfPage\":{\"@id\":\"https:\\\/\\\/www.yucatanencorto.com\\\/noticias\\\/yucatecos-de-40-a-49-anos-en-merida-comienzan-a-recibir-la-segunda-dosis-contra-el-coronavirus\\\/#primaryimage\"},\"image\":{\"@id\":\"https:\\\/\\\/www.yucatanencorto.com\\\/noticias\\\/yucatecos-de-40-a-49-anos-en-merida-comienzan-a-recibir-la-segunda-dosis-contra-el-coronavirus\\\/#primaryimage\"},\"thumbnailUrl\":\"https:\\\/\\\/www.yucatanencorto.com\\\/noticias\\\/wp-content\\\/uploads\\\/2021\\\/08\\\/hl-807055969.jpg\",\"datePublished\":\"2021-08-12T17:40:06+00:00\",\"author\":{\"@id\":\"https:\\\/\\\/www.yucatanencorto.com\\\/noticias\\\/#\\\/schema\\\/person\\\/14f82d355225a1f4075dd84a31f45a72\"},\"breadcrumb\":{\"@id\":\"https:\\\/\\\/www.yucatanencorto.com\\\/noticias\\\/yucatecos-de-40-a-49-anos-en-merida-comienzan-a-recibir-la-segunda-dosis-contra-el-coronavirus\\\/#breadcrumb\"},\"inLanguage\":\"es\",\"potentialAction\":[{\"@type\":\"ReadAction\",\"target\":[\"https:\\\/\\\/www.yucatanencorto.com\\\/noticias\\\/yucatecos-de-40-a-49-anos-en-merida-comienzan-a-recibir-la-segunda-dosis-contra-el-coronavirus\\\/\"]}]},{\"@type\":\"ImageObject\",\"inLanguage\":\"es\",\"@id\":\"https:\\\/\\\/www.yucatanencorto.com\\\/noticias\\\/yucatecos-de-40-a-49-anos-en-merida-comienzan-a-recibir-la-segunda-dosis-contra-el-coronavirus\\\/#primaryimage\",\"url\":\"https:\\\/\\\/www.yucatanencorto.com\\\/noticias\\\/wp-content\\\/uploads\\\/2021\\\/08\\\/hl-807055969.jpg\",\"contentUrl\":\"https:\\\/\\\/www.yucatanencorto.com\\\/noticias\\\/wp-content\\\/uploads\\\/2021\\\/08\\\/hl-807055969.jpg\",\"width\":512,\"height\":341},{\"@type\":\"BreadcrumbList\",\"@id\":\"https:\\\/\\\/www.yucatanencorto.com\\\/noticias\\\/yucatecos-de-40-a-49-anos-en-merida-comienzan-a-recibir-la-segunda-dosis-contra-el-coronavirus\\\/#breadcrumb\",\"itemListElement\":[{\"@type\":\"ListItem\",\"position\":1,\"name\":\"Portada\",\"item\":\"https:\\\/\\\/www.yucatanencorto.com\\\/noticias\\\/\"},{\"@type\":\"ListItem\",\"position\":2,\"name\":\"Yucatecos de 40 a 49 a\u00f1os en M\u00e9rida, comienzan a recibir la segunda dosis contra el Coronavirus\"}]},{\"@type\":\"WebSite\",\"@id\":\"https:\\\/\\\/www.yucatanencorto.com\\\/noticias\\\/#website\",\"url\":\"https:\\\/\\\/www.yucatanencorto.com\\\/noticias\\\/\",\"name\":\"Yucat\u00e1n en corto\",\"description\":\"Noticias\",\"potentialAction\":[{\"@type\":\"SearchAction\",\"target\":{\"@type\":\"EntryPoint\",\"urlTemplate\":\"https:\\\/\\\/www.yucatanencorto.com\\\/noticias\\\/?s={search_term_string}\"},\"query-input\":{\"@type\":\"PropertyValueSpecification\",\"valueRequired\":true,\"valueName\":\"search_term_string\"}}],\"inLanguage\":\"es\"},{\"@type\":\"Person\",\"@id\":\"https:\\\/\\\/www.yucatanencorto.com\\\/noticias\\\/#\\\/schema\\\/person\\\/14f82d355225a1f4075dd84a31f45a72\",\"name\":\"Yucat\u00e1n en Corto FC\",\"image\":{\"@type\":\"ImageObject\",\"inLanguage\":\"es\",\"@id\":\"https:\\\/\\\/secure.gravatar.com\\\/avatar\\\/147d4b30cd728c53c29c49a3f7834dedca33707f4cd259761355846009a88250?s=96&d=mm&r=g\",\"url\":\"https:\\\/\\\/secure.gravatar.com\\\/avatar\\\/147d4b30cd728c53c29c49a3f7834dedca33707f4cd259761355846009a88250?s=96&d=mm&r=g\",\"contentUrl\":\"https:\\\/\\\/secure.gravatar.com\\\/avatar\\\/147d4b30cd728c53c29c49a3f7834dedca33707f4cd259761355846009a88250?s=96&d=mm&r=g\",\"caption\":\"Yucat\u00e1n en Corto FC\"},\"url\":\"https:\\\/\\\/www.yucatanencorto.com\\\/noticias\\\/author\\\/flor\\\/\"}]}<\/script>\n<!-- \/ Yoast SEO plugin. -->","yoast_head_json":{"title":"Yucatecos de 40 a 49 a\u00f1os en M\u00e9rida, comienzan a recibir la segunda dosis contra el Coronavirus - Yucat\u00e1n en corto","robots":{"index":"index","follow":"follow","max-snippet":"max-snippet:-1","max-image-preview":"max-image-preview:large","max-video-preview":"max-video-preview:-1"},"canonical":"https:\/\/www.yucatanencorto.com\/noticias\/yucatecos-de-40-a-49-anos-en-merida-comienzan-a-recibir-la-segunda-dosis-contra-el-coronavirus\/","og_locale":"es_ES","og_type":"article","og_title":"Yucatecos de 40 a 49 a\u00f1os en M\u00e9rida, comienzan a recibir la segunda dosis contra el Coronavirus - Yucat\u00e1n en corto","og_description":"M\u00e9rida, Yucat\u00e1n, 12 de agosto de 2021.- Desde temprana hora, yucatecos de 40 a 49 a\u00f1os en M\u00e9rida, comenzaron a acudir a los centros de vacunaci\u00f3n para recibir la segunda dosis que los proteger\u00e1 del Coronavirus, proceso que en su primera jornada se desarroll\u00f3 a buen ritmo y con una favorable participaci\u00f3n ciudadana, inform\u00f3 la [&hellip;]","og_url":"https:\/\/www.yucatanencorto.com\/noticias\/yucatecos-de-40-a-49-anos-en-merida-comienzan-a-recibir-la-segunda-dosis-contra-el-coronavirus\/","og_site_name":"Yucat\u00e1n en corto","article_publisher":"http:\/\/www.facebook.com\/yucatanencorto","article_published_time":"2021-08-12T17:40:06+00:00","og_image":[{"width":512,"height":341,"url":"https:\/\/www.yucatanencorto.com\/noticias\/wp-content\/uploads\/2021\/08\/hl-807055969.jpg","type":"image\/jpeg"}],"author":"Yucat\u00e1n en Corto FC","twitter_card":"summary_large_image","twitter_creator":"@yucatanencorto","twitter_site":"@yucatanencorto","twitter_misc":{"Escrito por":"Yucat\u00e1n en Corto FC","Tiempo de lectura":"4 minutos"},"schema":{"@context":"https:\/\/schema.org","@graph":[{"@type":"Article","@id":"https:\/\/www.yucatanencorto.com\/noticias\/yucatecos-de-40-a-49-anos-en-merida-comienzan-a-recibir-la-segunda-dosis-contra-el-coronavirus\/#article","isPartOf":{"@id":"https:\/\/www.yucatanencorto.com\/noticias\/yucatecos-de-40-a-49-anos-en-merida-comienzan-a-recibir-la-segunda-dosis-contra-el-coronavirus\/"},"author":{"name":"Yucat\u00e1n en Corto FC","@id":"https:\/\/www.yucatanencorto.com\/noticias\/#\/schema\/person\/14f82d355225a1f4075dd84a31f45a72"},"headline":"Yucatecos de 40 a 49 a\u00f1os en M\u00e9rida, comienzan a recibir la segunda dosis contra el Coronavirus","datePublished":"2021-08-12T17:40:06+00:00","mainEntityOfPage":{"@id":"https:\/\/www.yucatanencorto.com\/noticias\/yucatecos-de-40-a-49-anos-en-merida-comienzan-a-recibir-la-segunda-dosis-contra-el-coronavirus\/"},"wordCount":737,"image":{"@id":"https:\/\/www.yucatanencorto.com\/noticias\/yucatecos-de-40-a-49-anos-en-merida-comienzan-a-recibir-la-segunda-dosis-contra-el-coronavirus\/#primaryimage"},"thumbnailUrl":"https:\/\/www.yucatanencorto.com\/noticias\/wp-content\/uploads\/2021\/08\/hl-807055969.jpg","articleSection":["Yucat\u00e1n"],"inLanguage":"es"},{"@type":"WebPage","@id":"https:\/\/www.yucatanencorto.com\/noticias\/yucatecos-de-40-a-49-anos-en-merida-comienzan-a-recibir-la-segunda-dosis-contra-el-coronavirus\/","url":"https:\/\/www.yucatanencorto.com\/noticias\/yucatecos-de-40-a-49-anos-en-merida-comienzan-a-recibir-la-segunda-dosis-contra-el-coronavirus\/","name":"Yucatecos de 40 a 49 a\u00f1os en M\u00e9rida, comienzan a recibir la segunda dosis contra el Coronavirus - Yucat\u00e1n en corto","isPartOf":{"@id":"https:\/\/www.yucatanencorto.com\/noticias\/#website"},"primaryImageOfPage":{"@id":"https:\/\/www.yucatanencorto.com\/noticias\/yucatecos-de-40-a-49-anos-en-merida-comienzan-a-recibir-la-segunda-dosis-contra-el-coronavirus\/#primaryimage"},"image":{"@id":"https:\/\/www.yucatanencorto.com\/noticias\/yucatecos-de-40-a-49-anos-en-merida-comienzan-a-recibir-la-segunda-dosis-contra-el-coronavirus\/#primaryimage"},"thumbnailUrl":"https:\/\/www.yucatanencorto.com\/noticias\/wp-content\/uploads\/2021\/08\/hl-807055969.jpg","datePublished":"2021-08-12T17:40:06+00:00","author":{"@id":"https:\/\/www.yucatanencorto.com\/noticias\/#\/schema\/person\/14f82d355225a1f4075dd84a31f45a72"},"breadcrumb":{"@id":"https:\/\/www.yucatanencorto.com\/noticias\/yucatecos-de-40-a-49-anos-en-merida-comienzan-a-recibir-la-segunda-dosis-contra-el-coronavirus\/#breadcrumb"},"inLanguage":"es","potentialAction":[{"@type":"ReadAction","target":["https:\/\/www.yucatanencorto.com\/noticias\/yucatecos-de-40-a-49-anos-en-merida-comienzan-a-recibir-la-segunda-dosis-contra-el-coronavirus\/"]}]},{"@type":"ImageObject","inLanguage":"es","@id":"https:\/\/www.yucatanencorto.com\/noticias\/yucatecos-de-40-a-49-anos-en-merida-comienzan-a-recibir-la-segunda-dosis-contra-el-coronavirus\/#primaryimage","url":"https:\/\/www.yucatanencorto.com\/noticias\/wp-content\/uploads\/2021\/08\/hl-807055969.jpg","contentUrl":"https:\/\/www.yucatanencorto.com\/noticias\/wp-content\/uploads\/2021\/08\/hl-807055969.jpg","width":512,"height":341},{"@type":"BreadcrumbList","@id":"https:\/\/www.yucatanencorto.com\/noticias\/yucatecos-de-40-a-49-anos-en-merida-comienzan-a-recibir-la-segunda-dosis-contra-el-coronavirus\/#breadcrumb","itemListElement":[{"@type":"ListItem","position":1,"name":"Portada","item":"https:\/\/www.yucatanencorto.com\/noticias\/"},{"@type":"ListItem","position":2,"name":"Yucatecos de 40 a 49 a\u00f1os en M\u00e9rida, comienzan a recibir la segunda dosis contra el Coronavirus"}]},{"@type":"WebSite","@id":"https:\/\/www.yucatanencorto.com\/noticias\/#website","url":"https:\/\/www.yucatanencorto.com\/noticias\/","name":"Yucat\u00e1n en corto","description":"Noticias","potentialAction":[{"@type":"SearchAction","target":{"@type":"EntryPoint","urlTemplate":"https:\/\/www.yucatanencorto.com\/noticias\/?s={search_term_string}"},"query-input":{"@type":"PropertyValueSpecification","valueRequired":true,"valueName":"search_term_string"}}],"inLanguage":"es"},{"@type":"Person","@id":"https:\/\/www.yucatanencorto.com\/noticias\/#\/schema\/person\/14f82d355225a1f4075dd84a31f45a72","name":"Yucat\u00e1n en Corto FC","image":{"@type":"ImageObject","inLanguage":"es","@id":"https:\/\/secure.gravatar.com\/avatar\/147d4b30cd728c53c29c49a3f7834dedca33707f4cd259761355846009a88250?s=96&d=mm&r=g","url":"https:\/\/secure.gravatar.com\/avatar\/147d4b30cd728c53c29c49a3f7834dedca33707f4cd259761355846009a88250?s=96&d=mm&r=g","contentUrl":"https:\/\/secure.gravatar.com\/avatar\/147d4b30cd728c53c29c49a3f7834dedca33707f4cd259761355846009a88250?s=96&d=mm&r=g","caption":"Yucat\u00e1n en Corto FC"},"url":"https:\/\/www.yucatanencorto.com\/noticias\/author\/flor\/"}]}},"_links":{"self":[{"href":"https:\/\/www.yucatanencorto.com\/noticias\/wp-json\/wp\/v2\/posts\/85578","targetHints":{"allow":["GET"]}}],"collection":[{"href":"https:\/\/www.yucatanencorto.com\/noticias\/wp-json\/wp\/v2\/posts"}],"about":[{"href":"https:\/\/www.yucatanencorto.com\/noticias\/wp-json\/wp\/v2\/types\/post"}],"author":[{"embeddable":true,"href":"https:\/\/www.yucatanencorto.com\/noticias\/wp-json\/wp\/v2\/users\/2"}],"replies":[{"embeddable":true,"href":"https:\/\/www.yucatanencorto.com\/noticias\/wp-json\/wp\/v2\/comments?post=85578"}],"version-history":[{"count":0,"href":"https:\/\/www.yucatanencorto.com\/noticias\/wp-json\/wp\/v2\/posts\/85578\/revisions"}],"wp:featuredmedia":[{"embeddable":true,"href":"https:\/\/www.yucatanencorto.com\/noticias\/wp-json\/wp\/v2\/media\/85579"}],"wp:attachment":[{"href":"https:\/\/www.yucatanencorto.com\/noticias\/wp-json\/wp\/v2\/media?parent=85578"}],"wp:term":[{"taxonomy":"category","embeddable":true,"href":"https:\/\/www.yucatanencorto.com\/noticias\/wp-json\/wp\/v2\/categories?post=85578"},{"taxonomy":"post_tag","embeddable":true,"href":"https:\/\/www.yucatanencorto.com\/noticias\/wp-json\/wp\/v2\/tags?post=85578"}],"curies":[{"name":"wp","href":"https:\/\/api.w.org\/{rel}","templated":true}]}}