{"id":85583,"date":"2021-08-12T14:48:35","date_gmt":"2021-08-12T19:48:35","guid":{"rendered":"https:\/\/www.yucatanencorto.com\/noticias\/?p=85583"},"modified":"2021-08-12T16:32:13","modified_gmt":"2021-08-12T21:32:13","slug":"caso-jose-ravelo-se-solicito-el-diferimiento-para-poder-aportar-datos-de-prueba-al-proceso","status":"publish","type":"post","link":"https:\/\/www.yucatanencorto.com\/noticias\/caso-jose-ravelo-se-solicito-el-diferimiento-para-poder-aportar-datos-de-prueba-al-proceso\/","title":{"rendered":"Caso Jos\u00e9 Ravelo se solicit\u00f3 el diferimiento para poder aportar datos de prueba al proceso"},"content":{"rendered":"<p>&nbsp;<\/p>\n<p><img loading=\"lazy\" decoding=\"async\" class=\" wp-image-85584 aligncenter\" src=\"https:\/\/www.yucatanencorto.com\/noticias\/wp-content\/uploads\/2021\/08\/jose.jpeg\" alt=\"\" width=\"356\" height=\"315\" srcset=\"https:\/\/www.yucatanencorto.com\/noticias\/wp-content\/uploads\/2021\/08\/jose.jpeg 500w, https:\/\/www.yucatanencorto.com\/noticias\/wp-content\/uploads\/2021\/08\/jose-474x420.jpeg 474w\" sizes=\"auto, (max-width: 356px) 100vw, 356px\" \/><\/p>\n<p>M\u00e9rida, Yucat\u00e1n a 12 de agosto de 2021<\/p>\n<p>El juez de control del primer distrito judicial del sistema penal acusatorio, R\u00f3mulo Antonio Bonilla Casta\u00f1eda accedi\u00f3 diferir la audiencia de vinculaci\u00f3n relacionada con los delitos de homicidio calificado cometido en pandilla, tortura agravada y violaci\u00f3n agravada, por hechos ocurridos los d\u00edas 21 y 22 de julio del presente a\u00f1o en esta ciudad de M\u00e9rida.<br \/>\nLo anterior, luego de que en la audiencia del d\u00eda de hoy, las partes solicitaron el diferimiento para poder aportar datos de prueba al proceso.<\/p>\n<p>En la audiencia que se desarroll\u00f3 esta ma\u00f1ana, el Juez de Control explic\u00f3 a la hoy v\u00edctima indirecta los derechos que le asisten, tales como ser representada por un asesor jur\u00eddico de su confianza, aportar pruebas, asistir a las audiencias, entre otros derechos.<br \/>\nEn su oportunidad, los hoy imputados nombraron defensores particulares quienes solicitaron actos de investigaci\u00f3n consistentes en recopilar los videos de c\u00e1maras de vigilancias de centros comerciales y videos de las c\u00e1maras de seguridad de la polic\u00eda municipal.<\/p>\n<p>Por su parte, los representantes de la Fiscal\u00eda Estatal explicaron que ya atendieron las acciones solicitadas por la defensa consistente en la recopilaci\u00f3n de los videos de las c\u00e1maras de vigilancia de unos centros comerciales, as\u00ed como de la polic\u00eda municipal; sin embargo, no pudieron obtener los videos el d\u00eda de ayer porque dichos centros ya hab\u00edan cerrado, por lo que las diligencias se realizar\u00edan el d\u00eda de hoy. Expusieron que en cuanto estos videos sean obtenidos se le brindar\u00eda las copias correspondientes a las partes.<br \/>\nAdicionalmente, el asesor jur\u00eddico particular de la hoy v\u00edctima, nombrado en esta misma audiencia, se adhiri\u00f3 a lo que se\u00f1al\u00f3 el fiscal y la v\u00edctima no se opuso al diferimiento de la audiencia.<\/p>\n<p>Por \u00faltimo, el Juez de Control Bonilla Casta\u00f1eda accedi\u00f3 a la solicitud de las defensas, dado que es un derecho constitucional de los imputados, as\u00ed como el plazo para resolver la vinculaci\u00f3n a proceso finaliza el d\u00eda de ma\u00f1ana en horas de la tarde, por lo que fij\u00f3 la audiencia para el ma\u00f1ana viernes 13 de agosto a las 10:00 horas.<\/p>\n","protected":false},"excerpt":{"rendered":"<p>&nbsp; M\u00e9rida, Yucat\u00e1n a 12 de agosto de 2021 El juez de control del primer distrito judicial del sistema penal acusatorio, R\u00f3mulo Antonio Bonilla Casta\u00f1eda accedi\u00f3 diferir la audiencia de vinculaci\u00f3n relacionada con los delitos de homicidio calificado cometido en pandilla, tortura agravada y violaci\u00f3n agravada, por hechos ocurridos los d\u00edas 21 y 22 de [&hellip;]<\/p>\n","protected":false},"author":2,"featured_media":85584,"comment_status":"closed","ping_status":"closed","sticky":false,"template":"","format":"standard","meta":{"footnotes":""},"categories":[3],"tags":[],"class_list":{"0":"post-85583","1":"post","2":"type-post","3":"status-publish","4":"format-standard","5":"has-post-thumbnail","7":"category-yucatan"},"yoast_head":"<!-- This site is optimized with the Yoast SEO plugin v27.4 - https:\/\/yoast.com\/product\/yoast-seo-wordpress\/ -->\n<title>Caso Jos\u00e9 Ravelo se solicit\u00f3 el diferimiento para poder aportar datos de prueba al proceso - Yucat\u00e1n en corto<\/title>\n<meta name=\"robots\" content=\"index, follow, max-snippet:-1, max-image-preview:large, max-video-preview:-1\" \/>\n<link rel=\"canonical\" href=\"https:\/\/www.yucatanencorto.com\/noticias\/caso-jose-ravelo-se-solicito-el-diferimiento-para-poder-aportar-datos-de-prueba-al-proceso\/\" \/>\n<meta property=\"og:locale\" content=\"es_ES\" \/>\n<meta property=\"og:type\" content=\"article\" \/>\n<meta property=\"og:title\" content=\"Caso Jos\u00e9 Ravelo se solicit\u00f3 el diferimiento para poder aportar datos de prueba al proceso - Yucat\u00e1n en corto\" \/>\n<meta property=\"og:description\" content=\"&nbsp; M\u00e9rida, Yucat\u00e1n a 12 de agosto de 2021 El juez de control del primer distrito judicial del sistema penal acusatorio, R\u00f3mulo Antonio Bonilla Casta\u00f1eda accedi\u00f3 diferir la audiencia de vinculaci\u00f3n relacionada con los delitos de homicidio calificado cometido en pandilla, tortura agravada y violaci\u00f3n agravada, por hechos ocurridos los d\u00edas 21 y 22 de [&hellip;]\" \/>\n<meta property=\"og:url\" content=\"https:\/\/www.yucatanencorto.com\/noticias\/caso-jose-ravelo-se-solicito-el-diferimiento-para-poder-aportar-datos-de-prueba-al-proceso\/\" \/>\n<meta property=\"og:site_name\" content=\"Yucat\u00e1n en corto\" \/>\n<meta property=\"article:publisher\" content=\"http:\/\/www.facebook.com\/yucatanencorto\" \/>\n<meta property=\"article:published_time\" content=\"2021-08-12T19:48:35+00:00\" \/>\n<meta property=\"article:modified_time\" content=\"2021-08-12T21:32:13+00:00\" \/>\n<meta property=\"og:image\" content=\"https:\/\/www.yucatanencorto.com\/noticias\/wp-content\/uploads\/2021\/08\/jose.jpeg\" \/>\n\t<meta property=\"og:image:width\" content=\"500\" \/>\n\t<meta property=\"og:image:height\" content=\"443\" \/>\n\t<meta property=\"og:image:type\" content=\"image\/jpeg\" \/>\n<meta name=\"author\" content=\"Yucat\u00e1n en Corto FC\" \/>\n<meta name=\"twitter:card\" content=\"summary_large_image\" \/>\n<meta name=\"twitter:creator\" content=\"@yucatanencorto\" \/>\n<meta name=\"twitter:site\" content=\"@yucatanencorto\" \/>\n<meta name=\"twitter:label1\" content=\"Escrito por\" \/>\n\t<meta name=\"twitter:data1\" content=\"Yucat\u00e1n en Corto FC\" \/>\n\t<meta name=\"twitter:label2\" content=\"Tiempo de lectura\" \/>\n\t<meta name=\"twitter:data2\" content=\"2 minutos\" \/>\n<script type=\"application\/ld+json\" class=\"yoast-schema-graph\">{\"@context\":\"https:\\\/\\\/schema.org\",\"@graph\":[{\"@type\":\"Article\",\"@id\":\"https:\\\/\\\/www.yucatanencorto.com\\\/noticias\\\/caso-jose-ravelo-se-solicito-el-diferimiento-para-poder-aportar-datos-de-prueba-al-proceso\\\/#article\",\"isPartOf\":{\"@id\":\"https:\\\/\\\/www.yucatanencorto.com\\\/noticias\\\/caso-jose-ravelo-se-solicito-el-diferimiento-para-poder-aportar-datos-de-prueba-al-proceso\\\/\"},\"author\":{\"name\":\"Yucat\u00e1n en Corto FC\",\"@id\":\"https:\\\/\\\/www.yucatanencorto.com\\\/noticias\\\/#\\\/schema\\\/person\\\/14f82d355225a1f4075dd84a31f45a72\"},\"headline\":\"Caso Jos\u00e9 Ravelo se solicit\u00f3 el diferimiento para poder aportar datos de prueba al proceso\",\"datePublished\":\"2021-08-12T19:48:35+00:00\",\"dateModified\":\"2021-08-12T21:32:13+00:00\",\"mainEntityOfPage\":{\"@id\":\"https:\\\/\\\/www.yucatanencorto.com\\\/noticias\\\/caso-jose-ravelo-se-solicito-el-diferimiento-para-poder-aportar-datos-de-prueba-al-proceso\\\/\"},\"wordCount\":393,\"image\":{\"@id\":\"https:\\\/\\\/www.yucatanencorto.com\\\/noticias\\\/caso-jose-ravelo-se-solicito-el-diferimiento-para-poder-aportar-datos-de-prueba-al-proceso\\\/#primaryimage\"},\"thumbnailUrl\":\"https:\\\/\\\/www.yucatanencorto.com\\\/noticias\\\/wp-content\\\/uploads\\\/2021\\\/08\\\/jose.jpeg\",\"articleSection\":[\"Yucat\u00e1n\"],\"inLanguage\":\"es\"},{\"@type\":\"WebPage\",\"@id\":\"https:\\\/\\\/www.yucatanencorto.com\\\/noticias\\\/caso-jose-ravelo-se-solicito-el-diferimiento-para-poder-aportar-datos-de-prueba-al-proceso\\\/\",\"url\":\"https:\\\/\\\/www.yucatanencorto.com\\\/noticias\\\/caso-jose-ravelo-se-solicito-el-diferimiento-para-poder-aportar-datos-de-prueba-al-proceso\\\/\",\"name\":\"Caso Jos\u00e9 Ravelo se solicit\u00f3 el diferimiento para poder aportar datos de prueba al proceso - Yucat\u00e1n en corto\",\"isPartOf\":{\"@id\":\"https:\\\/\\\/www.yucatanencorto.com\\\/noticias\\\/#website\"},\"primaryImageOfPage\":{\"@id\":\"https:\\\/\\\/www.yucatanencorto.com\\\/noticias\\\/caso-jose-ravelo-se-solicito-el-diferimiento-para-poder-aportar-datos-de-prueba-al-proceso\\\/#primaryimage\"},\"image\":{\"@id\":\"https:\\\/\\\/www.yucatanencorto.com\\\/noticias\\\/caso-jose-ravelo-se-solicito-el-diferimiento-para-poder-aportar-datos-de-prueba-al-proceso\\\/#primaryimage\"},\"thumbnailUrl\":\"https:\\\/\\\/www.yucatanencorto.com\\\/noticias\\\/wp-content\\\/uploads\\\/2021\\\/08\\\/jose.jpeg\",\"datePublished\":\"2021-08-12T19:48:35+00:00\",\"dateModified\":\"2021-08-12T21:32:13+00:00\",\"author\":{\"@id\":\"https:\\\/\\\/www.yucatanencorto.com\\\/noticias\\\/#\\\/schema\\\/person\\\/14f82d355225a1f4075dd84a31f45a72\"},\"breadcrumb\":{\"@id\":\"https:\\\/\\\/www.yucatanencorto.com\\\/noticias\\\/caso-jose-ravelo-se-solicito-el-diferimiento-para-poder-aportar-datos-de-prueba-al-proceso\\\/#breadcrumb\"},\"inLanguage\":\"es\",\"potentialAction\":[{\"@type\":\"ReadAction\",\"target\":[\"https:\\\/\\\/www.yucatanencorto.com\\\/noticias\\\/caso-jose-ravelo-se-solicito-el-diferimiento-para-poder-aportar-datos-de-prueba-al-proceso\\\/\"]}]},{\"@type\":\"ImageObject\",\"inLanguage\":\"es\",\"@id\":\"https:\\\/\\\/www.yucatanencorto.com\\\/noticias\\\/caso-jose-ravelo-se-solicito-el-diferimiento-para-poder-aportar-datos-de-prueba-al-proceso\\\/#primaryimage\",\"url\":\"https:\\\/\\\/www.yucatanencorto.com\\\/noticias\\\/wp-content\\\/uploads\\\/2021\\\/08\\\/jose.jpeg\",\"contentUrl\":\"https:\\\/\\\/www.yucatanencorto.com\\\/noticias\\\/wp-content\\\/uploads\\\/2021\\\/08\\\/jose.jpeg\",\"width\":500,\"height\":443},{\"@type\":\"BreadcrumbList\",\"@id\":\"https:\\\/\\\/www.yucatanencorto.com\\\/noticias\\\/caso-jose-ravelo-se-solicito-el-diferimiento-para-poder-aportar-datos-de-prueba-al-proceso\\\/#breadcrumb\",\"itemListElement\":[{\"@type\":\"ListItem\",\"position\":1,\"name\":\"Portada\",\"item\":\"https:\\\/\\\/www.yucatanencorto.com\\\/noticias\\\/\"},{\"@type\":\"ListItem\",\"position\":2,\"name\":\"Caso Jos\u00e9 Ravelo se solicit\u00f3 el diferimiento para poder aportar datos de prueba al proceso\"}]},{\"@type\":\"WebSite\",\"@id\":\"https:\\\/\\\/www.yucatanencorto.com\\\/noticias\\\/#website\",\"url\":\"https:\\\/\\\/www.yucatanencorto.com\\\/noticias\\\/\",\"name\":\"Yucat\u00e1n en corto\",\"description\":\"Noticias\",\"potentialAction\":[{\"@type\":\"SearchAction\",\"target\":{\"@type\":\"EntryPoint\",\"urlTemplate\":\"https:\\\/\\\/www.yucatanencorto.com\\\/noticias\\\/?s={search_term_string}\"},\"query-input\":{\"@type\":\"PropertyValueSpecification\",\"valueRequired\":true,\"valueName\":\"search_term_string\"}}],\"inLanguage\":\"es\"},{\"@type\":\"Person\",\"@id\":\"https:\\\/\\\/www.yucatanencorto.com\\\/noticias\\\/#\\\/schema\\\/person\\\/14f82d355225a1f4075dd84a31f45a72\",\"name\":\"Yucat\u00e1n en Corto FC\",\"image\":{\"@type\":\"ImageObject\",\"inLanguage\":\"es\",\"@id\":\"https:\\\/\\\/secure.gravatar.com\\\/avatar\\\/147d4b30cd728c53c29c49a3f7834dedca33707f4cd259761355846009a88250?s=96&d=mm&r=g\",\"url\":\"https:\\\/\\\/secure.gravatar.com\\\/avatar\\\/147d4b30cd728c53c29c49a3f7834dedca33707f4cd259761355846009a88250?s=96&d=mm&r=g\",\"contentUrl\":\"https:\\\/\\\/secure.gravatar.com\\\/avatar\\\/147d4b30cd728c53c29c49a3f7834dedca33707f4cd259761355846009a88250?s=96&d=mm&r=g\",\"caption\":\"Yucat\u00e1n en Corto FC\"},\"url\":\"https:\\\/\\\/www.yucatanencorto.com\\\/noticias\\\/author\\\/flor\\\/\"}]}<\/script>\n<!-- \/ Yoast SEO plugin. -->","yoast_head_json":{"title":"Caso Jos\u00e9 Ravelo se solicit\u00f3 el diferimiento para poder aportar datos de prueba al proceso - Yucat\u00e1n en corto","robots":{"index":"index","follow":"follow","max-snippet":"max-snippet:-1","max-image-preview":"max-image-preview:large","max-video-preview":"max-video-preview:-1"},"canonical":"https:\/\/www.yucatanencorto.com\/noticias\/caso-jose-ravelo-se-solicito-el-diferimiento-para-poder-aportar-datos-de-prueba-al-proceso\/","og_locale":"es_ES","og_type":"article","og_title":"Caso Jos\u00e9 Ravelo se solicit\u00f3 el diferimiento para poder aportar datos de prueba al proceso - Yucat\u00e1n en corto","og_description":"&nbsp; M\u00e9rida, Yucat\u00e1n a 12 de agosto de 2021 El juez de control del primer distrito judicial del sistema penal acusatorio, R\u00f3mulo Antonio Bonilla Casta\u00f1eda accedi\u00f3 diferir la audiencia de vinculaci\u00f3n relacionada con los delitos de homicidio calificado cometido en pandilla, tortura agravada y violaci\u00f3n agravada, por hechos ocurridos los d\u00edas 21 y 22 de [&hellip;]","og_url":"https:\/\/www.yucatanencorto.com\/noticias\/caso-jose-ravelo-se-solicito-el-diferimiento-para-poder-aportar-datos-de-prueba-al-proceso\/","og_site_name":"Yucat\u00e1n en corto","article_publisher":"http:\/\/www.facebook.com\/yucatanencorto","article_published_time":"2021-08-12T19:48:35+00:00","article_modified_time":"2021-08-12T21:32:13+00:00","og_image":[{"width":500,"height":443,"url":"https:\/\/www.yucatanencorto.com\/noticias\/wp-content\/uploads\/2021\/08\/jose.jpeg","type":"image\/jpeg"}],"author":"Yucat\u00e1n en Corto FC","twitter_card":"summary_large_image","twitter_creator":"@yucatanencorto","twitter_site":"@yucatanencorto","twitter_misc":{"Escrito por":"Yucat\u00e1n en Corto FC","Tiempo de lectura":"2 minutos"},"schema":{"@context":"https:\/\/schema.org","@graph":[{"@type":"Article","@id":"https:\/\/www.yucatanencorto.com\/noticias\/caso-jose-ravelo-se-solicito-el-diferimiento-para-poder-aportar-datos-de-prueba-al-proceso\/#article","isPartOf":{"@id":"https:\/\/www.yucatanencorto.com\/noticias\/caso-jose-ravelo-se-solicito-el-diferimiento-para-poder-aportar-datos-de-prueba-al-proceso\/"},"author":{"name":"Yucat\u00e1n en Corto FC","@id":"https:\/\/www.yucatanencorto.com\/noticias\/#\/schema\/person\/14f82d355225a1f4075dd84a31f45a72"},"headline":"Caso Jos\u00e9 Ravelo se solicit\u00f3 el diferimiento para poder aportar datos de prueba al proceso","datePublished":"2021-08-12T19:48:35+00:00","dateModified":"2021-08-12T21:32:13+00:00","mainEntityOfPage":{"@id":"https:\/\/www.yucatanencorto.com\/noticias\/caso-jose-ravelo-se-solicito-el-diferimiento-para-poder-aportar-datos-de-prueba-al-proceso\/"},"wordCount":393,"image":{"@id":"https:\/\/www.yucatanencorto.com\/noticias\/caso-jose-ravelo-se-solicito-el-diferimiento-para-poder-aportar-datos-de-prueba-al-proceso\/#primaryimage"},"thumbnailUrl":"https:\/\/www.yucatanencorto.com\/noticias\/wp-content\/uploads\/2021\/08\/jose.jpeg","articleSection":["Yucat\u00e1n"],"inLanguage":"es"},{"@type":"WebPage","@id":"https:\/\/www.yucatanencorto.com\/noticias\/caso-jose-ravelo-se-solicito-el-diferimiento-para-poder-aportar-datos-de-prueba-al-proceso\/","url":"https:\/\/www.yucatanencorto.com\/noticias\/caso-jose-ravelo-se-solicito-el-diferimiento-para-poder-aportar-datos-de-prueba-al-proceso\/","name":"Caso Jos\u00e9 Ravelo se solicit\u00f3 el diferimiento para poder aportar datos de prueba al proceso - Yucat\u00e1n en corto","isPartOf":{"@id":"https:\/\/www.yucatanencorto.com\/noticias\/#website"},"primaryImageOfPage":{"@id":"https:\/\/www.yucatanencorto.com\/noticias\/caso-jose-ravelo-se-solicito-el-diferimiento-para-poder-aportar-datos-de-prueba-al-proceso\/#primaryimage"},"image":{"@id":"https:\/\/www.yucatanencorto.com\/noticias\/caso-jose-ravelo-se-solicito-el-diferimiento-para-poder-aportar-datos-de-prueba-al-proceso\/#primaryimage"},"thumbnailUrl":"https:\/\/www.yucatanencorto.com\/noticias\/wp-content\/uploads\/2021\/08\/jose.jpeg","datePublished":"2021-08-12T19:48:35+00:00","dateModified":"2021-08-12T21:32:13+00:00","author":{"@id":"https:\/\/www.yucatanencorto.com\/noticias\/#\/schema\/person\/14f82d355225a1f4075dd84a31f45a72"},"breadcrumb":{"@id":"https:\/\/www.yucatanencorto.com\/noticias\/caso-jose-ravelo-se-solicito-el-diferimiento-para-poder-aportar-datos-de-prueba-al-proceso\/#breadcrumb"},"inLanguage":"es","potentialAction":[{"@type":"ReadAction","target":["https:\/\/www.yucatanencorto.com\/noticias\/caso-jose-ravelo-se-solicito-el-diferimiento-para-poder-aportar-datos-de-prueba-al-proceso\/"]}]},{"@type":"ImageObject","inLanguage":"es","@id":"https:\/\/www.yucatanencorto.com\/noticias\/caso-jose-ravelo-se-solicito-el-diferimiento-para-poder-aportar-datos-de-prueba-al-proceso\/#primaryimage","url":"https:\/\/www.yucatanencorto.com\/noticias\/wp-content\/uploads\/2021\/08\/jose.jpeg","contentUrl":"https:\/\/www.yucatanencorto.com\/noticias\/wp-content\/uploads\/2021\/08\/jose.jpeg","width":500,"height":443},{"@type":"BreadcrumbList","@id":"https:\/\/www.yucatanencorto.com\/noticias\/caso-jose-ravelo-se-solicito-el-diferimiento-para-poder-aportar-datos-de-prueba-al-proceso\/#breadcrumb","itemListElement":[{"@type":"ListItem","position":1,"name":"Portada","item":"https:\/\/www.yucatanencorto.com\/noticias\/"},{"@type":"ListItem","position":2,"name":"Caso Jos\u00e9 Ravelo se solicit\u00f3 el diferimiento para poder aportar datos de prueba al proceso"}]},{"@type":"WebSite","@id":"https:\/\/www.yucatanencorto.com\/noticias\/#website","url":"https:\/\/www.yucatanencorto.com\/noticias\/","name":"Yucat\u00e1n en corto","description":"Noticias","potentialAction":[{"@type":"SearchAction","target":{"@type":"EntryPoint","urlTemplate":"https:\/\/www.yucatanencorto.com\/noticias\/?s={search_term_string}"},"query-input":{"@type":"PropertyValueSpecification","valueRequired":true,"valueName":"search_term_string"}}],"inLanguage":"es"},{"@type":"Person","@id":"https:\/\/www.yucatanencorto.com\/noticias\/#\/schema\/person\/14f82d355225a1f4075dd84a31f45a72","name":"Yucat\u00e1n en Corto FC","image":{"@type":"ImageObject","inLanguage":"es","@id":"https:\/\/secure.gravatar.com\/avatar\/147d4b30cd728c53c29c49a3f7834dedca33707f4cd259761355846009a88250?s=96&d=mm&r=g","url":"https:\/\/secure.gravatar.com\/avatar\/147d4b30cd728c53c29c49a3f7834dedca33707f4cd259761355846009a88250?s=96&d=mm&r=g","contentUrl":"https:\/\/secure.gravatar.com\/avatar\/147d4b30cd728c53c29c49a3f7834dedca33707f4cd259761355846009a88250?s=96&d=mm&r=g","caption":"Yucat\u00e1n en Corto FC"},"url":"https:\/\/www.yucatanencorto.com\/noticias\/author\/flor\/"}]}},"_links":{"self":[{"href":"https:\/\/www.yucatanencorto.com\/noticias\/wp-json\/wp\/v2\/posts\/85583","targetHints":{"allow":["GET"]}}],"collection":[{"href":"https:\/\/www.yucatanencorto.com\/noticias\/wp-json\/wp\/v2\/posts"}],"about":[{"href":"https:\/\/www.yucatanencorto.com\/noticias\/wp-json\/wp\/v2\/types\/post"}],"author":[{"embeddable":true,"href":"https:\/\/www.yucatanencorto.com\/noticias\/wp-json\/wp\/v2\/users\/2"}],"replies":[{"embeddable":true,"href":"https:\/\/www.yucatanencorto.com\/noticias\/wp-json\/wp\/v2\/comments?post=85583"}],"version-history":[{"count":0,"href":"https:\/\/www.yucatanencorto.com\/noticias\/wp-json\/wp\/v2\/posts\/85583\/revisions"}],"wp:featuredmedia":[{"embeddable":true,"href":"https:\/\/www.yucatanencorto.com\/noticias\/wp-json\/wp\/v2\/media\/85584"}],"wp:attachment":[{"href":"https:\/\/www.yucatanencorto.com\/noticias\/wp-json\/wp\/v2\/media?parent=85583"}],"wp:term":[{"taxonomy":"category","embeddable":true,"href":"https:\/\/www.yucatanencorto.com\/noticias\/wp-json\/wp\/v2\/categories?post=85583"},{"taxonomy":"post_tag","embeddable":true,"href":"https:\/\/www.yucatanencorto.com\/noticias\/wp-json\/wp\/v2\/tags?post=85583"}],"curies":[{"name":"wp","href":"https:\/\/api.w.org\/{rel}","templated":true}]}}