{"id":85589,"date":"2021-08-12T16:29:12","date_gmt":"2021-08-12T21:29:12","guid":{"rendered":"https:\/\/www.yucatanencorto.com\/noticias\/?p=85589"},"modified":"2021-08-12T16:45:03","modified_gmt":"2021-08-12T21:45:03","slug":"no-pararemos-hasta-que-se-conozca-la-verdad-y-se-haga-justicia-reitera-el-gobernador-mauricio-vila-dosal-a-madre-de-joven-veracruzano","status":"publish","type":"post","link":"https:\/\/www.yucatanencorto.com\/noticias\/no-pararemos-hasta-que-se-conozca-la-verdad-y-se-haga-justicia-reitera-el-gobernador-mauricio-vila-dosal-a-madre-de-joven-veracruzano\/","title":{"rendered":"No pararemos hasta que se conozca la verdad y se haga justicia, reitera el Gobernador Mauricio Vila Dosal a madre de joven veracruzano"},"content":{"rendered":"<blockquote>\n<div dir=\"ltr\">\n<h5><img loading=\"lazy\" decoding=\"async\" class=\"alignnone size-full wp-image-85584\" src=\"https:\/\/www.yucatanencorto.com\/noticias\/wp-content\/uploads\/2021\/08\/jose.jpeg\" alt=\"\" width=\"500\" height=\"443\" srcset=\"https:\/\/www.yucatanencorto.com\/noticias\/wp-content\/uploads\/2021\/08\/jose.jpeg 500w, https:\/\/www.yucatanencorto.com\/noticias\/wp-content\/uploads\/2021\/08\/jose-474x420.jpeg 474w\" sizes=\"auto, (max-width: 500px) 100vw, 500px\" \/><\/h5>\n<h5><\/h5>\n<h5 style=\"text-align: left;\">M\u00e9rida, Yucat\u00e1n, 12 de agosto\u00a0de 2021.- El Gobernador Mauricio Vila Dosal recibi\u00f3 este d\u00eda a la se\u00f1ora Dora Mar\u00eda Ravelo, madre de J.E.R.E., joven originario de Veracruz que muri\u00f3 a causa de supuestas agresiones f\u00edsicas ocasionadas por agentes de la Polic\u00eda Municipal de M\u00e9rida, a quien extendi\u00f3 una disculpa a nombre de Yucat\u00e1n y reiter\u00f3 que se llegar\u00e1 al fondo del caso para esclarecer la verdad y que se ha haga justicia.<\/h5>\n<h5 style=\"text-align: left;\">Durante el encuentro realizado en Palacio de Gobierno, Vila Dosal sostuvo un di\u00e1logo amplio y escuch\u00f3 los planteamientos sobre este lamentable hecho que hicieron la madre del joven fallecido, su hijo Irving Covi\u00e1n Ravelo y el abogado de \u00e9sta, a quienes refrend\u00f3 todo del apoyo del Gobierno del Estado, en el \u00e1mbito de sus facultades.<\/h5>\n<h5 style=\"text-align: left;\">\u201cDesde la Fiscal\u00eda se est\u00e1 trabajando para conocer la verdad y se buscar\u00e1 se haga justicia caiga quien caiga. Quien sea responsable deber\u00e1 responder por sus actos\u201d, puntualiz\u00f3 Vila Dosal, quien estuvo acompa\u00f1ado de la titular de la Secretar\u00eda General de Gobierno (SGG), Mar\u00eda Fritz Sierra y el fiscal General del Estado, Juan Manuel Le\u00f3n.<\/h5>\n<h5 style=\"text-align: left;\">Estamos a su disposici\u00f3n para apoyar en este momento tan doloroso. No puedo imaginar lo que est\u00e1 pasando y s\u00e9 que ninguna madre deber\u00eda experimentar jam\u00e1s la p\u00e9rdida de un hijo, mucho menos en estas condiciones. Por eso le reitero que cuenta con todo nuestro apoyo, a\u00f1adi\u00f3 el Gobernador.<\/h5>\n<h5 style=\"text-align: left;\">En ese marco, Vila Dosal reconoci\u00f3 que ninguna acci\u00f3n devolver\u00e1 la vida al hijo de Dora Mar\u00eda Ravelo, \u201cpero quiero que sepa que este es un punto de partida y que continuaremos trabajando para combatir cualquier forma de violencia y discriminaci\u00f3n\u201d.<\/h5>\n<h5 style=\"text-align: left;\">Asimismo, el Gobernador le inform\u00f3 a la madre del joven fallecido y su abogado que ya dio la instrucci\u00f3n para que a nivel estatal y en los 106 municipios de Yucat\u00e1n, sea obligatorio que se capaciten a los elementos policiales en materia de derechos humanos.<\/h5>\n<h5 style=\"text-align: left;\">Continuaremos trabajando en Yucat\u00e1n para que no exista ning\u00fan tipo de violencia, ni discriminaci\u00f3n. De parte del Gobierno Estatal siempre contar\u00e1n con el apoyo de todas nuestras dependencias y quiero reiterar que no pararemos hasta que se conozca la verdad y se haga justicia, asever\u00f3 Vila Dosal.<\/h5>\n<\/div>\n<\/blockquote>\n","protected":false},"excerpt":{"rendered":"<p>M\u00e9rida, Yucat\u00e1n, 12 de agosto\u00a0de 2021.- El Gobernador Mauricio Vila Dosal recibi\u00f3 este d\u00eda a la se\u00f1ora Dora Mar\u00eda Ravelo, madre de J.E.R.E., joven originario de Veracruz que muri\u00f3 a causa de supuestas agresiones f\u00edsicas ocasionadas por agentes de la Polic\u00eda Municipal de M\u00e9rida, a quien extendi\u00f3 una disculpa a nombre de Yucat\u00e1n y reiter\u00f3 [&hellip;]<\/p>\n","protected":false},"author":2,"featured_media":85604,"comment_status":"closed","ping_status":"closed","sticky":false,"template":"","format":"standard","meta":{"footnotes":""},"categories":[3],"tags":[],"class_list":{"0":"post-85589","1":"post","2":"type-post","3":"status-publish","4":"format-standard","5":"has-post-thumbnail","7":"category-yucatan"},"yoast_head":"<!-- This site is optimized with the Yoast SEO plugin v27.4 - https:\/\/yoast.com\/product\/yoast-seo-wordpress\/ -->\n<title>No pararemos hasta que se conozca la verdad y se haga justicia, reitera el Gobernador Mauricio Vila Dosal a madre de joven veracruzano - Yucat\u00e1n en corto<\/title>\n<meta name=\"robots\" content=\"index, follow, max-snippet:-1, max-image-preview:large, max-video-preview:-1\" \/>\n<link rel=\"canonical\" href=\"https:\/\/www.yucatanencorto.com\/noticias\/no-pararemos-hasta-que-se-conozca-la-verdad-y-se-haga-justicia-reitera-el-gobernador-mauricio-vila-dosal-a-madre-de-joven-veracruzano\/\" \/>\n<meta property=\"og:locale\" content=\"es_ES\" \/>\n<meta property=\"og:type\" content=\"article\" \/>\n<meta property=\"og:title\" content=\"No pararemos hasta que se conozca la verdad y se haga justicia, reitera el Gobernador Mauricio Vila Dosal a madre de joven veracruzano - Yucat\u00e1n en corto\" \/>\n<meta property=\"og:description\" content=\"M\u00e9rida, Yucat\u00e1n, 12 de agosto\u00a0de 2021.- El Gobernador Mauricio Vila Dosal recibi\u00f3 este d\u00eda a la se\u00f1ora Dora Mar\u00eda Ravelo, madre de J.E.R.E., joven originario de Veracruz que muri\u00f3 a causa de supuestas agresiones f\u00edsicas ocasionadas por agentes de la Polic\u00eda Municipal de M\u00e9rida, a quien extendi\u00f3 una disculpa a nombre de Yucat\u00e1n y reiter\u00f3 [&hellip;]\" \/>\n<meta property=\"og:url\" content=\"https:\/\/www.yucatanencorto.com\/noticias\/no-pararemos-hasta-que-se-conozca-la-verdad-y-se-haga-justicia-reitera-el-gobernador-mauricio-vila-dosal-a-madre-de-joven-veracruzano\/\" \/>\n<meta property=\"og:site_name\" content=\"Yucat\u00e1n en corto\" \/>\n<meta property=\"article:publisher\" content=\"http:\/\/www.facebook.com\/yucatanencorto\" \/>\n<meta property=\"article:published_time\" content=\"2021-08-12T21:29:12+00:00\" \/>\n<meta property=\"article:modified_time\" content=\"2021-08-12T21:45:03+00:00\" \/>\n<meta property=\"og:image\" content=\"https:\/\/www.yucatanencorto.com\/noticias\/wp-content\/uploads\/2021\/08\/jose-1.jpeg\" \/>\n\t<meta property=\"og:image:width\" content=\"500\" \/>\n\t<meta property=\"og:image:height\" content=\"443\" \/>\n\t<meta property=\"og:image:type\" content=\"image\/jpeg\" \/>\n<meta name=\"author\" content=\"Yucat\u00e1n en Corto FC\" \/>\n<meta name=\"twitter:card\" content=\"summary_large_image\" \/>\n<meta name=\"twitter:creator\" content=\"@yucatanencorto\" \/>\n<meta name=\"twitter:site\" content=\"@yucatanencorto\" \/>\n<meta name=\"twitter:label1\" content=\"Escrito por\" \/>\n\t<meta name=\"twitter:data1\" content=\"Yucat\u00e1n en Corto FC\" \/>\n\t<meta name=\"twitter:label2\" content=\"Tiempo de lectura\" \/>\n\t<meta name=\"twitter:data2\" content=\"2 minutos\" \/>\n<script type=\"application\/ld+json\" class=\"yoast-schema-graph\">{\"@context\":\"https:\\\/\\\/schema.org\",\"@graph\":[{\"@type\":\"Article\",\"@id\":\"https:\\\/\\\/www.yucatanencorto.com\\\/noticias\\\/no-pararemos-hasta-que-se-conozca-la-verdad-y-se-haga-justicia-reitera-el-gobernador-mauricio-vila-dosal-a-madre-de-joven-veracruzano\\\/#article\",\"isPartOf\":{\"@id\":\"https:\\\/\\\/www.yucatanencorto.com\\\/noticias\\\/no-pararemos-hasta-que-se-conozca-la-verdad-y-se-haga-justicia-reitera-el-gobernador-mauricio-vila-dosal-a-madre-de-joven-veracruzano\\\/\"},\"author\":{\"name\":\"Yucat\u00e1n en Corto FC\",\"@id\":\"https:\\\/\\\/www.yucatanencorto.com\\\/noticias\\\/#\\\/schema\\\/person\\\/14f82d355225a1f4075dd84a31f45a72\"},\"headline\":\"No pararemos hasta que se conozca la verdad y se haga justicia, reitera el Gobernador Mauricio Vila Dosal a madre de joven veracruzano\",\"datePublished\":\"2021-08-12T21:29:12+00:00\",\"dateModified\":\"2021-08-12T21:45:03+00:00\",\"mainEntityOfPage\":{\"@id\":\"https:\\\/\\\/www.yucatanencorto.com\\\/noticias\\\/no-pararemos-hasta-que-se-conozca-la-verdad-y-se-haga-justicia-reitera-el-gobernador-mauricio-vila-dosal-a-madre-de-joven-veracruzano\\\/\"},\"wordCount\":419,\"image\":{\"@id\":\"https:\\\/\\\/www.yucatanencorto.com\\\/noticias\\\/no-pararemos-hasta-que-se-conozca-la-verdad-y-se-haga-justicia-reitera-el-gobernador-mauricio-vila-dosal-a-madre-de-joven-veracruzano\\\/#primaryimage\"},\"thumbnailUrl\":\"https:\\\/\\\/www.yucatanencorto.com\\\/noticias\\\/wp-content\\\/uploads\\\/2021\\\/08\\\/jose-1.jpeg\",\"articleSection\":[\"Yucat\u00e1n\"],\"inLanguage\":\"es\"},{\"@type\":\"WebPage\",\"@id\":\"https:\\\/\\\/www.yucatanencorto.com\\\/noticias\\\/no-pararemos-hasta-que-se-conozca-la-verdad-y-se-haga-justicia-reitera-el-gobernador-mauricio-vila-dosal-a-madre-de-joven-veracruzano\\\/\",\"url\":\"https:\\\/\\\/www.yucatanencorto.com\\\/noticias\\\/no-pararemos-hasta-que-se-conozca-la-verdad-y-se-haga-justicia-reitera-el-gobernador-mauricio-vila-dosal-a-madre-de-joven-veracruzano\\\/\",\"name\":\"No pararemos hasta que se conozca la verdad y se haga justicia, reitera el Gobernador Mauricio Vila Dosal a madre de joven veracruzano - Yucat\u00e1n en corto\",\"isPartOf\":{\"@id\":\"https:\\\/\\\/www.yucatanencorto.com\\\/noticias\\\/#website\"},\"primaryImageOfPage\":{\"@id\":\"https:\\\/\\\/www.yucatanencorto.com\\\/noticias\\\/no-pararemos-hasta-que-se-conozca-la-verdad-y-se-haga-justicia-reitera-el-gobernador-mauricio-vila-dosal-a-madre-de-joven-veracruzano\\\/#primaryimage\"},\"image\":{\"@id\":\"https:\\\/\\\/www.yucatanencorto.com\\\/noticias\\\/no-pararemos-hasta-que-se-conozca-la-verdad-y-se-haga-justicia-reitera-el-gobernador-mauricio-vila-dosal-a-madre-de-joven-veracruzano\\\/#primaryimage\"},\"thumbnailUrl\":\"https:\\\/\\\/www.yucatanencorto.com\\\/noticias\\\/wp-content\\\/uploads\\\/2021\\\/08\\\/jose-1.jpeg\",\"datePublished\":\"2021-08-12T21:29:12+00:00\",\"dateModified\":\"2021-08-12T21:45:03+00:00\",\"author\":{\"@id\":\"https:\\\/\\\/www.yucatanencorto.com\\\/noticias\\\/#\\\/schema\\\/person\\\/14f82d355225a1f4075dd84a31f45a72\"},\"breadcrumb\":{\"@id\":\"https:\\\/\\\/www.yucatanencorto.com\\\/noticias\\\/no-pararemos-hasta-que-se-conozca-la-verdad-y-se-haga-justicia-reitera-el-gobernador-mauricio-vila-dosal-a-madre-de-joven-veracruzano\\\/#breadcrumb\"},\"inLanguage\":\"es\",\"potentialAction\":[{\"@type\":\"ReadAction\",\"target\":[\"https:\\\/\\\/www.yucatanencorto.com\\\/noticias\\\/no-pararemos-hasta-que-se-conozca-la-verdad-y-se-haga-justicia-reitera-el-gobernador-mauricio-vila-dosal-a-madre-de-joven-veracruzano\\\/\"]}]},{\"@type\":\"ImageObject\",\"inLanguage\":\"es\",\"@id\":\"https:\\\/\\\/www.yucatanencorto.com\\\/noticias\\\/no-pararemos-hasta-que-se-conozca-la-verdad-y-se-haga-justicia-reitera-el-gobernador-mauricio-vila-dosal-a-madre-de-joven-veracruzano\\\/#primaryimage\",\"url\":\"https:\\\/\\\/www.yucatanencorto.com\\\/noticias\\\/wp-content\\\/uploads\\\/2021\\\/08\\\/jose-1.jpeg\",\"contentUrl\":\"https:\\\/\\\/www.yucatanencorto.com\\\/noticias\\\/wp-content\\\/uploads\\\/2021\\\/08\\\/jose-1.jpeg\",\"width\":500,\"height\":443},{\"@type\":\"BreadcrumbList\",\"@id\":\"https:\\\/\\\/www.yucatanencorto.com\\\/noticias\\\/no-pararemos-hasta-que-se-conozca-la-verdad-y-se-haga-justicia-reitera-el-gobernador-mauricio-vila-dosal-a-madre-de-joven-veracruzano\\\/#breadcrumb\",\"itemListElement\":[{\"@type\":\"ListItem\",\"position\":1,\"name\":\"Portada\",\"item\":\"https:\\\/\\\/www.yucatanencorto.com\\\/noticias\\\/\"},{\"@type\":\"ListItem\",\"position\":2,\"name\":\"No pararemos hasta que se conozca la verdad y se haga justicia, reitera el Gobernador Mauricio Vila Dosal a madre de joven veracruzano\"}]},{\"@type\":\"WebSite\",\"@id\":\"https:\\\/\\\/www.yucatanencorto.com\\\/noticias\\\/#website\",\"url\":\"https:\\\/\\\/www.yucatanencorto.com\\\/noticias\\\/\",\"name\":\"Yucat\u00e1n en corto\",\"description\":\"Noticias\",\"potentialAction\":[{\"@type\":\"SearchAction\",\"target\":{\"@type\":\"EntryPoint\",\"urlTemplate\":\"https:\\\/\\\/www.yucatanencorto.com\\\/noticias\\\/?s={search_term_string}\"},\"query-input\":{\"@type\":\"PropertyValueSpecification\",\"valueRequired\":true,\"valueName\":\"search_term_string\"}}],\"inLanguage\":\"es\"},{\"@type\":\"Person\",\"@id\":\"https:\\\/\\\/www.yucatanencorto.com\\\/noticias\\\/#\\\/schema\\\/person\\\/14f82d355225a1f4075dd84a31f45a72\",\"name\":\"Yucat\u00e1n en Corto FC\",\"image\":{\"@type\":\"ImageObject\",\"inLanguage\":\"es\",\"@id\":\"https:\\\/\\\/secure.gravatar.com\\\/avatar\\\/147d4b30cd728c53c29c49a3f7834dedca33707f4cd259761355846009a88250?s=96&d=mm&r=g\",\"url\":\"https:\\\/\\\/secure.gravatar.com\\\/avatar\\\/147d4b30cd728c53c29c49a3f7834dedca33707f4cd259761355846009a88250?s=96&d=mm&r=g\",\"contentUrl\":\"https:\\\/\\\/secure.gravatar.com\\\/avatar\\\/147d4b30cd728c53c29c49a3f7834dedca33707f4cd259761355846009a88250?s=96&d=mm&r=g\",\"caption\":\"Yucat\u00e1n en Corto FC\"},\"url\":\"https:\\\/\\\/www.yucatanencorto.com\\\/noticias\\\/author\\\/flor\\\/\"}]}<\/script>\n<!-- \/ Yoast SEO plugin. -->","yoast_head_json":{"title":"No pararemos hasta que se conozca la verdad y se haga justicia, reitera el Gobernador Mauricio Vila Dosal a madre de joven veracruzano - Yucat\u00e1n en corto","robots":{"index":"index","follow":"follow","max-snippet":"max-snippet:-1","max-image-preview":"max-image-preview:large","max-video-preview":"max-video-preview:-1"},"canonical":"https:\/\/www.yucatanencorto.com\/noticias\/no-pararemos-hasta-que-se-conozca-la-verdad-y-se-haga-justicia-reitera-el-gobernador-mauricio-vila-dosal-a-madre-de-joven-veracruzano\/","og_locale":"es_ES","og_type":"article","og_title":"No pararemos hasta que se conozca la verdad y se haga justicia, reitera el Gobernador Mauricio Vila Dosal a madre de joven veracruzano - Yucat\u00e1n en corto","og_description":"M\u00e9rida, Yucat\u00e1n, 12 de agosto\u00a0de 2021.- El Gobernador Mauricio Vila Dosal recibi\u00f3 este d\u00eda a la se\u00f1ora Dora Mar\u00eda Ravelo, madre de J.E.R.E., joven originario de Veracruz que muri\u00f3 a causa de supuestas agresiones f\u00edsicas ocasionadas por agentes de la Polic\u00eda Municipal de M\u00e9rida, a quien extendi\u00f3 una disculpa a nombre de Yucat\u00e1n y reiter\u00f3 [&hellip;]","og_url":"https:\/\/www.yucatanencorto.com\/noticias\/no-pararemos-hasta-que-se-conozca-la-verdad-y-se-haga-justicia-reitera-el-gobernador-mauricio-vila-dosal-a-madre-de-joven-veracruzano\/","og_site_name":"Yucat\u00e1n en corto","article_publisher":"http:\/\/www.facebook.com\/yucatanencorto","article_published_time":"2021-08-12T21:29:12+00:00","article_modified_time":"2021-08-12T21:45:03+00:00","og_image":[{"width":500,"height":443,"url":"https:\/\/www.yucatanencorto.com\/noticias\/wp-content\/uploads\/2021\/08\/jose-1.jpeg","type":"image\/jpeg"}],"author":"Yucat\u00e1n en Corto FC","twitter_card":"summary_large_image","twitter_creator":"@yucatanencorto","twitter_site":"@yucatanencorto","twitter_misc":{"Escrito por":"Yucat\u00e1n en Corto FC","Tiempo de lectura":"2 minutos"},"schema":{"@context":"https:\/\/schema.org","@graph":[{"@type":"Article","@id":"https:\/\/www.yucatanencorto.com\/noticias\/no-pararemos-hasta-que-se-conozca-la-verdad-y-se-haga-justicia-reitera-el-gobernador-mauricio-vila-dosal-a-madre-de-joven-veracruzano\/#article","isPartOf":{"@id":"https:\/\/www.yucatanencorto.com\/noticias\/no-pararemos-hasta-que-se-conozca-la-verdad-y-se-haga-justicia-reitera-el-gobernador-mauricio-vila-dosal-a-madre-de-joven-veracruzano\/"},"author":{"name":"Yucat\u00e1n en Corto FC","@id":"https:\/\/www.yucatanencorto.com\/noticias\/#\/schema\/person\/14f82d355225a1f4075dd84a31f45a72"},"headline":"No pararemos hasta que se conozca la verdad y se haga justicia, reitera el Gobernador Mauricio Vila Dosal a madre de joven veracruzano","datePublished":"2021-08-12T21:29:12+00:00","dateModified":"2021-08-12T21:45:03+00:00","mainEntityOfPage":{"@id":"https:\/\/www.yucatanencorto.com\/noticias\/no-pararemos-hasta-que-se-conozca-la-verdad-y-se-haga-justicia-reitera-el-gobernador-mauricio-vila-dosal-a-madre-de-joven-veracruzano\/"},"wordCount":419,"image":{"@id":"https:\/\/www.yucatanencorto.com\/noticias\/no-pararemos-hasta-que-se-conozca-la-verdad-y-se-haga-justicia-reitera-el-gobernador-mauricio-vila-dosal-a-madre-de-joven-veracruzano\/#primaryimage"},"thumbnailUrl":"https:\/\/www.yucatanencorto.com\/noticias\/wp-content\/uploads\/2021\/08\/jose-1.jpeg","articleSection":["Yucat\u00e1n"],"inLanguage":"es"},{"@type":"WebPage","@id":"https:\/\/www.yucatanencorto.com\/noticias\/no-pararemos-hasta-que-se-conozca-la-verdad-y-se-haga-justicia-reitera-el-gobernador-mauricio-vila-dosal-a-madre-de-joven-veracruzano\/","url":"https:\/\/www.yucatanencorto.com\/noticias\/no-pararemos-hasta-que-se-conozca-la-verdad-y-se-haga-justicia-reitera-el-gobernador-mauricio-vila-dosal-a-madre-de-joven-veracruzano\/","name":"No pararemos hasta que se conozca la verdad y se haga justicia, reitera el Gobernador Mauricio Vila Dosal a madre de joven veracruzano - Yucat\u00e1n en corto","isPartOf":{"@id":"https:\/\/www.yucatanencorto.com\/noticias\/#website"},"primaryImageOfPage":{"@id":"https:\/\/www.yucatanencorto.com\/noticias\/no-pararemos-hasta-que-se-conozca-la-verdad-y-se-haga-justicia-reitera-el-gobernador-mauricio-vila-dosal-a-madre-de-joven-veracruzano\/#primaryimage"},"image":{"@id":"https:\/\/www.yucatanencorto.com\/noticias\/no-pararemos-hasta-que-se-conozca-la-verdad-y-se-haga-justicia-reitera-el-gobernador-mauricio-vila-dosal-a-madre-de-joven-veracruzano\/#primaryimage"},"thumbnailUrl":"https:\/\/www.yucatanencorto.com\/noticias\/wp-content\/uploads\/2021\/08\/jose-1.jpeg","datePublished":"2021-08-12T21:29:12+00:00","dateModified":"2021-08-12T21:45:03+00:00","author":{"@id":"https:\/\/www.yucatanencorto.com\/noticias\/#\/schema\/person\/14f82d355225a1f4075dd84a31f45a72"},"breadcrumb":{"@id":"https:\/\/www.yucatanencorto.com\/noticias\/no-pararemos-hasta-que-se-conozca-la-verdad-y-se-haga-justicia-reitera-el-gobernador-mauricio-vila-dosal-a-madre-de-joven-veracruzano\/#breadcrumb"},"inLanguage":"es","potentialAction":[{"@type":"ReadAction","target":["https:\/\/www.yucatanencorto.com\/noticias\/no-pararemos-hasta-que-se-conozca-la-verdad-y-se-haga-justicia-reitera-el-gobernador-mauricio-vila-dosal-a-madre-de-joven-veracruzano\/"]}]},{"@type":"ImageObject","inLanguage":"es","@id":"https:\/\/www.yucatanencorto.com\/noticias\/no-pararemos-hasta-que-se-conozca-la-verdad-y-se-haga-justicia-reitera-el-gobernador-mauricio-vila-dosal-a-madre-de-joven-veracruzano\/#primaryimage","url":"https:\/\/www.yucatanencorto.com\/noticias\/wp-content\/uploads\/2021\/08\/jose-1.jpeg","contentUrl":"https:\/\/www.yucatanencorto.com\/noticias\/wp-content\/uploads\/2021\/08\/jose-1.jpeg","width":500,"height":443},{"@type":"BreadcrumbList","@id":"https:\/\/www.yucatanencorto.com\/noticias\/no-pararemos-hasta-que-se-conozca-la-verdad-y-se-haga-justicia-reitera-el-gobernador-mauricio-vila-dosal-a-madre-de-joven-veracruzano\/#breadcrumb","itemListElement":[{"@type":"ListItem","position":1,"name":"Portada","item":"https:\/\/www.yucatanencorto.com\/noticias\/"},{"@type":"ListItem","position":2,"name":"No pararemos hasta que se conozca la verdad y se haga justicia, reitera el Gobernador Mauricio Vila Dosal a madre de joven veracruzano"}]},{"@type":"WebSite","@id":"https:\/\/www.yucatanencorto.com\/noticias\/#website","url":"https:\/\/www.yucatanencorto.com\/noticias\/","name":"Yucat\u00e1n en corto","description":"Noticias","potentialAction":[{"@type":"SearchAction","target":{"@type":"EntryPoint","urlTemplate":"https:\/\/www.yucatanencorto.com\/noticias\/?s={search_term_string}"},"query-input":{"@type":"PropertyValueSpecification","valueRequired":true,"valueName":"search_term_string"}}],"inLanguage":"es"},{"@type":"Person","@id":"https:\/\/www.yucatanencorto.com\/noticias\/#\/schema\/person\/14f82d355225a1f4075dd84a31f45a72","name":"Yucat\u00e1n en Corto FC","image":{"@type":"ImageObject","inLanguage":"es","@id":"https:\/\/secure.gravatar.com\/avatar\/147d4b30cd728c53c29c49a3f7834dedca33707f4cd259761355846009a88250?s=96&d=mm&r=g","url":"https:\/\/secure.gravatar.com\/avatar\/147d4b30cd728c53c29c49a3f7834dedca33707f4cd259761355846009a88250?s=96&d=mm&r=g","contentUrl":"https:\/\/secure.gravatar.com\/avatar\/147d4b30cd728c53c29c49a3f7834dedca33707f4cd259761355846009a88250?s=96&d=mm&r=g","caption":"Yucat\u00e1n en Corto FC"},"url":"https:\/\/www.yucatanencorto.com\/noticias\/author\/flor\/"}]}},"_links":{"self":[{"href":"https:\/\/www.yucatanencorto.com\/noticias\/wp-json\/wp\/v2\/posts\/85589","targetHints":{"allow":["GET"]}}],"collection":[{"href":"https:\/\/www.yucatanencorto.com\/noticias\/wp-json\/wp\/v2\/posts"}],"about":[{"href":"https:\/\/www.yucatanencorto.com\/noticias\/wp-json\/wp\/v2\/types\/post"}],"author":[{"embeddable":true,"href":"https:\/\/www.yucatanencorto.com\/noticias\/wp-json\/wp\/v2\/users\/2"}],"replies":[{"embeddable":true,"href":"https:\/\/www.yucatanencorto.com\/noticias\/wp-json\/wp\/v2\/comments?post=85589"}],"version-history":[{"count":0,"href":"https:\/\/www.yucatanencorto.com\/noticias\/wp-json\/wp\/v2\/posts\/85589\/revisions"}],"wp:featuredmedia":[{"embeddable":true,"href":"https:\/\/www.yucatanencorto.com\/noticias\/wp-json\/wp\/v2\/media\/85604"}],"wp:attachment":[{"href":"https:\/\/www.yucatanencorto.com\/noticias\/wp-json\/wp\/v2\/media?parent=85589"}],"wp:term":[{"taxonomy":"category","embeddable":true,"href":"https:\/\/www.yucatanencorto.com\/noticias\/wp-json\/wp\/v2\/categories?post=85589"},{"taxonomy":"post_tag","embeddable":true,"href":"https:\/\/www.yucatanencorto.com\/noticias\/wp-json\/wp\/v2\/tags?post=85589"}],"curies":[{"name":"wp","href":"https:\/\/api.w.org\/{rel}","templated":true}]}}