{"id":85640,"date":"2021-08-13T20:08:10","date_gmt":"2021-08-14T01:08:10","guid":{"rendered":"https:\/\/www.yucatanencorto.com\/noticias\/?p=85640"},"modified":"2021-08-13T20:08:10","modified_gmt":"2021-08-14T01:08:10","slug":"fge-apelara-resolucion-en-caso-del-joven-veracruzano","status":"publish","type":"post","link":"https:\/\/www.yucatanencorto.com\/noticias\/fge-apelara-resolucion-en-caso-del-joven-veracruzano\/","title":{"rendered":"FGE apelar\u00e1 resoluci\u00f3n en caso del joven veracruzano"},"content":{"rendered":"<p style=\"text-align: left;\"><strong><img loading=\"lazy\" decoding=\"async\" class=\"alignnone size-full wp-image-85641\" src=\"https:\/\/www.yucatanencorto.com\/noticias\/wp-content\/uploads\/2021\/08\/images-1.jpeg\" alt=\"\" width=\"608\" height=\"342\" \/><\/strong><\/p>\n<p>M\u00e9rida, Yucat\u00e1n a 13 de agosto de 2021<\/p>\n<p>La Fiscal\u00eda General del Estado (FGE) presentar\u00e1 un recurso de apelaci\u00f3n, previsto en el C\u00f3digo Nacional de Procedimientos Penales, tras la resoluci\u00f3n de no vinculaci\u00f3n de los cuatro imputados, relacionados con el deceso del joven veracruzano J. E. R. E., luego de los hechos ocurridos en esta capital, por lo que el proceso sigue abierto y esta dependencia proseguir\u00e1 con la indagatoria hasta el total esclarecimiento de los hechos.<\/p>\n<p>Despu\u00e9s de la decisi\u00f3n del Juez Primero de Control tras la audiencia donde se resolvi\u00f3 la situaci\u00f3n legal de J.E.H.H, E.M.R.L., A.G.G.M. y R.G.B.R., inicialmente imputados por los delitos de homicidio calificado cometido en pandilla, violaci\u00f3n agravada y tortura agravada,\u00a0 la FGE anunci\u00f3 que har\u00e1 v\u00e1lido el recurso de apelaci\u00f3n sobre este resultado, con base en los plazos establecidos en el C\u00f3digo Penal.<\/p>\n<p>La Fiscal\u00eda acredit\u00f3 debidamente los argumentos para la vinculaci\u00f3n, tras la aportaci\u00f3n de datos y elementos de prueba necesarios para vincular a proceso a los cuatro imputados, por lo que continuar\u00e1 con la investigaci\u00f3n del caso hasta el esclarecimiento de los hechos.<\/p>\n<p>Como se recordar\u00e1, la denuncia de lo ocurrido fue interpuesta ante esta dependencia el pasado 24 de julio por el joven, quien d\u00edas despu\u00e9s perdi\u00f3 la vida a consecuencia de las lesiones sufridas.<\/p>\n<p>Una vez presentada la apelaci\u00f3n, el Juez de Control la remitir\u00e1 al Tribunal Superior de Justicia del Estado para que se eval\u00faen las pruebas presentadas y la decisi\u00f3n tomada por el Juzgador, tiempo durante el cual la Fiscal\u00eda proseguir\u00e1 con la indagatoria de los hechos denunciados y que causaron la muerte del joven veracruzano a consecuencia de un s\u00edndrome de disfunci\u00f3n org\u00e1nica m\u00faltiple, secundaria a politraumatismo, tal como dictamin\u00f3 un perito del Servicio M\u00e9dico\u00a0 Forense de la FGE.<\/p>\n<p>La Fiscal\u00eda General del Estado continuar\u00e1 dando seguimiento al caso y llegar\u00e1 al fondo de este asunto, investigando cada evidencia e informando puntualmente, buscando que se haga justicia.<\/p>\n","protected":false},"excerpt":{"rendered":"<p>M\u00e9rida, Yucat\u00e1n a 13 de agosto de 2021 La Fiscal\u00eda General del Estado (FGE) presentar\u00e1 un recurso de apelaci\u00f3n, previsto en el C\u00f3digo Nacional de Procedimientos Penales, tras la resoluci\u00f3n de no vinculaci\u00f3n de los cuatro imputados, relacionados con el deceso del joven veracruzano J. E. R. E., luego de los hechos ocurridos en esta [&hellip;]<\/p>\n","protected":false},"author":2,"featured_media":85641,"comment_status":"closed","ping_status":"closed","sticky":false,"template":"","format":"standard","meta":{"footnotes":""},"categories":[3],"tags":[],"class_list":{"0":"post-85640","1":"post","2":"type-post","3":"status-publish","4":"format-standard","5":"has-post-thumbnail","7":"category-yucatan"},"yoast_head":"<!-- This site is optimized with the Yoast SEO plugin v27.4 - https:\/\/yoast.com\/product\/yoast-seo-wordpress\/ -->\n<title>FGE apelar\u00e1 resoluci\u00f3n en caso del joven veracruzano - Yucat\u00e1n en corto<\/title>\n<meta name=\"robots\" content=\"index, follow, max-snippet:-1, max-image-preview:large, max-video-preview:-1\" \/>\n<link rel=\"canonical\" href=\"https:\/\/www.yucatanencorto.com\/noticias\/fge-apelara-resolucion-en-caso-del-joven-veracruzano\/\" \/>\n<meta property=\"og:locale\" content=\"es_ES\" \/>\n<meta property=\"og:type\" content=\"article\" \/>\n<meta property=\"og:title\" content=\"FGE apelar\u00e1 resoluci\u00f3n en caso del joven veracruzano - Yucat\u00e1n en corto\" \/>\n<meta property=\"og:description\" content=\"M\u00e9rida, Yucat\u00e1n a 13 de agosto de 2021 La Fiscal\u00eda General del Estado (FGE) presentar\u00e1 un recurso de apelaci\u00f3n, previsto en el C\u00f3digo Nacional de Procedimientos Penales, tras la resoluci\u00f3n de no vinculaci\u00f3n de los cuatro imputados, relacionados con el deceso del joven veracruzano J. E. R. E., luego de los hechos ocurridos en esta [&hellip;]\" \/>\n<meta property=\"og:url\" content=\"https:\/\/www.yucatanencorto.com\/noticias\/fge-apelara-resolucion-en-caso-del-joven-veracruzano\/\" \/>\n<meta property=\"og:site_name\" content=\"Yucat\u00e1n en corto\" \/>\n<meta property=\"article:publisher\" content=\"http:\/\/www.facebook.com\/yucatanencorto\" \/>\n<meta property=\"article:published_time\" content=\"2021-08-14T01:08:10+00:00\" \/>\n<meta property=\"og:image\" content=\"https:\/\/www.yucatanencorto.com\/noticias\/wp-content\/uploads\/2021\/08\/images-1.jpeg\" \/>\n\t<meta property=\"og:image:width\" content=\"608\" \/>\n\t<meta property=\"og:image:height\" content=\"342\" \/>\n\t<meta property=\"og:image:type\" content=\"image\/jpeg\" \/>\n<meta name=\"author\" content=\"Yucat\u00e1n en Corto FC\" \/>\n<meta name=\"twitter:card\" content=\"summary_large_image\" \/>\n<meta name=\"twitter:creator\" content=\"@yucatanencorto\" \/>\n<meta name=\"twitter:site\" content=\"@yucatanencorto\" \/>\n<meta name=\"twitter:label1\" content=\"Escrito por\" \/>\n\t<meta name=\"twitter:data1\" content=\"Yucat\u00e1n en Corto FC\" \/>\n\t<meta name=\"twitter:label2\" content=\"Tiempo de lectura\" \/>\n\t<meta name=\"twitter:data2\" content=\"2 minutos\" \/>\n<script type=\"application\/ld+json\" class=\"yoast-schema-graph\">{\"@context\":\"https:\\\/\\\/schema.org\",\"@graph\":[{\"@type\":\"Article\",\"@id\":\"https:\\\/\\\/www.yucatanencorto.com\\\/noticias\\\/fge-apelara-resolucion-en-caso-del-joven-veracruzano\\\/#article\",\"isPartOf\":{\"@id\":\"https:\\\/\\\/www.yucatanencorto.com\\\/noticias\\\/fge-apelara-resolucion-en-caso-del-joven-veracruzano\\\/\"},\"author\":{\"name\":\"Yucat\u00e1n en Corto FC\",\"@id\":\"https:\\\/\\\/www.yucatanencorto.com\\\/noticias\\\/#\\\/schema\\\/person\\\/14f82d355225a1f4075dd84a31f45a72\"},\"headline\":\"FGE apelar\u00e1 resoluci\u00f3n en caso del joven veracruzano\",\"datePublished\":\"2021-08-14T01:08:10+00:00\",\"mainEntityOfPage\":{\"@id\":\"https:\\\/\\\/www.yucatanencorto.com\\\/noticias\\\/fge-apelara-resolucion-en-caso-del-joven-veracruzano\\\/\"},\"wordCount\":369,\"image\":{\"@id\":\"https:\\\/\\\/www.yucatanencorto.com\\\/noticias\\\/fge-apelara-resolucion-en-caso-del-joven-veracruzano\\\/#primaryimage\"},\"thumbnailUrl\":\"https:\\\/\\\/www.yucatanencorto.com\\\/noticias\\\/wp-content\\\/uploads\\\/2021\\\/08\\\/images-1.jpeg\",\"articleSection\":[\"Yucat\u00e1n\"],\"inLanguage\":\"es\"},{\"@type\":\"WebPage\",\"@id\":\"https:\\\/\\\/www.yucatanencorto.com\\\/noticias\\\/fge-apelara-resolucion-en-caso-del-joven-veracruzano\\\/\",\"url\":\"https:\\\/\\\/www.yucatanencorto.com\\\/noticias\\\/fge-apelara-resolucion-en-caso-del-joven-veracruzano\\\/\",\"name\":\"FGE apelar\u00e1 resoluci\u00f3n en caso del joven veracruzano - Yucat\u00e1n en corto\",\"isPartOf\":{\"@id\":\"https:\\\/\\\/www.yucatanencorto.com\\\/noticias\\\/#website\"},\"primaryImageOfPage\":{\"@id\":\"https:\\\/\\\/www.yucatanencorto.com\\\/noticias\\\/fge-apelara-resolucion-en-caso-del-joven-veracruzano\\\/#primaryimage\"},\"image\":{\"@id\":\"https:\\\/\\\/www.yucatanencorto.com\\\/noticias\\\/fge-apelara-resolucion-en-caso-del-joven-veracruzano\\\/#primaryimage\"},\"thumbnailUrl\":\"https:\\\/\\\/www.yucatanencorto.com\\\/noticias\\\/wp-content\\\/uploads\\\/2021\\\/08\\\/images-1.jpeg\",\"datePublished\":\"2021-08-14T01:08:10+00:00\",\"author\":{\"@id\":\"https:\\\/\\\/www.yucatanencorto.com\\\/noticias\\\/#\\\/schema\\\/person\\\/14f82d355225a1f4075dd84a31f45a72\"},\"breadcrumb\":{\"@id\":\"https:\\\/\\\/www.yucatanencorto.com\\\/noticias\\\/fge-apelara-resolucion-en-caso-del-joven-veracruzano\\\/#breadcrumb\"},\"inLanguage\":\"es\",\"potentialAction\":[{\"@type\":\"ReadAction\",\"target\":[\"https:\\\/\\\/www.yucatanencorto.com\\\/noticias\\\/fge-apelara-resolucion-en-caso-del-joven-veracruzano\\\/\"]}]},{\"@type\":\"ImageObject\",\"inLanguage\":\"es\",\"@id\":\"https:\\\/\\\/www.yucatanencorto.com\\\/noticias\\\/fge-apelara-resolucion-en-caso-del-joven-veracruzano\\\/#primaryimage\",\"url\":\"https:\\\/\\\/www.yucatanencorto.com\\\/noticias\\\/wp-content\\\/uploads\\\/2021\\\/08\\\/images-1.jpeg\",\"contentUrl\":\"https:\\\/\\\/www.yucatanencorto.com\\\/noticias\\\/wp-content\\\/uploads\\\/2021\\\/08\\\/images-1.jpeg\",\"width\":608,\"height\":342},{\"@type\":\"BreadcrumbList\",\"@id\":\"https:\\\/\\\/www.yucatanencorto.com\\\/noticias\\\/fge-apelara-resolucion-en-caso-del-joven-veracruzano\\\/#breadcrumb\",\"itemListElement\":[{\"@type\":\"ListItem\",\"position\":1,\"name\":\"Portada\",\"item\":\"https:\\\/\\\/www.yucatanencorto.com\\\/noticias\\\/\"},{\"@type\":\"ListItem\",\"position\":2,\"name\":\"FGE apelar\u00e1 resoluci\u00f3n en caso del joven veracruzano\"}]},{\"@type\":\"WebSite\",\"@id\":\"https:\\\/\\\/www.yucatanencorto.com\\\/noticias\\\/#website\",\"url\":\"https:\\\/\\\/www.yucatanencorto.com\\\/noticias\\\/\",\"name\":\"Yucat\u00e1n en corto\",\"description\":\"Noticias\",\"potentialAction\":[{\"@type\":\"SearchAction\",\"target\":{\"@type\":\"EntryPoint\",\"urlTemplate\":\"https:\\\/\\\/www.yucatanencorto.com\\\/noticias\\\/?s={search_term_string}\"},\"query-input\":{\"@type\":\"PropertyValueSpecification\",\"valueRequired\":true,\"valueName\":\"search_term_string\"}}],\"inLanguage\":\"es\"},{\"@type\":\"Person\",\"@id\":\"https:\\\/\\\/www.yucatanencorto.com\\\/noticias\\\/#\\\/schema\\\/person\\\/14f82d355225a1f4075dd84a31f45a72\",\"name\":\"Yucat\u00e1n en Corto FC\",\"image\":{\"@type\":\"ImageObject\",\"inLanguage\":\"es\",\"@id\":\"https:\\\/\\\/secure.gravatar.com\\\/avatar\\\/147d4b30cd728c53c29c49a3f7834dedca33707f4cd259761355846009a88250?s=96&d=mm&r=g\",\"url\":\"https:\\\/\\\/secure.gravatar.com\\\/avatar\\\/147d4b30cd728c53c29c49a3f7834dedca33707f4cd259761355846009a88250?s=96&d=mm&r=g\",\"contentUrl\":\"https:\\\/\\\/secure.gravatar.com\\\/avatar\\\/147d4b30cd728c53c29c49a3f7834dedca33707f4cd259761355846009a88250?s=96&d=mm&r=g\",\"caption\":\"Yucat\u00e1n en Corto FC\"},\"url\":\"https:\\\/\\\/www.yucatanencorto.com\\\/noticias\\\/author\\\/flor\\\/\"}]}<\/script>\n<!-- \/ Yoast SEO plugin. -->","yoast_head_json":{"title":"FGE apelar\u00e1 resoluci\u00f3n en caso del joven veracruzano - Yucat\u00e1n en corto","robots":{"index":"index","follow":"follow","max-snippet":"max-snippet:-1","max-image-preview":"max-image-preview:large","max-video-preview":"max-video-preview:-1"},"canonical":"https:\/\/www.yucatanencorto.com\/noticias\/fge-apelara-resolucion-en-caso-del-joven-veracruzano\/","og_locale":"es_ES","og_type":"article","og_title":"FGE apelar\u00e1 resoluci\u00f3n en caso del joven veracruzano - Yucat\u00e1n en corto","og_description":"M\u00e9rida, Yucat\u00e1n a 13 de agosto de 2021 La Fiscal\u00eda General del Estado (FGE) presentar\u00e1 un recurso de apelaci\u00f3n, previsto en el C\u00f3digo Nacional de Procedimientos Penales, tras la resoluci\u00f3n de no vinculaci\u00f3n de los cuatro imputados, relacionados con el deceso del joven veracruzano J. E. R. E., luego de los hechos ocurridos en esta [&hellip;]","og_url":"https:\/\/www.yucatanencorto.com\/noticias\/fge-apelara-resolucion-en-caso-del-joven-veracruzano\/","og_site_name":"Yucat\u00e1n en corto","article_publisher":"http:\/\/www.facebook.com\/yucatanencorto","article_published_time":"2021-08-14T01:08:10+00:00","og_image":[{"width":608,"height":342,"url":"https:\/\/www.yucatanencorto.com\/noticias\/wp-content\/uploads\/2021\/08\/images-1.jpeg","type":"image\/jpeg"}],"author":"Yucat\u00e1n en Corto FC","twitter_card":"summary_large_image","twitter_creator":"@yucatanencorto","twitter_site":"@yucatanencorto","twitter_misc":{"Escrito por":"Yucat\u00e1n en Corto FC","Tiempo de lectura":"2 minutos"},"schema":{"@context":"https:\/\/schema.org","@graph":[{"@type":"Article","@id":"https:\/\/www.yucatanencorto.com\/noticias\/fge-apelara-resolucion-en-caso-del-joven-veracruzano\/#article","isPartOf":{"@id":"https:\/\/www.yucatanencorto.com\/noticias\/fge-apelara-resolucion-en-caso-del-joven-veracruzano\/"},"author":{"name":"Yucat\u00e1n en Corto FC","@id":"https:\/\/www.yucatanencorto.com\/noticias\/#\/schema\/person\/14f82d355225a1f4075dd84a31f45a72"},"headline":"FGE apelar\u00e1 resoluci\u00f3n en caso del joven veracruzano","datePublished":"2021-08-14T01:08:10+00:00","mainEntityOfPage":{"@id":"https:\/\/www.yucatanencorto.com\/noticias\/fge-apelara-resolucion-en-caso-del-joven-veracruzano\/"},"wordCount":369,"image":{"@id":"https:\/\/www.yucatanencorto.com\/noticias\/fge-apelara-resolucion-en-caso-del-joven-veracruzano\/#primaryimage"},"thumbnailUrl":"https:\/\/www.yucatanencorto.com\/noticias\/wp-content\/uploads\/2021\/08\/images-1.jpeg","articleSection":["Yucat\u00e1n"],"inLanguage":"es"},{"@type":"WebPage","@id":"https:\/\/www.yucatanencorto.com\/noticias\/fge-apelara-resolucion-en-caso-del-joven-veracruzano\/","url":"https:\/\/www.yucatanencorto.com\/noticias\/fge-apelara-resolucion-en-caso-del-joven-veracruzano\/","name":"FGE apelar\u00e1 resoluci\u00f3n en caso del joven veracruzano - Yucat\u00e1n en corto","isPartOf":{"@id":"https:\/\/www.yucatanencorto.com\/noticias\/#website"},"primaryImageOfPage":{"@id":"https:\/\/www.yucatanencorto.com\/noticias\/fge-apelara-resolucion-en-caso-del-joven-veracruzano\/#primaryimage"},"image":{"@id":"https:\/\/www.yucatanencorto.com\/noticias\/fge-apelara-resolucion-en-caso-del-joven-veracruzano\/#primaryimage"},"thumbnailUrl":"https:\/\/www.yucatanencorto.com\/noticias\/wp-content\/uploads\/2021\/08\/images-1.jpeg","datePublished":"2021-08-14T01:08:10+00:00","author":{"@id":"https:\/\/www.yucatanencorto.com\/noticias\/#\/schema\/person\/14f82d355225a1f4075dd84a31f45a72"},"breadcrumb":{"@id":"https:\/\/www.yucatanencorto.com\/noticias\/fge-apelara-resolucion-en-caso-del-joven-veracruzano\/#breadcrumb"},"inLanguage":"es","potentialAction":[{"@type":"ReadAction","target":["https:\/\/www.yucatanencorto.com\/noticias\/fge-apelara-resolucion-en-caso-del-joven-veracruzano\/"]}]},{"@type":"ImageObject","inLanguage":"es","@id":"https:\/\/www.yucatanencorto.com\/noticias\/fge-apelara-resolucion-en-caso-del-joven-veracruzano\/#primaryimage","url":"https:\/\/www.yucatanencorto.com\/noticias\/wp-content\/uploads\/2021\/08\/images-1.jpeg","contentUrl":"https:\/\/www.yucatanencorto.com\/noticias\/wp-content\/uploads\/2021\/08\/images-1.jpeg","width":608,"height":342},{"@type":"BreadcrumbList","@id":"https:\/\/www.yucatanencorto.com\/noticias\/fge-apelara-resolucion-en-caso-del-joven-veracruzano\/#breadcrumb","itemListElement":[{"@type":"ListItem","position":1,"name":"Portada","item":"https:\/\/www.yucatanencorto.com\/noticias\/"},{"@type":"ListItem","position":2,"name":"FGE apelar\u00e1 resoluci\u00f3n en caso del joven veracruzano"}]},{"@type":"WebSite","@id":"https:\/\/www.yucatanencorto.com\/noticias\/#website","url":"https:\/\/www.yucatanencorto.com\/noticias\/","name":"Yucat\u00e1n en corto","description":"Noticias","potentialAction":[{"@type":"SearchAction","target":{"@type":"EntryPoint","urlTemplate":"https:\/\/www.yucatanencorto.com\/noticias\/?s={search_term_string}"},"query-input":{"@type":"PropertyValueSpecification","valueRequired":true,"valueName":"search_term_string"}}],"inLanguage":"es"},{"@type":"Person","@id":"https:\/\/www.yucatanencorto.com\/noticias\/#\/schema\/person\/14f82d355225a1f4075dd84a31f45a72","name":"Yucat\u00e1n en Corto FC","image":{"@type":"ImageObject","inLanguage":"es","@id":"https:\/\/secure.gravatar.com\/avatar\/147d4b30cd728c53c29c49a3f7834dedca33707f4cd259761355846009a88250?s=96&d=mm&r=g","url":"https:\/\/secure.gravatar.com\/avatar\/147d4b30cd728c53c29c49a3f7834dedca33707f4cd259761355846009a88250?s=96&d=mm&r=g","contentUrl":"https:\/\/secure.gravatar.com\/avatar\/147d4b30cd728c53c29c49a3f7834dedca33707f4cd259761355846009a88250?s=96&d=mm&r=g","caption":"Yucat\u00e1n en Corto FC"},"url":"https:\/\/www.yucatanencorto.com\/noticias\/author\/flor\/"}]}},"_links":{"self":[{"href":"https:\/\/www.yucatanencorto.com\/noticias\/wp-json\/wp\/v2\/posts\/85640","targetHints":{"allow":["GET"]}}],"collection":[{"href":"https:\/\/www.yucatanencorto.com\/noticias\/wp-json\/wp\/v2\/posts"}],"about":[{"href":"https:\/\/www.yucatanencorto.com\/noticias\/wp-json\/wp\/v2\/types\/post"}],"author":[{"embeddable":true,"href":"https:\/\/www.yucatanencorto.com\/noticias\/wp-json\/wp\/v2\/users\/2"}],"replies":[{"embeddable":true,"href":"https:\/\/www.yucatanencorto.com\/noticias\/wp-json\/wp\/v2\/comments?post=85640"}],"version-history":[{"count":0,"href":"https:\/\/www.yucatanencorto.com\/noticias\/wp-json\/wp\/v2\/posts\/85640\/revisions"}],"wp:featuredmedia":[{"embeddable":true,"href":"https:\/\/www.yucatanencorto.com\/noticias\/wp-json\/wp\/v2\/media\/85641"}],"wp:attachment":[{"href":"https:\/\/www.yucatanencorto.com\/noticias\/wp-json\/wp\/v2\/media?parent=85640"}],"wp:term":[{"taxonomy":"category","embeddable":true,"href":"https:\/\/www.yucatanencorto.com\/noticias\/wp-json\/wp\/v2\/categories?post=85640"},{"taxonomy":"post_tag","embeddable":true,"href":"https:\/\/www.yucatanencorto.com\/noticias\/wp-json\/wp\/v2\/tags?post=85640"}],"curies":[{"name":"wp","href":"https:\/\/api.w.org\/{rel}","templated":true}]}}