{"id":85643,"date":"2021-08-13T21:19:55","date_gmt":"2021-08-14T02:19:55","guid":{"rendered":"https:\/\/www.yucatanencorto.com\/noticias\/?p=85643"},"modified":"2021-08-13T21:19:55","modified_gmt":"2021-08-14T02:19:55","slug":"el-cabildo-de-merida-autoriza-convenios-de-colaboracion-para-beneficio-de-la-ciudadania","status":"publish","type":"post","link":"https:\/\/www.yucatanencorto.com\/noticias\/el-cabildo-de-merida-autoriza-convenios-de-colaboracion-para-beneficio-de-la-ciudadania\/","title":{"rendered":"El Cabildo de M\u00e9rida autoriza convenios de colaboraci\u00f3n para beneficio de la ciudadan\u00eda"},"content":{"rendered":"<p>&nbsp;<\/p>\n<p><img loading=\"lazy\" decoding=\"async\" class=\"size-full wp-image-85644 aligncenter\" src=\"https:\/\/www.yucatanencorto.com\/noticias\/wp-content\/uploads\/2021\/08\/Sesion-de-Cabildo-2021-08-13-at-7.47.10-PM-scaled.jpeg\" alt=\"\" width=\"768\" height=\"429\" srcset=\"https:\/\/www.yucatanencorto.com\/noticias\/wp-content\/uploads\/2021\/08\/Sesion-de-Cabildo-2021-08-13-at-7.47.10-PM-scaled.jpeg 768w, https:\/\/www.yucatanencorto.com\/noticias\/wp-content\/uploads\/2021\/08\/Sesion-de-Cabildo-2021-08-13-at-7.47.10-PM-1536x858.jpeg 1536w, https:\/\/www.yucatanencorto.com\/noticias\/wp-content\/uploads\/2021\/08\/Sesion-de-Cabildo-2021-08-13-at-7.47.10-PM-696x389.jpeg 696w, https:\/\/www.yucatanencorto.com\/noticias\/wp-content\/uploads\/2021\/08\/Sesion-de-Cabildo-2021-08-13-at-7.47.10-PM-1068x597.jpeg 1068w, https:\/\/www.yucatanencorto.com\/noticias\/wp-content\/uploads\/2021\/08\/Sesion-de-Cabildo-2021-08-13-at-7.47.10-PM-752x420.jpeg 752w\" sizes=\"auto, (max-width: 768px) 100vw, 768px\" \/><\/p>\n<p style=\"text-align: center;\">\n<p>M\u00e9rida 13 de agosto de 2021. El Cabildo de M\u00e9rida aprob\u00f3 la propuesta del alcalde, Ren\u00e1n Barrera Concha, de celebrar un contrato de comodato con la Universidad Aut\u00f3noma de Yucat\u00e1n con el objetivo de contribuir a fomentar y promocionar programas de alimentaci\u00f3n saludable que generen impactos positivos en el municipio.<\/p>\n<p>Dicho contrato permitir\u00e1 a la instituci\u00f3n educativa hacer uso del inmueble n\u00famero 519 ubicado en la calle 69 centro, donde se busca tambi\u00e9n fortalecer la alianza Interinstitucional, a trav\u00e9s de la cooperaci\u00f3n y la planificaci\u00f3n conjunta de pol\u00edticas p\u00fablicas con el fin de lograr impactos significativos en la seguridad alimentaria y en general en el bienestar de las comunidades participantes en el proyecto denominado \u00abAgencias de Desarrollo Humano Local\u00bb ADHL-Alianzas, financiado por la Fundaci\u00f3n W.K.Kellogg.<\/p>\n<p>Durante la sesi\u00f3n virtual, los regidores tambi\u00e9n aprobaron la desincorporaci\u00f3n de cuarenta y dos medidores bidireccionales, propiedad del Municipio y puedan pasar de la denominaci\u00f3n de \u201cBien de Dominio P\u00fablico\u201d a la condici\u00f3n de \u201cBien de Dominio Privado\u201d y de esta forma se puedan formalizar los contratos de interconexi\u00f3n con la Comisi\u00f3n Federal de Electricidad a fin de avanzar en el desarrollo sustentable y arm\u00f3nico del Municipio, mediante la promoci\u00f3n del uso racional y eficiente de los recursos y el aprovechamiento de tecnolog\u00edas para la generaci\u00f3n de energ\u00edas alternativa.<\/p>\n<p>Cabe mencionar que al inicio de la sesi\u00f3n ordinaria virtual, el Alcalde present\u00f3 el informe que guarda la Hacienda Municipal correspondiente al mes de julio de 2021, cuyos ingresos ascienden a $281,868,220 para un acumulado total de $2,276\u2019121,640.<\/p>\n<p>En cuanto a egresos durante ese mismo mes se informa que estos ascendieron a $336\u2019846,900 que se suman al acumulado por $1,970\u2019879,827 en ese mismo concepto.<\/p>\n<p>Al final de la sesi\u00f3n, el alcalde Ren\u00e1n Barrera emiti\u00f3 un mensaje relacionado con la muerte del joven Jos\u00e9 Eduardo Ravelo, en el que reiter\u00f3 que el Ayuntamiento siempre ha sido y continuar\u00e1 siendo garante del respeto a la dignidad de la persona humana.<\/p>\n<p>Subray\u00f3 que M\u00e9rida atraviesa un momento doloroso que ha indignado a la sociedad y reiter\u00f3 la disponibilidad del Ayuntamiento de seguir coadyuvando en las investigaciones del caso, a fin de aplicar todo el peso de la ley a quienes resulten responsables.<\/p>\n<p>Subray\u00f3 que todas y todos estamos llamados a defender y actuar por esa M\u00e9rida humana y solidaria con las personas, que contin\u00fae siendo incluyente y generosa para los que vivimos aqu\u00ed, a trav\u00e9s del respeto y el di\u00e1logo que permiten tomar las mejores decisiones para todos.<\/p>\n<p>En el mismo tenor los regidores se manifestaron por velar que las investigaciones sigan su curso conforme a derecho hasta dar con los responsables de la muerte de Jos\u00e9 Eduardo.<\/p>\n<p>En la sesi\u00f3n tambi\u00e9n se present\u00f3 al Cabildo la modificaci\u00f3n en la composici\u00f3n de las Comisiones Edilicias Permanente y Especiales de Servicios P\u00fablicos, Espect\u00e1culos, Cultura, Movilidad Urbana y Mercados, las cuales fueron aprobadas y quedar\u00e1n integradas de la siguiente forma:<\/p>\n<p>Comisi\u00f3n Permanente de Servicios P\u00fablicos: Gabriel Alejandro Mena Guillermo, Nora Argelia P\u00e9rez Pech, Ali Charruf \u00c1lvarez, Alejandrina Le\u00f3on Torres y Mariana Jim\u00e9nez Gudi\u00f1o.<\/p>\n<p>Comisi\u00f3n Especial de Espect\u00e1culos: Nora Argelia P\u00e9rez Pech, Arturo Le\u00f3n Itz\u00e1, Gabriel Alejandro Mena Guillermo, Alejandrina Le\u00f3n Torres y Mar\u00eda Sof\u00eda del Perpetuo Socorro Castro Romero.<\/p>\n<p>Comisi\u00f3n Especial de Cultura: Arturo Le\u00f3n Itz\u00e1, Nora Argelia P\u00e9rez Pech, Gloria Mar\u00eda Alonzo Tamayo, Alejandrina Le\u00f3n Torres y Fausto Alberto S\u00e1nchez L\u00f3pez.<\/p>\n<p>Comisi\u00f3n Especial de Movilidad Urbana: Diana Mercedes Canto Moreno, Silvia del Carmen Paredes Polanco, Gabriel Alejandro Mena Guillermo, Mariana Jim\u00e9nez Gudi\u00f1o y Alejandrina Le\u00f3n Torres.<\/p>\n<p>Comisi\u00f3n Especial de Mercados: Jos\u00e9 Gonzalo Puerto Gonz\u00e1lez, Alejandro Iv\u00e1n Ruz Castro, Arturo Le\u00f3n Itz\u00e1, Alejandrina Le\u00f3n Torres, Gamaliel Guti\u00e9rrez Beltr\u00e1n, Fausto Alberto S\u00e1nchez L\u00f3pez y Nora Argelia P\u00e9rez Pech.<\/p>\n<p>Otros puntos aprobados en la sesi\u00f3n correspondieron a la ampliaci\u00f3n de la vigencia de diversos contratos requeridos por diversas dependencias municipales para garantizar la operatividad administrativa de la administraci\u00f3n municipal entrante, as\u00ed como la continuaci\u00f3n normal de los servicios p\u00fablicos y los espacios donde se encuentran laborando a fin de que los trabajadores municipales contin\u00faen brindando un servicio de excelencia a la ciudadan\u00eda.<\/p>\n<p>Tambi\u00e9n se aprob\u00f3 permutar el predio marcado como n\u00famero 487 de la calle 57 A del Fraccionamiento Paseo de las Fuentes, con el predio marcado con el n\u00famero 746 de la calle propiedad de la ciudadana C. Myriam del Alba Manzanilla Lavalle.<\/p>\n<p>Los regidores tambi\u00e9n autorizaron celebrar un Contrato de Donaci\u00f3n, a t\u00edtulo gratuito, con la empresa \u201cGas Natural del Noroeste\u201d, mediante el cual se le cede al Ayuntamiento un cami\u00f3n tipo Urvan, importado marca Nissan, modelo 2021, color blanco, para que este sea utilizado por el municipio<\/p>\n<p>Igualmente qued\u00f3 aprobado otro Convenio pero de Uso de la V\u00eda P\u00fablica para la construcci\u00f3n de ductos para servicios digitales con la empresa \u201cTotal Play Telecomunicaciones\u201d, a fin de que dicha compa\u00f1\u00eda realice a su costa la instalaci\u00f3n, operaci\u00f3n y mantenimiento de infraestructura para la construcci\u00f3n de ductos para servicios digitales en el que se proyecta la canalizaci\u00f3n de 985.79 metros lineales para la inmersi\u00f3n de fibra \u00f3ptica en la v\u00eda p\u00fablica e instalaci\u00f3n de ocho registros tipo handhole sobre las calles 49 y 51 entre 98 y 100 del Fraccionamiento Ciudad Caucel.<\/p>\n","protected":false},"excerpt":{"rendered":"<p>&nbsp; M\u00e9rida 13 de agosto de 2021. El Cabildo de M\u00e9rida aprob\u00f3 la propuesta del alcalde, Ren\u00e1n Barrera Concha, de celebrar un contrato de comodato con la Universidad Aut\u00f3noma de Yucat\u00e1n con el objetivo de contribuir a fomentar y promocionar programas de alimentaci\u00f3n saludable que generen impactos positivos en el municipio. Dicho contrato permitir\u00e1 a [&hellip;]<\/p>\n","protected":false},"author":2,"featured_media":85644,"comment_status":"closed","ping_status":"closed","sticky":false,"template":"","format":"standard","meta":{"footnotes":""},"categories":[2],"tags":[],"class_list":{"0":"post-85643","1":"post","2":"type-post","3":"status-publish","4":"format-standard","5":"has-post-thumbnail","7":"category-merida"},"yoast_head":"<!-- This site is optimized with the Yoast SEO plugin v27.4 - https:\/\/yoast.com\/product\/yoast-seo-wordpress\/ -->\n<title>El Cabildo de M\u00e9rida autoriza convenios de colaboraci\u00f3n para beneficio de la ciudadan\u00eda - Yucat\u00e1n en corto<\/title>\n<meta name=\"robots\" content=\"index, follow, max-snippet:-1, max-image-preview:large, max-video-preview:-1\" \/>\n<link rel=\"canonical\" href=\"https:\/\/www.yucatanencorto.com\/noticias\/el-cabildo-de-merida-autoriza-convenios-de-colaboracion-para-beneficio-de-la-ciudadania\/\" \/>\n<meta property=\"og:locale\" content=\"es_ES\" \/>\n<meta property=\"og:type\" content=\"article\" \/>\n<meta property=\"og:title\" content=\"El Cabildo de M\u00e9rida autoriza convenios de colaboraci\u00f3n para beneficio de la ciudadan\u00eda - Yucat\u00e1n en corto\" \/>\n<meta property=\"og:description\" content=\"&nbsp; M\u00e9rida 13 de agosto de 2021. El Cabildo de M\u00e9rida aprob\u00f3 la propuesta del alcalde, Ren\u00e1n Barrera Concha, de celebrar un contrato de comodato con la Universidad Aut\u00f3noma de Yucat\u00e1n con el objetivo de contribuir a fomentar y promocionar programas de alimentaci\u00f3n saludable que generen impactos positivos en el municipio. Dicho contrato permitir\u00e1 a [&hellip;]\" \/>\n<meta property=\"og:url\" content=\"https:\/\/www.yucatanencorto.com\/noticias\/el-cabildo-de-merida-autoriza-convenios-de-colaboracion-para-beneficio-de-la-ciudadania\/\" \/>\n<meta property=\"og:site_name\" content=\"Yucat\u00e1n en corto\" \/>\n<meta property=\"article:publisher\" content=\"http:\/\/www.facebook.com\/yucatanencorto\" \/>\n<meta property=\"article:published_time\" content=\"2021-08-14T02:19:55+00:00\" \/>\n<meta property=\"og:image\" content=\"https:\/\/www.yucatanencorto.com\/noticias\/wp-content\/uploads\/2021\/08\/Sesion-de-Cabildo-2021-08-13-at-7.47.10-PM-scaled.jpeg\" \/>\n\t<meta property=\"og:image:width\" content=\"768\" \/>\n\t<meta property=\"og:image:height\" content=\"429\" \/>\n\t<meta property=\"og:image:type\" content=\"image\/jpeg\" \/>\n<meta name=\"author\" content=\"Yucat\u00e1n en Corto FC\" \/>\n<meta name=\"twitter:card\" content=\"summary_large_image\" \/>\n<meta name=\"twitter:creator\" content=\"@yucatanencorto\" \/>\n<meta name=\"twitter:site\" content=\"@yucatanencorto\" \/>\n<meta name=\"twitter:label1\" content=\"Escrito por\" \/>\n\t<meta name=\"twitter:data1\" content=\"Yucat\u00e1n en Corto FC\" \/>\n\t<meta name=\"twitter:label2\" content=\"Tiempo de lectura\" \/>\n\t<meta name=\"twitter:data2\" content=\"4 minutos\" \/>\n<script type=\"application\/ld+json\" class=\"yoast-schema-graph\">{\"@context\":\"https:\\\/\\\/schema.org\",\"@graph\":[{\"@type\":\"Article\",\"@id\":\"https:\\\/\\\/www.yucatanencorto.com\\\/noticias\\\/el-cabildo-de-merida-autoriza-convenios-de-colaboracion-para-beneficio-de-la-ciudadania\\\/#article\",\"isPartOf\":{\"@id\":\"https:\\\/\\\/www.yucatanencorto.com\\\/noticias\\\/el-cabildo-de-merida-autoriza-convenios-de-colaboracion-para-beneficio-de-la-ciudadania\\\/\"},\"author\":{\"name\":\"Yucat\u00e1n en Corto FC\",\"@id\":\"https:\\\/\\\/www.yucatanencorto.com\\\/noticias\\\/#\\\/schema\\\/person\\\/14f82d355225a1f4075dd84a31f45a72\"},\"headline\":\"El Cabildo de M\u00e9rida autoriza convenios de colaboraci\u00f3n para beneficio de la ciudadan\u00eda\",\"datePublished\":\"2021-08-14T02:19:55+00:00\",\"mainEntityOfPage\":{\"@id\":\"https:\\\/\\\/www.yucatanencorto.com\\\/noticias\\\/el-cabildo-de-merida-autoriza-convenios-de-colaboracion-para-beneficio-de-la-ciudadania\\\/\"},\"wordCount\":954,\"image\":{\"@id\":\"https:\\\/\\\/www.yucatanencorto.com\\\/noticias\\\/el-cabildo-de-merida-autoriza-convenios-de-colaboracion-para-beneficio-de-la-ciudadania\\\/#primaryimage\"},\"thumbnailUrl\":\"https:\\\/\\\/www.yucatanencorto.com\\\/noticias\\\/wp-content\\\/uploads\\\/2021\\\/08\\\/Sesion-de-Cabildo-2021-08-13-at-7.47.10-PM-scaled.jpeg\",\"articleSection\":[\"M\u00e9rida\"],\"inLanguage\":\"es\"},{\"@type\":\"WebPage\",\"@id\":\"https:\\\/\\\/www.yucatanencorto.com\\\/noticias\\\/el-cabildo-de-merida-autoriza-convenios-de-colaboracion-para-beneficio-de-la-ciudadania\\\/\",\"url\":\"https:\\\/\\\/www.yucatanencorto.com\\\/noticias\\\/el-cabildo-de-merida-autoriza-convenios-de-colaboracion-para-beneficio-de-la-ciudadania\\\/\",\"name\":\"El Cabildo de M\u00e9rida autoriza convenios de colaboraci\u00f3n para beneficio de la ciudadan\u00eda - Yucat\u00e1n en corto\",\"isPartOf\":{\"@id\":\"https:\\\/\\\/www.yucatanencorto.com\\\/noticias\\\/#website\"},\"primaryImageOfPage\":{\"@id\":\"https:\\\/\\\/www.yucatanencorto.com\\\/noticias\\\/el-cabildo-de-merida-autoriza-convenios-de-colaboracion-para-beneficio-de-la-ciudadania\\\/#primaryimage\"},\"image\":{\"@id\":\"https:\\\/\\\/www.yucatanencorto.com\\\/noticias\\\/el-cabildo-de-merida-autoriza-convenios-de-colaboracion-para-beneficio-de-la-ciudadania\\\/#primaryimage\"},\"thumbnailUrl\":\"https:\\\/\\\/www.yucatanencorto.com\\\/noticias\\\/wp-content\\\/uploads\\\/2021\\\/08\\\/Sesion-de-Cabildo-2021-08-13-at-7.47.10-PM-scaled.jpeg\",\"datePublished\":\"2021-08-14T02:19:55+00:00\",\"author\":{\"@id\":\"https:\\\/\\\/www.yucatanencorto.com\\\/noticias\\\/#\\\/schema\\\/person\\\/14f82d355225a1f4075dd84a31f45a72\"},\"breadcrumb\":{\"@id\":\"https:\\\/\\\/www.yucatanencorto.com\\\/noticias\\\/el-cabildo-de-merida-autoriza-convenios-de-colaboracion-para-beneficio-de-la-ciudadania\\\/#breadcrumb\"},\"inLanguage\":\"es\",\"potentialAction\":[{\"@type\":\"ReadAction\",\"target\":[\"https:\\\/\\\/www.yucatanencorto.com\\\/noticias\\\/el-cabildo-de-merida-autoriza-convenios-de-colaboracion-para-beneficio-de-la-ciudadania\\\/\"]}]},{\"@type\":\"ImageObject\",\"inLanguage\":\"es\",\"@id\":\"https:\\\/\\\/www.yucatanencorto.com\\\/noticias\\\/el-cabildo-de-merida-autoriza-convenios-de-colaboracion-para-beneficio-de-la-ciudadania\\\/#primaryimage\",\"url\":\"https:\\\/\\\/www.yucatanencorto.com\\\/noticias\\\/wp-content\\\/uploads\\\/2021\\\/08\\\/Sesion-de-Cabildo-2021-08-13-at-7.47.10-PM-scaled.jpeg\",\"contentUrl\":\"https:\\\/\\\/www.yucatanencorto.com\\\/noticias\\\/wp-content\\\/uploads\\\/2021\\\/08\\\/Sesion-de-Cabildo-2021-08-13-at-7.47.10-PM-scaled.jpeg\",\"width\":768,\"height\":429},{\"@type\":\"BreadcrumbList\",\"@id\":\"https:\\\/\\\/www.yucatanencorto.com\\\/noticias\\\/el-cabildo-de-merida-autoriza-convenios-de-colaboracion-para-beneficio-de-la-ciudadania\\\/#breadcrumb\",\"itemListElement\":[{\"@type\":\"ListItem\",\"position\":1,\"name\":\"Portada\",\"item\":\"https:\\\/\\\/www.yucatanencorto.com\\\/noticias\\\/\"},{\"@type\":\"ListItem\",\"position\":2,\"name\":\"El Cabildo de M\u00e9rida autoriza convenios de colaboraci\u00f3n para beneficio de la ciudadan\u00eda\"}]},{\"@type\":\"WebSite\",\"@id\":\"https:\\\/\\\/www.yucatanencorto.com\\\/noticias\\\/#website\",\"url\":\"https:\\\/\\\/www.yucatanencorto.com\\\/noticias\\\/\",\"name\":\"Yucat\u00e1n en corto\",\"description\":\"Noticias\",\"potentialAction\":[{\"@type\":\"SearchAction\",\"target\":{\"@type\":\"EntryPoint\",\"urlTemplate\":\"https:\\\/\\\/www.yucatanencorto.com\\\/noticias\\\/?s={search_term_string}\"},\"query-input\":{\"@type\":\"PropertyValueSpecification\",\"valueRequired\":true,\"valueName\":\"search_term_string\"}}],\"inLanguage\":\"es\"},{\"@type\":\"Person\",\"@id\":\"https:\\\/\\\/www.yucatanencorto.com\\\/noticias\\\/#\\\/schema\\\/person\\\/14f82d355225a1f4075dd84a31f45a72\",\"name\":\"Yucat\u00e1n en Corto FC\",\"image\":{\"@type\":\"ImageObject\",\"inLanguage\":\"es\",\"@id\":\"https:\\\/\\\/secure.gravatar.com\\\/avatar\\\/147d4b30cd728c53c29c49a3f7834dedca33707f4cd259761355846009a88250?s=96&d=mm&r=g\",\"url\":\"https:\\\/\\\/secure.gravatar.com\\\/avatar\\\/147d4b30cd728c53c29c49a3f7834dedca33707f4cd259761355846009a88250?s=96&d=mm&r=g\",\"contentUrl\":\"https:\\\/\\\/secure.gravatar.com\\\/avatar\\\/147d4b30cd728c53c29c49a3f7834dedca33707f4cd259761355846009a88250?s=96&d=mm&r=g\",\"caption\":\"Yucat\u00e1n en Corto FC\"},\"url\":\"https:\\\/\\\/www.yucatanencorto.com\\\/noticias\\\/author\\\/flor\\\/\"}]}<\/script>\n<!-- \/ Yoast SEO plugin. -->","yoast_head_json":{"title":"El Cabildo de M\u00e9rida autoriza convenios de colaboraci\u00f3n para beneficio de la ciudadan\u00eda - Yucat\u00e1n en corto","robots":{"index":"index","follow":"follow","max-snippet":"max-snippet:-1","max-image-preview":"max-image-preview:large","max-video-preview":"max-video-preview:-1"},"canonical":"https:\/\/www.yucatanencorto.com\/noticias\/el-cabildo-de-merida-autoriza-convenios-de-colaboracion-para-beneficio-de-la-ciudadania\/","og_locale":"es_ES","og_type":"article","og_title":"El Cabildo de M\u00e9rida autoriza convenios de colaboraci\u00f3n para beneficio de la ciudadan\u00eda - Yucat\u00e1n en corto","og_description":"&nbsp; M\u00e9rida 13 de agosto de 2021. El Cabildo de M\u00e9rida aprob\u00f3 la propuesta del alcalde, Ren\u00e1n Barrera Concha, de celebrar un contrato de comodato con la Universidad Aut\u00f3noma de Yucat\u00e1n con el objetivo de contribuir a fomentar y promocionar programas de alimentaci\u00f3n saludable que generen impactos positivos en el municipio. Dicho contrato permitir\u00e1 a [&hellip;]","og_url":"https:\/\/www.yucatanencorto.com\/noticias\/el-cabildo-de-merida-autoriza-convenios-de-colaboracion-para-beneficio-de-la-ciudadania\/","og_site_name":"Yucat\u00e1n en corto","article_publisher":"http:\/\/www.facebook.com\/yucatanencorto","article_published_time":"2021-08-14T02:19:55+00:00","og_image":[{"width":768,"height":429,"url":"https:\/\/www.yucatanencorto.com\/noticias\/wp-content\/uploads\/2021\/08\/Sesion-de-Cabildo-2021-08-13-at-7.47.10-PM-scaled.jpeg","type":"image\/jpeg"}],"author":"Yucat\u00e1n en Corto FC","twitter_card":"summary_large_image","twitter_creator":"@yucatanencorto","twitter_site":"@yucatanencorto","twitter_misc":{"Escrito por":"Yucat\u00e1n en Corto FC","Tiempo de lectura":"4 minutos"},"schema":{"@context":"https:\/\/schema.org","@graph":[{"@type":"Article","@id":"https:\/\/www.yucatanencorto.com\/noticias\/el-cabildo-de-merida-autoriza-convenios-de-colaboracion-para-beneficio-de-la-ciudadania\/#article","isPartOf":{"@id":"https:\/\/www.yucatanencorto.com\/noticias\/el-cabildo-de-merida-autoriza-convenios-de-colaboracion-para-beneficio-de-la-ciudadania\/"},"author":{"name":"Yucat\u00e1n en Corto FC","@id":"https:\/\/www.yucatanencorto.com\/noticias\/#\/schema\/person\/14f82d355225a1f4075dd84a31f45a72"},"headline":"El Cabildo de M\u00e9rida autoriza convenios de colaboraci\u00f3n para beneficio de la ciudadan\u00eda","datePublished":"2021-08-14T02:19:55+00:00","mainEntityOfPage":{"@id":"https:\/\/www.yucatanencorto.com\/noticias\/el-cabildo-de-merida-autoriza-convenios-de-colaboracion-para-beneficio-de-la-ciudadania\/"},"wordCount":954,"image":{"@id":"https:\/\/www.yucatanencorto.com\/noticias\/el-cabildo-de-merida-autoriza-convenios-de-colaboracion-para-beneficio-de-la-ciudadania\/#primaryimage"},"thumbnailUrl":"https:\/\/www.yucatanencorto.com\/noticias\/wp-content\/uploads\/2021\/08\/Sesion-de-Cabildo-2021-08-13-at-7.47.10-PM-scaled.jpeg","articleSection":["M\u00e9rida"],"inLanguage":"es"},{"@type":"WebPage","@id":"https:\/\/www.yucatanencorto.com\/noticias\/el-cabildo-de-merida-autoriza-convenios-de-colaboracion-para-beneficio-de-la-ciudadania\/","url":"https:\/\/www.yucatanencorto.com\/noticias\/el-cabildo-de-merida-autoriza-convenios-de-colaboracion-para-beneficio-de-la-ciudadania\/","name":"El Cabildo de M\u00e9rida autoriza convenios de colaboraci\u00f3n para beneficio de la ciudadan\u00eda - Yucat\u00e1n en corto","isPartOf":{"@id":"https:\/\/www.yucatanencorto.com\/noticias\/#website"},"primaryImageOfPage":{"@id":"https:\/\/www.yucatanencorto.com\/noticias\/el-cabildo-de-merida-autoriza-convenios-de-colaboracion-para-beneficio-de-la-ciudadania\/#primaryimage"},"image":{"@id":"https:\/\/www.yucatanencorto.com\/noticias\/el-cabildo-de-merida-autoriza-convenios-de-colaboracion-para-beneficio-de-la-ciudadania\/#primaryimage"},"thumbnailUrl":"https:\/\/www.yucatanencorto.com\/noticias\/wp-content\/uploads\/2021\/08\/Sesion-de-Cabildo-2021-08-13-at-7.47.10-PM-scaled.jpeg","datePublished":"2021-08-14T02:19:55+00:00","author":{"@id":"https:\/\/www.yucatanencorto.com\/noticias\/#\/schema\/person\/14f82d355225a1f4075dd84a31f45a72"},"breadcrumb":{"@id":"https:\/\/www.yucatanencorto.com\/noticias\/el-cabildo-de-merida-autoriza-convenios-de-colaboracion-para-beneficio-de-la-ciudadania\/#breadcrumb"},"inLanguage":"es","potentialAction":[{"@type":"ReadAction","target":["https:\/\/www.yucatanencorto.com\/noticias\/el-cabildo-de-merida-autoriza-convenios-de-colaboracion-para-beneficio-de-la-ciudadania\/"]}]},{"@type":"ImageObject","inLanguage":"es","@id":"https:\/\/www.yucatanencorto.com\/noticias\/el-cabildo-de-merida-autoriza-convenios-de-colaboracion-para-beneficio-de-la-ciudadania\/#primaryimage","url":"https:\/\/www.yucatanencorto.com\/noticias\/wp-content\/uploads\/2021\/08\/Sesion-de-Cabildo-2021-08-13-at-7.47.10-PM-scaled.jpeg","contentUrl":"https:\/\/www.yucatanencorto.com\/noticias\/wp-content\/uploads\/2021\/08\/Sesion-de-Cabildo-2021-08-13-at-7.47.10-PM-scaled.jpeg","width":768,"height":429},{"@type":"BreadcrumbList","@id":"https:\/\/www.yucatanencorto.com\/noticias\/el-cabildo-de-merida-autoriza-convenios-de-colaboracion-para-beneficio-de-la-ciudadania\/#breadcrumb","itemListElement":[{"@type":"ListItem","position":1,"name":"Portada","item":"https:\/\/www.yucatanencorto.com\/noticias\/"},{"@type":"ListItem","position":2,"name":"El Cabildo de M\u00e9rida autoriza convenios de colaboraci\u00f3n para beneficio de la ciudadan\u00eda"}]},{"@type":"WebSite","@id":"https:\/\/www.yucatanencorto.com\/noticias\/#website","url":"https:\/\/www.yucatanencorto.com\/noticias\/","name":"Yucat\u00e1n en corto","description":"Noticias","potentialAction":[{"@type":"SearchAction","target":{"@type":"EntryPoint","urlTemplate":"https:\/\/www.yucatanencorto.com\/noticias\/?s={search_term_string}"},"query-input":{"@type":"PropertyValueSpecification","valueRequired":true,"valueName":"search_term_string"}}],"inLanguage":"es"},{"@type":"Person","@id":"https:\/\/www.yucatanencorto.com\/noticias\/#\/schema\/person\/14f82d355225a1f4075dd84a31f45a72","name":"Yucat\u00e1n en Corto FC","image":{"@type":"ImageObject","inLanguage":"es","@id":"https:\/\/secure.gravatar.com\/avatar\/147d4b30cd728c53c29c49a3f7834dedca33707f4cd259761355846009a88250?s=96&d=mm&r=g","url":"https:\/\/secure.gravatar.com\/avatar\/147d4b30cd728c53c29c49a3f7834dedca33707f4cd259761355846009a88250?s=96&d=mm&r=g","contentUrl":"https:\/\/secure.gravatar.com\/avatar\/147d4b30cd728c53c29c49a3f7834dedca33707f4cd259761355846009a88250?s=96&d=mm&r=g","caption":"Yucat\u00e1n en Corto FC"},"url":"https:\/\/www.yucatanencorto.com\/noticias\/author\/flor\/"}]}},"_links":{"self":[{"href":"https:\/\/www.yucatanencorto.com\/noticias\/wp-json\/wp\/v2\/posts\/85643","targetHints":{"allow":["GET"]}}],"collection":[{"href":"https:\/\/www.yucatanencorto.com\/noticias\/wp-json\/wp\/v2\/posts"}],"about":[{"href":"https:\/\/www.yucatanencorto.com\/noticias\/wp-json\/wp\/v2\/types\/post"}],"author":[{"embeddable":true,"href":"https:\/\/www.yucatanencorto.com\/noticias\/wp-json\/wp\/v2\/users\/2"}],"replies":[{"embeddable":true,"href":"https:\/\/www.yucatanencorto.com\/noticias\/wp-json\/wp\/v2\/comments?post=85643"}],"version-history":[{"count":0,"href":"https:\/\/www.yucatanencorto.com\/noticias\/wp-json\/wp\/v2\/posts\/85643\/revisions"}],"wp:featuredmedia":[{"embeddable":true,"href":"https:\/\/www.yucatanencorto.com\/noticias\/wp-json\/wp\/v2\/media\/85644"}],"wp:attachment":[{"href":"https:\/\/www.yucatanencorto.com\/noticias\/wp-json\/wp\/v2\/media?parent=85643"}],"wp:term":[{"taxonomy":"category","embeddable":true,"href":"https:\/\/www.yucatanencorto.com\/noticias\/wp-json\/wp\/v2\/categories?post=85643"},{"taxonomy":"post_tag","embeddable":true,"href":"https:\/\/www.yucatanencorto.com\/noticias\/wp-json\/wp\/v2\/tags?post=85643"}],"curies":[{"name":"wp","href":"https:\/\/api.w.org\/{rel}","templated":true}]}}