{"id":85646,"date":"2021-08-14T11:34:09","date_gmt":"2021-08-14T16:34:09","guid":{"rendered":"https:\/\/www.yucatanencorto.com\/noticias\/?p=85646"},"modified":"2021-08-14T11:34:09","modified_gmt":"2021-08-14T16:34:09","slug":"recomiendan-refrigerios-saludables-para-proteger-la-salud-de-ninas-y-ninos-para-fortalecer-su-sistema-inmunologico","status":"publish","type":"post","link":"https:\/\/www.yucatanencorto.com\/noticias\/recomiendan-refrigerios-saludables-para-proteger-la-salud-de-ninas-y-ninos-para-fortalecer-su-sistema-inmunologico\/","title":{"rendered":"Recomiendan Refrigerios saludables para proteger la salud de ni\u00f1as y ni\u00f1os para fortalecer su sistema inmunol\u00f3gico"},"content":{"rendered":"<p><img loading=\"lazy\" decoding=\"async\" class=\"alignnone size-full wp-image-85648\" src=\"https:\/\/www.yucatanencorto.com\/noticias\/wp-content\/uploads\/2021\/08\/WhatsApp-Image-2021-08-14-at-11.20.15-AM-scaled.jpeg\" alt=\"\" width=\"768\" height=\"576\" srcset=\"https:\/\/www.yucatanencorto.com\/noticias\/wp-content\/uploads\/2021\/08\/WhatsApp-Image-2021-08-14-at-11.20.15-AM-scaled.jpeg 768w, https:\/\/www.yucatanencorto.com\/noticias\/wp-content\/uploads\/2021\/08\/WhatsApp-Image-2021-08-14-at-11.20.15-AM-696x522.jpeg 696w, https:\/\/www.yucatanencorto.com\/noticias\/wp-content\/uploads\/2021\/08\/WhatsApp-Image-2021-08-14-at-11.20.15-AM-560x420.jpeg 560w, https:\/\/www.yucatanencorto.com\/noticias\/wp-content\/uploads\/2021\/08\/WhatsApp-Image-2021-08-14-at-11.20.15-AM-80x60.jpeg 80w, https:\/\/www.yucatanencorto.com\/noticias\/wp-content\/uploads\/2021\/08\/WhatsApp-Image-2021-08-14-at-11.20.15-AM-265x198.jpeg 265w\" sizes=\"auto, (max-width: 768px) 100vw, 768px\" \/>Para que las y los ni\u00f1os puedan continuar con un Verano Seguro; el Instituto Mexicano del Seguro (IMSS) recomienda a los padres de familia preparar refrigerios saludables para los menores de edad, con la finalidad de fortalecer su sistema inmunol\u00f3gico as\u00ed como para evitar casos de sobrepeso, obesidad o anemia desde edades tempranas; sobre todo ante la actual emergencia sanitaria de COVID-19.<\/p>\n<p>La doctora Rebeca Elizabeth Zetina Mu\u00f1oz, titular de la Coordinaci\u00f3n de Gesti\u00f3n M\u00e9dica, explic\u00f3 que el refrigerio es una peque\u00f1a comida que se debe hacer a media ma\u00f1ana y por la tarde, adem\u00e1s de las tres comidas completas, para poder tener suficiente energ\u00eda y realizar las actividades del d\u00eda.<\/p>\n<p>Los refrigerios deben contar con todos los grupos de alimentos, es decir: prote\u00ednas, grasas saludables, carbohidratos, fibra, calcio, vitaminas, minerales y agua; los cuales, contribuyen al desarrollo de los menores de edad.<\/p>\n<p>Por lo anterior, se sugieren alimentos como s\u00e1ndwich integral, ensalada de verduras, yogurt natural, galletas integrales, huevo, queso, at\u00fan, pollo, agua y todas las frutas.<\/p>\n<p>Otros alimentos saludables que se pueden incluir en la preparaci\u00f3n de refrigerios, son: cacahuates, almendras, nueces, amaranto, habas o garbanzos tostados, palomitas de ma\u00edz naturales y cuadritos de queso panela.<\/p>\n<p>Tambi\u00e9n se recomienda tomar agua simple potable y realizar actividad f\u00edsica, con las medidas pertinentes para evitar contagios de COVID-19; ya que son aspectos importantes para fortalecer el sistema inmunol\u00f3gico, prevenir y controlar el sobrepeso, obesidad y sus complicaciones.<\/p>\n<p><img loading=\"lazy\" decoding=\"async\" class=\"alignnone size-full wp-image-85647\" src=\"https:\/\/www.yucatanencorto.com\/noticias\/wp-content\/uploads\/2021\/08\/WhatsApp-Image-2021-08-14-at-11.20.25-AM-scaled.jpeg\" alt=\"\" width=\"576\" height=\"768\" srcset=\"https:\/\/www.yucatanencorto.com\/noticias\/wp-content\/uploads\/2021\/08\/WhatsApp-Image-2021-08-14-at-11.20.25-AM-scaled.jpeg 576w, https:\/\/www.yucatanencorto.com\/noticias\/wp-content\/uploads\/2021\/08\/WhatsApp-Image-2021-08-14-at-11.20.25-AM-696x928.jpeg 696w, https:\/\/www.yucatanencorto.com\/noticias\/wp-content\/uploads\/2021\/08\/WhatsApp-Image-2021-08-14-at-11.20.25-AM-315x420.jpeg 315w\" sizes=\"auto, (max-width: 576px) 100vw, 576px\" \/><\/p>\n<p>Cabe se\u00f1alar que, en el caso de las ni\u00f1as y ni\u00f1os con alguna patolog\u00eda como diabetes, sobrepeso o anemia, as\u00ed como aquellos que practican alg\u00fan deporte de alto rendimiento; se recomienda seguir las indicaciones de su especialista, ya que sus requerimientos cal\u00f3ricos, nutrimentos y agua que necesitan se contempla seg\u00fan sus condiciones actuales, peso, edad, estatura, complexi\u00f3n y actividades que realiza el ni\u00f1o.<\/p>\n<p>De igual forma, se sugiere evitar ingerir refrescos, jugos industrializados, caramelos, chocolates o comidas chatarra.<\/p>\n<p>Finalmente, se reitera que para proteger la salud de las y los menores y romper las cadenas de contagio de COVID-19 se debe continuar con medidas preventivas, como:<\/p>\n<p>\u2022 El lavado constante de manos.<br \/>\n\u2022 Uso correcto de cubrebocas en todo momento.<br \/>\n\u2022 Uso de alcohol gel al menos al 70%.<br \/>\n\u2022 Mantener sana distancia de al menos 1.5 metros entre personas.<br \/>\n\u2022 Realizar estornudo\/tosido en antebrazo.<br \/>\n\u2022 Evitar tocarse la cara, en especial ojos, nariz y boca.<br \/>\n\u2022 Evitar compartir objetos de uso personal.<br \/>\n\u2022 Limpiar y desinfectar los objetos.<br \/>\n\u2022 Acudir a vacunarse y mantener medidas de prevenci\u00f3n.<br \/>\n\u2022 Mantenerse informado de fuentes oficiales.<br \/>\n\u2022 \u201cSi no es necesario que salgas, QU\u00c9DATE EN CASA\u201d.<\/p>\n","protected":false},"excerpt":{"rendered":"<p>Para que las y los ni\u00f1os puedan continuar con un Verano Seguro; el Instituto Mexicano del Seguro (IMSS) recomienda a los padres de familia preparar refrigerios saludables para los menores de edad, con la finalidad de fortalecer su sistema inmunol\u00f3gico as\u00ed como para evitar casos de sobrepeso, obesidad o anemia desde edades tempranas; sobre todo [&hellip;]<\/p>\n","protected":false},"author":2,"featured_media":85648,"comment_status":"closed","ping_status":"closed","sticky":false,"template":"","format":"standard","meta":{"footnotes":""},"categories":[3],"tags":[],"class_list":{"0":"post-85646","1":"post","2":"type-post","3":"status-publish","4":"format-standard","5":"has-post-thumbnail","7":"category-yucatan"},"yoast_head":"<!-- This site is optimized with the Yoast SEO plugin v27.4 - https:\/\/yoast.com\/product\/yoast-seo-wordpress\/ -->\n<title>Recomiendan Refrigerios saludables para proteger la salud de ni\u00f1as y ni\u00f1os para fortalecer su sistema inmunol\u00f3gico - Yucat\u00e1n en corto<\/title>\n<meta name=\"robots\" content=\"index, follow, max-snippet:-1, max-image-preview:large, max-video-preview:-1\" \/>\n<link rel=\"canonical\" href=\"https:\/\/www.yucatanencorto.com\/noticias\/recomiendan-refrigerios-saludables-para-proteger-la-salud-de-ninas-y-ninos-para-fortalecer-su-sistema-inmunologico\/\" \/>\n<meta property=\"og:locale\" content=\"es_ES\" \/>\n<meta property=\"og:type\" content=\"article\" \/>\n<meta property=\"og:title\" content=\"Recomiendan Refrigerios saludables para proteger la salud de ni\u00f1as y ni\u00f1os para fortalecer su sistema inmunol\u00f3gico - Yucat\u00e1n en corto\" \/>\n<meta property=\"og:description\" content=\"Para que las y los ni\u00f1os puedan continuar con un Verano Seguro; el Instituto Mexicano del Seguro (IMSS) recomienda a los padres de familia preparar refrigerios saludables para los menores de edad, con la finalidad de fortalecer su sistema inmunol\u00f3gico as\u00ed como para evitar casos de sobrepeso, obesidad o anemia desde edades tempranas; sobre todo [&hellip;]\" \/>\n<meta property=\"og:url\" content=\"https:\/\/www.yucatanencorto.com\/noticias\/recomiendan-refrigerios-saludables-para-proteger-la-salud-de-ninas-y-ninos-para-fortalecer-su-sistema-inmunologico\/\" \/>\n<meta property=\"og:site_name\" content=\"Yucat\u00e1n en corto\" \/>\n<meta property=\"article:publisher\" content=\"http:\/\/www.facebook.com\/yucatanencorto\" \/>\n<meta property=\"article:published_time\" content=\"2021-08-14T16:34:09+00:00\" \/>\n<meta property=\"og:image\" content=\"https:\/\/www.yucatanencorto.com\/noticias\/wp-content\/uploads\/2021\/08\/WhatsApp-Image-2021-08-14-at-11.20.15-AM-scaled.jpeg\" \/>\n\t<meta property=\"og:image:width\" content=\"768\" \/>\n\t<meta property=\"og:image:height\" content=\"576\" \/>\n\t<meta property=\"og:image:type\" content=\"image\/jpeg\" \/>\n<meta name=\"author\" content=\"Yucat\u00e1n en Corto FC\" \/>\n<meta name=\"twitter:card\" content=\"summary_large_image\" \/>\n<meta name=\"twitter:creator\" content=\"@yucatanencorto\" \/>\n<meta name=\"twitter:site\" content=\"@yucatanencorto\" \/>\n<meta name=\"twitter:label1\" content=\"Escrito por\" \/>\n\t<meta name=\"twitter:data1\" content=\"Yucat\u00e1n en Corto FC\" \/>\n\t<meta name=\"twitter:label2\" content=\"Tiempo de lectura\" \/>\n\t<meta name=\"twitter:data2\" content=\"3 minutos\" \/>\n<script type=\"application\/ld+json\" class=\"yoast-schema-graph\">{\"@context\":\"https:\\\/\\\/schema.org\",\"@graph\":[{\"@type\":\"Article\",\"@id\":\"https:\\\/\\\/www.yucatanencorto.com\\\/noticias\\\/recomiendan-refrigerios-saludables-para-proteger-la-salud-de-ninas-y-ninos-para-fortalecer-su-sistema-inmunologico\\\/#article\",\"isPartOf\":{\"@id\":\"https:\\\/\\\/www.yucatanencorto.com\\\/noticias\\\/recomiendan-refrigerios-saludables-para-proteger-la-salud-de-ninas-y-ninos-para-fortalecer-su-sistema-inmunologico\\\/\"},\"author\":{\"name\":\"Yucat\u00e1n en Corto FC\",\"@id\":\"https:\\\/\\\/www.yucatanencorto.com\\\/noticias\\\/#\\\/schema\\\/person\\\/14f82d355225a1f4075dd84a31f45a72\"},\"headline\":\"Recomiendan Refrigerios saludables para proteger la salud de ni\u00f1as y ni\u00f1os para fortalecer su sistema inmunol\u00f3gico\",\"datePublished\":\"2021-08-14T16:34:09+00:00\",\"mainEntityOfPage\":{\"@id\":\"https:\\\/\\\/www.yucatanencorto.com\\\/noticias\\\/recomiendan-refrigerios-saludables-para-proteger-la-salud-de-ninas-y-ninos-para-fortalecer-su-sistema-inmunologico\\\/\"},\"wordCount\":468,\"image\":{\"@id\":\"https:\\\/\\\/www.yucatanencorto.com\\\/noticias\\\/recomiendan-refrigerios-saludables-para-proteger-la-salud-de-ninas-y-ninos-para-fortalecer-su-sistema-inmunologico\\\/#primaryimage\"},\"thumbnailUrl\":\"https:\\\/\\\/www.yucatanencorto.com\\\/noticias\\\/wp-content\\\/uploads\\\/2021\\\/08\\\/WhatsApp-Image-2021-08-14-at-11.20.15-AM-scaled.jpeg\",\"articleSection\":[\"Yucat\u00e1n\"],\"inLanguage\":\"es\"},{\"@type\":\"WebPage\",\"@id\":\"https:\\\/\\\/www.yucatanencorto.com\\\/noticias\\\/recomiendan-refrigerios-saludables-para-proteger-la-salud-de-ninas-y-ninos-para-fortalecer-su-sistema-inmunologico\\\/\",\"url\":\"https:\\\/\\\/www.yucatanencorto.com\\\/noticias\\\/recomiendan-refrigerios-saludables-para-proteger-la-salud-de-ninas-y-ninos-para-fortalecer-su-sistema-inmunologico\\\/\",\"name\":\"Recomiendan Refrigerios saludables para proteger la salud de ni\u00f1as y ni\u00f1os para fortalecer su sistema inmunol\u00f3gico - Yucat\u00e1n en corto\",\"isPartOf\":{\"@id\":\"https:\\\/\\\/www.yucatanencorto.com\\\/noticias\\\/#website\"},\"primaryImageOfPage\":{\"@id\":\"https:\\\/\\\/www.yucatanencorto.com\\\/noticias\\\/recomiendan-refrigerios-saludables-para-proteger-la-salud-de-ninas-y-ninos-para-fortalecer-su-sistema-inmunologico\\\/#primaryimage\"},\"image\":{\"@id\":\"https:\\\/\\\/www.yucatanencorto.com\\\/noticias\\\/recomiendan-refrigerios-saludables-para-proteger-la-salud-de-ninas-y-ninos-para-fortalecer-su-sistema-inmunologico\\\/#primaryimage\"},\"thumbnailUrl\":\"https:\\\/\\\/www.yucatanencorto.com\\\/noticias\\\/wp-content\\\/uploads\\\/2021\\\/08\\\/WhatsApp-Image-2021-08-14-at-11.20.15-AM-scaled.jpeg\",\"datePublished\":\"2021-08-14T16:34:09+00:00\",\"author\":{\"@id\":\"https:\\\/\\\/www.yucatanencorto.com\\\/noticias\\\/#\\\/schema\\\/person\\\/14f82d355225a1f4075dd84a31f45a72\"},\"breadcrumb\":{\"@id\":\"https:\\\/\\\/www.yucatanencorto.com\\\/noticias\\\/recomiendan-refrigerios-saludables-para-proteger-la-salud-de-ninas-y-ninos-para-fortalecer-su-sistema-inmunologico\\\/#breadcrumb\"},\"inLanguage\":\"es\",\"potentialAction\":[{\"@type\":\"ReadAction\",\"target\":[\"https:\\\/\\\/www.yucatanencorto.com\\\/noticias\\\/recomiendan-refrigerios-saludables-para-proteger-la-salud-de-ninas-y-ninos-para-fortalecer-su-sistema-inmunologico\\\/\"]}]},{\"@type\":\"ImageObject\",\"inLanguage\":\"es\",\"@id\":\"https:\\\/\\\/www.yucatanencorto.com\\\/noticias\\\/recomiendan-refrigerios-saludables-para-proteger-la-salud-de-ninas-y-ninos-para-fortalecer-su-sistema-inmunologico\\\/#primaryimage\",\"url\":\"https:\\\/\\\/www.yucatanencorto.com\\\/noticias\\\/wp-content\\\/uploads\\\/2021\\\/08\\\/WhatsApp-Image-2021-08-14-at-11.20.15-AM-scaled.jpeg\",\"contentUrl\":\"https:\\\/\\\/www.yucatanencorto.com\\\/noticias\\\/wp-content\\\/uploads\\\/2021\\\/08\\\/WhatsApp-Image-2021-08-14-at-11.20.15-AM-scaled.jpeg\",\"width\":768,\"height\":576},{\"@type\":\"BreadcrumbList\",\"@id\":\"https:\\\/\\\/www.yucatanencorto.com\\\/noticias\\\/recomiendan-refrigerios-saludables-para-proteger-la-salud-de-ninas-y-ninos-para-fortalecer-su-sistema-inmunologico\\\/#breadcrumb\",\"itemListElement\":[{\"@type\":\"ListItem\",\"position\":1,\"name\":\"Portada\",\"item\":\"https:\\\/\\\/www.yucatanencorto.com\\\/noticias\\\/\"},{\"@type\":\"ListItem\",\"position\":2,\"name\":\"Recomiendan Refrigerios saludables para proteger la salud de ni\u00f1as y ni\u00f1os para fortalecer su sistema inmunol\u00f3gico\"}]},{\"@type\":\"WebSite\",\"@id\":\"https:\\\/\\\/www.yucatanencorto.com\\\/noticias\\\/#website\",\"url\":\"https:\\\/\\\/www.yucatanencorto.com\\\/noticias\\\/\",\"name\":\"Yucat\u00e1n en corto\",\"description\":\"Noticias\",\"potentialAction\":[{\"@type\":\"SearchAction\",\"target\":{\"@type\":\"EntryPoint\",\"urlTemplate\":\"https:\\\/\\\/www.yucatanencorto.com\\\/noticias\\\/?s={search_term_string}\"},\"query-input\":{\"@type\":\"PropertyValueSpecification\",\"valueRequired\":true,\"valueName\":\"search_term_string\"}}],\"inLanguage\":\"es\"},{\"@type\":\"Person\",\"@id\":\"https:\\\/\\\/www.yucatanencorto.com\\\/noticias\\\/#\\\/schema\\\/person\\\/14f82d355225a1f4075dd84a31f45a72\",\"name\":\"Yucat\u00e1n en Corto FC\",\"image\":{\"@type\":\"ImageObject\",\"inLanguage\":\"es\",\"@id\":\"https:\\\/\\\/secure.gravatar.com\\\/avatar\\\/147d4b30cd728c53c29c49a3f7834dedca33707f4cd259761355846009a88250?s=96&d=mm&r=g\",\"url\":\"https:\\\/\\\/secure.gravatar.com\\\/avatar\\\/147d4b30cd728c53c29c49a3f7834dedca33707f4cd259761355846009a88250?s=96&d=mm&r=g\",\"contentUrl\":\"https:\\\/\\\/secure.gravatar.com\\\/avatar\\\/147d4b30cd728c53c29c49a3f7834dedca33707f4cd259761355846009a88250?s=96&d=mm&r=g\",\"caption\":\"Yucat\u00e1n en Corto FC\"},\"url\":\"https:\\\/\\\/www.yucatanencorto.com\\\/noticias\\\/author\\\/flor\\\/\"}]}<\/script>\n<!-- \/ Yoast SEO plugin. -->","yoast_head_json":{"title":"Recomiendan Refrigerios saludables para proteger la salud de ni\u00f1as y ni\u00f1os para fortalecer su sistema inmunol\u00f3gico - Yucat\u00e1n en corto","robots":{"index":"index","follow":"follow","max-snippet":"max-snippet:-1","max-image-preview":"max-image-preview:large","max-video-preview":"max-video-preview:-1"},"canonical":"https:\/\/www.yucatanencorto.com\/noticias\/recomiendan-refrigerios-saludables-para-proteger-la-salud-de-ninas-y-ninos-para-fortalecer-su-sistema-inmunologico\/","og_locale":"es_ES","og_type":"article","og_title":"Recomiendan Refrigerios saludables para proteger la salud de ni\u00f1as y ni\u00f1os para fortalecer su sistema inmunol\u00f3gico - Yucat\u00e1n en corto","og_description":"Para que las y los ni\u00f1os puedan continuar con un Verano Seguro; el Instituto Mexicano del Seguro (IMSS) recomienda a los padres de familia preparar refrigerios saludables para los menores de edad, con la finalidad de fortalecer su sistema inmunol\u00f3gico as\u00ed como para evitar casos de sobrepeso, obesidad o anemia desde edades tempranas; sobre todo [&hellip;]","og_url":"https:\/\/www.yucatanencorto.com\/noticias\/recomiendan-refrigerios-saludables-para-proteger-la-salud-de-ninas-y-ninos-para-fortalecer-su-sistema-inmunologico\/","og_site_name":"Yucat\u00e1n en corto","article_publisher":"http:\/\/www.facebook.com\/yucatanencorto","article_published_time":"2021-08-14T16:34:09+00:00","og_image":[{"width":768,"height":576,"url":"https:\/\/www.yucatanencorto.com\/noticias\/wp-content\/uploads\/2021\/08\/WhatsApp-Image-2021-08-14-at-11.20.15-AM-scaled.jpeg","type":"image\/jpeg"}],"author":"Yucat\u00e1n en Corto FC","twitter_card":"summary_large_image","twitter_creator":"@yucatanencorto","twitter_site":"@yucatanencorto","twitter_misc":{"Escrito por":"Yucat\u00e1n en Corto FC","Tiempo de lectura":"3 minutos"},"schema":{"@context":"https:\/\/schema.org","@graph":[{"@type":"Article","@id":"https:\/\/www.yucatanencorto.com\/noticias\/recomiendan-refrigerios-saludables-para-proteger-la-salud-de-ninas-y-ninos-para-fortalecer-su-sistema-inmunologico\/#article","isPartOf":{"@id":"https:\/\/www.yucatanencorto.com\/noticias\/recomiendan-refrigerios-saludables-para-proteger-la-salud-de-ninas-y-ninos-para-fortalecer-su-sistema-inmunologico\/"},"author":{"name":"Yucat\u00e1n en Corto FC","@id":"https:\/\/www.yucatanencorto.com\/noticias\/#\/schema\/person\/14f82d355225a1f4075dd84a31f45a72"},"headline":"Recomiendan Refrigerios saludables para proteger la salud de ni\u00f1as y ni\u00f1os para fortalecer su sistema inmunol\u00f3gico","datePublished":"2021-08-14T16:34:09+00:00","mainEntityOfPage":{"@id":"https:\/\/www.yucatanencorto.com\/noticias\/recomiendan-refrigerios-saludables-para-proteger-la-salud-de-ninas-y-ninos-para-fortalecer-su-sistema-inmunologico\/"},"wordCount":468,"image":{"@id":"https:\/\/www.yucatanencorto.com\/noticias\/recomiendan-refrigerios-saludables-para-proteger-la-salud-de-ninas-y-ninos-para-fortalecer-su-sistema-inmunologico\/#primaryimage"},"thumbnailUrl":"https:\/\/www.yucatanencorto.com\/noticias\/wp-content\/uploads\/2021\/08\/WhatsApp-Image-2021-08-14-at-11.20.15-AM-scaled.jpeg","articleSection":["Yucat\u00e1n"],"inLanguage":"es"},{"@type":"WebPage","@id":"https:\/\/www.yucatanencorto.com\/noticias\/recomiendan-refrigerios-saludables-para-proteger-la-salud-de-ninas-y-ninos-para-fortalecer-su-sistema-inmunologico\/","url":"https:\/\/www.yucatanencorto.com\/noticias\/recomiendan-refrigerios-saludables-para-proteger-la-salud-de-ninas-y-ninos-para-fortalecer-su-sistema-inmunologico\/","name":"Recomiendan Refrigerios saludables para proteger la salud de ni\u00f1as y ni\u00f1os para fortalecer su sistema inmunol\u00f3gico - Yucat\u00e1n en corto","isPartOf":{"@id":"https:\/\/www.yucatanencorto.com\/noticias\/#website"},"primaryImageOfPage":{"@id":"https:\/\/www.yucatanencorto.com\/noticias\/recomiendan-refrigerios-saludables-para-proteger-la-salud-de-ninas-y-ninos-para-fortalecer-su-sistema-inmunologico\/#primaryimage"},"image":{"@id":"https:\/\/www.yucatanencorto.com\/noticias\/recomiendan-refrigerios-saludables-para-proteger-la-salud-de-ninas-y-ninos-para-fortalecer-su-sistema-inmunologico\/#primaryimage"},"thumbnailUrl":"https:\/\/www.yucatanencorto.com\/noticias\/wp-content\/uploads\/2021\/08\/WhatsApp-Image-2021-08-14-at-11.20.15-AM-scaled.jpeg","datePublished":"2021-08-14T16:34:09+00:00","author":{"@id":"https:\/\/www.yucatanencorto.com\/noticias\/#\/schema\/person\/14f82d355225a1f4075dd84a31f45a72"},"breadcrumb":{"@id":"https:\/\/www.yucatanencorto.com\/noticias\/recomiendan-refrigerios-saludables-para-proteger-la-salud-de-ninas-y-ninos-para-fortalecer-su-sistema-inmunologico\/#breadcrumb"},"inLanguage":"es","potentialAction":[{"@type":"ReadAction","target":["https:\/\/www.yucatanencorto.com\/noticias\/recomiendan-refrigerios-saludables-para-proteger-la-salud-de-ninas-y-ninos-para-fortalecer-su-sistema-inmunologico\/"]}]},{"@type":"ImageObject","inLanguage":"es","@id":"https:\/\/www.yucatanencorto.com\/noticias\/recomiendan-refrigerios-saludables-para-proteger-la-salud-de-ninas-y-ninos-para-fortalecer-su-sistema-inmunologico\/#primaryimage","url":"https:\/\/www.yucatanencorto.com\/noticias\/wp-content\/uploads\/2021\/08\/WhatsApp-Image-2021-08-14-at-11.20.15-AM-scaled.jpeg","contentUrl":"https:\/\/www.yucatanencorto.com\/noticias\/wp-content\/uploads\/2021\/08\/WhatsApp-Image-2021-08-14-at-11.20.15-AM-scaled.jpeg","width":768,"height":576},{"@type":"BreadcrumbList","@id":"https:\/\/www.yucatanencorto.com\/noticias\/recomiendan-refrigerios-saludables-para-proteger-la-salud-de-ninas-y-ninos-para-fortalecer-su-sistema-inmunologico\/#breadcrumb","itemListElement":[{"@type":"ListItem","position":1,"name":"Portada","item":"https:\/\/www.yucatanencorto.com\/noticias\/"},{"@type":"ListItem","position":2,"name":"Recomiendan Refrigerios saludables para proteger la salud de ni\u00f1as y ni\u00f1os para fortalecer su sistema inmunol\u00f3gico"}]},{"@type":"WebSite","@id":"https:\/\/www.yucatanencorto.com\/noticias\/#website","url":"https:\/\/www.yucatanencorto.com\/noticias\/","name":"Yucat\u00e1n en corto","description":"Noticias","potentialAction":[{"@type":"SearchAction","target":{"@type":"EntryPoint","urlTemplate":"https:\/\/www.yucatanencorto.com\/noticias\/?s={search_term_string}"},"query-input":{"@type":"PropertyValueSpecification","valueRequired":true,"valueName":"search_term_string"}}],"inLanguage":"es"},{"@type":"Person","@id":"https:\/\/www.yucatanencorto.com\/noticias\/#\/schema\/person\/14f82d355225a1f4075dd84a31f45a72","name":"Yucat\u00e1n en Corto FC","image":{"@type":"ImageObject","inLanguage":"es","@id":"https:\/\/secure.gravatar.com\/avatar\/147d4b30cd728c53c29c49a3f7834dedca33707f4cd259761355846009a88250?s=96&d=mm&r=g","url":"https:\/\/secure.gravatar.com\/avatar\/147d4b30cd728c53c29c49a3f7834dedca33707f4cd259761355846009a88250?s=96&d=mm&r=g","contentUrl":"https:\/\/secure.gravatar.com\/avatar\/147d4b30cd728c53c29c49a3f7834dedca33707f4cd259761355846009a88250?s=96&d=mm&r=g","caption":"Yucat\u00e1n en Corto FC"},"url":"https:\/\/www.yucatanencorto.com\/noticias\/author\/flor\/"}]}},"_links":{"self":[{"href":"https:\/\/www.yucatanencorto.com\/noticias\/wp-json\/wp\/v2\/posts\/85646","targetHints":{"allow":["GET"]}}],"collection":[{"href":"https:\/\/www.yucatanencorto.com\/noticias\/wp-json\/wp\/v2\/posts"}],"about":[{"href":"https:\/\/www.yucatanencorto.com\/noticias\/wp-json\/wp\/v2\/types\/post"}],"author":[{"embeddable":true,"href":"https:\/\/www.yucatanencorto.com\/noticias\/wp-json\/wp\/v2\/users\/2"}],"replies":[{"embeddable":true,"href":"https:\/\/www.yucatanencorto.com\/noticias\/wp-json\/wp\/v2\/comments?post=85646"}],"version-history":[{"count":0,"href":"https:\/\/www.yucatanencorto.com\/noticias\/wp-json\/wp\/v2\/posts\/85646\/revisions"}],"wp:featuredmedia":[{"embeddable":true,"href":"https:\/\/www.yucatanencorto.com\/noticias\/wp-json\/wp\/v2\/media\/85648"}],"wp:attachment":[{"href":"https:\/\/www.yucatanencorto.com\/noticias\/wp-json\/wp\/v2\/media?parent=85646"}],"wp:term":[{"taxonomy":"category","embeddable":true,"href":"https:\/\/www.yucatanencorto.com\/noticias\/wp-json\/wp\/v2\/categories?post=85646"},{"taxonomy":"post_tag","embeddable":true,"href":"https:\/\/www.yucatanencorto.com\/noticias\/wp-json\/wp\/v2\/tags?post=85646"}],"curies":[{"name":"wp","href":"https:\/\/api.w.org\/{rel}","templated":true}]}}