{"id":85650,"date":"2021-08-14T14:37:54","date_gmt":"2021-08-14T19:37:54","guid":{"rendered":"https:\/\/www.yucatanencorto.com\/noticias\/?p=85650"},"modified":"2021-08-14T14:37:54","modified_gmt":"2021-08-14T19:37:54","slug":"continua-vacunacion-en-merida-de-cuarentones","status":"publish","type":"post","link":"https:\/\/www.yucatanencorto.com\/noticias\/continua-vacunacion-en-merida-de-cuarentones\/","title":{"rendered":"Contin\u00faa vacunaci\u00f3n en M\u00e9rida de cuarentones"},"content":{"rendered":"<div dir=\"ltr\">\n<p><span data-removefontsize=\"true\" data-originalcomputedfontsize=\"16\"><img loading=\"lazy\" decoding=\"async\" class=\"alignnone size-full wp-image-85651\" src=\"https:\/\/www.yucatanencorto.com\/noticias\/wp-content\/uploads\/2021\/08\/AAD28641-DA2E-40D7-8CD5-78B868F3E177-scaled.jpeg\" alt=\"\" width=\"768\" height=\"512\" srcset=\"https:\/\/www.yucatanencorto.com\/noticias\/wp-content\/uploads\/2021\/08\/AAD28641-DA2E-40D7-8CD5-78B868F3E177-scaled.jpeg 768w, https:\/\/www.yucatanencorto.com\/noticias\/wp-content\/uploads\/2021\/08\/AAD28641-DA2E-40D7-8CD5-78B868F3E177-696x464.jpeg 696w, https:\/\/www.yucatanencorto.com\/noticias\/wp-content\/uploads\/2021\/08\/AAD28641-DA2E-40D7-8CD5-78B868F3E177-1068x712.jpeg 1068w, https:\/\/www.yucatanencorto.com\/noticias\/wp-content\/uploads\/2021\/08\/AAD28641-DA2E-40D7-8CD5-78B868F3E177-630x420.jpeg 630w\" sizes=\"auto, (max-width: 768px) 100vw, 768px\" \/>M\u00e9rida, Yucat\u00e1n, 14 de agosto de 2021.- La campa\u00f1a de vacunaci\u00f3n en Yucat\u00e1n marcha a buen paso y sin contratiempos por lo que este d\u00eda contin\u00faa la aplicaci\u00f3n de las segundas dosis de la farmac\u00e9utica AstraZeneca a personas entre 40 y 49 a\u00f1os de M\u00e9rida y este proceso se efect\u00faa en los 2 macrocentros y 4 m\u00f3dulos distribuidos en la ciudad de 8 de la ma\u00f1ana a 6 de la tarde.<\/span><\/p>\n<p>&nbsp;<\/p>\n<p><span data-removefontsize=\"true\" data-originalcomputedfontsize=\"16\">Entre las personas que acudieron este s\u00e1bado para recibir la dosis en el centro habilitado en la Escuela Superior de Artes de Yucat\u00e1n (ESAY), se encuentra Lizie Daniela Ancona Cat quien asegur\u00f3 sentirse aliviada por recibir esta segunda dosis con la cual completa su esquema de vacunaci\u00f3n y con lo que dijo, estar\u00e1 m\u00e1s protegida ante los efectos de un posible contagio de la enfermedad.\u00a0<\/span><\/p>\n<p>&nbsp;<\/p>\n<p><span data-removefontsize=\"true\" data-originalcomputedfontsize=\"16\">En ese marco, la Secretar\u00eda de Salud de Yucat\u00e1n (SSY) inform\u00f3 que el d\u00eda de ayer viernes 13 de agosto, se aplic\u00f3 un total de 28,695 dosis en todo el estado, de las cuales, 20,103 corresponden a segundas dosis para personas de 40 a 49 a\u00f1os de los municipios de Tizim\u00edn y M\u00e9rida.<\/span><\/p>\n<p>&nbsp;<\/p>\n<p><span data-removefontsize=\"true\" data-originalcomputedfontsize=\"16\">Y el resto, es decir, 8,592 de ellas, corresponden a primeras dosis y fueron aplicadas a personas entre el rango de 18-29 a\u00f1os de los municipios de Um\u00e1n, Huh\u00ed, Cuzam\u00e1, Tetiz, Kantunil, Sacalum, Tixp\u00e9ual, Santa Elena, Chikindzonot, Chochol\u00e1, Mayap\u00e1n, Chicxulub Pueblo, Ixil, Cansahcab,\u00a0Calotmul, Chapab, Uc\u00fa y Dzit\u00e1s.<\/span><\/p>\n<p>&nbsp;<\/p>\n<p><span data-removefontsize=\"true\" data-originalcomputedfontsize=\"16\">Lizie Daniela explic\u00f3 que el proceso de vacunaci\u00f3n, en ambas ocasiones en las que ha acudido, ha sido muy r\u00e1pido, sencillo y seguro porque el personal de los tres niveles de Gobierno que participan, cuida muy bien de los protocolos y destac\u00f3 que el acudir a recibir la dosis se traduce en una buena oportunidad para cuidar de nuestra salud.\u00a0<\/span><\/p>\n<p>&nbsp;<\/p>\n<p><span data-removefontsize=\"true\" data-originalcomputedfontsize=\"16\">\u201cCon esto ya se completan las dos dosis de la vacuna AstraZeneca y con ello me siento m\u00e1s protegida y, sobre todo, socialmente responsable por haber acudido a recibir la protecci\u00f3n que todos en la sociedad necesitamos. Sin embargo, eso no significa que me sienta totalmente confiada porque sabemos que es solo un rango de protecci\u00f3n el que nos otorga la vacuna, por lo que tenemos que seguir con los cuidados que incluyen el uso de cubrebocas, lavado de manos y mantener la sana\u00a0distancia\u201d, puntualiz\u00f3 la tambi\u00e9n madre de familia\u201d.<\/span><\/p>\n<p>&nbsp;<\/p>\n<p><span data-removefontsize=\"true\" data-originalcomputedfontsize=\"16\">Ancona Cat abund\u00f3 que, en su c\u00edrculo cercano de amistades y familia, la gran mayor\u00eda de personas ha recibido por lo menos una dosis de la vacuna, e insisti\u00f3 en que todas las personas que est\u00e1n en posibilidades deben acudir para que les administren las dosis, ya que esto se realiza de forma gratuita, a diferencia de otros pa\u00edses donde cobran por recibirla.<\/span><\/p>\n<p>&nbsp;<\/p>\n<p><span data-removefontsize=\"true\" data-originalcomputedfontsize=\"16\">\u201cHay que tomar la oportunidad de vacunarse porque eso nos va a permitir que, poco a poco, como sociedad salgamos adelante. Todav\u00eda existe mucha gente que est\u00e1 sufriendo las afectaciones en su salud como en la cuesti\u00f3n econ\u00f3mica, por lo que la \u00fanica forma de continuar y mejorar es que todos cooperemos, as\u00ed que yo les dir\u00eda a las personas que no se han vacunado, que acudan a los centros habilitados para ello\u201d, declar\u00f3 la mujer de 40 a\u00f1os de edad.<\/span><\/p>\n<p>&nbsp;<\/p>\n<p>&nbsp;<\/p>\n<p><span data-removefontsize=\"true\" data-originalcomputedfontsize=\"16\">La mujer, quien habita en la capital yucateca, relat\u00f3 que ella se desempe\u00f1a como responsable del \u00e1rea de planeaci\u00f3n en una f\u00e1brica del municipio de Um\u00e1n, el cual es un lugar donde hay casi 600 personas por lo que para ella acudir este d\u00eda a recibir la segunda dosis es parte de su responsabilidad social ante la situaci\u00f3n que atravesamos todos con la pandemia.<\/span><\/p>\n<p>&nbsp;<\/p>\n<p><span data-removefontsize=\"true\" data-originalcomputedfontsize=\"16\">Por otro lado, Jes\u00fas Efr\u00e9n Card\u00f3s C\u00e1mara acudi\u00f3 este d\u00eda al centro de vacunaci\u00f3n habilitado en el sur de la capital yucateca para recibir la segunda dosis de la farmac\u00e9utica AstraZeneca, proceso que describi\u00f3 fue muy efectivo.<\/span><\/p>\n<p>&nbsp;<\/p>\n<p><span data-removefontsize=\"true\" data-originalcomputedfontsize=\"16\">\u201cEl proceso de aplicaci\u00f3n aqu\u00ed en Villa Palmira ha sido muy eficiente. Ya con la administraci\u00f3n de la segunda dosis, contar\u00e9 con mayor protecci\u00f3n una vez que se cumpla el periodo necesario para alcanzar la m\u00e1xima inmunidad de la vacuna. Me sentir\u00e9 m\u00e1s seguro respecto a mi salud pero no dejar\u00e9 de cuidarme, que es lo m\u00e1s importante. Aunque tenga la vacuna, si no me cuido, no ver\u00e9 todo el beneficio\u201d, resalt\u00f3 el hombre de 43 a\u00f1os de edad.<\/span><\/p>\n<p>&nbsp;<\/p>\n<p><span data-removefontsize=\"true\" data-originalcomputedfontsize=\"16\">Jes\u00fas Efr\u00e9n coment\u00f3 que \u00e9l se desempe\u00f1a como t\u00e9cnico en inform\u00e1tica, por lo que debe estar en contacto con varios clientes, y ante ello enfatiz\u00f3 que todos debemos vacunarnos, porque solo as\u00ed contribuiremos a cuidar la salud de nuestros familiares y conocidos, adem\u00e1s de cuidar la nuestra. \u201cConsidero que debemos trabajar en equipo y acudir a recibir la dosis que nos corresponde para enfrentar la pandemia. La vacuna es una protecci\u00f3n muy grande pero tambi\u00e9n hay que cuidarnos para no enfermarnos\u201d, concluy\u00f3 Jes\u00fas Efr\u00e9n.<\/span><\/p>\n<p>&nbsp;<\/p>\n<p><span data-removefontsize=\"true\" data-originalcomputedfontsize=\"16\">Cabe recordar que, de acuerdo con lo programado, la aplicaci\u00f3n de las segundas dosis a personas de entre 40 y 49 a\u00f1os se lleva a cabo de la siguiente forma: ayer viernes se vacun\u00f3 a los que nacieron en marzo y abril; hoy s\u00e1bado 14, a los de mayo y junio; domingo 15, julio y agosto; lunes 16, septiembre y octubre, y martes 17, noviembre y diciembre.\u00a0<\/span><\/p>\n<p>&nbsp;<\/p>\n<p><span data-removefontsize=\"true\" data-originalcomputedfontsize=\"16\">Los espacios habilitados para llevar a cabo esta tarea son: los macrocentros de vacunaci\u00f3n habilitados en el Centro de Convenciones Yucat\u00e1n Siglo XXI y el Multigimnasio \u201cSocorro Cer\u00f3n\u201d de la Unidad Deportiva Kukulc\u00e1n, La Escuela Superior de Artes de Yucat\u00e1n (ESAY), la Unidad Deportiva Villa Palmira, el Hospital Militar Regional de Especialidades (HMRE) y la Base A\u00e9rea Militar N\u00famero 8.<\/span><\/p>\n<\/div>\n","protected":false},"excerpt":{"rendered":"<p>M\u00e9rida, Yucat\u00e1n, 14 de agosto de 2021.- La campa\u00f1a de vacunaci\u00f3n en Yucat\u00e1n marcha a buen paso y sin contratiempos por lo que este d\u00eda contin\u00faa la aplicaci\u00f3n de las segundas dosis de la farmac\u00e9utica AstraZeneca a personas entre 40 y 49 a\u00f1os de M\u00e9rida y este proceso se efect\u00faa en los 2 macrocentros y [&hellip;]<\/p>\n","protected":false},"author":2,"featured_media":85651,"comment_status":"closed","ping_status":"closed","sticky":false,"template":"","format":"standard","meta":{"footnotes":""},"categories":[2],"tags":[],"class_list":{"0":"post-85650","1":"post","2":"type-post","3":"status-publish","4":"format-standard","5":"has-post-thumbnail","7":"category-merida"},"yoast_head":"<!-- This site is optimized with the Yoast SEO plugin v27.4 - https:\/\/yoast.com\/product\/yoast-seo-wordpress\/ -->\n<title>Contin\u00faa vacunaci\u00f3n en M\u00e9rida de cuarentones - Yucat\u00e1n en corto<\/title>\n<meta name=\"robots\" content=\"index, follow, max-snippet:-1, max-image-preview:large, max-video-preview:-1\" \/>\n<link rel=\"canonical\" href=\"https:\/\/www.yucatanencorto.com\/noticias\/continua-vacunacion-en-merida-de-cuarentones\/\" \/>\n<meta property=\"og:locale\" content=\"es_ES\" \/>\n<meta property=\"og:type\" content=\"article\" \/>\n<meta property=\"og:title\" content=\"Contin\u00faa vacunaci\u00f3n en M\u00e9rida de cuarentones - Yucat\u00e1n en corto\" \/>\n<meta property=\"og:description\" content=\"M\u00e9rida, Yucat\u00e1n, 14 de agosto de 2021.- La campa\u00f1a de vacunaci\u00f3n en Yucat\u00e1n marcha a buen paso y sin contratiempos por lo que este d\u00eda contin\u00faa la aplicaci\u00f3n de las segundas dosis de la farmac\u00e9utica AstraZeneca a personas entre 40 y 49 a\u00f1os de M\u00e9rida y este proceso se efect\u00faa en los 2 macrocentros y [&hellip;]\" \/>\n<meta property=\"og:url\" content=\"https:\/\/www.yucatanencorto.com\/noticias\/continua-vacunacion-en-merida-de-cuarentones\/\" \/>\n<meta property=\"og:site_name\" content=\"Yucat\u00e1n en corto\" \/>\n<meta property=\"article:publisher\" content=\"http:\/\/www.facebook.com\/yucatanencorto\" \/>\n<meta property=\"article:published_time\" content=\"2021-08-14T19:37:54+00:00\" \/>\n<meta property=\"og:image\" content=\"https:\/\/www.yucatanencorto.com\/noticias\/wp-content\/uploads\/2021\/08\/AAD28641-DA2E-40D7-8CD5-78B868F3E177-scaled.jpeg\" \/>\n\t<meta property=\"og:image:width\" content=\"768\" \/>\n\t<meta property=\"og:image:height\" content=\"512\" \/>\n\t<meta property=\"og:image:type\" content=\"image\/jpeg\" \/>\n<meta name=\"author\" content=\"Yucat\u00e1n en Corto FC\" \/>\n<meta name=\"twitter:card\" content=\"summary_large_image\" \/>\n<meta name=\"twitter:creator\" content=\"@yucatanencorto\" \/>\n<meta name=\"twitter:site\" content=\"@yucatanencorto\" \/>\n<meta name=\"twitter:label1\" content=\"Escrito por\" \/>\n\t<meta name=\"twitter:data1\" content=\"Yucat\u00e1n en Corto FC\" \/>\n\t<meta name=\"twitter:label2\" content=\"Tiempo de lectura\" \/>\n\t<meta name=\"twitter:data2\" content=\"5 minutos\" \/>\n<script type=\"application\/ld+json\" class=\"yoast-schema-graph\">{\"@context\":\"https:\\\/\\\/schema.org\",\"@graph\":[{\"@type\":\"Article\",\"@id\":\"https:\\\/\\\/www.yucatanencorto.com\\\/noticias\\\/continua-vacunacion-en-merida-de-cuarentones\\\/#article\",\"isPartOf\":{\"@id\":\"https:\\\/\\\/www.yucatanencorto.com\\\/noticias\\\/continua-vacunacion-en-merida-de-cuarentones\\\/\"},\"author\":{\"name\":\"Yucat\u00e1n en Corto FC\",\"@id\":\"https:\\\/\\\/www.yucatanencorto.com\\\/noticias\\\/#\\\/schema\\\/person\\\/14f82d355225a1f4075dd84a31f45a72\"},\"headline\":\"Contin\u00faa vacunaci\u00f3n en M\u00e9rida de cuarentones\",\"datePublished\":\"2021-08-14T19:37:54+00:00\",\"mainEntityOfPage\":{\"@id\":\"https:\\\/\\\/www.yucatanencorto.com\\\/noticias\\\/continua-vacunacion-en-merida-de-cuarentones\\\/\"},\"wordCount\":1007,\"image\":{\"@id\":\"https:\\\/\\\/www.yucatanencorto.com\\\/noticias\\\/continua-vacunacion-en-merida-de-cuarentones\\\/#primaryimage\"},\"thumbnailUrl\":\"https:\\\/\\\/www.yucatanencorto.com\\\/noticias\\\/wp-content\\\/uploads\\\/2021\\\/08\\\/AAD28641-DA2E-40D7-8CD5-78B868F3E177-scaled.jpeg\",\"articleSection\":[\"M\u00e9rida\"],\"inLanguage\":\"es\"},{\"@type\":\"WebPage\",\"@id\":\"https:\\\/\\\/www.yucatanencorto.com\\\/noticias\\\/continua-vacunacion-en-merida-de-cuarentones\\\/\",\"url\":\"https:\\\/\\\/www.yucatanencorto.com\\\/noticias\\\/continua-vacunacion-en-merida-de-cuarentones\\\/\",\"name\":\"Contin\u00faa vacunaci\u00f3n en M\u00e9rida de cuarentones - Yucat\u00e1n en corto\",\"isPartOf\":{\"@id\":\"https:\\\/\\\/www.yucatanencorto.com\\\/noticias\\\/#website\"},\"primaryImageOfPage\":{\"@id\":\"https:\\\/\\\/www.yucatanencorto.com\\\/noticias\\\/continua-vacunacion-en-merida-de-cuarentones\\\/#primaryimage\"},\"image\":{\"@id\":\"https:\\\/\\\/www.yucatanencorto.com\\\/noticias\\\/continua-vacunacion-en-merida-de-cuarentones\\\/#primaryimage\"},\"thumbnailUrl\":\"https:\\\/\\\/www.yucatanencorto.com\\\/noticias\\\/wp-content\\\/uploads\\\/2021\\\/08\\\/AAD28641-DA2E-40D7-8CD5-78B868F3E177-scaled.jpeg\",\"datePublished\":\"2021-08-14T19:37:54+00:00\",\"author\":{\"@id\":\"https:\\\/\\\/www.yucatanencorto.com\\\/noticias\\\/#\\\/schema\\\/person\\\/14f82d355225a1f4075dd84a31f45a72\"},\"breadcrumb\":{\"@id\":\"https:\\\/\\\/www.yucatanencorto.com\\\/noticias\\\/continua-vacunacion-en-merida-de-cuarentones\\\/#breadcrumb\"},\"inLanguage\":\"es\",\"potentialAction\":[{\"@type\":\"ReadAction\",\"target\":[\"https:\\\/\\\/www.yucatanencorto.com\\\/noticias\\\/continua-vacunacion-en-merida-de-cuarentones\\\/\"]}]},{\"@type\":\"ImageObject\",\"inLanguage\":\"es\",\"@id\":\"https:\\\/\\\/www.yucatanencorto.com\\\/noticias\\\/continua-vacunacion-en-merida-de-cuarentones\\\/#primaryimage\",\"url\":\"https:\\\/\\\/www.yucatanencorto.com\\\/noticias\\\/wp-content\\\/uploads\\\/2021\\\/08\\\/AAD28641-DA2E-40D7-8CD5-78B868F3E177-scaled.jpeg\",\"contentUrl\":\"https:\\\/\\\/www.yucatanencorto.com\\\/noticias\\\/wp-content\\\/uploads\\\/2021\\\/08\\\/AAD28641-DA2E-40D7-8CD5-78B868F3E177-scaled.jpeg\",\"width\":768,\"height\":512},{\"@type\":\"BreadcrumbList\",\"@id\":\"https:\\\/\\\/www.yucatanencorto.com\\\/noticias\\\/continua-vacunacion-en-merida-de-cuarentones\\\/#breadcrumb\",\"itemListElement\":[{\"@type\":\"ListItem\",\"position\":1,\"name\":\"Portada\",\"item\":\"https:\\\/\\\/www.yucatanencorto.com\\\/noticias\\\/\"},{\"@type\":\"ListItem\",\"position\":2,\"name\":\"Contin\u00faa vacunaci\u00f3n en M\u00e9rida de cuarentones\"}]},{\"@type\":\"WebSite\",\"@id\":\"https:\\\/\\\/www.yucatanencorto.com\\\/noticias\\\/#website\",\"url\":\"https:\\\/\\\/www.yucatanencorto.com\\\/noticias\\\/\",\"name\":\"Yucat\u00e1n en corto\",\"description\":\"Noticias\",\"potentialAction\":[{\"@type\":\"SearchAction\",\"target\":{\"@type\":\"EntryPoint\",\"urlTemplate\":\"https:\\\/\\\/www.yucatanencorto.com\\\/noticias\\\/?s={search_term_string}\"},\"query-input\":{\"@type\":\"PropertyValueSpecification\",\"valueRequired\":true,\"valueName\":\"search_term_string\"}}],\"inLanguage\":\"es\"},{\"@type\":\"Person\",\"@id\":\"https:\\\/\\\/www.yucatanencorto.com\\\/noticias\\\/#\\\/schema\\\/person\\\/14f82d355225a1f4075dd84a31f45a72\",\"name\":\"Yucat\u00e1n en Corto FC\",\"image\":{\"@type\":\"ImageObject\",\"inLanguage\":\"es\",\"@id\":\"https:\\\/\\\/secure.gravatar.com\\\/avatar\\\/147d4b30cd728c53c29c49a3f7834dedca33707f4cd259761355846009a88250?s=96&d=mm&r=g\",\"url\":\"https:\\\/\\\/secure.gravatar.com\\\/avatar\\\/147d4b30cd728c53c29c49a3f7834dedca33707f4cd259761355846009a88250?s=96&d=mm&r=g\",\"contentUrl\":\"https:\\\/\\\/secure.gravatar.com\\\/avatar\\\/147d4b30cd728c53c29c49a3f7834dedca33707f4cd259761355846009a88250?s=96&d=mm&r=g\",\"caption\":\"Yucat\u00e1n en Corto FC\"},\"url\":\"https:\\\/\\\/www.yucatanencorto.com\\\/noticias\\\/author\\\/flor\\\/\"}]}<\/script>\n<!-- \/ Yoast SEO plugin. -->","yoast_head_json":{"title":"Contin\u00faa vacunaci\u00f3n en M\u00e9rida de cuarentones - Yucat\u00e1n en corto","robots":{"index":"index","follow":"follow","max-snippet":"max-snippet:-1","max-image-preview":"max-image-preview:large","max-video-preview":"max-video-preview:-1"},"canonical":"https:\/\/www.yucatanencorto.com\/noticias\/continua-vacunacion-en-merida-de-cuarentones\/","og_locale":"es_ES","og_type":"article","og_title":"Contin\u00faa vacunaci\u00f3n en M\u00e9rida de cuarentones - Yucat\u00e1n en corto","og_description":"M\u00e9rida, Yucat\u00e1n, 14 de agosto de 2021.- La campa\u00f1a de vacunaci\u00f3n en Yucat\u00e1n marcha a buen paso y sin contratiempos por lo que este d\u00eda contin\u00faa la aplicaci\u00f3n de las segundas dosis de la farmac\u00e9utica AstraZeneca a personas entre 40 y 49 a\u00f1os de M\u00e9rida y este proceso se efect\u00faa en los 2 macrocentros y [&hellip;]","og_url":"https:\/\/www.yucatanencorto.com\/noticias\/continua-vacunacion-en-merida-de-cuarentones\/","og_site_name":"Yucat\u00e1n en corto","article_publisher":"http:\/\/www.facebook.com\/yucatanencorto","article_published_time":"2021-08-14T19:37:54+00:00","og_image":[{"width":768,"height":512,"url":"https:\/\/www.yucatanencorto.com\/noticias\/wp-content\/uploads\/2021\/08\/AAD28641-DA2E-40D7-8CD5-78B868F3E177-scaled.jpeg","type":"image\/jpeg"}],"author":"Yucat\u00e1n en Corto FC","twitter_card":"summary_large_image","twitter_creator":"@yucatanencorto","twitter_site":"@yucatanencorto","twitter_misc":{"Escrito por":"Yucat\u00e1n en Corto FC","Tiempo de lectura":"5 minutos"},"schema":{"@context":"https:\/\/schema.org","@graph":[{"@type":"Article","@id":"https:\/\/www.yucatanencorto.com\/noticias\/continua-vacunacion-en-merida-de-cuarentones\/#article","isPartOf":{"@id":"https:\/\/www.yucatanencorto.com\/noticias\/continua-vacunacion-en-merida-de-cuarentones\/"},"author":{"name":"Yucat\u00e1n en Corto FC","@id":"https:\/\/www.yucatanencorto.com\/noticias\/#\/schema\/person\/14f82d355225a1f4075dd84a31f45a72"},"headline":"Contin\u00faa vacunaci\u00f3n en M\u00e9rida de cuarentones","datePublished":"2021-08-14T19:37:54+00:00","mainEntityOfPage":{"@id":"https:\/\/www.yucatanencorto.com\/noticias\/continua-vacunacion-en-merida-de-cuarentones\/"},"wordCount":1007,"image":{"@id":"https:\/\/www.yucatanencorto.com\/noticias\/continua-vacunacion-en-merida-de-cuarentones\/#primaryimage"},"thumbnailUrl":"https:\/\/www.yucatanencorto.com\/noticias\/wp-content\/uploads\/2021\/08\/AAD28641-DA2E-40D7-8CD5-78B868F3E177-scaled.jpeg","articleSection":["M\u00e9rida"],"inLanguage":"es"},{"@type":"WebPage","@id":"https:\/\/www.yucatanencorto.com\/noticias\/continua-vacunacion-en-merida-de-cuarentones\/","url":"https:\/\/www.yucatanencorto.com\/noticias\/continua-vacunacion-en-merida-de-cuarentones\/","name":"Contin\u00faa vacunaci\u00f3n en M\u00e9rida de cuarentones - Yucat\u00e1n en corto","isPartOf":{"@id":"https:\/\/www.yucatanencorto.com\/noticias\/#website"},"primaryImageOfPage":{"@id":"https:\/\/www.yucatanencorto.com\/noticias\/continua-vacunacion-en-merida-de-cuarentones\/#primaryimage"},"image":{"@id":"https:\/\/www.yucatanencorto.com\/noticias\/continua-vacunacion-en-merida-de-cuarentones\/#primaryimage"},"thumbnailUrl":"https:\/\/www.yucatanencorto.com\/noticias\/wp-content\/uploads\/2021\/08\/AAD28641-DA2E-40D7-8CD5-78B868F3E177-scaled.jpeg","datePublished":"2021-08-14T19:37:54+00:00","author":{"@id":"https:\/\/www.yucatanencorto.com\/noticias\/#\/schema\/person\/14f82d355225a1f4075dd84a31f45a72"},"breadcrumb":{"@id":"https:\/\/www.yucatanencorto.com\/noticias\/continua-vacunacion-en-merida-de-cuarentones\/#breadcrumb"},"inLanguage":"es","potentialAction":[{"@type":"ReadAction","target":["https:\/\/www.yucatanencorto.com\/noticias\/continua-vacunacion-en-merida-de-cuarentones\/"]}]},{"@type":"ImageObject","inLanguage":"es","@id":"https:\/\/www.yucatanencorto.com\/noticias\/continua-vacunacion-en-merida-de-cuarentones\/#primaryimage","url":"https:\/\/www.yucatanencorto.com\/noticias\/wp-content\/uploads\/2021\/08\/AAD28641-DA2E-40D7-8CD5-78B868F3E177-scaled.jpeg","contentUrl":"https:\/\/www.yucatanencorto.com\/noticias\/wp-content\/uploads\/2021\/08\/AAD28641-DA2E-40D7-8CD5-78B868F3E177-scaled.jpeg","width":768,"height":512},{"@type":"BreadcrumbList","@id":"https:\/\/www.yucatanencorto.com\/noticias\/continua-vacunacion-en-merida-de-cuarentones\/#breadcrumb","itemListElement":[{"@type":"ListItem","position":1,"name":"Portada","item":"https:\/\/www.yucatanencorto.com\/noticias\/"},{"@type":"ListItem","position":2,"name":"Contin\u00faa vacunaci\u00f3n en M\u00e9rida de cuarentones"}]},{"@type":"WebSite","@id":"https:\/\/www.yucatanencorto.com\/noticias\/#website","url":"https:\/\/www.yucatanencorto.com\/noticias\/","name":"Yucat\u00e1n en corto","description":"Noticias","potentialAction":[{"@type":"SearchAction","target":{"@type":"EntryPoint","urlTemplate":"https:\/\/www.yucatanencorto.com\/noticias\/?s={search_term_string}"},"query-input":{"@type":"PropertyValueSpecification","valueRequired":true,"valueName":"search_term_string"}}],"inLanguage":"es"},{"@type":"Person","@id":"https:\/\/www.yucatanencorto.com\/noticias\/#\/schema\/person\/14f82d355225a1f4075dd84a31f45a72","name":"Yucat\u00e1n en Corto FC","image":{"@type":"ImageObject","inLanguage":"es","@id":"https:\/\/secure.gravatar.com\/avatar\/147d4b30cd728c53c29c49a3f7834dedca33707f4cd259761355846009a88250?s=96&d=mm&r=g","url":"https:\/\/secure.gravatar.com\/avatar\/147d4b30cd728c53c29c49a3f7834dedca33707f4cd259761355846009a88250?s=96&d=mm&r=g","contentUrl":"https:\/\/secure.gravatar.com\/avatar\/147d4b30cd728c53c29c49a3f7834dedca33707f4cd259761355846009a88250?s=96&d=mm&r=g","caption":"Yucat\u00e1n en Corto FC"},"url":"https:\/\/www.yucatanencorto.com\/noticias\/author\/flor\/"}]}},"_links":{"self":[{"href":"https:\/\/www.yucatanencorto.com\/noticias\/wp-json\/wp\/v2\/posts\/85650","targetHints":{"allow":["GET"]}}],"collection":[{"href":"https:\/\/www.yucatanencorto.com\/noticias\/wp-json\/wp\/v2\/posts"}],"about":[{"href":"https:\/\/www.yucatanencorto.com\/noticias\/wp-json\/wp\/v2\/types\/post"}],"author":[{"embeddable":true,"href":"https:\/\/www.yucatanencorto.com\/noticias\/wp-json\/wp\/v2\/users\/2"}],"replies":[{"embeddable":true,"href":"https:\/\/www.yucatanencorto.com\/noticias\/wp-json\/wp\/v2\/comments?post=85650"}],"version-history":[{"count":0,"href":"https:\/\/www.yucatanencorto.com\/noticias\/wp-json\/wp\/v2\/posts\/85650\/revisions"}],"wp:featuredmedia":[{"embeddable":true,"href":"https:\/\/www.yucatanencorto.com\/noticias\/wp-json\/wp\/v2\/media\/85651"}],"wp:attachment":[{"href":"https:\/\/www.yucatanencorto.com\/noticias\/wp-json\/wp\/v2\/media?parent=85650"}],"wp:term":[{"taxonomy":"category","embeddable":true,"href":"https:\/\/www.yucatanencorto.com\/noticias\/wp-json\/wp\/v2\/categories?post=85650"},{"taxonomy":"post_tag","embeddable":true,"href":"https:\/\/www.yucatanencorto.com\/noticias\/wp-json\/wp\/v2\/tags?post=85650"}],"curies":[{"name":"wp","href":"https:\/\/api.w.org\/{rel}","templated":true}]}}