{"id":86267,"date":"2021-09-17T18:29:31","date_gmt":"2021-09-17T23:29:31","guid":{"rendered":"https:\/\/www.yucatanencorto.com\/noticias\/?p=86267"},"modified":"2021-09-17T18:29:31","modified_gmt":"2021-09-17T23:29:31","slug":"impulsan-a-micro-pequenas-y-medianas-empresas-para-incursionar-en-nuevos-mercados-internacionales","status":"publish","type":"post","link":"https:\/\/www.yucatanencorto.com\/noticias\/impulsan-a-micro-pequenas-y-medianas-empresas-para-incursionar-en-nuevos-mercados-internacionales\/","title":{"rendered":"Impulsan a micro, peque\u00f1as y medianas empresas para incursionar en nuevos mercados internacionales"},"content":{"rendered":"<p>&nbsp;<\/p>\n<p><img loading=\"lazy\" decoding=\"async\" class=\"alignnone wp-image-86268\" src=\"https:\/\/www.yucatanencorto.com\/noticias\/wp-content\/uploads\/2021\/09\/image00002-2-scaled.jpeg\" alt=\"\" width=\"480\" height=\"211\" srcset=\"https:\/\/www.yucatanencorto.com\/noticias\/wp-content\/uploads\/2021\/09\/image00002-2-scaled.jpeg 768w, https:\/\/www.yucatanencorto.com\/noticias\/wp-content\/uploads\/2021\/09\/image00002-2-696x306.jpeg 696w, https:\/\/www.yucatanencorto.com\/noticias\/wp-content\/uploads\/2021\/09\/image00002-2-1068x469.jpeg 1068w, https:\/\/www.yucatanencorto.com\/noticias\/wp-content\/uploads\/2021\/09\/image00002-2-957x420.jpeg 957w\" sizes=\"auto, (max-width: 480px) 100vw, 480px\" \/><\/p>\n<p>M\u00e9rida Yucat\u00e1n, 17 de septiembre de 2021.- Micro, peque\u00f1as y medianas empresas (Mipymes) yucatecas fueron aceptadas para la edici\u00f3n 2021 de la convocatoria Fit for Partnership with Germany (FFP), a trav\u00e9s de la cual se podr\u00e1n vincular y acceder a capacitaci\u00f3n con est\u00e1ndares internacionales para incursionar en mercados de Alemania y otros pa\u00edses.<\/p>\n<p>&nbsp;<\/p>\n<p>Como parte del impulso que el Gobernador Mauricio Vila Dosal ha otorgado a las Mipymes, el Instituto Yucateco de Emprendedores (IYEM), en coordinaci\u00f3n con la Secretar\u00eda de Econom\u00eda (SE) federal, el Ministerio de Econom\u00eda y Energ\u00eda de la Rep\u00fablica Federal de Alemania y la embajada de dicho pa\u00eds en M\u00e9xico, apoy\u00f3 para que un total de 8 empresas de este tipo de Yucat\u00e1n fueran seleccionadas dentro de las 24 de todo el pa\u00eds que participan en este proyecto.<\/p>\n<p>&nbsp;<\/p>\n<p>El FFP capacita de manera gratuita y con altos est\u00e1ndares internacionales a las Mipymes en habilidades que les permiten incursionar en otros pa\u00edses, as\u00ed como acceder a contactos de negocio directo con compa\u00f1\u00edas alemanas en actividades de manufactura, automotriz, alimentos, salud, industria 4.0, energ\u00eda, manejo de residuos, software, artesan\u00edas, construcci\u00f3n, log\u00edstica y servicios.<\/p>\n<p>&nbsp;<\/p>\n<p>El titular del IYEM, Antonio Gonz\u00e1lez Blanco, indic\u00f3 que participar en este esquema representa para las micro, peque\u00f1as y medianas empresas yucatecas la posibilidad de desarrollar habilidades de gesti\u00f3n \u00fatiles, para conocer, contactar y negociar, de manera virtual, con compa\u00f1\u00edas alemanas interesadas en obtener sus productos y servicios.<\/p>\n<p>&nbsp;<\/p>\n<p>De esta forma, precis\u00f3 el funcionario estatal, estamos contribuyendo directamente al esfuerzo por superar los impactos econ\u00f3micos generados por la pandemia del Coronavirus e impulsando la reactivaci\u00f3n de la econom\u00eda del estado, se conservan los empleos y tambi\u00e9n se abre la posibilidad de que se creen nuevas fuentes de trabajo.<\/p>\n<p>&nbsp;<\/p>\n<p>\u201cPor instrucciones del Gobernador Vila Dosal, nos hemos dado a la tarea de vincular a las personas empresarias y emprendedoras a nuevos mercados, con el objetivo de ampliar su vis\u00f3n y oportunidades de negocio. Es as\u00ed como, con programas nacionales e internacionales, las llevamos de la mano desarrollando alianzas que permitan su crecimiento personal y empresarial\u201d, destac\u00f3 Gonz\u00e1lez Blanco.<\/p>\n<p>&nbsp;<\/p>\n<p>Por su parte, Ana B\u00e1rbara Mungaray, titular de la Unidad de Desarrollo Productivo de la Secretar\u00eda de Econom\u00eda (SE) federal, manifest\u00f3 que la alianza con el Gobierno de Alemania es una excelente oportunidad, no s\u00f3lo para desarrollar sus capacidades de internacionalizaci\u00f3n, sino tambi\u00e9n para que se vinculen y hagan negocios en ese pa\u00eds.<\/p>\n<p>&nbsp;<\/p>\n<p>\u201cPor eso, agradecemos al IYEM la colaboraci\u00f3n en este programa y en otras iniciativas de la Secretar\u00eda de Econom\u00eda. Sin duda, sumando esfuerzos tenemos m\u00e1s y mejores resultados como se ve ahora con la mayor participaci\u00f3n de Yucat\u00e1n en el FFP\u201d, coment\u00f3 la funcionaria federal.<\/p>\n<p>&nbsp;<\/p>\n<p>Cabe mencionar que, en la edici\u00f3n 2021 del FFP unas 39 empresas mexicanas se postularon para la convocatoria, de las cuales 15 fueron yucatecas y, de ellas, 8 fueron seleccionadas en este proyecto internacional, por lo que la participaci\u00f3n del empresariado yucateco en las alianzas internacionales, con el apoyo del Gobierno del Estado, va creciendo.<\/p>\n","protected":false},"excerpt":{"rendered":"<p>&nbsp; M\u00e9rida Yucat\u00e1n, 17 de septiembre de 2021.- Micro, peque\u00f1as y medianas empresas (Mipymes) yucatecas fueron aceptadas para la edici\u00f3n 2021 de la convocatoria Fit for Partnership with Germany (FFP), a trav\u00e9s de la cual se podr\u00e1n vincular y acceder a capacitaci\u00f3n con est\u00e1ndares internacionales para incursionar en mercados de Alemania y otros pa\u00edses. &nbsp; [&hellip;]<\/p>\n","protected":false},"author":2,"featured_media":86268,"comment_status":"closed","ping_status":"closed","sticky":false,"template":"","format":"standard","meta":{"footnotes":""},"categories":[3],"tags":[],"class_list":["post-86267","post","type-post","status-publish","format-standard","has-post-thumbnail","category-yucatan"],"yoast_head":"<!-- This site is optimized with the Yoast SEO plugin v28.3 - https:\/\/yoast.com\/product\/yoast-seo-wordpress\/ -->\n<title>Impulsan a micro, peque\u00f1as y medianas empresas para incursionar en nuevos mercados internacionales - Yucat\u00e1n en corto<\/title>\n<meta name=\"robots\" content=\"index, follow, max-snippet:-1, max-image-preview:large, max-video-preview:-1\" \/>\n<link rel=\"canonical\" href=\"https:\/\/www.yucatanencorto.com\/noticias\/impulsan-a-micro-pequenas-y-medianas-empresas-para-incursionar-en-nuevos-mercados-internacionales\/\" \/>\n<meta property=\"og:locale\" content=\"es_ES\" \/>\n<meta property=\"og:type\" content=\"article\" \/>\n<meta property=\"og:title\" content=\"Impulsan a micro, peque\u00f1as y medianas empresas para incursionar en nuevos mercados internacionales - Yucat\u00e1n en corto\" \/>\n<meta property=\"og:description\" content=\"&nbsp; M\u00e9rida Yucat\u00e1n, 17 de septiembre de 2021.- Micro, peque\u00f1as y medianas empresas (Mipymes) yucatecas fueron aceptadas para la edici\u00f3n 2021 de la convocatoria Fit for Partnership with Germany (FFP), a trav\u00e9s de la cual se podr\u00e1n vincular y acceder a capacitaci\u00f3n con est\u00e1ndares internacionales para incursionar en mercados de Alemania y otros pa\u00edses. &nbsp; [&hellip;]\" \/>\n<meta property=\"og:url\" content=\"https:\/\/www.yucatanencorto.com\/noticias\/impulsan-a-micro-pequenas-y-medianas-empresas-para-incursionar-en-nuevos-mercados-internacionales\/\" \/>\n<meta property=\"og:site_name\" content=\"Yucat\u00e1n en corto\" \/>\n<meta property=\"article:publisher\" content=\"http:\/\/www.facebook.com\/yucatanencorto\" \/>\n<meta property=\"article:published_time\" content=\"2021-09-17T23:29:31+00:00\" \/>\n<meta property=\"og:image\" content=\"https:\/\/www.yucatanencorto.com\/noticias\/wp-content\/uploads\/2021\/09\/image00002-2-scaled.jpeg\" \/>\n\t<meta property=\"og:image:width\" content=\"768\" \/>\n\t<meta property=\"og:image:height\" content=\"337\" \/>\n\t<meta property=\"og:image:type\" content=\"image\/jpeg\" \/>\n<meta name=\"author\" content=\"Yucat\u00e1n en Corto FC\" \/>\n<meta name=\"twitter:card\" content=\"summary_large_image\" \/>\n<meta name=\"twitter:creator\" content=\"@yucatanencorto\" \/>\n<meta name=\"twitter:site\" content=\"@yucatanencorto\" \/>\n<meta name=\"twitter:label1\" content=\"Escrito por\" \/>\n\t<meta name=\"twitter:data1\" content=\"Yucat\u00e1n en Corto FC\" \/>\n\t<meta name=\"twitter:label2\" content=\"Tiempo de lectura\" \/>\n\t<meta name=\"twitter:data2\" content=\"3 minutos\" \/>\n<script type=\"application\/ld+json\" class=\"yoast-schema-graph\">{\"@context\":\"https:\\\/\\\/schema.org\",\"@graph\":[{\"@type\":\"Article\",\"@id\":\"https:\\\/\\\/www.yucatanencorto.com\\\/noticias\\\/impulsan-a-micro-pequenas-y-medianas-empresas-para-incursionar-en-nuevos-mercados-internacionales\\\/#article\",\"isPartOf\":{\"@id\":\"https:\\\/\\\/www.yucatanencorto.com\\\/noticias\\\/impulsan-a-micro-pequenas-y-medianas-empresas-para-incursionar-en-nuevos-mercados-internacionales\\\/\"},\"author\":{\"name\":\"Yucat\u00e1n en Corto FC\",\"@id\":\"https:\\\/\\\/www.yucatanencorto.com\\\/noticias\\\/#\\\/schema\\\/person\\\/14f82d355225a1f4075dd84a31f45a72\"},\"headline\":\"Impulsan a micro, peque\u00f1as y medianas empresas para incursionar en nuevos mercados internacionales\",\"datePublished\":\"2021-09-17T23:29:31+00:00\",\"mainEntityOfPage\":{\"@id\":\"https:\\\/\\\/www.yucatanencorto.com\\\/noticias\\\/impulsan-a-micro-pequenas-y-medianas-empresas-para-incursionar-en-nuevos-mercados-internacionales\\\/\"},\"wordCount\":559,\"publisher\":{\"@id\":\"https:\\\/\\\/www.yucatanencorto.com\\\/noticias\\\/#organization\"},\"image\":{\"@id\":\"https:\\\/\\\/www.yucatanencorto.com\\\/noticias\\\/impulsan-a-micro-pequenas-y-medianas-empresas-para-incursionar-en-nuevos-mercados-internacionales\\\/#primaryimage\"},\"thumbnailUrl\":\"https:\\\/\\\/www.yucatanencorto.com\\\/noticias\\\/wp-content\\\/uploads\\\/2021\\\/09\\\/image00002-2-scaled.jpeg\",\"articleSection\":[\"Yucat\u00e1n\"],\"inLanguage\":\"es\"},{\"@type\":\"WebPage\",\"@id\":\"https:\\\/\\\/www.yucatanencorto.com\\\/noticias\\\/impulsan-a-micro-pequenas-y-medianas-empresas-para-incursionar-en-nuevos-mercados-internacionales\\\/\",\"url\":\"https:\\\/\\\/www.yucatanencorto.com\\\/noticias\\\/impulsan-a-micro-pequenas-y-medianas-empresas-para-incursionar-en-nuevos-mercados-internacionales\\\/\",\"name\":\"Impulsan a micro, peque\u00f1as y medianas empresas para incursionar en nuevos mercados internacionales - Yucat\u00e1n en corto\",\"isPartOf\":{\"@id\":\"https:\\\/\\\/www.yucatanencorto.com\\\/noticias\\\/#website\"},\"primaryImageOfPage\":{\"@id\":\"https:\\\/\\\/www.yucatanencorto.com\\\/noticias\\\/impulsan-a-micro-pequenas-y-medianas-empresas-para-incursionar-en-nuevos-mercados-internacionales\\\/#primaryimage\"},\"image\":{\"@id\":\"https:\\\/\\\/www.yucatanencorto.com\\\/noticias\\\/impulsan-a-micro-pequenas-y-medianas-empresas-para-incursionar-en-nuevos-mercados-internacionales\\\/#primaryimage\"},\"thumbnailUrl\":\"https:\\\/\\\/www.yucatanencorto.com\\\/noticias\\\/wp-content\\\/uploads\\\/2021\\\/09\\\/image00002-2-scaled.jpeg\",\"datePublished\":\"2021-09-17T23:29:31+00:00\",\"breadcrumb\":{\"@id\":\"https:\\\/\\\/www.yucatanencorto.com\\\/noticias\\\/impulsan-a-micro-pequenas-y-medianas-empresas-para-incursionar-en-nuevos-mercados-internacionales\\\/#breadcrumb\"},\"inLanguage\":\"es\",\"potentialAction\":[{\"@type\":\"ReadAction\",\"target\":[\"https:\\\/\\\/www.yucatanencorto.com\\\/noticias\\\/impulsan-a-micro-pequenas-y-medianas-empresas-para-incursionar-en-nuevos-mercados-internacionales\\\/\"]}]},{\"@type\":\"ImageObject\",\"inLanguage\":\"es\",\"@id\":\"https:\\\/\\\/www.yucatanencorto.com\\\/noticias\\\/impulsan-a-micro-pequenas-y-medianas-empresas-para-incursionar-en-nuevos-mercados-internacionales\\\/#primaryimage\",\"url\":\"https:\\\/\\\/www.yucatanencorto.com\\\/noticias\\\/wp-content\\\/uploads\\\/2021\\\/09\\\/image00002-2-scaled.jpeg\",\"contentUrl\":\"https:\\\/\\\/www.yucatanencorto.com\\\/noticias\\\/wp-content\\\/uploads\\\/2021\\\/09\\\/image00002-2-scaled.jpeg\",\"width\":768,\"height\":337},{\"@type\":\"BreadcrumbList\",\"@id\":\"https:\\\/\\\/www.yucatanencorto.com\\\/noticias\\\/impulsan-a-micro-pequenas-y-medianas-empresas-para-incursionar-en-nuevos-mercados-internacionales\\\/#breadcrumb\",\"itemListElement\":[{\"@type\":\"ListItem\",\"position\":1,\"name\":\"Portada\",\"item\":\"https:\\\/\\\/www.yucatanencorto.com\\\/noticias\\\/\"},{\"@type\":\"ListItem\",\"position\":2,\"name\":\"Impulsan a micro, peque\u00f1as y medianas empresas para incursionar en nuevos mercados internacionales\"}]},{\"@type\":\"WebSite\",\"@id\":\"https:\\\/\\\/www.yucatanencorto.com\\\/noticias\\\/#website\",\"url\":\"https:\\\/\\\/www.yucatanencorto.com\\\/noticias\\\/\",\"name\":\"Yucat\u00e1n en corto\",\"description\":\"Noticias\",\"publisher\":{\"@id\":\"https:\\\/\\\/www.yucatanencorto.com\\\/noticias\\\/#organization\"},\"potentialAction\":[{\"@type\":\"SearchAction\",\"target\":{\"@type\":\"EntryPoint\",\"urlTemplate\":\"https:\\\/\\\/www.yucatanencorto.com\\\/noticias\\\/?s={search_term_string}\"},\"query-input\":{\"@type\":\"PropertyValueSpecification\",\"valueRequired\":true,\"valueName\":\"search_term_string\"}}],\"inLanguage\":\"es\"},{\"@type\":\"Organization\",\"@id\":\"https:\\\/\\\/www.yucatanencorto.com\\\/noticias\\\/#organization\",\"name\":\"Yucat\u00e1n en corto\",\"url\":\"https:\\\/\\\/www.yucatanencorto.com\\\/noticias\\\/\",\"logo\":{\"@type\":\"ImageObject\",\"inLanguage\":\"es\",\"@id\":\"https:\\\/\\\/www.yucatanencorto.com\\\/noticias\\\/#\\\/schema\\\/logo\\\/image\\\/\",\"url\":\"https:\\\/\\\/www.yucatanencorto.com\\\/noticias\\\/wp-content\\\/uploads\\\/2026\\\/08\\\/Logo-web.png\",\"contentUrl\":\"https:\\\/\\\/www.yucatanencorto.com\\\/noticias\\\/wp-content\\\/uploads\\\/2026\\\/08\\\/Logo-web.png\",\"width\":272,\"height\":90,\"caption\":\"Yucat\u00e1n en corto\"},\"image\":{\"@id\":\"https:\\\/\\\/www.yucatanencorto.com\\\/noticias\\\/#\\\/schema\\\/logo\\\/image\\\/\"},\"sameAs\":[\"http:\\\/\\\/www.facebook.com\\\/yucatanencorto\",\"https:\\\/\\\/x.com\\\/yucatanencorto\"]},{\"@type\":\"Person\",\"@id\":\"https:\\\/\\\/www.yucatanencorto.com\\\/noticias\\\/#\\\/schema\\\/person\\\/14f82d355225a1f4075dd84a31f45a72\",\"name\":\"Yucat\u00e1n en Corto FC\",\"image\":{\"@type\":\"ImageObject\",\"inLanguage\":\"es\",\"@id\":\"https:\\\/\\\/secure.gravatar.com\\\/avatar\\\/147d4b30cd728c53c29c49a3f7834dedca33707f4cd259761355846009a88250?s=96&d=mm&r=g\",\"url\":\"https:\\\/\\\/secure.gravatar.com\\\/avatar\\\/147d4b30cd728c53c29c49a3f7834dedca33707f4cd259761355846009a88250?s=96&d=mm&r=g\",\"contentUrl\":\"https:\\\/\\\/secure.gravatar.com\\\/avatar\\\/147d4b30cd728c53c29c49a3f7834dedca33707f4cd259761355846009a88250?s=96&d=mm&r=g\",\"caption\":\"Yucat\u00e1n en Corto FC\"},\"url\":\"https:\\\/\\\/www.yucatanencorto.com\\\/noticias\\\/author\\\/flor\\\/\"}]}<\/script>\n<!-- \/ Yoast SEO plugin. -->","yoast_head_json":{"title":"Impulsan a micro, peque\u00f1as y medianas empresas para incursionar en nuevos mercados internacionales - Yucat\u00e1n en corto","robots":{"index":"index","follow":"follow","max-snippet":"max-snippet:-1","max-image-preview":"max-image-preview:large","max-video-preview":"max-video-preview:-1"},"canonical":"https:\/\/www.yucatanencorto.com\/noticias\/impulsan-a-micro-pequenas-y-medianas-empresas-para-incursionar-en-nuevos-mercados-internacionales\/","og_locale":"es_ES","og_type":"article","og_title":"Impulsan a micro, peque\u00f1as y medianas empresas para incursionar en nuevos mercados internacionales - Yucat\u00e1n en corto","og_description":"&nbsp; M\u00e9rida Yucat\u00e1n, 17 de septiembre de 2021.- Micro, peque\u00f1as y medianas empresas (Mipymes) yucatecas fueron aceptadas para la edici\u00f3n 2021 de la convocatoria Fit for Partnership with Germany (FFP), a trav\u00e9s de la cual se podr\u00e1n vincular y acceder a capacitaci\u00f3n con est\u00e1ndares internacionales para incursionar en mercados de Alemania y otros pa\u00edses. &nbsp; [&hellip;]","og_url":"https:\/\/www.yucatanencorto.com\/noticias\/impulsan-a-micro-pequenas-y-medianas-empresas-para-incursionar-en-nuevos-mercados-internacionales\/","og_site_name":"Yucat\u00e1n en corto","article_publisher":"http:\/\/www.facebook.com\/yucatanencorto","article_published_time":"2021-09-17T23:29:31+00:00","og_image":[{"width":768,"height":337,"url":"https:\/\/www.yucatanencorto.com\/noticias\/wp-content\/uploads\/2021\/09\/image00002-2-scaled.jpeg","type":"image\/jpeg"}],"author":"Yucat\u00e1n en Corto FC","twitter_card":"summary_large_image","twitter_creator":"@yucatanencorto","twitter_site":"@yucatanencorto","twitter_misc":{"Escrito por":"Yucat\u00e1n en Corto FC","Tiempo de lectura":"3 minutos"},"schema":{"@context":"https:\/\/schema.org","@graph":[{"@type":"Article","@id":"https:\/\/www.yucatanencorto.com\/noticias\/impulsan-a-micro-pequenas-y-medianas-empresas-para-incursionar-en-nuevos-mercados-internacionales\/#article","isPartOf":{"@id":"https:\/\/www.yucatanencorto.com\/noticias\/impulsan-a-micro-pequenas-y-medianas-empresas-para-incursionar-en-nuevos-mercados-internacionales\/"},"author":{"name":"Yucat\u00e1n en Corto FC","@id":"https:\/\/www.yucatanencorto.com\/noticias\/#\/schema\/person\/14f82d355225a1f4075dd84a31f45a72"},"headline":"Impulsan a micro, peque\u00f1as y medianas empresas para incursionar en nuevos mercados internacionales","datePublished":"2021-09-17T23:29:31+00:00","mainEntityOfPage":{"@id":"https:\/\/www.yucatanencorto.com\/noticias\/impulsan-a-micro-pequenas-y-medianas-empresas-para-incursionar-en-nuevos-mercados-internacionales\/"},"wordCount":559,"publisher":{"@id":"https:\/\/www.yucatanencorto.com\/noticias\/#organization"},"image":{"@id":"https:\/\/www.yucatanencorto.com\/noticias\/impulsan-a-micro-pequenas-y-medianas-empresas-para-incursionar-en-nuevos-mercados-internacionales\/#primaryimage"},"thumbnailUrl":"https:\/\/www.yucatanencorto.com\/noticias\/wp-content\/uploads\/2021\/09\/image00002-2-scaled.jpeg","articleSection":["Yucat\u00e1n"],"inLanguage":"es"},{"@type":"WebPage","@id":"https:\/\/www.yucatanencorto.com\/noticias\/impulsan-a-micro-pequenas-y-medianas-empresas-para-incursionar-en-nuevos-mercados-internacionales\/","url":"https:\/\/www.yucatanencorto.com\/noticias\/impulsan-a-micro-pequenas-y-medianas-empresas-para-incursionar-en-nuevos-mercados-internacionales\/","name":"Impulsan a micro, peque\u00f1as y medianas empresas para incursionar en nuevos mercados internacionales - Yucat\u00e1n en corto","isPartOf":{"@id":"https:\/\/www.yucatanencorto.com\/noticias\/#website"},"primaryImageOfPage":{"@id":"https:\/\/www.yucatanencorto.com\/noticias\/impulsan-a-micro-pequenas-y-medianas-empresas-para-incursionar-en-nuevos-mercados-internacionales\/#primaryimage"},"image":{"@id":"https:\/\/www.yucatanencorto.com\/noticias\/impulsan-a-micro-pequenas-y-medianas-empresas-para-incursionar-en-nuevos-mercados-internacionales\/#primaryimage"},"thumbnailUrl":"https:\/\/www.yucatanencorto.com\/noticias\/wp-content\/uploads\/2021\/09\/image00002-2-scaled.jpeg","datePublished":"2021-09-17T23:29:31+00:00","breadcrumb":{"@id":"https:\/\/www.yucatanencorto.com\/noticias\/impulsan-a-micro-pequenas-y-medianas-empresas-para-incursionar-en-nuevos-mercados-internacionales\/#breadcrumb"},"inLanguage":"es","potentialAction":[{"@type":"ReadAction","target":["https:\/\/www.yucatanencorto.com\/noticias\/impulsan-a-micro-pequenas-y-medianas-empresas-para-incursionar-en-nuevos-mercados-internacionales\/"]}]},{"@type":"ImageObject","inLanguage":"es","@id":"https:\/\/www.yucatanencorto.com\/noticias\/impulsan-a-micro-pequenas-y-medianas-empresas-para-incursionar-en-nuevos-mercados-internacionales\/#primaryimage","url":"https:\/\/www.yucatanencorto.com\/noticias\/wp-content\/uploads\/2021\/09\/image00002-2-scaled.jpeg","contentUrl":"https:\/\/www.yucatanencorto.com\/noticias\/wp-content\/uploads\/2021\/09\/image00002-2-scaled.jpeg","width":768,"height":337},{"@type":"BreadcrumbList","@id":"https:\/\/www.yucatanencorto.com\/noticias\/impulsan-a-micro-pequenas-y-medianas-empresas-para-incursionar-en-nuevos-mercados-internacionales\/#breadcrumb","itemListElement":[{"@type":"ListItem","position":1,"name":"Portada","item":"https:\/\/www.yucatanencorto.com\/noticias\/"},{"@type":"ListItem","position":2,"name":"Impulsan a micro, peque\u00f1as y medianas empresas para incursionar en nuevos mercados internacionales"}]},{"@type":"WebSite","@id":"https:\/\/www.yucatanencorto.com\/noticias\/#website","url":"https:\/\/www.yucatanencorto.com\/noticias\/","name":"Yucat\u00e1n en corto","description":"Noticias","publisher":{"@id":"https:\/\/www.yucatanencorto.com\/noticias\/#organization"},"potentialAction":[{"@type":"SearchAction","target":{"@type":"EntryPoint","urlTemplate":"https:\/\/www.yucatanencorto.com\/noticias\/?s={search_term_string}"},"query-input":{"@type":"PropertyValueSpecification","valueRequired":true,"valueName":"search_term_string"}}],"inLanguage":"es"},{"@type":"Organization","@id":"https:\/\/www.yucatanencorto.com\/noticias\/#organization","name":"Yucat\u00e1n en corto","url":"https:\/\/www.yucatanencorto.com\/noticias\/","logo":{"@type":"ImageObject","inLanguage":"es","@id":"https:\/\/www.yucatanencorto.com\/noticias\/#\/schema\/logo\/image\/","url":"https:\/\/www.yucatanencorto.com\/noticias\/wp-content\/uploads\/2026\/08\/Logo-web.png","contentUrl":"https:\/\/www.yucatanencorto.com\/noticias\/wp-content\/uploads\/2026\/08\/Logo-web.png","width":272,"height":90,"caption":"Yucat\u00e1n en corto"},"image":{"@id":"https:\/\/www.yucatanencorto.com\/noticias\/#\/schema\/logo\/image\/"},"sameAs":["http:\/\/www.facebook.com\/yucatanencorto","https:\/\/x.com\/yucatanencorto"]},{"@type":"Person","@id":"https:\/\/www.yucatanencorto.com\/noticias\/#\/schema\/person\/14f82d355225a1f4075dd84a31f45a72","name":"Yucat\u00e1n en Corto FC","image":{"@type":"ImageObject","inLanguage":"es","@id":"https:\/\/secure.gravatar.com\/avatar\/147d4b30cd728c53c29c49a3f7834dedca33707f4cd259761355846009a88250?s=96&d=mm&r=g","url":"https:\/\/secure.gravatar.com\/avatar\/147d4b30cd728c53c29c49a3f7834dedca33707f4cd259761355846009a88250?s=96&d=mm&r=g","contentUrl":"https:\/\/secure.gravatar.com\/avatar\/147d4b30cd728c53c29c49a3f7834dedca33707f4cd259761355846009a88250?s=96&d=mm&r=g","caption":"Yucat\u00e1n en Corto FC"},"url":"https:\/\/www.yucatanencorto.com\/noticias\/author\/flor\/"}]}},"_links":{"self":[{"href":"https:\/\/www.yucatanencorto.com\/noticias\/wp-json\/wp\/v2\/posts\/86267","targetHints":{"allow":["GET"]}}],"collection":[{"href":"https:\/\/www.yucatanencorto.com\/noticias\/wp-json\/wp\/v2\/posts"}],"about":[{"href":"https:\/\/www.yucatanencorto.com\/noticias\/wp-json\/wp\/v2\/types\/post"}],"author":[{"embeddable":true,"href":"https:\/\/www.yucatanencorto.com\/noticias\/wp-json\/wp\/v2\/users\/2"}],"replies":[{"embeddable":true,"href":"https:\/\/www.yucatanencorto.com\/noticias\/wp-json\/wp\/v2\/comments?post=86267"}],"version-history":[{"count":0,"href":"https:\/\/www.yucatanencorto.com\/noticias\/wp-json\/wp\/v2\/posts\/86267\/revisions"}],"wp:featuredmedia":[{"embeddable":true,"href":"https:\/\/www.yucatanencorto.com\/noticias\/wp-json\/wp\/v2\/media\/86268"}],"wp:attachment":[{"href":"https:\/\/www.yucatanencorto.com\/noticias\/wp-json\/wp\/v2\/media?parent=86267"}],"wp:term":[{"taxonomy":"category","embeddable":true,"href":"https:\/\/www.yucatanencorto.com\/noticias\/wp-json\/wp\/v2\/categories?post=86267"},{"taxonomy":"post_tag","embeddable":true,"href":"https:\/\/www.yucatanencorto.com\/noticias\/wp-json\/wp\/v2\/tags?post=86267"}],"curies":[{"name":"wp","href":"https:\/\/api.w.org\/{rel}","templated":true}]}}