{"id":86779,"date":"2021-10-14T08:54:36","date_gmt":"2021-10-14T13:54:36","guid":{"rendered":"https:\/\/www.yucatanencorto.com\/noticias\/?p=86779"},"modified":"2021-10-14T08:54:36","modified_gmt":"2021-10-14T13:54:36","slug":"lo-que-queriamos-era-becarlo-carlos-munoz-se-disculpa-con-el-mesero-que-humillo-le-ofrece-beca","status":"publish","type":"post","link":"https:\/\/www.yucatanencorto.com\/noticias\/lo-que-queriamos-era-becarlo-carlos-munoz-se-disculpa-con-el-mesero-que-humillo-le-ofrece-beca\/","title":{"rendered":"\u00abLo que quer\u00edamos era becarlo\u00bb: Carlos Mu\u00f1oz se &#8216;disculpa&#8217; con el mesero que humill\u00f3; le ofrece beca"},"content":{"rendered":"<p><img loading=\"lazy\" decoding=\"async\" class=\"aligncenter wp-image-86780\" src=\"https:\/\/www.yucatanencorto.com\/noticias\/wp-content\/uploads\/2021\/10\/carlos-munoz-mesero-scaled.jpg\" alt=\"\" width=\"450\" height=\"253\" srcset=\"https:\/\/www.yucatanencorto.com\/noticias\/wp-content\/uploads\/2021\/10\/carlos-munoz-mesero-scaled.jpg 768w, https:\/\/www.yucatanencorto.com\/noticias\/wp-content\/uploads\/2021\/10\/carlos-munoz-mesero-1536x864.jpg 1536w, https:\/\/www.yucatanencorto.com\/noticias\/wp-content\/uploads\/2021\/10\/carlos-munoz-mesero-696x392.jpg 696w, https:\/\/www.yucatanencorto.com\/noticias\/wp-content\/uploads\/2021\/10\/carlos-munoz-mesero-1068x601.jpg 1068w, https:\/\/www.yucatanencorto.com\/noticias\/wp-content\/uploads\/2021\/10\/carlos-munoz-mesero-747x420.jpg 747w\" sizes=\"auto, (max-width: 450px) 100vw, 450px\" \/><\/p>\n<p>El influencer Carlos Mu\u00f1oz est\u00e1 en el centro de la pol\u00e9mica &#8211; y siendo tendencia en redes sociales &#8211; luego de que se viraliz\u00f3 un video, grabado en una de sus conferencias de coaching empresarial, donde humill\u00f3 a un mesero.<\/p>\n<p>Ante esta situaci\u00f3n, el youtuber empresarial public\u00f3 este mi\u00e9rcoles varias historias en Instagram para pedir &#8216;perd\u00f3n&#8217; por su actitud, aunque reconoci\u00f3 que su estilo es \u00abagresivo, negativo o hasta insultante\u00bb.<\/p>\n<p>\u00abAlgunos de ustedes me han estado mandando el video donde confronto a un mesero y quer\u00eda tener la oportunidad de responder personalmente: mi estilo de comunicaci\u00f3n, de origen, siempre ha sido agresivo, ha sido fuerte y lo hemos utilizado con ganas de impactar y buscar el crecimiento de la mayor cantidad de personas\u00bb, dijo al principio de su disculpa.<\/p>\n<p>Aunque luego se\u00f1al\u00f3 que en ocasiones ese estilo, \u00aby sobre todo sacado de contexto, puede resultar agresivo, negativo o hasta insultante. Ofrezco una disculpa por ese video en particular para todos aquellos que se hayan sentido ofendidos por mi lenguaje\u00bb.<\/p>\n<p>Por \u00faltimo, Mu\u00f1oz extern\u00f3 que \u00abquiero sumarme a todos ustedes para ofrecer y seguir ofreciendo el apoyo de cualquier persona que busque el crecimiento, porque eso es lo que estamos buscando: que las personas que quieran crecer encuentren en el emprendimiento una plataforma para no detenerse\u00bb.<\/p>\n<p>El influencer y empresario Carlos Mu\u00f1oz se volvi\u00f3 tendencia en Twitter luego de que se difundi\u00f3 un video donde, durante una de sus conferencias, humill\u00f3 a un mesero al se\u00f1alar que ejerc\u00eda esa profesi\u00f3n porque \u00abno tiene el hambre\u00bb.<\/p>\n<p>\u00abEl g\u00fcey que est\u00e1 ah\u00ed parado y que est\u00e1 trabajando hoy aqu\u00ed, que le agradezco mucho su trabajo, est\u00e1 ah\u00ed no est\u00e1 aqu\u00ed sentado porque no tiene el hambre\u00bb, dijo el coach empresarial en dicha grabaci\u00f3n, lo que provoc\u00f3 la indignaci\u00f3n de los internautas.<\/p>\n","protected":false},"excerpt":{"rendered":"<p>El influencer Carlos Mu\u00f1oz est\u00e1 en el centro de la pol\u00e9mica &#8211; y siendo tendencia en redes sociales &#8211; luego de que se viraliz\u00f3 un video, grabado en una de sus conferencias de coaching empresarial, donde humill\u00f3 a un mesero. Ante esta situaci\u00f3n, el youtuber empresarial public\u00f3 este mi\u00e9rcoles varias historias en Instagram para pedir [&hellip;]<\/p>\n","protected":false},"author":2,"featured_media":86780,"comment_status":"closed","ping_status":"closed","sticky":false,"template":"","format":"standard","meta":{"footnotes":""},"categories":[8908],"tags":[],"class_list":["post-86779","post","type-post","status-publish","format-standard","has-post-thumbnail","category-viral-y-asombroso"],"yoast_head":"<!-- This site is optimized with the Yoast SEO plugin v28.3 - https:\/\/yoast.com\/product\/yoast-seo-wordpress\/ -->\n<title>&quot;Lo que quer\u00edamos era becarlo&quot;: Carlos Mu\u00f1oz se &#039;disculpa&#039; con el mesero que humill\u00f3; le ofrece beca - Yucat\u00e1n en corto<\/title>\n<meta name=\"robots\" content=\"index, follow, max-snippet:-1, max-image-preview:large, max-video-preview:-1\" \/>\n<link rel=\"canonical\" href=\"https:\/\/www.yucatanencorto.com\/noticias\/lo-que-queriamos-era-becarlo-carlos-munoz-se-disculpa-con-el-mesero-que-humillo-le-ofrece-beca\/\" \/>\n<meta property=\"og:locale\" content=\"es_ES\" \/>\n<meta property=\"og:type\" content=\"article\" \/>\n<meta property=\"og:title\" content=\"&quot;Lo que quer\u00edamos era becarlo&quot;: Carlos Mu\u00f1oz se &#039;disculpa&#039; con el mesero que humill\u00f3; le ofrece beca - Yucat\u00e1n en corto\" \/>\n<meta property=\"og:description\" content=\"El influencer Carlos Mu\u00f1oz est\u00e1 en el centro de la pol\u00e9mica &#8211; y siendo tendencia en redes sociales &#8211; luego de que se viraliz\u00f3 un video, grabado en una de sus conferencias de coaching empresarial, donde humill\u00f3 a un mesero. Ante esta situaci\u00f3n, el youtuber empresarial public\u00f3 este mi\u00e9rcoles varias historias en Instagram para pedir [&hellip;]\" \/>\n<meta property=\"og:url\" content=\"https:\/\/www.yucatanencorto.com\/noticias\/lo-que-queriamos-era-becarlo-carlos-munoz-se-disculpa-con-el-mesero-que-humillo-le-ofrece-beca\/\" \/>\n<meta property=\"og:site_name\" content=\"Yucat\u00e1n en corto\" \/>\n<meta property=\"article:publisher\" content=\"http:\/\/www.facebook.com\/yucatanencorto\" \/>\n<meta property=\"article:published_time\" content=\"2021-10-14T13:54:36+00:00\" \/>\n<meta property=\"og:image\" content=\"https:\/\/www.yucatanencorto.com\/noticias\/wp-content\/uploads\/2021\/10\/carlos-munoz-mesero-scaled.jpg\" \/>\n\t<meta property=\"og:image:width\" content=\"768\" \/>\n\t<meta property=\"og:image:height\" content=\"432\" \/>\n\t<meta property=\"og:image:type\" content=\"image\/jpeg\" \/>\n<meta name=\"author\" content=\"Yucat\u00e1n en Corto FC\" \/>\n<meta name=\"twitter:card\" content=\"summary_large_image\" \/>\n<meta name=\"twitter:creator\" content=\"@yucatanencorto\" \/>\n<meta name=\"twitter:site\" content=\"@yucatanencorto\" \/>\n<meta name=\"twitter:label1\" content=\"Escrito por\" \/>\n\t<meta name=\"twitter:data1\" content=\"Yucat\u00e1n en Corto FC\" \/>\n\t<meta name=\"twitter:label2\" content=\"Tiempo de lectura\" \/>\n\t<meta name=\"twitter:data2\" content=\"2 minutos\" \/>\n<script type=\"application\/ld+json\" class=\"yoast-schema-graph\">{\"@context\":\"https:\\\/\\\/schema.org\",\"@graph\":[{\"@type\":\"Article\",\"@id\":\"https:\\\/\\\/www.yucatanencorto.com\\\/noticias\\\/lo-que-queriamos-era-becarlo-carlos-munoz-se-disculpa-con-el-mesero-que-humillo-le-ofrece-beca\\\/#article\",\"isPartOf\":{\"@id\":\"https:\\\/\\\/www.yucatanencorto.com\\\/noticias\\\/lo-que-queriamos-era-becarlo-carlos-munoz-se-disculpa-con-el-mesero-que-humillo-le-ofrece-beca\\\/\"},\"author\":{\"name\":\"Yucat\u00e1n en Corto FC\",\"@id\":\"https:\\\/\\\/www.yucatanencorto.com\\\/noticias\\\/#\\\/schema\\\/person\\\/14f82d355225a1f4075dd84a31f45a72\"},\"headline\":\"\u00abLo que quer\u00edamos era becarlo\u00bb: Carlos Mu\u00f1oz se &#8216;disculpa&#8217; con el mesero que humill\u00f3; le ofrece beca\",\"datePublished\":\"2021-10-14T13:54:36+00:00\",\"mainEntityOfPage\":{\"@id\":\"https:\\\/\\\/www.yucatanencorto.com\\\/noticias\\\/lo-que-queriamos-era-becarlo-carlos-munoz-se-disculpa-con-el-mesero-que-humillo-le-ofrece-beca\\\/\"},\"wordCount\":333,\"publisher\":{\"@id\":\"https:\\\/\\\/www.yucatanencorto.com\\\/noticias\\\/#organization\"},\"image\":{\"@id\":\"https:\\\/\\\/www.yucatanencorto.com\\\/noticias\\\/lo-que-queriamos-era-becarlo-carlos-munoz-se-disculpa-con-el-mesero-que-humillo-le-ofrece-beca\\\/#primaryimage\"},\"thumbnailUrl\":\"https:\\\/\\\/www.yucatanencorto.com\\\/noticias\\\/wp-content\\\/uploads\\\/2021\\\/10\\\/carlos-munoz-mesero-scaled.jpg\",\"articleSection\":[\"Viral y Asombroso\"],\"inLanguage\":\"es\"},{\"@type\":\"WebPage\",\"@id\":\"https:\\\/\\\/www.yucatanencorto.com\\\/noticias\\\/lo-que-queriamos-era-becarlo-carlos-munoz-se-disculpa-con-el-mesero-que-humillo-le-ofrece-beca\\\/\",\"url\":\"https:\\\/\\\/www.yucatanencorto.com\\\/noticias\\\/lo-que-queriamos-era-becarlo-carlos-munoz-se-disculpa-con-el-mesero-que-humillo-le-ofrece-beca\\\/\",\"name\":\"\\\"Lo que quer\u00edamos era becarlo\\\": Carlos Mu\u00f1oz se 'disculpa' con el mesero que humill\u00f3; le ofrece beca - Yucat\u00e1n en corto\",\"isPartOf\":{\"@id\":\"https:\\\/\\\/www.yucatanencorto.com\\\/noticias\\\/#website\"},\"primaryImageOfPage\":{\"@id\":\"https:\\\/\\\/www.yucatanencorto.com\\\/noticias\\\/lo-que-queriamos-era-becarlo-carlos-munoz-se-disculpa-con-el-mesero-que-humillo-le-ofrece-beca\\\/#primaryimage\"},\"image\":{\"@id\":\"https:\\\/\\\/www.yucatanencorto.com\\\/noticias\\\/lo-que-queriamos-era-becarlo-carlos-munoz-se-disculpa-con-el-mesero-que-humillo-le-ofrece-beca\\\/#primaryimage\"},\"thumbnailUrl\":\"https:\\\/\\\/www.yucatanencorto.com\\\/noticias\\\/wp-content\\\/uploads\\\/2021\\\/10\\\/carlos-munoz-mesero-scaled.jpg\",\"datePublished\":\"2021-10-14T13:54:36+00:00\",\"breadcrumb\":{\"@id\":\"https:\\\/\\\/www.yucatanencorto.com\\\/noticias\\\/lo-que-queriamos-era-becarlo-carlos-munoz-se-disculpa-con-el-mesero-que-humillo-le-ofrece-beca\\\/#breadcrumb\"},\"inLanguage\":\"es\",\"potentialAction\":[{\"@type\":\"ReadAction\",\"target\":[\"https:\\\/\\\/www.yucatanencorto.com\\\/noticias\\\/lo-que-queriamos-era-becarlo-carlos-munoz-se-disculpa-con-el-mesero-que-humillo-le-ofrece-beca\\\/\"]}]},{\"@type\":\"ImageObject\",\"inLanguage\":\"es\",\"@id\":\"https:\\\/\\\/www.yucatanencorto.com\\\/noticias\\\/lo-que-queriamos-era-becarlo-carlos-munoz-se-disculpa-con-el-mesero-que-humillo-le-ofrece-beca\\\/#primaryimage\",\"url\":\"https:\\\/\\\/www.yucatanencorto.com\\\/noticias\\\/wp-content\\\/uploads\\\/2021\\\/10\\\/carlos-munoz-mesero-scaled.jpg\",\"contentUrl\":\"https:\\\/\\\/www.yucatanencorto.com\\\/noticias\\\/wp-content\\\/uploads\\\/2021\\\/10\\\/carlos-munoz-mesero-scaled.jpg\",\"width\":768,\"height\":432},{\"@type\":\"BreadcrumbList\",\"@id\":\"https:\\\/\\\/www.yucatanencorto.com\\\/noticias\\\/lo-que-queriamos-era-becarlo-carlos-munoz-se-disculpa-con-el-mesero-que-humillo-le-ofrece-beca\\\/#breadcrumb\",\"itemListElement\":[{\"@type\":\"ListItem\",\"position\":1,\"name\":\"Portada\",\"item\":\"https:\\\/\\\/www.yucatanencorto.com\\\/noticias\\\/\"},{\"@type\":\"ListItem\",\"position\":2,\"name\":\"\u00abLo que quer\u00edamos era becarlo\u00bb: Carlos Mu\u00f1oz se &#8216;disculpa&#8217; con el mesero que humill\u00f3; le ofrece beca\"}]},{\"@type\":\"WebSite\",\"@id\":\"https:\\\/\\\/www.yucatanencorto.com\\\/noticias\\\/#website\",\"url\":\"https:\\\/\\\/www.yucatanencorto.com\\\/noticias\\\/\",\"name\":\"Yucat\u00e1n en corto\",\"description\":\"Noticias\",\"publisher\":{\"@id\":\"https:\\\/\\\/www.yucatanencorto.com\\\/noticias\\\/#organization\"},\"potentialAction\":[{\"@type\":\"SearchAction\",\"target\":{\"@type\":\"EntryPoint\",\"urlTemplate\":\"https:\\\/\\\/www.yucatanencorto.com\\\/noticias\\\/?s={search_term_string}\"},\"query-input\":{\"@type\":\"PropertyValueSpecification\",\"valueRequired\":true,\"valueName\":\"search_term_string\"}}],\"inLanguage\":\"es\"},{\"@type\":\"Organization\",\"@id\":\"https:\\\/\\\/www.yucatanencorto.com\\\/noticias\\\/#organization\",\"name\":\"Yucat\u00e1n en corto\",\"url\":\"https:\\\/\\\/www.yucatanencorto.com\\\/noticias\\\/\",\"logo\":{\"@type\":\"ImageObject\",\"inLanguage\":\"es\",\"@id\":\"https:\\\/\\\/www.yucatanencorto.com\\\/noticias\\\/#\\\/schema\\\/logo\\\/image\\\/\",\"url\":\"https:\\\/\\\/www.yucatanencorto.com\\\/noticias\\\/wp-content\\\/uploads\\\/2026\\\/08\\\/Logo-web.png\",\"contentUrl\":\"https:\\\/\\\/www.yucatanencorto.com\\\/noticias\\\/wp-content\\\/uploads\\\/2026\\\/08\\\/Logo-web.png\",\"width\":272,\"height\":90,\"caption\":\"Yucat\u00e1n en corto\"},\"image\":{\"@id\":\"https:\\\/\\\/www.yucatanencorto.com\\\/noticias\\\/#\\\/schema\\\/logo\\\/image\\\/\"},\"sameAs\":[\"http:\\\/\\\/www.facebook.com\\\/yucatanencorto\",\"https:\\\/\\\/x.com\\\/yucatanencorto\"]},{\"@type\":\"Person\",\"@id\":\"https:\\\/\\\/www.yucatanencorto.com\\\/noticias\\\/#\\\/schema\\\/person\\\/14f82d355225a1f4075dd84a31f45a72\",\"name\":\"Yucat\u00e1n en Corto FC\",\"image\":{\"@type\":\"ImageObject\",\"inLanguage\":\"es\",\"@id\":\"https:\\\/\\\/secure.gravatar.com\\\/avatar\\\/147d4b30cd728c53c29c49a3f7834dedca33707f4cd259761355846009a88250?s=96&d=mm&r=g\",\"url\":\"https:\\\/\\\/secure.gravatar.com\\\/avatar\\\/147d4b30cd728c53c29c49a3f7834dedca33707f4cd259761355846009a88250?s=96&d=mm&r=g\",\"contentUrl\":\"https:\\\/\\\/secure.gravatar.com\\\/avatar\\\/147d4b30cd728c53c29c49a3f7834dedca33707f4cd259761355846009a88250?s=96&d=mm&r=g\",\"caption\":\"Yucat\u00e1n en Corto FC\"},\"url\":\"https:\\\/\\\/www.yucatanencorto.com\\\/noticias\\\/author\\\/flor\\\/\"}]}<\/script>\n<!-- \/ Yoast SEO plugin. -->","yoast_head_json":{"title":"\"Lo que quer\u00edamos era becarlo\": Carlos Mu\u00f1oz se 'disculpa' con el mesero que humill\u00f3; le ofrece beca - Yucat\u00e1n en corto","robots":{"index":"index","follow":"follow","max-snippet":"max-snippet:-1","max-image-preview":"max-image-preview:large","max-video-preview":"max-video-preview:-1"},"canonical":"https:\/\/www.yucatanencorto.com\/noticias\/lo-que-queriamos-era-becarlo-carlos-munoz-se-disculpa-con-el-mesero-que-humillo-le-ofrece-beca\/","og_locale":"es_ES","og_type":"article","og_title":"\"Lo que quer\u00edamos era becarlo\": Carlos Mu\u00f1oz se 'disculpa' con el mesero que humill\u00f3; le ofrece beca - Yucat\u00e1n en corto","og_description":"El influencer Carlos Mu\u00f1oz est\u00e1 en el centro de la pol\u00e9mica &#8211; y siendo tendencia en redes sociales &#8211; luego de que se viraliz\u00f3 un video, grabado en una de sus conferencias de coaching empresarial, donde humill\u00f3 a un mesero. Ante esta situaci\u00f3n, el youtuber empresarial public\u00f3 este mi\u00e9rcoles varias historias en Instagram para pedir [&hellip;]","og_url":"https:\/\/www.yucatanencorto.com\/noticias\/lo-que-queriamos-era-becarlo-carlos-munoz-se-disculpa-con-el-mesero-que-humillo-le-ofrece-beca\/","og_site_name":"Yucat\u00e1n en corto","article_publisher":"http:\/\/www.facebook.com\/yucatanencorto","article_published_time":"2021-10-14T13:54:36+00:00","og_image":[{"width":768,"height":432,"url":"https:\/\/www.yucatanencorto.com\/noticias\/wp-content\/uploads\/2021\/10\/carlos-munoz-mesero-scaled.jpg","type":"image\/jpeg"}],"author":"Yucat\u00e1n en Corto FC","twitter_card":"summary_large_image","twitter_creator":"@yucatanencorto","twitter_site":"@yucatanencorto","twitter_misc":{"Escrito por":"Yucat\u00e1n en Corto FC","Tiempo de lectura":"2 minutos"},"schema":{"@context":"https:\/\/schema.org","@graph":[{"@type":"Article","@id":"https:\/\/www.yucatanencorto.com\/noticias\/lo-que-queriamos-era-becarlo-carlos-munoz-se-disculpa-con-el-mesero-que-humillo-le-ofrece-beca\/#article","isPartOf":{"@id":"https:\/\/www.yucatanencorto.com\/noticias\/lo-que-queriamos-era-becarlo-carlos-munoz-se-disculpa-con-el-mesero-que-humillo-le-ofrece-beca\/"},"author":{"name":"Yucat\u00e1n en Corto FC","@id":"https:\/\/www.yucatanencorto.com\/noticias\/#\/schema\/person\/14f82d355225a1f4075dd84a31f45a72"},"headline":"\u00abLo que quer\u00edamos era becarlo\u00bb: Carlos Mu\u00f1oz se &#8216;disculpa&#8217; con el mesero que humill\u00f3; le ofrece beca","datePublished":"2021-10-14T13:54:36+00:00","mainEntityOfPage":{"@id":"https:\/\/www.yucatanencorto.com\/noticias\/lo-que-queriamos-era-becarlo-carlos-munoz-se-disculpa-con-el-mesero-que-humillo-le-ofrece-beca\/"},"wordCount":333,"publisher":{"@id":"https:\/\/www.yucatanencorto.com\/noticias\/#organization"},"image":{"@id":"https:\/\/www.yucatanencorto.com\/noticias\/lo-que-queriamos-era-becarlo-carlos-munoz-se-disculpa-con-el-mesero-que-humillo-le-ofrece-beca\/#primaryimage"},"thumbnailUrl":"https:\/\/www.yucatanencorto.com\/noticias\/wp-content\/uploads\/2021\/10\/carlos-munoz-mesero-scaled.jpg","articleSection":["Viral y Asombroso"],"inLanguage":"es"},{"@type":"WebPage","@id":"https:\/\/www.yucatanencorto.com\/noticias\/lo-que-queriamos-era-becarlo-carlos-munoz-se-disculpa-con-el-mesero-que-humillo-le-ofrece-beca\/","url":"https:\/\/www.yucatanencorto.com\/noticias\/lo-que-queriamos-era-becarlo-carlos-munoz-se-disculpa-con-el-mesero-que-humillo-le-ofrece-beca\/","name":"\"Lo que quer\u00edamos era becarlo\": Carlos Mu\u00f1oz se 'disculpa' con el mesero que humill\u00f3; le ofrece beca - Yucat\u00e1n en corto","isPartOf":{"@id":"https:\/\/www.yucatanencorto.com\/noticias\/#website"},"primaryImageOfPage":{"@id":"https:\/\/www.yucatanencorto.com\/noticias\/lo-que-queriamos-era-becarlo-carlos-munoz-se-disculpa-con-el-mesero-que-humillo-le-ofrece-beca\/#primaryimage"},"image":{"@id":"https:\/\/www.yucatanencorto.com\/noticias\/lo-que-queriamos-era-becarlo-carlos-munoz-se-disculpa-con-el-mesero-que-humillo-le-ofrece-beca\/#primaryimage"},"thumbnailUrl":"https:\/\/www.yucatanencorto.com\/noticias\/wp-content\/uploads\/2021\/10\/carlos-munoz-mesero-scaled.jpg","datePublished":"2021-10-14T13:54:36+00:00","breadcrumb":{"@id":"https:\/\/www.yucatanencorto.com\/noticias\/lo-que-queriamos-era-becarlo-carlos-munoz-se-disculpa-con-el-mesero-que-humillo-le-ofrece-beca\/#breadcrumb"},"inLanguage":"es","potentialAction":[{"@type":"ReadAction","target":["https:\/\/www.yucatanencorto.com\/noticias\/lo-que-queriamos-era-becarlo-carlos-munoz-se-disculpa-con-el-mesero-que-humillo-le-ofrece-beca\/"]}]},{"@type":"ImageObject","inLanguage":"es","@id":"https:\/\/www.yucatanencorto.com\/noticias\/lo-que-queriamos-era-becarlo-carlos-munoz-se-disculpa-con-el-mesero-que-humillo-le-ofrece-beca\/#primaryimage","url":"https:\/\/www.yucatanencorto.com\/noticias\/wp-content\/uploads\/2021\/10\/carlos-munoz-mesero-scaled.jpg","contentUrl":"https:\/\/www.yucatanencorto.com\/noticias\/wp-content\/uploads\/2021\/10\/carlos-munoz-mesero-scaled.jpg","width":768,"height":432},{"@type":"BreadcrumbList","@id":"https:\/\/www.yucatanencorto.com\/noticias\/lo-que-queriamos-era-becarlo-carlos-munoz-se-disculpa-con-el-mesero-que-humillo-le-ofrece-beca\/#breadcrumb","itemListElement":[{"@type":"ListItem","position":1,"name":"Portada","item":"https:\/\/www.yucatanencorto.com\/noticias\/"},{"@type":"ListItem","position":2,"name":"\u00abLo que quer\u00edamos era becarlo\u00bb: Carlos Mu\u00f1oz se &#8216;disculpa&#8217; con el mesero que humill\u00f3; le ofrece beca"}]},{"@type":"WebSite","@id":"https:\/\/www.yucatanencorto.com\/noticias\/#website","url":"https:\/\/www.yucatanencorto.com\/noticias\/","name":"Yucat\u00e1n en corto","description":"Noticias","publisher":{"@id":"https:\/\/www.yucatanencorto.com\/noticias\/#organization"},"potentialAction":[{"@type":"SearchAction","target":{"@type":"EntryPoint","urlTemplate":"https:\/\/www.yucatanencorto.com\/noticias\/?s={search_term_string}"},"query-input":{"@type":"PropertyValueSpecification","valueRequired":true,"valueName":"search_term_string"}}],"inLanguage":"es"},{"@type":"Organization","@id":"https:\/\/www.yucatanencorto.com\/noticias\/#organization","name":"Yucat\u00e1n en corto","url":"https:\/\/www.yucatanencorto.com\/noticias\/","logo":{"@type":"ImageObject","inLanguage":"es","@id":"https:\/\/www.yucatanencorto.com\/noticias\/#\/schema\/logo\/image\/","url":"https:\/\/www.yucatanencorto.com\/noticias\/wp-content\/uploads\/2026\/08\/Logo-web.png","contentUrl":"https:\/\/www.yucatanencorto.com\/noticias\/wp-content\/uploads\/2026\/08\/Logo-web.png","width":272,"height":90,"caption":"Yucat\u00e1n en corto"},"image":{"@id":"https:\/\/www.yucatanencorto.com\/noticias\/#\/schema\/logo\/image\/"},"sameAs":["http:\/\/www.facebook.com\/yucatanencorto","https:\/\/x.com\/yucatanencorto"]},{"@type":"Person","@id":"https:\/\/www.yucatanencorto.com\/noticias\/#\/schema\/person\/14f82d355225a1f4075dd84a31f45a72","name":"Yucat\u00e1n en Corto FC","image":{"@type":"ImageObject","inLanguage":"es","@id":"https:\/\/secure.gravatar.com\/avatar\/147d4b30cd728c53c29c49a3f7834dedca33707f4cd259761355846009a88250?s=96&d=mm&r=g","url":"https:\/\/secure.gravatar.com\/avatar\/147d4b30cd728c53c29c49a3f7834dedca33707f4cd259761355846009a88250?s=96&d=mm&r=g","contentUrl":"https:\/\/secure.gravatar.com\/avatar\/147d4b30cd728c53c29c49a3f7834dedca33707f4cd259761355846009a88250?s=96&d=mm&r=g","caption":"Yucat\u00e1n en Corto FC"},"url":"https:\/\/www.yucatanencorto.com\/noticias\/author\/flor\/"}]}},"_links":{"self":[{"href":"https:\/\/www.yucatanencorto.com\/noticias\/wp-json\/wp\/v2\/posts\/86779","targetHints":{"allow":["GET"]}}],"collection":[{"href":"https:\/\/www.yucatanencorto.com\/noticias\/wp-json\/wp\/v2\/posts"}],"about":[{"href":"https:\/\/www.yucatanencorto.com\/noticias\/wp-json\/wp\/v2\/types\/post"}],"author":[{"embeddable":true,"href":"https:\/\/www.yucatanencorto.com\/noticias\/wp-json\/wp\/v2\/users\/2"}],"replies":[{"embeddable":true,"href":"https:\/\/www.yucatanencorto.com\/noticias\/wp-json\/wp\/v2\/comments?post=86779"}],"version-history":[{"count":0,"href":"https:\/\/www.yucatanencorto.com\/noticias\/wp-json\/wp\/v2\/posts\/86779\/revisions"}],"wp:featuredmedia":[{"embeddable":true,"href":"https:\/\/www.yucatanencorto.com\/noticias\/wp-json\/wp\/v2\/media\/86780"}],"wp:attachment":[{"href":"https:\/\/www.yucatanencorto.com\/noticias\/wp-json\/wp\/v2\/media?parent=86779"}],"wp:term":[{"taxonomy":"category","embeddable":true,"href":"https:\/\/www.yucatanencorto.com\/noticias\/wp-json\/wp\/v2\/categories?post=86779"},{"taxonomy":"post_tag","embeddable":true,"href":"https:\/\/www.yucatanencorto.com\/noticias\/wp-json\/wp\/v2\/tags?post=86779"}],"curies":[{"name":"wp","href":"https:\/\/api.w.org\/{rel}","templated":true}]}}