{"id":86783,"date":"2021-10-14T09:40:46","date_gmt":"2021-10-14T14:40:46","guid":{"rendered":"https:\/\/www.yucatanencorto.com\/noticias\/?p=86783"},"modified":"2021-10-14T09:53:26","modified_gmt":"2021-10-14T14:53:26","slug":"comenzo-la-fiesta-de-las-artes-el-otono-cultural-2021","status":"publish","type":"post","link":"https:\/\/www.yucatanencorto.com\/noticias\/comenzo-la-fiesta-de-las-artes-el-otono-cultural-2021\/","title":{"rendered":"Comenz\u00f3 la fiesta de las artes: el Oto\u00f1o Cultural 2021"},"content":{"rendered":"<p><img loading=\"lazy\" decoding=\"async\" class=\"alignnone size-full wp-image-86784\" src=\"https:\/\/www.yucatanencorto.com\/noticias\/wp-content\/uploads\/2021\/10\/WhatsApp-Image-2021-10-14-at-9.33.11-AM-scaled.jpeg\" alt=\"\" width=\"768\" height=\"512\" srcset=\"https:\/\/www.yucatanencorto.com\/noticias\/wp-content\/uploads\/2021\/10\/WhatsApp-Image-2021-10-14-at-9.33.11-AM-scaled.jpeg 768w, https:\/\/www.yucatanencorto.com\/noticias\/wp-content\/uploads\/2021\/10\/WhatsApp-Image-2021-10-14-at-9.33.11-AM-696x464.jpeg 696w, https:\/\/www.yucatanencorto.com\/noticias\/wp-content\/uploads\/2021\/10\/WhatsApp-Image-2021-10-14-at-9.33.11-AM-1068x712.jpeg 1068w, https:\/\/www.yucatanencorto.com\/noticias\/wp-content\/uploads\/2021\/10\/WhatsApp-Image-2021-10-14-at-9.33.11-AM-630x420.jpeg 630w\" sizes=\"auto, (max-width: 768px) 100vw, 768px\" \/>Valladolid, Yucat\u00e1n, 13 de octubre de 2021.- La majestuosidad del teatro \u00abJos\u00e9 Mar\u00eda Iturralde Traconis\u00bb, enmarc\u00f3 la primera noche de m\u00fasica y alegr\u00eda del Oto\u00f1o Cultural 2021, el recinto, remodelado por la actual administraci\u00f3n estatal y que alberg\u00f3 a una de las escuelas p\u00fablicas centenarias de Yucat\u00e1n, vibr\u00f3 con el talento de Mar\u00eda Medina acompa\u00f1ada por la m\u00e1xima instituci\u00f3n musical de la entidad, la Orquesta T\u00edpica Yukalpet\u00e9n (OTY).<\/p>\n<p>As\u00ed, ante las titulares de la secretar\u00edas General de Gobierno (SGG), Mar\u00eda Fritz Sierra, representante del Gobernador Mauricio Vila Dosal, y de la Cultura y las Artes (Sedeculta), Loreto Villanueva Trujillo, la batuta del director de la OTY, Pedro Carlos Herrera, dio la se\u00f1al para que el teatro volviera a llenarse de m\u00fasica y marc\u00f3, con este acto, la reactivaci\u00f3n del sector art\u00edstico y cultural.<\/p>\n<p>Tras invitar al p\u00fablico asistente a unirse a una ovaci\u00f3n a manera de homenaje a creadores, artistas y gestores culturales, Fritz Sierra indic\u00f3 que la realizaci\u00f3n de este festival es una muestra de la descentralizaci\u00f3n de la cultura y responde tambi\u00e9n a las estrategias de reactivaci\u00f3n econ\u00f3mica en apoyo a este sector.<\/p>\n<p>\u00abEs una realidad que las y los artistas, as\u00ed como todas las personas, agrupaciones y dem\u00e1s actores involucrados en la realizaci\u00f3n de actividades art\u00edsticas y culturales, han sido de los sectores m\u00e1s afectados por la pandemia, de ah\u00ed que el gobierno de Mauricio Vila Dosal, sensible a estos hechos, ha pugnado por dar las mismas oportunidades de empleo a los int\u00e9rpretes y creadores art\u00edsticos\u00bb, puntualiz\u00f3.<\/p>\n<p>\u201cHemos tenido tiempos dif\u00edciles, las p\u00e9rdidas han sido devastadoras en todos los aspectos, lo m\u00e1s doloroso ha sido ver partir anticipadamente a grandes talentos quienes dejaron espacios dif\u00edciles de ocupar\u201d, recalc\u00f3 la titular de la SGG en su emotivo mensaje seguido de expresiones de reconocimiento.<br \/>\nAl hacer uso de la palabra, Villanueva Trujillo subray\u00f3 la importancia de respaldar el trabajo de artistas y creadores que paulatinamente vuelven a los escenarios y han sido pieza importante en estos tiempos complicados, al ser reflejo de paz y esperanza.<\/p>\n<p>\u201cCelebro que el sector cultural y art\u00edstico se est\u00e1n reactivando, con mayor responsabilidad estamos recuperando los espacios lo que nos permitir\u00e1 apoyar a cientos de artistas y personas vinculadas a este sector y la cultura y las artes son una v\u00eda para imaginar y construir, adem\u00e1s de ser una cura para el alma y la mente, por eso es importante la reactivaci\u00f3n de espacios p\u00fablicos y sobre todo en el interior del estado\u201d.<\/p>\n<p>En ese sentido la Sedeculta, pr\u00f3ximamente realizar\u00e1 el Festival de Teatros en Municipios en las diferentes localidades de Samahil, Kanas\u00edn, Tecoh Um\u00e1n y el propio Valladolid; el programa Gigante Cinema tendr\u00e1 presencia en Progreso, Maxcan\u00fa, Ticul y Motul; y por primera vez una exposici\u00f3n del Gran Museo del Mundo Maya visitar\u00e1 Tizim\u00edn, Muna, Man\u00ed, entre otros.<\/p>\n<p>En este evento, que cont\u00f3 con aforo controlado y filtros sanitarios, destac\u00f3 que a trav\u00e9s del festival, no s\u00f3lo se promueve el trabajo a los artistas, sino que adem\u00e1s se incide en la salud emocional de las personas que acuden a las actividades al brindarles opciones de esparcimiento seguros, en donde se est\u00e1n aplicando todas las medidas de higiene y con aforos controlados.<\/p>\n<p>Mediante las 83 actividades programadas, a\u00f1adi\u00f3, se promueve la descentralizaci\u00f3n de los bienes y servicios culturales, pues se tendr\u00e1 presencia en siete municipios donde la ciudadan\u00eda podr\u00e1 disfrutar actividades de m\u00fasica, danza, teatro, literatura y artes visuales de manera gratuita.<\/p>\n<p>El programa continu\u00f3 con la velada musical a cargo de OTY, m\u00e1xima instituci\u00f3n de nuestra m\u00fasica tradicional yucateca que abri\u00f3 la noche con la emblem\u00e1tica canci\u00f3n \u201cCaminante del Mayab\u201d de Antonio Mediz Bolio y Guty C\u00e1rdenas, seguida de \u201cA Yucat\u00e1n\u201d de Luis Espinosa Alcal\u00e1.<\/p>\n<p>Los trovadores de la orquesta, Ricardo Jim\u00e9nez y Rodolfo Santos, interpretaron \u201cRayito de sol\u201d tambi\u00e9n de Guty C\u00e1rdenas, mientras los solistas Emma Alcocer cant\u00f3 \u201cAnsias de amar\u201d de Estela Puerto de Pompeyo y \u201cEsta tarde vi llover\u201d de Armando Manzanero; Javier Alcal\u00e1 dio vida a \u201cUn tipo como yo\u201d de Sergio Esquivel y \u201cEspa\u00f1a y M\u00e9xico\u201d de Judit P\u00e9rez Romero y Gonzalo Castaldi.<\/p>\n<p>Por su parte, Maricarmen P\u00e9rez comparti\u00f3 con el p\u00fablico \u201cMi lindo Yucat\u00e1n\u201d de Anastasio Osorio C. y \u201cFlor de azahar\u201d de Manuel Montes de Oca y Santiago Manzanero; y Jes\u00fas Armando enton\u00f3 \u201cTierra Querida\u201d de Ariosto Ak\u00e9 y Luis Felipe Castillo, as\u00ed como \u201cMi Yucateca\u201d de Armando Gonz\u00e1lez.<\/p>\n<p>Como invitada especial estuvo Valeria Ayala que cant\u00f3 \u201cVallisoletana\u201d de Mercedes Loria Bates y Roberto C\u00e1rdenas para dar paso a la actuaci\u00f3n de la reconocida cantante Mar\u00eda Medina, quien gan\u00f3 el premio en 1983 del Festival Internacional OTI de la Canci\u00f3n en 1983 y ha colocado el alto el nombre de Yucat\u00e1n en importantes escenarios internacionales.<\/p>\n<p>Precisamente el tema que eligi\u00f3 para abrir su participaci\u00f3n fue con el que gan\u00f3 en 1983 el Primer Premio del Festival OTI, en Washington, Estados Unidos: \u201cComp\u00e1s de espera\u201d de Amparo Rub\u00edn con el que el p\u00fablico vallisoletano visiblemente emocionado la ovacion\u00f3.<\/p>\n<p>Durante su presentaci\u00f3n, la recipiendaria de la Medalla Yucat\u00e1n 2020 cant\u00f3 otros \u00e9xitos, de la misma autora como \u201cV\u00edctima o ladr\u00f3n\u201d y \u201cComunicaci\u00f3n\u201d de Felipe Gil para luego recordar sus ra\u00edces con un popurr\u00ed yucateco y cerrar la noche, todos juntos, con \u201cAires del Mayab\u201d.<\/p>\n<p>En la ceremonia inaugural estuvieron tambi\u00e9n presentes, por el Poder Legislativo, la diputadas Ingrid del Pilar Santos D\u00edaz, Carmen Gonz\u00e1lez Mart\u00edn y el diputado Luis Ren\u00e9 Fern\u00e1ndez Vidal, as\u00ed como el legislador federal, Sergio Chal\u00e9 Cahuich y la representante del Poder Judicial, Claudia Crisol Antonio Mayor, entre otros invitados.<\/p>\n<p>De igual manera, el alcalde de Valladolid, Alfredo Fernadez Arceo; el coordinador estatal de la Guardia Nacional en el Estado de Yucat\u00e1n, Francisco D\u00edaz Gonz\u00e1lez; el general brigadier D.E.M. Jos\u00e9 Gonz\u00e1lez Zea, en representaci\u00f3n de la 32 Zona Militar y los diputados Federal del I Distrito, Sergio Chal\u00e9 Cahuich; y local por el Distrito XIII, Carmen Gonz\u00e1lez Mart\u00edn; el distrito XI, Luis Ren\u00e9 Fern\u00e1ndez Vidal.<\/p>\n<p>As\u00ed como el director de Cultura de M\u00e9rida, Irving Berl\u00edn Villafa\u00f1a; los presidentes de la COPARMEX Valladolid, Carlos Osorio Rosado; de la Asociaci\u00f3n de Restaurantes y Servicios, Carlos Guillermo Aguirre Aguilar; y de la Asociaci\u00f3n de Cronistas e Historiadores de Yucat\u00e1n, A.C., y Carlos Cosgaya Medina.<\/p>\n<p>La cartelera completa de actividades est\u00e1 disponible para consulta en las redes sociales.<\/p>\n","protected":false},"excerpt":{"rendered":"<p>Valladolid, Yucat\u00e1n, 13 de octubre de 2021.- La majestuosidad del teatro \u00abJos\u00e9 Mar\u00eda Iturralde Traconis\u00bb, enmarc\u00f3 la primera noche de m\u00fasica y alegr\u00eda del Oto\u00f1o Cultural 2021, el recinto, remodelado por la actual administraci\u00f3n estatal y que alberg\u00f3 a una de las escuelas p\u00fablicas centenarias de Yucat\u00e1n, vibr\u00f3 con el talento de Mar\u00eda Medina acompa\u00f1ada [&hellip;]<\/p>\n","protected":false},"author":2,"featured_media":86784,"comment_status":"closed","ping_status":"closed","sticky":false,"template":"","format":"standard","meta":{"footnotes":""},"categories":[3],"tags":[],"class_list":["post-86783","post","type-post","status-publish","format-standard","has-post-thumbnail","category-yucatan"],"yoast_head":"<!-- This site is optimized with the Yoast SEO plugin v28.4 - https:\/\/yoast.com\/product\/yoast-seo-wordpress\/ -->\n<title>Comenz\u00f3 la fiesta de las artes: el Oto\u00f1o Cultural 2021 - Yucat\u00e1n en corto<\/title>\n<meta name=\"robots\" content=\"index, follow, max-snippet:-1, max-image-preview:large, max-video-preview:-1\" \/>\n<link rel=\"canonical\" href=\"https:\/\/www.yucatanencorto.com\/noticias\/comenzo-la-fiesta-de-las-artes-el-otono-cultural-2021\/\" \/>\n<meta property=\"og:locale\" content=\"es_ES\" \/>\n<meta property=\"og:type\" content=\"article\" \/>\n<meta property=\"og:title\" content=\"Comenz\u00f3 la fiesta de las artes: el Oto\u00f1o Cultural 2021 - Yucat\u00e1n en corto\" \/>\n<meta property=\"og:description\" content=\"Valladolid, Yucat\u00e1n, 13 de octubre de 2021.- La majestuosidad del teatro \u00abJos\u00e9 Mar\u00eda Iturralde Traconis\u00bb, enmarc\u00f3 la primera noche de m\u00fasica y alegr\u00eda del Oto\u00f1o Cultural 2021, el recinto, remodelado por la actual administraci\u00f3n estatal y que alberg\u00f3 a una de las escuelas p\u00fablicas centenarias de Yucat\u00e1n, vibr\u00f3 con el talento de Mar\u00eda Medina acompa\u00f1ada [&hellip;]\" \/>\n<meta property=\"og:url\" content=\"https:\/\/www.yucatanencorto.com\/noticias\/comenzo-la-fiesta-de-las-artes-el-otono-cultural-2021\/\" \/>\n<meta property=\"og:site_name\" content=\"Yucat\u00e1n en corto\" \/>\n<meta property=\"article:publisher\" content=\"http:\/\/www.facebook.com\/yucatanencorto\" \/>\n<meta property=\"article:published_time\" content=\"2021-10-14T14:40:46+00:00\" \/>\n<meta property=\"article:modified_time\" content=\"2021-10-14T14:53:26+00:00\" \/>\n<meta property=\"og:image\" content=\"https:\/\/www.yucatanencorto.com\/noticias\/wp-content\/uploads\/2021\/10\/WhatsApp-Image-2021-10-14-at-9.33.11-AM-scaled.jpeg\" \/>\n\t<meta property=\"og:image:width\" content=\"768\" \/>\n\t<meta property=\"og:image:height\" content=\"512\" \/>\n\t<meta property=\"og:image:type\" content=\"image\/jpeg\" \/>\n<meta name=\"author\" content=\"Yucat\u00e1n en Corto FC\" \/>\n<meta name=\"twitter:card\" content=\"summary_large_image\" \/>\n<meta name=\"twitter:creator\" content=\"@yucatanencorto\" \/>\n<meta name=\"twitter:site\" content=\"@yucatanencorto\" \/>\n<meta name=\"twitter:label1\" content=\"Escrito por\" \/>\n\t<meta name=\"twitter:data1\" content=\"Yucat\u00e1n en Corto FC\" \/>\n\t<meta name=\"twitter:label2\" content=\"Tiempo de lectura\" \/>\n\t<meta name=\"twitter:data2\" content=\"6 minutos\" \/>\n<script type=\"application\/ld+json\" class=\"yoast-schema-graph\">{\"@context\":\"https:\\\/\\\/schema.org\",\"@graph\":[{\"@type\":\"Article\",\"@id\":\"https:\\\/\\\/www.yucatanencorto.com\\\/noticias\\\/comenzo-la-fiesta-de-las-artes-el-otono-cultural-2021\\\/#article\",\"isPartOf\":{\"@id\":\"https:\\\/\\\/www.yucatanencorto.com\\\/noticias\\\/comenzo-la-fiesta-de-las-artes-el-otono-cultural-2021\\\/\"},\"author\":{\"name\":\"Yucat\u00e1n en Corto FC\",\"@id\":\"https:\\\/\\\/www.yucatanencorto.com\\\/noticias\\\/#\\\/schema\\\/person\\\/14f82d355225a1f4075dd84a31f45a72\"},\"headline\":\"Comenz\u00f3 la fiesta de las artes: el Oto\u00f1o Cultural 2021\",\"datePublished\":\"2021-10-14T14:40:46+00:00\",\"dateModified\":\"2021-10-14T14:53:26+00:00\",\"mainEntityOfPage\":{\"@id\":\"https:\\\/\\\/www.yucatanencorto.com\\\/noticias\\\/comenzo-la-fiesta-de-las-artes-el-otono-cultural-2021\\\/\"},\"wordCount\":1152,\"publisher\":{\"@id\":\"https:\\\/\\\/www.yucatanencorto.com\\\/noticias\\\/#organization\"},\"image\":{\"@id\":\"https:\\\/\\\/www.yucatanencorto.com\\\/noticias\\\/comenzo-la-fiesta-de-las-artes-el-otono-cultural-2021\\\/#primaryimage\"},\"thumbnailUrl\":\"https:\\\/\\\/www.yucatanencorto.com\\\/noticias\\\/wp-content\\\/uploads\\\/2021\\\/10\\\/WhatsApp-Image-2021-10-14-at-9.33.11-AM-scaled.jpeg\",\"articleSection\":[\"Yucat\u00e1n\"],\"inLanguage\":\"es\"},{\"@type\":\"WebPage\",\"@id\":\"https:\\\/\\\/www.yucatanencorto.com\\\/noticias\\\/comenzo-la-fiesta-de-las-artes-el-otono-cultural-2021\\\/\",\"url\":\"https:\\\/\\\/www.yucatanencorto.com\\\/noticias\\\/comenzo-la-fiesta-de-las-artes-el-otono-cultural-2021\\\/\",\"name\":\"Comenz\u00f3 la fiesta de las artes: el Oto\u00f1o Cultural 2021 - Yucat\u00e1n en corto\",\"isPartOf\":{\"@id\":\"https:\\\/\\\/www.yucatanencorto.com\\\/noticias\\\/#website\"},\"primaryImageOfPage\":{\"@id\":\"https:\\\/\\\/www.yucatanencorto.com\\\/noticias\\\/comenzo-la-fiesta-de-las-artes-el-otono-cultural-2021\\\/#primaryimage\"},\"image\":{\"@id\":\"https:\\\/\\\/www.yucatanencorto.com\\\/noticias\\\/comenzo-la-fiesta-de-las-artes-el-otono-cultural-2021\\\/#primaryimage\"},\"thumbnailUrl\":\"https:\\\/\\\/www.yucatanencorto.com\\\/noticias\\\/wp-content\\\/uploads\\\/2021\\\/10\\\/WhatsApp-Image-2021-10-14-at-9.33.11-AM-scaled.jpeg\",\"datePublished\":\"2021-10-14T14:40:46+00:00\",\"dateModified\":\"2021-10-14T14:53:26+00:00\",\"breadcrumb\":{\"@id\":\"https:\\\/\\\/www.yucatanencorto.com\\\/noticias\\\/comenzo-la-fiesta-de-las-artes-el-otono-cultural-2021\\\/#breadcrumb\"},\"inLanguage\":\"es\",\"potentialAction\":[{\"@type\":\"ReadAction\",\"target\":[\"https:\\\/\\\/www.yucatanencorto.com\\\/noticias\\\/comenzo-la-fiesta-de-las-artes-el-otono-cultural-2021\\\/\"]}]},{\"@type\":\"ImageObject\",\"inLanguage\":\"es\",\"@id\":\"https:\\\/\\\/www.yucatanencorto.com\\\/noticias\\\/comenzo-la-fiesta-de-las-artes-el-otono-cultural-2021\\\/#primaryimage\",\"url\":\"https:\\\/\\\/www.yucatanencorto.com\\\/noticias\\\/wp-content\\\/uploads\\\/2021\\\/10\\\/WhatsApp-Image-2021-10-14-at-9.33.11-AM-scaled.jpeg\",\"contentUrl\":\"https:\\\/\\\/www.yucatanencorto.com\\\/noticias\\\/wp-content\\\/uploads\\\/2021\\\/10\\\/WhatsApp-Image-2021-10-14-at-9.33.11-AM-scaled.jpeg\",\"width\":768,\"height\":512},{\"@type\":\"BreadcrumbList\",\"@id\":\"https:\\\/\\\/www.yucatanencorto.com\\\/noticias\\\/comenzo-la-fiesta-de-las-artes-el-otono-cultural-2021\\\/#breadcrumb\",\"itemListElement\":[{\"@type\":\"ListItem\",\"position\":1,\"name\":\"Portada\",\"item\":\"https:\\\/\\\/www.yucatanencorto.com\\\/noticias\\\/\"},{\"@type\":\"ListItem\",\"position\":2,\"name\":\"Comenz\u00f3 la fiesta de las artes: el Oto\u00f1o Cultural 2021\"}]},{\"@type\":\"WebSite\",\"@id\":\"https:\\\/\\\/www.yucatanencorto.com\\\/noticias\\\/#website\",\"url\":\"https:\\\/\\\/www.yucatanencorto.com\\\/noticias\\\/\",\"name\":\"Yucat\u00e1n en corto\",\"description\":\"Noticias\",\"publisher\":{\"@id\":\"https:\\\/\\\/www.yucatanencorto.com\\\/noticias\\\/#organization\"},\"potentialAction\":[{\"@type\":\"SearchAction\",\"target\":{\"@type\":\"EntryPoint\",\"urlTemplate\":\"https:\\\/\\\/www.yucatanencorto.com\\\/noticias\\\/?s={search_term_string}\"},\"query-input\":{\"@type\":\"PropertyValueSpecification\",\"valueRequired\":true,\"valueName\":\"search_term_string\"}}],\"inLanguage\":\"es\"},{\"@type\":\"Organization\",\"@id\":\"https:\\\/\\\/www.yucatanencorto.com\\\/noticias\\\/#organization\",\"name\":\"Yucat\u00e1n en corto\",\"url\":\"https:\\\/\\\/www.yucatanencorto.com\\\/noticias\\\/\",\"logo\":{\"@type\":\"ImageObject\",\"inLanguage\":\"es\",\"@id\":\"https:\\\/\\\/www.yucatanencorto.com\\\/noticias\\\/#\\\/schema\\\/logo\\\/image\\\/\",\"url\":\"https:\\\/\\\/www.yucatanencorto.com\\\/noticias\\\/wp-content\\\/uploads\\\/2026\\\/08\\\/Logo-web.png\",\"contentUrl\":\"https:\\\/\\\/www.yucatanencorto.com\\\/noticias\\\/wp-content\\\/uploads\\\/2026\\\/08\\\/Logo-web.png\",\"width\":272,\"height\":90,\"caption\":\"Yucat\u00e1n en corto\"},\"image\":{\"@id\":\"https:\\\/\\\/www.yucatanencorto.com\\\/noticias\\\/#\\\/schema\\\/logo\\\/image\\\/\"},\"sameAs\":[\"http:\\\/\\\/www.facebook.com\\\/yucatanencorto\",\"https:\\\/\\\/x.com\\\/yucatanencorto\"]},{\"@type\":\"Person\",\"@id\":\"https:\\\/\\\/www.yucatanencorto.com\\\/noticias\\\/#\\\/schema\\\/person\\\/14f82d355225a1f4075dd84a31f45a72\",\"name\":\"Yucat\u00e1n en Corto FC\",\"image\":{\"@type\":\"ImageObject\",\"inLanguage\":\"es\",\"@id\":\"https:\\\/\\\/secure.gravatar.com\\\/avatar\\\/147d4b30cd728c53c29c49a3f7834dedca33707f4cd259761355846009a88250?s=96&d=mm&r=g\",\"url\":\"https:\\\/\\\/secure.gravatar.com\\\/avatar\\\/147d4b30cd728c53c29c49a3f7834dedca33707f4cd259761355846009a88250?s=96&d=mm&r=g\",\"contentUrl\":\"https:\\\/\\\/secure.gravatar.com\\\/avatar\\\/147d4b30cd728c53c29c49a3f7834dedca33707f4cd259761355846009a88250?s=96&d=mm&r=g\",\"caption\":\"Yucat\u00e1n en Corto FC\"},\"url\":\"https:\\\/\\\/www.yucatanencorto.com\\\/noticias\\\/author\\\/flor\\\/\"}]}<\/script>\n<!-- \/ Yoast SEO plugin. -->","yoast_head_json":{"title":"Comenz\u00f3 la fiesta de las artes: el Oto\u00f1o Cultural 2021 - Yucat\u00e1n en corto","robots":{"index":"index","follow":"follow","max-snippet":"max-snippet:-1","max-image-preview":"max-image-preview:large","max-video-preview":"max-video-preview:-1"},"canonical":"https:\/\/www.yucatanencorto.com\/noticias\/comenzo-la-fiesta-de-las-artes-el-otono-cultural-2021\/","og_locale":"es_ES","og_type":"article","og_title":"Comenz\u00f3 la fiesta de las artes: el Oto\u00f1o Cultural 2021 - Yucat\u00e1n en corto","og_description":"Valladolid, Yucat\u00e1n, 13 de octubre de 2021.- La majestuosidad del teatro \u00abJos\u00e9 Mar\u00eda Iturralde Traconis\u00bb, enmarc\u00f3 la primera noche de m\u00fasica y alegr\u00eda del Oto\u00f1o Cultural 2021, el recinto, remodelado por la actual administraci\u00f3n estatal y que alberg\u00f3 a una de las escuelas p\u00fablicas centenarias de Yucat\u00e1n, vibr\u00f3 con el talento de Mar\u00eda Medina acompa\u00f1ada [&hellip;]","og_url":"https:\/\/www.yucatanencorto.com\/noticias\/comenzo-la-fiesta-de-las-artes-el-otono-cultural-2021\/","og_site_name":"Yucat\u00e1n en corto","article_publisher":"http:\/\/www.facebook.com\/yucatanencorto","article_published_time":"2021-10-14T14:40:46+00:00","article_modified_time":"2021-10-14T14:53:26+00:00","og_image":[{"width":768,"height":512,"url":"https:\/\/www.yucatanencorto.com\/noticias\/wp-content\/uploads\/2021\/10\/WhatsApp-Image-2021-10-14-at-9.33.11-AM-scaled.jpeg","type":"image\/jpeg"}],"author":"Yucat\u00e1n en Corto FC","twitter_card":"summary_large_image","twitter_creator":"@yucatanencorto","twitter_site":"@yucatanencorto","twitter_misc":{"Escrito por":"Yucat\u00e1n en Corto FC","Tiempo de lectura":"6 minutos"},"schema":{"@context":"https:\/\/schema.org","@graph":[{"@type":"Article","@id":"https:\/\/www.yucatanencorto.com\/noticias\/comenzo-la-fiesta-de-las-artes-el-otono-cultural-2021\/#article","isPartOf":{"@id":"https:\/\/www.yucatanencorto.com\/noticias\/comenzo-la-fiesta-de-las-artes-el-otono-cultural-2021\/"},"author":{"name":"Yucat\u00e1n en Corto FC","@id":"https:\/\/www.yucatanencorto.com\/noticias\/#\/schema\/person\/14f82d355225a1f4075dd84a31f45a72"},"headline":"Comenz\u00f3 la fiesta de las artes: el Oto\u00f1o Cultural 2021","datePublished":"2021-10-14T14:40:46+00:00","dateModified":"2021-10-14T14:53:26+00:00","mainEntityOfPage":{"@id":"https:\/\/www.yucatanencorto.com\/noticias\/comenzo-la-fiesta-de-las-artes-el-otono-cultural-2021\/"},"wordCount":1152,"publisher":{"@id":"https:\/\/www.yucatanencorto.com\/noticias\/#organization"},"image":{"@id":"https:\/\/www.yucatanencorto.com\/noticias\/comenzo-la-fiesta-de-las-artes-el-otono-cultural-2021\/#primaryimage"},"thumbnailUrl":"https:\/\/www.yucatanencorto.com\/noticias\/wp-content\/uploads\/2021\/10\/WhatsApp-Image-2021-10-14-at-9.33.11-AM-scaled.jpeg","articleSection":["Yucat\u00e1n"],"inLanguage":"es"},{"@type":"WebPage","@id":"https:\/\/www.yucatanencorto.com\/noticias\/comenzo-la-fiesta-de-las-artes-el-otono-cultural-2021\/","url":"https:\/\/www.yucatanencorto.com\/noticias\/comenzo-la-fiesta-de-las-artes-el-otono-cultural-2021\/","name":"Comenz\u00f3 la fiesta de las artes: el Oto\u00f1o Cultural 2021 - Yucat\u00e1n en corto","isPartOf":{"@id":"https:\/\/www.yucatanencorto.com\/noticias\/#website"},"primaryImageOfPage":{"@id":"https:\/\/www.yucatanencorto.com\/noticias\/comenzo-la-fiesta-de-las-artes-el-otono-cultural-2021\/#primaryimage"},"image":{"@id":"https:\/\/www.yucatanencorto.com\/noticias\/comenzo-la-fiesta-de-las-artes-el-otono-cultural-2021\/#primaryimage"},"thumbnailUrl":"https:\/\/www.yucatanencorto.com\/noticias\/wp-content\/uploads\/2021\/10\/WhatsApp-Image-2021-10-14-at-9.33.11-AM-scaled.jpeg","datePublished":"2021-10-14T14:40:46+00:00","dateModified":"2021-10-14T14:53:26+00:00","breadcrumb":{"@id":"https:\/\/www.yucatanencorto.com\/noticias\/comenzo-la-fiesta-de-las-artes-el-otono-cultural-2021\/#breadcrumb"},"inLanguage":"es","potentialAction":[{"@type":"ReadAction","target":["https:\/\/www.yucatanencorto.com\/noticias\/comenzo-la-fiesta-de-las-artes-el-otono-cultural-2021\/"]}]},{"@type":"ImageObject","inLanguage":"es","@id":"https:\/\/www.yucatanencorto.com\/noticias\/comenzo-la-fiesta-de-las-artes-el-otono-cultural-2021\/#primaryimage","url":"https:\/\/www.yucatanencorto.com\/noticias\/wp-content\/uploads\/2021\/10\/WhatsApp-Image-2021-10-14-at-9.33.11-AM-scaled.jpeg","contentUrl":"https:\/\/www.yucatanencorto.com\/noticias\/wp-content\/uploads\/2021\/10\/WhatsApp-Image-2021-10-14-at-9.33.11-AM-scaled.jpeg","width":768,"height":512},{"@type":"BreadcrumbList","@id":"https:\/\/www.yucatanencorto.com\/noticias\/comenzo-la-fiesta-de-las-artes-el-otono-cultural-2021\/#breadcrumb","itemListElement":[{"@type":"ListItem","position":1,"name":"Portada","item":"https:\/\/www.yucatanencorto.com\/noticias\/"},{"@type":"ListItem","position":2,"name":"Comenz\u00f3 la fiesta de las artes: el Oto\u00f1o Cultural 2021"}]},{"@type":"WebSite","@id":"https:\/\/www.yucatanencorto.com\/noticias\/#website","url":"https:\/\/www.yucatanencorto.com\/noticias\/","name":"Yucat\u00e1n en corto","description":"Noticias","publisher":{"@id":"https:\/\/www.yucatanencorto.com\/noticias\/#organization"},"potentialAction":[{"@type":"SearchAction","target":{"@type":"EntryPoint","urlTemplate":"https:\/\/www.yucatanencorto.com\/noticias\/?s={search_term_string}"},"query-input":{"@type":"PropertyValueSpecification","valueRequired":true,"valueName":"search_term_string"}}],"inLanguage":"es"},{"@type":"Organization","@id":"https:\/\/www.yucatanencorto.com\/noticias\/#organization","name":"Yucat\u00e1n en corto","url":"https:\/\/www.yucatanencorto.com\/noticias\/","logo":{"@type":"ImageObject","inLanguage":"es","@id":"https:\/\/www.yucatanencorto.com\/noticias\/#\/schema\/logo\/image\/","url":"https:\/\/www.yucatanencorto.com\/noticias\/wp-content\/uploads\/2026\/08\/Logo-web.png","contentUrl":"https:\/\/www.yucatanencorto.com\/noticias\/wp-content\/uploads\/2026\/08\/Logo-web.png","width":272,"height":90,"caption":"Yucat\u00e1n en corto"},"image":{"@id":"https:\/\/www.yucatanencorto.com\/noticias\/#\/schema\/logo\/image\/"},"sameAs":["http:\/\/www.facebook.com\/yucatanencorto","https:\/\/x.com\/yucatanencorto"]},{"@type":"Person","@id":"https:\/\/www.yucatanencorto.com\/noticias\/#\/schema\/person\/14f82d355225a1f4075dd84a31f45a72","name":"Yucat\u00e1n en Corto FC","image":{"@type":"ImageObject","inLanguage":"es","@id":"https:\/\/secure.gravatar.com\/avatar\/147d4b30cd728c53c29c49a3f7834dedca33707f4cd259761355846009a88250?s=96&d=mm&r=g","url":"https:\/\/secure.gravatar.com\/avatar\/147d4b30cd728c53c29c49a3f7834dedca33707f4cd259761355846009a88250?s=96&d=mm&r=g","contentUrl":"https:\/\/secure.gravatar.com\/avatar\/147d4b30cd728c53c29c49a3f7834dedca33707f4cd259761355846009a88250?s=96&d=mm&r=g","caption":"Yucat\u00e1n en Corto FC"},"url":"https:\/\/www.yucatanencorto.com\/noticias\/author\/flor\/"}]}},"_links":{"self":[{"href":"https:\/\/www.yucatanencorto.com\/noticias\/wp-json\/wp\/v2\/posts\/86783","targetHints":{"allow":["GET"]}}],"collection":[{"href":"https:\/\/www.yucatanencorto.com\/noticias\/wp-json\/wp\/v2\/posts"}],"about":[{"href":"https:\/\/www.yucatanencorto.com\/noticias\/wp-json\/wp\/v2\/types\/post"}],"author":[{"embeddable":true,"href":"https:\/\/www.yucatanencorto.com\/noticias\/wp-json\/wp\/v2\/users\/2"}],"replies":[{"embeddable":true,"href":"https:\/\/www.yucatanencorto.com\/noticias\/wp-json\/wp\/v2\/comments?post=86783"}],"version-history":[{"count":0,"href":"https:\/\/www.yucatanencorto.com\/noticias\/wp-json\/wp\/v2\/posts\/86783\/revisions"}],"wp:featuredmedia":[{"embeddable":true,"href":"https:\/\/www.yucatanencorto.com\/noticias\/wp-json\/wp\/v2\/media\/86784"}],"wp:attachment":[{"href":"https:\/\/www.yucatanencorto.com\/noticias\/wp-json\/wp\/v2\/media?parent=86783"}],"wp:term":[{"taxonomy":"category","embeddable":true,"href":"https:\/\/www.yucatanencorto.com\/noticias\/wp-json\/wp\/v2\/categories?post=86783"},{"taxonomy":"post_tag","embeddable":true,"href":"https:\/\/www.yucatanencorto.com\/noticias\/wp-json\/wp\/v2\/tags?post=86783"}],"curies":[{"name":"wp","href":"https:\/\/api.w.org\/{rel}","templated":true}]}}