{"id":86975,"date":"2021-10-23T11:05:02","date_gmt":"2021-10-23T16:05:02","guid":{"rendered":"https:\/\/www.yucatanencorto.com\/noticias\/?p=86975"},"modified":"2021-10-23T11:05:02","modified_gmt":"2021-10-23T16:05:02","slug":"el-gobernador-mauricio-vila-dosal-continua-realizando-gestiones-para-impulsar-el-desarrollo-de-yucatan","status":"publish","type":"post","link":"https:\/\/www.yucatanencorto.com\/noticias\/el-gobernador-mauricio-vila-dosal-continua-realizando-gestiones-para-impulsar-el-desarrollo-de-yucatan\/","title":{"rendered":"El Gobernador Mauricio Vila Dosal contin\u00faa realizando gestiones para impulsar el desarrollo de Yucat\u00e1n"},"content":{"rendered":"<div dir=\"ltr\">\n<div dir=\"ltr\">\n<p><img loading=\"lazy\" decoding=\"async\" class=\"alignnone size-full wp-image-86976\" src=\"https:\/\/www.yucatanencorto.com\/noticias\/wp-content\/uploads\/2021\/10\/image00002-5-scaled.jpeg\" alt=\"\" width=\"768\" height=\"616\" srcset=\"https:\/\/www.yucatanencorto.com\/noticias\/wp-content\/uploads\/2021\/10\/image00002-5-scaled.jpeg 768w, https:\/\/www.yucatanencorto.com\/noticias\/wp-content\/uploads\/2021\/10\/image00002-5-696x558.jpeg 696w, https:\/\/www.yucatanencorto.com\/noticias\/wp-content\/uploads\/2021\/10\/image00002-5-1068x856.jpeg 1068w, https:\/\/www.yucatanencorto.com\/noticias\/wp-content\/uploads\/2021\/10\/image00002-5-524x420.jpeg 524w\" sizes=\"auto, (max-width: 768px) 100vw, 768px\" \/>Ciudad, de M\u00e9xico, 22 de octubre de 2021.- El Gobernador Mauricio Vila Dosal sostuvo un encuentro con el titular de la Secretar\u00eda de Marina (Semar), Almirante Jos\u00e9 Rafael Ojeda Dur\u00e1n, para dar seguimiento a los avances del Proyecto de Ampliaci\u00f3n y Modernizaci\u00f3n de Puerto de Altura de Progreso, obra que impulsar\u00e1 la competitividad del estado y, con ello, su crecimiento econ\u00f3mico.<\/p>\n<p>&nbsp;<\/p>\n<p>Como parte de su agenda de trabajo de este viernes, Vila Dosal tambi\u00e9n se reuni\u00f3 con el secretario de Turismo del Gobierno federal (Sectur), Miguel Torruco Marqu\u00e9s, con quien estuvo afinando detalles para el Tianguis Tur\u00edstico, el evento de esta industria m\u00e1s importante a nivel Latinoam\u00e9rica, que se llevar\u00e1 a cabo en el estado del 16 al 19 de noviembre.<\/p>\n<p>&nbsp;<\/p>\n<p>De igual manera, el Gobernador sostuvo una reuni\u00f3n con el presidente de la Asociaci\u00f3n de Bancos de M\u00e9xico (ABM), Daniel Becker Feldman, para encontrar alternativas de cr\u00e9dito que puedan respaldar el crecimiento a las peque\u00f1as y medianas empresas yucatecas, lo que derivar\u00e1 tambi\u00e9n en la creaci\u00f3n de m\u00e1s empleos.<\/p>\n<p>&nbsp;<\/p>\n<p>En la Semar, Vila Dosal y Ojeda Dur\u00e1n trataron todo lo relacionado con los avances que presenta el Proyecto de Ampliaci\u00f3n y Modernizaci\u00f3n de Puerto de Altura de Progreso, obra de infraestructura que impulsar\u00e1 el desarrollo del estado.<\/p>\n<p>&nbsp;<\/p>\n<p>En ese marco, el Gobernador tambi\u00e9n expuso al titular de la Semar el inter\u00e9s que inversionistas privados han mostrado al Gobierno del Estado para sumarse a participar, en las diversas \u00e1reas de acci\u00f3n, en este importante plan para Yucat\u00e1n, el cual permitir\u00e1 detonar las ventajas competitivas de la entidad.<\/p>\n<p>&nbsp;<\/p>\n<p>Acompa\u00f1ado del titular de la Secretar\u00eda de Fomento Econ\u00f3mico y Trabajo (Sefoet), Ernesto Herrera Novelo, Vila Dosal inform\u00f3 al funcionario federal que, a menos de 3 meses de haber firmado el Convenio de Colaboraci\u00f3n entre la Agencia Portuaria Integral (API) Progreso y el Gobierno de Yucat\u00e1n, ya se han realizado diversas actividades para avanzar en dicho plan.<\/p>\n<p>&nbsp;<\/p>\n<p>En ese sentido, el Gobernador y Ojeda Dur\u00e1n acordaron continuar trabajando de la mano y de manera muy estrecha para concretar esta obra que es de suma importancia para los yucatecos, ya que pondr\u00e1 a Yucat\u00e1n a la vanguardia en materia de log\u00edstica portuaria, generando una mayor conectividad con el pa\u00eds y todo el mundo, abriendo nuevas puertas al turismo y al comercio nacional e internacional.<\/p>\n<p>&nbsp;<\/p>\n<p>Para el Proyecto de Ampliaci\u00f3n y Modernizaci\u00f3n de Puerto de Altura de Progreso se ha autorizado la ampliaci\u00f3n de alrededor de 40 hect\u00e1reas, con la posibilidad de que se pueda incrementar a m\u00e1s, pero antes haciendo los estudios pertinentes.<\/p>\n<p>&nbsp;<\/p>\n<p>Hay que destacar que el aumento de calado de ese puerto permitir\u00e1 que lleguen al estado barcos m\u00e1s grandes a los que ahora llegan, toda vez que actualmente llegan embarcaciones de 40 mil toneladas y con ese proyecto podr\u00e1n arribar buques de hasta 100 mil toneladas.<\/p>\n<p>&nbsp;<\/p>\n<p>Adem\u00e1s, con el incremento del ancho del canal, que pasar\u00e1 de 150 a 180 metros, podr\u00e1n arribar cruceros de 8 mil a 10 mil turistas, cuando ahora solo pueden llegar embarcaciones de 3 mil a 4 mil pasajeros.<\/p>\n<p>&nbsp;<\/p>\n<p>Previamente, Vila Dosal se reuni\u00f3 con el presidente de la Asociaci\u00f3n de Bancos de M\u00e9xico para abordar las diferentes opciones que tiene la banca m\u00faltiple para ofrecer financiamientos a los negocios locales que les permitan impulsar su crecimiento y generar nuevas fuentes de trabajo que contribuyan a mejorar las condiciones de vida de las familias yucatecas.<\/p>\n<p>&nbsp;<\/p>\n<p>&nbsp;<\/p>\n<p>En respaldo a las peque\u00f1as y medianas empresas y las fuentes de empleos que ellas generan, el Gobierno del Estado ha distribuido m\u00e1s de 21 mil cr\u00e9ditos para emprendedores, adem\u00e1s de que, para seguir impuls\u00e1ndolos, se inaugur\u00f3 el Centro Estatal Emprendedores en Maxcan\u00fa\u0301 y otro en Valladolid.<\/p>\n<p>&nbsp;<\/p>\n<p>Solamente mediante MicroYuc Emprendedores, desde el inicio de la presente administraci\u00f3n a la fecha, se han entregado 623 cr\u00e9ditos por m\u00e1s de 28 millones de pesos en 52 municipios del estado, todo ello como parte del respaldo de Vila Dosal a los negocios y la generaci\u00f3n de empleos para los yucatecos.<\/p>\n<p>&nbsp;<\/p>\n<p>Cabe recordar que, como producto del impulso que el Gobernador le ha dado a la recuperaci\u00f3n de las empresas locales y a la reactivaci\u00f3n econ\u00f3mica, en el estado ya se ha recuperado y superado la totalidad de empleos perdidos a consecuencia de la pandemia del Coronavirus, pues de julio de 2020 a septiembre de este a\u00f1o, se crearon 28,046 fuentes de trabajo, de acuerdo con el m\u00e1s reciente reporte del Instituto Mexicano del Seguro Social (IMSS).<\/p>\n<p>&nbsp;<\/p>\n<p>Recuperar y superar esas 25,000 fuentes de trabajo, en menos de un a\u00f1o y medio, es un tiempo r\u00e9cord, si se compara con lo que sucedi\u00f3 con la influenza, cuando Yucat\u00e1n tard\u00f3 8 a\u00f1os en recuperar los empleos que se perdieron en esa ocasi\u00f3n.<\/p>\n<\/div>\n<\/div>\n","protected":false},"excerpt":{"rendered":"<p>Ciudad, de M\u00e9xico, 22 de octubre de 2021.- El Gobernador Mauricio Vila Dosal sostuvo un encuentro con el titular de la Secretar\u00eda de Marina (Semar), Almirante Jos\u00e9 Rafael Ojeda Dur\u00e1n, para dar seguimiento a los avances del Proyecto de Ampliaci\u00f3n y Modernizaci\u00f3n de Puerto de Altura de Progreso, obra que impulsar\u00e1 la competitividad del estado [&hellip;]<\/p>\n","protected":false},"author":2,"featured_media":86976,"comment_status":"closed","ping_status":"closed","sticky":false,"template":"","format":"standard","meta":{"footnotes":""},"categories":[3],"tags":[],"class_list":{"0":"post-86975","1":"post","2":"type-post","3":"status-publish","4":"format-standard","5":"has-post-thumbnail","7":"category-yucatan"},"yoast_head":"<!-- This site is optimized with the Yoast SEO plugin v27.4 - https:\/\/yoast.com\/product\/yoast-seo-wordpress\/ -->\n<title>El Gobernador Mauricio Vila Dosal contin\u00faa realizando gestiones para impulsar el desarrollo de Yucat\u00e1n - Yucat\u00e1n en corto<\/title>\n<meta name=\"robots\" content=\"index, follow, max-snippet:-1, max-image-preview:large, max-video-preview:-1\" \/>\n<link rel=\"canonical\" href=\"https:\/\/www.yucatanencorto.com\/noticias\/el-gobernador-mauricio-vila-dosal-continua-realizando-gestiones-para-impulsar-el-desarrollo-de-yucatan\/\" \/>\n<meta property=\"og:locale\" content=\"es_ES\" \/>\n<meta property=\"og:type\" content=\"article\" \/>\n<meta property=\"og:title\" content=\"El Gobernador Mauricio Vila Dosal contin\u00faa realizando gestiones para impulsar el desarrollo de Yucat\u00e1n - Yucat\u00e1n en corto\" \/>\n<meta property=\"og:description\" content=\"Ciudad, de M\u00e9xico, 22 de octubre de 2021.- El Gobernador Mauricio Vila Dosal sostuvo un encuentro con el titular de la Secretar\u00eda de Marina (Semar), Almirante Jos\u00e9 Rafael Ojeda Dur\u00e1n, para dar seguimiento a los avances del Proyecto de Ampliaci\u00f3n y Modernizaci\u00f3n de Puerto de Altura de Progreso, obra que impulsar\u00e1 la competitividad del estado [&hellip;]\" \/>\n<meta property=\"og:url\" content=\"https:\/\/www.yucatanencorto.com\/noticias\/el-gobernador-mauricio-vila-dosal-continua-realizando-gestiones-para-impulsar-el-desarrollo-de-yucatan\/\" \/>\n<meta property=\"og:site_name\" content=\"Yucat\u00e1n en corto\" \/>\n<meta property=\"article:publisher\" content=\"http:\/\/www.facebook.com\/yucatanencorto\" \/>\n<meta property=\"article:published_time\" content=\"2021-10-23T16:05:02+00:00\" \/>\n<meta property=\"og:image\" content=\"https:\/\/www.yucatanencorto.com\/noticias\/wp-content\/uploads\/2021\/10\/image00002-5-scaled.jpeg\" \/>\n\t<meta property=\"og:image:width\" content=\"768\" \/>\n\t<meta property=\"og:image:height\" content=\"616\" \/>\n\t<meta property=\"og:image:type\" content=\"image\/jpeg\" \/>\n<meta name=\"author\" content=\"Yucat\u00e1n en Corto FC\" \/>\n<meta name=\"twitter:card\" content=\"summary_large_image\" \/>\n<meta name=\"twitter:creator\" content=\"@yucatanencorto\" \/>\n<meta name=\"twitter:site\" content=\"@yucatanencorto\" \/>\n<meta name=\"twitter:label1\" content=\"Escrito por\" \/>\n\t<meta name=\"twitter:data1\" content=\"Yucat\u00e1n en Corto FC\" \/>\n\t<meta name=\"twitter:label2\" content=\"Tiempo de lectura\" \/>\n\t<meta name=\"twitter:data2\" content=\"4 minutos\" \/>\n<script type=\"application\/ld+json\" class=\"yoast-schema-graph\">{\"@context\":\"https:\\\/\\\/schema.org\",\"@graph\":[{\"@type\":\"Article\",\"@id\":\"https:\\\/\\\/www.yucatanencorto.com\\\/noticias\\\/el-gobernador-mauricio-vila-dosal-continua-realizando-gestiones-para-impulsar-el-desarrollo-de-yucatan\\\/#article\",\"isPartOf\":{\"@id\":\"https:\\\/\\\/www.yucatanencorto.com\\\/noticias\\\/el-gobernador-mauricio-vila-dosal-continua-realizando-gestiones-para-impulsar-el-desarrollo-de-yucatan\\\/\"},\"author\":{\"name\":\"Yucat\u00e1n en Corto FC\",\"@id\":\"https:\\\/\\\/www.yucatanencorto.com\\\/noticias\\\/#\\\/schema\\\/person\\\/14f82d355225a1f4075dd84a31f45a72\"},\"headline\":\"El Gobernador Mauricio Vila Dosal contin\u00faa realizando gestiones para impulsar el desarrollo de Yucat\u00e1n\",\"datePublished\":\"2021-10-23T16:05:02+00:00\",\"mainEntityOfPage\":{\"@id\":\"https:\\\/\\\/www.yucatanencorto.com\\\/noticias\\\/el-gobernador-mauricio-vila-dosal-continua-realizando-gestiones-para-impulsar-el-desarrollo-de-yucatan\\\/\"},\"wordCount\":853,\"image\":{\"@id\":\"https:\\\/\\\/www.yucatanencorto.com\\\/noticias\\\/el-gobernador-mauricio-vila-dosal-continua-realizando-gestiones-para-impulsar-el-desarrollo-de-yucatan\\\/#primaryimage\"},\"thumbnailUrl\":\"https:\\\/\\\/www.yucatanencorto.com\\\/noticias\\\/wp-content\\\/uploads\\\/2021\\\/10\\\/image00002-5-scaled.jpeg\",\"articleSection\":[\"Yucat\u00e1n\"],\"inLanguage\":\"es\"},{\"@type\":\"WebPage\",\"@id\":\"https:\\\/\\\/www.yucatanencorto.com\\\/noticias\\\/el-gobernador-mauricio-vila-dosal-continua-realizando-gestiones-para-impulsar-el-desarrollo-de-yucatan\\\/\",\"url\":\"https:\\\/\\\/www.yucatanencorto.com\\\/noticias\\\/el-gobernador-mauricio-vila-dosal-continua-realizando-gestiones-para-impulsar-el-desarrollo-de-yucatan\\\/\",\"name\":\"El Gobernador Mauricio Vila Dosal contin\u00faa realizando gestiones para impulsar el desarrollo de Yucat\u00e1n - Yucat\u00e1n en corto\",\"isPartOf\":{\"@id\":\"https:\\\/\\\/www.yucatanencorto.com\\\/noticias\\\/#website\"},\"primaryImageOfPage\":{\"@id\":\"https:\\\/\\\/www.yucatanencorto.com\\\/noticias\\\/el-gobernador-mauricio-vila-dosal-continua-realizando-gestiones-para-impulsar-el-desarrollo-de-yucatan\\\/#primaryimage\"},\"image\":{\"@id\":\"https:\\\/\\\/www.yucatanencorto.com\\\/noticias\\\/el-gobernador-mauricio-vila-dosal-continua-realizando-gestiones-para-impulsar-el-desarrollo-de-yucatan\\\/#primaryimage\"},\"thumbnailUrl\":\"https:\\\/\\\/www.yucatanencorto.com\\\/noticias\\\/wp-content\\\/uploads\\\/2021\\\/10\\\/image00002-5-scaled.jpeg\",\"datePublished\":\"2021-10-23T16:05:02+00:00\",\"author\":{\"@id\":\"https:\\\/\\\/www.yucatanencorto.com\\\/noticias\\\/#\\\/schema\\\/person\\\/14f82d355225a1f4075dd84a31f45a72\"},\"breadcrumb\":{\"@id\":\"https:\\\/\\\/www.yucatanencorto.com\\\/noticias\\\/el-gobernador-mauricio-vila-dosal-continua-realizando-gestiones-para-impulsar-el-desarrollo-de-yucatan\\\/#breadcrumb\"},\"inLanguage\":\"es\",\"potentialAction\":[{\"@type\":\"ReadAction\",\"target\":[\"https:\\\/\\\/www.yucatanencorto.com\\\/noticias\\\/el-gobernador-mauricio-vila-dosal-continua-realizando-gestiones-para-impulsar-el-desarrollo-de-yucatan\\\/\"]}]},{\"@type\":\"ImageObject\",\"inLanguage\":\"es\",\"@id\":\"https:\\\/\\\/www.yucatanencorto.com\\\/noticias\\\/el-gobernador-mauricio-vila-dosal-continua-realizando-gestiones-para-impulsar-el-desarrollo-de-yucatan\\\/#primaryimage\",\"url\":\"https:\\\/\\\/www.yucatanencorto.com\\\/noticias\\\/wp-content\\\/uploads\\\/2021\\\/10\\\/image00002-5-scaled.jpeg\",\"contentUrl\":\"https:\\\/\\\/www.yucatanencorto.com\\\/noticias\\\/wp-content\\\/uploads\\\/2021\\\/10\\\/image00002-5-scaled.jpeg\",\"width\":768,\"height\":616},{\"@type\":\"BreadcrumbList\",\"@id\":\"https:\\\/\\\/www.yucatanencorto.com\\\/noticias\\\/el-gobernador-mauricio-vila-dosal-continua-realizando-gestiones-para-impulsar-el-desarrollo-de-yucatan\\\/#breadcrumb\",\"itemListElement\":[{\"@type\":\"ListItem\",\"position\":1,\"name\":\"Portada\",\"item\":\"https:\\\/\\\/www.yucatanencorto.com\\\/noticias\\\/\"},{\"@type\":\"ListItem\",\"position\":2,\"name\":\"El Gobernador Mauricio Vila Dosal contin\u00faa realizando gestiones para impulsar el desarrollo de Yucat\u00e1n\"}]},{\"@type\":\"WebSite\",\"@id\":\"https:\\\/\\\/www.yucatanencorto.com\\\/noticias\\\/#website\",\"url\":\"https:\\\/\\\/www.yucatanencorto.com\\\/noticias\\\/\",\"name\":\"Yucat\u00e1n en corto\",\"description\":\"Noticias\",\"potentialAction\":[{\"@type\":\"SearchAction\",\"target\":{\"@type\":\"EntryPoint\",\"urlTemplate\":\"https:\\\/\\\/www.yucatanencorto.com\\\/noticias\\\/?s={search_term_string}\"},\"query-input\":{\"@type\":\"PropertyValueSpecification\",\"valueRequired\":true,\"valueName\":\"search_term_string\"}}],\"inLanguage\":\"es\"},{\"@type\":\"Person\",\"@id\":\"https:\\\/\\\/www.yucatanencorto.com\\\/noticias\\\/#\\\/schema\\\/person\\\/14f82d355225a1f4075dd84a31f45a72\",\"name\":\"Yucat\u00e1n en Corto FC\",\"image\":{\"@type\":\"ImageObject\",\"inLanguage\":\"es\",\"@id\":\"https:\\\/\\\/secure.gravatar.com\\\/avatar\\\/147d4b30cd728c53c29c49a3f7834dedca33707f4cd259761355846009a88250?s=96&d=mm&r=g\",\"url\":\"https:\\\/\\\/secure.gravatar.com\\\/avatar\\\/147d4b30cd728c53c29c49a3f7834dedca33707f4cd259761355846009a88250?s=96&d=mm&r=g\",\"contentUrl\":\"https:\\\/\\\/secure.gravatar.com\\\/avatar\\\/147d4b30cd728c53c29c49a3f7834dedca33707f4cd259761355846009a88250?s=96&d=mm&r=g\",\"caption\":\"Yucat\u00e1n en Corto FC\"},\"url\":\"https:\\\/\\\/www.yucatanencorto.com\\\/noticias\\\/author\\\/flor\\\/\"}]}<\/script>\n<!-- \/ Yoast SEO plugin. -->","yoast_head_json":{"title":"El Gobernador Mauricio Vila Dosal contin\u00faa realizando gestiones para impulsar el desarrollo de Yucat\u00e1n - Yucat\u00e1n en corto","robots":{"index":"index","follow":"follow","max-snippet":"max-snippet:-1","max-image-preview":"max-image-preview:large","max-video-preview":"max-video-preview:-1"},"canonical":"https:\/\/www.yucatanencorto.com\/noticias\/el-gobernador-mauricio-vila-dosal-continua-realizando-gestiones-para-impulsar-el-desarrollo-de-yucatan\/","og_locale":"es_ES","og_type":"article","og_title":"El Gobernador Mauricio Vila Dosal contin\u00faa realizando gestiones para impulsar el desarrollo de Yucat\u00e1n - Yucat\u00e1n en corto","og_description":"Ciudad, de M\u00e9xico, 22 de octubre de 2021.- El Gobernador Mauricio Vila Dosal sostuvo un encuentro con el titular de la Secretar\u00eda de Marina (Semar), Almirante Jos\u00e9 Rafael Ojeda Dur\u00e1n, para dar seguimiento a los avances del Proyecto de Ampliaci\u00f3n y Modernizaci\u00f3n de Puerto de Altura de Progreso, obra que impulsar\u00e1 la competitividad del estado [&hellip;]","og_url":"https:\/\/www.yucatanencorto.com\/noticias\/el-gobernador-mauricio-vila-dosal-continua-realizando-gestiones-para-impulsar-el-desarrollo-de-yucatan\/","og_site_name":"Yucat\u00e1n en corto","article_publisher":"http:\/\/www.facebook.com\/yucatanencorto","article_published_time":"2021-10-23T16:05:02+00:00","og_image":[{"width":768,"height":616,"url":"https:\/\/www.yucatanencorto.com\/noticias\/wp-content\/uploads\/2021\/10\/image00002-5-scaled.jpeg","type":"image\/jpeg"}],"author":"Yucat\u00e1n en Corto FC","twitter_card":"summary_large_image","twitter_creator":"@yucatanencorto","twitter_site":"@yucatanencorto","twitter_misc":{"Escrito por":"Yucat\u00e1n en Corto FC","Tiempo de lectura":"4 minutos"},"schema":{"@context":"https:\/\/schema.org","@graph":[{"@type":"Article","@id":"https:\/\/www.yucatanencorto.com\/noticias\/el-gobernador-mauricio-vila-dosal-continua-realizando-gestiones-para-impulsar-el-desarrollo-de-yucatan\/#article","isPartOf":{"@id":"https:\/\/www.yucatanencorto.com\/noticias\/el-gobernador-mauricio-vila-dosal-continua-realizando-gestiones-para-impulsar-el-desarrollo-de-yucatan\/"},"author":{"name":"Yucat\u00e1n en Corto FC","@id":"https:\/\/www.yucatanencorto.com\/noticias\/#\/schema\/person\/14f82d355225a1f4075dd84a31f45a72"},"headline":"El Gobernador Mauricio Vila Dosal contin\u00faa realizando gestiones para impulsar el desarrollo de Yucat\u00e1n","datePublished":"2021-10-23T16:05:02+00:00","mainEntityOfPage":{"@id":"https:\/\/www.yucatanencorto.com\/noticias\/el-gobernador-mauricio-vila-dosal-continua-realizando-gestiones-para-impulsar-el-desarrollo-de-yucatan\/"},"wordCount":853,"image":{"@id":"https:\/\/www.yucatanencorto.com\/noticias\/el-gobernador-mauricio-vila-dosal-continua-realizando-gestiones-para-impulsar-el-desarrollo-de-yucatan\/#primaryimage"},"thumbnailUrl":"https:\/\/www.yucatanencorto.com\/noticias\/wp-content\/uploads\/2021\/10\/image00002-5-scaled.jpeg","articleSection":["Yucat\u00e1n"],"inLanguage":"es"},{"@type":"WebPage","@id":"https:\/\/www.yucatanencorto.com\/noticias\/el-gobernador-mauricio-vila-dosal-continua-realizando-gestiones-para-impulsar-el-desarrollo-de-yucatan\/","url":"https:\/\/www.yucatanencorto.com\/noticias\/el-gobernador-mauricio-vila-dosal-continua-realizando-gestiones-para-impulsar-el-desarrollo-de-yucatan\/","name":"El Gobernador Mauricio Vila Dosal contin\u00faa realizando gestiones para impulsar el desarrollo de Yucat\u00e1n - Yucat\u00e1n en corto","isPartOf":{"@id":"https:\/\/www.yucatanencorto.com\/noticias\/#website"},"primaryImageOfPage":{"@id":"https:\/\/www.yucatanencorto.com\/noticias\/el-gobernador-mauricio-vila-dosal-continua-realizando-gestiones-para-impulsar-el-desarrollo-de-yucatan\/#primaryimage"},"image":{"@id":"https:\/\/www.yucatanencorto.com\/noticias\/el-gobernador-mauricio-vila-dosal-continua-realizando-gestiones-para-impulsar-el-desarrollo-de-yucatan\/#primaryimage"},"thumbnailUrl":"https:\/\/www.yucatanencorto.com\/noticias\/wp-content\/uploads\/2021\/10\/image00002-5-scaled.jpeg","datePublished":"2021-10-23T16:05:02+00:00","author":{"@id":"https:\/\/www.yucatanencorto.com\/noticias\/#\/schema\/person\/14f82d355225a1f4075dd84a31f45a72"},"breadcrumb":{"@id":"https:\/\/www.yucatanencorto.com\/noticias\/el-gobernador-mauricio-vila-dosal-continua-realizando-gestiones-para-impulsar-el-desarrollo-de-yucatan\/#breadcrumb"},"inLanguage":"es","potentialAction":[{"@type":"ReadAction","target":["https:\/\/www.yucatanencorto.com\/noticias\/el-gobernador-mauricio-vila-dosal-continua-realizando-gestiones-para-impulsar-el-desarrollo-de-yucatan\/"]}]},{"@type":"ImageObject","inLanguage":"es","@id":"https:\/\/www.yucatanencorto.com\/noticias\/el-gobernador-mauricio-vila-dosal-continua-realizando-gestiones-para-impulsar-el-desarrollo-de-yucatan\/#primaryimage","url":"https:\/\/www.yucatanencorto.com\/noticias\/wp-content\/uploads\/2021\/10\/image00002-5-scaled.jpeg","contentUrl":"https:\/\/www.yucatanencorto.com\/noticias\/wp-content\/uploads\/2021\/10\/image00002-5-scaled.jpeg","width":768,"height":616},{"@type":"BreadcrumbList","@id":"https:\/\/www.yucatanencorto.com\/noticias\/el-gobernador-mauricio-vila-dosal-continua-realizando-gestiones-para-impulsar-el-desarrollo-de-yucatan\/#breadcrumb","itemListElement":[{"@type":"ListItem","position":1,"name":"Portada","item":"https:\/\/www.yucatanencorto.com\/noticias\/"},{"@type":"ListItem","position":2,"name":"El Gobernador Mauricio Vila Dosal contin\u00faa realizando gestiones para impulsar el desarrollo de Yucat\u00e1n"}]},{"@type":"WebSite","@id":"https:\/\/www.yucatanencorto.com\/noticias\/#website","url":"https:\/\/www.yucatanencorto.com\/noticias\/","name":"Yucat\u00e1n en corto","description":"Noticias","potentialAction":[{"@type":"SearchAction","target":{"@type":"EntryPoint","urlTemplate":"https:\/\/www.yucatanencorto.com\/noticias\/?s={search_term_string}"},"query-input":{"@type":"PropertyValueSpecification","valueRequired":true,"valueName":"search_term_string"}}],"inLanguage":"es"},{"@type":"Person","@id":"https:\/\/www.yucatanencorto.com\/noticias\/#\/schema\/person\/14f82d355225a1f4075dd84a31f45a72","name":"Yucat\u00e1n en Corto FC","image":{"@type":"ImageObject","inLanguage":"es","@id":"https:\/\/secure.gravatar.com\/avatar\/147d4b30cd728c53c29c49a3f7834dedca33707f4cd259761355846009a88250?s=96&d=mm&r=g","url":"https:\/\/secure.gravatar.com\/avatar\/147d4b30cd728c53c29c49a3f7834dedca33707f4cd259761355846009a88250?s=96&d=mm&r=g","contentUrl":"https:\/\/secure.gravatar.com\/avatar\/147d4b30cd728c53c29c49a3f7834dedca33707f4cd259761355846009a88250?s=96&d=mm&r=g","caption":"Yucat\u00e1n en Corto FC"},"url":"https:\/\/www.yucatanencorto.com\/noticias\/author\/flor\/"}]}},"_links":{"self":[{"href":"https:\/\/www.yucatanencorto.com\/noticias\/wp-json\/wp\/v2\/posts\/86975","targetHints":{"allow":["GET"]}}],"collection":[{"href":"https:\/\/www.yucatanencorto.com\/noticias\/wp-json\/wp\/v2\/posts"}],"about":[{"href":"https:\/\/www.yucatanencorto.com\/noticias\/wp-json\/wp\/v2\/types\/post"}],"author":[{"embeddable":true,"href":"https:\/\/www.yucatanencorto.com\/noticias\/wp-json\/wp\/v2\/users\/2"}],"replies":[{"embeddable":true,"href":"https:\/\/www.yucatanencorto.com\/noticias\/wp-json\/wp\/v2\/comments?post=86975"}],"version-history":[{"count":0,"href":"https:\/\/www.yucatanencorto.com\/noticias\/wp-json\/wp\/v2\/posts\/86975\/revisions"}],"wp:featuredmedia":[{"embeddable":true,"href":"https:\/\/www.yucatanencorto.com\/noticias\/wp-json\/wp\/v2\/media\/86976"}],"wp:attachment":[{"href":"https:\/\/www.yucatanencorto.com\/noticias\/wp-json\/wp\/v2\/media?parent=86975"}],"wp:term":[{"taxonomy":"category","embeddable":true,"href":"https:\/\/www.yucatanencorto.com\/noticias\/wp-json\/wp\/v2\/categories?post=86975"},{"taxonomy":"post_tag","embeddable":true,"href":"https:\/\/www.yucatanencorto.com\/noticias\/wp-json\/wp\/v2\/tags?post=86975"}],"curies":[{"name":"wp","href":"https:\/\/api.w.org\/{rel}","templated":true}]}}