{"id":86978,"date":"2021-10-23T11:15:57","date_gmt":"2021-10-23T16:15:57","guid":{"rendered":"https:\/\/www.yucatanencorto.com\/noticias\/?p=86978"},"modified":"2021-10-23T11:15:57","modified_gmt":"2021-10-23T16:15:57","slug":"anuncia-vila-la-construccion-de-un-nuevo-hospital-ohoran","status":"publish","type":"post","link":"https:\/\/www.yucatanencorto.com\/noticias\/anuncia-vila-la-construccion-de-un-nuevo-hospital-ohoran\/","title":{"rendered":"Anuncia Vila la construcci\u00f3n de un nuevo Hospital O\u2019Hor\u00e1n"},"content":{"rendered":"<p><img loading=\"lazy\" decoding=\"async\" class=\"alignnone size-full wp-image-86979\" src=\"https:\/\/www.yucatanencorto.com\/noticias\/wp-content\/uploads\/2021\/10\/photo_2021-10-23_11-14-09-scaled.jpg\" alt=\"\" width=\"768\" height=\"512\" srcset=\"https:\/\/www.yucatanencorto.com\/noticias\/wp-content\/uploads\/2021\/10\/photo_2021-10-23_11-14-09-scaled.jpg 768w, https:\/\/www.yucatanencorto.com\/noticias\/wp-content\/uploads\/2021\/10\/photo_2021-10-23_11-14-09-696x464.jpg 696w, https:\/\/www.yucatanencorto.com\/noticias\/wp-content\/uploads\/2021\/10\/photo_2021-10-23_11-14-09-1068x712.jpg 1068w, https:\/\/www.yucatanencorto.com\/noticias\/wp-content\/uploads\/2021\/10\/photo_2021-10-23_11-14-09-630x420.jpg 630w\" sizes=\"auto, (max-width: 768px) 100vw, 768px\" \/><\/p>\n<p>M\u00e9rida, Yuc., 23 de Oct.- En la conmemoraci\u00f3n por el D\u00eda del M\u00e9dico, el Gobernador Mauricio Vila Dosal anunci\u00f3 que se construir\u00e1 un nuevo Hospital O&#8217;Hor\u00e1n, por lo que ya se trabaja ante las autoridades federales en la fase final del proceso de autorizaci\u00f3n del proyecto.<\/p>\n<p>\u201cPlatiqu\u00e9 hace a\u00f1o y medio con el presidente y me dijo pues Gobernado haz el proyecto, ve que te lo aprueben y nos volvemos a sentar. No s\u00e9 si ustedes saben, pero conseguir la aprobaci\u00f3n de un proyecto para un nuevo hospital literalmente es un viacrucis, primero tiene que contar con un arquitecto que sepa del tema, ellos dise\u00f1an el hospital y luego hay que pasar por una serie de autorizaciones de parte de algunas dependencias del Gobierno federal\u201d, coment\u00f3 Vila Dosal.<\/p>\n<p>Durante la ceremonia, realizada en el Monumento al M\u00e9dico, el Gobernador inform\u00f3 que actualmente se est\u00e1 en la parte final de la aprobaci\u00f3n y despu\u00e9s se tendr\u00e1 que buscar el registro del proyecto ante la Secretar\u00eda de Hacienda, lo cual se\u00f1al\u00f3 que no es tan complicado y lo sabemos hacer.<\/p>\n<p>\u201cDe a ah\u00ed me voy a volver a sentar con el presidente y le voy a decir presidente, como quedamos, aqu\u00ed est\u00e1 ya el proyecto del hospital O\u2019hor\u00e1n y estoy seguro de que vamos a tener una respuesta positiva a esta gesti\u00f3n\u201d, asever\u00f3 Vila Dosal.<\/p>\n<p>Sobre la necesidad de un nuevo hospital O\u2019Hor\u00e1n, el Gobernador record\u00f3 que el actual, de acuerdo con los datos que se tienen, fue inaugurado en febrero de 1906, por lo que la cantidad de parches, arreglos y remedios que tiene hacen m\u00e1s dif\u00edcil y complicada su operaci\u00f3n, \u201cevidentemente, tener un hospital bien dise\u00f1ado y con nuevas instalaciones mejorar\u00eda mucho la atenci\u00f3n m\u00e9dica que se da y los espacios para todo el personal sanitario\u201d.<\/p>\n<p>De acuerdo con lo proyectado, el nuevo hospital sustituir\u00e1 al que existe actualmente con la misma capacidad y mismos servicios. Se construir\u00eda en terrenos cercanos al Hospital Materno Infantil y al de la Amistad Corea-M\u00e9xico. Actualmente el O\u00b4Hor\u00e1n cuenta con 450 camas censables y atienden a m\u00e1s de 800 pacientes.<\/p>\n","protected":false},"excerpt":{"rendered":"<p>M\u00e9rida, Yuc., 23 de Oct.- En la conmemoraci\u00f3n por el D\u00eda del M\u00e9dico, el Gobernador Mauricio Vila Dosal anunci\u00f3 que se construir\u00e1 un nuevo Hospital O&#8217;Hor\u00e1n, por lo que ya se trabaja ante las autoridades federales en la fase final del proceso de autorizaci\u00f3n del proyecto. \u201cPlatiqu\u00e9 hace a\u00f1o y medio con el presidente y [&hellip;]<\/p>\n","protected":false},"author":2,"featured_media":86979,"comment_status":"closed","ping_status":"closed","sticky":false,"template":"","format":"standard","meta":{"footnotes":""},"categories":[3],"tags":[],"class_list":{"0":"post-86978","1":"post","2":"type-post","3":"status-publish","4":"format-standard","5":"has-post-thumbnail","7":"category-yucatan"},"yoast_head":"<!-- This site is optimized with the Yoast SEO plugin v27.4 - https:\/\/yoast.com\/product\/yoast-seo-wordpress\/ -->\n<title>Anuncia Vila la construcci\u00f3n de un nuevo Hospital O\u2019Hor\u00e1n - Yucat\u00e1n en corto<\/title>\n<meta name=\"robots\" content=\"index, follow, max-snippet:-1, max-image-preview:large, max-video-preview:-1\" \/>\n<link rel=\"canonical\" href=\"https:\/\/www.yucatanencorto.com\/noticias\/anuncia-vila-la-construccion-de-un-nuevo-hospital-ohoran\/\" \/>\n<meta property=\"og:locale\" content=\"es_ES\" \/>\n<meta property=\"og:type\" content=\"article\" \/>\n<meta property=\"og:title\" content=\"Anuncia Vila la construcci\u00f3n de un nuevo Hospital O\u2019Hor\u00e1n - Yucat\u00e1n en corto\" \/>\n<meta property=\"og:description\" content=\"M\u00e9rida, Yuc., 23 de Oct.- En la conmemoraci\u00f3n por el D\u00eda del M\u00e9dico, el Gobernador Mauricio Vila Dosal anunci\u00f3 que se construir\u00e1 un nuevo Hospital O&#8217;Hor\u00e1n, por lo que ya se trabaja ante las autoridades federales en la fase final del proceso de autorizaci\u00f3n del proyecto. \u201cPlatiqu\u00e9 hace a\u00f1o y medio con el presidente y [&hellip;]\" \/>\n<meta property=\"og:url\" content=\"https:\/\/www.yucatanencorto.com\/noticias\/anuncia-vila-la-construccion-de-un-nuevo-hospital-ohoran\/\" \/>\n<meta property=\"og:site_name\" content=\"Yucat\u00e1n en corto\" \/>\n<meta property=\"article:publisher\" content=\"http:\/\/www.facebook.com\/yucatanencorto\" \/>\n<meta property=\"article:published_time\" content=\"2021-10-23T16:15:57+00:00\" \/>\n<meta property=\"og:image\" content=\"https:\/\/www.yucatanencorto.com\/noticias\/wp-content\/uploads\/2021\/10\/photo_2021-10-23_11-14-09-scaled.jpg\" \/>\n\t<meta property=\"og:image:width\" content=\"768\" \/>\n\t<meta property=\"og:image:height\" content=\"512\" \/>\n\t<meta property=\"og:image:type\" content=\"image\/jpeg\" \/>\n<meta name=\"author\" content=\"Yucat\u00e1n en Corto FC\" \/>\n<meta name=\"twitter:card\" content=\"summary_large_image\" \/>\n<meta name=\"twitter:creator\" content=\"@yucatanencorto\" \/>\n<meta name=\"twitter:site\" content=\"@yucatanencorto\" \/>\n<meta name=\"twitter:label1\" content=\"Escrito por\" \/>\n\t<meta name=\"twitter:data1\" content=\"Yucat\u00e1n en Corto FC\" \/>\n\t<meta name=\"twitter:label2\" content=\"Tiempo de lectura\" \/>\n\t<meta name=\"twitter:data2\" content=\"2 minutos\" \/>\n<script type=\"application\/ld+json\" class=\"yoast-schema-graph\">{\"@context\":\"https:\\\/\\\/schema.org\",\"@graph\":[{\"@type\":\"Article\",\"@id\":\"https:\\\/\\\/www.yucatanencorto.com\\\/noticias\\\/anuncia-vila-la-construccion-de-un-nuevo-hospital-ohoran\\\/#article\",\"isPartOf\":{\"@id\":\"https:\\\/\\\/www.yucatanencorto.com\\\/noticias\\\/anuncia-vila-la-construccion-de-un-nuevo-hospital-ohoran\\\/\"},\"author\":{\"name\":\"Yucat\u00e1n en Corto FC\",\"@id\":\"https:\\\/\\\/www.yucatanencorto.com\\\/noticias\\\/#\\\/schema\\\/person\\\/14f82d355225a1f4075dd84a31f45a72\"},\"headline\":\"Anuncia Vila la construcci\u00f3n de un nuevo Hospital O\u2019Hor\u00e1n\",\"datePublished\":\"2021-10-23T16:15:57+00:00\",\"mainEntityOfPage\":{\"@id\":\"https:\\\/\\\/www.yucatanencorto.com\\\/noticias\\\/anuncia-vila-la-construccion-de-un-nuevo-hospital-ohoran\\\/\"},\"wordCount\":387,\"image\":{\"@id\":\"https:\\\/\\\/www.yucatanencorto.com\\\/noticias\\\/anuncia-vila-la-construccion-de-un-nuevo-hospital-ohoran\\\/#primaryimage\"},\"thumbnailUrl\":\"https:\\\/\\\/www.yucatanencorto.com\\\/noticias\\\/wp-content\\\/uploads\\\/2021\\\/10\\\/photo_2021-10-23_11-14-09-scaled.jpg\",\"articleSection\":[\"Yucat\u00e1n\"],\"inLanguage\":\"es\"},{\"@type\":\"WebPage\",\"@id\":\"https:\\\/\\\/www.yucatanencorto.com\\\/noticias\\\/anuncia-vila-la-construccion-de-un-nuevo-hospital-ohoran\\\/\",\"url\":\"https:\\\/\\\/www.yucatanencorto.com\\\/noticias\\\/anuncia-vila-la-construccion-de-un-nuevo-hospital-ohoran\\\/\",\"name\":\"Anuncia Vila la construcci\u00f3n de un nuevo Hospital O\u2019Hor\u00e1n - Yucat\u00e1n en corto\",\"isPartOf\":{\"@id\":\"https:\\\/\\\/www.yucatanencorto.com\\\/noticias\\\/#website\"},\"primaryImageOfPage\":{\"@id\":\"https:\\\/\\\/www.yucatanencorto.com\\\/noticias\\\/anuncia-vila-la-construccion-de-un-nuevo-hospital-ohoran\\\/#primaryimage\"},\"image\":{\"@id\":\"https:\\\/\\\/www.yucatanencorto.com\\\/noticias\\\/anuncia-vila-la-construccion-de-un-nuevo-hospital-ohoran\\\/#primaryimage\"},\"thumbnailUrl\":\"https:\\\/\\\/www.yucatanencorto.com\\\/noticias\\\/wp-content\\\/uploads\\\/2021\\\/10\\\/photo_2021-10-23_11-14-09-scaled.jpg\",\"datePublished\":\"2021-10-23T16:15:57+00:00\",\"author\":{\"@id\":\"https:\\\/\\\/www.yucatanencorto.com\\\/noticias\\\/#\\\/schema\\\/person\\\/14f82d355225a1f4075dd84a31f45a72\"},\"breadcrumb\":{\"@id\":\"https:\\\/\\\/www.yucatanencorto.com\\\/noticias\\\/anuncia-vila-la-construccion-de-un-nuevo-hospital-ohoran\\\/#breadcrumb\"},\"inLanguage\":\"es\",\"potentialAction\":[{\"@type\":\"ReadAction\",\"target\":[\"https:\\\/\\\/www.yucatanencorto.com\\\/noticias\\\/anuncia-vila-la-construccion-de-un-nuevo-hospital-ohoran\\\/\"]}]},{\"@type\":\"ImageObject\",\"inLanguage\":\"es\",\"@id\":\"https:\\\/\\\/www.yucatanencorto.com\\\/noticias\\\/anuncia-vila-la-construccion-de-un-nuevo-hospital-ohoran\\\/#primaryimage\",\"url\":\"https:\\\/\\\/www.yucatanencorto.com\\\/noticias\\\/wp-content\\\/uploads\\\/2021\\\/10\\\/photo_2021-10-23_11-14-09-scaled.jpg\",\"contentUrl\":\"https:\\\/\\\/www.yucatanencorto.com\\\/noticias\\\/wp-content\\\/uploads\\\/2021\\\/10\\\/photo_2021-10-23_11-14-09-scaled.jpg\",\"width\":768,\"height\":512},{\"@type\":\"BreadcrumbList\",\"@id\":\"https:\\\/\\\/www.yucatanencorto.com\\\/noticias\\\/anuncia-vila-la-construccion-de-un-nuevo-hospital-ohoran\\\/#breadcrumb\",\"itemListElement\":[{\"@type\":\"ListItem\",\"position\":1,\"name\":\"Portada\",\"item\":\"https:\\\/\\\/www.yucatanencorto.com\\\/noticias\\\/\"},{\"@type\":\"ListItem\",\"position\":2,\"name\":\"Anuncia Vila la construcci\u00f3n de un nuevo Hospital O\u2019Hor\u00e1n\"}]},{\"@type\":\"WebSite\",\"@id\":\"https:\\\/\\\/www.yucatanencorto.com\\\/noticias\\\/#website\",\"url\":\"https:\\\/\\\/www.yucatanencorto.com\\\/noticias\\\/\",\"name\":\"Yucat\u00e1n en corto\",\"description\":\"Noticias\",\"potentialAction\":[{\"@type\":\"SearchAction\",\"target\":{\"@type\":\"EntryPoint\",\"urlTemplate\":\"https:\\\/\\\/www.yucatanencorto.com\\\/noticias\\\/?s={search_term_string}\"},\"query-input\":{\"@type\":\"PropertyValueSpecification\",\"valueRequired\":true,\"valueName\":\"search_term_string\"}}],\"inLanguage\":\"es\"},{\"@type\":\"Person\",\"@id\":\"https:\\\/\\\/www.yucatanencorto.com\\\/noticias\\\/#\\\/schema\\\/person\\\/14f82d355225a1f4075dd84a31f45a72\",\"name\":\"Yucat\u00e1n en Corto FC\",\"image\":{\"@type\":\"ImageObject\",\"inLanguage\":\"es\",\"@id\":\"https:\\\/\\\/secure.gravatar.com\\\/avatar\\\/147d4b30cd728c53c29c49a3f7834dedca33707f4cd259761355846009a88250?s=96&d=mm&r=g\",\"url\":\"https:\\\/\\\/secure.gravatar.com\\\/avatar\\\/147d4b30cd728c53c29c49a3f7834dedca33707f4cd259761355846009a88250?s=96&d=mm&r=g\",\"contentUrl\":\"https:\\\/\\\/secure.gravatar.com\\\/avatar\\\/147d4b30cd728c53c29c49a3f7834dedca33707f4cd259761355846009a88250?s=96&d=mm&r=g\",\"caption\":\"Yucat\u00e1n en Corto FC\"},\"url\":\"https:\\\/\\\/www.yucatanencorto.com\\\/noticias\\\/author\\\/flor\\\/\"}]}<\/script>\n<!-- \/ Yoast SEO plugin. -->","yoast_head_json":{"title":"Anuncia Vila la construcci\u00f3n de un nuevo Hospital O\u2019Hor\u00e1n - Yucat\u00e1n en corto","robots":{"index":"index","follow":"follow","max-snippet":"max-snippet:-1","max-image-preview":"max-image-preview:large","max-video-preview":"max-video-preview:-1"},"canonical":"https:\/\/www.yucatanencorto.com\/noticias\/anuncia-vila-la-construccion-de-un-nuevo-hospital-ohoran\/","og_locale":"es_ES","og_type":"article","og_title":"Anuncia Vila la construcci\u00f3n de un nuevo Hospital O\u2019Hor\u00e1n - Yucat\u00e1n en corto","og_description":"M\u00e9rida, Yuc., 23 de Oct.- En la conmemoraci\u00f3n por el D\u00eda del M\u00e9dico, el Gobernador Mauricio Vila Dosal anunci\u00f3 que se construir\u00e1 un nuevo Hospital O&#8217;Hor\u00e1n, por lo que ya se trabaja ante las autoridades federales en la fase final del proceso de autorizaci\u00f3n del proyecto. \u201cPlatiqu\u00e9 hace a\u00f1o y medio con el presidente y [&hellip;]","og_url":"https:\/\/www.yucatanencorto.com\/noticias\/anuncia-vila-la-construccion-de-un-nuevo-hospital-ohoran\/","og_site_name":"Yucat\u00e1n en corto","article_publisher":"http:\/\/www.facebook.com\/yucatanencorto","article_published_time":"2021-10-23T16:15:57+00:00","og_image":[{"width":768,"height":512,"url":"https:\/\/www.yucatanencorto.com\/noticias\/wp-content\/uploads\/2021\/10\/photo_2021-10-23_11-14-09-scaled.jpg","type":"image\/jpeg"}],"author":"Yucat\u00e1n en Corto FC","twitter_card":"summary_large_image","twitter_creator":"@yucatanencorto","twitter_site":"@yucatanencorto","twitter_misc":{"Escrito por":"Yucat\u00e1n en Corto FC","Tiempo de lectura":"2 minutos"},"schema":{"@context":"https:\/\/schema.org","@graph":[{"@type":"Article","@id":"https:\/\/www.yucatanencorto.com\/noticias\/anuncia-vila-la-construccion-de-un-nuevo-hospital-ohoran\/#article","isPartOf":{"@id":"https:\/\/www.yucatanencorto.com\/noticias\/anuncia-vila-la-construccion-de-un-nuevo-hospital-ohoran\/"},"author":{"name":"Yucat\u00e1n en Corto FC","@id":"https:\/\/www.yucatanencorto.com\/noticias\/#\/schema\/person\/14f82d355225a1f4075dd84a31f45a72"},"headline":"Anuncia Vila la construcci\u00f3n de un nuevo Hospital O\u2019Hor\u00e1n","datePublished":"2021-10-23T16:15:57+00:00","mainEntityOfPage":{"@id":"https:\/\/www.yucatanencorto.com\/noticias\/anuncia-vila-la-construccion-de-un-nuevo-hospital-ohoran\/"},"wordCount":387,"image":{"@id":"https:\/\/www.yucatanencorto.com\/noticias\/anuncia-vila-la-construccion-de-un-nuevo-hospital-ohoran\/#primaryimage"},"thumbnailUrl":"https:\/\/www.yucatanencorto.com\/noticias\/wp-content\/uploads\/2021\/10\/photo_2021-10-23_11-14-09-scaled.jpg","articleSection":["Yucat\u00e1n"],"inLanguage":"es"},{"@type":"WebPage","@id":"https:\/\/www.yucatanencorto.com\/noticias\/anuncia-vila-la-construccion-de-un-nuevo-hospital-ohoran\/","url":"https:\/\/www.yucatanencorto.com\/noticias\/anuncia-vila-la-construccion-de-un-nuevo-hospital-ohoran\/","name":"Anuncia Vila la construcci\u00f3n de un nuevo Hospital O\u2019Hor\u00e1n - Yucat\u00e1n en corto","isPartOf":{"@id":"https:\/\/www.yucatanencorto.com\/noticias\/#website"},"primaryImageOfPage":{"@id":"https:\/\/www.yucatanencorto.com\/noticias\/anuncia-vila-la-construccion-de-un-nuevo-hospital-ohoran\/#primaryimage"},"image":{"@id":"https:\/\/www.yucatanencorto.com\/noticias\/anuncia-vila-la-construccion-de-un-nuevo-hospital-ohoran\/#primaryimage"},"thumbnailUrl":"https:\/\/www.yucatanencorto.com\/noticias\/wp-content\/uploads\/2021\/10\/photo_2021-10-23_11-14-09-scaled.jpg","datePublished":"2021-10-23T16:15:57+00:00","author":{"@id":"https:\/\/www.yucatanencorto.com\/noticias\/#\/schema\/person\/14f82d355225a1f4075dd84a31f45a72"},"breadcrumb":{"@id":"https:\/\/www.yucatanencorto.com\/noticias\/anuncia-vila-la-construccion-de-un-nuevo-hospital-ohoran\/#breadcrumb"},"inLanguage":"es","potentialAction":[{"@type":"ReadAction","target":["https:\/\/www.yucatanencorto.com\/noticias\/anuncia-vila-la-construccion-de-un-nuevo-hospital-ohoran\/"]}]},{"@type":"ImageObject","inLanguage":"es","@id":"https:\/\/www.yucatanencorto.com\/noticias\/anuncia-vila-la-construccion-de-un-nuevo-hospital-ohoran\/#primaryimage","url":"https:\/\/www.yucatanencorto.com\/noticias\/wp-content\/uploads\/2021\/10\/photo_2021-10-23_11-14-09-scaled.jpg","contentUrl":"https:\/\/www.yucatanencorto.com\/noticias\/wp-content\/uploads\/2021\/10\/photo_2021-10-23_11-14-09-scaled.jpg","width":768,"height":512},{"@type":"BreadcrumbList","@id":"https:\/\/www.yucatanencorto.com\/noticias\/anuncia-vila-la-construccion-de-un-nuevo-hospital-ohoran\/#breadcrumb","itemListElement":[{"@type":"ListItem","position":1,"name":"Portada","item":"https:\/\/www.yucatanencorto.com\/noticias\/"},{"@type":"ListItem","position":2,"name":"Anuncia Vila la construcci\u00f3n de un nuevo Hospital O\u2019Hor\u00e1n"}]},{"@type":"WebSite","@id":"https:\/\/www.yucatanencorto.com\/noticias\/#website","url":"https:\/\/www.yucatanencorto.com\/noticias\/","name":"Yucat\u00e1n en corto","description":"Noticias","potentialAction":[{"@type":"SearchAction","target":{"@type":"EntryPoint","urlTemplate":"https:\/\/www.yucatanencorto.com\/noticias\/?s={search_term_string}"},"query-input":{"@type":"PropertyValueSpecification","valueRequired":true,"valueName":"search_term_string"}}],"inLanguage":"es"},{"@type":"Person","@id":"https:\/\/www.yucatanencorto.com\/noticias\/#\/schema\/person\/14f82d355225a1f4075dd84a31f45a72","name":"Yucat\u00e1n en Corto FC","image":{"@type":"ImageObject","inLanguage":"es","@id":"https:\/\/secure.gravatar.com\/avatar\/147d4b30cd728c53c29c49a3f7834dedca33707f4cd259761355846009a88250?s=96&d=mm&r=g","url":"https:\/\/secure.gravatar.com\/avatar\/147d4b30cd728c53c29c49a3f7834dedca33707f4cd259761355846009a88250?s=96&d=mm&r=g","contentUrl":"https:\/\/secure.gravatar.com\/avatar\/147d4b30cd728c53c29c49a3f7834dedca33707f4cd259761355846009a88250?s=96&d=mm&r=g","caption":"Yucat\u00e1n en Corto FC"},"url":"https:\/\/www.yucatanencorto.com\/noticias\/author\/flor\/"}]}},"_links":{"self":[{"href":"https:\/\/www.yucatanencorto.com\/noticias\/wp-json\/wp\/v2\/posts\/86978","targetHints":{"allow":["GET"]}}],"collection":[{"href":"https:\/\/www.yucatanencorto.com\/noticias\/wp-json\/wp\/v2\/posts"}],"about":[{"href":"https:\/\/www.yucatanencorto.com\/noticias\/wp-json\/wp\/v2\/types\/post"}],"author":[{"embeddable":true,"href":"https:\/\/www.yucatanencorto.com\/noticias\/wp-json\/wp\/v2\/users\/2"}],"replies":[{"embeddable":true,"href":"https:\/\/www.yucatanencorto.com\/noticias\/wp-json\/wp\/v2\/comments?post=86978"}],"version-history":[{"count":0,"href":"https:\/\/www.yucatanencorto.com\/noticias\/wp-json\/wp\/v2\/posts\/86978\/revisions"}],"wp:featuredmedia":[{"embeddable":true,"href":"https:\/\/www.yucatanencorto.com\/noticias\/wp-json\/wp\/v2\/media\/86979"}],"wp:attachment":[{"href":"https:\/\/www.yucatanencorto.com\/noticias\/wp-json\/wp\/v2\/media?parent=86978"}],"wp:term":[{"taxonomy":"category","embeddable":true,"href":"https:\/\/www.yucatanencorto.com\/noticias\/wp-json\/wp\/v2\/categories?post=86978"},{"taxonomy":"post_tag","embeddable":true,"href":"https:\/\/www.yucatanencorto.com\/noticias\/wp-json\/wp\/v2\/tags?post=86978"}],"curies":[{"name":"wp","href":"https:\/\/api.w.org\/{rel}","templated":true}]}}