{"id":86985,"date":"2021-10-23T14:35:18","date_gmt":"2021-10-23T19:35:18","guid":{"rendered":"https:\/\/www.yucatanencorto.com\/noticias\/?p=86985"},"modified":"2021-10-23T14:35:18","modified_gmt":"2021-10-23T19:35:18","slug":"moto-electrica-plegable-para-guardar-debajo-del-escritorio","status":"publish","type":"post","link":"https:\/\/www.yucatanencorto.com\/noticias\/moto-electrica-plegable-para-guardar-debajo-del-escritorio\/","title":{"rendered":"Moto el\u00e9ctrica plegable para guardar debajo del escritorio"},"content":{"rendered":"<p><img loading=\"lazy\" decoding=\"async\" class=\"alignnone size-full wp-image-86986\" src=\"https:\/\/www.yucatanencorto.com\/noticias\/wp-content\/uploads\/2021\/10\/none-scaled.jpg\" alt=\"\" width=\"768\" height=\"768\" srcset=\"https:\/\/www.yucatanencorto.com\/noticias\/wp-content\/uploads\/2021\/10\/none-scaled.jpg 768w, https:\/\/www.yucatanencorto.com\/noticias\/wp-content\/uploads\/2021\/10\/none-696x696.jpg 696w, https:\/\/www.yucatanencorto.com\/noticias\/wp-content\/uploads\/2021\/10\/none-1068x1068.jpg 1068w, https:\/\/www.yucatanencorto.com\/noticias\/wp-content\/uploads\/2021\/10\/none-420x420.jpg 420w\" sizes=\"auto, (max-width: 768px) 100vw, 768px\" \/><\/p>\n<p>La Tatamel Bike, creaci\u00f3n de la empresa ICOMA es una moto el\u00e9ctrica, cuya principal caracter\u00edstica es su capacidad de\u00a0plegarse\u00a0de tal forma que incluso\u00a0cabe debajo\u00a0de un escritorio, lo que permitir\u00e1 no ocupar un espacio de estacionamiento.<\/p>\n<p>La moto fue desarrollada hace un a\u00f1o, sin embargo, ahora ya est\u00e1\u00a0lista\u00a0para que entre a producci\u00f3n y sus medidas son: 1.23 metros de largo, 1 metro de alto y 65 cent\u00edmetros de ancho; y, una vez plegada mide s\u00f3lo\u00a070 cm\u00a0de largo,\u00a068 cm\u00a0de alto y\u00a026 cm\u00a0de ancho.<\/p>\n<p>Su velocidad m\u00e1xima estimada es de\u00a040 km\/h\u00a0y con su bater\u00eda de fosfato de hierro y litio obtiene una autonom\u00eda de unos\u00a050 km\u00a0con una sola carga. Adem\u00e1s, la motocicleta tambi\u00e9n cuenta con una fuente de alimentaci\u00f3n port\u00e1til que puede darle energ\u00eda durante el camino.<\/p>\n<p>La empresa dice que por ahora la motocicleta se encuentra en proceso de producci\u00f3n y que anunciar\u00e1n en breve la fecha de su salida a la venta, a\u00fan no se sabe si la moto estar\u00e1 disponible afuera del mercado japon\u00e9s.<\/p>\n<p>Fuente: Xataka<\/p>\n<div class=\"article-asset-image article-asset-large\">\n<div class=\"asset-content\">\n<div class=\"base-wrapper-image\"><\/div>\n<\/div>\n<\/div>\n","protected":false},"excerpt":{"rendered":"<p>La Tatamel Bike, creaci\u00f3n de la empresa ICOMA es una moto el\u00e9ctrica, cuya principal caracter\u00edstica es su capacidad de\u00a0plegarse\u00a0de tal forma que incluso\u00a0cabe debajo\u00a0de un escritorio, lo que permitir\u00e1 no ocupar un espacio de estacionamiento. La moto fue desarrollada hace un a\u00f1o, sin embargo, ahora ya est\u00e1\u00a0lista\u00a0para que entre a producci\u00f3n y sus medidas son: [&hellip;]<\/p>\n","protected":false},"author":2,"featured_media":86986,"comment_status":"closed","ping_status":"closed","sticky":false,"template":"","format":"standard","meta":{"footnotes":""},"categories":[11],"tags":[],"class_list":{"0":"post-86985","1":"post","2":"type-post","3":"status-publish","4":"format-standard","5":"has-post-thumbnail","7":"category-tecnologia-y-ciencia"},"yoast_head":"<!-- This site is optimized with the Yoast SEO plugin v27.4 - https:\/\/yoast.com\/product\/yoast-seo-wordpress\/ -->\n<title>Moto el\u00e9ctrica plegable para guardar debajo del escritorio - Yucat\u00e1n en corto<\/title>\n<meta name=\"robots\" content=\"index, follow, max-snippet:-1, max-image-preview:large, max-video-preview:-1\" \/>\n<link rel=\"canonical\" href=\"https:\/\/www.yucatanencorto.com\/noticias\/moto-electrica-plegable-para-guardar-debajo-del-escritorio\/\" \/>\n<meta property=\"og:locale\" content=\"es_ES\" \/>\n<meta property=\"og:type\" content=\"article\" \/>\n<meta property=\"og:title\" content=\"Moto el\u00e9ctrica plegable para guardar debajo del escritorio - Yucat\u00e1n en corto\" \/>\n<meta property=\"og:description\" content=\"La Tatamel Bike, creaci\u00f3n de la empresa ICOMA es una moto el\u00e9ctrica, cuya principal caracter\u00edstica es su capacidad de\u00a0plegarse\u00a0de tal forma que incluso\u00a0cabe debajo\u00a0de un escritorio, lo que permitir\u00e1 no ocupar un espacio de estacionamiento. La moto fue desarrollada hace un a\u00f1o, sin embargo, ahora ya est\u00e1\u00a0lista\u00a0para que entre a producci\u00f3n y sus medidas son: [&hellip;]\" \/>\n<meta property=\"og:url\" content=\"https:\/\/www.yucatanencorto.com\/noticias\/moto-electrica-plegable-para-guardar-debajo-del-escritorio\/\" \/>\n<meta property=\"og:site_name\" content=\"Yucat\u00e1n en corto\" \/>\n<meta property=\"article:publisher\" content=\"http:\/\/www.facebook.com\/yucatanencorto\" \/>\n<meta property=\"article:published_time\" content=\"2021-10-23T19:35:18+00:00\" \/>\n<meta property=\"og:image\" content=\"https:\/\/www.yucatanencorto.com\/noticias\/wp-content\/uploads\/2021\/10\/none-scaled.jpg\" \/>\n\t<meta property=\"og:image:width\" content=\"768\" \/>\n\t<meta property=\"og:image:height\" content=\"768\" \/>\n\t<meta property=\"og:image:type\" content=\"image\/jpeg\" \/>\n<meta name=\"author\" content=\"Yucat\u00e1n en Corto FC\" \/>\n<meta name=\"twitter:card\" content=\"summary_large_image\" \/>\n<meta name=\"twitter:creator\" content=\"@yucatanencorto\" \/>\n<meta name=\"twitter:site\" content=\"@yucatanencorto\" \/>\n<meta name=\"twitter:label1\" content=\"Escrito por\" \/>\n\t<meta name=\"twitter:data1\" content=\"Yucat\u00e1n en Corto FC\" \/>\n\t<meta name=\"twitter:label2\" content=\"Tiempo de lectura\" \/>\n\t<meta name=\"twitter:data2\" content=\"1 minuto\" \/>\n<script type=\"application\/ld+json\" class=\"yoast-schema-graph\">{\"@context\":\"https:\\\/\\\/schema.org\",\"@graph\":[{\"@type\":\"Article\",\"@id\":\"https:\\\/\\\/www.yucatanencorto.com\\\/noticias\\\/moto-electrica-plegable-para-guardar-debajo-del-escritorio\\\/#article\",\"isPartOf\":{\"@id\":\"https:\\\/\\\/www.yucatanencorto.com\\\/noticias\\\/moto-electrica-plegable-para-guardar-debajo-del-escritorio\\\/\"},\"author\":{\"name\":\"Yucat\u00e1n en Corto FC\",\"@id\":\"https:\\\/\\\/www.yucatanencorto.com\\\/noticias\\\/#\\\/schema\\\/person\\\/14f82d355225a1f4075dd84a31f45a72\"},\"headline\":\"Moto el\u00e9ctrica plegable para guardar debajo del escritorio\",\"datePublished\":\"2021-10-23T19:35:18+00:00\",\"mainEntityOfPage\":{\"@id\":\"https:\\\/\\\/www.yucatanencorto.com\\\/noticias\\\/moto-electrica-plegable-para-guardar-debajo-del-escritorio\\\/\"},\"wordCount\":203,\"image\":{\"@id\":\"https:\\\/\\\/www.yucatanencorto.com\\\/noticias\\\/moto-electrica-plegable-para-guardar-debajo-del-escritorio\\\/#primaryimage\"},\"thumbnailUrl\":\"https:\\\/\\\/www.yucatanencorto.com\\\/noticias\\\/wp-content\\\/uploads\\\/2021\\\/10\\\/none-scaled.jpg\",\"articleSection\":[\"Tecnolog\u00eda y Ciencia\"],\"inLanguage\":\"es\"},{\"@type\":\"WebPage\",\"@id\":\"https:\\\/\\\/www.yucatanencorto.com\\\/noticias\\\/moto-electrica-plegable-para-guardar-debajo-del-escritorio\\\/\",\"url\":\"https:\\\/\\\/www.yucatanencorto.com\\\/noticias\\\/moto-electrica-plegable-para-guardar-debajo-del-escritorio\\\/\",\"name\":\"Moto el\u00e9ctrica plegable para guardar debajo del escritorio - Yucat\u00e1n en corto\",\"isPartOf\":{\"@id\":\"https:\\\/\\\/www.yucatanencorto.com\\\/noticias\\\/#website\"},\"primaryImageOfPage\":{\"@id\":\"https:\\\/\\\/www.yucatanencorto.com\\\/noticias\\\/moto-electrica-plegable-para-guardar-debajo-del-escritorio\\\/#primaryimage\"},\"image\":{\"@id\":\"https:\\\/\\\/www.yucatanencorto.com\\\/noticias\\\/moto-electrica-plegable-para-guardar-debajo-del-escritorio\\\/#primaryimage\"},\"thumbnailUrl\":\"https:\\\/\\\/www.yucatanencorto.com\\\/noticias\\\/wp-content\\\/uploads\\\/2021\\\/10\\\/none-scaled.jpg\",\"datePublished\":\"2021-10-23T19:35:18+00:00\",\"author\":{\"@id\":\"https:\\\/\\\/www.yucatanencorto.com\\\/noticias\\\/#\\\/schema\\\/person\\\/14f82d355225a1f4075dd84a31f45a72\"},\"breadcrumb\":{\"@id\":\"https:\\\/\\\/www.yucatanencorto.com\\\/noticias\\\/moto-electrica-plegable-para-guardar-debajo-del-escritorio\\\/#breadcrumb\"},\"inLanguage\":\"es\",\"potentialAction\":[{\"@type\":\"ReadAction\",\"target\":[\"https:\\\/\\\/www.yucatanencorto.com\\\/noticias\\\/moto-electrica-plegable-para-guardar-debajo-del-escritorio\\\/\"]}]},{\"@type\":\"ImageObject\",\"inLanguage\":\"es\",\"@id\":\"https:\\\/\\\/www.yucatanencorto.com\\\/noticias\\\/moto-electrica-plegable-para-guardar-debajo-del-escritorio\\\/#primaryimage\",\"url\":\"https:\\\/\\\/www.yucatanencorto.com\\\/noticias\\\/wp-content\\\/uploads\\\/2021\\\/10\\\/none-scaled.jpg\",\"contentUrl\":\"https:\\\/\\\/www.yucatanencorto.com\\\/noticias\\\/wp-content\\\/uploads\\\/2021\\\/10\\\/none-scaled.jpg\",\"width\":768,\"height\":768},{\"@type\":\"BreadcrumbList\",\"@id\":\"https:\\\/\\\/www.yucatanencorto.com\\\/noticias\\\/moto-electrica-plegable-para-guardar-debajo-del-escritorio\\\/#breadcrumb\",\"itemListElement\":[{\"@type\":\"ListItem\",\"position\":1,\"name\":\"Portada\",\"item\":\"https:\\\/\\\/www.yucatanencorto.com\\\/noticias\\\/\"},{\"@type\":\"ListItem\",\"position\":2,\"name\":\"Moto el\u00e9ctrica plegable para guardar debajo del escritorio\"}]},{\"@type\":\"WebSite\",\"@id\":\"https:\\\/\\\/www.yucatanencorto.com\\\/noticias\\\/#website\",\"url\":\"https:\\\/\\\/www.yucatanencorto.com\\\/noticias\\\/\",\"name\":\"Yucat\u00e1n en corto\",\"description\":\"Noticias\",\"potentialAction\":[{\"@type\":\"SearchAction\",\"target\":{\"@type\":\"EntryPoint\",\"urlTemplate\":\"https:\\\/\\\/www.yucatanencorto.com\\\/noticias\\\/?s={search_term_string}\"},\"query-input\":{\"@type\":\"PropertyValueSpecification\",\"valueRequired\":true,\"valueName\":\"search_term_string\"}}],\"inLanguage\":\"es\"},{\"@type\":\"Person\",\"@id\":\"https:\\\/\\\/www.yucatanencorto.com\\\/noticias\\\/#\\\/schema\\\/person\\\/14f82d355225a1f4075dd84a31f45a72\",\"name\":\"Yucat\u00e1n en Corto FC\",\"image\":{\"@type\":\"ImageObject\",\"inLanguage\":\"es\",\"@id\":\"https:\\\/\\\/secure.gravatar.com\\\/avatar\\\/147d4b30cd728c53c29c49a3f7834dedca33707f4cd259761355846009a88250?s=96&d=mm&r=g\",\"url\":\"https:\\\/\\\/secure.gravatar.com\\\/avatar\\\/147d4b30cd728c53c29c49a3f7834dedca33707f4cd259761355846009a88250?s=96&d=mm&r=g\",\"contentUrl\":\"https:\\\/\\\/secure.gravatar.com\\\/avatar\\\/147d4b30cd728c53c29c49a3f7834dedca33707f4cd259761355846009a88250?s=96&d=mm&r=g\",\"caption\":\"Yucat\u00e1n en Corto FC\"},\"url\":\"https:\\\/\\\/www.yucatanencorto.com\\\/noticias\\\/author\\\/flor\\\/\"}]}<\/script>\n<!-- \/ Yoast SEO plugin. -->","yoast_head_json":{"title":"Moto el\u00e9ctrica plegable para guardar debajo del escritorio - Yucat\u00e1n en corto","robots":{"index":"index","follow":"follow","max-snippet":"max-snippet:-1","max-image-preview":"max-image-preview:large","max-video-preview":"max-video-preview:-1"},"canonical":"https:\/\/www.yucatanencorto.com\/noticias\/moto-electrica-plegable-para-guardar-debajo-del-escritorio\/","og_locale":"es_ES","og_type":"article","og_title":"Moto el\u00e9ctrica plegable para guardar debajo del escritorio - Yucat\u00e1n en corto","og_description":"La Tatamel Bike, creaci\u00f3n de la empresa ICOMA es una moto el\u00e9ctrica, cuya principal caracter\u00edstica es su capacidad de\u00a0plegarse\u00a0de tal forma que incluso\u00a0cabe debajo\u00a0de un escritorio, lo que permitir\u00e1 no ocupar un espacio de estacionamiento. La moto fue desarrollada hace un a\u00f1o, sin embargo, ahora ya est\u00e1\u00a0lista\u00a0para que entre a producci\u00f3n y sus medidas son: [&hellip;]","og_url":"https:\/\/www.yucatanencorto.com\/noticias\/moto-electrica-plegable-para-guardar-debajo-del-escritorio\/","og_site_name":"Yucat\u00e1n en corto","article_publisher":"http:\/\/www.facebook.com\/yucatanencorto","article_published_time":"2021-10-23T19:35:18+00:00","og_image":[{"width":768,"height":768,"url":"https:\/\/www.yucatanencorto.com\/noticias\/wp-content\/uploads\/2021\/10\/none-scaled.jpg","type":"image\/jpeg"}],"author":"Yucat\u00e1n en Corto FC","twitter_card":"summary_large_image","twitter_creator":"@yucatanencorto","twitter_site":"@yucatanencorto","twitter_misc":{"Escrito por":"Yucat\u00e1n en Corto FC","Tiempo de lectura":"1 minuto"},"schema":{"@context":"https:\/\/schema.org","@graph":[{"@type":"Article","@id":"https:\/\/www.yucatanencorto.com\/noticias\/moto-electrica-plegable-para-guardar-debajo-del-escritorio\/#article","isPartOf":{"@id":"https:\/\/www.yucatanencorto.com\/noticias\/moto-electrica-plegable-para-guardar-debajo-del-escritorio\/"},"author":{"name":"Yucat\u00e1n en Corto FC","@id":"https:\/\/www.yucatanencorto.com\/noticias\/#\/schema\/person\/14f82d355225a1f4075dd84a31f45a72"},"headline":"Moto el\u00e9ctrica plegable para guardar debajo del escritorio","datePublished":"2021-10-23T19:35:18+00:00","mainEntityOfPage":{"@id":"https:\/\/www.yucatanencorto.com\/noticias\/moto-electrica-plegable-para-guardar-debajo-del-escritorio\/"},"wordCount":203,"image":{"@id":"https:\/\/www.yucatanencorto.com\/noticias\/moto-electrica-plegable-para-guardar-debajo-del-escritorio\/#primaryimage"},"thumbnailUrl":"https:\/\/www.yucatanencorto.com\/noticias\/wp-content\/uploads\/2021\/10\/none-scaled.jpg","articleSection":["Tecnolog\u00eda y Ciencia"],"inLanguage":"es"},{"@type":"WebPage","@id":"https:\/\/www.yucatanencorto.com\/noticias\/moto-electrica-plegable-para-guardar-debajo-del-escritorio\/","url":"https:\/\/www.yucatanencorto.com\/noticias\/moto-electrica-plegable-para-guardar-debajo-del-escritorio\/","name":"Moto el\u00e9ctrica plegable para guardar debajo del escritorio - Yucat\u00e1n en corto","isPartOf":{"@id":"https:\/\/www.yucatanencorto.com\/noticias\/#website"},"primaryImageOfPage":{"@id":"https:\/\/www.yucatanencorto.com\/noticias\/moto-electrica-plegable-para-guardar-debajo-del-escritorio\/#primaryimage"},"image":{"@id":"https:\/\/www.yucatanencorto.com\/noticias\/moto-electrica-plegable-para-guardar-debajo-del-escritorio\/#primaryimage"},"thumbnailUrl":"https:\/\/www.yucatanencorto.com\/noticias\/wp-content\/uploads\/2021\/10\/none-scaled.jpg","datePublished":"2021-10-23T19:35:18+00:00","author":{"@id":"https:\/\/www.yucatanencorto.com\/noticias\/#\/schema\/person\/14f82d355225a1f4075dd84a31f45a72"},"breadcrumb":{"@id":"https:\/\/www.yucatanencorto.com\/noticias\/moto-electrica-plegable-para-guardar-debajo-del-escritorio\/#breadcrumb"},"inLanguage":"es","potentialAction":[{"@type":"ReadAction","target":["https:\/\/www.yucatanencorto.com\/noticias\/moto-electrica-plegable-para-guardar-debajo-del-escritorio\/"]}]},{"@type":"ImageObject","inLanguage":"es","@id":"https:\/\/www.yucatanencorto.com\/noticias\/moto-electrica-plegable-para-guardar-debajo-del-escritorio\/#primaryimage","url":"https:\/\/www.yucatanencorto.com\/noticias\/wp-content\/uploads\/2021\/10\/none-scaled.jpg","contentUrl":"https:\/\/www.yucatanencorto.com\/noticias\/wp-content\/uploads\/2021\/10\/none-scaled.jpg","width":768,"height":768},{"@type":"BreadcrumbList","@id":"https:\/\/www.yucatanencorto.com\/noticias\/moto-electrica-plegable-para-guardar-debajo-del-escritorio\/#breadcrumb","itemListElement":[{"@type":"ListItem","position":1,"name":"Portada","item":"https:\/\/www.yucatanencorto.com\/noticias\/"},{"@type":"ListItem","position":2,"name":"Moto el\u00e9ctrica plegable para guardar debajo del escritorio"}]},{"@type":"WebSite","@id":"https:\/\/www.yucatanencorto.com\/noticias\/#website","url":"https:\/\/www.yucatanencorto.com\/noticias\/","name":"Yucat\u00e1n en corto","description":"Noticias","potentialAction":[{"@type":"SearchAction","target":{"@type":"EntryPoint","urlTemplate":"https:\/\/www.yucatanencorto.com\/noticias\/?s={search_term_string}"},"query-input":{"@type":"PropertyValueSpecification","valueRequired":true,"valueName":"search_term_string"}}],"inLanguage":"es"},{"@type":"Person","@id":"https:\/\/www.yucatanencorto.com\/noticias\/#\/schema\/person\/14f82d355225a1f4075dd84a31f45a72","name":"Yucat\u00e1n en Corto FC","image":{"@type":"ImageObject","inLanguage":"es","@id":"https:\/\/secure.gravatar.com\/avatar\/147d4b30cd728c53c29c49a3f7834dedca33707f4cd259761355846009a88250?s=96&d=mm&r=g","url":"https:\/\/secure.gravatar.com\/avatar\/147d4b30cd728c53c29c49a3f7834dedca33707f4cd259761355846009a88250?s=96&d=mm&r=g","contentUrl":"https:\/\/secure.gravatar.com\/avatar\/147d4b30cd728c53c29c49a3f7834dedca33707f4cd259761355846009a88250?s=96&d=mm&r=g","caption":"Yucat\u00e1n en Corto FC"},"url":"https:\/\/www.yucatanencorto.com\/noticias\/author\/flor\/"}]}},"_links":{"self":[{"href":"https:\/\/www.yucatanencorto.com\/noticias\/wp-json\/wp\/v2\/posts\/86985","targetHints":{"allow":["GET"]}}],"collection":[{"href":"https:\/\/www.yucatanencorto.com\/noticias\/wp-json\/wp\/v2\/posts"}],"about":[{"href":"https:\/\/www.yucatanencorto.com\/noticias\/wp-json\/wp\/v2\/types\/post"}],"author":[{"embeddable":true,"href":"https:\/\/www.yucatanencorto.com\/noticias\/wp-json\/wp\/v2\/users\/2"}],"replies":[{"embeddable":true,"href":"https:\/\/www.yucatanencorto.com\/noticias\/wp-json\/wp\/v2\/comments?post=86985"}],"version-history":[{"count":0,"href":"https:\/\/www.yucatanencorto.com\/noticias\/wp-json\/wp\/v2\/posts\/86985\/revisions"}],"wp:featuredmedia":[{"embeddable":true,"href":"https:\/\/www.yucatanencorto.com\/noticias\/wp-json\/wp\/v2\/media\/86986"}],"wp:attachment":[{"href":"https:\/\/www.yucatanencorto.com\/noticias\/wp-json\/wp\/v2\/media?parent=86985"}],"wp:term":[{"taxonomy":"category","embeddable":true,"href":"https:\/\/www.yucatanencorto.com\/noticias\/wp-json\/wp\/v2\/categories?post=86985"},{"taxonomy":"post_tag","embeddable":true,"href":"https:\/\/www.yucatanencorto.com\/noticias\/wp-json\/wp\/v2\/tags?post=86985"}],"curies":[{"name":"wp","href":"https:\/\/api.w.org\/{rel}","templated":true}]}}