{"id":86988,"date":"2021-10-23T14:42:23","date_gmt":"2021-10-23T19:42:23","guid":{"rendered":"https:\/\/www.yucatanencorto.com\/noticias\/?p=86988"},"modified":"2021-10-23T14:42:23","modified_gmt":"2021-10-23T19:42:23","slug":"alebrijes-gigantes-de-artesanos-oaxaquenos-son-exhibidos-en-nueva-york","status":"publish","type":"post","link":"https:\/\/www.yucatanencorto.com\/noticias\/alebrijes-gigantes-de-artesanos-oaxaquenos-son-exhibidos-en-nueva-york\/","title":{"rendered":"Alebrijes gigantes de artesanos oaxaque\u00f1os son exhibidos en Nueva York"},"content":{"rendered":"<p><img loading=\"lazy\" decoding=\"async\" class=\"alignnone size-full wp-image-86989\" src=\"https:\/\/www.yucatanencorto.com\/noticias\/wp-content\/uploads\/2021\/10\/FCUeqjTXsAgu4Ic-scaled.jpg\" alt=\"\" width=\"768\" height=\"512\" srcset=\"https:\/\/www.yucatanencorto.com\/noticias\/wp-content\/uploads\/2021\/10\/FCUeqjTXsAgu4Ic-scaled.jpg 768w, https:\/\/www.yucatanencorto.com\/noticias\/wp-content\/uploads\/2021\/10\/FCUeqjTXsAgu4Ic-696x464.jpg 696w, https:\/\/www.yucatanencorto.com\/noticias\/wp-content\/uploads\/2021\/10\/FCUeqjTXsAgu4Ic-630x420.jpg 630w\" sizes=\"auto, (max-width: 768px) 100vw, 768px\" \/><\/p>\n<p>Alebrijes gigantes obra de los artesanos oaxaque\u00f1os Jacobo y Mar\u00eda \u00c1ngeles fueron colocados en el Rockefeller Center de Nueva York. Con esta exposici\u00f3n comienza el \u00abMes de Oaxaca en los Estados Unidos\u00bb.<\/p>\n<p>Esta exposici\u00f3n es un espacio de promoci\u00f3n econ\u00f3mica y cultural realizado en coordinaci\u00f3n con el embajador de M\u00e9xico en Estados Unidos, Esteban Moctezuma Barrag\u00e1n, con el objetivo de acelerar la reactivaci\u00f3n\u00a0<span class=\"text_exposed_show\">de la entidad mediante la atracci\u00f3n de inversiones y el turismo.<\/span><\/p>\n<div class=\"text_exposed_show\">\n<p>\u201cQuiero decirles que estoy muy agradecido, puesto que Oaxaca tiene un prop\u00f3sito que nos gusta resumir en una frase: queremos m\u00e1s Oaxaca en el mundo y m\u00e1s del mundo en Oaxaca. Y al estar aqu\u00ed en el Rockefeller Center de Nueva York, develando estos alebrijes e iniciando esta jornada festiva de promoci\u00f3n econ\u00f3mica y cultural, sabemos que estamos logrando ese prop\u00f3sito\u201d, destac\u00f3 el gobernador de Oaxaca, Alejandro Murat.<\/p>\n<p>La directora general del Rockefeller Center, EB Kelly agradeci\u00f3 al Gobierno de Oaxaca y al Consulado General de M\u00e9xico en los Estados Unidos por hacer posible la presencia de los \u201cGuardianes Monumentales\u201d en el Rockefeller Center, con lo que se consolida el papel de este espacio como una sede para las culturas del mundo.<\/p>\n<p>Posteriormente, del 26 de octubre al 20 de noviembre, se emprender\u00e1n actividades en Washington, D.C., entre las que destacan la instalaci\u00f3n de un colorido Altar de Muertos en el Instituto Cultural Mexicano y la muestra de la tradicional Guelaguetza y otras exhibiciones que prometen mostrar lo m\u00e1s representativo de la cultura oaxaque\u00f1a.<\/p>\n<p>Los alebrijes\u00a0monumentales son creaci\u00f3n del taller del taller\u00a0Jacobo y Mar\u00eda \u00c1ngeles,\u00a0ubicado en San Mart\u00edn Tilcajete, Oaxaca.<\/p>\n<p>Un taller con\u00a0m\u00e1s de 20 a\u00f1os de experiencia\u00a0en la elaboraci\u00f3n de \u00abtonas y nahuales\u00bb conocidos mundialmente como alebrijes. Las piezas son \u00fanicas y en su mayor\u00eda, talladas en madera de copal.<\/p>\n<p>Fuente: Milenio<\/p>\n<\/div>\n","protected":false},"excerpt":{"rendered":"<p>Alebrijes gigantes obra de los artesanos oaxaque\u00f1os Jacobo y Mar\u00eda \u00c1ngeles fueron colocados en el Rockefeller Center de Nueva York. Con esta exposici\u00f3n comienza el \u00abMes de Oaxaca en los Estados Unidos\u00bb. Esta exposici\u00f3n es un espacio de promoci\u00f3n econ\u00f3mica y cultural realizado en coordinaci\u00f3n con el embajador de M\u00e9xico en Estados Unidos, Esteban Moctezuma [&hellip;]<\/p>\n","protected":false},"author":2,"featured_media":86989,"comment_status":"closed","ping_status":"closed","sticky":false,"template":"","format":"standard","meta":{"footnotes":""},"categories":[7],"tags":[],"class_list":{"0":"post-86988","1":"post","2":"type-post","3":"status-publish","4":"format-standard","5":"has-post-thumbnail","7":"category-cultura"},"yoast_head":"<!-- This site is optimized with the Yoast SEO plugin v27.4 - https:\/\/yoast.com\/product\/yoast-seo-wordpress\/ -->\n<title>Alebrijes gigantes de artesanos oaxaque\u00f1os son exhibidos en Nueva York - Yucat\u00e1n en corto<\/title>\n<meta name=\"robots\" content=\"index, follow, max-snippet:-1, max-image-preview:large, max-video-preview:-1\" \/>\n<link rel=\"canonical\" href=\"https:\/\/www.yucatanencorto.com\/noticias\/alebrijes-gigantes-de-artesanos-oaxaquenos-son-exhibidos-en-nueva-york\/\" \/>\n<meta property=\"og:locale\" content=\"es_ES\" \/>\n<meta property=\"og:type\" content=\"article\" \/>\n<meta property=\"og:title\" content=\"Alebrijes gigantes de artesanos oaxaque\u00f1os son exhibidos en Nueva York - Yucat\u00e1n en corto\" \/>\n<meta property=\"og:description\" content=\"Alebrijes gigantes obra de los artesanos oaxaque\u00f1os Jacobo y Mar\u00eda \u00c1ngeles fueron colocados en el Rockefeller Center de Nueva York. Con esta exposici\u00f3n comienza el \u00abMes de Oaxaca en los Estados Unidos\u00bb. Esta exposici\u00f3n es un espacio de promoci\u00f3n econ\u00f3mica y cultural realizado en coordinaci\u00f3n con el embajador de M\u00e9xico en Estados Unidos, Esteban Moctezuma [&hellip;]\" \/>\n<meta property=\"og:url\" content=\"https:\/\/www.yucatanencorto.com\/noticias\/alebrijes-gigantes-de-artesanos-oaxaquenos-son-exhibidos-en-nueva-york\/\" \/>\n<meta property=\"og:site_name\" content=\"Yucat\u00e1n en corto\" \/>\n<meta property=\"article:publisher\" content=\"http:\/\/www.facebook.com\/yucatanencorto\" \/>\n<meta property=\"article:published_time\" content=\"2021-10-23T19:42:23+00:00\" \/>\n<meta property=\"og:image\" content=\"https:\/\/www.yucatanencorto.com\/noticias\/wp-content\/uploads\/2021\/10\/FCUeqjTXsAgu4Ic-scaled.jpg\" \/>\n\t<meta property=\"og:image:width\" content=\"768\" \/>\n\t<meta property=\"og:image:height\" content=\"512\" \/>\n\t<meta property=\"og:image:type\" content=\"image\/jpeg\" \/>\n<meta name=\"author\" content=\"Yucat\u00e1n en Corto FC\" \/>\n<meta name=\"twitter:card\" content=\"summary_large_image\" \/>\n<meta name=\"twitter:creator\" content=\"@yucatanencorto\" \/>\n<meta name=\"twitter:site\" content=\"@yucatanencorto\" \/>\n<meta name=\"twitter:label1\" content=\"Escrito por\" \/>\n\t<meta name=\"twitter:data1\" content=\"Yucat\u00e1n en Corto FC\" \/>\n\t<meta name=\"twitter:label2\" content=\"Tiempo de lectura\" \/>\n\t<meta name=\"twitter:data2\" content=\"2 minutos\" \/>\n<script type=\"application\/ld+json\" class=\"yoast-schema-graph\">{\"@context\":\"https:\\\/\\\/schema.org\",\"@graph\":[{\"@type\":\"Article\",\"@id\":\"https:\\\/\\\/www.yucatanencorto.com\\\/noticias\\\/alebrijes-gigantes-de-artesanos-oaxaquenos-son-exhibidos-en-nueva-york\\\/#article\",\"isPartOf\":{\"@id\":\"https:\\\/\\\/www.yucatanencorto.com\\\/noticias\\\/alebrijes-gigantes-de-artesanos-oaxaquenos-son-exhibidos-en-nueva-york\\\/\"},\"author\":{\"name\":\"Yucat\u00e1n en Corto FC\",\"@id\":\"https:\\\/\\\/www.yucatanencorto.com\\\/noticias\\\/#\\\/schema\\\/person\\\/14f82d355225a1f4075dd84a31f45a72\"},\"headline\":\"Alebrijes gigantes de artesanos oaxaque\u00f1os son exhibidos en Nueva York\",\"datePublished\":\"2021-10-23T19:42:23+00:00\",\"mainEntityOfPage\":{\"@id\":\"https:\\\/\\\/www.yucatanencorto.com\\\/noticias\\\/alebrijes-gigantes-de-artesanos-oaxaquenos-son-exhibidos-en-nueva-york\\\/\"},\"wordCount\":340,\"image\":{\"@id\":\"https:\\\/\\\/www.yucatanencorto.com\\\/noticias\\\/alebrijes-gigantes-de-artesanos-oaxaquenos-son-exhibidos-en-nueva-york\\\/#primaryimage\"},\"thumbnailUrl\":\"https:\\\/\\\/www.yucatanencorto.com\\\/noticias\\\/wp-content\\\/uploads\\\/2021\\\/10\\\/FCUeqjTXsAgu4Ic-scaled.jpg\",\"articleSection\":[\"Cultura\"],\"inLanguage\":\"es\"},{\"@type\":\"WebPage\",\"@id\":\"https:\\\/\\\/www.yucatanencorto.com\\\/noticias\\\/alebrijes-gigantes-de-artesanos-oaxaquenos-son-exhibidos-en-nueva-york\\\/\",\"url\":\"https:\\\/\\\/www.yucatanencorto.com\\\/noticias\\\/alebrijes-gigantes-de-artesanos-oaxaquenos-son-exhibidos-en-nueva-york\\\/\",\"name\":\"Alebrijes gigantes de artesanos oaxaque\u00f1os son exhibidos en Nueva York - Yucat\u00e1n en corto\",\"isPartOf\":{\"@id\":\"https:\\\/\\\/www.yucatanencorto.com\\\/noticias\\\/#website\"},\"primaryImageOfPage\":{\"@id\":\"https:\\\/\\\/www.yucatanencorto.com\\\/noticias\\\/alebrijes-gigantes-de-artesanos-oaxaquenos-son-exhibidos-en-nueva-york\\\/#primaryimage\"},\"image\":{\"@id\":\"https:\\\/\\\/www.yucatanencorto.com\\\/noticias\\\/alebrijes-gigantes-de-artesanos-oaxaquenos-son-exhibidos-en-nueva-york\\\/#primaryimage\"},\"thumbnailUrl\":\"https:\\\/\\\/www.yucatanencorto.com\\\/noticias\\\/wp-content\\\/uploads\\\/2021\\\/10\\\/FCUeqjTXsAgu4Ic-scaled.jpg\",\"datePublished\":\"2021-10-23T19:42:23+00:00\",\"author\":{\"@id\":\"https:\\\/\\\/www.yucatanencorto.com\\\/noticias\\\/#\\\/schema\\\/person\\\/14f82d355225a1f4075dd84a31f45a72\"},\"breadcrumb\":{\"@id\":\"https:\\\/\\\/www.yucatanencorto.com\\\/noticias\\\/alebrijes-gigantes-de-artesanos-oaxaquenos-son-exhibidos-en-nueva-york\\\/#breadcrumb\"},\"inLanguage\":\"es\",\"potentialAction\":[{\"@type\":\"ReadAction\",\"target\":[\"https:\\\/\\\/www.yucatanencorto.com\\\/noticias\\\/alebrijes-gigantes-de-artesanos-oaxaquenos-son-exhibidos-en-nueva-york\\\/\"]}]},{\"@type\":\"ImageObject\",\"inLanguage\":\"es\",\"@id\":\"https:\\\/\\\/www.yucatanencorto.com\\\/noticias\\\/alebrijes-gigantes-de-artesanos-oaxaquenos-son-exhibidos-en-nueva-york\\\/#primaryimage\",\"url\":\"https:\\\/\\\/www.yucatanencorto.com\\\/noticias\\\/wp-content\\\/uploads\\\/2021\\\/10\\\/FCUeqjTXsAgu4Ic-scaled.jpg\",\"contentUrl\":\"https:\\\/\\\/www.yucatanencorto.com\\\/noticias\\\/wp-content\\\/uploads\\\/2021\\\/10\\\/FCUeqjTXsAgu4Ic-scaled.jpg\",\"width\":768,\"height\":512},{\"@type\":\"BreadcrumbList\",\"@id\":\"https:\\\/\\\/www.yucatanencorto.com\\\/noticias\\\/alebrijes-gigantes-de-artesanos-oaxaquenos-son-exhibidos-en-nueva-york\\\/#breadcrumb\",\"itemListElement\":[{\"@type\":\"ListItem\",\"position\":1,\"name\":\"Portada\",\"item\":\"https:\\\/\\\/www.yucatanencorto.com\\\/noticias\\\/\"},{\"@type\":\"ListItem\",\"position\":2,\"name\":\"Alebrijes gigantes de artesanos oaxaque\u00f1os son exhibidos en Nueva York\"}]},{\"@type\":\"WebSite\",\"@id\":\"https:\\\/\\\/www.yucatanencorto.com\\\/noticias\\\/#website\",\"url\":\"https:\\\/\\\/www.yucatanencorto.com\\\/noticias\\\/\",\"name\":\"Yucat\u00e1n en corto\",\"description\":\"Noticias\",\"potentialAction\":[{\"@type\":\"SearchAction\",\"target\":{\"@type\":\"EntryPoint\",\"urlTemplate\":\"https:\\\/\\\/www.yucatanencorto.com\\\/noticias\\\/?s={search_term_string}\"},\"query-input\":{\"@type\":\"PropertyValueSpecification\",\"valueRequired\":true,\"valueName\":\"search_term_string\"}}],\"inLanguage\":\"es\"},{\"@type\":\"Person\",\"@id\":\"https:\\\/\\\/www.yucatanencorto.com\\\/noticias\\\/#\\\/schema\\\/person\\\/14f82d355225a1f4075dd84a31f45a72\",\"name\":\"Yucat\u00e1n en Corto FC\",\"image\":{\"@type\":\"ImageObject\",\"inLanguage\":\"es\",\"@id\":\"https:\\\/\\\/secure.gravatar.com\\\/avatar\\\/147d4b30cd728c53c29c49a3f7834dedca33707f4cd259761355846009a88250?s=96&d=mm&r=g\",\"url\":\"https:\\\/\\\/secure.gravatar.com\\\/avatar\\\/147d4b30cd728c53c29c49a3f7834dedca33707f4cd259761355846009a88250?s=96&d=mm&r=g\",\"contentUrl\":\"https:\\\/\\\/secure.gravatar.com\\\/avatar\\\/147d4b30cd728c53c29c49a3f7834dedca33707f4cd259761355846009a88250?s=96&d=mm&r=g\",\"caption\":\"Yucat\u00e1n en Corto FC\"},\"url\":\"https:\\\/\\\/www.yucatanencorto.com\\\/noticias\\\/author\\\/flor\\\/\"}]}<\/script>\n<!-- \/ Yoast SEO plugin. -->","yoast_head_json":{"title":"Alebrijes gigantes de artesanos oaxaque\u00f1os son exhibidos en Nueva York - Yucat\u00e1n en corto","robots":{"index":"index","follow":"follow","max-snippet":"max-snippet:-1","max-image-preview":"max-image-preview:large","max-video-preview":"max-video-preview:-1"},"canonical":"https:\/\/www.yucatanencorto.com\/noticias\/alebrijes-gigantes-de-artesanos-oaxaquenos-son-exhibidos-en-nueva-york\/","og_locale":"es_ES","og_type":"article","og_title":"Alebrijes gigantes de artesanos oaxaque\u00f1os son exhibidos en Nueva York - Yucat\u00e1n en corto","og_description":"Alebrijes gigantes obra de los artesanos oaxaque\u00f1os Jacobo y Mar\u00eda \u00c1ngeles fueron colocados en el Rockefeller Center de Nueva York. Con esta exposici\u00f3n comienza el \u00abMes de Oaxaca en los Estados Unidos\u00bb. Esta exposici\u00f3n es un espacio de promoci\u00f3n econ\u00f3mica y cultural realizado en coordinaci\u00f3n con el embajador de M\u00e9xico en Estados Unidos, Esteban Moctezuma [&hellip;]","og_url":"https:\/\/www.yucatanencorto.com\/noticias\/alebrijes-gigantes-de-artesanos-oaxaquenos-son-exhibidos-en-nueva-york\/","og_site_name":"Yucat\u00e1n en corto","article_publisher":"http:\/\/www.facebook.com\/yucatanencorto","article_published_time":"2021-10-23T19:42:23+00:00","og_image":[{"width":768,"height":512,"url":"https:\/\/www.yucatanencorto.com\/noticias\/wp-content\/uploads\/2021\/10\/FCUeqjTXsAgu4Ic-scaled.jpg","type":"image\/jpeg"}],"author":"Yucat\u00e1n en Corto FC","twitter_card":"summary_large_image","twitter_creator":"@yucatanencorto","twitter_site":"@yucatanencorto","twitter_misc":{"Escrito por":"Yucat\u00e1n en Corto FC","Tiempo de lectura":"2 minutos"},"schema":{"@context":"https:\/\/schema.org","@graph":[{"@type":"Article","@id":"https:\/\/www.yucatanencorto.com\/noticias\/alebrijes-gigantes-de-artesanos-oaxaquenos-son-exhibidos-en-nueva-york\/#article","isPartOf":{"@id":"https:\/\/www.yucatanencorto.com\/noticias\/alebrijes-gigantes-de-artesanos-oaxaquenos-son-exhibidos-en-nueva-york\/"},"author":{"name":"Yucat\u00e1n en Corto FC","@id":"https:\/\/www.yucatanencorto.com\/noticias\/#\/schema\/person\/14f82d355225a1f4075dd84a31f45a72"},"headline":"Alebrijes gigantes de artesanos oaxaque\u00f1os son exhibidos en Nueva York","datePublished":"2021-10-23T19:42:23+00:00","mainEntityOfPage":{"@id":"https:\/\/www.yucatanencorto.com\/noticias\/alebrijes-gigantes-de-artesanos-oaxaquenos-son-exhibidos-en-nueva-york\/"},"wordCount":340,"image":{"@id":"https:\/\/www.yucatanencorto.com\/noticias\/alebrijes-gigantes-de-artesanos-oaxaquenos-son-exhibidos-en-nueva-york\/#primaryimage"},"thumbnailUrl":"https:\/\/www.yucatanencorto.com\/noticias\/wp-content\/uploads\/2021\/10\/FCUeqjTXsAgu4Ic-scaled.jpg","articleSection":["Cultura"],"inLanguage":"es"},{"@type":"WebPage","@id":"https:\/\/www.yucatanencorto.com\/noticias\/alebrijes-gigantes-de-artesanos-oaxaquenos-son-exhibidos-en-nueva-york\/","url":"https:\/\/www.yucatanencorto.com\/noticias\/alebrijes-gigantes-de-artesanos-oaxaquenos-son-exhibidos-en-nueva-york\/","name":"Alebrijes gigantes de artesanos oaxaque\u00f1os son exhibidos en Nueva York - Yucat\u00e1n en corto","isPartOf":{"@id":"https:\/\/www.yucatanencorto.com\/noticias\/#website"},"primaryImageOfPage":{"@id":"https:\/\/www.yucatanencorto.com\/noticias\/alebrijes-gigantes-de-artesanos-oaxaquenos-son-exhibidos-en-nueva-york\/#primaryimage"},"image":{"@id":"https:\/\/www.yucatanencorto.com\/noticias\/alebrijes-gigantes-de-artesanos-oaxaquenos-son-exhibidos-en-nueva-york\/#primaryimage"},"thumbnailUrl":"https:\/\/www.yucatanencorto.com\/noticias\/wp-content\/uploads\/2021\/10\/FCUeqjTXsAgu4Ic-scaled.jpg","datePublished":"2021-10-23T19:42:23+00:00","author":{"@id":"https:\/\/www.yucatanencorto.com\/noticias\/#\/schema\/person\/14f82d355225a1f4075dd84a31f45a72"},"breadcrumb":{"@id":"https:\/\/www.yucatanencorto.com\/noticias\/alebrijes-gigantes-de-artesanos-oaxaquenos-son-exhibidos-en-nueva-york\/#breadcrumb"},"inLanguage":"es","potentialAction":[{"@type":"ReadAction","target":["https:\/\/www.yucatanencorto.com\/noticias\/alebrijes-gigantes-de-artesanos-oaxaquenos-son-exhibidos-en-nueva-york\/"]}]},{"@type":"ImageObject","inLanguage":"es","@id":"https:\/\/www.yucatanencorto.com\/noticias\/alebrijes-gigantes-de-artesanos-oaxaquenos-son-exhibidos-en-nueva-york\/#primaryimage","url":"https:\/\/www.yucatanencorto.com\/noticias\/wp-content\/uploads\/2021\/10\/FCUeqjTXsAgu4Ic-scaled.jpg","contentUrl":"https:\/\/www.yucatanencorto.com\/noticias\/wp-content\/uploads\/2021\/10\/FCUeqjTXsAgu4Ic-scaled.jpg","width":768,"height":512},{"@type":"BreadcrumbList","@id":"https:\/\/www.yucatanencorto.com\/noticias\/alebrijes-gigantes-de-artesanos-oaxaquenos-son-exhibidos-en-nueva-york\/#breadcrumb","itemListElement":[{"@type":"ListItem","position":1,"name":"Portada","item":"https:\/\/www.yucatanencorto.com\/noticias\/"},{"@type":"ListItem","position":2,"name":"Alebrijes gigantes de artesanos oaxaque\u00f1os son exhibidos en Nueva York"}]},{"@type":"WebSite","@id":"https:\/\/www.yucatanencorto.com\/noticias\/#website","url":"https:\/\/www.yucatanencorto.com\/noticias\/","name":"Yucat\u00e1n en corto","description":"Noticias","potentialAction":[{"@type":"SearchAction","target":{"@type":"EntryPoint","urlTemplate":"https:\/\/www.yucatanencorto.com\/noticias\/?s={search_term_string}"},"query-input":{"@type":"PropertyValueSpecification","valueRequired":true,"valueName":"search_term_string"}}],"inLanguage":"es"},{"@type":"Person","@id":"https:\/\/www.yucatanencorto.com\/noticias\/#\/schema\/person\/14f82d355225a1f4075dd84a31f45a72","name":"Yucat\u00e1n en Corto FC","image":{"@type":"ImageObject","inLanguage":"es","@id":"https:\/\/secure.gravatar.com\/avatar\/147d4b30cd728c53c29c49a3f7834dedca33707f4cd259761355846009a88250?s=96&d=mm&r=g","url":"https:\/\/secure.gravatar.com\/avatar\/147d4b30cd728c53c29c49a3f7834dedca33707f4cd259761355846009a88250?s=96&d=mm&r=g","contentUrl":"https:\/\/secure.gravatar.com\/avatar\/147d4b30cd728c53c29c49a3f7834dedca33707f4cd259761355846009a88250?s=96&d=mm&r=g","caption":"Yucat\u00e1n en Corto FC"},"url":"https:\/\/www.yucatanencorto.com\/noticias\/author\/flor\/"}]}},"_links":{"self":[{"href":"https:\/\/www.yucatanencorto.com\/noticias\/wp-json\/wp\/v2\/posts\/86988","targetHints":{"allow":["GET"]}}],"collection":[{"href":"https:\/\/www.yucatanencorto.com\/noticias\/wp-json\/wp\/v2\/posts"}],"about":[{"href":"https:\/\/www.yucatanencorto.com\/noticias\/wp-json\/wp\/v2\/types\/post"}],"author":[{"embeddable":true,"href":"https:\/\/www.yucatanencorto.com\/noticias\/wp-json\/wp\/v2\/users\/2"}],"replies":[{"embeddable":true,"href":"https:\/\/www.yucatanencorto.com\/noticias\/wp-json\/wp\/v2\/comments?post=86988"}],"version-history":[{"count":0,"href":"https:\/\/www.yucatanencorto.com\/noticias\/wp-json\/wp\/v2\/posts\/86988\/revisions"}],"wp:featuredmedia":[{"embeddable":true,"href":"https:\/\/www.yucatanencorto.com\/noticias\/wp-json\/wp\/v2\/media\/86989"}],"wp:attachment":[{"href":"https:\/\/www.yucatanencorto.com\/noticias\/wp-json\/wp\/v2\/media?parent=86988"}],"wp:term":[{"taxonomy":"category","embeddable":true,"href":"https:\/\/www.yucatanencorto.com\/noticias\/wp-json\/wp\/v2\/categories?post=86988"},{"taxonomy":"post_tag","embeddable":true,"href":"https:\/\/www.yucatanencorto.com\/noticias\/wp-json\/wp\/v2\/tags?post=86988"}],"curies":[{"name":"wp","href":"https:\/\/api.w.org\/{rel}","templated":true}]}}