{"id":87003,"date":"2021-10-23T16:16:51","date_gmt":"2021-10-23T21:16:51","guid":{"rendered":"https:\/\/www.yucatanencorto.com\/noticias\/?p=87003"},"modified":"2021-10-23T16:16:51","modified_gmt":"2021-10-23T21:16:51","slug":"coneval-reconoce-al-gobierno-de-mauricio-vila-dosal-por-buenas-practicas-de-calidad-en-monitoreo-y-evaluacion-de-las-politicas-sociales","status":"publish","type":"post","link":"https:\/\/www.yucatanencorto.com\/noticias\/coneval-reconoce-al-gobierno-de-mauricio-vila-dosal-por-buenas-practicas-de-calidad-en-monitoreo-y-evaluacion-de-las-politicas-sociales\/","title":{"rendered":"Coneval reconoce al Gobierno de Mauricio Vila Dosal por buenas pr\u00e1cticas de calidad en Monitoreo y Evaluaci\u00f3n de las pol\u00edticas sociales"},"content":{"rendered":"<p>&nbsp;<\/p>\n<p><img loading=\"lazy\" decoding=\"async\" class=\"alignnone wp-image-87004\" src=\"https:\/\/www.yucatanencorto.com\/noticias\/wp-content\/uploads\/2021\/10\/image00001-13-scaled.jpeg\" alt=\"\" width=\"450\" height=\"300\" srcset=\"https:\/\/www.yucatanencorto.com\/noticias\/wp-content\/uploads\/2021\/10\/image00001-13-scaled.jpeg 768w, https:\/\/www.yucatanencorto.com\/noticias\/wp-content\/uploads\/2021\/10\/image00001-13-696x464.jpeg 696w, https:\/\/www.yucatanencorto.com\/noticias\/wp-content\/uploads\/2021\/10\/image00001-13-1068x712.jpeg 1068w, https:\/\/www.yucatanencorto.com\/noticias\/wp-content\/uploads\/2021\/10\/image00001-13-630x420.jpeg 630w\" sizes=\"auto, (max-width: 450px) 100vw, 450px\" \/><\/p>\n<p>M\u00e9rida, Yucat\u00e1n, 23 de octubre de 2021. &#8211; Yucat\u00e1n recibi\u00f3 dos reconocimientos nacionales por buenas pr\u00e1cticas de calidad en Monitoreo y Evaluaci\u00f3n de las pol\u00edticas sociales que impulsa el Gobernador Mauricio Vila Dosal y present\u00f3 una de las calificaciones m\u00e1s altas en el \u00cdndice de Avance en Monitoreo y Evaluaci\u00f3n 2021, de acuerdo con el Consejo Nacional de Evaluaci\u00f3n de la Pol\u00edtica de Desarrollo Social (Coneval).<\/p>\n<p>&nbsp;<\/p>\n<p>&nbsp;<\/p>\n<p>&nbsp;<\/p>\n<p>En el marco del Seminario Virtual de \u201cBuenas pr\u00e1cticas de monitoreo y evaluaci\u00f3n en las entidades federativas, municipios y OSC, 2021\u201d, el Coneval reconoci\u00f3 las pr\u00e1cticas \u201cSistema de Seguimiento a los subcomit\u00e9s de la Agenda 2030 e Informe Subnacional Voluntario\u201d dentro de la Categor\u00eda de estrategias para la perdurabilidad de la pol\u00edtica social y pr\u00e1cticas de monitoreo y evaluaci\u00f3n; y al \u201cUso de la informaci\u00f3n para realizar diagn\u00f3sticos de los municipios afectados por desastres naturales en 2020, en el marco del seguimiento al FONDEN\u201d, en el rubro de Categor\u00eda abierta.<\/p>\n<p>&nbsp;<\/p>\n<p>&nbsp;<\/p>\n<p>&nbsp;<\/p>\n<p>Primero, la Agenda 2030 fue reconocida dado que se remarca su importancia en la planeaci\u00f3n estatal, as\u00ed como el seguimiento de las metas alcanzadas para perfeccionar los programas y pol\u00edticas p\u00fablicas, los proyectos sociales y privados, para avanzar en el cumplimento de los derechos humanos de la poblaci\u00f3n de Yucat\u00e1n.<\/p>\n<p>&nbsp;<\/p>\n<p>&nbsp;<\/p>\n<p>&nbsp;<\/p>\n<p>Por otro lado, el seguimiento a los comit\u00e9s del FONDEN contribuy\u00f3 a la atenci\u00f3n oportuna de la poblaci\u00f3n afectada por los fen\u00f3menos naturales, se identificaron las zonas y sectores vulnerados y se implementaron acciones con concurrencia de recursos federales y estatales para reducir las afectaciones a la poblaci\u00f3n yucateca.<\/p>\n<p>&nbsp;<\/p>\n<p>&nbsp;<\/p>\n<p>&nbsp;<\/p>\n<p>De igual manera, Yucat\u00e1n fue reconocido por la quinta calificaci\u00f3n m\u00e1s alta en el \u201c\u00cdndice de Monitoreo y Evaluaci\u00f3n\u201d del Coneval, el cual verifica el avance en la implementaci\u00f3n de los sistemas de monitoreo y evaluaci\u00f3n de las entidades federativas, con una calificaci\u00f3n de 95.4 puntos, la cual present\u00f3 un incremento entre 2019 y 2021.<\/p>\n<p>&nbsp;<\/p>\n<p>&nbsp;<\/p>\n<p>&nbsp;<\/p>\n<p>Lo anterior es consecuencia de que la entidad obtuvo 49.1 puntos en el componente normativo, valor superior al dato nacional de 44.6 puntos por lo que se ubic\u00f3 en la cuarta calificaci\u00f3n m\u00e1s alta en el pa\u00eds. De manera complementaria, en relaci\u00f3n con el componente pr\u00e1ctico, el estado present\u00f3 46.3 puntos, por lo que se ubic\u00f3 por encima del dato nacional de 42.4 puntos, de esta manera, obteniendo la tercera calificaci\u00f3n m\u00e1s alta a nivel nacional.<\/p>\n<p>&nbsp;<\/p>\n<p>&nbsp;<\/p>\n<p>&nbsp;<\/p>\n<p>El \u00cdndice de Monitoreo y Evaluaci\u00f3n forma parte del Diagn\u00f3stico del avance en el monitoreo y evaluaci\u00f3n de las entidades federativas, el cual se elabora de forma bienal y tiene como prop\u00f3sito aportar informaci\u00f3n sobre el avance que presentan las entidades federativas en la regulaci\u00f3n (componente normativo) e implementaci\u00f3n (componente pr\u00e1ctico) de instrumentos de monitoreo y evaluaci\u00f3n.<\/p>\n","protected":false},"excerpt":{"rendered":"<p>&nbsp; M\u00e9rida, Yucat\u00e1n, 23 de octubre de 2021. &#8211; Yucat\u00e1n recibi\u00f3 dos reconocimientos nacionales por buenas pr\u00e1cticas de calidad en Monitoreo y Evaluaci\u00f3n de las pol\u00edticas sociales que impulsa el Gobernador Mauricio Vila Dosal y present\u00f3 una de las calificaciones m\u00e1s altas en el \u00cdndice de Avance en Monitoreo y Evaluaci\u00f3n 2021, de acuerdo con [&hellip;]<\/p>\n","protected":false},"author":2,"featured_media":87004,"comment_status":"closed","ping_status":"closed","sticky":false,"template":"","format":"standard","meta":{"footnotes":""},"categories":[3],"tags":[],"class_list":{"0":"post-87003","1":"post","2":"type-post","3":"status-publish","4":"format-standard","5":"has-post-thumbnail","7":"category-yucatan"},"yoast_head":"<!-- This site is optimized with the Yoast SEO plugin v27.4 - https:\/\/yoast.com\/product\/yoast-seo-wordpress\/ -->\n<title>Coneval reconoce al Gobierno de Mauricio Vila Dosal por buenas pr\u00e1cticas de calidad en Monitoreo y Evaluaci\u00f3n de las pol\u00edticas sociales - Yucat\u00e1n en corto<\/title>\n<meta name=\"robots\" content=\"index, follow, max-snippet:-1, max-image-preview:large, max-video-preview:-1\" \/>\n<link rel=\"canonical\" href=\"https:\/\/www.yucatanencorto.com\/noticias\/coneval-reconoce-al-gobierno-de-mauricio-vila-dosal-por-buenas-practicas-de-calidad-en-monitoreo-y-evaluacion-de-las-politicas-sociales\/\" \/>\n<meta property=\"og:locale\" content=\"es_ES\" \/>\n<meta property=\"og:type\" content=\"article\" \/>\n<meta property=\"og:title\" content=\"Coneval reconoce al Gobierno de Mauricio Vila Dosal por buenas pr\u00e1cticas de calidad en Monitoreo y Evaluaci\u00f3n de las pol\u00edticas sociales - Yucat\u00e1n en corto\" \/>\n<meta property=\"og:description\" content=\"&nbsp; M\u00e9rida, Yucat\u00e1n, 23 de octubre de 2021. &#8211; Yucat\u00e1n recibi\u00f3 dos reconocimientos nacionales por buenas pr\u00e1cticas de calidad en Monitoreo y Evaluaci\u00f3n de las pol\u00edticas sociales que impulsa el Gobernador Mauricio Vila Dosal y present\u00f3 una de las calificaciones m\u00e1s altas en el \u00cdndice de Avance en Monitoreo y Evaluaci\u00f3n 2021, de acuerdo con [&hellip;]\" \/>\n<meta property=\"og:url\" content=\"https:\/\/www.yucatanencorto.com\/noticias\/coneval-reconoce-al-gobierno-de-mauricio-vila-dosal-por-buenas-practicas-de-calidad-en-monitoreo-y-evaluacion-de-las-politicas-sociales\/\" \/>\n<meta property=\"og:site_name\" content=\"Yucat\u00e1n en corto\" \/>\n<meta property=\"article:publisher\" content=\"http:\/\/www.facebook.com\/yucatanencorto\" \/>\n<meta property=\"article:published_time\" content=\"2021-10-23T21:16:51+00:00\" \/>\n<meta property=\"og:image\" content=\"https:\/\/www.yucatanencorto.com\/noticias\/wp-content\/uploads\/2021\/10\/image00001-13-scaled.jpeg\" \/>\n\t<meta property=\"og:image:width\" content=\"768\" \/>\n\t<meta property=\"og:image:height\" content=\"512\" \/>\n\t<meta property=\"og:image:type\" content=\"image\/jpeg\" \/>\n<meta name=\"author\" content=\"Yucat\u00e1n en Corto FC\" \/>\n<meta name=\"twitter:card\" content=\"summary_large_image\" \/>\n<meta name=\"twitter:creator\" content=\"@yucatanencorto\" \/>\n<meta name=\"twitter:site\" content=\"@yucatanencorto\" \/>\n<meta name=\"twitter:label1\" content=\"Escrito por\" \/>\n\t<meta name=\"twitter:data1\" content=\"Yucat\u00e1n en Corto FC\" \/>\n\t<meta name=\"twitter:label2\" content=\"Tiempo de lectura\" \/>\n\t<meta name=\"twitter:data2\" content=\"3 minutos\" \/>\n<script type=\"application\/ld+json\" class=\"yoast-schema-graph\">{\"@context\":\"https:\\\/\\\/schema.org\",\"@graph\":[{\"@type\":\"Article\",\"@id\":\"https:\\\/\\\/www.yucatanencorto.com\\\/noticias\\\/coneval-reconoce-al-gobierno-de-mauricio-vila-dosal-por-buenas-practicas-de-calidad-en-monitoreo-y-evaluacion-de-las-politicas-sociales\\\/#article\",\"isPartOf\":{\"@id\":\"https:\\\/\\\/www.yucatanencorto.com\\\/noticias\\\/coneval-reconoce-al-gobierno-de-mauricio-vila-dosal-por-buenas-practicas-de-calidad-en-monitoreo-y-evaluacion-de-las-politicas-sociales\\\/\"},\"author\":{\"name\":\"Yucat\u00e1n en Corto FC\",\"@id\":\"https:\\\/\\\/www.yucatanencorto.com\\\/noticias\\\/#\\\/schema\\\/person\\\/14f82d355225a1f4075dd84a31f45a72\"},\"headline\":\"Coneval reconoce al Gobierno de Mauricio Vila Dosal por buenas pr\u00e1cticas de calidad en Monitoreo y Evaluaci\u00f3n de las pol\u00edticas sociales\",\"datePublished\":\"2021-10-23T21:16:51+00:00\",\"mainEntityOfPage\":{\"@id\":\"https:\\\/\\\/www.yucatanencorto.com\\\/noticias\\\/coneval-reconoce-al-gobierno-de-mauricio-vila-dosal-por-buenas-practicas-de-calidad-en-monitoreo-y-evaluacion-de-las-politicas-sociales\\\/\"},\"wordCount\":526,\"image\":{\"@id\":\"https:\\\/\\\/www.yucatanencorto.com\\\/noticias\\\/coneval-reconoce-al-gobierno-de-mauricio-vila-dosal-por-buenas-practicas-de-calidad-en-monitoreo-y-evaluacion-de-las-politicas-sociales\\\/#primaryimage\"},\"thumbnailUrl\":\"https:\\\/\\\/www.yucatanencorto.com\\\/noticias\\\/wp-content\\\/uploads\\\/2021\\\/10\\\/image00001-13-scaled.jpeg\",\"articleSection\":[\"Yucat\u00e1n\"],\"inLanguage\":\"es\"},{\"@type\":\"WebPage\",\"@id\":\"https:\\\/\\\/www.yucatanencorto.com\\\/noticias\\\/coneval-reconoce-al-gobierno-de-mauricio-vila-dosal-por-buenas-practicas-de-calidad-en-monitoreo-y-evaluacion-de-las-politicas-sociales\\\/\",\"url\":\"https:\\\/\\\/www.yucatanencorto.com\\\/noticias\\\/coneval-reconoce-al-gobierno-de-mauricio-vila-dosal-por-buenas-practicas-de-calidad-en-monitoreo-y-evaluacion-de-las-politicas-sociales\\\/\",\"name\":\"Coneval reconoce al Gobierno de Mauricio Vila Dosal por buenas pr\u00e1cticas de calidad en Monitoreo y Evaluaci\u00f3n de las pol\u00edticas sociales - Yucat\u00e1n en corto\",\"isPartOf\":{\"@id\":\"https:\\\/\\\/www.yucatanencorto.com\\\/noticias\\\/#website\"},\"primaryImageOfPage\":{\"@id\":\"https:\\\/\\\/www.yucatanencorto.com\\\/noticias\\\/coneval-reconoce-al-gobierno-de-mauricio-vila-dosal-por-buenas-practicas-de-calidad-en-monitoreo-y-evaluacion-de-las-politicas-sociales\\\/#primaryimage\"},\"image\":{\"@id\":\"https:\\\/\\\/www.yucatanencorto.com\\\/noticias\\\/coneval-reconoce-al-gobierno-de-mauricio-vila-dosal-por-buenas-practicas-de-calidad-en-monitoreo-y-evaluacion-de-las-politicas-sociales\\\/#primaryimage\"},\"thumbnailUrl\":\"https:\\\/\\\/www.yucatanencorto.com\\\/noticias\\\/wp-content\\\/uploads\\\/2021\\\/10\\\/image00001-13-scaled.jpeg\",\"datePublished\":\"2021-10-23T21:16:51+00:00\",\"author\":{\"@id\":\"https:\\\/\\\/www.yucatanencorto.com\\\/noticias\\\/#\\\/schema\\\/person\\\/14f82d355225a1f4075dd84a31f45a72\"},\"breadcrumb\":{\"@id\":\"https:\\\/\\\/www.yucatanencorto.com\\\/noticias\\\/coneval-reconoce-al-gobierno-de-mauricio-vila-dosal-por-buenas-practicas-de-calidad-en-monitoreo-y-evaluacion-de-las-politicas-sociales\\\/#breadcrumb\"},\"inLanguage\":\"es\",\"potentialAction\":[{\"@type\":\"ReadAction\",\"target\":[\"https:\\\/\\\/www.yucatanencorto.com\\\/noticias\\\/coneval-reconoce-al-gobierno-de-mauricio-vila-dosal-por-buenas-practicas-de-calidad-en-monitoreo-y-evaluacion-de-las-politicas-sociales\\\/\"]}]},{\"@type\":\"ImageObject\",\"inLanguage\":\"es\",\"@id\":\"https:\\\/\\\/www.yucatanencorto.com\\\/noticias\\\/coneval-reconoce-al-gobierno-de-mauricio-vila-dosal-por-buenas-practicas-de-calidad-en-monitoreo-y-evaluacion-de-las-politicas-sociales\\\/#primaryimage\",\"url\":\"https:\\\/\\\/www.yucatanencorto.com\\\/noticias\\\/wp-content\\\/uploads\\\/2021\\\/10\\\/image00001-13-scaled.jpeg\",\"contentUrl\":\"https:\\\/\\\/www.yucatanencorto.com\\\/noticias\\\/wp-content\\\/uploads\\\/2021\\\/10\\\/image00001-13-scaled.jpeg\",\"width\":768,\"height\":512},{\"@type\":\"BreadcrumbList\",\"@id\":\"https:\\\/\\\/www.yucatanencorto.com\\\/noticias\\\/coneval-reconoce-al-gobierno-de-mauricio-vila-dosal-por-buenas-practicas-de-calidad-en-monitoreo-y-evaluacion-de-las-politicas-sociales\\\/#breadcrumb\",\"itemListElement\":[{\"@type\":\"ListItem\",\"position\":1,\"name\":\"Portada\",\"item\":\"https:\\\/\\\/www.yucatanencorto.com\\\/noticias\\\/\"},{\"@type\":\"ListItem\",\"position\":2,\"name\":\"Coneval reconoce al Gobierno de Mauricio Vila Dosal por buenas pr\u00e1cticas de calidad en Monitoreo y Evaluaci\u00f3n de las pol\u00edticas sociales\"}]},{\"@type\":\"WebSite\",\"@id\":\"https:\\\/\\\/www.yucatanencorto.com\\\/noticias\\\/#website\",\"url\":\"https:\\\/\\\/www.yucatanencorto.com\\\/noticias\\\/\",\"name\":\"Yucat\u00e1n en corto\",\"description\":\"Noticias\",\"potentialAction\":[{\"@type\":\"SearchAction\",\"target\":{\"@type\":\"EntryPoint\",\"urlTemplate\":\"https:\\\/\\\/www.yucatanencorto.com\\\/noticias\\\/?s={search_term_string}\"},\"query-input\":{\"@type\":\"PropertyValueSpecification\",\"valueRequired\":true,\"valueName\":\"search_term_string\"}}],\"inLanguage\":\"es\"},{\"@type\":\"Person\",\"@id\":\"https:\\\/\\\/www.yucatanencorto.com\\\/noticias\\\/#\\\/schema\\\/person\\\/14f82d355225a1f4075dd84a31f45a72\",\"name\":\"Yucat\u00e1n en Corto FC\",\"image\":{\"@type\":\"ImageObject\",\"inLanguage\":\"es\",\"@id\":\"https:\\\/\\\/secure.gravatar.com\\\/avatar\\\/147d4b30cd728c53c29c49a3f7834dedca33707f4cd259761355846009a88250?s=96&d=mm&r=g\",\"url\":\"https:\\\/\\\/secure.gravatar.com\\\/avatar\\\/147d4b30cd728c53c29c49a3f7834dedca33707f4cd259761355846009a88250?s=96&d=mm&r=g\",\"contentUrl\":\"https:\\\/\\\/secure.gravatar.com\\\/avatar\\\/147d4b30cd728c53c29c49a3f7834dedca33707f4cd259761355846009a88250?s=96&d=mm&r=g\",\"caption\":\"Yucat\u00e1n en Corto FC\"},\"url\":\"https:\\\/\\\/www.yucatanencorto.com\\\/noticias\\\/author\\\/flor\\\/\"}]}<\/script>\n<!-- \/ Yoast SEO plugin. -->","yoast_head_json":{"title":"Coneval reconoce al Gobierno de Mauricio Vila Dosal por buenas pr\u00e1cticas de calidad en Monitoreo y Evaluaci\u00f3n de las pol\u00edticas sociales - Yucat\u00e1n en corto","robots":{"index":"index","follow":"follow","max-snippet":"max-snippet:-1","max-image-preview":"max-image-preview:large","max-video-preview":"max-video-preview:-1"},"canonical":"https:\/\/www.yucatanencorto.com\/noticias\/coneval-reconoce-al-gobierno-de-mauricio-vila-dosal-por-buenas-practicas-de-calidad-en-monitoreo-y-evaluacion-de-las-politicas-sociales\/","og_locale":"es_ES","og_type":"article","og_title":"Coneval reconoce al Gobierno de Mauricio Vila Dosal por buenas pr\u00e1cticas de calidad en Monitoreo y Evaluaci\u00f3n de las pol\u00edticas sociales - Yucat\u00e1n en corto","og_description":"&nbsp; M\u00e9rida, Yucat\u00e1n, 23 de octubre de 2021. &#8211; Yucat\u00e1n recibi\u00f3 dos reconocimientos nacionales por buenas pr\u00e1cticas de calidad en Monitoreo y Evaluaci\u00f3n de las pol\u00edticas sociales que impulsa el Gobernador Mauricio Vila Dosal y present\u00f3 una de las calificaciones m\u00e1s altas en el \u00cdndice de Avance en Monitoreo y Evaluaci\u00f3n 2021, de acuerdo con [&hellip;]","og_url":"https:\/\/www.yucatanencorto.com\/noticias\/coneval-reconoce-al-gobierno-de-mauricio-vila-dosal-por-buenas-practicas-de-calidad-en-monitoreo-y-evaluacion-de-las-politicas-sociales\/","og_site_name":"Yucat\u00e1n en corto","article_publisher":"http:\/\/www.facebook.com\/yucatanencorto","article_published_time":"2021-10-23T21:16:51+00:00","og_image":[{"width":768,"height":512,"url":"https:\/\/www.yucatanencorto.com\/noticias\/wp-content\/uploads\/2021\/10\/image00001-13-scaled.jpeg","type":"image\/jpeg"}],"author":"Yucat\u00e1n en Corto FC","twitter_card":"summary_large_image","twitter_creator":"@yucatanencorto","twitter_site":"@yucatanencorto","twitter_misc":{"Escrito por":"Yucat\u00e1n en Corto FC","Tiempo de lectura":"3 minutos"},"schema":{"@context":"https:\/\/schema.org","@graph":[{"@type":"Article","@id":"https:\/\/www.yucatanencorto.com\/noticias\/coneval-reconoce-al-gobierno-de-mauricio-vila-dosal-por-buenas-practicas-de-calidad-en-monitoreo-y-evaluacion-de-las-politicas-sociales\/#article","isPartOf":{"@id":"https:\/\/www.yucatanencorto.com\/noticias\/coneval-reconoce-al-gobierno-de-mauricio-vila-dosal-por-buenas-practicas-de-calidad-en-monitoreo-y-evaluacion-de-las-politicas-sociales\/"},"author":{"name":"Yucat\u00e1n en Corto FC","@id":"https:\/\/www.yucatanencorto.com\/noticias\/#\/schema\/person\/14f82d355225a1f4075dd84a31f45a72"},"headline":"Coneval reconoce al Gobierno de Mauricio Vila Dosal por buenas pr\u00e1cticas de calidad en Monitoreo y Evaluaci\u00f3n de las pol\u00edticas sociales","datePublished":"2021-10-23T21:16:51+00:00","mainEntityOfPage":{"@id":"https:\/\/www.yucatanencorto.com\/noticias\/coneval-reconoce-al-gobierno-de-mauricio-vila-dosal-por-buenas-practicas-de-calidad-en-monitoreo-y-evaluacion-de-las-politicas-sociales\/"},"wordCount":526,"image":{"@id":"https:\/\/www.yucatanencorto.com\/noticias\/coneval-reconoce-al-gobierno-de-mauricio-vila-dosal-por-buenas-practicas-de-calidad-en-monitoreo-y-evaluacion-de-las-politicas-sociales\/#primaryimage"},"thumbnailUrl":"https:\/\/www.yucatanencorto.com\/noticias\/wp-content\/uploads\/2021\/10\/image00001-13-scaled.jpeg","articleSection":["Yucat\u00e1n"],"inLanguage":"es"},{"@type":"WebPage","@id":"https:\/\/www.yucatanencorto.com\/noticias\/coneval-reconoce-al-gobierno-de-mauricio-vila-dosal-por-buenas-practicas-de-calidad-en-monitoreo-y-evaluacion-de-las-politicas-sociales\/","url":"https:\/\/www.yucatanencorto.com\/noticias\/coneval-reconoce-al-gobierno-de-mauricio-vila-dosal-por-buenas-practicas-de-calidad-en-monitoreo-y-evaluacion-de-las-politicas-sociales\/","name":"Coneval reconoce al Gobierno de Mauricio Vila Dosal por buenas pr\u00e1cticas de calidad en Monitoreo y Evaluaci\u00f3n de las pol\u00edticas sociales - Yucat\u00e1n en corto","isPartOf":{"@id":"https:\/\/www.yucatanencorto.com\/noticias\/#website"},"primaryImageOfPage":{"@id":"https:\/\/www.yucatanencorto.com\/noticias\/coneval-reconoce-al-gobierno-de-mauricio-vila-dosal-por-buenas-practicas-de-calidad-en-monitoreo-y-evaluacion-de-las-politicas-sociales\/#primaryimage"},"image":{"@id":"https:\/\/www.yucatanencorto.com\/noticias\/coneval-reconoce-al-gobierno-de-mauricio-vila-dosal-por-buenas-practicas-de-calidad-en-monitoreo-y-evaluacion-de-las-politicas-sociales\/#primaryimage"},"thumbnailUrl":"https:\/\/www.yucatanencorto.com\/noticias\/wp-content\/uploads\/2021\/10\/image00001-13-scaled.jpeg","datePublished":"2021-10-23T21:16:51+00:00","author":{"@id":"https:\/\/www.yucatanencorto.com\/noticias\/#\/schema\/person\/14f82d355225a1f4075dd84a31f45a72"},"breadcrumb":{"@id":"https:\/\/www.yucatanencorto.com\/noticias\/coneval-reconoce-al-gobierno-de-mauricio-vila-dosal-por-buenas-practicas-de-calidad-en-monitoreo-y-evaluacion-de-las-politicas-sociales\/#breadcrumb"},"inLanguage":"es","potentialAction":[{"@type":"ReadAction","target":["https:\/\/www.yucatanencorto.com\/noticias\/coneval-reconoce-al-gobierno-de-mauricio-vila-dosal-por-buenas-practicas-de-calidad-en-monitoreo-y-evaluacion-de-las-politicas-sociales\/"]}]},{"@type":"ImageObject","inLanguage":"es","@id":"https:\/\/www.yucatanencorto.com\/noticias\/coneval-reconoce-al-gobierno-de-mauricio-vila-dosal-por-buenas-practicas-de-calidad-en-monitoreo-y-evaluacion-de-las-politicas-sociales\/#primaryimage","url":"https:\/\/www.yucatanencorto.com\/noticias\/wp-content\/uploads\/2021\/10\/image00001-13-scaled.jpeg","contentUrl":"https:\/\/www.yucatanencorto.com\/noticias\/wp-content\/uploads\/2021\/10\/image00001-13-scaled.jpeg","width":768,"height":512},{"@type":"BreadcrumbList","@id":"https:\/\/www.yucatanencorto.com\/noticias\/coneval-reconoce-al-gobierno-de-mauricio-vila-dosal-por-buenas-practicas-de-calidad-en-monitoreo-y-evaluacion-de-las-politicas-sociales\/#breadcrumb","itemListElement":[{"@type":"ListItem","position":1,"name":"Portada","item":"https:\/\/www.yucatanencorto.com\/noticias\/"},{"@type":"ListItem","position":2,"name":"Coneval reconoce al Gobierno de Mauricio Vila Dosal por buenas pr\u00e1cticas de calidad en Monitoreo y Evaluaci\u00f3n de las pol\u00edticas sociales"}]},{"@type":"WebSite","@id":"https:\/\/www.yucatanencorto.com\/noticias\/#website","url":"https:\/\/www.yucatanencorto.com\/noticias\/","name":"Yucat\u00e1n en corto","description":"Noticias","potentialAction":[{"@type":"SearchAction","target":{"@type":"EntryPoint","urlTemplate":"https:\/\/www.yucatanencorto.com\/noticias\/?s={search_term_string}"},"query-input":{"@type":"PropertyValueSpecification","valueRequired":true,"valueName":"search_term_string"}}],"inLanguage":"es"},{"@type":"Person","@id":"https:\/\/www.yucatanencorto.com\/noticias\/#\/schema\/person\/14f82d355225a1f4075dd84a31f45a72","name":"Yucat\u00e1n en Corto FC","image":{"@type":"ImageObject","inLanguage":"es","@id":"https:\/\/secure.gravatar.com\/avatar\/147d4b30cd728c53c29c49a3f7834dedca33707f4cd259761355846009a88250?s=96&d=mm&r=g","url":"https:\/\/secure.gravatar.com\/avatar\/147d4b30cd728c53c29c49a3f7834dedca33707f4cd259761355846009a88250?s=96&d=mm&r=g","contentUrl":"https:\/\/secure.gravatar.com\/avatar\/147d4b30cd728c53c29c49a3f7834dedca33707f4cd259761355846009a88250?s=96&d=mm&r=g","caption":"Yucat\u00e1n en Corto FC"},"url":"https:\/\/www.yucatanencorto.com\/noticias\/author\/flor\/"}]}},"_links":{"self":[{"href":"https:\/\/www.yucatanencorto.com\/noticias\/wp-json\/wp\/v2\/posts\/87003","targetHints":{"allow":["GET"]}}],"collection":[{"href":"https:\/\/www.yucatanencorto.com\/noticias\/wp-json\/wp\/v2\/posts"}],"about":[{"href":"https:\/\/www.yucatanencorto.com\/noticias\/wp-json\/wp\/v2\/types\/post"}],"author":[{"embeddable":true,"href":"https:\/\/www.yucatanencorto.com\/noticias\/wp-json\/wp\/v2\/users\/2"}],"replies":[{"embeddable":true,"href":"https:\/\/www.yucatanencorto.com\/noticias\/wp-json\/wp\/v2\/comments?post=87003"}],"version-history":[{"count":0,"href":"https:\/\/www.yucatanencorto.com\/noticias\/wp-json\/wp\/v2\/posts\/87003\/revisions"}],"wp:featuredmedia":[{"embeddable":true,"href":"https:\/\/www.yucatanencorto.com\/noticias\/wp-json\/wp\/v2\/media\/87004"}],"wp:attachment":[{"href":"https:\/\/www.yucatanencorto.com\/noticias\/wp-json\/wp\/v2\/media?parent=87003"}],"wp:term":[{"taxonomy":"category","embeddable":true,"href":"https:\/\/www.yucatanencorto.com\/noticias\/wp-json\/wp\/v2\/categories?post=87003"},{"taxonomy":"post_tag","embeddable":true,"href":"https:\/\/www.yucatanencorto.com\/noticias\/wp-json\/wp\/v2\/tags?post=87003"}],"curies":[{"name":"wp","href":"https:\/\/api.w.org\/{rel}","templated":true}]}}