{"id":87010,"date":"2021-10-23T18:18:35","date_gmt":"2021-10-23T23:18:35","guid":{"rendered":"https:\/\/www.yucatanencorto.com\/noticias\/?p=87010"},"modified":"2021-10-23T18:18:35","modified_gmt":"2021-10-23T23:18:35","slug":"merida-sera-sede-del-foro-iberoamericano-de-derecho-administrativo","status":"publish","type":"post","link":"https:\/\/www.yucatanencorto.com\/noticias\/merida-sera-sede-del-foro-iberoamericano-de-derecho-administrativo\/","title":{"rendered":"M\u00e9rida ser\u00e1 sede del Foro Iberoamericano de Derecho Administrativo"},"content":{"rendered":"<p>&nbsp;<\/p>\n<p><img loading=\"lazy\" decoding=\"async\" class=\"alignnone wp-image-87011\" src=\"https:\/\/www.yucatanencorto.com\/noticias\/wp-content\/uploads\/2021\/10\/2021-10-23-at-4.42.35-PM.jpeg\" alt=\"\" width=\"479\" height=\"598\" srcset=\"https:\/\/www.yucatanencorto.com\/noticias\/wp-content\/uploads\/2021\/10\/2021-10-23-at-4.42.35-PM.jpeg 479w, https:\/\/www.yucatanencorto.com\/noticias\/wp-content\/uploads\/2021\/10\/2021-10-23-at-4.42.35-PM-336x420.jpeg 336w\" sizes=\"auto, (max-width: 479px) 100vw, 479px\" \/><\/p>\n<p>M\u00e9rida, Yucat\u00e1n a 23 de octubre de 2021.- El Municipio de M\u00e9rida fue seleccionado como sede para desarrollar el Foro Iberoamericano de Derecho Administrativo, que marcar\u00e1 una importante pauta en la revisi\u00f3n de las pol\u00edticas p\u00fablicas y adaptar nuevas estrategias que permitan el desarrollo arm\u00f3nico de la ciudad, inform\u00f3 el Secretario de la Comuna, Alejandro Ruz Castro.<\/p>\n<p>&nbsp;<\/p>\n<p>\u201cEl Gobierno del Estado y el Ayuntamiento de M\u00e9rida est\u00e1n trabajando en la reactivaci\u00f3n del turismo de congresos y convenciones, siendo este encuentro una oportunidad de generar una derrama econ\u00f3mica con la llegada de cerca de 350 foristas para participar en las mesas y ponencias que habr\u00e1 sobre derecho administrativo\u201d, expres\u00f3.<\/p>\n<p>&nbsp;<\/p>\n<p>Indic\u00f3 que este a\u00f1o el tema del congreso fue el \u201cPresente y el Futuro de los funcionarios p\u00fablicos en Iberoam\u00e9rica\u201d, mientras que para 2022 cuando se efect\u00fae en M\u00e9rida abarcar\u00e1 los temas de derecho a la infraestructura y un congreso anticorrupci\u00f3n.<\/p>\n<p>&nbsp;<\/p>\n<p>Explic\u00f3 que el Foro Iberoamericano de Derecho Administrativo (FIDA) es una agrupaci\u00f3n regional de los juristas iberoamericanos especializados en la disciplina, que tienen como fin intercambiar conocimientos y experiencias relacionados con la materia y, de ese modo, contribuir al mejoramiento del r\u00e9gimen jur\u00eddico de sus pa\u00edses y al logro de una actuaci\u00f3n estatal acorde con las exigencias derivadas de un Estado comprometido con la Justicia y sometido al Derecho.<\/p>\n<p>&nbsp;<\/p>\n<p>Se\u00f1al\u00f3 que en octubre del presente a\u00f1o se desarroll\u00f3 este encuentro en Uruguay, en donde se realiz\u00f3 la revisi\u00f3n de los pr\u00f3ximos pa\u00edses sede para este importante encuentro, en donde se postul\u00f3 Colombia y M\u00e9rida para el 2022, quedando esta \u00faltima seleccionada por su infraestructura, condiciones de seguridad e instalaciones.<\/p>\n<p>Por su parte, el titular del Tribunal de los Contencioso Administrativo del Municipio de M\u00e9rida, Gerardo Centeno Canto, expuso que este evento se divide en dos partes, la realizaci\u00f3n del Foro Iberoamericano de Derecho Administrativo donde participan los abogados de la materia y revisar\u00e1n el derecho a la infraestructura y el Congreso Iberoamericano de Funci\u00f3n P\u00fablica en donde participar los 60 miembros de FIDA y revisar\u00e1n el tema de la Anticorrupci\u00f3n.<\/p>\n<p>&nbsp;<\/p>\n<p>Hasta el momento, agreg\u00f3, el formato de este evento se realizar\u00e1 en formato h\u00edbrido, es decir, con temas presenciales y otros virtuales, siempre respetando los protocolos de salud y el aforo controlado.<\/p>\n<p>Finalmente, para organizar este encuentro que est\u00e1 programado para octubre del pr\u00f3ximo a\u00f1o, se estar\u00e1 trabajando con los representantes de FIDA y la entidad para coordinar la log\u00edstica y desarrollo del mismo.<\/p>\n","protected":false},"excerpt":{"rendered":"<p>&nbsp; M\u00e9rida, Yucat\u00e1n a 23 de octubre de 2021.- El Municipio de M\u00e9rida fue seleccionado como sede para desarrollar el Foro Iberoamericano de Derecho Administrativo, que marcar\u00e1 una importante pauta en la revisi\u00f3n de las pol\u00edticas p\u00fablicas y adaptar nuevas estrategias que permitan el desarrollo arm\u00f3nico de la ciudad, inform\u00f3 el Secretario de la Comuna, [&hellip;]<\/p>\n","protected":false},"author":2,"featured_media":87011,"comment_status":"closed","ping_status":"closed","sticky":false,"template":"","format":"standard","meta":{"footnotes":""},"categories":[2],"tags":[],"class_list":{"0":"post-87010","1":"post","2":"type-post","3":"status-publish","4":"format-standard","5":"has-post-thumbnail","7":"category-merida"},"yoast_head":"<!-- This site is optimized with the Yoast SEO plugin v27.4 - https:\/\/yoast.com\/product\/yoast-seo-wordpress\/ -->\n<title>M\u00e9rida ser\u00e1 sede del Foro Iberoamericano de Derecho Administrativo - Yucat\u00e1n en corto<\/title>\n<meta name=\"robots\" content=\"index, follow, max-snippet:-1, max-image-preview:large, max-video-preview:-1\" \/>\n<link rel=\"canonical\" href=\"https:\/\/www.yucatanencorto.com\/noticias\/merida-sera-sede-del-foro-iberoamericano-de-derecho-administrativo\/\" \/>\n<meta property=\"og:locale\" content=\"es_ES\" \/>\n<meta property=\"og:type\" content=\"article\" \/>\n<meta property=\"og:title\" content=\"M\u00e9rida ser\u00e1 sede del Foro Iberoamericano de Derecho Administrativo - Yucat\u00e1n en corto\" \/>\n<meta property=\"og:description\" content=\"&nbsp; M\u00e9rida, Yucat\u00e1n a 23 de octubre de 2021.- El Municipio de M\u00e9rida fue seleccionado como sede para desarrollar el Foro Iberoamericano de Derecho Administrativo, que marcar\u00e1 una importante pauta en la revisi\u00f3n de las pol\u00edticas p\u00fablicas y adaptar nuevas estrategias que permitan el desarrollo arm\u00f3nico de la ciudad, inform\u00f3 el Secretario de la Comuna, [&hellip;]\" \/>\n<meta property=\"og:url\" content=\"https:\/\/www.yucatanencorto.com\/noticias\/merida-sera-sede-del-foro-iberoamericano-de-derecho-administrativo\/\" \/>\n<meta property=\"og:site_name\" content=\"Yucat\u00e1n en corto\" \/>\n<meta property=\"article:publisher\" content=\"http:\/\/www.facebook.com\/yucatanencorto\" \/>\n<meta property=\"article:published_time\" content=\"2021-10-23T23:18:35+00:00\" \/>\n<meta property=\"og:image\" content=\"https:\/\/www.yucatanencorto.com\/noticias\/wp-content\/uploads\/2021\/10\/2021-10-23-at-4.42.35-PM.jpeg\" \/>\n\t<meta property=\"og:image:width\" content=\"479\" \/>\n\t<meta property=\"og:image:height\" content=\"598\" \/>\n\t<meta property=\"og:image:type\" content=\"image\/jpeg\" \/>\n<meta name=\"author\" content=\"Yucat\u00e1n en Corto FC\" \/>\n<meta name=\"twitter:card\" content=\"summary_large_image\" \/>\n<meta name=\"twitter:creator\" content=\"@yucatanencorto\" \/>\n<meta name=\"twitter:site\" content=\"@yucatanencorto\" \/>\n<meta name=\"twitter:label1\" content=\"Escrito por\" \/>\n\t<meta name=\"twitter:data1\" content=\"Yucat\u00e1n en Corto FC\" \/>\n\t<meta name=\"twitter:label2\" content=\"Tiempo de lectura\" \/>\n\t<meta name=\"twitter:data2\" content=\"2 minutos\" \/>\n<script type=\"application\/ld+json\" class=\"yoast-schema-graph\">{\"@context\":\"https:\\\/\\\/schema.org\",\"@graph\":[{\"@type\":\"Article\",\"@id\":\"https:\\\/\\\/www.yucatanencorto.com\\\/noticias\\\/merida-sera-sede-del-foro-iberoamericano-de-derecho-administrativo\\\/#article\",\"isPartOf\":{\"@id\":\"https:\\\/\\\/www.yucatanencorto.com\\\/noticias\\\/merida-sera-sede-del-foro-iberoamericano-de-derecho-administrativo\\\/\"},\"author\":{\"name\":\"Yucat\u00e1n en Corto FC\",\"@id\":\"https:\\\/\\\/www.yucatanencorto.com\\\/noticias\\\/#\\\/schema\\\/person\\\/14f82d355225a1f4075dd84a31f45a72\"},\"headline\":\"M\u00e9rida ser\u00e1 sede del Foro Iberoamericano de Derecho Administrativo\",\"datePublished\":\"2021-10-23T23:18:35+00:00\",\"mainEntityOfPage\":{\"@id\":\"https:\\\/\\\/www.yucatanencorto.com\\\/noticias\\\/merida-sera-sede-del-foro-iberoamericano-de-derecho-administrativo\\\/\"},\"wordCount\":453,\"image\":{\"@id\":\"https:\\\/\\\/www.yucatanencorto.com\\\/noticias\\\/merida-sera-sede-del-foro-iberoamericano-de-derecho-administrativo\\\/#primaryimage\"},\"thumbnailUrl\":\"https:\\\/\\\/www.yucatanencorto.com\\\/noticias\\\/wp-content\\\/uploads\\\/2021\\\/10\\\/2021-10-23-at-4.42.35-PM.jpeg\",\"articleSection\":[\"M\u00e9rida\"],\"inLanguage\":\"es\"},{\"@type\":\"WebPage\",\"@id\":\"https:\\\/\\\/www.yucatanencorto.com\\\/noticias\\\/merida-sera-sede-del-foro-iberoamericano-de-derecho-administrativo\\\/\",\"url\":\"https:\\\/\\\/www.yucatanencorto.com\\\/noticias\\\/merida-sera-sede-del-foro-iberoamericano-de-derecho-administrativo\\\/\",\"name\":\"M\u00e9rida ser\u00e1 sede del Foro Iberoamericano de Derecho Administrativo - Yucat\u00e1n en corto\",\"isPartOf\":{\"@id\":\"https:\\\/\\\/www.yucatanencorto.com\\\/noticias\\\/#website\"},\"primaryImageOfPage\":{\"@id\":\"https:\\\/\\\/www.yucatanencorto.com\\\/noticias\\\/merida-sera-sede-del-foro-iberoamericano-de-derecho-administrativo\\\/#primaryimage\"},\"image\":{\"@id\":\"https:\\\/\\\/www.yucatanencorto.com\\\/noticias\\\/merida-sera-sede-del-foro-iberoamericano-de-derecho-administrativo\\\/#primaryimage\"},\"thumbnailUrl\":\"https:\\\/\\\/www.yucatanencorto.com\\\/noticias\\\/wp-content\\\/uploads\\\/2021\\\/10\\\/2021-10-23-at-4.42.35-PM.jpeg\",\"datePublished\":\"2021-10-23T23:18:35+00:00\",\"author\":{\"@id\":\"https:\\\/\\\/www.yucatanencorto.com\\\/noticias\\\/#\\\/schema\\\/person\\\/14f82d355225a1f4075dd84a31f45a72\"},\"breadcrumb\":{\"@id\":\"https:\\\/\\\/www.yucatanencorto.com\\\/noticias\\\/merida-sera-sede-del-foro-iberoamericano-de-derecho-administrativo\\\/#breadcrumb\"},\"inLanguage\":\"es\",\"potentialAction\":[{\"@type\":\"ReadAction\",\"target\":[\"https:\\\/\\\/www.yucatanencorto.com\\\/noticias\\\/merida-sera-sede-del-foro-iberoamericano-de-derecho-administrativo\\\/\"]}]},{\"@type\":\"ImageObject\",\"inLanguage\":\"es\",\"@id\":\"https:\\\/\\\/www.yucatanencorto.com\\\/noticias\\\/merida-sera-sede-del-foro-iberoamericano-de-derecho-administrativo\\\/#primaryimage\",\"url\":\"https:\\\/\\\/www.yucatanencorto.com\\\/noticias\\\/wp-content\\\/uploads\\\/2021\\\/10\\\/2021-10-23-at-4.42.35-PM.jpeg\",\"contentUrl\":\"https:\\\/\\\/www.yucatanencorto.com\\\/noticias\\\/wp-content\\\/uploads\\\/2021\\\/10\\\/2021-10-23-at-4.42.35-PM.jpeg\",\"width\":479,\"height\":598},{\"@type\":\"BreadcrumbList\",\"@id\":\"https:\\\/\\\/www.yucatanencorto.com\\\/noticias\\\/merida-sera-sede-del-foro-iberoamericano-de-derecho-administrativo\\\/#breadcrumb\",\"itemListElement\":[{\"@type\":\"ListItem\",\"position\":1,\"name\":\"Portada\",\"item\":\"https:\\\/\\\/www.yucatanencorto.com\\\/noticias\\\/\"},{\"@type\":\"ListItem\",\"position\":2,\"name\":\"M\u00e9rida ser\u00e1 sede del Foro Iberoamericano de Derecho Administrativo\"}]},{\"@type\":\"WebSite\",\"@id\":\"https:\\\/\\\/www.yucatanencorto.com\\\/noticias\\\/#website\",\"url\":\"https:\\\/\\\/www.yucatanencorto.com\\\/noticias\\\/\",\"name\":\"Yucat\u00e1n en corto\",\"description\":\"Noticias\",\"potentialAction\":[{\"@type\":\"SearchAction\",\"target\":{\"@type\":\"EntryPoint\",\"urlTemplate\":\"https:\\\/\\\/www.yucatanencorto.com\\\/noticias\\\/?s={search_term_string}\"},\"query-input\":{\"@type\":\"PropertyValueSpecification\",\"valueRequired\":true,\"valueName\":\"search_term_string\"}}],\"inLanguage\":\"es\"},{\"@type\":\"Person\",\"@id\":\"https:\\\/\\\/www.yucatanencorto.com\\\/noticias\\\/#\\\/schema\\\/person\\\/14f82d355225a1f4075dd84a31f45a72\",\"name\":\"Yucat\u00e1n en Corto FC\",\"image\":{\"@type\":\"ImageObject\",\"inLanguage\":\"es\",\"@id\":\"https:\\\/\\\/secure.gravatar.com\\\/avatar\\\/147d4b30cd728c53c29c49a3f7834dedca33707f4cd259761355846009a88250?s=96&d=mm&r=g\",\"url\":\"https:\\\/\\\/secure.gravatar.com\\\/avatar\\\/147d4b30cd728c53c29c49a3f7834dedca33707f4cd259761355846009a88250?s=96&d=mm&r=g\",\"contentUrl\":\"https:\\\/\\\/secure.gravatar.com\\\/avatar\\\/147d4b30cd728c53c29c49a3f7834dedca33707f4cd259761355846009a88250?s=96&d=mm&r=g\",\"caption\":\"Yucat\u00e1n en Corto FC\"},\"url\":\"https:\\\/\\\/www.yucatanencorto.com\\\/noticias\\\/author\\\/flor\\\/\"}]}<\/script>\n<!-- \/ Yoast SEO plugin. -->","yoast_head_json":{"title":"M\u00e9rida ser\u00e1 sede del Foro Iberoamericano de Derecho Administrativo - Yucat\u00e1n en corto","robots":{"index":"index","follow":"follow","max-snippet":"max-snippet:-1","max-image-preview":"max-image-preview:large","max-video-preview":"max-video-preview:-1"},"canonical":"https:\/\/www.yucatanencorto.com\/noticias\/merida-sera-sede-del-foro-iberoamericano-de-derecho-administrativo\/","og_locale":"es_ES","og_type":"article","og_title":"M\u00e9rida ser\u00e1 sede del Foro Iberoamericano de Derecho Administrativo - Yucat\u00e1n en corto","og_description":"&nbsp; M\u00e9rida, Yucat\u00e1n a 23 de octubre de 2021.- El Municipio de M\u00e9rida fue seleccionado como sede para desarrollar el Foro Iberoamericano de Derecho Administrativo, que marcar\u00e1 una importante pauta en la revisi\u00f3n de las pol\u00edticas p\u00fablicas y adaptar nuevas estrategias que permitan el desarrollo arm\u00f3nico de la ciudad, inform\u00f3 el Secretario de la Comuna, [&hellip;]","og_url":"https:\/\/www.yucatanencorto.com\/noticias\/merida-sera-sede-del-foro-iberoamericano-de-derecho-administrativo\/","og_site_name":"Yucat\u00e1n en corto","article_publisher":"http:\/\/www.facebook.com\/yucatanencorto","article_published_time":"2021-10-23T23:18:35+00:00","og_image":[{"width":479,"height":598,"url":"https:\/\/www.yucatanencorto.com\/noticias\/wp-content\/uploads\/2021\/10\/2021-10-23-at-4.42.35-PM.jpeg","type":"image\/jpeg"}],"author":"Yucat\u00e1n en Corto FC","twitter_card":"summary_large_image","twitter_creator":"@yucatanencorto","twitter_site":"@yucatanencorto","twitter_misc":{"Escrito por":"Yucat\u00e1n en Corto FC","Tiempo de lectura":"2 minutos"},"schema":{"@context":"https:\/\/schema.org","@graph":[{"@type":"Article","@id":"https:\/\/www.yucatanencorto.com\/noticias\/merida-sera-sede-del-foro-iberoamericano-de-derecho-administrativo\/#article","isPartOf":{"@id":"https:\/\/www.yucatanencorto.com\/noticias\/merida-sera-sede-del-foro-iberoamericano-de-derecho-administrativo\/"},"author":{"name":"Yucat\u00e1n en Corto FC","@id":"https:\/\/www.yucatanencorto.com\/noticias\/#\/schema\/person\/14f82d355225a1f4075dd84a31f45a72"},"headline":"M\u00e9rida ser\u00e1 sede del Foro Iberoamericano de Derecho Administrativo","datePublished":"2021-10-23T23:18:35+00:00","mainEntityOfPage":{"@id":"https:\/\/www.yucatanencorto.com\/noticias\/merida-sera-sede-del-foro-iberoamericano-de-derecho-administrativo\/"},"wordCount":453,"image":{"@id":"https:\/\/www.yucatanencorto.com\/noticias\/merida-sera-sede-del-foro-iberoamericano-de-derecho-administrativo\/#primaryimage"},"thumbnailUrl":"https:\/\/www.yucatanencorto.com\/noticias\/wp-content\/uploads\/2021\/10\/2021-10-23-at-4.42.35-PM.jpeg","articleSection":["M\u00e9rida"],"inLanguage":"es"},{"@type":"WebPage","@id":"https:\/\/www.yucatanencorto.com\/noticias\/merida-sera-sede-del-foro-iberoamericano-de-derecho-administrativo\/","url":"https:\/\/www.yucatanencorto.com\/noticias\/merida-sera-sede-del-foro-iberoamericano-de-derecho-administrativo\/","name":"M\u00e9rida ser\u00e1 sede del Foro Iberoamericano de Derecho Administrativo - Yucat\u00e1n en corto","isPartOf":{"@id":"https:\/\/www.yucatanencorto.com\/noticias\/#website"},"primaryImageOfPage":{"@id":"https:\/\/www.yucatanencorto.com\/noticias\/merida-sera-sede-del-foro-iberoamericano-de-derecho-administrativo\/#primaryimage"},"image":{"@id":"https:\/\/www.yucatanencorto.com\/noticias\/merida-sera-sede-del-foro-iberoamericano-de-derecho-administrativo\/#primaryimage"},"thumbnailUrl":"https:\/\/www.yucatanencorto.com\/noticias\/wp-content\/uploads\/2021\/10\/2021-10-23-at-4.42.35-PM.jpeg","datePublished":"2021-10-23T23:18:35+00:00","author":{"@id":"https:\/\/www.yucatanencorto.com\/noticias\/#\/schema\/person\/14f82d355225a1f4075dd84a31f45a72"},"breadcrumb":{"@id":"https:\/\/www.yucatanencorto.com\/noticias\/merida-sera-sede-del-foro-iberoamericano-de-derecho-administrativo\/#breadcrumb"},"inLanguage":"es","potentialAction":[{"@type":"ReadAction","target":["https:\/\/www.yucatanencorto.com\/noticias\/merida-sera-sede-del-foro-iberoamericano-de-derecho-administrativo\/"]}]},{"@type":"ImageObject","inLanguage":"es","@id":"https:\/\/www.yucatanencorto.com\/noticias\/merida-sera-sede-del-foro-iberoamericano-de-derecho-administrativo\/#primaryimage","url":"https:\/\/www.yucatanencorto.com\/noticias\/wp-content\/uploads\/2021\/10\/2021-10-23-at-4.42.35-PM.jpeg","contentUrl":"https:\/\/www.yucatanencorto.com\/noticias\/wp-content\/uploads\/2021\/10\/2021-10-23-at-4.42.35-PM.jpeg","width":479,"height":598},{"@type":"BreadcrumbList","@id":"https:\/\/www.yucatanencorto.com\/noticias\/merida-sera-sede-del-foro-iberoamericano-de-derecho-administrativo\/#breadcrumb","itemListElement":[{"@type":"ListItem","position":1,"name":"Portada","item":"https:\/\/www.yucatanencorto.com\/noticias\/"},{"@type":"ListItem","position":2,"name":"M\u00e9rida ser\u00e1 sede del Foro Iberoamericano de Derecho Administrativo"}]},{"@type":"WebSite","@id":"https:\/\/www.yucatanencorto.com\/noticias\/#website","url":"https:\/\/www.yucatanencorto.com\/noticias\/","name":"Yucat\u00e1n en corto","description":"Noticias","potentialAction":[{"@type":"SearchAction","target":{"@type":"EntryPoint","urlTemplate":"https:\/\/www.yucatanencorto.com\/noticias\/?s={search_term_string}"},"query-input":{"@type":"PropertyValueSpecification","valueRequired":true,"valueName":"search_term_string"}}],"inLanguage":"es"},{"@type":"Person","@id":"https:\/\/www.yucatanencorto.com\/noticias\/#\/schema\/person\/14f82d355225a1f4075dd84a31f45a72","name":"Yucat\u00e1n en Corto FC","image":{"@type":"ImageObject","inLanguage":"es","@id":"https:\/\/secure.gravatar.com\/avatar\/147d4b30cd728c53c29c49a3f7834dedca33707f4cd259761355846009a88250?s=96&d=mm&r=g","url":"https:\/\/secure.gravatar.com\/avatar\/147d4b30cd728c53c29c49a3f7834dedca33707f4cd259761355846009a88250?s=96&d=mm&r=g","contentUrl":"https:\/\/secure.gravatar.com\/avatar\/147d4b30cd728c53c29c49a3f7834dedca33707f4cd259761355846009a88250?s=96&d=mm&r=g","caption":"Yucat\u00e1n en Corto FC"},"url":"https:\/\/www.yucatanencorto.com\/noticias\/author\/flor\/"}]}},"_links":{"self":[{"href":"https:\/\/www.yucatanencorto.com\/noticias\/wp-json\/wp\/v2\/posts\/87010","targetHints":{"allow":["GET"]}}],"collection":[{"href":"https:\/\/www.yucatanencorto.com\/noticias\/wp-json\/wp\/v2\/posts"}],"about":[{"href":"https:\/\/www.yucatanencorto.com\/noticias\/wp-json\/wp\/v2\/types\/post"}],"author":[{"embeddable":true,"href":"https:\/\/www.yucatanencorto.com\/noticias\/wp-json\/wp\/v2\/users\/2"}],"replies":[{"embeddable":true,"href":"https:\/\/www.yucatanencorto.com\/noticias\/wp-json\/wp\/v2\/comments?post=87010"}],"version-history":[{"count":0,"href":"https:\/\/www.yucatanencorto.com\/noticias\/wp-json\/wp\/v2\/posts\/87010\/revisions"}],"wp:featuredmedia":[{"embeddable":true,"href":"https:\/\/www.yucatanencorto.com\/noticias\/wp-json\/wp\/v2\/media\/87011"}],"wp:attachment":[{"href":"https:\/\/www.yucatanencorto.com\/noticias\/wp-json\/wp\/v2\/media?parent=87010"}],"wp:term":[{"taxonomy":"category","embeddable":true,"href":"https:\/\/www.yucatanencorto.com\/noticias\/wp-json\/wp\/v2\/categories?post=87010"},{"taxonomy":"post_tag","embeddable":true,"href":"https:\/\/www.yucatanencorto.com\/noticias\/wp-json\/wp\/v2\/tags?post=87010"}],"curies":[{"name":"wp","href":"https:\/\/api.w.org\/{rel}","templated":true}]}}