{"id":87015,"date":"2021-10-25T15:04:35","date_gmt":"2021-10-25T20:04:35","guid":{"rendered":"https:\/\/www.yucatanencorto.com\/noticias\/?p=87015"},"modified":"2021-10-25T15:04:35","modified_gmt":"2021-10-25T20:04:35","slug":"comienza-vacunacion-contra-el-coronavirus-de-menores-de-17-anos-con-comorbilidades-en-yucatan","status":"publish","type":"post","link":"https:\/\/www.yucatanencorto.com\/noticias\/comienza-vacunacion-contra-el-coronavirus-de-menores-de-17-anos-con-comorbilidades-en-yucatan\/","title":{"rendered":"Comienza vacunaci\u00f3n contra el Coronavirus de menores de 17 a\u00f1os con comorbilidades en Yucat\u00e1n"},"content":{"rendered":"<p style=\"text-align: justify;\">\n<p>&nbsp;<\/p>\n<p><img loading=\"lazy\" decoding=\"async\" class=\"alignnone size-full wp-image-87016\" src=\"https:\/\/www.yucatanencorto.com\/noticias\/wp-content\/uploads\/2021\/10\/image00001-5.jpeg\" alt=\"\" width=\"640\" height=\"427\" srcset=\"https:\/\/www.yucatanencorto.com\/noticias\/wp-content\/uploads\/2021\/10\/image00001-5.jpeg 640w, https:\/\/www.yucatanencorto.com\/noticias\/wp-content\/uploads\/2021\/10\/image00001-5-630x420.jpeg 630w\" sizes=\"auto, (max-width: 640px) 100vw, 640px\" \/><\/p>\n<p>&nbsp;<\/p>\n<p>&nbsp;<\/p>\n<p style=\"text-align: justify;\">M\u00e9rida, Yucat\u00e1n 25 de octubre de 2021.- Menores de entre 12 y 17 a\u00f1os con alg\u00fan tipo de comorbilidad o enfermedad grave que ponen en riesgo su salud y que viven en M\u00e9rida comenzaron a recibir la primera dosis de la vacuna contra el Coronavirus de la farmac\u00e9utica Pfizer, por lo que este proceso sigue avanzando a buen ritmo en Yucat\u00e1n.<\/p>\n<p style=\"text-align: justify;\">De manera simult\u00e1nea, desde las 8:00 de la ma\u00f1ana arranc\u00f3 en 69 municipios del estado la aplicaci\u00f3n de segundas dosis de la farmac\u00e9utica AstraZeneca para personas de 30 a 39 a\u00f1os y de 18 a 29 a\u00f1os, proceso que se realizar\u00e1 hasta el pr\u00f3ximo s\u00e1bado 30 de octubre de manera coordinada entre el Gobierno del Estado y la Secretar\u00eda del Bienestar.<\/p>\n<p style=\"text-align: justify;\">Con l\u00e1grimas de felicidad, Silvia Sosa Couoh dijo sentirse m\u00e1s tranquila y segura de que sus dos nietos de 13 y 15 a\u00f1os, quienes padecen asma, epilepsia, h\u00edgado graso y obesidad, respectivamente, ya cuenten por lo menos con la primera dosis de la vacuna, ya que al tener dichas comorbilidades se encuentran m\u00e1s susceptibles a enfermarse gravemente por Coronavirus.<\/p>\n<p style=\"text-align: justify;\">\u00abSon ni\u00f1os que est\u00e1n en riesgo ante esta enfermedad que causa la muerte, por eso, qu\u00e9 bueno que el Gobierno del Estado gestion\u00f3 que lleguen estas vacunas y es una ayuda para nosotros y para ellos, sobre todo, para que puedan estar m\u00e1s protegidos y contin\u00faen con sus estudios en la escuela\u00bb, coment\u00f3 la mujer.<\/p>\n<p style=\"text-align: justify;\">Cabe mencionar, que la vacunaci\u00f3n el sector de la poblaci\u00f3n de entre 12 y 17 a\u00f1os se realiza en los hospitales Susul\u00e1 del Issste y de la Amistad Corea M\u00e9xico de la Secretar\u00eda de Salud de Yucat\u00e1n, as\u00ed como en el Centro Social del IMSS, ubicado a un costado del Hospital General Regional \u201cLic. Ignacio Garc\u00eda T\u00e9llez\u201d, mejor conocido como T-1. Esto por disposici\u00f3n del Gobierno federal.<\/p>\n<p style=\"text-align: justify;\">Pese a los nervios y ansiedad, cientos de ni\u00f1os y j\u00f3venes que acudieron al Hospital Amistad Corea-M\u00e9xico, al sur de esta capital, para recibir su vacuna, demostraron su alegr\u00eda de al fin poder acceder a su primera dosis, en muchos casos, los adolescentes fueron asistidos por sus padres quienes les dieron \u00e1nimos y aplaudieron su valent\u00eda en este proceso que para algunos result\u00f3 un poco doloroso.<\/p>\n<p style=\"text-align: justify;\">Para Edith Mireya Valencia Araujo, madre de una adolescente de 17 a\u00f1os, quien desde los 4 a\u00f1os padece asma, obesidad y rinitis, lo que le provoca que en \u00e9pocas de humedad se le dificulte respirar, la vacunaci\u00f3n signific\u00f3 un gran alivio ya que pese al cuidado que mantienen, la preocupaci\u00f3n por que se pueda contagiar siempre es mayor.<\/p>\n<p style=\"text-align: justify;\">\u201cDefinitivamente es un alivio, cuando son personas como mi hija, es mayor la preocupaci\u00f3n, mayor el encierro y los cuidados. Ambas estamos muy contentas, sobre todo porque el proceso fue muy \u00e1gil, yo esperaba filas y horas de espera, pero la verdad todo fue muy r\u00e1pido y yo feliz con la atenci\u00f3n\u201d, asegur\u00f3 Valencia Araujo, quien, adem\u00e1s reiter\u00f3 que pese a la vacuna seguir\u00e1n con las medidas sanitarias de higiene, uso de cubrebocas y sana distancia.<\/p>\n<p style=\"text-align: justify;\">Para poder recibir la vacuna, es indispensable que la persona est\u00e9 previamente registrada en la plataforma del Gobierno federal y presente la constancia m\u00e9dica que certifique el diagn\u00f3stico expedida por su m\u00e9dico tratante.<\/p>\n<p style=\"text-align: justify;\">En el caso de los municipios donde se realiza la jornada de vacunaci\u00f3n, la Secretar\u00eda de Salud de Yucat\u00e1n (SSY), exhort\u00f3 a la poblaci\u00f3n a estar pendiente de las fechas, as\u00ed como de los lugares donde se estar\u00e1n aplicando las segundas dosis.<\/p>\n<p style=\"text-align: justify;\">\n<p>&nbsp;<\/p>\n<p>&nbsp;<\/p>\n","protected":false},"excerpt":{"rendered":"<p>&nbsp; &nbsp; &nbsp; M\u00e9rida, Yucat\u00e1n 25 de octubre de 2021.- Menores de entre 12 y 17 a\u00f1os con alg\u00fan tipo de comorbilidad o enfermedad grave que ponen en riesgo su salud y que viven en M\u00e9rida comenzaron a recibir la primera dosis de la vacuna contra el Coronavirus de la farmac\u00e9utica Pfizer, por lo que [&hellip;]<\/p>\n","protected":false},"author":2,"featured_media":87016,"comment_status":"closed","ping_status":"closed","sticky":false,"template":"","format":"standard","meta":{"footnotes":""},"categories":[3],"tags":[],"class_list":{"0":"post-87015","1":"post","2":"type-post","3":"status-publish","4":"format-standard","5":"has-post-thumbnail","7":"category-yucatan"},"yoast_head":"<!-- This site is optimized with the Yoast SEO plugin v27.4 - https:\/\/yoast.com\/product\/yoast-seo-wordpress\/ -->\n<title>Comienza vacunaci\u00f3n contra el Coronavirus de menores de 17 a\u00f1os con comorbilidades en Yucat\u00e1n - Yucat\u00e1n en corto<\/title>\n<meta name=\"robots\" content=\"index, follow, max-snippet:-1, max-image-preview:large, max-video-preview:-1\" \/>\n<link rel=\"canonical\" href=\"https:\/\/www.yucatanencorto.com\/noticias\/comienza-vacunacion-contra-el-coronavirus-de-menores-de-17-anos-con-comorbilidades-en-yucatan\/\" \/>\n<meta property=\"og:locale\" content=\"es_ES\" \/>\n<meta property=\"og:type\" content=\"article\" \/>\n<meta property=\"og:title\" content=\"Comienza vacunaci\u00f3n contra el Coronavirus de menores de 17 a\u00f1os con comorbilidades en Yucat\u00e1n - Yucat\u00e1n en corto\" \/>\n<meta property=\"og:description\" content=\"&nbsp; &nbsp; &nbsp; M\u00e9rida, Yucat\u00e1n 25 de octubre de 2021.- Menores de entre 12 y 17 a\u00f1os con alg\u00fan tipo de comorbilidad o enfermedad grave que ponen en riesgo su salud y que viven en M\u00e9rida comenzaron a recibir la primera dosis de la vacuna contra el Coronavirus de la farmac\u00e9utica Pfizer, por lo que [&hellip;]\" \/>\n<meta property=\"og:url\" content=\"https:\/\/www.yucatanencorto.com\/noticias\/comienza-vacunacion-contra-el-coronavirus-de-menores-de-17-anos-con-comorbilidades-en-yucatan\/\" \/>\n<meta property=\"og:site_name\" content=\"Yucat\u00e1n en corto\" \/>\n<meta property=\"article:publisher\" content=\"http:\/\/www.facebook.com\/yucatanencorto\" \/>\n<meta property=\"article:published_time\" content=\"2021-10-25T20:04:35+00:00\" \/>\n<meta property=\"og:image\" content=\"https:\/\/www.yucatanencorto.com\/noticias\/wp-content\/uploads\/2021\/10\/image00001-5.jpeg\" \/>\n\t<meta property=\"og:image:width\" content=\"640\" \/>\n\t<meta property=\"og:image:height\" content=\"427\" \/>\n\t<meta property=\"og:image:type\" content=\"image\/jpeg\" \/>\n<meta name=\"author\" content=\"Yucat\u00e1n en Corto FC\" \/>\n<meta name=\"twitter:card\" content=\"summary_large_image\" \/>\n<meta name=\"twitter:creator\" content=\"@yucatanencorto\" \/>\n<meta name=\"twitter:site\" content=\"@yucatanencorto\" \/>\n<meta name=\"twitter:label1\" content=\"Escrito por\" \/>\n\t<meta name=\"twitter:data1\" content=\"Yucat\u00e1n en Corto FC\" \/>\n\t<meta name=\"twitter:label2\" content=\"Tiempo de lectura\" \/>\n\t<meta name=\"twitter:data2\" content=\"3 minutos\" \/>\n<script type=\"application\/ld+json\" class=\"yoast-schema-graph\">{\"@context\":\"https:\\\/\\\/schema.org\",\"@graph\":[{\"@type\":\"Article\",\"@id\":\"https:\\\/\\\/www.yucatanencorto.com\\\/noticias\\\/comienza-vacunacion-contra-el-coronavirus-de-menores-de-17-anos-con-comorbilidades-en-yucatan\\\/#article\",\"isPartOf\":{\"@id\":\"https:\\\/\\\/www.yucatanencorto.com\\\/noticias\\\/comienza-vacunacion-contra-el-coronavirus-de-menores-de-17-anos-con-comorbilidades-en-yucatan\\\/\"},\"author\":{\"name\":\"Yucat\u00e1n en Corto FC\",\"@id\":\"https:\\\/\\\/www.yucatanencorto.com\\\/noticias\\\/#\\\/schema\\\/person\\\/14f82d355225a1f4075dd84a31f45a72\"},\"headline\":\"Comienza vacunaci\u00f3n contra el Coronavirus de menores de 17 a\u00f1os con comorbilidades en Yucat\u00e1n\",\"datePublished\":\"2021-10-25T20:04:35+00:00\",\"mainEntityOfPage\":{\"@id\":\"https:\\\/\\\/www.yucatanencorto.com\\\/noticias\\\/comienza-vacunacion-contra-el-coronavirus-de-menores-de-17-anos-con-comorbilidades-en-yucatan\\\/\"},\"wordCount\":639,\"image\":{\"@id\":\"https:\\\/\\\/www.yucatanencorto.com\\\/noticias\\\/comienza-vacunacion-contra-el-coronavirus-de-menores-de-17-anos-con-comorbilidades-en-yucatan\\\/#primaryimage\"},\"thumbnailUrl\":\"https:\\\/\\\/www.yucatanencorto.com\\\/noticias\\\/wp-content\\\/uploads\\\/2021\\\/10\\\/image00001-5.jpeg\",\"articleSection\":[\"Yucat\u00e1n\"],\"inLanguage\":\"es\"},{\"@type\":\"WebPage\",\"@id\":\"https:\\\/\\\/www.yucatanencorto.com\\\/noticias\\\/comienza-vacunacion-contra-el-coronavirus-de-menores-de-17-anos-con-comorbilidades-en-yucatan\\\/\",\"url\":\"https:\\\/\\\/www.yucatanencorto.com\\\/noticias\\\/comienza-vacunacion-contra-el-coronavirus-de-menores-de-17-anos-con-comorbilidades-en-yucatan\\\/\",\"name\":\"Comienza vacunaci\u00f3n contra el Coronavirus de menores de 17 a\u00f1os con comorbilidades en Yucat\u00e1n - Yucat\u00e1n en corto\",\"isPartOf\":{\"@id\":\"https:\\\/\\\/www.yucatanencorto.com\\\/noticias\\\/#website\"},\"primaryImageOfPage\":{\"@id\":\"https:\\\/\\\/www.yucatanencorto.com\\\/noticias\\\/comienza-vacunacion-contra-el-coronavirus-de-menores-de-17-anos-con-comorbilidades-en-yucatan\\\/#primaryimage\"},\"image\":{\"@id\":\"https:\\\/\\\/www.yucatanencorto.com\\\/noticias\\\/comienza-vacunacion-contra-el-coronavirus-de-menores-de-17-anos-con-comorbilidades-en-yucatan\\\/#primaryimage\"},\"thumbnailUrl\":\"https:\\\/\\\/www.yucatanencorto.com\\\/noticias\\\/wp-content\\\/uploads\\\/2021\\\/10\\\/image00001-5.jpeg\",\"datePublished\":\"2021-10-25T20:04:35+00:00\",\"author\":{\"@id\":\"https:\\\/\\\/www.yucatanencorto.com\\\/noticias\\\/#\\\/schema\\\/person\\\/14f82d355225a1f4075dd84a31f45a72\"},\"breadcrumb\":{\"@id\":\"https:\\\/\\\/www.yucatanencorto.com\\\/noticias\\\/comienza-vacunacion-contra-el-coronavirus-de-menores-de-17-anos-con-comorbilidades-en-yucatan\\\/#breadcrumb\"},\"inLanguage\":\"es\",\"potentialAction\":[{\"@type\":\"ReadAction\",\"target\":[\"https:\\\/\\\/www.yucatanencorto.com\\\/noticias\\\/comienza-vacunacion-contra-el-coronavirus-de-menores-de-17-anos-con-comorbilidades-en-yucatan\\\/\"]}]},{\"@type\":\"ImageObject\",\"inLanguage\":\"es\",\"@id\":\"https:\\\/\\\/www.yucatanencorto.com\\\/noticias\\\/comienza-vacunacion-contra-el-coronavirus-de-menores-de-17-anos-con-comorbilidades-en-yucatan\\\/#primaryimage\",\"url\":\"https:\\\/\\\/www.yucatanencorto.com\\\/noticias\\\/wp-content\\\/uploads\\\/2021\\\/10\\\/image00001-5.jpeg\",\"contentUrl\":\"https:\\\/\\\/www.yucatanencorto.com\\\/noticias\\\/wp-content\\\/uploads\\\/2021\\\/10\\\/image00001-5.jpeg\",\"width\":640,\"height\":427},{\"@type\":\"BreadcrumbList\",\"@id\":\"https:\\\/\\\/www.yucatanencorto.com\\\/noticias\\\/comienza-vacunacion-contra-el-coronavirus-de-menores-de-17-anos-con-comorbilidades-en-yucatan\\\/#breadcrumb\",\"itemListElement\":[{\"@type\":\"ListItem\",\"position\":1,\"name\":\"Portada\",\"item\":\"https:\\\/\\\/www.yucatanencorto.com\\\/noticias\\\/\"},{\"@type\":\"ListItem\",\"position\":2,\"name\":\"Comienza vacunaci\u00f3n contra el Coronavirus de menores de 17 a\u00f1os con comorbilidades en Yucat\u00e1n\"}]},{\"@type\":\"WebSite\",\"@id\":\"https:\\\/\\\/www.yucatanencorto.com\\\/noticias\\\/#website\",\"url\":\"https:\\\/\\\/www.yucatanencorto.com\\\/noticias\\\/\",\"name\":\"Yucat\u00e1n en corto\",\"description\":\"Noticias\",\"potentialAction\":[{\"@type\":\"SearchAction\",\"target\":{\"@type\":\"EntryPoint\",\"urlTemplate\":\"https:\\\/\\\/www.yucatanencorto.com\\\/noticias\\\/?s={search_term_string}\"},\"query-input\":{\"@type\":\"PropertyValueSpecification\",\"valueRequired\":true,\"valueName\":\"search_term_string\"}}],\"inLanguage\":\"es\"},{\"@type\":\"Person\",\"@id\":\"https:\\\/\\\/www.yucatanencorto.com\\\/noticias\\\/#\\\/schema\\\/person\\\/14f82d355225a1f4075dd84a31f45a72\",\"name\":\"Yucat\u00e1n en Corto FC\",\"image\":{\"@type\":\"ImageObject\",\"inLanguage\":\"es\",\"@id\":\"https:\\\/\\\/secure.gravatar.com\\\/avatar\\\/147d4b30cd728c53c29c49a3f7834dedca33707f4cd259761355846009a88250?s=96&d=mm&r=g\",\"url\":\"https:\\\/\\\/secure.gravatar.com\\\/avatar\\\/147d4b30cd728c53c29c49a3f7834dedca33707f4cd259761355846009a88250?s=96&d=mm&r=g\",\"contentUrl\":\"https:\\\/\\\/secure.gravatar.com\\\/avatar\\\/147d4b30cd728c53c29c49a3f7834dedca33707f4cd259761355846009a88250?s=96&d=mm&r=g\",\"caption\":\"Yucat\u00e1n en Corto FC\"},\"url\":\"https:\\\/\\\/www.yucatanencorto.com\\\/noticias\\\/author\\\/flor\\\/\"}]}<\/script>\n<!-- \/ Yoast SEO plugin. -->","yoast_head_json":{"title":"Comienza vacunaci\u00f3n contra el Coronavirus de menores de 17 a\u00f1os con comorbilidades en Yucat\u00e1n - Yucat\u00e1n en corto","robots":{"index":"index","follow":"follow","max-snippet":"max-snippet:-1","max-image-preview":"max-image-preview:large","max-video-preview":"max-video-preview:-1"},"canonical":"https:\/\/www.yucatanencorto.com\/noticias\/comienza-vacunacion-contra-el-coronavirus-de-menores-de-17-anos-con-comorbilidades-en-yucatan\/","og_locale":"es_ES","og_type":"article","og_title":"Comienza vacunaci\u00f3n contra el Coronavirus de menores de 17 a\u00f1os con comorbilidades en Yucat\u00e1n - Yucat\u00e1n en corto","og_description":"&nbsp; &nbsp; &nbsp; M\u00e9rida, Yucat\u00e1n 25 de octubre de 2021.- Menores de entre 12 y 17 a\u00f1os con alg\u00fan tipo de comorbilidad o enfermedad grave que ponen en riesgo su salud y que viven en M\u00e9rida comenzaron a recibir la primera dosis de la vacuna contra el Coronavirus de la farmac\u00e9utica Pfizer, por lo que [&hellip;]","og_url":"https:\/\/www.yucatanencorto.com\/noticias\/comienza-vacunacion-contra-el-coronavirus-de-menores-de-17-anos-con-comorbilidades-en-yucatan\/","og_site_name":"Yucat\u00e1n en corto","article_publisher":"http:\/\/www.facebook.com\/yucatanencorto","article_published_time":"2021-10-25T20:04:35+00:00","og_image":[{"width":640,"height":427,"url":"https:\/\/www.yucatanencorto.com\/noticias\/wp-content\/uploads\/2021\/10\/image00001-5.jpeg","type":"image\/jpeg"}],"author":"Yucat\u00e1n en Corto FC","twitter_card":"summary_large_image","twitter_creator":"@yucatanencorto","twitter_site":"@yucatanencorto","twitter_misc":{"Escrito por":"Yucat\u00e1n en Corto FC","Tiempo de lectura":"3 minutos"},"schema":{"@context":"https:\/\/schema.org","@graph":[{"@type":"Article","@id":"https:\/\/www.yucatanencorto.com\/noticias\/comienza-vacunacion-contra-el-coronavirus-de-menores-de-17-anos-con-comorbilidades-en-yucatan\/#article","isPartOf":{"@id":"https:\/\/www.yucatanencorto.com\/noticias\/comienza-vacunacion-contra-el-coronavirus-de-menores-de-17-anos-con-comorbilidades-en-yucatan\/"},"author":{"name":"Yucat\u00e1n en Corto FC","@id":"https:\/\/www.yucatanencorto.com\/noticias\/#\/schema\/person\/14f82d355225a1f4075dd84a31f45a72"},"headline":"Comienza vacunaci\u00f3n contra el Coronavirus de menores de 17 a\u00f1os con comorbilidades en Yucat\u00e1n","datePublished":"2021-10-25T20:04:35+00:00","mainEntityOfPage":{"@id":"https:\/\/www.yucatanencorto.com\/noticias\/comienza-vacunacion-contra-el-coronavirus-de-menores-de-17-anos-con-comorbilidades-en-yucatan\/"},"wordCount":639,"image":{"@id":"https:\/\/www.yucatanencorto.com\/noticias\/comienza-vacunacion-contra-el-coronavirus-de-menores-de-17-anos-con-comorbilidades-en-yucatan\/#primaryimage"},"thumbnailUrl":"https:\/\/www.yucatanencorto.com\/noticias\/wp-content\/uploads\/2021\/10\/image00001-5.jpeg","articleSection":["Yucat\u00e1n"],"inLanguage":"es"},{"@type":"WebPage","@id":"https:\/\/www.yucatanencorto.com\/noticias\/comienza-vacunacion-contra-el-coronavirus-de-menores-de-17-anos-con-comorbilidades-en-yucatan\/","url":"https:\/\/www.yucatanencorto.com\/noticias\/comienza-vacunacion-contra-el-coronavirus-de-menores-de-17-anos-con-comorbilidades-en-yucatan\/","name":"Comienza vacunaci\u00f3n contra el Coronavirus de menores de 17 a\u00f1os con comorbilidades en Yucat\u00e1n - Yucat\u00e1n en corto","isPartOf":{"@id":"https:\/\/www.yucatanencorto.com\/noticias\/#website"},"primaryImageOfPage":{"@id":"https:\/\/www.yucatanencorto.com\/noticias\/comienza-vacunacion-contra-el-coronavirus-de-menores-de-17-anos-con-comorbilidades-en-yucatan\/#primaryimage"},"image":{"@id":"https:\/\/www.yucatanencorto.com\/noticias\/comienza-vacunacion-contra-el-coronavirus-de-menores-de-17-anos-con-comorbilidades-en-yucatan\/#primaryimage"},"thumbnailUrl":"https:\/\/www.yucatanencorto.com\/noticias\/wp-content\/uploads\/2021\/10\/image00001-5.jpeg","datePublished":"2021-10-25T20:04:35+00:00","author":{"@id":"https:\/\/www.yucatanencorto.com\/noticias\/#\/schema\/person\/14f82d355225a1f4075dd84a31f45a72"},"breadcrumb":{"@id":"https:\/\/www.yucatanencorto.com\/noticias\/comienza-vacunacion-contra-el-coronavirus-de-menores-de-17-anos-con-comorbilidades-en-yucatan\/#breadcrumb"},"inLanguage":"es","potentialAction":[{"@type":"ReadAction","target":["https:\/\/www.yucatanencorto.com\/noticias\/comienza-vacunacion-contra-el-coronavirus-de-menores-de-17-anos-con-comorbilidades-en-yucatan\/"]}]},{"@type":"ImageObject","inLanguage":"es","@id":"https:\/\/www.yucatanencorto.com\/noticias\/comienza-vacunacion-contra-el-coronavirus-de-menores-de-17-anos-con-comorbilidades-en-yucatan\/#primaryimage","url":"https:\/\/www.yucatanencorto.com\/noticias\/wp-content\/uploads\/2021\/10\/image00001-5.jpeg","contentUrl":"https:\/\/www.yucatanencorto.com\/noticias\/wp-content\/uploads\/2021\/10\/image00001-5.jpeg","width":640,"height":427},{"@type":"BreadcrumbList","@id":"https:\/\/www.yucatanencorto.com\/noticias\/comienza-vacunacion-contra-el-coronavirus-de-menores-de-17-anos-con-comorbilidades-en-yucatan\/#breadcrumb","itemListElement":[{"@type":"ListItem","position":1,"name":"Portada","item":"https:\/\/www.yucatanencorto.com\/noticias\/"},{"@type":"ListItem","position":2,"name":"Comienza vacunaci\u00f3n contra el Coronavirus de menores de 17 a\u00f1os con comorbilidades en Yucat\u00e1n"}]},{"@type":"WebSite","@id":"https:\/\/www.yucatanencorto.com\/noticias\/#website","url":"https:\/\/www.yucatanencorto.com\/noticias\/","name":"Yucat\u00e1n en corto","description":"Noticias","potentialAction":[{"@type":"SearchAction","target":{"@type":"EntryPoint","urlTemplate":"https:\/\/www.yucatanencorto.com\/noticias\/?s={search_term_string}"},"query-input":{"@type":"PropertyValueSpecification","valueRequired":true,"valueName":"search_term_string"}}],"inLanguage":"es"},{"@type":"Person","@id":"https:\/\/www.yucatanencorto.com\/noticias\/#\/schema\/person\/14f82d355225a1f4075dd84a31f45a72","name":"Yucat\u00e1n en Corto FC","image":{"@type":"ImageObject","inLanguage":"es","@id":"https:\/\/secure.gravatar.com\/avatar\/147d4b30cd728c53c29c49a3f7834dedca33707f4cd259761355846009a88250?s=96&d=mm&r=g","url":"https:\/\/secure.gravatar.com\/avatar\/147d4b30cd728c53c29c49a3f7834dedca33707f4cd259761355846009a88250?s=96&d=mm&r=g","contentUrl":"https:\/\/secure.gravatar.com\/avatar\/147d4b30cd728c53c29c49a3f7834dedca33707f4cd259761355846009a88250?s=96&d=mm&r=g","caption":"Yucat\u00e1n en Corto FC"},"url":"https:\/\/www.yucatanencorto.com\/noticias\/author\/flor\/"}]}},"_links":{"self":[{"href":"https:\/\/www.yucatanencorto.com\/noticias\/wp-json\/wp\/v2\/posts\/87015","targetHints":{"allow":["GET"]}}],"collection":[{"href":"https:\/\/www.yucatanencorto.com\/noticias\/wp-json\/wp\/v2\/posts"}],"about":[{"href":"https:\/\/www.yucatanencorto.com\/noticias\/wp-json\/wp\/v2\/types\/post"}],"author":[{"embeddable":true,"href":"https:\/\/www.yucatanencorto.com\/noticias\/wp-json\/wp\/v2\/users\/2"}],"replies":[{"embeddable":true,"href":"https:\/\/www.yucatanencorto.com\/noticias\/wp-json\/wp\/v2\/comments?post=87015"}],"version-history":[{"count":0,"href":"https:\/\/www.yucatanencorto.com\/noticias\/wp-json\/wp\/v2\/posts\/87015\/revisions"}],"wp:featuredmedia":[{"embeddable":true,"href":"https:\/\/www.yucatanencorto.com\/noticias\/wp-json\/wp\/v2\/media\/87016"}],"wp:attachment":[{"href":"https:\/\/www.yucatanencorto.com\/noticias\/wp-json\/wp\/v2\/media?parent=87015"}],"wp:term":[{"taxonomy":"category","embeddable":true,"href":"https:\/\/www.yucatanencorto.com\/noticias\/wp-json\/wp\/v2\/categories?post=87015"},{"taxonomy":"post_tag","embeddable":true,"href":"https:\/\/www.yucatanencorto.com\/noticias\/wp-json\/wp\/v2\/tags?post=87015"}],"curies":[{"name":"wp","href":"https:\/\/api.w.org\/{rel}","templated":true}]}}