{"id":87019,"date":"2021-10-25T16:02:23","date_gmt":"2021-10-25T21:02:23","guid":{"rendered":"https:\/\/www.yucatanencorto.com\/noticias\/?p=87019"},"modified":"2021-10-25T16:02:23","modified_gmt":"2021-10-25T21:02:23","slug":"aprueban-por-mayoria-el-proyecto-de-dictamen-de-la-iniciativa-para-expedir-la-ley-de-cambio-climatico","status":"publish","type":"post","link":"https:\/\/www.yucatanencorto.com\/noticias\/aprueban-por-mayoria-el-proyecto-de-dictamen-de-la-iniciativa-para-expedir-la-ley-de-cambio-climatico\/","title":{"rendered":"Aprueban por mayor\u00eda el Proyecto de Dictamen de la Iniciativa para expedir la Ley de Cambio Clim\u00e1tico"},"content":{"rendered":"<p><img loading=\"lazy\" decoding=\"async\" class=\"alignnone size-full wp-image-87020\" src=\"https:\/\/www.yucatanencorto.com\/noticias\/wp-content\/uploads\/2021\/10\/WhatsApp-Image-2021-10-25-at-3.54.50-PM-scaled.jpeg\" alt=\"\" width=\"768\" height=\"512\" srcset=\"https:\/\/www.yucatanencorto.com\/noticias\/wp-content\/uploads\/2021\/10\/WhatsApp-Image-2021-10-25-at-3.54.50-PM-scaled.jpeg 768w, https:\/\/www.yucatanencorto.com\/noticias\/wp-content\/uploads\/2021\/10\/WhatsApp-Image-2021-10-25-at-3.54.50-PM-696x464.jpeg 696w, https:\/\/www.yucatanencorto.com\/noticias\/wp-content\/uploads\/2021\/10\/WhatsApp-Image-2021-10-25-at-3.54.50-PM-1068x712.jpeg 1068w, https:\/\/www.yucatanencorto.com\/noticias\/wp-content\/uploads\/2021\/10\/WhatsApp-Image-2021-10-25-at-3.54.50-PM-630x420.jpeg 630w\" sizes=\"auto, (max-width: 768px) 100vw, 768px\" \/><\/p>\n<p>M\u00e9rida, Yucat\u00e1n a 25 de octubre de 2021.- Con propuestas de la diputada del PRI, Karla Franco Blanco y los diputados panistas, Erick Rihani Gonz\u00e1lez y Jes\u00fas P\u00e9rez Ballote, los legisladores de la Comisi\u00f3n Permanente de Medio Ambiente aprobaron por mayor\u00eda de votos, con el voto en contra de la diputada de Morena, Jazm\u00edn Villanueva Moo, el Proyecto de Dictamen de la Iniciativa para expedir la Ley de Cambio Clim\u00e1tico enviada por el Ejecutivo Estatal.<\/p>\n<p>Como se inform\u00f3, el pasado viernes 22 de octubre se dio a las y los diputados, un tiempo de 36 horas para que realicen propuestas, adecuaciones y observaciones que enriquezcan la iniciativa, al igual se dispuso un micrositio en la p\u00e1gina oficial del Congreso del Estado, para el mismo fin.<\/p>\n<p>Durante la sesi\u00f3n, la secretaria de la Comisi\u00f3n, diputada Karla Salazar Gonz\u00e1lez, dio lectura a los Art\u00edculos Transitorios del Proyecto de Dictamen de la Iniciativa de Ley de Cambio Clim\u00e1tico, entre las cuales se menciona la integraci\u00f3n de la Comisi\u00f3n Intersecretarial del Cambio Clim\u00e1tico en Yucat\u00e1n, a partir de la publicaci\u00f3n del Decreto.<\/p>\n<p>Asimismo, se\u00f1ala que la Secretar\u00eda de Desarrollo Sustentable habilitar\u00e1 de forma electr\u00f3nica el Sistema de Medici\u00f3n, Reporte y Verificaci\u00f3n, Monitoreo y Evaluaci\u00f3n en un plazo no mayor a seis meses de la entrada en vigor del Decreto y se emitir\u00e1 tambi\u00e9n, en un plazo no mayor de seis meses, el Registro Estatal de Emisiones de Gases y Compuestos de Efecto Invernadero.<\/p>\n<p>Tambi\u00e9n se inform\u00f3, que en un plazo no mayor a 180 d\u00edas se deber\u00e1 expedir el Reglamento de la Ley de Cambio Clim\u00e1tico del Estado de Yucat\u00e1n y la expedici\u00f3n del Programa Estatal de Cambio Clim\u00e1tico.<\/p>\n<p>Y, en un plazo no mayor a 90 d\u00edas, se expedir\u00e1 el Reglamento Interno del Sistema Estatal de Cambio Clim\u00e1tico y el Reglamento Interno del Consejo Ciudadano Consultivo en Materia de Mitigaci\u00f3n y Adaptaci\u00f3n al Cambio Clim\u00e1tico.<\/p>\n<p>Los diputados de la Fracci\u00f3n Parlamentaria de Morena, presentes en la sesi\u00f3n, Jazm\u00edn Villanueva, Rafael Echazarreta Torres, Rub\u00ed Be Chan y Alejandra Novelo Segura, propusieron que se ampl\u00ede el plazo para realizar un an\u00e1lisis m\u00e1s a fondo de la iniciativa y presentar propuestas, la cual fue desechada.<\/p>\n<p>En su intervenci\u00f3n, la coordinadora de los diputados de Morena, Alejandra Novelo, asegur\u00f3 que no recibieron en tiempo y forma la iniciativa para su an\u00e1lisis, a lo que el presidente de la comisi\u00f3n Harry Rodr\u00edguez Botello Fierro, puntualiz\u00f3 que la Secretar\u00eda General, desde el martes 19, lo envi\u00f3 a sus correos institucionales.<\/p>\n<p>Ante estos se\u00f1alamientos, el presidente de la Junta de Gobierno y Coordinaci\u00f3n Pol\u00edtica del Congreso del Estado, diputado V\u00edctor Hugo Lozano Poveda, ofreci\u00f3 a la Fracci\u00f3n Parlamentaria de Morena que, al t\u00e9rmino de la sesi\u00f3n, se haga una revisi\u00f3n junto con el Secretario General, para corroborar que se haya cumplido en tiempo y forma lo que marca el reglamento y la ley, de que la iniciativa se les haya enviado.<\/p>\n<p>Asever\u00f3, que en ninguna circunstancia se va a solapar el violar un solo ordenamiento legal que rija el actuar del Poder Legislativo.<\/p>\n<p>\u201cLo digo de una manera clara y en\u00e9rgica, si se cumpli\u00f3 en tiempo y forma, se reconozca que quien haya cometido un error asuma las consecuencias, pero no levantemos falsos, les pedir\u00eda y lo hago directamente a la coordinadora, que, al t\u00e9rmino de la sesi\u00f3n de la comisi\u00f3n, pudieran verificar esos tiempos con la Secretar\u00eda General\u201d, reiter\u00f3.<\/p>\n<p>Por \u00faltimo, el presidente Rodr\u00edguez Botello Fierro, instruy\u00f3 a la Secretar\u00eda General para que se distribuya el dictamen a los diputados de la LXIII legislatura, para su conocimiento.<\/p>\n<p>Cabe mencionar que el Proyecto de Dictamen se someter\u00e1 a discusi\u00f3n y aprobaci\u00f3n en pr\u00f3xima Sesi\u00f3n plenaria.<\/p>\n","protected":false},"excerpt":{"rendered":"<p>M\u00e9rida, Yucat\u00e1n a 25 de octubre de 2021.- Con propuestas de la diputada del PRI, Karla Franco Blanco y los diputados panistas, Erick Rihani Gonz\u00e1lez y Jes\u00fas P\u00e9rez Ballote, los legisladores de la Comisi\u00f3n Permanente de Medio Ambiente aprobaron por mayor\u00eda de votos, con el voto en contra de la diputada de Morena, Jazm\u00edn Villanueva [&hellip;]<\/p>\n","protected":false},"author":2,"featured_media":87021,"comment_status":"closed","ping_status":"closed","sticky":false,"template":"","format":"standard","meta":{"footnotes":""},"categories":[3],"tags":[],"class_list":{"0":"post-87019","1":"post","2":"type-post","3":"status-publish","4":"format-standard","5":"has-post-thumbnail","7":"category-yucatan"},"yoast_head":"<!-- This site is optimized with the Yoast SEO plugin v27.4 - https:\/\/yoast.com\/product\/yoast-seo-wordpress\/ -->\n<title>Aprueban por mayor\u00eda el Proyecto de Dictamen de la Iniciativa para expedir la Ley de Cambio Clim\u00e1tico - Yucat\u00e1n en corto<\/title>\n<meta name=\"robots\" content=\"index, follow, max-snippet:-1, max-image-preview:large, max-video-preview:-1\" \/>\n<link rel=\"canonical\" href=\"https:\/\/www.yucatanencorto.com\/noticias\/aprueban-por-mayoria-el-proyecto-de-dictamen-de-la-iniciativa-para-expedir-la-ley-de-cambio-climatico\/\" \/>\n<meta property=\"og:locale\" content=\"es_ES\" \/>\n<meta property=\"og:type\" content=\"article\" \/>\n<meta property=\"og:title\" content=\"Aprueban por mayor\u00eda el Proyecto de Dictamen de la Iniciativa para expedir la Ley de Cambio Clim\u00e1tico - Yucat\u00e1n en corto\" \/>\n<meta property=\"og:description\" content=\"M\u00e9rida, Yucat\u00e1n a 25 de octubre de 2021.- Con propuestas de la diputada del PRI, Karla Franco Blanco y los diputados panistas, Erick Rihani Gonz\u00e1lez y Jes\u00fas P\u00e9rez Ballote, los legisladores de la Comisi\u00f3n Permanente de Medio Ambiente aprobaron por mayor\u00eda de votos, con el voto en contra de la diputada de Morena, Jazm\u00edn Villanueva [&hellip;]\" \/>\n<meta property=\"og:url\" content=\"https:\/\/www.yucatanencorto.com\/noticias\/aprueban-por-mayoria-el-proyecto-de-dictamen-de-la-iniciativa-para-expedir-la-ley-de-cambio-climatico\/\" \/>\n<meta property=\"og:site_name\" content=\"Yucat\u00e1n en corto\" \/>\n<meta property=\"article:publisher\" content=\"http:\/\/www.facebook.com\/yucatanencorto\" \/>\n<meta property=\"article:published_time\" content=\"2021-10-25T21:02:23+00:00\" \/>\n<meta property=\"og:image\" content=\"https:\/\/www.yucatanencorto.com\/noticias\/wp-content\/uploads\/2021\/10\/WhatsApp-Image-2021-10-25-at-3.54.40-PM-scaled.jpeg\" \/>\n\t<meta property=\"og:image:width\" content=\"768\" \/>\n\t<meta property=\"og:image:height\" content=\"512\" \/>\n\t<meta property=\"og:image:type\" content=\"image\/jpeg\" \/>\n<meta name=\"author\" content=\"Yucat\u00e1n en Corto FC\" \/>\n<meta name=\"twitter:card\" content=\"summary_large_image\" \/>\n<meta name=\"twitter:creator\" content=\"@yucatanencorto\" \/>\n<meta name=\"twitter:site\" content=\"@yucatanencorto\" \/>\n<meta name=\"twitter:label1\" content=\"Escrito por\" \/>\n\t<meta name=\"twitter:data1\" content=\"Yucat\u00e1n en Corto FC\" \/>\n\t<meta name=\"twitter:label2\" content=\"Tiempo de lectura\" \/>\n\t<meta name=\"twitter:data2\" content=\"3 minutos\" \/>\n<script type=\"application\/ld+json\" class=\"yoast-schema-graph\">{\"@context\":\"https:\\\/\\\/schema.org\",\"@graph\":[{\"@type\":\"Article\",\"@id\":\"https:\\\/\\\/www.yucatanencorto.com\\\/noticias\\\/aprueban-por-mayoria-el-proyecto-de-dictamen-de-la-iniciativa-para-expedir-la-ley-de-cambio-climatico\\\/#article\",\"isPartOf\":{\"@id\":\"https:\\\/\\\/www.yucatanencorto.com\\\/noticias\\\/aprueban-por-mayoria-el-proyecto-de-dictamen-de-la-iniciativa-para-expedir-la-ley-de-cambio-climatico\\\/\"},\"author\":{\"name\":\"Yucat\u00e1n en Corto FC\",\"@id\":\"https:\\\/\\\/www.yucatanencorto.com\\\/noticias\\\/#\\\/schema\\\/person\\\/14f82d355225a1f4075dd84a31f45a72\"},\"headline\":\"Aprueban por mayor\u00eda el Proyecto de Dictamen de la Iniciativa para expedir la Ley de Cambio Clim\u00e1tico\",\"datePublished\":\"2021-10-25T21:02:23+00:00\",\"mainEntityOfPage\":{\"@id\":\"https:\\\/\\\/www.yucatanencorto.com\\\/noticias\\\/aprueban-por-mayoria-el-proyecto-de-dictamen-de-la-iniciativa-para-expedir-la-ley-de-cambio-climatico\\\/\"},\"wordCount\":687,\"image\":{\"@id\":\"https:\\\/\\\/www.yucatanencorto.com\\\/noticias\\\/aprueban-por-mayoria-el-proyecto-de-dictamen-de-la-iniciativa-para-expedir-la-ley-de-cambio-climatico\\\/#primaryimage\"},\"thumbnailUrl\":\"https:\\\/\\\/www.yucatanencorto.com\\\/noticias\\\/wp-content\\\/uploads\\\/2021\\\/10\\\/WhatsApp-Image-2021-10-25-at-3.54.40-PM-scaled.jpeg\",\"articleSection\":[\"Yucat\u00e1n\"],\"inLanguage\":\"es\"},{\"@type\":\"WebPage\",\"@id\":\"https:\\\/\\\/www.yucatanencorto.com\\\/noticias\\\/aprueban-por-mayoria-el-proyecto-de-dictamen-de-la-iniciativa-para-expedir-la-ley-de-cambio-climatico\\\/\",\"url\":\"https:\\\/\\\/www.yucatanencorto.com\\\/noticias\\\/aprueban-por-mayoria-el-proyecto-de-dictamen-de-la-iniciativa-para-expedir-la-ley-de-cambio-climatico\\\/\",\"name\":\"Aprueban por mayor\u00eda el Proyecto de Dictamen de la Iniciativa para expedir la Ley de Cambio Clim\u00e1tico - Yucat\u00e1n en corto\",\"isPartOf\":{\"@id\":\"https:\\\/\\\/www.yucatanencorto.com\\\/noticias\\\/#website\"},\"primaryImageOfPage\":{\"@id\":\"https:\\\/\\\/www.yucatanencorto.com\\\/noticias\\\/aprueban-por-mayoria-el-proyecto-de-dictamen-de-la-iniciativa-para-expedir-la-ley-de-cambio-climatico\\\/#primaryimage\"},\"image\":{\"@id\":\"https:\\\/\\\/www.yucatanencorto.com\\\/noticias\\\/aprueban-por-mayoria-el-proyecto-de-dictamen-de-la-iniciativa-para-expedir-la-ley-de-cambio-climatico\\\/#primaryimage\"},\"thumbnailUrl\":\"https:\\\/\\\/www.yucatanencorto.com\\\/noticias\\\/wp-content\\\/uploads\\\/2021\\\/10\\\/WhatsApp-Image-2021-10-25-at-3.54.40-PM-scaled.jpeg\",\"datePublished\":\"2021-10-25T21:02:23+00:00\",\"author\":{\"@id\":\"https:\\\/\\\/www.yucatanencorto.com\\\/noticias\\\/#\\\/schema\\\/person\\\/14f82d355225a1f4075dd84a31f45a72\"},\"breadcrumb\":{\"@id\":\"https:\\\/\\\/www.yucatanencorto.com\\\/noticias\\\/aprueban-por-mayoria-el-proyecto-de-dictamen-de-la-iniciativa-para-expedir-la-ley-de-cambio-climatico\\\/#breadcrumb\"},\"inLanguage\":\"es\",\"potentialAction\":[{\"@type\":\"ReadAction\",\"target\":[\"https:\\\/\\\/www.yucatanencorto.com\\\/noticias\\\/aprueban-por-mayoria-el-proyecto-de-dictamen-de-la-iniciativa-para-expedir-la-ley-de-cambio-climatico\\\/\"]}]},{\"@type\":\"ImageObject\",\"inLanguage\":\"es\",\"@id\":\"https:\\\/\\\/www.yucatanencorto.com\\\/noticias\\\/aprueban-por-mayoria-el-proyecto-de-dictamen-de-la-iniciativa-para-expedir-la-ley-de-cambio-climatico\\\/#primaryimage\",\"url\":\"https:\\\/\\\/www.yucatanencorto.com\\\/noticias\\\/wp-content\\\/uploads\\\/2021\\\/10\\\/WhatsApp-Image-2021-10-25-at-3.54.40-PM-scaled.jpeg\",\"contentUrl\":\"https:\\\/\\\/www.yucatanencorto.com\\\/noticias\\\/wp-content\\\/uploads\\\/2021\\\/10\\\/WhatsApp-Image-2021-10-25-at-3.54.40-PM-scaled.jpeg\",\"width\":768,\"height\":512},{\"@type\":\"BreadcrumbList\",\"@id\":\"https:\\\/\\\/www.yucatanencorto.com\\\/noticias\\\/aprueban-por-mayoria-el-proyecto-de-dictamen-de-la-iniciativa-para-expedir-la-ley-de-cambio-climatico\\\/#breadcrumb\",\"itemListElement\":[{\"@type\":\"ListItem\",\"position\":1,\"name\":\"Portada\",\"item\":\"https:\\\/\\\/www.yucatanencorto.com\\\/noticias\\\/\"},{\"@type\":\"ListItem\",\"position\":2,\"name\":\"Aprueban por mayor\u00eda el Proyecto de Dictamen de la Iniciativa para expedir la Ley de Cambio Clim\u00e1tico\"}]},{\"@type\":\"WebSite\",\"@id\":\"https:\\\/\\\/www.yucatanencorto.com\\\/noticias\\\/#website\",\"url\":\"https:\\\/\\\/www.yucatanencorto.com\\\/noticias\\\/\",\"name\":\"Yucat\u00e1n en corto\",\"description\":\"Noticias\",\"potentialAction\":[{\"@type\":\"SearchAction\",\"target\":{\"@type\":\"EntryPoint\",\"urlTemplate\":\"https:\\\/\\\/www.yucatanencorto.com\\\/noticias\\\/?s={search_term_string}\"},\"query-input\":{\"@type\":\"PropertyValueSpecification\",\"valueRequired\":true,\"valueName\":\"search_term_string\"}}],\"inLanguage\":\"es\"},{\"@type\":\"Person\",\"@id\":\"https:\\\/\\\/www.yucatanencorto.com\\\/noticias\\\/#\\\/schema\\\/person\\\/14f82d355225a1f4075dd84a31f45a72\",\"name\":\"Yucat\u00e1n en Corto FC\",\"image\":{\"@type\":\"ImageObject\",\"inLanguage\":\"es\",\"@id\":\"https:\\\/\\\/secure.gravatar.com\\\/avatar\\\/147d4b30cd728c53c29c49a3f7834dedca33707f4cd259761355846009a88250?s=96&d=mm&r=g\",\"url\":\"https:\\\/\\\/secure.gravatar.com\\\/avatar\\\/147d4b30cd728c53c29c49a3f7834dedca33707f4cd259761355846009a88250?s=96&d=mm&r=g\",\"contentUrl\":\"https:\\\/\\\/secure.gravatar.com\\\/avatar\\\/147d4b30cd728c53c29c49a3f7834dedca33707f4cd259761355846009a88250?s=96&d=mm&r=g\",\"caption\":\"Yucat\u00e1n en Corto FC\"},\"url\":\"https:\\\/\\\/www.yucatanencorto.com\\\/noticias\\\/author\\\/flor\\\/\"}]}<\/script>\n<!-- \/ Yoast SEO plugin. -->","yoast_head_json":{"title":"Aprueban por mayor\u00eda el Proyecto de Dictamen de la Iniciativa para expedir la Ley de Cambio Clim\u00e1tico - Yucat\u00e1n en corto","robots":{"index":"index","follow":"follow","max-snippet":"max-snippet:-1","max-image-preview":"max-image-preview:large","max-video-preview":"max-video-preview:-1"},"canonical":"https:\/\/www.yucatanencorto.com\/noticias\/aprueban-por-mayoria-el-proyecto-de-dictamen-de-la-iniciativa-para-expedir-la-ley-de-cambio-climatico\/","og_locale":"es_ES","og_type":"article","og_title":"Aprueban por mayor\u00eda el Proyecto de Dictamen de la Iniciativa para expedir la Ley de Cambio Clim\u00e1tico - Yucat\u00e1n en corto","og_description":"M\u00e9rida, Yucat\u00e1n a 25 de octubre de 2021.- Con propuestas de la diputada del PRI, Karla Franco Blanco y los diputados panistas, Erick Rihani Gonz\u00e1lez y Jes\u00fas P\u00e9rez Ballote, los legisladores de la Comisi\u00f3n Permanente de Medio Ambiente aprobaron por mayor\u00eda de votos, con el voto en contra de la diputada de Morena, Jazm\u00edn Villanueva [&hellip;]","og_url":"https:\/\/www.yucatanencorto.com\/noticias\/aprueban-por-mayoria-el-proyecto-de-dictamen-de-la-iniciativa-para-expedir-la-ley-de-cambio-climatico\/","og_site_name":"Yucat\u00e1n en corto","article_publisher":"http:\/\/www.facebook.com\/yucatanencorto","article_published_time":"2021-10-25T21:02:23+00:00","og_image":[{"width":768,"height":512,"url":"https:\/\/www.yucatanencorto.com\/noticias\/wp-content\/uploads\/2021\/10\/WhatsApp-Image-2021-10-25-at-3.54.40-PM-scaled.jpeg","type":"image\/jpeg"}],"author":"Yucat\u00e1n en Corto FC","twitter_card":"summary_large_image","twitter_creator":"@yucatanencorto","twitter_site":"@yucatanencorto","twitter_misc":{"Escrito por":"Yucat\u00e1n en Corto FC","Tiempo de lectura":"3 minutos"},"schema":{"@context":"https:\/\/schema.org","@graph":[{"@type":"Article","@id":"https:\/\/www.yucatanencorto.com\/noticias\/aprueban-por-mayoria-el-proyecto-de-dictamen-de-la-iniciativa-para-expedir-la-ley-de-cambio-climatico\/#article","isPartOf":{"@id":"https:\/\/www.yucatanencorto.com\/noticias\/aprueban-por-mayoria-el-proyecto-de-dictamen-de-la-iniciativa-para-expedir-la-ley-de-cambio-climatico\/"},"author":{"name":"Yucat\u00e1n en Corto FC","@id":"https:\/\/www.yucatanencorto.com\/noticias\/#\/schema\/person\/14f82d355225a1f4075dd84a31f45a72"},"headline":"Aprueban por mayor\u00eda el Proyecto de Dictamen de la Iniciativa para expedir la Ley de Cambio Clim\u00e1tico","datePublished":"2021-10-25T21:02:23+00:00","mainEntityOfPage":{"@id":"https:\/\/www.yucatanencorto.com\/noticias\/aprueban-por-mayoria-el-proyecto-de-dictamen-de-la-iniciativa-para-expedir-la-ley-de-cambio-climatico\/"},"wordCount":687,"image":{"@id":"https:\/\/www.yucatanencorto.com\/noticias\/aprueban-por-mayoria-el-proyecto-de-dictamen-de-la-iniciativa-para-expedir-la-ley-de-cambio-climatico\/#primaryimage"},"thumbnailUrl":"https:\/\/www.yucatanencorto.com\/noticias\/wp-content\/uploads\/2021\/10\/WhatsApp-Image-2021-10-25-at-3.54.40-PM-scaled.jpeg","articleSection":["Yucat\u00e1n"],"inLanguage":"es"},{"@type":"WebPage","@id":"https:\/\/www.yucatanencorto.com\/noticias\/aprueban-por-mayoria-el-proyecto-de-dictamen-de-la-iniciativa-para-expedir-la-ley-de-cambio-climatico\/","url":"https:\/\/www.yucatanencorto.com\/noticias\/aprueban-por-mayoria-el-proyecto-de-dictamen-de-la-iniciativa-para-expedir-la-ley-de-cambio-climatico\/","name":"Aprueban por mayor\u00eda el Proyecto de Dictamen de la Iniciativa para expedir la Ley de Cambio Clim\u00e1tico - Yucat\u00e1n en corto","isPartOf":{"@id":"https:\/\/www.yucatanencorto.com\/noticias\/#website"},"primaryImageOfPage":{"@id":"https:\/\/www.yucatanencorto.com\/noticias\/aprueban-por-mayoria-el-proyecto-de-dictamen-de-la-iniciativa-para-expedir-la-ley-de-cambio-climatico\/#primaryimage"},"image":{"@id":"https:\/\/www.yucatanencorto.com\/noticias\/aprueban-por-mayoria-el-proyecto-de-dictamen-de-la-iniciativa-para-expedir-la-ley-de-cambio-climatico\/#primaryimage"},"thumbnailUrl":"https:\/\/www.yucatanencorto.com\/noticias\/wp-content\/uploads\/2021\/10\/WhatsApp-Image-2021-10-25-at-3.54.40-PM-scaled.jpeg","datePublished":"2021-10-25T21:02:23+00:00","author":{"@id":"https:\/\/www.yucatanencorto.com\/noticias\/#\/schema\/person\/14f82d355225a1f4075dd84a31f45a72"},"breadcrumb":{"@id":"https:\/\/www.yucatanencorto.com\/noticias\/aprueban-por-mayoria-el-proyecto-de-dictamen-de-la-iniciativa-para-expedir-la-ley-de-cambio-climatico\/#breadcrumb"},"inLanguage":"es","potentialAction":[{"@type":"ReadAction","target":["https:\/\/www.yucatanencorto.com\/noticias\/aprueban-por-mayoria-el-proyecto-de-dictamen-de-la-iniciativa-para-expedir-la-ley-de-cambio-climatico\/"]}]},{"@type":"ImageObject","inLanguage":"es","@id":"https:\/\/www.yucatanencorto.com\/noticias\/aprueban-por-mayoria-el-proyecto-de-dictamen-de-la-iniciativa-para-expedir-la-ley-de-cambio-climatico\/#primaryimage","url":"https:\/\/www.yucatanencorto.com\/noticias\/wp-content\/uploads\/2021\/10\/WhatsApp-Image-2021-10-25-at-3.54.40-PM-scaled.jpeg","contentUrl":"https:\/\/www.yucatanencorto.com\/noticias\/wp-content\/uploads\/2021\/10\/WhatsApp-Image-2021-10-25-at-3.54.40-PM-scaled.jpeg","width":768,"height":512},{"@type":"BreadcrumbList","@id":"https:\/\/www.yucatanencorto.com\/noticias\/aprueban-por-mayoria-el-proyecto-de-dictamen-de-la-iniciativa-para-expedir-la-ley-de-cambio-climatico\/#breadcrumb","itemListElement":[{"@type":"ListItem","position":1,"name":"Portada","item":"https:\/\/www.yucatanencorto.com\/noticias\/"},{"@type":"ListItem","position":2,"name":"Aprueban por mayor\u00eda el Proyecto de Dictamen de la Iniciativa para expedir la Ley de Cambio Clim\u00e1tico"}]},{"@type":"WebSite","@id":"https:\/\/www.yucatanencorto.com\/noticias\/#website","url":"https:\/\/www.yucatanencorto.com\/noticias\/","name":"Yucat\u00e1n en corto","description":"Noticias","potentialAction":[{"@type":"SearchAction","target":{"@type":"EntryPoint","urlTemplate":"https:\/\/www.yucatanencorto.com\/noticias\/?s={search_term_string}"},"query-input":{"@type":"PropertyValueSpecification","valueRequired":true,"valueName":"search_term_string"}}],"inLanguage":"es"},{"@type":"Person","@id":"https:\/\/www.yucatanencorto.com\/noticias\/#\/schema\/person\/14f82d355225a1f4075dd84a31f45a72","name":"Yucat\u00e1n en Corto FC","image":{"@type":"ImageObject","inLanguage":"es","@id":"https:\/\/secure.gravatar.com\/avatar\/147d4b30cd728c53c29c49a3f7834dedca33707f4cd259761355846009a88250?s=96&d=mm&r=g","url":"https:\/\/secure.gravatar.com\/avatar\/147d4b30cd728c53c29c49a3f7834dedca33707f4cd259761355846009a88250?s=96&d=mm&r=g","contentUrl":"https:\/\/secure.gravatar.com\/avatar\/147d4b30cd728c53c29c49a3f7834dedca33707f4cd259761355846009a88250?s=96&d=mm&r=g","caption":"Yucat\u00e1n en Corto FC"},"url":"https:\/\/www.yucatanencorto.com\/noticias\/author\/flor\/"}]}},"_links":{"self":[{"href":"https:\/\/www.yucatanencorto.com\/noticias\/wp-json\/wp\/v2\/posts\/87019","targetHints":{"allow":["GET"]}}],"collection":[{"href":"https:\/\/www.yucatanencorto.com\/noticias\/wp-json\/wp\/v2\/posts"}],"about":[{"href":"https:\/\/www.yucatanencorto.com\/noticias\/wp-json\/wp\/v2\/types\/post"}],"author":[{"embeddable":true,"href":"https:\/\/www.yucatanencorto.com\/noticias\/wp-json\/wp\/v2\/users\/2"}],"replies":[{"embeddable":true,"href":"https:\/\/www.yucatanencorto.com\/noticias\/wp-json\/wp\/v2\/comments?post=87019"}],"version-history":[{"count":0,"href":"https:\/\/www.yucatanencorto.com\/noticias\/wp-json\/wp\/v2\/posts\/87019\/revisions"}],"wp:featuredmedia":[{"embeddable":true,"href":"https:\/\/www.yucatanencorto.com\/noticias\/wp-json\/wp\/v2\/media\/87021"}],"wp:attachment":[{"href":"https:\/\/www.yucatanencorto.com\/noticias\/wp-json\/wp\/v2\/media?parent=87019"}],"wp:term":[{"taxonomy":"category","embeddable":true,"href":"https:\/\/www.yucatanencorto.com\/noticias\/wp-json\/wp\/v2\/categories?post=87019"},{"taxonomy":"post_tag","embeddable":true,"href":"https:\/\/www.yucatanencorto.com\/noticias\/wp-json\/wp\/v2\/tags?post=87019"}],"curies":[{"name":"wp","href":"https:\/\/api.w.org\/{rel}","templated":true}]}}