{"id":87081,"date":"2021-10-27T20:23:35","date_gmt":"2021-10-28T01:23:35","guid":{"rendered":"https:\/\/www.yucatanencorto.com\/noticias\/?p=87081"},"modified":"2021-10-27T20:23:35","modified_gmt":"2021-10-28T01:23:35","slug":"tras-46-anos-el-parque-zoologico-y-botanico-la-reina-de-tizimin-luce-nueva-imagen","status":"publish","type":"post","link":"https:\/\/www.yucatanencorto.com\/noticias\/tras-46-anos-el-parque-zoologico-y-botanico-la-reina-de-tizimin-luce-nueva-imagen\/","title":{"rendered":"Tras 46 a\u00f1os, el Parque Zool\u00f3gico y Bot\u00e1nico \u00abLa Reina\u00bb de Tizim\u00edn luce nueva imagen"},"content":{"rendered":"<p><img loading=\"lazy\" decoding=\"async\" class=\"alignnone size-full wp-image-87082\" src=\"https:\/\/www.yucatanencorto.com\/noticias\/wp-content\/uploads\/2021\/10\/image00005-12-scaled.jpeg\" alt=\"\" width=\"768\" height=\"512\" srcset=\"https:\/\/www.yucatanencorto.com\/noticias\/wp-content\/uploads\/2021\/10\/image00005-12-scaled.jpeg 768w, https:\/\/www.yucatanencorto.com\/noticias\/wp-content\/uploads\/2021\/10\/image00005-12-696x464.jpeg 696w, https:\/\/www.yucatanencorto.com\/noticias\/wp-content\/uploads\/2021\/10\/image00005-12-1068x712.jpeg 1068w, https:\/\/www.yucatanencorto.com\/noticias\/wp-content\/uploads\/2021\/10\/image00005-12-630x420.jpeg 630w\" sizes=\"auto, (max-width: 768px) 100vw, 768px\" \/><\/p>\n<p>Tizim\u00edn, Yucat\u00e1n, 27 de octubre de 2021.- Luego de 46 a\u00f1os, el Parque Zool\u00f3gico y Bot\u00e1nico \u201cLa Reina\u201d de Tizim\u00edn luce una imagen moderna y renovada, luego de que el Gobernador Mauricio Vila Dosal entreg\u00f3 los trabajos de remodelaci\u00f3n de este espacio, que servir\u00e1 para que ni\u00f1os y sus familias disfruten momentos de diversi\u00f3n y sano esparcimiento, bajo los protocolos sanitarios correspondientes.<\/p>\n<p>&nbsp;<\/p>\n<p>&nbsp;<\/p>\n<p>&nbsp;<\/p>\n<p>Desde este sitio de recreo, ubicado en el oriente del estado, acompa\u00f1ado del alcalde anfitri\u00f3n, Pedro Couoh Suaste, Vila Dosal devel\u00f3 la placa, cort\u00f3 el list\u00f3n de entrega de dichas mejoras y, posteriormente, recorri\u00f3 las instalaciones, que ofrecen espacios m\u00e1s amplios y dignos para los animales, as\u00ed como mayor orden para que sus visitantes puedan pasear con sana distancia y tener una mejor experiencia.<\/p>\n<p>&nbsp;<\/p>\n<p>&nbsp;<\/p>\n<p>&nbsp;<\/p>\n<p>A nombre de los tizimile\u00f1os, Francis Conde Osorio, quien fue una de las ni\u00f1as que entreg\u00f3 un ramo de flores a la Reina Isabel II, durante la inauguraci\u00f3n del parque, el 25 de febrero de 1975, agradeci\u00f3 a Vila Dosal su compromiso y ganas de servir a los yucatecos, que lo han colocado como el mejor Gobernador del pa\u00eds y un aliado de esta demarcaci\u00f3n.<\/p>\n<p>&nbsp;<\/p>\n<p>&nbsp;<\/p>\n<p>&nbsp;<\/p>\n<p>\u00abPasaron m\u00e1s de 40 a\u00f1os para que un Gobernador decida invertir en Tizim\u00edn y remodelar el Zool\u00f3gico, para darle la cara que se merece; estamos muy agradecidos con usted, se\u00f1or Gobernador, porque demuestra su compromiso con Tizim\u00edn y sus acciones lo confirman\u00bb, asegur\u00f3 la tambi\u00e9n profesora de preescolar, actualmente jubilada.<\/p>\n<p>&nbsp;<\/p>\n<p>&nbsp;<\/p>\n<p>&nbsp;<\/p>\n<p>Cabe mencionar que estas obras, en las que se invirti\u00f3 casi 35 millones de pesos, contribuyeron con la generaci\u00f3n de 120 empleos directos y 360 indirectos; se encontraban listas desde marzo de 2020, pero no hab\u00eda abierto sus puertas al p\u00fablico, en seguimiento a las recomendaciones que emitieron las autoridades de salud, por la pandemia de Coronavirus.<\/p>\n<p>&nbsp;<\/p>\n<p>&nbsp;<\/p>\n<p>&nbsp;<\/p>\n<p>Ante los encargados de los Despachos de la Secretar\u00eda de Medio Ambiente y Recursos Naturales (Semarnat), Hern\u00e1n Jos\u00e9 C\u00e1rdenas L\u00f3pez, y de la Procuradur\u00eda Federal de Protecci\u00f3n al Ambiente (Profepa), Jes\u00fas Arcadio Liz\u00e1rraga Veliz, Vila Dosal record\u00f3 que, con esta intervenci\u00f3n, se buscaba que el Zool\u00f3gico no le pidiera nada a otros del pa\u00eds; por ello, sus instalaciones cumplen todas las normativas, son de primer nivel y cuentan con las medidas sanitarias para cuidar a sus visitantes.<\/p>\n<p>&nbsp;<\/p>\n<p>&nbsp;<\/p>\n<p>&nbsp;<\/p>\n<p>\u00abComo ustedes pueden ver, en el dise\u00f1o, decidimos dividirlo en 2 espacios: el \u00e1rea p\u00fablica, \u00e1reas de juegos y tiene muchas cosas, que es para que la gente la pueda utilizar todo el d\u00eda, y evidentemente, tambi\u00e9n, el \u00e1rea cerrada, que es donde se encuentran los animales, porque es muy importante que los animales puedan descansar y puedan estar tranquilos, y este Zool\u00f3gico va a abrir al p\u00fablico a partir del d\u00eda de hoy\u00bb, enfatiz\u00f3.<\/p>\n<p>&nbsp;<\/p>\n<p>&nbsp;<\/p>\n<p>&nbsp;<\/p>\n<p>Al pedir a la poblaci\u00f3n que ayude a las autoridades municipales y estatales a cuidar esta importante obra, que ser\u00e1 para beneficio de sus hijos, nietos y bisnietos, el Gobernador inform\u00f3 que, adem\u00e1s de contar con un m\u00e9dico veterinario, a trav\u00e9s de un convenio entre el Ayuntamiento y el Tecnol\u00f3gico de Tizim\u00edn, estudiantes de Biolog\u00eda estar\u00e1n como guarda parques para ayudar, y explicar al p\u00fablico las caracter\u00edsticas y costumbres de los ejemplares.<\/p>\n<p>&nbsp;<\/p>\n<p>&nbsp;<\/p>\n<p>&nbsp;<\/p>\n<p>Acompa\u00f1ado del titular de la Secretar\u00eda de Desarrollo Social (Sedesol), Roger Torres Peniche, Vila Dosal record\u00f3 que, al d\u00eda de hoy, hay en los hospitales la misma cantidad de personas que en abril del 2020, a 3 semanas de que empez\u00f3 la pandemia, y esto se debe, principalmente, a que los yucatecos est\u00e1n haciendo su parte, utilizando cubrebocas, sana distancia, lavado de manos, siendo responsables, respetando las reglas y los aforos, as\u00ed como al avance de la vacunaci\u00f3n.<\/p>\n<p>&nbsp;<\/p>\n<p>&nbsp;<\/p>\n<p>&nbsp;<\/p>\n<p>\u00abEsta ya es una pandemia de los no vacunados: hoy en d\u00eda, 9 de cada 10 personas que entran al hospital es porque no se han vacunado, porque no se quisieron vacunar o porque por alg\u00fan motivo no pudieron, y necesitamos que, hoy, los que no se han vacunado se sigan vacunando. En Tizim\u00edn, en los pr\u00f3ximos d\u00edas, va a iniciar la vacunaci\u00f3n, la pr\u00f3xima semana, de personas de 18 a 29 a\u00f1os, su segunda dosis; si t\u00fa tienes 35, 45, 55, 65, los que tengas, y no te has vacunado todav\u00eda, puedes venir durante esta etapa y te van a aplicar la primera dosis de la vacuna\u00bb, adelant\u00f3.<\/p>\n<p>&nbsp;<\/p>\n<p>&nbsp;<\/p>\n<p>&nbsp;<\/p>\n<p>En presencia de padres de familia, Vila Dosal hizo un llamado a que, poco a poco, los ni\u00f1os empiecen a retornar a clases de manera presencial, ya que, desafortunadamente, alrededor del 30% de los infantes presentan un rezago importante, en muchos casos, debido a la falta de una computadora, Internet, tiempo de conectarse o que sus tutores, por temas laborales, no pudieron supervisarles.<\/p>\n<p>&nbsp;<\/p>\n<p>&nbsp;<\/p>\n<p>&nbsp;<\/p>\n<p>\u00abQuiero decirles cu\u00e1les son los datos, cu\u00e1les son los indicadores y cu\u00e1les son los hechos: miren, el 1 de septiembre que empez\u00f3 el regreso a clases, en Yucat\u00e1n, ten\u00edamos 260 personas en hospitales y ten\u00edamos entre 300 y 400 contagiados a diario; hoy, a estas fechas de octubre, tenemos m\u00e1s o menos 100 personas en los hospitales, y estamos teniendo entre 60 y 80 contagios. Eso que quiere decir que el regreso a clases no ha sido una raz\u00f3n para que incrementen los contagios ni los hospitalizados\u00bb, dijo.<\/p>\n<p>&nbsp;<\/p>\n<p>&nbsp;<\/p>\n<p>&nbsp;<\/p>\n<p>Al tomar la palabra, el alcalde de Tizim\u00edn, Couoh Suaste, reconoci\u00f3 la visi\u00f3n del Gobernador Vila Dosal, de invertir en obras como \u00e9sta, que beneficien a las y los yucatecos, pero, sobre todo, a ni\u00f1as, ni\u00f1os y adolescentes, que podr\u00e1n contar con un espacio de calidad para la sana convivencia.<\/p>\n<p>&nbsp;<\/p>\n<p>&nbsp;<\/p>\n<p>&nbsp;<\/p>\n<p>\u00abEstamos reconstruyendo esta ciudad, trabajando en reactivar la econom\u00eda, para que la gente pueda volver a trabajar y, con su apoyo, Gobernador, lo vamos a lograr, as\u00ed que gracias por esta obra, que no solamente es en beneficio de los tizimile\u00f1os, sino de muchos otros municipios, con estas obras, en lo que se requiere y demanda para un trato digno hacia los animales, producto del esfuerzo de un Gobernador joven, que demuestra todos los d\u00edas su pasi\u00f3n por Yucat\u00e1n\u00bb, finaliz\u00f3.<\/p>\n<p>&nbsp;<\/p>\n<p>&nbsp;<\/p>\n<p>&nbsp;<\/p>\n<p>El director del Instituto para la Construcci\u00f3n y Conservaci\u00f3n de la Obra P\u00fablica (Inccopy), Virgilio Crespo M\u00e9ndez, explic\u00f3 que los trabajos consistieron en la construcci\u00f3n de 23 nuevos espacios para las 215 especies con que cuenta el zool\u00f3gico, los cuales se acondicion\u00f3 de forma similar a su h\u00e1bitat natural. Para ello, se desplaz\u00f3 a cada ejemplar a una zona diferente, donde recibieron la atenci\u00f3n necesaria y se evit\u00f3 que se estresen, por el ruido u otros factores propios del proceso, garantizando su integridad.<\/p>\n<p>&nbsp;<\/p>\n<p>&nbsp;<\/p>\n<p>&nbsp;<\/p>\n<p>Para seguridad de los paseantes, se coloc\u00f3 rejas de delimitaci\u00f3n para evitar el acercamiento a las \u00e1reas de los animales y evitar posibles accidentes; para brindar un mejor servicio, se construy\u00f3 2 m\u00f3dulos de ba\u00f1os y andadores de concreto, todo adaptado para la accesibilidad de personas con alg\u00fan tipo de discapacidad, agreg\u00f3.<\/p>\n<p>&nbsp;<\/p>\n<p>&nbsp;<\/p>\n<p>&nbsp;<\/p>\n<p>Crespo M\u00e9ndez agreg\u00f3 que se erigi\u00f3 un edificio para atenci\u00f3n cl\u00ednica veterinaria, el cual consta de \u00e1reas de cuarentena, valoraci\u00f3n, cirug\u00eda, recuperaci\u00f3n y oficina para el m\u00e9dico. Asimismo, para el control y mantenimiento del Zool\u00f3gico, hay un recinto administrativo, con recepci\u00f3n, auditorio, bodegas y ba\u00f1os para excursiones escolares, oficina del director, cocina, comedor, recepci\u00f3n de alimentos y estacionamiento para el personal que labora en el sitio.<\/p>\n<p>&nbsp;<\/p>\n<p>&nbsp;<\/p>\n<p>&nbsp;<\/p>\n<p>De igual forma, mencion\u00f3, se levant\u00f3 una estaci\u00f3n de tren, para el cual se instal\u00f3 un circuito que recorre toda el \u00e1rea de los animales. Hay que se\u00f1alar que el veh\u00edculo ser\u00e1 proporcionado por el Ayuntamiento de este municipio; anteriormente, operaba uno de ruedas.<\/p>\n<p>&nbsp;<\/p>\n<p>&nbsp;<\/p>\n<p>&nbsp;<\/p>\n<p>\u00abEn el \u00e1rea bot\u00e1nica, se realizaron andadores de concreto, que tambi\u00e9n se reforest\u00f3 con la siembra de diversas especies de plantas y cuenta con iluminaci\u00f3n mediante postes, mobiliario urbano como bancas y basureros.<\/p>\n<p>&nbsp;<\/p>\n<p>&nbsp;<\/p>\n<p>&nbsp;<\/p>\n<p>Se rehabilit\u00f3 el \u00e1rea de juego del puente que exist\u00eda y se le instal\u00f3 pasto sint\u00e9tico; adem\u00e1s se construy\u00f3 un \u00e1rea de juegos \u2018h\u00famedo\u2019, con la instalaci\u00f3n de un \u2018pulpo\u2019 con pistolas de agua\u00bb, destac\u00f3.<\/p>\n<p>&nbsp;<\/p>\n<p>&nbsp;<\/p>\n<p>&nbsp;<\/p>\n<p>Tambi\u00e9n, se realiz\u00f3 un estacionamiento; se desmantel\u00f3 la reja perimetral existente, dejando el \u00e1rea bot\u00e1nica libre para un f\u00e1cil ingreso, y se hizo una calzada de acceso con piso de concreto estampado, en la cual se encuentran 2 monumentos, uno dedicado a la visita de inauguraci\u00f3n del Zool\u00f3gico, por parte de la Reina Isabel ll, y otro al tapir, especie distintiva de esta localidad.<\/p>\n<p>&nbsp;<\/p>\n<p>&nbsp;<\/p>\n<p>&nbsp;<\/p>\n<p>Asimismo, hay una Granja Interactiva, \u00c1rea de Composta y un canal de agua equipado con un sistema de circulaci\u00f3n, que divide la zona de animales de la bot\u00e1nica y est\u00e1 delimitado por una reja de seguridad. Cabe se\u00f1alar que las labores de mantenimiento del renovado lugar, as\u00ed como el inventario y cuidado de los animales, son responsabilidad de las autoridades municipales.<\/p>\n<p>&nbsp;<\/p>\n<p>&nbsp;<\/p>\n<p>&nbsp;<\/p>\n<p>Despu\u00e9s, Vila Dosal realiz\u00f3 un recorrido por este espacio, que permaneci\u00f3 cerrado al p\u00fablico 2 a\u00f1os, debido a las obras y restricciones por la pandemia, donde constat\u00f3 las mejoras realizadas y observ\u00f3 a los inquilinos, como la guacamaya roja, \u00e1guila, pavos reales, avestruz, ganso, pato, burros, cabras, tigres de bengala y albino, hipop\u00f3tamos, faisanes gigi y de collar, lechuza, zorro, le\u00f3n, mapache, gallinas, mono ara\u00f1a, hocofais\u00e1n, chachalaca y l\u00e9mures.<\/p>\n<p>&nbsp;<\/p>\n<p>&nbsp;<\/p>\n<p>&nbsp;<\/p>\n<p>Finalmente, supervis\u00f3 los nuevos ba\u00f1os, el primer recorrido del trenecito, su estaci\u00f3n y el jard\u00edn bot\u00e1nico que resguarda este emblem\u00e1tico sitio.<\/p>\n","protected":false},"excerpt":{"rendered":"<p>Tizim\u00edn, Yucat\u00e1n, 27 de octubre de 2021.- Luego de 46 a\u00f1os, el Parque Zool\u00f3gico y Bot\u00e1nico \u201cLa Reina\u201d de Tizim\u00edn luce una imagen moderna y renovada, luego de que el Gobernador Mauricio Vila Dosal entreg\u00f3 los trabajos de remodelaci\u00f3n de este espacio, que servir\u00e1 para que ni\u00f1os y sus familias disfruten momentos de diversi\u00f3n y [&hellip;]<\/p>\n","protected":false},"author":2,"featured_media":87082,"comment_status":"closed","ping_status":"closed","sticky":false,"template":"","format":"standard","meta":{"footnotes":""},"categories":[3],"tags":[],"class_list":{"0":"post-87081","1":"post","2":"type-post","3":"status-publish","4":"format-standard","5":"has-post-thumbnail","7":"category-yucatan"},"yoast_head":"<!-- This site is optimized with the Yoast SEO plugin v27.4 - https:\/\/yoast.com\/product\/yoast-seo-wordpress\/ -->\n<title>Tras 46 a\u00f1os, el Parque Zool\u00f3gico y Bot\u00e1nico &quot;La Reina&quot; de Tizim\u00edn luce nueva imagen - Yucat\u00e1n en corto<\/title>\n<meta name=\"robots\" content=\"index, follow, max-snippet:-1, max-image-preview:large, max-video-preview:-1\" \/>\n<link rel=\"canonical\" href=\"https:\/\/www.yucatanencorto.com\/noticias\/tras-46-anos-el-parque-zoologico-y-botanico-la-reina-de-tizimin-luce-nueva-imagen\/\" \/>\n<meta property=\"og:locale\" content=\"es_ES\" \/>\n<meta property=\"og:type\" content=\"article\" \/>\n<meta property=\"og:title\" content=\"Tras 46 a\u00f1os, el Parque Zool\u00f3gico y Bot\u00e1nico &quot;La Reina&quot; de Tizim\u00edn luce nueva imagen - Yucat\u00e1n en corto\" \/>\n<meta property=\"og:description\" content=\"Tizim\u00edn, Yucat\u00e1n, 27 de octubre de 2021.- Luego de 46 a\u00f1os, el Parque Zool\u00f3gico y Bot\u00e1nico \u201cLa Reina\u201d de Tizim\u00edn luce una imagen moderna y renovada, luego de que el Gobernador Mauricio Vila Dosal entreg\u00f3 los trabajos de remodelaci\u00f3n de este espacio, que servir\u00e1 para que ni\u00f1os y sus familias disfruten momentos de diversi\u00f3n y [&hellip;]\" \/>\n<meta property=\"og:url\" content=\"https:\/\/www.yucatanencorto.com\/noticias\/tras-46-anos-el-parque-zoologico-y-botanico-la-reina-de-tizimin-luce-nueva-imagen\/\" \/>\n<meta property=\"og:site_name\" content=\"Yucat\u00e1n en corto\" \/>\n<meta property=\"article:publisher\" content=\"http:\/\/www.facebook.com\/yucatanencorto\" \/>\n<meta property=\"article:published_time\" content=\"2021-10-28T01:23:35+00:00\" \/>\n<meta property=\"og:image\" content=\"https:\/\/www.yucatanencorto.com\/noticias\/wp-content\/uploads\/2021\/10\/image00005-12-scaled.jpeg\" \/>\n\t<meta property=\"og:image:width\" content=\"768\" \/>\n\t<meta property=\"og:image:height\" content=\"512\" \/>\n\t<meta property=\"og:image:type\" content=\"image\/jpeg\" \/>\n<meta name=\"author\" content=\"Yucat\u00e1n en Corto FC\" \/>\n<meta name=\"twitter:card\" content=\"summary_large_image\" \/>\n<meta name=\"twitter:creator\" content=\"@yucatanencorto\" \/>\n<meta name=\"twitter:site\" content=\"@yucatanencorto\" \/>\n<meta name=\"twitter:label1\" content=\"Escrito por\" \/>\n\t<meta name=\"twitter:data1\" content=\"Yucat\u00e1n en Corto FC\" \/>\n\t<meta name=\"twitter:label2\" content=\"Tiempo de lectura\" \/>\n\t<meta name=\"twitter:data2\" content=\"7 minutos\" \/>\n<script type=\"application\/ld+json\" class=\"yoast-schema-graph\">{\"@context\":\"https:\\\/\\\/schema.org\",\"@graph\":[{\"@type\":\"Article\",\"@id\":\"https:\\\/\\\/www.yucatanencorto.com\\\/noticias\\\/tras-46-anos-el-parque-zoologico-y-botanico-la-reina-de-tizimin-luce-nueva-imagen\\\/#article\",\"isPartOf\":{\"@id\":\"https:\\\/\\\/www.yucatanencorto.com\\\/noticias\\\/tras-46-anos-el-parque-zoologico-y-botanico-la-reina-de-tizimin-luce-nueva-imagen\\\/\"},\"author\":{\"name\":\"Yucat\u00e1n en Corto FC\",\"@id\":\"https:\\\/\\\/www.yucatanencorto.com\\\/noticias\\\/#\\\/schema\\\/person\\\/14f82d355225a1f4075dd84a31f45a72\"},\"headline\":\"Tras 46 a\u00f1os, el Parque Zool\u00f3gico y Bot\u00e1nico \u00abLa Reina\u00bb de Tizim\u00edn luce nueva imagen\",\"datePublished\":\"2021-10-28T01:23:35+00:00\",\"mainEntityOfPage\":{\"@id\":\"https:\\\/\\\/www.yucatanencorto.com\\\/noticias\\\/tras-46-anos-el-parque-zoologico-y-botanico-la-reina-de-tizimin-luce-nueva-imagen\\\/\"},\"wordCount\":1716,\"image\":{\"@id\":\"https:\\\/\\\/www.yucatanencorto.com\\\/noticias\\\/tras-46-anos-el-parque-zoologico-y-botanico-la-reina-de-tizimin-luce-nueva-imagen\\\/#primaryimage\"},\"thumbnailUrl\":\"https:\\\/\\\/www.yucatanencorto.com\\\/noticias\\\/wp-content\\\/uploads\\\/2021\\\/10\\\/image00005-12-scaled.jpeg\",\"articleSection\":[\"Yucat\u00e1n\"],\"inLanguage\":\"es\"},{\"@type\":\"WebPage\",\"@id\":\"https:\\\/\\\/www.yucatanencorto.com\\\/noticias\\\/tras-46-anos-el-parque-zoologico-y-botanico-la-reina-de-tizimin-luce-nueva-imagen\\\/\",\"url\":\"https:\\\/\\\/www.yucatanencorto.com\\\/noticias\\\/tras-46-anos-el-parque-zoologico-y-botanico-la-reina-de-tizimin-luce-nueva-imagen\\\/\",\"name\":\"Tras 46 a\u00f1os, el Parque Zool\u00f3gico y Bot\u00e1nico \\\"La Reina\\\" de Tizim\u00edn luce nueva imagen - Yucat\u00e1n en corto\",\"isPartOf\":{\"@id\":\"https:\\\/\\\/www.yucatanencorto.com\\\/noticias\\\/#website\"},\"primaryImageOfPage\":{\"@id\":\"https:\\\/\\\/www.yucatanencorto.com\\\/noticias\\\/tras-46-anos-el-parque-zoologico-y-botanico-la-reina-de-tizimin-luce-nueva-imagen\\\/#primaryimage\"},\"image\":{\"@id\":\"https:\\\/\\\/www.yucatanencorto.com\\\/noticias\\\/tras-46-anos-el-parque-zoologico-y-botanico-la-reina-de-tizimin-luce-nueva-imagen\\\/#primaryimage\"},\"thumbnailUrl\":\"https:\\\/\\\/www.yucatanencorto.com\\\/noticias\\\/wp-content\\\/uploads\\\/2021\\\/10\\\/image00005-12-scaled.jpeg\",\"datePublished\":\"2021-10-28T01:23:35+00:00\",\"author\":{\"@id\":\"https:\\\/\\\/www.yucatanencorto.com\\\/noticias\\\/#\\\/schema\\\/person\\\/14f82d355225a1f4075dd84a31f45a72\"},\"breadcrumb\":{\"@id\":\"https:\\\/\\\/www.yucatanencorto.com\\\/noticias\\\/tras-46-anos-el-parque-zoologico-y-botanico-la-reina-de-tizimin-luce-nueva-imagen\\\/#breadcrumb\"},\"inLanguage\":\"es\",\"potentialAction\":[{\"@type\":\"ReadAction\",\"target\":[\"https:\\\/\\\/www.yucatanencorto.com\\\/noticias\\\/tras-46-anos-el-parque-zoologico-y-botanico-la-reina-de-tizimin-luce-nueva-imagen\\\/\"]}]},{\"@type\":\"ImageObject\",\"inLanguage\":\"es\",\"@id\":\"https:\\\/\\\/www.yucatanencorto.com\\\/noticias\\\/tras-46-anos-el-parque-zoologico-y-botanico-la-reina-de-tizimin-luce-nueva-imagen\\\/#primaryimage\",\"url\":\"https:\\\/\\\/www.yucatanencorto.com\\\/noticias\\\/wp-content\\\/uploads\\\/2021\\\/10\\\/image00005-12-scaled.jpeg\",\"contentUrl\":\"https:\\\/\\\/www.yucatanencorto.com\\\/noticias\\\/wp-content\\\/uploads\\\/2021\\\/10\\\/image00005-12-scaled.jpeg\",\"width\":768,\"height\":512},{\"@type\":\"BreadcrumbList\",\"@id\":\"https:\\\/\\\/www.yucatanencorto.com\\\/noticias\\\/tras-46-anos-el-parque-zoologico-y-botanico-la-reina-de-tizimin-luce-nueva-imagen\\\/#breadcrumb\",\"itemListElement\":[{\"@type\":\"ListItem\",\"position\":1,\"name\":\"Portada\",\"item\":\"https:\\\/\\\/www.yucatanencorto.com\\\/noticias\\\/\"},{\"@type\":\"ListItem\",\"position\":2,\"name\":\"Tras 46 a\u00f1os, el Parque Zool\u00f3gico y Bot\u00e1nico \u00abLa Reina\u00bb de Tizim\u00edn luce nueva imagen\"}]},{\"@type\":\"WebSite\",\"@id\":\"https:\\\/\\\/www.yucatanencorto.com\\\/noticias\\\/#website\",\"url\":\"https:\\\/\\\/www.yucatanencorto.com\\\/noticias\\\/\",\"name\":\"Yucat\u00e1n en corto\",\"description\":\"Noticias\",\"potentialAction\":[{\"@type\":\"SearchAction\",\"target\":{\"@type\":\"EntryPoint\",\"urlTemplate\":\"https:\\\/\\\/www.yucatanencorto.com\\\/noticias\\\/?s={search_term_string}\"},\"query-input\":{\"@type\":\"PropertyValueSpecification\",\"valueRequired\":true,\"valueName\":\"search_term_string\"}}],\"inLanguage\":\"es\"},{\"@type\":\"Person\",\"@id\":\"https:\\\/\\\/www.yucatanencorto.com\\\/noticias\\\/#\\\/schema\\\/person\\\/14f82d355225a1f4075dd84a31f45a72\",\"name\":\"Yucat\u00e1n en Corto FC\",\"image\":{\"@type\":\"ImageObject\",\"inLanguage\":\"es\",\"@id\":\"https:\\\/\\\/secure.gravatar.com\\\/avatar\\\/147d4b30cd728c53c29c49a3f7834dedca33707f4cd259761355846009a88250?s=96&d=mm&r=g\",\"url\":\"https:\\\/\\\/secure.gravatar.com\\\/avatar\\\/147d4b30cd728c53c29c49a3f7834dedca33707f4cd259761355846009a88250?s=96&d=mm&r=g\",\"contentUrl\":\"https:\\\/\\\/secure.gravatar.com\\\/avatar\\\/147d4b30cd728c53c29c49a3f7834dedca33707f4cd259761355846009a88250?s=96&d=mm&r=g\",\"caption\":\"Yucat\u00e1n en Corto FC\"},\"url\":\"https:\\\/\\\/www.yucatanencorto.com\\\/noticias\\\/author\\\/flor\\\/\"}]}<\/script>\n<!-- \/ Yoast SEO plugin. -->","yoast_head_json":{"title":"Tras 46 a\u00f1os, el Parque Zool\u00f3gico y Bot\u00e1nico \"La Reina\" de Tizim\u00edn luce nueva imagen - Yucat\u00e1n en corto","robots":{"index":"index","follow":"follow","max-snippet":"max-snippet:-1","max-image-preview":"max-image-preview:large","max-video-preview":"max-video-preview:-1"},"canonical":"https:\/\/www.yucatanencorto.com\/noticias\/tras-46-anos-el-parque-zoologico-y-botanico-la-reina-de-tizimin-luce-nueva-imagen\/","og_locale":"es_ES","og_type":"article","og_title":"Tras 46 a\u00f1os, el Parque Zool\u00f3gico y Bot\u00e1nico \"La Reina\" de Tizim\u00edn luce nueva imagen - Yucat\u00e1n en corto","og_description":"Tizim\u00edn, Yucat\u00e1n, 27 de octubre de 2021.- Luego de 46 a\u00f1os, el Parque Zool\u00f3gico y Bot\u00e1nico \u201cLa Reina\u201d de Tizim\u00edn luce una imagen moderna y renovada, luego de que el Gobernador Mauricio Vila Dosal entreg\u00f3 los trabajos de remodelaci\u00f3n de este espacio, que servir\u00e1 para que ni\u00f1os y sus familias disfruten momentos de diversi\u00f3n y [&hellip;]","og_url":"https:\/\/www.yucatanencorto.com\/noticias\/tras-46-anos-el-parque-zoologico-y-botanico-la-reina-de-tizimin-luce-nueva-imagen\/","og_site_name":"Yucat\u00e1n en corto","article_publisher":"http:\/\/www.facebook.com\/yucatanencorto","article_published_time":"2021-10-28T01:23:35+00:00","og_image":[{"width":768,"height":512,"url":"https:\/\/www.yucatanencorto.com\/noticias\/wp-content\/uploads\/2021\/10\/image00005-12-scaled.jpeg","type":"image\/jpeg"}],"author":"Yucat\u00e1n en Corto FC","twitter_card":"summary_large_image","twitter_creator":"@yucatanencorto","twitter_site":"@yucatanencorto","twitter_misc":{"Escrito por":"Yucat\u00e1n en Corto FC","Tiempo de lectura":"7 minutos"},"schema":{"@context":"https:\/\/schema.org","@graph":[{"@type":"Article","@id":"https:\/\/www.yucatanencorto.com\/noticias\/tras-46-anos-el-parque-zoologico-y-botanico-la-reina-de-tizimin-luce-nueva-imagen\/#article","isPartOf":{"@id":"https:\/\/www.yucatanencorto.com\/noticias\/tras-46-anos-el-parque-zoologico-y-botanico-la-reina-de-tizimin-luce-nueva-imagen\/"},"author":{"name":"Yucat\u00e1n en Corto FC","@id":"https:\/\/www.yucatanencorto.com\/noticias\/#\/schema\/person\/14f82d355225a1f4075dd84a31f45a72"},"headline":"Tras 46 a\u00f1os, el Parque Zool\u00f3gico y Bot\u00e1nico \u00abLa Reina\u00bb de Tizim\u00edn luce nueva imagen","datePublished":"2021-10-28T01:23:35+00:00","mainEntityOfPage":{"@id":"https:\/\/www.yucatanencorto.com\/noticias\/tras-46-anos-el-parque-zoologico-y-botanico-la-reina-de-tizimin-luce-nueva-imagen\/"},"wordCount":1716,"image":{"@id":"https:\/\/www.yucatanencorto.com\/noticias\/tras-46-anos-el-parque-zoologico-y-botanico-la-reina-de-tizimin-luce-nueva-imagen\/#primaryimage"},"thumbnailUrl":"https:\/\/www.yucatanencorto.com\/noticias\/wp-content\/uploads\/2021\/10\/image00005-12-scaled.jpeg","articleSection":["Yucat\u00e1n"],"inLanguage":"es"},{"@type":"WebPage","@id":"https:\/\/www.yucatanencorto.com\/noticias\/tras-46-anos-el-parque-zoologico-y-botanico-la-reina-de-tizimin-luce-nueva-imagen\/","url":"https:\/\/www.yucatanencorto.com\/noticias\/tras-46-anos-el-parque-zoologico-y-botanico-la-reina-de-tizimin-luce-nueva-imagen\/","name":"Tras 46 a\u00f1os, el Parque Zool\u00f3gico y Bot\u00e1nico \"La Reina\" de Tizim\u00edn luce nueva imagen - Yucat\u00e1n en corto","isPartOf":{"@id":"https:\/\/www.yucatanencorto.com\/noticias\/#website"},"primaryImageOfPage":{"@id":"https:\/\/www.yucatanencorto.com\/noticias\/tras-46-anos-el-parque-zoologico-y-botanico-la-reina-de-tizimin-luce-nueva-imagen\/#primaryimage"},"image":{"@id":"https:\/\/www.yucatanencorto.com\/noticias\/tras-46-anos-el-parque-zoologico-y-botanico-la-reina-de-tizimin-luce-nueva-imagen\/#primaryimage"},"thumbnailUrl":"https:\/\/www.yucatanencorto.com\/noticias\/wp-content\/uploads\/2021\/10\/image00005-12-scaled.jpeg","datePublished":"2021-10-28T01:23:35+00:00","author":{"@id":"https:\/\/www.yucatanencorto.com\/noticias\/#\/schema\/person\/14f82d355225a1f4075dd84a31f45a72"},"breadcrumb":{"@id":"https:\/\/www.yucatanencorto.com\/noticias\/tras-46-anos-el-parque-zoologico-y-botanico-la-reina-de-tizimin-luce-nueva-imagen\/#breadcrumb"},"inLanguage":"es","potentialAction":[{"@type":"ReadAction","target":["https:\/\/www.yucatanencorto.com\/noticias\/tras-46-anos-el-parque-zoologico-y-botanico-la-reina-de-tizimin-luce-nueva-imagen\/"]}]},{"@type":"ImageObject","inLanguage":"es","@id":"https:\/\/www.yucatanencorto.com\/noticias\/tras-46-anos-el-parque-zoologico-y-botanico-la-reina-de-tizimin-luce-nueva-imagen\/#primaryimage","url":"https:\/\/www.yucatanencorto.com\/noticias\/wp-content\/uploads\/2021\/10\/image00005-12-scaled.jpeg","contentUrl":"https:\/\/www.yucatanencorto.com\/noticias\/wp-content\/uploads\/2021\/10\/image00005-12-scaled.jpeg","width":768,"height":512},{"@type":"BreadcrumbList","@id":"https:\/\/www.yucatanencorto.com\/noticias\/tras-46-anos-el-parque-zoologico-y-botanico-la-reina-de-tizimin-luce-nueva-imagen\/#breadcrumb","itemListElement":[{"@type":"ListItem","position":1,"name":"Portada","item":"https:\/\/www.yucatanencorto.com\/noticias\/"},{"@type":"ListItem","position":2,"name":"Tras 46 a\u00f1os, el Parque Zool\u00f3gico y Bot\u00e1nico \u00abLa Reina\u00bb de Tizim\u00edn luce nueva imagen"}]},{"@type":"WebSite","@id":"https:\/\/www.yucatanencorto.com\/noticias\/#website","url":"https:\/\/www.yucatanencorto.com\/noticias\/","name":"Yucat\u00e1n en corto","description":"Noticias","potentialAction":[{"@type":"SearchAction","target":{"@type":"EntryPoint","urlTemplate":"https:\/\/www.yucatanencorto.com\/noticias\/?s={search_term_string}"},"query-input":{"@type":"PropertyValueSpecification","valueRequired":true,"valueName":"search_term_string"}}],"inLanguage":"es"},{"@type":"Person","@id":"https:\/\/www.yucatanencorto.com\/noticias\/#\/schema\/person\/14f82d355225a1f4075dd84a31f45a72","name":"Yucat\u00e1n en Corto FC","image":{"@type":"ImageObject","inLanguage":"es","@id":"https:\/\/secure.gravatar.com\/avatar\/147d4b30cd728c53c29c49a3f7834dedca33707f4cd259761355846009a88250?s=96&d=mm&r=g","url":"https:\/\/secure.gravatar.com\/avatar\/147d4b30cd728c53c29c49a3f7834dedca33707f4cd259761355846009a88250?s=96&d=mm&r=g","contentUrl":"https:\/\/secure.gravatar.com\/avatar\/147d4b30cd728c53c29c49a3f7834dedca33707f4cd259761355846009a88250?s=96&d=mm&r=g","caption":"Yucat\u00e1n en Corto FC"},"url":"https:\/\/www.yucatanencorto.com\/noticias\/author\/flor\/"}]}},"_links":{"self":[{"href":"https:\/\/www.yucatanencorto.com\/noticias\/wp-json\/wp\/v2\/posts\/87081","targetHints":{"allow":["GET"]}}],"collection":[{"href":"https:\/\/www.yucatanencorto.com\/noticias\/wp-json\/wp\/v2\/posts"}],"about":[{"href":"https:\/\/www.yucatanencorto.com\/noticias\/wp-json\/wp\/v2\/types\/post"}],"author":[{"embeddable":true,"href":"https:\/\/www.yucatanencorto.com\/noticias\/wp-json\/wp\/v2\/users\/2"}],"replies":[{"embeddable":true,"href":"https:\/\/www.yucatanencorto.com\/noticias\/wp-json\/wp\/v2\/comments?post=87081"}],"version-history":[{"count":0,"href":"https:\/\/www.yucatanencorto.com\/noticias\/wp-json\/wp\/v2\/posts\/87081\/revisions"}],"wp:featuredmedia":[{"embeddable":true,"href":"https:\/\/www.yucatanencorto.com\/noticias\/wp-json\/wp\/v2\/media\/87082"}],"wp:attachment":[{"href":"https:\/\/www.yucatanencorto.com\/noticias\/wp-json\/wp\/v2\/media?parent=87081"}],"wp:term":[{"taxonomy":"category","embeddable":true,"href":"https:\/\/www.yucatanencorto.com\/noticias\/wp-json\/wp\/v2\/categories?post=87081"},{"taxonomy":"post_tag","embeddable":true,"href":"https:\/\/www.yucatanencorto.com\/noticias\/wp-json\/wp\/v2\/tags?post=87081"}],"curies":[{"name":"wp","href":"https:\/\/api.w.org\/{rel}","templated":true}]}}