{"id":87085,"date":"2021-10-28T15:23:49","date_gmt":"2021-10-28T20:23:49","guid":{"rendered":"https:\/\/www.yucatanencorto.com\/noticias\/?p=87085"},"modified":"2021-10-28T15:23:49","modified_gmt":"2021-10-28T20:23:49","slug":"determinan-que-jose-eduardo-murio-por-neumonia-descartan-tortura-y-violacion","status":"publish","type":"post","link":"https:\/\/www.yucatanencorto.com\/noticias\/determinan-que-jose-eduardo-murio-por-neumonia-descartan-tortura-y-violacion\/","title":{"rendered":"Determinan que Jos\u00e9 Eduardo muri\u00f3 por neumon\u00eda; descartan tortura y Violaci\u00f3n"},"content":{"rendered":"<p><img loading=\"lazy\" decoding=\"async\" class=\"alignnone size-full wp-image-87086\" src=\"https:\/\/www.yucatanencorto.com\/noticias\/wp-content\/uploads\/2021\/10\/images-83.jpeg\" alt=\"\" width=\"650\" height=\"472\" srcset=\"https:\/\/www.yucatanencorto.com\/noticias\/wp-content\/uploads\/2021\/10\/images-83.jpeg 650w, https:\/\/www.yucatanencorto.com\/noticias\/wp-content\/uploads\/2021\/10\/images-83-578x420.jpeg 578w, https:\/\/www.yucatanencorto.com\/noticias\/wp-content\/uploads\/2021\/10\/images-83-324x235.jpeg 324w\" sizes=\"auto, (max-width: 650px) 100vw, 650px\" \/><\/p>\n<p>En comunicado la Fiscal\u00eda de la Rep\u00fablica informo entorno al caso de Jos\u00e9 Eduardo. El 18 de agosto de 2021, la madre del joven Jos\u00e9, fallecido en Yucat\u00e1n, present\u00f3 denuncia ante la Fiscal\u00eda General de la Rep\u00fablica (FGR), y se inici\u00f3 la carpeta de investigaci\u00f3n por la probable comisi\u00f3n del delito de tortura.<\/p>\n<p>&nbsp;<\/p>\n<p>A partir de ese momento, la Fiscal\u00eda recab\u00f3 m\u00e1s de 50 testimoniales; tambi\u00e9n realiz\u00f3 45 periciales de diversas materias (medicina forense, qu\u00edmica, gen\u00e9tica, mec\u00e1nica de lesiones, criminal\u00edstica, audio y video, e inform\u00e1tica, entre otros); m\u00e1s 35 informes de Polic\u00eda Federal Ministerial (PFM), y tres inspecciones ministeriales.<\/p>\n<p>&nbsp;<\/p>\n<p>Se realiz\u00f3, asimismo, la exhumaci\u00f3n del cad\u00e1ver y la necropsia, en la que se concluy\u00f3 que Jos\u00e9 falleci\u00f3 por neumon\u00eda no relacionada con alg\u00fan traumatismo recibido durante su detenci\u00f3n.<\/p>\n<p>&nbsp;<\/p>\n<p>Igualmente se analizaron las videograbaciones de la totalidad de los hechos, desde el momento de su detenci\u00f3n, hasta su llegada a la c\u00e1rcel (11 minutos). Igualmente, se analizaron los videos de su estancia en la c\u00e1rcel (24 horas). Del an\u00e1lisis de todos los videos, NO se advierte violaci\u00f3n a los derechos humanos o comisi\u00f3n de alg\u00fan delito. S\u00f3lo se advierten maniobras de sujeci\u00f3n respecto de la persona que se resiste al arresto. (Todos los videos est\u00e1n a disposici\u00f3n de los ofendidos y lo estar\u00e1n a disposici\u00f3n del Juez competente, en su caso).<\/p>\n<p>A trav\u00e9s de la mec\u00e1nica de lesiones, se concluy\u00f3 que las lesiones causadas a Jos\u00e9 fueron correspondientes con maniobras de sujeci\u00f3n de una persona que se resiste al arresto y que tardan en sanar menos de 15 d\u00edas; no poniendo en peligro la vida.<\/p>\n<p>&nbsp;<\/p>\n<p>Las declaraciones de los testigos son consistentes en se\u00f1alar que el joven mencionado se resisti\u00f3 al arresto.<\/p>\n<p>Los n\u00fameros y colores de la patrulla se\u00f1alados por dicho joven en la declaraci\u00f3n en la que describe las agresiones sufridas no corresponden a la evidencia, ya que no existen tales uniformes y caracter\u00edsticas.<\/p>\n<p>&nbsp;<\/p>\n<p>En este caso, la b\u00fasqueda se ampli\u00f3 a todas las corporaciones que operan en la zona conurbada de M\u00e9rida, incluyendo polic\u00eda estatal y municipales de M\u00e9rida y Kanas\u00edn.<\/p>\n<p>Se determin\u00f3, a trav\u00e9s de periciales en medicina, la situaci\u00f3n de salud de la v\u00edctima, lo cual se omite por respeto. Se llevaron a cabo tambi\u00e9n testimoniales de personas que convivieron con \u00e9l en los meses previos a su muerte.<\/p>\n<p>&nbsp;<\/p>\n<p>En definitiva, la investigaci\u00f3n de los hechos confirm\u00f3 que NO existi\u00f3 tortura, ni violaci\u00f3n sexual, por parte de los elementos aprehensores de la polic\u00eda municipal.<\/p>\n<p>Lo que S\u00cd existi\u00f3 fue la falsedad en dict\u00e1menes ministeriales; por ello, el 18 de octubre se ejercit\u00f3 la facultad de atracci\u00f3n, sobre las conductas presuntamente responsables de personal de la Fiscal\u00eda General del Estado de Yucat\u00e1n que falsearon dict\u00e1menes periciales y presionaron il\u00edcitamente a testigos, con la finalidad de ejercitar acci\u00f3n penal en contra de polic\u00edas municipales.<\/p>\n<p>&nbsp;<\/p>\n<p>Actualmente, se est\u00e1 en proceso de judicializaci\u00f3n, para ejercer acci\u00f3n penal en contra de tres servidores p\u00fablicos de la Fiscal\u00eda General del Estado de Yucat\u00e1n.<\/p>\n<p>Esta Fiscal\u00eda General de la Rep\u00fablica contin\u00faa con su investigaci\u00f3n respecto de la posible negligencia m\u00e9dica, por parte de m\u00e9dicos responsables del Hospital General del Estado.<\/p>\n","protected":false},"excerpt":{"rendered":"<p>En comunicado la Fiscal\u00eda de la Rep\u00fablica informo entorno al caso de Jos\u00e9 Eduardo. El 18 de agosto de 2021, la madre del joven Jos\u00e9, fallecido en Yucat\u00e1n, present\u00f3 denuncia ante la Fiscal\u00eda General de la Rep\u00fablica (FGR), y se inici\u00f3 la carpeta de investigaci\u00f3n por la probable comisi\u00f3n del delito de tortura. &nbsp; A [&hellip;]<\/p>\n","protected":false},"author":2,"featured_media":87086,"comment_status":"closed","ping_status":"closed","sticky":false,"template":"","format":"standard","meta":{"footnotes":""},"categories":[3],"tags":[],"class_list":{"0":"post-87085","1":"post","2":"type-post","3":"status-publish","4":"format-standard","5":"has-post-thumbnail","7":"category-yucatan"},"yoast_head":"<!-- This site is optimized with the Yoast SEO plugin v27.4 - https:\/\/yoast.com\/product\/yoast-seo-wordpress\/ -->\n<title>Determinan que Jos\u00e9 Eduardo muri\u00f3 por neumon\u00eda; descartan tortura y Violaci\u00f3n - Yucat\u00e1n en corto<\/title>\n<meta name=\"robots\" content=\"index, follow, max-snippet:-1, max-image-preview:large, max-video-preview:-1\" \/>\n<link rel=\"canonical\" href=\"https:\/\/www.yucatanencorto.com\/noticias\/determinan-que-jose-eduardo-murio-por-neumonia-descartan-tortura-y-violacion\/\" \/>\n<meta property=\"og:locale\" content=\"es_ES\" \/>\n<meta property=\"og:type\" content=\"article\" \/>\n<meta property=\"og:title\" content=\"Determinan que Jos\u00e9 Eduardo muri\u00f3 por neumon\u00eda; descartan tortura y Violaci\u00f3n - Yucat\u00e1n en corto\" \/>\n<meta property=\"og:description\" content=\"En comunicado la Fiscal\u00eda de la Rep\u00fablica informo entorno al caso de Jos\u00e9 Eduardo. El 18 de agosto de 2021, la madre del joven Jos\u00e9, fallecido en Yucat\u00e1n, present\u00f3 denuncia ante la Fiscal\u00eda General de la Rep\u00fablica (FGR), y se inici\u00f3 la carpeta de investigaci\u00f3n por la probable comisi\u00f3n del delito de tortura. &nbsp; A [&hellip;]\" \/>\n<meta property=\"og:url\" content=\"https:\/\/www.yucatanencorto.com\/noticias\/determinan-que-jose-eduardo-murio-por-neumonia-descartan-tortura-y-violacion\/\" \/>\n<meta property=\"og:site_name\" content=\"Yucat\u00e1n en corto\" \/>\n<meta property=\"article:publisher\" content=\"http:\/\/www.facebook.com\/yucatanencorto\" \/>\n<meta property=\"article:published_time\" content=\"2021-10-28T20:23:49+00:00\" \/>\n<meta property=\"og:image\" content=\"https:\/\/www.yucatanencorto.com\/noticias\/wp-content\/uploads\/2021\/10\/images-83.jpeg\" \/>\n\t<meta property=\"og:image:width\" content=\"650\" \/>\n\t<meta property=\"og:image:height\" content=\"472\" \/>\n\t<meta property=\"og:image:type\" content=\"image\/jpeg\" \/>\n<meta name=\"author\" content=\"Yucat\u00e1n en Corto FC\" \/>\n<meta name=\"twitter:card\" content=\"summary_large_image\" \/>\n<meta name=\"twitter:creator\" content=\"@yucatanencorto\" \/>\n<meta name=\"twitter:site\" content=\"@yucatanencorto\" \/>\n<meta name=\"twitter:label1\" content=\"Escrito por\" \/>\n\t<meta name=\"twitter:data1\" content=\"Yucat\u00e1n en Corto FC\" \/>\n\t<meta name=\"twitter:label2\" content=\"Tiempo de lectura\" \/>\n\t<meta name=\"twitter:data2\" content=\"3 minutos\" \/>\n<script type=\"application\/ld+json\" class=\"yoast-schema-graph\">{\"@context\":\"https:\\\/\\\/schema.org\",\"@graph\":[{\"@type\":\"Article\",\"@id\":\"https:\\\/\\\/www.yucatanencorto.com\\\/noticias\\\/determinan-que-jose-eduardo-murio-por-neumonia-descartan-tortura-y-violacion\\\/#article\",\"isPartOf\":{\"@id\":\"https:\\\/\\\/www.yucatanencorto.com\\\/noticias\\\/determinan-que-jose-eduardo-murio-por-neumonia-descartan-tortura-y-violacion\\\/\"},\"author\":{\"name\":\"Yucat\u00e1n en Corto FC\",\"@id\":\"https:\\\/\\\/www.yucatanencorto.com\\\/noticias\\\/#\\\/schema\\\/person\\\/14f82d355225a1f4075dd84a31f45a72\"},\"headline\":\"Determinan que Jos\u00e9 Eduardo muri\u00f3 por neumon\u00eda; descartan tortura y Violaci\u00f3n\",\"datePublished\":\"2021-10-28T20:23:49+00:00\",\"mainEntityOfPage\":{\"@id\":\"https:\\\/\\\/www.yucatanencorto.com\\\/noticias\\\/determinan-que-jose-eduardo-murio-por-neumonia-descartan-tortura-y-violacion\\\/\"},\"wordCount\":603,\"image\":{\"@id\":\"https:\\\/\\\/www.yucatanencorto.com\\\/noticias\\\/determinan-que-jose-eduardo-murio-por-neumonia-descartan-tortura-y-violacion\\\/#primaryimage\"},\"thumbnailUrl\":\"https:\\\/\\\/www.yucatanencorto.com\\\/noticias\\\/wp-content\\\/uploads\\\/2021\\\/10\\\/images-83.jpeg\",\"articleSection\":[\"Yucat\u00e1n\"],\"inLanguage\":\"es\"},{\"@type\":\"WebPage\",\"@id\":\"https:\\\/\\\/www.yucatanencorto.com\\\/noticias\\\/determinan-que-jose-eduardo-murio-por-neumonia-descartan-tortura-y-violacion\\\/\",\"url\":\"https:\\\/\\\/www.yucatanencorto.com\\\/noticias\\\/determinan-que-jose-eduardo-murio-por-neumonia-descartan-tortura-y-violacion\\\/\",\"name\":\"Determinan que Jos\u00e9 Eduardo muri\u00f3 por neumon\u00eda; descartan tortura y Violaci\u00f3n - Yucat\u00e1n en corto\",\"isPartOf\":{\"@id\":\"https:\\\/\\\/www.yucatanencorto.com\\\/noticias\\\/#website\"},\"primaryImageOfPage\":{\"@id\":\"https:\\\/\\\/www.yucatanencorto.com\\\/noticias\\\/determinan-que-jose-eduardo-murio-por-neumonia-descartan-tortura-y-violacion\\\/#primaryimage\"},\"image\":{\"@id\":\"https:\\\/\\\/www.yucatanencorto.com\\\/noticias\\\/determinan-que-jose-eduardo-murio-por-neumonia-descartan-tortura-y-violacion\\\/#primaryimage\"},\"thumbnailUrl\":\"https:\\\/\\\/www.yucatanencorto.com\\\/noticias\\\/wp-content\\\/uploads\\\/2021\\\/10\\\/images-83.jpeg\",\"datePublished\":\"2021-10-28T20:23:49+00:00\",\"author\":{\"@id\":\"https:\\\/\\\/www.yucatanencorto.com\\\/noticias\\\/#\\\/schema\\\/person\\\/14f82d355225a1f4075dd84a31f45a72\"},\"breadcrumb\":{\"@id\":\"https:\\\/\\\/www.yucatanencorto.com\\\/noticias\\\/determinan-que-jose-eduardo-murio-por-neumonia-descartan-tortura-y-violacion\\\/#breadcrumb\"},\"inLanguage\":\"es\",\"potentialAction\":[{\"@type\":\"ReadAction\",\"target\":[\"https:\\\/\\\/www.yucatanencorto.com\\\/noticias\\\/determinan-que-jose-eduardo-murio-por-neumonia-descartan-tortura-y-violacion\\\/\"]}]},{\"@type\":\"ImageObject\",\"inLanguage\":\"es\",\"@id\":\"https:\\\/\\\/www.yucatanencorto.com\\\/noticias\\\/determinan-que-jose-eduardo-murio-por-neumonia-descartan-tortura-y-violacion\\\/#primaryimage\",\"url\":\"https:\\\/\\\/www.yucatanencorto.com\\\/noticias\\\/wp-content\\\/uploads\\\/2021\\\/10\\\/images-83.jpeg\",\"contentUrl\":\"https:\\\/\\\/www.yucatanencorto.com\\\/noticias\\\/wp-content\\\/uploads\\\/2021\\\/10\\\/images-83.jpeg\",\"width\":650,\"height\":472},{\"@type\":\"BreadcrumbList\",\"@id\":\"https:\\\/\\\/www.yucatanencorto.com\\\/noticias\\\/determinan-que-jose-eduardo-murio-por-neumonia-descartan-tortura-y-violacion\\\/#breadcrumb\",\"itemListElement\":[{\"@type\":\"ListItem\",\"position\":1,\"name\":\"Portada\",\"item\":\"https:\\\/\\\/www.yucatanencorto.com\\\/noticias\\\/\"},{\"@type\":\"ListItem\",\"position\":2,\"name\":\"Determinan que Jos\u00e9 Eduardo muri\u00f3 por neumon\u00eda; descartan tortura y Violaci\u00f3n\"}]},{\"@type\":\"WebSite\",\"@id\":\"https:\\\/\\\/www.yucatanencorto.com\\\/noticias\\\/#website\",\"url\":\"https:\\\/\\\/www.yucatanencorto.com\\\/noticias\\\/\",\"name\":\"Yucat\u00e1n en corto\",\"description\":\"Noticias\",\"potentialAction\":[{\"@type\":\"SearchAction\",\"target\":{\"@type\":\"EntryPoint\",\"urlTemplate\":\"https:\\\/\\\/www.yucatanencorto.com\\\/noticias\\\/?s={search_term_string}\"},\"query-input\":{\"@type\":\"PropertyValueSpecification\",\"valueRequired\":true,\"valueName\":\"search_term_string\"}}],\"inLanguage\":\"es\"},{\"@type\":\"Person\",\"@id\":\"https:\\\/\\\/www.yucatanencorto.com\\\/noticias\\\/#\\\/schema\\\/person\\\/14f82d355225a1f4075dd84a31f45a72\",\"name\":\"Yucat\u00e1n en Corto FC\",\"image\":{\"@type\":\"ImageObject\",\"inLanguage\":\"es\",\"@id\":\"https:\\\/\\\/secure.gravatar.com\\\/avatar\\\/147d4b30cd728c53c29c49a3f7834dedca33707f4cd259761355846009a88250?s=96&d=mm&r=g\",\"url\":\"https:\\\/\\\/secure.gravatar.com\\\/avatar\\\/147d4b30cd728c53c29c49a3f7834dedca33707f4cd259761355846009a88250?s=96&d=mm&r=g\",\"contentUrl\":\"https:\\\/\\\/secure.gravatar.com\\\/avatar\\\/147d4b30cd728c53c29c49a3f7834dedca33707f4cd259761355846009a88250?s=96&d=mm&r=g\",\"caption\":\"Yucat\u00e1n en Corto FC\"},\"url\":\"https:\\\/\\\/www.yucatanencorto.com\\\/noticias\\\/author\\\/flor\\\/\"}]}<\/script>\n<!-- \/ Yoast SEO plugin. -->","yoast_head_json":{"title":"Determinan que Jos\u00e9 Eduardo muri\u00f3 por neumon\u00eda; descartan tortura y Violaci\u00f3n - Yucat\u00e1n en corto","robots":{"index":"index","follow":"follow","max-snippet":"max-snippet:-1","max-image-preview":"max-image-preview:large","max-video-preview":"max-video-preview:-1"},"canonical":"https:\/\/www.yucatanencorto.com\/noticias\/determinan-que-jose-eduardo-murio-por-neumonia-descartan-tortura-y-violacion\/","og_locale":"es_ES","og_type":"article","og_title":"Determinan que Jos\u00e9 Eduardo muri\u00f3 por neumon\u00eda; descartan tortura y Violaci\u00f3n - Yucat\u00e1n en corto","og_description":"En comunicado la Fiscal\u00eda de la Rep\u00fablica informo entorno al caso de Jos\u00e9 Eduardo. El 18 de agosto de 2021, la madre del joven Jos\u00e9, fallecido en Yucat\u00e1n, present\u00f3 denuncia ante la Fiscal\u00eda General de la Rep\u00fablica (FGR), y se inici\u00f3 la carpeta de investigaci\u00f3n por la probable comisi\u00f3n del delito de tortura. &nbsp; A [&hellip;]","og_url":"https:\/\/www.yucatanencorto.com\/noticias\/determinan-que-jose-eduardo-murio-por-neumonia-descartan-tortura-y-violacion\/","og_site_name":"Yucat\u00e1n en corto","article_publisher":"http:\/\/www.facebook.com\/yucatanencorto","article_published_time":"2021-10-28T20:23:49+00:00","og_image":[{"width":650,"height":472,"url":"https:\/\/www.yucatanencorto.com\/noticias\/wp-content\/uploads\/2021\/10\/images-83.jpeg","type":"image\/jpeg"}],"author":"Yucat\u00e1n en Corto FC","twitter_card":"summary_large_image","twitter_creator":"@yucatanencorto","twitter_site":"@yucatanencorto","twitter_misc":{"Escrito por":"Yucat\u00e1n en Corto FC","Tiempo de lectura":"3 minutos"},"schema":{"@context":"https:\/\/schema.org","@graph":[{"@type":"Article","@id":"https:\/\/www.yucatanencorto.com\/noticias\/determinan-que-jose-eduardo-murio-por-neumonia-descartan-tortura-y-violacion\/#article","isPartOf":{"@id":"https:\/\/www.yucatanencorto.com\/noticias\/determinan-que-jose-eduardo-murio-por-neumonia-descartan-tortura-y-violacion\/"},"author":{"name":"Yucat\u00e1n en Corto FC","@id":"https:\/\/www.yucatanencorto.com\/noticias\/#\/schema\/person\/14f82d355225a1f4075dd84a31f45a72"},"headline":"Determinan que Jos\u00e9 Eduardo muri\u00f3 por neumon\u00eda; descartan tortura y Violaci\u00f3n","datePublished":"2021-10-28T20:23:49+00:00","mainEntityOfPage":{"@id":"https:\/\/www.yucatanencorto.com\/noticias\/determinan-que-jose-eduardo-murio-por-neumonia-descartan-tortura-y-violacion\/"},"wordCount":603,"image":{"@id":"https:\/\/www.yucatanencorto.com\/noticias\/determinan-que-jose-eduardo-murio-por-neumonia-descartan-tortura-y-violacion\/#primaryimage"},"thumbnailUrl":"https:\/\/www.yucatanencorto.com\/noticias\/wp-content\/uploads\/2021\/10\/images-83.jpeg","articleSection":["Yucat\u00e1n"],"inLanguage":"es"},{"@type":"WebPage","@id":"https:\/\/www.yucatanencorto.com\/noticias\/determinan-que-jose-eduardo-murio-por-neumonia-descartan-tortura-y-violacion\/","url":"https:\/\/www.yucatanencorto.com\/noticias\/determinan-que-jose-eduardo-murio-por-neumonia-descartan-tortura-y-violacion\/","name":"Determinan que Jos\u00e9 Eduardo muri\u00f3 por neumon\u00eda; descartan tortura y Violaci\u00f3n - Yucat\u00e1n en corto","isPartOf":{"@id":"https:\/\/www.yucatanencorto.com\/noticias\/#website"},"primaryImageOfPage":{"@id":"https:\/\/www.yucatanencorto.com\/noticias\/determinan-que-jose-eduardo-murio-por-neumonia-descartan-tortura-y-violacion\/#primaryimage"},"image":{"@id":"https:\/\/www.yucatanencorto.com\/noticias\/determinan-que-jose-eduardo-murio-por-neumonia-descartan-tortura-y-violacion\/#primaryimage"},"thumbnailUrl":"https:\/\/www.yucatanencorto.com\/noticias\/wp-content\/uploads\/2021\/10\/images-83.jpeg","datePublished":"2021-10-28T20:23:49+00:00","author":{"@id":"https:\/\/www.yucatanencorto.com\/noticias\/#\/schema\/person\/14f82d355225a1f4075dd84a31f45a72"},"breadcrumb":{"@id":"https:\/\/www.yucatanencorto.com\/noticias\/determinan-que-jose-eduardo-murio-por-neumonia-descartan-tortura-y-violacion\/#breadcrumb"},"inLanguage":"es","potentialAction":[{"@type":"ReadAction","target":["https:\/\/www.yucatanencorto.com\/noticias\/determinan-que-jose-eduardo-murio-por-neumonia-descartan-tortura-y-violacion\/"]}]},{"@type":"ImageObject","inLanguage":"es","@id":"https:\/\/www.yucatanencorto.com\/noticias\/determinan-que-jose-eduardo-murio-por-neumonia-descartan-tortura-y-violacion\/#primaryimage","url":"https:\/\/www.yucatanencorto.com\/noticias\/wp-content\/uploads\/2021\/10\/images-83.jpeg","contentUrl":"https:\/\/www.yucatanencorto.com\/noticias\/wp-content\/uploads\/2021\/10\/images-83.jpeg","width":650,"height":472},{"@type":"BreadcrumbList","@id":"https:\/\/www.yucatanencorto.com\/noticias\/determinan-que-jose-eduardo-murio-por-neumonia-descartan-tortura-y-violacion\/#breadcrumb","itemListElement":[{"@type":"ListItem","position":1,"name":"Portada","item":"https:\/\/www.yucatanencorto.com\/noticias\/"},{"@type":"ListItem","position":2,"name":"Determinan que Jos\u00e9 Eduardo muri\u00f3 por neumon\u00eda; descartan tortura y Violaci\u00f3n"}]},{"@type":"WebSite","@id":"https:\/\/www.yucatanencorto.com\/noticias\/#website","url":"https:\/\/www.yucatanencorto.com\/noticias\/","name":"Yucat\u00e1n en corto","description":"Noticias","potentialAction":[{"@type":"SearchAction","target":{"@type":"EntryPoint","urlTemplate":"https:\/\/www.yucatanencorto.com\/noticias\/?s={search_term_string}"},"query-input":{"@type":"PropertyValueSpecification","valueRequired":true,"valueName":"search_term_string"}}],"inLanguage":"es"},{"@type":"Person","@id":"https:\/\/www.yucatanencorto.com\/noticias\/#\/schema\/person\/14f82d355225a1f4075dd84a31f45a72","name":"Yucat\u00e1n en Corto FC","image":{"@type":"ImageObject","inLanguage":"es","@id":"https:\/\/secure.gravatar.com\/avatar\/147d4b30cd728c53c29c49a3f7834dedca33707f4cd259761355846009a88250?s=96&d=mm&r=g","url":"https:\/\/secure.gravatar.com\/avatar\/147d4b30cd728c53c29c49a3f7834dedca33707f4cd259761355846009a88250?s=96&d=mm&r=g","contentUrl":"https:\/\/secure.gravatar.com\/avatar\/147d4b30cd728c53c29c49a3f7834dedca33707f4cd259761355846009a88250?s=96&d=mm&r=g","caption":"Yucat\u00e1n en Corto FC"},"url":"https:\/\/www.yucatanencorto.com\/noticias\/author\/flor\/"}]}},"_links":{"self":[{"href":"https:\/\/www.yucatanencorto.com\/noticias\/wp-json\/wp\/v2\/posts\/87085","targetHints":{"allow":["GET"]}}],"collection":[{"href":"https:\/\/www.yucatanencorto.com\/noticias\/wp-json\/wp\/v2\/posts"}],"about":[{"href":"https:\/\/www.yucatanencorto.com\/noticias\/wp-json\/wp\/v2\/types\/post"}],"author":[{"embeddable":true,"href":"https:\/\/www.yucatanencorto.com\/noticias\/wp-json\/wp\/v2\/users\/2"}],"replies":[{"embeddable":true,"href":"https:\/\/www.yucatanencorto.com\/noticias\/wp-json\/wp\/v2\/comments?post=87085"}],"version-history":[{"count":0,"href":"https:\/\/www.yucatanencorto.com\/noticias\/wp-json\/wp\/v2\/posts\/87085\/revisions"}],"wp:featuredmedia":[{"embeddable":true,"href":"https:\/\/www.yucatanencorto.com\/noticias\/wp-json\/wp\/v2\/media\/87086"}],"wp:attachment":[{"href":"https:\/\/www.yucatanencorto.com\/noticias\/wp-json\/wp\/v2\/media?parent=87085"}],"wp:term":[{"taxonomy":"category","embeddable":true,"href":"https:\/\/www.yucatanencorto.com\/noticias\/wp-json\/wp\/v2\/categories?post=87085"},{"taxonomy":"post_tag","embeddable":true,"href":"https:\/\/www.yucatanencorto.com\/noticias\/wp-json\/wp\/v2\/tags?post=87085"}],"curies":[{"name":"wp","href":"https:\/\/api.w.org\/{rel}","templated":true}]}}