{"id":87088,"date":"2021-10-28T16:27:33","date_gmt":"2021-10-28T21:27:33","guid":{"rendered":"https:\/\/www.yucatanencorto.com\/noticias\/?p=87088"},"modified":"2021-10-28T16:27:33","modified_gmt":"2021-10-28T21:27:33","slug":"presidente-andres-manuel-lopez-obrador-resalta-buena-relacion-y-buen-trabajo-del-gobernador-vila-dosal-le-conviene-a-yucatan-senala","status":"publish","type":"post","link":"https:\/\/www.yucatanencorto.com\/noticias\/presidente-andres-manuel-lopez-obrador-resalta-buena-relacion-y-buen-trabajo-del-gobernador-vila-dosal-le-conviene-a-yucatan-senala\/","title":{"rendered":"Presidente Andr\u00e9s Manuel L\u00f3pez Obrador resalta buena relaci\u00f3n y buen trabajo del Gobernador Vila Dosal, \u00abLe conviene a Yucat\u00e1n\u00bb, se\u00f1ala"},"content":{"rendered":"<p><img loading=\"lazy\" decoding=\"async\" class=\"alignnone size-full wp-image-87089\" src=\"https:\/\/www.yucatanencorto.com\/noticias\/wp-content\/uploads\/2021\/10\/image00002-11-scaled.jpeg\" alt=\"\" width=\"768\" height=\"512\" srcset=\"https:\/\/www.yucatanencorto.com\/noticias\/wp-content\/uploads\/2021\/10\/image00002-11-scaled.jpeg 768w, https:\/\/www.yucatanencorto.com\/noticias\/wp-content\/uploads\/2021\/10\/image00002-11-696x464.jpeg 696w, https:\/\/www.yucatanencorto.com\/noticias\/wp-content\/uploads\/2021\/10\/image00002-11-1068x712.jpeg 1068w, https:\/\/www.yucatanencorto.com\/noticias\/wp-content\/uploads\/2021\/10\/image00002-11-630x420.jpeg 630w\" sizes=\"auto, (max-width: 768px) 100vw, 768px\" \/><\/p>\n<p>M\u00e9rida, Yucat\u00e1n, 28 de octubre de 2021.- El Presidente Andr\u00e9s Manuel L\u00f3pez Obrador resalt\u00f3 que mantiene una relaci\u00f3n muy estrecha con el Gobernador Mauricio Vila Dosal, a quien reconoci\u00f3 por el buen trabajo que ha realizado al frente de estado, \u201cle tengo respeto porque est\u00e1 siendo un buen Gobierno. A Yucat\u00e1n le conviene tener un Gobernador como \u00e9l\u201d, se\u00f1al\u00f3.<\/p>\n<p>&nbsp;<\/p>\n<p>Durante su acostumbrada rueda de prensa ma\u00f1anera, que este d\u00eda se realiz\u00f3 en la Base A\u00e9rea Militar N\u00famero 8, al sur de esta ciudad, el jefe del Ejecutivo federal destac\u00f3 que como muestra de esta coordinaci\u00f3n de la Federaci\u00f3n con la administraci\u00f3n estatal, se est\u00e1 invirtiendo en el territorio como no suced\u00eda en mucho tiempo a trav\u00e9s de importantes proyectos como la ampliaci\u00f3n del Puerto de Altura de Progreso, la construcci\u00f3n de 2 plantas termoel\u00e9ctricas, un gasoducto hacia la Pen\u00ednsula, as\u00ed como los tramos del Tren Maya que pasan por el estado.<\/p>\n<p>&nbsp;<\/p>\n<p>En ese marco, L\u00f3pez Obrador manifest\u00f3, luego de las gestiones de Vila Dosal, su respaldo al proyecto del nuevo Hospital General \u201cDr. Agust\u00edn O\u2019Hor\u00e1n\u201d y, en el mismo rubro de la salud, record\u00f3 que se firm\u00f3 un acuerdo para retomar el proyecto del Hospital de Ticul, el cual, en coordinaci\u00f3n con el Instituto Mexicano del Seguro Social (IMSS), se estar\u00e1 concluyendo.<\/p>\n<p>&nbsp;<\/p>\n<p>Asimismo, en respuesta a la solicitud del Gobernador, el Presidente dio a conocer que estar\u00e1 gestionando ante Petr\u00f3leos Mexicanos para que otorgue al Gobierno estatal asfalto para poder realizar m\u00e1s acciones para la mejora de caminos y tapar baches en el territorio.<\/p>\n<p>&nbsp;<\/p>\n<p>En el acto, el jefe del Ejecutivo federal e integrantes de su gabinete de seguridad destacaron que el buen trabajo que realiza el Gobierno de Mauricio Vila Dosal se refleja en los indicadores de seguridad, en la paz y tranquilidad que gozan los yucatecos.<\/p>\n<p>&nbsp;<\/p>\n<p>En ese sentido, L\u00f3pez Obrador resalt\u00f3 que Yucat\u00e1n es la entidad federativa con menos delitos y es un caso de inter\u00e9s nacional en la forma c\u00f3mo han conseguido serenar y garantizar la seguridad para que la poblaci\u00f3n pueda vivir libre de temores, con paz y tranquilidad.<\/p>\n<p>&nbsp;<\/p>\n<p>A su vez, el titular de la Secretar\u00eda de la Defensa Nacional (Sedena), Luis Crescencio Sandoval Gonz\u00e1lez, destac\u00f3 que los \u00edndices delictivos en el estado muestran una tendencia a la baja, y que, si se suma el n\u00famero de agentes polic\u00edacos estatales y municipales per c\u00e1pita rebasa al promedio establecido por la Organizaci\u00f3n de la Naciones Unidas (ONU), siendo el \u00fanico estado en la Rep\u00fablica que tiene un super\u00e1vit del 17%; toda vez que se cuenta con se cuenta con 8,158 elementos de seguridad.<\/p>\n<p>Al presentar un desglose de incidencia delictiva en la entidad, resalt\u00f3 que Yucat\u00e1n es la entidad con menor tasa de homicidios dolosos, ya que se ha registrado en lo que va de esta administraci\u00f3n y hasta el mes de septiembre de 2021, una tasa de 5 casos por cada 100 mil habitantes, cuando la media nacional es de 32 por cada 100 mil habitantes.<\/p>\n<p>Asimismo, el Secretario de Defensa Nacional apunt\u00f3 que los delitos de alto impacto van a la baja con tan solo 1,465 casos y, a manera de ejemplo, dijo que, en lo que va del a\u00f1o, se han presentado 12 robos a casa habitaci\u00f3n, cuando en 2020 se tuvieron 257 y en 2019 fueron 1,621. De igual manera, apunt\u00f3 que en robo a negocio se han registrado 43 casos en el a\u00f1o, cuando en 2020 fueron en total 90 y, en 2019, 495.<\/p>\n<p>&nbsp;<\/p>\n<p>Ante ello, Sandoval Gonz\u00e1lez se\u00f1al\u00f3 que estos indicadores tan positivos en materia de seguridad que se presentan en el estado, reflejan el trabajo coordinado que se est\u00e1 realizando en el territorio para preservar la tranquilidad.<\/p>\n<p>&nbsp;<\/p>\n<p>En su turno, el Gobernador agradeci\u00f3 la coordinaci\u00f3n que se ha mantenido con el Presidente L\u00f3pez Obrador y las Fuerzas Armadas, no solo para la conservaci\u00f3n de la seguridad en el estado, sino tambi\u00e9n para el impulso de proyectos que son muy importantes para el desarrollo de Yucat\u00e1n.<\/p>\n<p>&nbsp;<\/p>\n<p>En su participaci\u00f3n, Vila Dosal present\u00f3 los avances de Yucat\u00e1n en materia de seguridad, donde indic\u00f3 que la estrategia en el estado se ha basado en tres pilares principales, que son: m\u00e1s y mejor infraestructura de videovigilancia; m\u00e1s y mejores condiciones laborales para el cuerpo polic\u00eda; y el impulso a las acciones de prevenci\u00f3n del delito.<\/p>\n<p>El Gobernador afirm\u00f3 que Yucat\u00e1n ha mantenido sus altos \u00edndices de seguridad, como en el \u00cdndice de Paz 2021, donde somos el estado m\u00e1s pac\u00edfico de M\u00e9xico de acuerdo con el Instituto para la Econom\u00eda y la Paz; y, acorde al Secretariado Ejecutivo del Sistema Nacional de Seguridad Publica, incluso durante la pandemia, se tuvo una importante disminuci\u00f3n de -48.7% en el registro de n\u00famero de delitos en el 2020, respecto al 2021, que significa la mayor reducci\u00f3n en el pa\u00eds.<\/p>\n<p>En ese sentido, Vila Dosal reconoci\u00f3 que estos indicadores son producto del buen desempe\u00f1o de nuestras instituciones de seguridad, lo cual se ve reflejado en la buena percepci\u00f3n y confianza de la ciudadan\u00eda, puesto que, de acuerdo con el Instituto Nacional de Estad\u00edstica y Geograf\u00eda (INEGI), Yucat\u00e1n es el estado donde la poblaci\u00f3n se siente m\u00e1s segura de todo M\u00e9xico; con menor percepci\u00f3n de la corrupci\u00f3n en su entorno del pa\u00eds; y donde el 75% de la poblaci\u00f3n la considera como muy efectiva o algo efectiva el actuar de la corporaci\u00f3n estatal.<\/p>\n<p>&nbsp;<\/p>\n<p>Entre las acciones que se est\u00e1n haciendo en la materia, el Gobernador record\u00f3 que, a trav\u00e9s del Programa Yucat\u00e1n Seguro, se est\u00e1 adquiriendo tecnolog\u00eda, como c\u00e1maras de videovigilancia, arcos carreteros, sem\u00e1foros inteligentes, entre otras cosas, para mejorar la infraestructura que se tiene, adem\u00e1s, se ha brindado equipamiento y fortalecido al personal de seguridad, a quienes se les ha mejorado sus condiciones laborales, mediante el mejoramiento de su salario; el acceso a la salud, y que somos el \u00fanico estado donde los polic\u00edas cotizan en el Infonavit y cuentan con becas para que sus hijos puedan estudiar.<\/p>\n<p>Finalmente, Vila Dosal se\u00f1al\u00f3 que contin\u00faan funcionando la Mesa Estatal para la construcci\u00f3n de la paz, que ha tenido 890 reuniones; as\u00ed como el Grupo de Trabajo Multidisciplinario de Justicia, quienes han sostenido 94 encuentros, todo ello con el objetivo de velar por la seguridad y tranquilidad de los yucatecos.<\/p>\n<p>&nbsp;<\/p>\n<p>Momentos antes, el Gobernador encabez\u00f3 junto a L\u00f3pez Obrador una reuni\u00f3n de seguridad, en la que estuvieron presentes representantes de los cuerpos polic\u00edacos en el estado y de las Fuerzas Armadas.<\/p>\n<p>&nbsp;<\/p>\n<p>Luego de la conferencia de prensa matutina, Vila Dosal y el Presidente, abordaron juntos un helic\u00f3ptero de la Marina para hacer un recorrido de supervisi\u00f3n al tramo 4 Izamal-Canc\u00fan del Tren Maya, que va de Yucat\u00e1n a Quintana Roo.<\/p>\n<p>En la conferencia de prensa matutina estuvieron presentes el almirante Jos\u00e9 Rafael Ojeda Dur\u00e1n, titular de la Secretar\u00eda de Marina (SEMAR); el General de Brigada Diplomado Estado Mayor Luis Rodr\u00edguez Bucio, Primer Comandante de la Guardia Nacional; y Rosa Icela Rodr\u00edguez Vel\u00e1zquez, Secretaria de Seguridad y Protecci\u00f3n Ciudadana del Gobierno de M\u00e9xico.<\/p>\n<p>&nbsp;<\/p>\n<p>&nbsp;<\/p>\n","protected":false},"excerpt":{"rendered":"<p>M\u00e9rida, Yucat\u00e1n, 28 de octubre de 2021.- El Presidente Andr\u00e9s Manuel L\u00f3pez Obrador resalt\u00f3 que mantiene una relaci\u00f3n muy estrecha con el Gobernador Mauricio Vila Dosal, a quien reconoci\u00f3 por el buen trabajo que ha realizado al frente de estado, \u201cle tengo respeto porque est\u00e1 siendo un buen Gobierno. A Yucat\u00e1n le conviene tener un [&hellip;]<\/p>\n","protected":false},"author":2,"featured_media":87089,"comment_status":"closed","ping_status":"closed","sticky":false,"template":"","format":"standard","meta":{"footnotes":""},"categories":[3],"tags":[],"class_list":{"0":"post-87088","1":"post","2":"type-post","3":"status-publish","4":"format-standard","5":"has-post-thumbnail","7":"category-yucatan"},"yoast_head":"<!-- This site is optimized with the Yoast SEO plugin v27.4 - https:\/\/yoast.com\/product\/yoast-seo-wordpress\/ -->\n<title>Presidente Andr\u00e9s Manuel L\u00f3pez Obrador resalta buena relaci\u00f3n y buen trabajo del Gobernador Vila Dosal, &quot;Le conviene a Yucat\u00e1n&quot;, se\u00f1ala - Yucat\u00e1n en corto<\/title>\n<meta name=\"robots\" content=\"index, follow, max-snippet:-1, max-image-preview:large, max-video-preview:-1\" \/>\n<link rel=\"canonical\" href=\"https:\/\/www.yucatanencorto.com\/noticias\/presidente-andres-manuel-lopez-obrador-resalta-buena-relacion-y-buen-trabajo-del-gobernador-vila-dosal-le-conviene-a-yucatan-senala\/\" \/>\n<meta property=\"og:locale\" content=\"es_ES\" \/>\n<meta property=\"og:type\" content=\"article\" \/>\n<meta property=\"og:title\" content=\"Presidente Andr\u00e9s Manuel L\u00f3pez Obrador resalta buena relaci\u00f3n y buen trabajo del Gobernador Vila Dosal, &quot;Le conviene a Yucat\u00e1n&quot;, se\u00f1ala - Yucat\u00e1n en corto\" \/>\n<meta property=\"og:description\" content=\"M\u00e9rida, Yucat\u00e1n, 28 de octubre de 2021.- El Presidente Andr\u00e9s Manuel L\u00f3pez Obrador resalt\u00f3 que mantiene una relaci\u00f3n muy estrecha con el Gobernador Mauricio Vila Dosal, a quien reconoci\u00f3 por el buen trabajo que ha realizado al frente de estado, \u201cle tengo respeto porque est\u00e1 siendo un buen Gobierno. A Yucat\u00e1n le conviene tener un [&hellip;]\" \/>\n<meta property=\"og:url\" content=\"https:\/\/www.yucatanencorto.com\/noticias\/presidente-andres-manuel-lopez-obrador-resalta-buena-relacion-y-buen-trabajo-del-gobernador-vila-dosal-le-conviene-a-yucatan-senala\/\" \/>\n<meta property=\"og:site_name\" content=\"Yucat\u00e1n en corto\" \/>\n<meta property=\"article:publisher\" content=\"http:\/\/www.facebook.com\/yucatanencorto\" \/>\n<meta property=\"article:published_time\" content=\"2021-10-28T21:27:33+00:00\" \/>\n<meta property=\"og:image\" content=\"https:\/\/www.yucatanencorto.com\/noticias\/wp-content\/uploads\/2021\/10\/image00002-11-scaled.jpeg\" \/>\n\t<meta property=\"og:image:width\" content=\"768\" \/>\n\t<meta property=\"og:image:height\" content=\"512\" \/>\n\t<meta property=\"og:image:type\" content=\"image\/jpeg\" \/>\n<meta name=\"author\" content=\"Yucat\u00e1n en Corto FC\" \/>\n<meta name=\"twitter:card\" content=\"summary_large_image\" \/>\n<meta name=\"twitter:creator\" content=\"@yucatanencorto\" \/>\n<meta name=\"twitter:site\" content=\"@yucatanencorto\" \/>\n<meta name=\"twitter:label1\" content=\"Escrito por\" \/>\n\t<meta name=\"twitter:data1\" content=\"Yucat\u00e1n en Corto FC\" \/>\n\t<meta name=\"twitter:label2\" content=\"Tiempo de lectura\" \/>\n\t<meta name=\"twitter:data2\" content=\"6 minutos\" \/>\n<script type=\"application\/ld+json\" class=\"yoast-schema-graph\">{\"@context\":\"https:\\\/\\\/schema.org\",\"@graph\":[{\"@type\":\"Article\",\"@id\":\"https:\\\/\\\/www.yucatanencorto.com\\\/noticias\\\/presidente-andres-manuel-lopez-obrador-resalta-buena-relacion-y-buen-trabajo-del-gobernador-vila-dosal-le-conviene-a-yucatan-senala\\\/#article\",\"isPartOf\":{\"@id\":\"https:\\\/\\\/www.yucatanencorto.com\\\/noticias\\\/presidente-andres-manuel-lopez-obrador-resalta-buena-relacion-y-buen-trabajo-del-gobernador-vila-dosal-le-conviene-a-yucatan-senala\\\/\"},\"author\":{\"name\":\"Yucat\u00e1n en Corto FC\",\"@id\":\"https:\\\/\\\/www.yucatanencorto.com\\\/noticias\\\/#\\\/schema\\\/person\\\/14f82d355225a1f4075dd84a31f45a72\"},\"headline\":\"Presidente Andr\u00e9s Manuel L\u00f3pez Obrador resalta buena relaci\u00f3n y buen trabajo del Gobernador Vila Dosal, \u00abLe conviene a Yucat\u00e1n\u00bb, se\u00f1ala\",\"datePublished\":\"2021-10-28T21:27:33+00:00\",\"mainEntityOfPage\":{\"@id\":\"https:\\\/\\\/www.yucatanencorto.com\\\/noticias\\\/presidente-andres-manuel-lopez-obrador-resalta-buena-relacion-y-buen-trabajo-del-gobernador-vila-dosal-le-conviene-a-yucatan-senala\\\/\"},\"wordCount\":1271,\"image\":{\"@id\":\"https:\\\/\\\/www.yucatanencorto.com\\\/noticias\\\/presidente-andres-manuel-lopez-obrador-resalta-buena-relacion-y-buen-trabajo-del-gobernador-vila-dosal-le-conviene-a-yucatan-senala\\\/#primaryimage\"},\"thumbnailUrl\":\"https:\\\/\\\/www.yucatanencorto.com\\\/noticias\\\/wp-content\\\/uploads\\\/2021\\\/10\\\/image00002-11-scaled.jpeg\",\"articleSection\":[\"Yucat\u00e1n\"],\"inLanguage\":\"es\"},{\"@type\":\"WebPage\",\"@id\":\"https:\\\/\\\/www.yucatanencorto.com\\\/noticias\\\/presidente-andres-manuel-lopez-obrador-resalta-buena-relacion-y-buen-trabajo-del-gobernador-vila-dosal-le-conviene-a-yucatan-senala\\\/\",\"url\":\"https:\\\/\\\/www.yucatanencorto.com\\\/noticias\\\/presidente-andres-manuel-lopez-obrador-resalta-buena-relacion-y-buen-trabajo-del-gobernador-vila-dosal-le-conviene-a-yucatan-senala\\\/\",\"name\":\"Presidente Andr\u00e9s Manuel L\u00f3pez Obrador resalta buena relaci\u00f3n y buen trabajo del Gobernador Vila Dosal, \\\"Le conviene a Yucat\u00e1n\\\", se\u00f1ala - Yucat\u00e1n en corto\",\"isPartOf\":{\"@id\":\"https:\\\/\\\/www.yucatanencorto.com\\\/noticias\\\/#website\"},\"primaryImageOfPage\":{\"@id\":\"https:\\\/\\\/www.yucatanencorto.com\\\/noticias\\\/presidente-andres-manuel-lopez-obrador-resalta-buena-relacion-y-buen-trabajo-del-gobernador-vila-dosal-le-conviene-a-yucatan-senala\\\/#primaryimage\"},\"image\":{\"@id\":\"https:\\\/\\\/www.yucatanencorto.com\\\/noticias\\\/presidente-andres-manuel-lopez-obrador-resalta-buena-relacion-y-buen-trabajo-del-gobernador-vila-dosal-le-conviene-a-yucatan-senala\\\/#primaryimage\"},\"thumbnailUrl\":\"https:\\\/\\\/www.yucatanencorto.com\\\/noticias\\\/wp-content\\\/uploads\\\/2021\\\/10\\\/image00002-11-scaled.jpeg\",\"datePublished\":\"2021-10-28T21:27:33+00:00\",\"author\":{\"@id\":\"https:\\\/\\\/www.yucatanencorto.com\\\/noticias\\\/#\\\/schema\\\/person\\\/14f82d355225a1f4075dd84a31f45a72\"},\"breadcrumb\":{\"@id\":\"https:\\\/\\\/www.yucatanencorto.com\\\/noticias\\\/presidente-andres-manuel-lopez-obrador-resalta-buena-relacion-y-buen-trabajo-del-gobernador-vila-dosal-le-conviene-a-yucatan-senala\\\/#breadcrumb\"},\"inLanguage\":\"es\",\"potentialAction\":[{\"@type\":\"ReadAction\",\"target\":[\"https:\\\/\\\/www.yucatanencorto.com\\\/noticias\\\/presidente-andres-manuel-lopez-obrador-resalta-buena-relacion-y-buen-trabajo-del-gobernador-vila-dosal-le-conviene-a-yucatan-senala\\\/\"]}]},{\"@type\":\"ImageObject\",\"inLanguage\":\"es\",\"@id\":\"https:\\\/\\\/www.yucatanencorto.com\\\/noticias\\\/presidente-andres-manuel-lopez-obrador-resalta-buena-relacion-y-buen-trabajo-del-gobernador-vila-dosal-le-conviene-a-yucatan-senala\\\/#primaryimage\",\"url\":\"https:\\\/\\\/www.yucatanencorto.com\\\/noticias\\\/wp-content\\\/uploads\\\/2021\\\/10\\\/image00002-11-scaled.jpeg\",\"contentUrl\":\"https:\\\/\\\/www.yucatanencorto.com\\\/noticias\\\/wp-content\\\/uploads\\\/2021\\\/10\\\/image00002-11-scaled.jpeg\",\"width\":768,\"height\":512},{\"@type\":\"BreadcrumbList\",\"@id\":\"https:\\\/\\\/www.yucatanencorto.com\\\/noticias\\\/presidente-andres-manuel-lopez-obrador-resalta-buena-relacion-y-buen-trabajo-del-gobernador-vila-dosal-le-conviene-a-yucatan-senala\\\/#breadcrumb\",\"itemListElement\":[{\"@type\":\"ListItem\",\"position\":1,\"name\":\"Portada\",\"item\":\"https:\\\/\\\/www.yucatanencorto.com\\\/noticias\\\/\"},{\"@type\":\"ListItem\",\"position\":2,\"name\":\"Presidente Andr\u00e9s Manuel L\u00f3pez Obrador resalta buena relaci\u00f3n y buen trabajo del Gobernador Vila Dosal, \u00abLe conviene a Yucat\u00e1n\u00bb, se\u00f1ala\"}]},{\"@type\":\"WebSite\",\"@id\":\"https:\\\/\\\/www.yucatanencorto.com\\\/noticias\\\/#website\",\"url\":\"https:\\\/\\\/www.yucatanencorto.com\\\/noticias\\\/\",\"name\":\"Yucat\u00e1n en corto\",\"description\":\"Noticias\",\"potentialAction\":[{\"@type\":\"SearchAction\",\"target\":{\"@type\":\"EntryPoint\",\"urlTemplate\":\"https:\\\/\\\/www.yucatanencorto.com\\\/noticias\\\/?s={search_term_string}\"},\"query-input\":{\"@type\":\"PropertyValueSpecification\",\"valueRequired\":true,\"valueName\":\"search_term_string\"}}],\"inLanguage\":\"es\"},{\"@type\":\"Person\",\"@id\":\"https:\\\/\\\/www.yucatanencorto.com\\\/noticias\\\/#\\\/schema\\\/person\\\/14f82d355225a1f4075dd84a31f45a72\",\"name\":\"Yucat\u00e1n en Corto FC\",\"image\":{\"@type\":\"ImageObject\",\"inLanguage\":\"es\",\"@id\":\"https:\\\/\\\/secure.gravatar.com\\\/avatar\\\/147d4b30cd728c53c29c49a3f7834dedca33707f4cd259761355846009a88250?s=96&d=mm&r=g\",\"url\":\"https:\\\/\\\/secure.gravatar.com\\\/avatar\\\/147d4b30cd728c53c29c49a3f7834dedca33707f4cd259761355846009a88250?s=96&d=mm&r=g\",\"contentUrl\":\"https:\\\/\\\/secure.gravatar.com\\\/avatar\\\/147d4b30cd728c53c29c49a3f7834dedca33707f4cd259761355846009a88250?s=96&d=mm&r=g\",\"caption\":\"Yucat\u00e1n en Corto FC\"},\"url\":\"https:\\\/\\\/www.yucatanencorto.com\\\/noticias\\\/author\\\/flor\\\/\"}]}<\/script>\n<!-- \/ Yoast SEO plugin. -->","yoast_head_json":{"title":"Presidente Andr\u00e9s Manuel L\u00f3pez Obrador resalta buena relaci\u00f3n y buen trabajo del Gobernador Vila Dosal, \"Le conviene a Yucat\u00e1n\", se\u00f1ala - Yucat\u00e1n en corto","robots":{"index":"index","follow":"follow","max-snippet":"max-snippet:-1","max-image-preview":"max-image-preview:large","max-video-preview":"max-video-preview:-1"},"canonical":"https:\/\/www.yucatanencorto.com\/noticias\/presidente-andres-manuel-lopez-obrador-resalta-buena-relacion-y-buen-trabajo-del-gobernador-vila-dosal-le-conviene-a-yucatan-senala\/","og_locale":"es_ES","og_type":"article","og_title":"Presidente Andr\u00e9s Manuel L\u00f3pez Obrador resalta buena relaci\u00f3n y buen trabajo del Gobernador Vila Dosal, \"Le conviene a Yucat\u00e1n\", se\u00f1ala - Yucat\u00e1n en corto","og_description":"M\u00e9rida, Yucat\u00e1n, 28 de octubre de 2021.- El Presidente Andr\u00e9s Manuel L\u00f3pez Obrador resalt\u00f3 que mantiene una relaci\u00f3n muy estrecha con el Gobernador Mauricio Vila Dosal, a quien reconoci\u00f3 por el buen trabajo que ha realizado al frente de estado, \u201cle tengo respeto porque est\u00e1 siendo un buen Gobierno. A Yucat\u00e1n le conviene tener un [&hellip;]","og_url":"https:\/\/www.yucatanencorto.com\/noticias\/presidente-andres-manuel-lopez-obrador-resalta-buena-relacion-y-buen-trabajo-del-gobernador-vila-dosal-le-conviene-a-yucatan-senala\/","og_site_name":"Yucat\u00e1n en corto","article_publisher":"http:\/\/www.facebook.com\/yucatanencorto","article_published_time":"2021-10-28T21:27:33+00:00","og_image":[{"width":768,"height":512,"url":"https:\/\/www.yucatanencorto.com\/noticias\/wp-content\/uploads\/2021\/10\/image00002-11-scaled.jpeg","type":"image\/jpeg"}],"author":"Yucat\u00e1n en Corto FC","twitter_card":"summary_large_image","twitter_creator":"@yucatanencorto","twitter_site":"@yucatanencorto","twitter_misc":{"Escrito por":"Yucat\u00e1n en Corto FC","Tiempo de lectura":"6 minutos"},"schema":{"@context":"https:\/\/schema.org","@graph":[{"@type":"Article","@id":"https:\/\/www.yucatanencorto.com\/noticias\/presidente-andres-manuel-lopez-obrador-resalta-buena-relacion-y-buen-trabajo-del-gobernador-vila-dosal-le-conviene-a-yucatan-senala\/#article","isPartOf":{"@id":"https:\/\/www.yucatanencorto.com\/noticias\/presidente-andres-manuel-lopez-obrador-resalta-buena-relacion-y-buen-trabajo-del-gobernador-vila-dosal-le-conviene-a-yucatan-senala\/"},"author":{"name":"Yucat\u00e1n en Corto FC","@id":"https:\/\/www.yucatanencorto.com\/noticias\/#\/schema\/person\/14f82d355225a1f4075dd84a31f45a72"},"headline":"Presidente Andr\u00e9s Manuel L\u00f3pez Obrador resalta buena relaci\u00f3n y buen trabajo del Gobernador Vila Dosal, \u00abLe conviene a Yucat\u00e1n\u00bb, se\u00f1ala","datePublished":"2021-10-28T21:27:33+00:00","mainEntityOfPage":{"@id":"https:\/\/www.yucatanencorto.com\/noticias\/presidente-andres-manuel-lopez-obrador-resalta-buena-relacion-y-buen-trabajo-del-gobernador-vila-dosal-le-conviene-a-yucatan-senala\/"},"wordCount":1271,"image":{"@id":"https:\/\/www.yucatanencorto.com\/noticias\/presidente-andres-manuel-lopez-obrador-resalta-buena-relacion-y-buen-trabajo-del-gobernador-vila-dosal-le-conviene-a-yucatan-senala\/#primaryimage"},"thumbnailUrl":"https:\/\/www.yucatanencorto.com\/noticias\/wp-content\/uploads\/2021\/10\/image00002-11-scaled.jpeg","articleSection":["Yucat\u00e1n"],"inLanguage":"es"},{"@type":"WebPage","@id":"https:\/\/www.yucatanencorto.com\/noticias\/presidente-andres-manuel-lopez-obrador-resalta-buena-relacion-y-buen-trabajo-del-gobernador-vila-dosal-le-conviene-a-yucatan-senala\/","url":"https:\/\/www.yucatanencorto.com\/noticias\/presidente-andres-manuel-lopez-obrador-resalta-buena-relacion-y-buen-trabajo-del-gobernador-vila-dosal-le-conviene-a-yucatan-senala\/","name":"Presidente Andr\u00e9s Manuel L\u00f3pez Obrador resalta buena relaci\u00f3n y buen trabajo del Gobernador Vila Dosal, \"Le conviene a Yucat\u00e1n\", se\u00f1ala - Yucat\u00e1n en corto","isPartOf":{"@id":"https:\/\/www.yucatanencorto.com\/noticias\/#website"},"primaryImageOfPage":{"@id":"https:\/\/www.yucatanencorto.com\/noticias\/presidente-andres-manuel-lopez-obrador-resalta-buena-relacion-y-buen-trabajo-del-gobernador-vila-dosal-le-conviene-a-yucatan-senala\/#primaryimage"},"image":{"@id":"https:\/\/www.yucatanencorto.com\/noticias\/presidente-andres-manuel-lopez-obrador-resalta-buena-relacion-y-buen-trabajo-del-gobernador-vila-dosal-le-conviene-a-yucatan-senala\/#primaryimage"},"thumbnailUrl":"https:\/\/www.yucatanencorto.com\/noticias\/wp-content\/uploads\/2021\/10\/image00002-11-scaled.jpeg","datePublished":"2021-10-28T21:27:33+00:00","author":{"@id":"https:\/\/www.yucatanencorto.com\/noticias\/#\/schema\/person\/14f82d355225a1f4075dd84a31f45a72"},"breadcrumb":{"@id":"https:\/\/www.yucatanencorto.com\/noticias\/presidente-andres-manuel-lopez-obrador-resalta-buena-relacion-y-buen-trabajo-del-gobernador-vila-dosal-le-conviene-a-yucatan-senala\/#breadcrumb"},"inLanguage":"es","potentialAction":[{"@type":"ReadAction","target":["https:\/\/www.yucatanencorto.com\/noticias\/presidente-andres-manuel-lopez-obrador-resalta-buena-relacion-y-buen-trabajo-del-gobernador-vila-dosal-le-conviene-a-yucatan-senala\/"]}]},{"@type":"ImageObject","inLanguage":"es","@id":"https:\/\/www.yucatanencorto.com\/noticias\/presidente-andres-manuel-lopez-obrador-resalta-buena-relacion-y-buen-trabajo-del-gobernador-vila-dosal-le-conviene-a-yucatan-senala\/#primaryimage","url":"https:\/\/www.yucatanencorto.com\/noticias\/wp-content\/uploads\/2021\/10\/image00002-11-scaled.jpeg","contentUrl":"https:\/\/www.yucatanencorto.com\/noticias\/wp-content\/uploads\/2021\/10\/image00002-11-scaled.jpeg","width":768,"height":512},{"@type":"BreadcrumbList","@id":"https:\/\/www.yucatanencorto.com\/noticias\/presidente-andres-manuel-lopez-obrador-resalta-buena-relacion-y-buen-trabajo-del-gobernador-vila-dosal-le-conviene-a-yucatan-senala\/#breadcrumb","itemListElement":[{"@type":"ListItem","position":1,"name":"Portada","item":"https:\/\/www.yucatanencorto.com\/noticias\/"},{"@type":"ListItem","position":2,"name":"Presidente Andr\u00e9s Manuel L\u00f3pez Obrador resalta buena relaci\u00f3n y buen trabajo del Gobernador Vila Dosal, \u00abLe conviene a Yucat\u00e1n\u00bb, se\u00f1ala"}]},{"@type":"WebSite","@id":"https:\/\/www.yucatanencorto.com\/noticias\/#website","url":"https:\/\/www.yucatanencorto.com\/noticias\/","name":"Yucat\u00e1n en corto","description":"Noticias","potentialAction":[{"@type":"SearchAction","target":{"@type":"EntryPoint","urlTemplate":"https:\/\/www.yucatanencorto.com\/noticias\/?s={search_term_string}"},"query-input":{"@type":"PropertyValueSpecification","valueRequired":true,"valueName":"search_term_string"}}],"inLanguage":"es"},{"@type":"Person","@id":"https:\/\/www.yucatanencorto.com\/noticias\/#\/schema\/person\/14f82d355225a1f4075dd84a31f45a72","name":"Yucat\u00e1n en Corto FC","image":{"@type":"ImageObject","inLanguage":"es","@id":"https:\/\/secure.gravatar.com\/avatar\/147d4b30cd728c53c29c49a3f7834dedca33707f4cd259761355846009a88250?s=96&d=mm&r=g","url":"https:\/\/secure.gravatar.com\/avatar\/147d4b30cd728c53c29c49a3f7834dedca33707f4cd259761355846009a88250?s=96&d=mm&r=g","contentUrl":"https:\/\/secure.gravatar.com\/avatar\/147d4b30cd728c53c29c49a3f7834dedca33707f4cd259761355846009a88250?s=96&d=mm&r=g","caption":"Yucat\u00e1n en Corto FC"},"url":"https:\/\/www.yucatanencorto.com\/noticias\/author\/flor\/"}]}},"_links":{"self":[{"href":"https:\/\/www.yucatanencorto.com\/noticias\/wp-json\/wp\/v2\/posts\/87088","targetHints":{"allow":["GET"]}}],"collection":[{"href":"https:\/\/www.yucatanencorto.com\/noticias\/wp-json\/wp\/v2\/posts"}],"about":[{"href":"https:\/\/www.yucatanencorto.com\/noticias\/wp-json\/wp\/v2\/types\/post"}],"author":[{"embeddable":true,"href":"https:\/\/www.yucatanencorto.com\/noticias\/wp-json\/wp\/v2\/users\/2"}],"replies":[{"embeddable":true,"href":"https:\/\/www.yucatanencorto.com\/noticias\/wp-json\/wp\/v2\/comments?post=87088"}],"version-history":[{"count":0,"href":"https:\/\/www.yucatanencorto.com\/noticias\/wp-json\/wp\/v2\/posts\/87088\/revisions"}],"wp:featuredmedia":[{"embeddable":true,"href":"https:\/\/www.yucatanencorto.com\/noticias\/wp-json\/wp\/v2\/media\/87089"}],"wp:attachment":[{"href":"https:\/\/www.yucatanencorto.com\/noticias\/wp-json\/wp\/v2\/media?parent=87088"}],"wp:term":[{"taxonomy":"category","embeddable":true,"href":"https:\/\/www.yucatanencorto.com\/noticias\/wp-json\/wp\/v2\/categories?post=87088"},{"taxonomy":"post_tag","embeddable":true,"href":"https:\/\/www.yucatanencorto.com\/noticias\/wp-json\/wp\/v2\/tags?post=87088"}],"curies":[{"name":"wp","href":"https:\/\/api.w.org\/{rel}","templated":true}]}}