{"id":89963,"date":"2022-03-12T11:17:11","date_gmt":"2022-03-12T17:17:11","guid":{"rendered":"https:\/\/www.yucatanencorto.com\/noticias\/?p=89963"},"modified":"2022-03-12T11:17:11","modified_gmt":"2022-03-12T17:17:11","slug":"detenido-por-violencia-contra-servidor-publico-podria-estar-relacionado-con-dos-robos-cometidos-esta-semana","status":"publish","type":"post","link":"https:\/\/www.yucatanencorto.com\/noticias\/detenido-por-violencia-contra-servidor-publico-podria-estar-relacionado-con-dos-robos-cometidos-esta-semana\/","title":{"rendered":"Detenido por violencia contra servidor P\u00fablico; podr\u00eda estar relacionado con dos robos cometidos esta semana"},"content":{"rendered":"<div dir=\"ltr\">\n<div dir=\"ltr\"><img loading=\"lazy\" decoding=\"async\" class=\"alignnone size-full wp-image-89965\" src=\"https:\/\/www.yucatanencorto.com\/noticias\/wp-content\/uploads\/2022\/03\/d03b0baa-3295-4d38-a15c-276d338f51c2-scaled.jpg\" alt=\"\" width=\"609\" height=\"768\" srcset=\"https:\/\/www.yucatanencorto.com\/noticias\/wp-content\/uploads\/2022\/03\/d03b0baa-3295-4d38-a15c-276d338f51c2-scaled.jpg 609w, https:\/\/www.yucatanencorto.com\/noticias\/wp-content\/uploads\/2022\/03\/d03b0baa-3295-4d38-a15c-276d338f51c2-768x969.jpg 768w, https:\/\/www.yucatanencorto.com\/noticias\/wp-content\/uploads\/2022\/03\/d03b0baa-3295-4d38-a15c-276d338f51c2-696x878.jpg 696w, https:\/\/www.yucatanencorto.com\/noticias\/wp-content\/uploads\/2022\/03\/d03b0baa-3295-4d38-a15c-276d338f51c2-333x420.jpg 333w\" sizes=\"auto, (max-width: 609px) 100vw, 609px\" \/><br \/>\nElementos de la Secretar\u00eda de Seguridad P\u00fablica (SSP) detuvieron a un individuo que agredi\u00f3 a un oficial, cuando se le cuestion\u00f3 sobre el robo cometido en un cajero autom\u00e1tico de una sucursal bancaria en la Gran Plaza.<\/p>\n<p>Con base en los datos recabados, la Polic\u00eda Estatal de Investigaci\u00f3n (PEI) y el equipo de Inteligencia y videovigilancia del C5i de la SSP, lograron reconocer al sujeto y establecer sus movimientos previos y posteriores a los acontecimientos.<\/p>\n<p>Sin embargo, cuando los agentes lo confrontaron, el individuo reaccion\u00f3 de modo agresivo, motivo por el cual fue trasladado a la c\u00e1rcel p\u00fablica.<\/p>\n<p>El detenido se llama Jos\u00e9 Alberto O. M., tiene 24 a\u00f1os de edad.<\/p>\n<p>Dijo ser originario de la Ciudad de M\u00e9xico, radicado en M\u00e9rida desde hace algunos meses, que es fot\u00f3grafo pero que no ha conseguido trabajo.<\/p>\n<p>Los rasgos de este hombre tambi\u00e9n corresponden a la descripci\u00f3n difundida en redes sociales, por una ciudadana que manifiesta haber sido v\u00edctima de robo y amenazas por una mujer y el mencionado sujeto, en el estacionamiento de la plaza City Center.<\/p>\n<p>Las personas afectadas no han interpuesto denuncia ante el Ministerio P\u00fablico; sin embargo con base en lo que han expresado p\u00fablicamente, la Polic\u00eda Estatal de Investigaci\u00f3n (PEI) de la SSP y la Fiscal\u00eda General del Estado (FGE), trabajan en el esclarecimiento de los hechos.<\/p><\/div>\n<\/div>\n","protected":false},"excerpt":{"rendered":"<p>Elementos de la Secretar\u00eda de Seguridad P\u00fablica (SSP) detuvieron a un individuo que agredi\u00f3 a un oficial, cuando se le cuestion\u00f3 sobre el robo cometido en un cajero autom\u00e1tico de una sucursal bancaria en la Gran Plaza. Con base en los datos recabados, la Polic\u00eda Estatal de Investigaci\u00f3n (PEI) y el equipo de Inteligencia y [&hellip;]<\/p>\n","protected":false},"author":2,"featured_media":89965,"comment_status":"closed","ping_status":"closed","sticky":false,"template":"","format":"standard","meta":{"footnotes":""},"categories":[3],"tags":[],"class_list":["post-89963","post","type-post","status-publish","format-standard","has-post-thumbnail","category-yucatan"],"yoast_head":"<!-- This site is optimized with the Yoast SEO plugin v28.4 - https:\/\/yoast.com\/product\/yoast-seo-wordpress\/ -->\n<title>Detenido por violencia contra servidor P\u00fablico; podr\u00eda estar relacionado con dos robos cometidos esta semana - Yucat\u00e1n en corto<\/title>\n<meta name=\"robots\" content=\"index, follow, max-snippet:-1, max-image-preview:large, max-video-preview:-1\" \/>\n<link rel=\"canonical\" href=\"https:\/\/www.yucatanencorto.com\/noticias\/detenido-por-violencia-contra-servidor-publico-podria-estar-relacionado-con-dos-robos-cometidos-esta-semana\/\" \/>\n<meta property=\"og:locale\" content=\"es_ES\" \/>\n<meta property=\"og:type\" content=\"article\" \/>\n<meta property=\"og:title\" content=\"Detenido por violencia contra servidor P\u00fablico; podr\u00eda estar relacionado con dos robos cometidos esta semana - Yucat\u00e1n en corto\" \/>\n<meta property=\"og:description\" content=\"Elementos de la Secretar\u00eda de Seguridad P\u00fablica (SSP) detuvieron a un individuo que agredi\u00f3 a un oficial, cuando se le cuestion\u00f3 sobre el robo cometido en un cajero autom\u00e1tico de una sucursal bancaria en la Gran Plaza. Con base en los datos recabados, la Polic\u00eda Estatal de Investigaci\u00f3n (PEI) y el equipo de Inteligencia y [&hellip;]\" \/>\n<meta property=\"og:url\" content=\"https:\/\/www.yucatanencorto.com\/noticias\/detenido-por-violencia-contra-servidor-publico-podria-estar-relacionado-con-dos-robos-cometidos-esta-semana\/\" \/>\n<meta property=\"og:site_name\" content=\"Yucat\u00e1n en corto\" \/>\n<meta property=\"article:publisher\" content=\"http:\/\/www.facebook.com\/yucatanencorto\" \/>\n<meta property=\"article:published_time\" content=\"2022-03-12T17:17:11+00:00\" \/>\n<meta property=\"og:image\" content=\"https:\/\/www.yucatanencorto.com\/noticias\/wp-content\/uploads\/2022\/03\/d03b0baa-3295-4d38-a15c-276d338f51c2-scaled.jpg\" \/>\n\t<meta property=\"og:image:width\" content=\"609\" \/>\n\t<meta property=\"og:image:height\" content=\"768\" \/>\n\t<meta property=\"og:image:type\" content=\"image\/jpeg\" \/>\n<meta name=\"author\" content=\"Yucat\u00e1n en Corto FC\" \/>\n<meta name=\"twitter:card\" content=\"summary_large_image\" \/>\n<meta name=\"twitter:creator\" content=\"@yucatanencorto\" \/>\n<meta name=\"twitter:site\" content=\"@yucatanencorto\" \/>\n<meta name=\"twitter:label1\" content=\"Escrito por\" \/>\n\t<meta name=\"twitter:data1\" content=\"Yucat\u00e1n en Corto FC\" \/>\n\t<meta name=\"twitter:label2\" content=\"Tiempo de lectura\" \/>\n\t<meta name=\"twitter:data2\" content=\"2 minutos\" \/>\n<script type=\"application\/ld+json\" class=\"yoast-schema-graph\">{\"@context\":\"https:\\\/\\\/schema.org\",\"@graph\":[{\"@type\":\"Article\",\"@id\":\"https:\\\/\\\/www.yucatanencorto.com\\\/noticias\\\/detenido-por-violencia-contra-servidor-publico-podria-estar-relacionado-con-dos-robos-cometidos-esta-semana\\\/#article\",\"isPartOf\":{\"@id\":\"https:\\\/\\\/www.yucatanencorto.com\\\/noticias\\\/detenido-por-violencia-contra-servidor-publico-podria-estar-relacionado-con-dos-robos-cometidos-esta-semana\\\/\"},\"author\":{\"name\":\"Yucat\u00e1n en Corto FC\",\"@id\":\"https:\\\/\\\/www.yucatanencorto.com\\\/noticias\\\/#\\\/schema\\\/person\\\/14f82d355225a1f4075dd84a31f45a72\"},\"headline\":\"Detenido por violencia contra servidor P\u00fablico; podr\u00eda estar relacionado con dos robos cometidos esta semana\",\"datePublished\":\"2022-03-12T17:17:11+00:00\",\"mainEntityOfPage\":{\"@id\":\"https:\\\/\\\/www.yucatanencorto.com\\\/noticias\\\/detenido-por-violencia-contra-servidor-publico-podria-estar-relacionado-con-dos-robos-cometidos-esta-semana\\\/\"},\"wordCount\":256,\"publisher\":{\"@id\":\"https:\\\/\\\/www.yucatanencorto.com\\\/noticias\\\/#organization\"},\"image\":{\"@id\":\"https:\\\/\\\/www.yucatanencorto.com\\\/noticias\\\/detenido-por-violencia-contra-servidor-publico-podria-estar-relacionado-con-dos-robos-cometidos-esta-semana\\\/#primaryimage\"},\"thumbnailUrl\":\"https:\\\/\\\/www.yucatanencorto.com\\\/noticias\\\/wp-content\\\/uploads\\\/2022\\\/03\\\/d03b0baa-3295-4d38-a15c-276d338f51c2-scaled.jpg\",\"articleSection\":[\"Yucat\u00e1n\"],\"inLanguage\":\"es\"},{\"@type\":\"WebPage\",\"@id\":\"https:\\\/\\\/www.yucatanencorto.com\\\/noticias\\\/detenido-por-violencia-contra-servidor-publico-podria-estar-relacionado-con-dos-robos-cometidos-esta-semana\\\/\",\"url\":\"https:\\\/\\\/www.yucatanencorto.com\\\/noticias\\\/detenido-por-violencia-contra-servidor-publico-podria-estar-relacionado-con-dos-robos-cometidos-esta-semana\\\/\",\"name\":\"Detenido por violencia contra servidor P\u00fablico; podr\u00eda estar relacionado con dos robos cometidos esta semana - Yucat\u00e1n en corto\",\"isPartOf\":{\"@id\":\"https:\\\/\\\/www.yucatanencorto.com\\\/noticias\\\/#website\"},\"primaryImageOfPage\":{\"@id\":\"https:\\\/\\\/www.yucatanencorto.com\\\/noticias\\\/detenido-por-violencia-contra-servidor-publico-podria-estar-relacionado-con-dos-robos-cometidos-esta-semana\\\/#primaryimage\"},\"image\":{\"@id\":\"https:\\\/\\\/www.yucatanencorto.com\\\/noticias\\\/detenido-por-violencia-contra-servidor-publico-podria-estar-relacionado-con-dos-robos-cometidos-esta-semana\\\/#primaryimage\"},\"thumbnailUrl\":\"https:\\\/\\\/www.yucatanencorto.com\\\/noticias\\\/wp-content\\\/uploads\\\/2022\\\/03\\\/d03b0baa-3295-4d38-a15c-276d338f51c2-scaled.jpg\",\"datePublished\":\"2022-03-12T17:17:11+00:00\",\"breadcrumb\":{\"@id\":\"https:\\\/\\\/www.yucatanencorto.com\\\/noticias\\\/detenido-por-violencia-contra-servidor-publico-podria-estar-relacionado-con-dos-robos-cometidos-esta-semana\\\/#breadcrumb\"},\"inLanguage\":\"es\",\"potentialAction\":[{\"@type\":\"ReadAction\",\"target\":[\"https:\\\/\\\/www.yucatanencorto.com\\\/noticias\\\/detenido-por-violencia-contra-servidor-publico-podria-estar-relacionado-con-dos-robos-cometidos-esta-semana\\\/\"]}]},{\"@type\":\"ImageObject\",\"inLanguage\":\"es\",\"@id\":\"https:\\\/\\\/www.yucatanencorto.com\\\/noticias\\\/detenido-por-violencia-contra-servidor-publico-podria-estar-relacionado-con-dos-robos-cometidos-esta-semana\\\/#primaryimage\",\"url\":\"https:\\\/\\\/www.yucatanencorto.com\\\/noticias\\\/wp-content\\\/uploads\\\/2022\\\/03\\\/d03b0baa-3295-4d38-a15c-276d338f51c2-scaled.jpg\",\"contentUrl\":\"https:\\\/\\\/www.yucatanencorto.com\\\/noticias\\\/wp-content\\\/uploads\\\/2022\\\/03\\\/d03b0baa-3295-4d38-a15c-276d338f51c2-scaled.jpg\",\"width\":609,\"height\":768},{\"@type\":\"BreadcrumbList\",\"@id\":\"https:\\\/\\\/www.yucatanencorto.com\\\/noticias\\\/detenido-por-violencia-contra-servidor-publico-podria-estar-relacionado-con-dos-robos-cometidos-esta-semana\\\/#breadcrumb\",\"itemListElement\":[{\"@type\":\"ListItem\",\"position\":1,\"name\":\"Portada\",\"item\":\"https:\\\/\\\/www.yucatanencorto.com\\\/noticias\\\/\"},{\"@type\":\"ListItem\",\"position\":2,\"name\":\"Detenido por violencia contra servidor P\u00fablico; podr\u00eda estar relacionado con dos robos cometidos esta semana\"}]},{\"@type\":\"WebSite\",\"@id\":\"https:\\\/\\\/www.yucatanencorto.com\\\/noticias\\\/#website\",\"url\":\"https:\\\/\\\/www.yucatanencorto.com\\\/noticias\\\/\",\"name\":\"Yucat\u00e1n en corto\",\"description\":\"Noticias\",\"publisher\":{\"@id\":\"https:\\\/\\\/www.yucatanencorto.com\\\/noticias\\\/#organization\"},\"potentialAction\":[{\"@type\":\"SearchAction\",\"target\":{\"@type\":\"EntryPoint\",\"urlTemplate\":\"https:\\\/\\\/www.yucatanencorto.com\\\/noticias\\\/?s={search_term_string}\"},\"query-input\":{\"@type\":\"PropertyValueSpecification\",\"valueRequired\":true,\"valueName\":\"search_term_string\"}}],\"inLanguage\":\"es\"},{\"@type\":\"Organization\",\"@id\":\"https:\\\/\\\/www.yucatanencorto.com\\\/noticias\\\/#organization\",\"name\":\"Yucat\u00e1n en corto\",\"url\":\"https:\\\/\\\/www.yucatanencorto.com\\\/noticias\\\/\",\"logo\":{\"@type\":\"ImageObject\",\"inLanguage\":\"es\",\"@id\":\"https:\\\/\\\/www.yucatanencorto.com\\\/noticias\\\/#\\\/schema\\\/logo\\\/image\\\/\",\"url\":\"https:\\\/\\\/www.yucatanencorto.com\\\/noticias\\\/wp-content\\\/uploads\\\/2026\\\/08\\\/Logo-web.png\",\"contentUrl\":\"https:\\\/\\\/www.yucatanencorto.com\\\/noticias\\\/wp-content\\\/uploads\\\/2026\\\/08\\\/Logo-web.png\",\"width\":272,\"height\":90,\"caption\":\"Yucat\u00e1n en corto\"},\"image\":{\"@id\":\"https:\\\/\\\/www.yucatanencorto.com\\\/noticias\\\/#\\\/schema\\\/logo\\\/image\\\/\"},\"sameAs\":[\"http:\\\/\\\/www.facebook.com\\\/yucatanencorto\",\"https:\\\/\\\/x.com\\\/yucatanencorto\"]},{\"@type\":\"Person\",\"@id\":\"https:\\\/\\\/www.yucatanencorto.com\\\/noticias\\\/#\\\/schema\\\/person\\\/14f82d355225a1f4075dd84a31f45a72\",\"name\":\"Yucat\u00e1n en Corto FC\",\"image\":{\"@type\":\"ImageObject\",\"inLanguage\":\"es\",\"@id\":\"https:\\\/\\\/secure.gravatar.com\\\/avatar\\\/147d4b30cd728c53c29c49a3f7834dedca33707f4cd259761355846009a88250?s=96&d=mm&r=g\",\"url\":\"https:\\\/\\\/secure.gravatar.com\\\/avatar\\\/147d4b30cd728c53c29c49a3f7834dedca33707f4cd259761355846009a88250?s=96&d=mm&r=g\",\"contentUrl\":\"https:\\\/\\\/secure.gravatar.com\\\/avatar\\\/147d4b30cd728c53c29c49a3f7834dedca33707f4cd259761355846009a88250?s=96&d=mm&r=g\",\"caption\":\"Yucat\u00e1n en Corto FC\"},\"url\":\"https:\\\/\\\/www.yucatanencorto.com\\\/noticias\\\/author\\\/flor\\\/\"}]}<\/script>\n<!-- \/ Yoast SEO plugin. -->","yoast_head_json":{"title":"Detenido por violencia contra servidor P\u00fablico; podr\u00eda estar relacionado con dos robos cometidos esta semana - Yucat\u00e1n en corto","robots":{"index":"index","follow":"follow","max-snippet":"max-snippet:-1","max-image-preview":"max-image-preview:large","max-video-preview":"max-video-preview:-1"},"canonical":"https:\/\/www.yucatanencorto.com\/noticias\/detenido-por-violencia-contra-servidor-publico-podria-estar-relacionado-con-dos-robos-cometidos-esta-semana\/","og_locale":"es_ES","og_type":"article","og_title":"Detenido por violencia contra servidor P\u00fablico; podr\u00eda estar relacionado con dos robos cometidos esta semana - Yucat\u00e1n en corto","og_description":"Elementos de la Secretar\u00eda de Seguridad P\u00fablica (SSP) detuvieron a un individuo que agredi\u00f3 a un oficial, cuando se le cuestion\u00f3 sobre el robo cometido en un cajero autom\u00e1tico de una sucursal bancaria en la Gran Plaza. Con base en los datos recabados, la Polic\u00eda Estatal de Investigaci\u00f3n (PEI) y el equipo de Inteligencia y [&hellip;]","og_url":"https:\/\/www.yucatanencorto.com\/noticias\/detenido-por-violencia-contra-servidor-publico-podria-estar-relacionado-con-dos-robos-cometidos-esta-semana\/","og_site_name":"Yucat\u00e1n en corto","article_publisher":"http:\/\/www.facebook.com\/yucatanencorto","article_published_time":"2022-03-12T17:17:11+00:00","og_image":[{"width":609,"height":768,"url":"https:\/\/www.yucatanencorto.com\/noticias\/wp-content\/uploads\/2022\/03\/d03b0baa-3295-4d38-a15c-276d338f51c2-scaled.jpg","type":"image\/jpeg"}],"author":"Yucat\u00e1n en Corto FC","twitter_card":"summary_large_image","twitter_creator":"@yucatanencorto","twitter_site":"@yucatanencorto","twitter_misc":{"Escrito por":"Yucat\u00e1n en Corto FC","Tiempo de lectura":"2 minutos"},"schema":{"@context":"https:\/\/schema.org","@graph":[{"@type":"Article","@id":"https:\/\/www.yucatanencorto.com\/noticias\/detenido-por-violencia-contra-servidor-publico-podria-estar-relacionado-con-dos-robos-cometidos-esta-semana\/#article","isPartOf":{"@id":"https:\/\/www.yucatanencorto.com\/noticias\/detenido-por-violencia-contra-servidor-publico-podria-estar-relacionado-con-dos-robos-cometidos-esta-semana\/"},"author":{"name":"Yucat\u00e1n en Corto FC","@id":"https:\/\/www.yucatanencorto.com\/noticias\/#\/schema\/person\/14f82d355225a1f4075dd84a31f45a72"},"headline":"Detenido por violencia contra servidor P\u00fablico; podr\u00eda estar relacionado con dos robos cometidos esta semana","datePublished":"2022-03-12T17:17:11+00:00","mainEntityOfPage":{"@id":"https:\/\/www.yucatanencorto.com\/noticias\/detenido-por-violencia-contra-servidor-publico-podria-estar-relacionado-con-dos-robos-cometidos-esta-semana\/"},"wordCount":256,"publisher":{"@id":"https:\/\/www.yucatanencorto.com\/noticias\/#organization"},"image":{"@id":"https:\/\/www.yucatanencorto.com\/noticias\/detenido-por-violencia-contra-servidor-publico-podria-estar-relacionado-con-dos-robos-cometidos-esta-semana\/#primaryimage"},"thumbnailUrl":"https:\/\/www.yucatanencorto.com\/noticias\/wp-content\/uploads\/2022\/03\/d03b0baa-3295-4d38-a15c-276d338f51c2-scaled.jpg","articleSection":["Yucat\u00e1n"],"inLanguage":"es"},{"@type":"WebPage","@id":"https:\/\/www.yucatanencorto.com\/noticias\/detenido-por-violencia-contra-servidor-publico-podria-estar-relacionado-con-dos-robos-cometidos-esta-semana\/","url":"https:\/\/www.yucatanencorto.com\/noticias\/detenido-por-violencia-contra-servidor-publico-podria-estar-relacionado-con-dos-robos-cometidos-esta-semana\/","name":"Detenido por violencia contra servidor P\u00fablico; podr\u00eda estar relacionado con dos robos cometidos esta semana - Yucat\u00e1n en corto","isPartOf":{"@id":"https:\/\/www.yucatanencorto.com\/noticias\/#website"},"primaryImageOfPage":{"@id":"https:\/\/www.yucatanencorto.com\/noticias\/detenido-por-violencia-contra-servidor-publico-podria-estar-relacionado-con-dos-robos-cometidos-esta-semana\/#primaryimage"},"image":{"@id":"https:\/\/www.yucatanencorto.com\/noticias\/detenido-por-violencia-contra-servidor-publico-podria-estar-relacionado-con-dos-robos-cometidos-esta-semana\/#primaryimage"},"thumbnailUrl":"https:\/\/www.yucatanencorto.com\/noticias\/wp-content\/uploads\/2022\/03\/d03b0baa-3295-4d38-a15c-276d338f51c2-scaled.jpg","datePublished":"2022-03-12T17:17:11+00:00","breadcrumb":{"@id":"https:\/\/www.yucatanencorto.com\/noticias\/detenido-por-violencia-contra-servidor-publico-podria-estar-relacionado-con-dos-robos-cometidos-esta-semana\/#breadcrumb"},"inLanguage":"es","potentialAction":[{"@type":"ReadAction","target":["https:\/\/www.yucatanencorto.com\/noticias\/detenido-por-violencia-contra-servidor-publico-podria-estar-relacionado-con-dos-robos-cometidos-esta-semana\/"]}]},{"@type":"ImageObject","inLanguage":"es","@id":"https:\/\/www.yucatanencorto.com\/noticias\/detenido-por-violencia-contra-servidor-publico-podria-estar-relacionado-con-dos-robos-cometidos-esta-semana\/#primaryimage","url":"https:\/\/www.yucatanencorto.com\/noticias\/wp-content\/uploads\/2022\/03\/d03b0baa-3295-4d38-a15c-276d338f51c2-scaled.jpg","contentUrl":"https:\/\/www.yucatanencorto.com\/noticias\/wp-content\/uploads\/2022\/03\/d03b0baa-3295-4d38-a15c-276d338f51c2-scaled.jpg","width":609,"height":768},{"@type":"BreadcrumbList","@id":"https:\/\/www.yucatanencorto.com\/noticias\/detenido-por-violencia-contra-servidor-publico-podria-estar-relacionado-con-dos-robos-cometidos-esta-semana\/#breadcrumb","itemListElement":[{"@type":"ListItem","position":1,"name":"Portada","item":"https:\/\/www.yucatanencorto.com\/noticias\/"},{"@type":"ListItem","position":2,"name":"Detenido por violencia contra servidor P\u00fablico; podr\u00eda estar relacionado con dos robos cometidos esta semana"}]},{"@type":"WebSite","@id":"https:\/\/www.yucatanencorto.com\/noticias\/#website","url":"https:\/\/www.yucatanencorto.com\/noticias\/","name":"Yucat\u00e1n en corto","description":"Noticias","publisher":{"@id":"https:\/\/www.yucatanencorto.com\/noticias\/#organization"},"potentialAction":[{"@type":"SearchAction","target":{"@type":"EntryPoint","urlTemplate":"https:\/\/www.yucatanencorto.com\/noticias\/?s={search_term_string}"},"query-input":{"@type":"PropertyValueSpecification","valueRequired":true,"valueName":"search_term_string"}}],"inLanguage":"es"},{"@type":"Organization","@id":"https:\/\/www.yucatanencorto.com\/noticias\/#organization","name":"Yucat\u00e1n en corto","url":"https:\/\/www.yucatanencorto.com\/noticias\/","logo":{"@type":"ImageObject","inLanguage":"es","@id":"https:\/\/www.yucatanencorto.com\/noticias\/#\/schema\/logo\/image\/","url":"https:\/\/www.yucatanencorto.com\/noticias\/wp-content\/uploads\/2026\/08\/Logo-web.png","contentUrl":"https:\/\/www.yucatanencorto.com\/noticias\/wp-content\/uploads\/2026\/08\/Logo-web.png","width":272,"height":90,"caption":"Yucat\u00e1n en corto"},"image":{"@id":"https:\/\/www.yucatanencorto.com\/noticias\/#\/schema\/logo\/image\/"},"sameAs":["http:\/\/www.facebook.com\/yucatanencorto","https:\/\/x.com\/yucatanencorto"]},{"@type":"Person","@id":"https:\/\/www.yucatanencorto.com\/noticias\/#\/schema\/person\/14f82d355225a1f4075dd84a31f45a72","name":"Yucat\u00e1n en Corto FC","image":{"@type":"ImageObject","inLanguage":"es","@id":"https:\/\/secure.gravatar.com\/avatar\/147d4b30cd728c53c29c49a3f7834dedca33707f4cd259761355846009a88250?s=96&d=mm&r=g","url":"https:\/\/secure.gravatar.com\/avatar\/147d4b30cd728c53c29c49a3f7834dedca33707f4cd259761355846009a88250?s=96&d=mm&r=g","contentUrl":"https:\/\/secure.gravatar.com\/avatar\/147d4b30cd728c53c29c49a3f7834dedca33707f4cd259761355846009a88250?s=96&d=mm&r=g","caption":"Yucat\u00e1n en Corto FC"},"url":"https:\/\/www.yucatanencorto.com\/noticias\/author\/flor\/"}]}},"_links":{"self":[{"href":"https:\/\/www.yucatanencorto.com\/noticias\/wp-json\/wp\/v2\/posts\/89963","targetHints":{"allow":["GET"]}}],"collection":[{"href":"https:\/\/www.yucatanencorto.com\/noticias\/wp-json\/wp\/v2\/posts"}],"about":[{"href":"https:\/\/www.yucatanencorto.com\/noticias\/wp-json\/wp\/v2\/types\/post"}],"author":[{"embeddable":true,"href":"https:\/\/www.yucatanencorto.com\/noticias\/wp-json\/wp\/v2\/users\/2"}],"replies":[{"embeddable":true,"href":"https:\/\/www.yucatanencorto.com\/noticias\/wp-json\/wp\/v2\/comments?post=89963"}],"version-history":[{"count":0,"href":"https:\/\/www.yucatanencorto.com\/noticias\/wp-json\/wp\/v2\/posts\/89963\/revisions"}],"wp:featuredmedia":[{"embeddable":true,"href":"https:\/\/www.yucatanencorto.com\/noticias\/wp-json\/wp\/v2\/media\/89965"}],"wp:attachment":[{"href":"https:\/\/www.yucatanencorto.com\/noticias\/wp-json\/wp\/v2\/media?parent=89963"}],"wp:term":[{"taxonomy":"category","embeddable":true,"href":"https:\/\/www.yucatanencorto.com\/noticias\/wp-json\/wp\/v2\/categories?post=89963"},{"taxonomy":"post_tag","embeddable":true,"href":"https:\/\/www.yucatanencorto.com\/noticias\/wp-json\/wp\/v2\/tags?post=89963"}],"curies":[{"name":"wp","href":"https:\/\/api.w.org\/{rel}","templated":true}]}}