{"id":90416,"date":"2022-04-01T21:30:51","date_gmt":"2022-04-02T03:30:51","guid":{"rendered":"https:\/\/www.yucatanencorto.com\/noticias\/?p=90416"},"modified":"2022-04-01T21:30:51","modified_gmt":"2022-04-02T03:30:51","slug":"el-trabajo-coordinado-y-la-participacion-de-todas-y-todos-ha-permitido-que-merida-continue-siendo-una-ciudad-segura","status":"publish","type":"post","link":"https:\/\/www.yucatanencorto.com\/noticias\/el-trabajo-coordinado-y-la-participacion-de-todas-y-todos-ha-permitido-que-merida-continue-siendo-una-ciudad-segura\/","title":{"rendered":"El trabajo coordinado y la participaci\u00f3n de todas y todos, ha permitido que M\u00e9rida contin\u00fae siendo una ciudad segura"},"content":{"rendered":"<p>&nbsp;<\/p>\n<p><img loading=\"lazy\" decoding=\"async\" class=\"alignnone size-full wp-image-90417\" src=\"https:\/\/www.yucatanencorto.com\/noticias\/wp-content\/uploads\/2022\/04\/Seguridad-scaled.jpeg\" alt=\"\" width=\"768\" height=\"512\" srcset=\"https:\/\/www.yucatanencorto.com\/noticias\/wp-content\/uploads\/2022\/04\/Seguridad-scaled.jpeg 768w, https:\/\/www.yucatanencorto.com\/noticias\/wp-content\/uploads\/2022\/04\/Seguridad-696x464.jpeg 696w, https:\/\/www.yucatanencorto.com\/noticias\/wp-content\/uploads\/2022\/04\/Seguridad-1068x712.jpeg 1068w, https:\/\/www.yucatanencorto.com\/noticias\/wp-content\/uploads\/2022\/04\/Seguridad-630x420.jpeg 630w\" sizes=\"auto, (max-width: 768px) 100vw, 768px\" \/><\/p>\n<p>M\u00e9rida, Yucat\u00e1n a 1 de abril de 2022.- Para preservar la armon\u00eda y la paz social en el Municipio, el Ayuntamiento de M\u00e9rida y la sociedad trabajan en conjunto con las dependencias de Seguridad de los tres niveles de gobierno para mantener la ciudad entre las m\u00e1s tranquilas del pa\u00eds.<\/p>\n<p>&nbsp;<\/p>\n<p>El Alcalde, Ren\u00e1n Barrera Concha, asegur\u00f3 que el trabajo coordinado y la participaci\u00f3n de todas y todos, ha permitido que M\u00e9rida contin\u00fae siendo una ciudad segura, reconocida por su calidad de vida, sus valores e inclusiva, ha logrado conservar la armon\u00eda y la tranquilidad como un detonante para el desarrollo econ\u00f3mico.<\/p>\n<p>&nbsp;<\/p>\n<p>Record\u00f3 que este objetivo se est\u00e1 logrando gracias a la sinergia que existe entre todos los actores de la sociedad, as\u00ed como de las fuerzas del orden p\u00fablico y \u00f3rganos garantes de paz de los tres niveles de gobierno, quienes junto con el Ayuntamiento, trabajan en estrategias eficaces para mantener la paz en el Municipio.<\/p>\n<p>&nbsp;<\/p>\n<p>Al encabezar la reuni\u00f3n semanal de la Mesa para la Construcci\u00f3n de Paz y Seguridad Regi\u00f3n M\u00e9rida, Barrera Concha dijo que lo anterior ha contribuido a que M\u00e9rida continue siendo sede de eventos de gran trascendencia en M\u00e9xico como lo fueron: el Foro Nacional \u201cInfraestructura Sostenible, pilar para el desarrollo y bienestar de M\u00e9xico\u201d, de la Expo Construcci\u00f3n 2022 organizado por la (CMIC) y la Convenci\u00f3n Nacional Anual de la C\u00e1mara Nacional de la Industria Electr\u00f3nica, de Telecomunicaciones y Tecnolog\u00edas de la Informaci\u00f3n, (CANIETI 2022) que se llevaron a cabo recientemente en la capital yucateca.<\/p>\n<p>&nbsp;<\/p>\n<p>\u201cEstos eventos de dos de las c\u00e1maras m\u00e1s representativas de M\u00e9xico, representan la confianza y seguridad que las organizaciones e instituciones encuentran en M\u00e9rida como una sede segura, convincente y tranquila para que, junto con sus agremiados, puedan realizar sus eventos y tomar las mejores decisiones de sus respectivos \u00e1mbitos para el pa\u00eds, lo cual nos llena de orgullo\u201d, expres\u00f3.<\/p>\n<p>&nbsp;<\/p>\n<p>La elecci\u00f3n de M\u00e9rida como sede de grandes congresos y eventos nacionales, se\u00f1al\u00f3 que es un indicador que refleja el trabajo integral y coordinado que llevan a cabo los tres niveles de gobierno en el municipio, quienes cada semana atienden de manera puntual los temas prioritarios en materia de seguridad p\u00fablica, permitiendo reforzar los protocolos para prevenir los delitos y garantizar el bienestar y el patrimonio de la ciudadan\u00eda.<\/p>\n<p>&nbsp;<\/p>\n<p>Asimismo, recalc\u00f3 que, en el caso de la Polic\u00eda Municipal de M\u00e9rida, los agentes participan en constante capacitaci\u00f3n en temas afines a sus competencias y funciones para que puedan desempe\u00f1ar mejor su labor cotidiana y brindar un mejor servicio en la capital yucateca.<\/p>\n<p>&nbsp;<\/p>\n<p>\u201cNuestras instituciones, sobre todo las relacionadas con el \u00e1mbito de la seguridad p\u00fablica, privilegian la transparencia en su actuar y en la correcta aplicaci\u00f3n de sus procedimientos basados en un estado de derecho, en aras de ser mejores organismos comprometidos con la ciudadan\u00eda\u201d, finaliz\u00f3.<\/p>\n<p>&nbsp;<\/p>\n<p>En la reuni\u00f3n virtual participaron como cada semana representantes de la Guardia Nacional, Sedena, Polic\u00eda Municipal, Secretar\u00eda de Bienestar, Fiscal\u00eda General de la Rep\u00fablica, Protecci\u00f3n Civil Estatal, Comisi\u00f3n de Derechos Humanos del Estado de Yucat\u00e1n (Codhey) y el Centro Nacional de Inteligencia (C.N.I), quienes presentaron los reportes afines a su competencia sin que exista delitos de alto impacto.<\/p>\n","protected":false},"excerpt":{"rendered":"<p>&nbsp; M\u00e9rida, Yucat\u00e1n a 1 de abril de 2022.- Para preservar la armon\u00eda y la paz social en el Municipio, el Ayuntamiento de M\u00e9rida y la sociedad trabajan en conjunto con las dependencias de Seguridad de los tres niveles de gobierno para mantener la ciudad entre las m\u00e1s tranquilas del pa\u00eds. &nbsp; El Alcalde, Ren\u00e1n [&hellip;]<\/p>\n","protected":false},"author":2,"featured_media":90417,"comment_status":"closed","ping_status":"closed","sticky":false,"template":"","format":"standard","meta":{"footnotes":""},"categories":[2],"tags":[],"class_list":{"0":"post-90416","1":"post","2":"type-post","3":"status-publish","4":"format-standard","5":"has-post-thumbnail","7":"category-merida"},"yoast_head":"<!-- This site is optimized with the Yoast SEO plugin v27.5 - https:\/\/yoast.com\/product\/yoast-seo-wordpress\/ -->\n<title>El trabajo coordinado y la participaci\u00f3n de todas y todos, ha permitido que M\u00e9rida contin\u00fae siendo una ciudad segura - Yucat\u00e1n en corto<\/title>\n<meta name=\"robots\" content=\"index, follow, max-snippet:-1, max-image-preview:large, max-video-preview:-1\" \/>\n<link rel=\"canonical\" href=\"https:\/\/www.yucatanencorto.com\/noticias\/el-trabajo-coordinado-y-la-participacion-de-todas-y-todos-ha-permitido-que-merida-continue-siendo-una-ciudad-segura\/\" \/>\n<meta property=\"og:locale\" content=\"es_ES\" \/>\n<meta property=\"og:type\" content=\"article\" \/>\n<meta property=\"og:title\" content=\"El trabajo coordinado y la participaci\u00f3n de todas y todos, ha permitido que M\u00e9rida contin\u00fae siendo una ciudad segura - Yucat\u00e1n en corto\" \/>\n<meta property=\"og:description\" content=\"&nbsp; M\u00e9rida, Yucat\u00e1n a 1 de abril de 2022.- Para preservar la armon\u00eda y la paz social en el Municipio, el Ayuntamiento de M\u00e9rida y la sociedad trabajan en conjunto con las dependencias de Seguridad de los tres niveles de gobierno para mantener la ciudad entre las m\u00e1s tranquilas del pa\u00eds. &nbsp; El Alcalde, Ren\u00e1n [&hellip;]\" \/>\n<meta property=\"og:url\" content=\"https:\/\/www.yucatanencorto.com\/noticias\/el-trabajo-coordinado-y-la-participacion-de-todas-y-todos-ha-permitido-que-merida-continue-siendo-una-ciudad-segura\/\" \/>\n<meta property=\"og:site_name\" content=\"Yucat\u00e1n en corto\" \/>\n<meta property=\"article:publisher\" content=\"http:\/\/www.facebook.com\/yucatanencorto\" \/>\n<meta property=\"article:published_time\" content=\"2022-04-02T03:30:51+00:00\" \/>\n<meta property=\"og:image\" content=\"https:\/\/www.yucatanencorto.com\/noticias\/wp-content\/uploads\/2022\/04\/Seguridad-scaled.jpeg\" \/>\n\t<meta property=\"og:image:width\" content=\"768\" \/>\n\t<meta property=\"og:image:height\" content=\"512\" \/>\n\t<meta property=\"og:image:type\" content=\"image\/jpeg\" \/>\n<meta name=\"author\" content=\"Yucat\u00e1n en Corto FC\" \/>\n<meta name=\"twitter:card\" content=\"summary_large_image\" \/>\n<meta name=\"twitter:creator\" content=\"@yucatanencorto\" \/>\n<meta name=\"twitter:site\" content=\"@yucatanencorto\" \/>\n<meta name=\"twitter:label1\" content=\"Escrito por\" \/>\n\t<meta name=\"twitter:data1\" content=\"Yucat\u00e1n en Corto FC\" \/>\n\t<meta name=\"twitter:label2\" content=\"Tiempo de lectura\" \/>\n\t<meta name=\"twitter:data2\" content=\"3 minutos\" \/>\n<script type=\"application\/ld+json\" class=\"yoast-schema-graph\">{\"@context\":\"https:\\\/\\\/schema.org\",\"@graph\":[{\"@type\":\"Article\",\"@id\":\"https:\\\/\\\/www.yucatanencorto.com\\\/noticias\\\/el-trabajo-coordinado-y-la-participacion-de-todas-y-todos-ha-permitido-que-merida-continue-siendo-una-ciudad-segura\\\/#article\",\"isPartOf\":{\"@id\":\"https:\\\/\\\/www.yucatanencorto.com\\\/noticias\\\/el-trabajo-coordinado-y-la-participacion-de-todas-y-todos-ha-permitido-que-merida-continue-siendo-una-ciudad-segura\\\/\"},\"author\":{\"name\":\"Yucat\u00e1n en Corto FC\",\"@id\":\"https:\\\/\\\/www.yucatanencorto.com\\\/noticias\\\/#\\\/schema\\\/person\\\/14f82d355225a1f4075dd84a31f45a72\"},\"headline\":\"El trabajo coordinado y la participaci\u00f3n de todas y todos, ha permitido que M\u00e9rida contin\u00fae siendo una ciudad segura\",\"datePublished\":\"2022-04-02T03:30:51+00:00\",\"mainEntityOfPage\":{\"@id\":\"https:\\\/\\\/www.yucatanencorto.com\\\/noticias\\\/el-trabajo-coordinado-y-la-participacion-de-todas-y-todos-ha-permitido-que-merida-continue-siendo-una-ciudad-segura\\\/\"},\"wordCount\":606,\"image\":{\"@id\":\"https:\\\/\\\/www.yucatanencorto.com\\\/noticias\\\/el-trabajo-coordinado-y-la-participacion-de-todas-y-todos-ha-permitido-que-merida-continue-siendo-una-ciudad-segura\\\/#primaryimage\"},\"thumbnailUrl\":\"https:\\\/\\\/www.yucatanencorto.com\\\/noticias\\\/wp-content\\\/uploads\\\/2022\\\/04\\\/Seguridad-scaled.jpeg\",\"articleSection\":[\"M\u00e9rida\"],\"inLanguage\":\"es\"},{\"@type\":\"WebPage\",\"@id\":\"https:\\\/\\\/www.yucatanencorto.com\\\/noticias\\\/el-trabajo-coordinado-y-la-participacion-de-todas-y-todos-ha-permitido-que-merida-continue-siendo-una-ciudad-segura\\\/\",\"url\":\"https:\\\/\\\/www.yucatanencorto.com\\\/noticias\\\/el-trabajo-coordinado-y-la-participacion-de-todas-y-todos-ha-permitido-que-merida-continue-siendo-una-ciudad-segura\\\/\",\"name\":\"El trabajo coordinado y la participaci\u00f3n de todas y todos, ha permitido que M\u00e9rida contin\u00fae siendo una ciudad segura - Yucat\u00e1n en corto\",\"isPartOf\":{\"@id\":\"https:\\\/\\\/www.yucatanencorto.com\\\/noticias\\\/#website\"},\"primaryImageOfPage\":{\"@id\":\"https:\\\/\\\/www.yucatanencorto.com\\\/noticias\\\/el-trabajo-coordinado-y-la-participacion-de-todas-y-todos-ha-permitido-que-merida-continue-siendo-una-ciudad-segura\\\/#primaryimage\"},\"image\":{\"@id\":\"https:\\\/\\\/www.yucatanencorto.com\\\/noticias\\\/el-trabajo-coordinado-y-la-participacion-de-todas-y-todos-ha-permitido-que-merida-continue-siendo-una-ciudad-segura\\\/#primaryimage\"},\"thumbnailUrl\":\"https:\\\/\\\/www.yucatanencorto.com\\\/noticias\\\/wp-content\\\/uploads\\\/2022\\\/04\\\/Seguridad-scaled.jpeg\",\"datePublished\":\"2022-04-02T03:30:51+00:00\",\"author\":{\"@id\":\"https:\\\/\\\/www.yucatanencorto.com\\\/noticias\\\/#\\\/schema\\\/person\\\/14f82d355225a1f4075dd84a31f45a72\"},\"breadcrumb\":{\"@id\":\"https:\\\/\\\/www.yucatanencorto.com\\\/noticias\\\/el-trabajo-coordinado-y-la-participacion-de-todas-y-todos-ha-permitido-que-merida-continue-siendo-una-ciudad-segura\\\/#breadcrumb\"},\"inLanguage\":\"es\",\"potentialAction\":[{\"@type\":\"ReadAction\",\"target\":[\"https:\\\/\\\/www.yucatanencorto.com\\\/noticias\\\/el-trabajo-coordinado-y-la-participacion-de-todas-y-todos-ha-permitido-que-merida-continue-siendo-una-ciudad-segura\\\/\"]}]},{\"@type\":\"ImageObject\",\"inLanguage\":\"es\",\"@id\":\"https:\\\/\\\/www.yucatanencorto.com\\\/noticias\\\/el-trabajo-coordinado-y-la-participacion-de-todas-y-todos-ha-permitido-que-merida-continue-siendo-una-ciudad-segura\\\/#primaryimage\",\"url\":\"https:\\\/\\\/www.yucatanencorto.com\\\/noticias\\\/wp-content\\\/uploads\\\/2022\\\/04\\\/Seguridad-scaled.jpeg\",\"contentUrl\":\"https:\\\/\\\/www.yucatanencorto.com\\\/noticias\\\/wp-content\\\/uploads\\\/2022\\\/04\\\/Seguridad-scaled.jpeg\",\"width\":768,\"height\":512},{\"@type\":\"BreadcrumbList\",\"@id\":\"https:\\\/\\\/www.yucatanencorto.com\\\/noticias\\\/el-trabajo-coordinado-y-la-participacion-de-todas-y-todos-ha-permitido-que-merida-continue-siendo-una-ciudad-segura\\\/#breadcrumb\",\"itemListElement\":[{\"@type\":\"ListItem\",\"position\":1,\"name\":\"Portada\",\"item\":\"https:\\\/\\\/www.yucatanencorto.com\\\/noticias\\\/\"},{\"@type\":\"ListItem\",\"position\":2,\"name\":\"El trabajo coordinado y la participaci\u00f3n de todas y todos, ha permitido que M\u00e9rida contin\u00fae siendo una ciudad segura\"}]},{\"@type\":\"WebSite\",\"@id\":\"https:\\\/\\\/www.yucatanencorto.com\\\/noticias\\\/#website\",\"url\":\"https:\\\/\\\/www.yucatanencorto.com\\\/noticias\\\/\",\"name\":\"Yucat\u00e1n en corto\",\"description\":\"Noticias\",\"potentialAction\":[{\"@type\":\"SearchAction\",\"target\":{\"@type\":\"EntryPoint\",\"urlTemplate\":\"https:\\\/\\\/www.yucatanencorto.com\\\/noticias\\\/?s={search_term_string}\"},\"query-input\":{\"@type\":\"PropertyValueSpecification\",\"valueRequired\":true,\"valueName\":\"search_term_string\"}}],\"inLanguage\":\"es\"},{\"@type\":\"Person\",\"@id\":\"https:\\\/\\\/www.yucatanencorto.com\\\/noticias\\\/#\\\/schema\\\/person\\\/14f82d355225a1f4075dd84a31f45a72\",\"name\":\"Yucat\u00e1n en Corto FC\",\"image\":{\"@type\":\"ImageObject\",\"inLanguage\":\"es\",\"@id\":\"https:\\\/\\\/secure.gravatar.com\\\/avatar\\\/147d4b30cd728c53c29c49a3f7834dedca33707f4cd259761355846009a88250?s=96&d=mm&r=g\",\"url\":\"https:\\\/\\\/secure.gravatar.com\\\/avatar\\\/147d4b30cd728c53c29c49a3f7834dedca33707f4cd259761355846009a88250?s=96&d=mm&r=g\",\"contentUrl\":\"https:\\\/\\\/secure.gravatar.com\\\/avatar\\\/147d4b30cd728c53c29c49a3f7834dedca33707f4cd259761355846009a88250?s=96&d=mm&r=g\",\"caption\":\"Yucat\u00e1n en Corto FC\"},\"url\":\"https:\\\/\\\/www.yucatanencorto.com\\\/noticias\\\/author\\\/flor\\\/\"}]}<\/script>\n<!-- \/ Yoast SEO plugin. -->","yoast_head_json":{"title":"El trabajo coordinado y la participaci\u00f3n de todas y todos, ha permitido que M\u00e9rida contin\u00fae siendo una ciudad segura - Yucat\u00e1n en corto","robots":{"index":"index","follow":"follow","max-snippet":"max-snippet:-1","max-image-preview":"max-image-preview:large","max-video-preview":"max-video-preview:-1"},"canonical":"https:\/\/www.yucatanencorto.com\/noticias\/el-trabajo-coordinado-y-la-participacion-de-todas-y-todos-ha-permitido-que-merida-continue-siendo-una-ciudad-segura\/","og_locale":"es_ES","og_type":"article","og_title":"El trabajo coordinado y la participaci\u00f3n de todas y todos, ha permitido que M\u00e9rida contin\u00fae siendo una ciudad segura - Yucat\u00e1n en corto","og_description":"&nbsp; M\u00e9rida, Yucat\u00e1n a 1 de abril de 2022.- Para preservar la armon\u00eda y la paz social en el Municipio, el Ayuntamiento de M\u00e9rida y la sociedad trabajan en conjunto con las dependencias de Seguridad de los tres niveles de gobierno para mantener la ciudad entre las m\u00e1s tranquilas del pa\u00eds. &nbsp; El Alcalde, Ren\u00e1n [&hellip;]","og_url":"https:\/\/www.yucatanencorto.com\/noticias\/el-trabajo-coordinado-y-la-participacion-de-todas-y-todos-ha-permitido-que-merida-continue-siendo-una-ciudad-segura\/","og_site_name":"Yucat\u00e1n en corto","article_publisher":"http:\/\/www.facebook.com\/yucatanencorto","article_published_time":"2022-04-02T03:30:51+00:00","og_image":[{"width":768,"height":512,"url":"https:\/\/www.yucatanencorto.com\/noticias\/wp-content\/uploads\/2022\/04\/Seguridad-scaled.jpeg","type":"image\/jpeg"}],"author":"Yucat\u00e1n en Corto FC","twitter_card":"summary_large_image","twitter_creator":"@yucatanencorto","twitter_site":"@yucatanencorto","twitter_misc":{"Escrito por":"Yucat\u00e1n en Corto FC","Tiempo de lectura":"3 minutos"},"schema":{"@context":"https:\/\/schema.org","@graph":[{"@type":"Article","@id":"https:\/\/www.yucatanencorto.com\/noticias\/el-trabajo-coordinado-y-la-participacion-de-todas-y-todos-ha-permitido-que-merida-continue-siendo-una-ciudad-segura\/#article","isPartOf":{"@id":"https:\/\/www.yucatanencorto.com\/noticias\/el-trabajo-coordinado-y-la-participacion-de-todas-y-todos-ha-permitido-que-merida-continue-siendo-una-ciudad-segura\/"},"author":{"name":"Yucat\u00e1n en Corto FC","@id":"https:\/\/www.yucatanencorto.com\/noticias\/#\/schema\/person\/14f82d355225a1f4075dd84a31f45a72"},"headline":"El trabajo coordinado y la participaci\u00f3n de todas y todos, ha permitido que M\u00e9rida contin\u00fae siendo una ciudad segura","datePublished":"2022-04-02T03:30:51+00:00","mainEntityOfPage":{"@id":"https:\/\/www.yucatanencorto.com\/noticias\/el-trabajo-coordinado-y-la-participacion-de-todas-y-todos-ha-permitido-que-merida-continue-siendo-una-ciudad-segura\/"},"wordCount":606,"image":{"@id":"https:\/\/www.yucatanencorto.com\/noticias\/el-trabajo-coordinado-y-la-participacion-de-todas-y-todos-ha-permitido-que-merida-continue-siendo-una-ciudad-segura\/#primaryimage"},"thumbnailUrl":"https:\/\/www.yucatanencorto.com\/noticias\/wp-content\/uploads\/2022\/04\/Seguridad-scaled.jpeg","articleSection":["M\u00e9rida"],"inLanguage":"es"},{"@type":"WebPage","@id":"https:\/\/www.yucatanencorto.com\/noticias\/el-trabajo-coordinado-y-la-participacion-de-todas-y-todos-ha-permitido-que-merida-continue-siendo-una-ciudad-segura\/","url":"https:\/\/www.yucatanencorto.com\/noticias\/el-trabajo-coordinado-y-la-participacion-de-todas-y-todos-ha-permitido-que-merida-continue-siendo-una-ciudad-segura\/","name":"El trabajo coordinado y la participaci\u00f3n de todas y todos, ha permitido que M\u00e9rida contin\u00fae siendo una ciudad segura - Yucat\u00e1n en corto","isPartOf":{"@id":"https:\/\/www.yucatanencorto.com\/noticias\/#website"},"primaryImageOfPage":{"@id":"https:\/\/www.yucatanencorto.com\/noticias\/el-trabajo-coordinado-y-la-participacion-de-todas-y-todos-ha-permitido-que-merida-continue-siendo-una-ciudad-segura\/#primaryimage"},"image":{"@id":"https:\/\/www.yucatanencorto.com\/noticias\/el-trabajo-coordinado-y-la-participacion-de-todas-y-todos-ha-permitido-que-merida-continue-siendo-una-ciudad-segura\/#primaryimage"},"thumbnailUrl":"https:\/\/www.yucatanencorto.com\/noticias\/wp-content\/uploads\/2022\/04\/Seguridad-scaled.jpeg","datePublished":"2022-04-02T03:30:51+00:00","author":{"@id":"https:\/\/www.yucatanencorto.com\/noticias\/#\/schema\/person\/14f82d355225a1f4075dd84a31f45a72"},"breadcrumb":{"@id":"https:\/\/www.yucatanencorto.com\/noticias\/el-trabajo-coordinado-y-la-participacion-de-todas-y-todos-ha-permitido-que-merida-continue-siendo-una-ciudad-segura\/#breadcrumb"},"inLanguage":"es","potentialAction":[{"@type":"ReadAction","target":["https:\/\/www.yucatanencorto.com\/noticias\/el-trabajo-coordinado-y-la-participacion-de-todas-y-todos-ha-permitido-que-merida-continue-siendo-una-ciudad-segura\/"]}]},{"@type":"ImageObject","inLanguage":"es","@id":"https:\/\/www.yucatanencorto.com\/noticias\/el-trabajo-coordinado-y-la-participacion-de-todas-y-todos-ha-permitido-que-merida-continue-siendo-una-ciudad-segura\/#primaryimage","url":"https:\/\/www.yucatanencorto.com\/noticias\/wp-content\/uploads\/2022\/04\/Seguridad-scaled.jpeg","contentUrl":"https:\/\/www.yucatanencorto.com\/noticias\/wp-content\/uploads\/2022\/04\/Seguridad-scaled.jpeg","width":768,"height":512},{"@type":"BreadcrumbList","@id":"https:\/\/www.yucatanencorto.com\/noticias\/el-trabajo-coordinado-y-la-participacion-de-todas-y-todos-ha-permitido-que-merida-continue-siendo-una-ciudad-segura\/#breadcrumb","itemListElement":[{"@type":"ListItem","position":1,"name":"Portada","item":"https:\/\/www.yucatanencorto.com\/noticias\/"},{"@type":"ListItem","position":2,"name":"El trabajo coordinado y la participaci\u00f3n de todas y todos, ha permitido que M\u00e9rida contin\u00fae siendo una ciudad segura"}]},{"@type":"WebSite","@id":"https:\/\/www.yucatanencorto.com\/noticias\/#website","url":"https:\/\/www.yucatanencorto.com\/noticias\/","name":"Yucat\u00e1n en corto","description":"Noticias","potentialAction":[{"@type":"SearchAction","target":{"@type":"EntryPoint","urlTemplate":"https:\/\/www.yucatanencorto.com\/noticias\/?s={search_term_string}"},"query-input":{"@type":"PropertyValueSpecification","valueRequired":true,"valueName":"search_term_string"}}],"inLanguage":"es"},{"@type":"Person","@id":"https:\/\/www.yucatanencorto.com\/noticias\/#\/schema\/person\/14f82d355225a1f4075dd84a31f45a72","name":"Yucat\u00e1n en Corto FC","image":{"@type":"ImageObject","inLanguage":"es","@id":"https:\/\/secure.gravatar.com\/avatar\/147d4b30cd728c53c29c49a3f7834dedca33707f4cd259761355846009a88250?s=96&d=mm&r=g","url":"https:\/\/secure.gravatar.com\/avatar\/147d4b30cd728c53c29c49a3f7834dedca33707f4cd259761355846009a88250?s=96&d=mm&r=g","contentUrl":"https:\/\/secure.gravatar.com\/avatar\/147d4b30cd728c53c29c49a3f7834dedca33707f4cd259761355846009a88250?s=96&d=mm&r=g","caption":"Yucat\u00e1n en Corto FC"},"url":"https:\/\/www.yucatanencorto.com\/noticias\/author\/flor\/"}]}},"_links":{"self":[{"href":"https:\/\/www.yucatanencorto.com\/noticias\/wp-json\/wp\/v2\/posts\/90416","targetHints":{"allow":["GET"]}}],"collection":[{"href":"https:\/\/www.yucatanencorto.com\/noticias\/wp-json\/wp\/v2\/posts"}],"about":[{"href":"https:\/\/www.yucatanencorto.com\/noticias\/wp-json\/wp\/v2\/types\/post"}],"author":[{"embeddable":true,"href":"https:\/\/www.yucatanencorto.com\/noticias\/wp-json\/wp\/v2\/users\/2"}],"replies":[{"embeddable":true,"href":"https:\/\/www.yucatanencorto.com\/noticias\/wp-json\/wp\/v2\/comments?post=90416"}],"version-history":[{"count":0,"href":"https:\/\/www.yucatanencorto.com\/noticias\/wp-json\/wp\/v2\/posts\/90416\/revisions"}],"wp:featuredmedia":[{"embeddable":true,"href":"https:\/\/www.yucatanencorto.com\/noticias\/wp-json\/wp\/v2\/media\/90417"}],"wp:attachment":[{"href":"https:\/\/www.yucatanencorto.com\/noticias\/wp-json\/wp\/v2\/media?parent=90416"}],"wp:term":[{"taxonomy":"category","embeddable":true,"href":"https:\/\/www.yucatanencorto.com\/noticias\/wp-json\/wp\/v2\/categories?post=90416"},{"taxonomy":"post_tag","embeddable":true,"href":"https:\/\/www.yucatanencorto.com\/noticias\/wp-json\/wp\/v2\/tags?post=90416"}],"curies":[{"name":"wp","href":"https:\/\/api.w.org\/{rel}","templated":true}]}}