{"id":90419,"date":"2022-04-02T11:47:24","date_gmt":"2022-04-02T17:47:24","guid":{"rendered":"https:\/\/www.yucatanencorto.com\/noticias\/?p=90419"},"modified":"2022-04-02T11:47:24","modified_gmt":"2022-04-02T17:47:24","slug":"belinda-confiesa-su-gusto-por-el-anime-death-note-es-mi-favorito","status":"publish","type":"post","link":"https:\/\/www.yucatanencorto.com\/noticias\/belinda-confiesa-su-gusto-por-el-anime-death-note-es-mi-favorito\/","title":{"rendered":"Belinda confiesa su gusto por el anime: \u201cDeath Note es mi favorito\u201d"},"content":{"rendered":"<p data-t=\"{&quot;n&quot;:&quot;blueLinks&quot;}\"><img loading=\"lazy\" decoding=\"async\" class=\"alignnone size-full wp-image-90420\" src=\"https:\/\/www.yucatanencorto.com\/noticias\/wp-content\/uploads\/2022\/04\/belinda-elle-scaled.jpg\" alt=\"\" width=\"687\" height=\"768\" srcset=\"https:\/\/www.yucatanencorto.com\/noticias\/wp-content\/uploads\/2022\/04\/belinda-elle-scaled.jpg 687w, https:\/\/www.yucatanencorto.com\/noticias\/wp-content\/uploads\/2022\/04\/belinda-elle-768x858.jpg 768w, https:\/\/www.yucatanencorto.com\/noticias\/wp-content\/uploads\/2022\/04\/belinda-elle-696x778.jpg 696w, https:\/\/www.yucatanencorto.com\/noticias\/wp-content\/uploads\/2022\/04\/belinda-elle-1068x1194.jpg 1068w, https:\/\/www.yucatanencorto.com\/noticias\/wp-content\/uploads\/2022\/04\/belinda-elle-376x420.jpg 376w\" sizes=\"auto, (max-width: 687px) 100vw, 687px\" \/><\/p>\n<p data-t=\"{&quot;n&quot;:&quot;blueLinks&quot;}\">El a\u00f1o pasado, durante el cumplea\u00f1os de Christian Nodal,\u00a0Belinda\u00a0dio pistas de su\u00a0gusto por el anime, pues a su entonces novio lo sorprendi\u00f3 con\u00a0pasteles de\u00a0<i>One Piece\u00a0<\/i>y\u00a0<i>Death Note,<\/i>\u00a0pero hace unos d\u00edas la cantante habl\u00f3 directamente de su fanatismo por este tipo de contenidos.<\/p>\n<p data-t=\"{&quot;n&quot;:&quot;blueLinks&quot;}\">En entrevista para un programa espa\u00f1ol con motivo de la serie que protagonizar\u00e1 para Netflix,\u00a0<i>Bienvenidos a Ed\u00e9n<\/i>, la actriz dijo que\u00a0Ryuk es su personaje favorito,\u00a0esto luego de que la entrevistadora le pregunt\u00f3 por el tuit que comparti\u00f3 el pasado 2 de marzo con una imagen de\u00a0Jigglypuff, de Pok\u00e9mon.<\/p>\n<p>\u201cMe encanta el anime, en general me gusta mucho, soy s\u00faper fan.\u00a0<i>Death Note<\/i>\u00a0es mi favorito, Ryuk es uno de mis personajes favoritos en la vida.\u00a0<i>One Piece, Pok\u00e9mon\u00a0<\/i>obviamente.\u00a0Me gusta mucho el anime\u201d, cont\u00f3 Belinda.<\/p>\n<p data-t=\"{&quot;n&quot;:&quot;blueLinks&quot;}\">Luego, la cantante le pregunt\u00f3 a su interlocutora: \u201c\u00bfCu\u00e1l es tu anime favorito?\u201d, a lo que ella coincidi\u00f3 que tambi\u00e9n Death Note.<\/p>\n<p>\u201c\u00bfTe gusta\u00a0<i>Death Note<\/i>? Eres de los m\u00edos y no todo mundo le entiende. Yo de repente digo: \u2018M\u00edrate\u00a0<i>Death Note<\/i>\u2019 y me dicen: \u2018\u00bfQu\u00e9 es eso?\u2019\u201d, dijo Belinda notablemente emocionada.<\/p>\n<p data-t=\"{&quot;n&quot;:&quot;blueLinks&quot;}\">Asimismo, detall\u00f3 que le gusta el personaje de Ryuk porque es \u201cmuy oscuro, me encanta: tiene esa parte oscura, pero cae bien, lo quieres. \u00a1Y como le gustan las manzanas!\u201d.<\/p>\n<p>\u201cDe hecho, en Ed\u00e9n hay una escena donde muerdo la manzana e inmediatamente que hice esa escena pens\u00e9 en Ryuk y su amor por las manzanas\u2026 cuando estaba haciendo esa escena, dice \u2018Mi inspiraci\u00f3n, Ryuk\u2019\u201d, confes\u00f3 la celebridad.<\/p>\n<p>Fuente: Milenio Digital<\/p>\n","protected":false},"excerpt":{"rendered":"<p>El a\u00f1o pasado, durante el cumplea\u00f1os de Christian Nodal,\u00a0Belinda\u00a0dio pistas de su\u00a0gusto por el anime, pues a su entonces novio lo sorprendi\u00f3 con\u00a0pasteles de\u00a0One Piece\u00a0y\u00a0Death Note,\u00a0pero hace unos d\u00edas la cantante habl\u00f3 directamente de su fanatismo por este tipo de contenidos. En entrevista para un programa espa\u00f1ol con motivo de la serie que protagonizar\u00e1 para [&hellip;]<\/p>\n","protected":false},"author":2,"featured_media":90420,"comment_status":"closed","ping_status":"closed","sticky":false,"template":"","format":"standard","meta":{"footnotes":""},"categories":[9],"tags":[],"class_list":{"0":"post-90419","1":"post","2":"type-post","3":"status-publish","4":"format-standard","5":"has-post-thumbnail","7":"category-sociedad-y-espectaculos"},"yoast_head":"<!-- This site is optimized with the Yoast SEO plugin v27.5 - https:\/\/yoast.com\/product\/yoast-seo-wordpress\/ -->\n<title>Belinda confiesa su gusto por el anime: \u201cDeath Note es mi favorito\u201d - Yucat\u00e1n en corto<\/title>\n<meta name=\"robots\" content=\"index, follow, max-snippet:-1, max-image-preview:large, max-video-preview:-1\" \/>\n<link rel=\"canonical\" href=\"https:\/\/www.yucatanencorto.com\/noticias\/belinda-confiesa-su-gusto-por-el-anime-death-note-es-mi-favorito\/\" \/>\n<meta property=\"og:locale\" content=\"es_ES\" \/>\n<meta property=\"og:type\" content=\"article\" \/>\n<meta property=\"og:title\" content=\"Belinda confiesa su gusto por el anime: \u201cDeath Note es mi favorito\u201d - Yucat\u00e1n en corto\" \/>\n<meta property=\"og:description\" content=\"El a\u00f1o pasado, durante el cumplea\u00f1os de Christian Nodal,\u00a0Belinda\u00a0dio pistas de su\u00a0gusto por el anime, pues a su entonces novio lo sorprendi\u00f3 con\u00a0pasteles de\u00a0One Piece\u00a0y\u00a0Death Note,\u00a0pero hace unos d\u00edas la cantante habl\u00f3 directamente de su fanatismo por este tipo de contenidos. En entrevista para un programa espa\u00f1ol con motivo de la serie que protagonizar\u00e1 para [&hellip;]\" \/>\n<meta property=\"og:url\" content=\"https:\/\/www.yucatanencorto.com\/noticias\/belinda-confiesa-su-gusto-por-el-anime-death-note-es-mi-favorito\/\" \/>\n<meta property=\"og:site_name\" content=\"Yucat\u00e1n en corto\" \/>\n<meta property=\"article:publisher\" content=\"http:\/\/www.facebook.com\/yucatanencorto\" \/>\n<meta property=\"article:published_time\" content=\"2022-04-02T17:47:24+00:00\" \/>\n<meta property=\"og:image\" content=\"https:\/\/www.yucatanencorto.com\/noticias\/wp-content\/uploads\/2022\/04\/belinda-elle-scaled.jpg\" \/>\n\t<meta property=\"og:image:width\" content=\"687\" \/>\n\t<meta property=\"og:image:height\" content=\"768\" \/>\n\t<meta property=\"og:image:type\" content=\"image\/jpeg\" \/>\n<meta name=\"author\" content=\"Yucat\u00e1n en Corto FC\" \/>\n<meta name=\"twitter:card\" content=\"summary_large_image\" \/>\n<meta name=\"twitter:creator\" content=\"@yucatanencorto\" \/>\n<meta name=\"twitter:site\" content=\"@yucatanencorto\" \/>\n<meta name=\"twitter:label1\" content=\"Escrito por\" \/>\n\t<meta name=\"twitter:data1\" content=\"Yucat\u00e1n en Corto FC\" \/>\n\t<meta name=\"twitter:label2\" content=\"Tiempo de lectura\" \/>\n\t<meta name=\"twitter:data2\" content=\"2 minutos\" \/>\n<script type=\"application\/ld+json\" class=\"yoast-schema-graph\">{\"@context\":\"https:\\\/\\\/schema.org\",\"@graph\":[{\"@type\":\"Article\",\"@id\":\"https:\\\/\\\/www.yucatanencorto.com\\\/noticias\\\/belinda-confiesa-su-gusto-por-el-anime-death-note-es-mi-favorito\\\/#article\",\"isPartOf\":{\"@id\":\"https:\\\/\\\/www.yucatanencorto.com\\\/noticias\\\/belinda-confiesa-su-gusto-por-el-anime-death-note-es-mi-favorito\\\/\"},\"author\":{\"name\":\"Yucat\u00e1n en Corto FC\",\"@id\":\"https:\\\/\\\/www.yucatanencorto.com\\\/noticias\\\/#\\\/schema\\\/person\\\/14f82d355225a1f4075dd84a31f45a72\"},\"headline\":\"Belinda confiesa su gusto por el anime: \u201cDeath Note es mi favorito\u201d\",\"datePublished\":\"2022-04-02T17:47:24+00:00\",\"mainEntityOfPage\":{\"@id\":\"https:\\\/\\\/www.yucatanencorto.com\\\/noticias\\\/belinda-confiesa-su-gusto-por-el-anime-death-note-es-mi-favorito\\\/\"},\"wordCount\":288,\"image\":{\"@id\":\"https:\\\/\\\/www.yucatanencorto.com\\\/noticias\\\/belinda-confiesa-su-gusto-por-el-anime-death-note-es-mi-favorito\\\/#primaryimage\"},\"thumbnailUrl\":\"https:\\\/\\\/www.yucatanencorto.com\\\/noticias\\\/wp-content\\\/uploads\\\/2022\\\/04\\\/belinda-elle-scaled.jpg\",\"articleSection\":[\"Sociedad y Espect\u00e1culos\"],\"inLanguage\":\"es\"},{\"@type\":\"WebPage\",\"@id\":\"https:\\\/\\\/www.yucatanencorto.com\\\/noticias\\\/belinda-confiesa-su-gusto-por-el-anime-death-note-es-mi-favorito\\\/\",\"url\":\"https:\\\/\\\/www.yucatanencorto.com\\\/noticias\\\/belinda-confiesa-su-gusto-por-el-anime-death-note-es-mi-favorito\\\/\",\"name\":\"Belinda confiesa su gusto por el anime: \u201cDeath Note es mi favorito\u201d - Yucat\u00e1n en corto\",\"isPartOf\":{\"@id\":\"https:\\\/\\\/www.yucatanencorto.com\\\/noticias\\\/#website\"},\"primaryImageOfPage\":{\"@id\":\"https:\\\/\\\/www.yucatanencorto.com\\\/noticias\\\/belinda-confiesa-su-gusto-por-el-anime-death-note-es-mi-favorito\\\/#primaryimage\"},\"image\":{\"@id\":\"https:\\\/\\\/www.yucatanencorto.com\\\/noticias\\\/belinda-confiesa-su-gusto-por-el-anime-death-note-es-mi-favorito\\\/#primaryimage\"},\"thumbnailUrl\":\"https:\\\/\\\/www.yucatanencorto.com\\\/noticias\\\/wp-content\\\/uploads\\\/2022\\\/04\\\/belinda-elle-scaled.jpg\",\"datePublished\":\"2022-04-02T17:47:24+00:00\",\"author\":{\"@id\":\"https:\\\/\\\/www.yucatanencorto.com\\\/noticias\\\/#\\\/schema\\\/person\\\/14f82d355225a1f4075dd84a31f45a72\"},\"breadcrumb\":{\"@id\":\"https:\\\/\\\/www.yucatanencorto.com\\\/noticias\\\/belinda-confiesa-su-gusto-por-el-anime-death-note-es-mi-favorito\\\/#breadcrumb\"},\"inLanguage\":\"es\",\"potentialAction\":[{\"@type\":\"ReadAction\",\"target\":[\"https:\\\/\\\/www.yucatanencorto.com\\\/noticias\\\/belinda-confiesa-su-gusto-por-el-anime-death-note-es-mi-favorito\\\/\"]}]},{\"@type\":\"ImageObject\",\"inLanguage\":\"es\",\"@id\":\"https:\\\/\\\/www.yucatanencorto.com\\\/noticias\\\/belinda-confiesa-su-gusto-por-el-anime-death-note-es-mi-favorito\\\/#primaryimage\",\"url\":\"https:\\\/\\\/www.yucatanencorto.com\\\/noticias\\\/wp-content\\\/uploads\\\/2022\\\/04\\\/belinda-elle-scaled.jpg\",\"contentUrl\":\"https:\\\/\\\/www.yucatanencorto.com\\\/noticias\\\/wp-content\\\/uploads\\\/2022\\\/04\\\/belinda-elle-scaled.jpg\",\"width\":687,\"height\":768},{\"@type\":\"BreadcrumbList\",\"@id\":\"https:\\\/\\\/www.yucatanencorto.com\\\/noticias\\\/belinda-confiesa-su-gusto-por-el-anime-death-note-es-mi-favorito\\\/#breadcrumb\",\"itemListElement\":[{\"@type\":\"ListItem\",\"position\":1,\"name\":\"Portada\",\"item\":\"https:\\\/\\\/www.yucatanencorto.com\\\/noticias\\\/\"},{\"@type\":\"ListItem\",\"position\":2,\"name\":\"Belinda confiesa su gusto por el anime: \u201cDeath Note es mi favorito\u201d\"}]},{\"@type\":\"WebSite\",\"@id\":\"https:\\\/\\\/www.yucatanencorto.com\\\/noticias\\\/#website\",\"url\":\"https:\\\/\\\/www.yucatanencorto.com\\\/noticias\\\/\",\"name\":\"Yucat\u00e1n en corto\",\"description\":\"Noticias\",\"potentialAction\":[{\"@type\":\"SearchAction\",\"target\":{\"@type\":\"EntryPoint\",\"urlTemplate\":\"https:\\\/\\\/www.yucatanencorto.com\\\/noticias\\\/?s={search_term_string}\"},\"query-input\":{\"@type\":\"PropertyValueSpecification\",\"valueRequired\":true,\"valueName\":\"search_term_string\"}}],\"inLanguage\":\"es\"},{\"@type\":\"Person\",\"@id\":\"https:\\\/\\\/www.yucatanencorto.com\\\/noticias\\\/#\\\/schema\\\/person\\\/14f82d355225a1f4075dd84a31f45a72\",\"name\":\"Yucat\u00e1n en Corto FC\",\"image\":{\"@type\":\"ImageObject\",\"inLanguage\":\"es\",\"@id\":\"https:\\\/\\\/secure.gravatar.com\\\/avatar\\\/147d4b30cd728c53c29c49a3f7834dedca33707f4cd259761355846009a88250?s=96&d=mm&r=g\",\"url\":\"https:\\\/\\\/secure.gravatar.com\\\/avatar\\\/147d4b30cd728c53c29c49a3f7834dedca33707f4cd259761355846009a88250?s=96&d=mm&r=g\",\"contentUrl\":\"https:\\\/\\\/secure.gravatar.com\\\/avatar\\\/147d4b30cd728c53c29c49a3f7834dedca33707f4cd259761355846009a88250?s=96&d=mm&r=g\",\"caption\":\"Yucat\u00e1n en Corto FC\"},\"url\":\"https:\\\/\\\/www.yucatanencorto.com\\\/noticias\\\/author\\\/flor\\\/\"}]}<\/script>\n<!-- \/ Yoast SEO plugin. -->","yoast_head_json":{"title":"Belinda confiesa su gusto por el anime: \u201cDeath Note es mi favorito\u201d - Yucat\u00e1n en corto","robots":{"index":"index","follow":"follow","max-snippet":"max-snippet:-1","max-image-preview":"max-image-preview:large","max-video-preview":"max-video-preview:-1"},"canonical":"https:\/\/www.yucatanencorto.com\/noticias\/belinda-confiesa-su-gusto-por-el-anime-death-note-es-mi-favorito\/","og_locale":"es_ES","og_type":"article","og_title":"Belinda confiesa su gusto por el anime: \u201cDeath Note es mi favorito\u201d - Yucat\u00e1n en corto","og_description":"El a\u00f1o pasado, durante el cumplea\u00f1os de Christian Nodal,\u00a0Belinda\u00a0dio pistas de su\u00a0gusto por el anime, pues a su entonces novio lo sorprendi\u00f3 con\u00a0pasteles de\u00a0One Piece\u00a0y\u00a0Death Note,\u00a0pero hace unos d\u00edas la cantante habl\u00f3 directamente de su fanatismo por este tipo de contenidos. En entrevista para un programa espa\u00f1ol con motivo de la serie que protagonizar\u00e1 para [&hellip;]","og_url":"https:\/\/www.yucatanencorto.com\/noticias\/belinda-confiesa-su-gusto-por-el-anime-death-note-es-mi-favorito\/","og_site_name":"Yucat\u00e1n en corto","article_publisher":"http:\/\/www.facebook.com\/yucatanencorto","article_published_time":"2022-04-02T17:47:24+00:00","og_image":[{"width":687,"height":768,"url":"https:\/\/www.yucatanencorto.com\/noticias\/wp-content\/uploads\/2022\/04\/belinda-elle-scaled.jpg","type":"image\/jpeg"}],"author":"Yucat\u00e1n en Corto FC","twitter_card":"summary_large_image","twitter_creator":"@yucatanencorto","twitter_site":"@yucatanencorto","twitter_misc":{"Escrito por":"Yucat\u00e1n en Corto FC","Tiempo de lectura":"2 minutos"},"schema":{"@context":"https:\/\/schema.org","@graph":[{"@type":"Article","@id":"https:\/\/www.yucatanencorto.com\/noticias\/belinda-confiesa-su-gusto-por-el-anime-death-note-es-mi-favorito\/#article","isPartOf":{"@id":"https:\/\/www.yucatanencorto.com\/noticias\/belinda-confiesa-su-gusto-por-el-anime-death-note-es-mi-favorito\/"},"author":{"name":"Yucat\u00e1n en Corto FC","@id":"https:\/\/www.yucatanencorto.com\/noticias\/#\/schema\/person\/14f82d355225a1f4075dd84a31f45a72"},"headline":"Belinda confiesa su gusto por el anime: \u201cDeath Note es mi favorito\u201d","datePublished":"2022-04-02T17:47:24+00:00","mainEntityOfPage":{"@id":"https:\/\/www.yucatanencorto.com\/noticias\/belinda-confiesa-su-gusto-por-el-anime-death-note-es-mi-favorito\/"},"wordCount":288,"image":{"@id":"https:\/\/www.yucatanencorto.com\/noticias\/belinda-confiesa-su-gusto-por-el-anime-death-note-es-mi-favorito\/#primaryimage"},"thumbnailUrl":"https:\/\/www.yucatanencorto.com\/noticias\/wp-content\/uploads\/2022\/04\/belinda-elle-scaled.jpg","articleSection":["Sociedad y Espect\u00e1culos"],"inLanguage":"es"},{"@type":"WebPage","@id":"https:\/\/www.yucatanencorto.com\/noticias\/belinda-confiesa-su-gusto-por-el-anime-death-note-es-mi-favorito\/","url":"https:\/\/www.yucatanencorto.com\/noticias\/belinda-confiesa-su-gusto-por-el-anime-death-note-es-mi-favorito\/","name":"Belinda confiesa su gusto por el anime: \u201cDeath Note es mi favorito\u201d - Yucat\u00e1n en corto","isPartOf":{"@id":"https:\/\/www.yucatanencorto.com\/noticias\/#website"},"primaryImageOfPage":{"@id":"https:\/\/www.yucatanencorto.com\/noticias\/belinda-confiesa-su-gusto-por-el-anime-death-note-es-mi-favorito\/#primaryimage"},"image":{"@id":"https:\/\/www.yucatanencorto.com\/noticias\/belinda-confiesa-su-gusto-por-el-anime-death-note-es-mi-favorito\/#primaryimage"},"thumbnailUrl":"https:\/\/www.yucatanencorto.com\/noticias\/wp-content\/uploads\/2022\/04\/belinda-elle-scaled.jpg","datePublished":"2022-04-02T17:47:24+00:00","author":{"@id":"https:\/\/www.yucatanencorto.com\/noticias\/#\/schema\/person\/14f82d355225a1f4075dd84a31f45a72"},"breadcrumb":{"@id":"https:\/\/www.yucatanencorto.com\/noticias\/belinda-confiesa-su-gusto-por-el-anime-death-note-es-mi-favorito\/#breadcrumb"},"inLanguage":"es","potentialAction":[{"@type":"ReadAction","target":["https:\/\/www.yucatanencorto.com\/noticias\/belinda-confiesa-su-gusto-por-el-anime-death-note-es-mi-favorito\/"]}]},{"@type":"ImageObject","inLanguage":"es","@id":"https:\/\/www.yucatanencorto.com\/noticias\/belinda-confiesa-su-gusto-por-el-anime-death-note-es-mi-favorito\/#primaryimage","url":"https:\/\/www.yucatanencorto.com\/noticias\/wp-content\/uploads\/2022\/04\/belinda-elle-scaled.jpg","contentUrl":"https:\/\/www.yucatanencorto.com\/noticias\/wp-content\/uploads\/2022\/04\/belinda-elle-scaled.jpg","width":687,"height":768},{"@type":"BreadcrumbList","@id":"https:\/\/www.yucatanencorto.com\/noticias\/belinda-confiesa-su-gusto-por-el-anime-death-note-es-mi-favorito\/#breadcrumb","itemListElement":[{"@type":"ListItem","position":1,"name":"Portada","item":"https:\/\/www.yucatanencorto.com\/noticias\/"},{"@type":"ListItem","position":2,"name":"Belinda confiesa su gusto por el anime: \u201cDeath Note es mi favorito\u201d"}]},{"@type":"WebSite","@id":"https:\/\/www.yucatanencorto.com\/noticias\/#website","url":"https:\/\/www.yucatanencorto.com\/noticias\/","name":"Yucat\u00e1n en corto","description":"Noticias","potentialAction":[{"@type":"SearchAction","target":{"@type":"EntryPoint","urlTemplate":"https:\/\/www.yucatanencorto.com\/noticias\/?s={search_term_string}"},"query-input":{"@type":"PropertyValueSpecification","valueRequired":true,"valueName":"search_term_string"}}],"inLanguage":"es"},{"@type":"Person","@id":"https:\/\/www.yucatanencorto.com\/noticias\/#\/schema\/person\/14f82d355225a1f4075dd84a31f45a72","name":"Yucat\u00e1n en Corto FC","image":{"@type":"ImageObject","inLanguage":"es","@id":"https:\/\/secure.gravatar.com\/avatar\/147d4b30cd728c53c29c49a3f7834dedca33707f4cd259761355846009a88250?s=96&d=mm&r=g","url":"https:\/\/secure.gravatar.com\/avatar\/147d4b30cd728c53c29c49a3f7834dedca33707f4cd259761355846009a88250?s=96&d=mm&r=g","contentUrl":"https:\/\/secure.gravatar.com\/avatar\/147d4b30cd728c53c29c49a3f7834dedca33707f4cd259761355846009a88250?s=96&d=mm&r=g","caption":"Yucat\u00e1n en Corto FC"},"url":"https:\/\/www.yucatanencorto.com\/noticias\/author\/flor\/"}]}},"_links":{"self":[{"href":"https:\/\/www.yucatanencorto.com\/noticias\/wp-json\/wp\/v2\/posts\/90419","targetHints":{"allow":["GET"]}}],"collection":[{"href":"https:\/\/www.yucatanencorto.com\/noticias\/wp-json\/wp\/v2\/posts"}],"about":[{"href":"https:\/\/www.yucatanencorto.com\/noticias\/wp-json\/wp\/v2\/types\/post"}],"author":[{"embeddable":true,"href":"https:\/\/www.yucatanencorto.com\/noticias\/wp-json\/wp\/v2\/users\/2"}],"replies":[{"embeddable":true,"href":"https:\/\/www.yucatanencorto.com\/noticias\/wp-json\/wp\/v2\/comments?post=90419"}],"version-history":[{"count":0,"href":"https:\/\/www.yucatanencorto.com\/noticias\/wp-json\/wp\/v2\/posts\/90419\/revisions"}],"wp:featuredmedia":[{"embeddable":true,"href":"https:\/\/www.yucatanencorto.com\/noticias\/wp-json\/wp\/v2\/media\/90420"}],"wp:attachment":[{"href":"https:\/\/www.yucatanencorto.com\/noticias\/wp-json\/wp\/v2\/media?parent=90419"}],"wp:term":[{"taxonomy":"category","embeddable":true,"href":"https:\/\/www.yucatanencorto.com\/noticias\/wp-json\/wp\/v2\/categories?post=90419"},{"taxonomy":"post_tag","embeddable":true,"href":"https:\/\/www.yucatanencorto.com\/noticias\/wp-json\/wp\/v2\/tags?post=90419"}],"curies":[{"name":"wp","href":"https:\/\/api.w.org\/{rel}","templated":true}]}}