{"id":90431,"date":"2022-04-02T17:22:06","date_gmt":"2022-04-02T23:22:06","guid":{"rendered":"https:\/\/www.yucatanencorto.com\/noticias\/?p=90431"},"modified":"2022-04-02T17:22:06","modified_gmt":"2022-04-02T23:22:06","slug":"el-ayuntamiento-de-merida-se-suma-al-dia-mundial-de-la-concienciacion","status":"publish","type":"post","link":"https:\/\/www.yucatanencorto.com\/noticias\/el-ayuntamiento-de-merida-se-suma-al-dia-mundial-de-la-concienciacion\/","title":{"rendered":"El Ayuntamiento de M\u00e9rida se suma al D\u00eda Mundial de la Concienciaci\u00f3n"},"content":{"rendered":"<p><img loading=\"lazy\" decoding=\"async\" class=\"alignnone size-full wp-image-90432\" src=\"https:\/\/www.yucatanencorto.com\/noticias\/wp-content\/uploads\/2022\/04\/autismo-2022-04-02-at-3.26.46-PM-scaled.jpeg\" alt=\"\" width=\"768\" height=\"512\" srcset=\"https:\/\/www.yucatanencorto.com\/noticias\/wp-content\/uploads\/2022\/04\/autismo-2022-04-02-at-3.26.46-PM-scaled.jpeg 768w, https:\/\/www.yucatanencorto.com\/noticias\/wp-content\/uploads\/2022\/04\/autismo-2022-04-02-at-3.26.46-PM-1536x1023.jpeg 1536w, https:\/\/www.yucatanencorto.com\/noticias\/wp-content\/uploads\/2022\/04\/autismo-2022-04-02-at-3.26.46-PM-696x464.jpeg 696w, https:\/\/www.yucatanencorto.com\/noticias\/wp-content\/uploads\/2022\/04\/autismo-2022-04-02-at-3.26.46-PM-1068x712.jpeg 1068w, https:\/\/www.yucatanencorto.com\/noticias\/wp-content\/uploads\/2022\/04\/autismo-2022-04-02-at-3.26.46-PM-630x420.jpeg 630w\" sizes=\"auto, (max-width: 768px) 100vw, 768px\" \/><\/p>\n<p>M\u00e9rida, Yucat\u00e1n a 2 de abril de 2022.- En la conmemoraci\u00f3n del D\u00eda Mundial de concienciaci\u00f3n sobre el Autismo, el Ayuntamiento de M\u00e9rida ilumin\u00f3 de color azul el Palacio Municipal para crear conciencia y comprensi\u00f3n de esta condici\u00f3n en el Municipio, con lo cual se contin\u00faa trabajando en la construcci\u00f3n de una ciudad m\u00e1s inclusiva, equitativa y sostenible.<\/p>\n<p>&nbsp;<\/p>\n<p>El Alcalde, Ren\u00e1n Barrera Concha, inform\u00f3 que este d\u00eda es una oportunidad para promover la uni\u00f3n de la sociedad, pero, sobre todo, para demostrar que somos una ciudad solidaria que mira m\u00e1s all\u00e1 de los prejuicios, promueve el valor de las personas y mejora su calidad de vida.<\/p>\n<p>&nbsp;<\/p>\n<p>\u201cEn M\u00e9rida trabajamos de manera articulada como una ciudad que aspira a seguir siendo incluyente y humana para atender a los grupos vulnerables, cuidando la salud y fomentando la corresponsabilidad social en temas como este que impacta a miles de familias\u201d, expres\u00f3.<\/p>\n<p>&nbsp;<\/p>\n<p>Barrera Concha dijo que es prioridad del Ayuntamiento crear estrategias que permitan ampliar el bienestar social, la equidad, la accesibilidad y el acceso oportuno a intervenciones psicosociales tempranas, construyendo un Municipio en donde participe la comunidad en estas iniciativas.<\/p>\n<p>&nbsp;<\/p>\n<p>En la ceremonia de encendido del Palacio Municipal, el secretario de la Comuna, Alejandro Ruz Castro, destac\u00f3 que el Ayuntamiento de M\u00e9rida promueve todas aquellas acciones que impulsen la salud en M\u00e9rida y la cultura de la inclusi\u00f3n y pertenencia, as\u00ed como tambi\u00e9n, la dignidad de las personas con autismo.<\/p>\n<p>&nbsp;<\/p>\n<p>En ceremonia efectuada en la Plaza Grande, la diputada federal del Congreso de la Uni\u00f3n, Federica Quijano Tapia, agradeci\u00f3 al Alcalde por promover con este acto conmemorativo sobre la importancia de hacer visibles a las personas con autismo y a sus familias.<\/p>\n<p>&nbsp;<\/p>\n<p>\u201cSer padre o madre de una persona con autismo es muy dif\u00edcil porque cuando nuestros hijos tienen una crisis, no sabemos a d\u00f3nde acudir. Los servicios m\u00e9dicos no est\u00e1n preparados para brindarles la atenci\u00f3n que requieren y eso es muy doloroso para nosotros\u201d, abund\u00f3.<\/p>\n<p>&nbsp;<\/p>\n<p>Agreg\u00f3 que como madre de un ni\u00f1o con autismo ha pasado por circunstancias dif\u00edciles, por ejemplo, ver que su hijo, como miles de ni\u00f1os con esta condici\u00f3n, no tiene acceso a la educaci\u00f3n que requieren.<\/p>\n<p>&nbsp;<\/p>\n<p>\u201cLa pandemia vino a echar atr\u00e1s a\u00f1os de avance en cuesti\u00f3n de educaci\u00f3n porque los ni\u00f1os con autismo no pueden tomar clases virtuales, necesitan de otro tipo de aprendizaje y desafortunadamente, no lo hay\u201d, se\u00f1al\u00f3.<\/p>\n<p>&nbsp;<\/p>\n<p>Al respecto, la secretaria de la Comisi\u00f3n de Derechos Humanos, Diversidad e integrante de la Comisi\u00f3n de Justicia del Congreso de la Uni\u00f3n, la diputada federal Kathia Bolio Pinelo coincidi\u00f3 en que hace falta mucho trabajo entre sociedad y gobierno para que los derechos de las personas con autismo puedan respetarse y sobre todo, para que tengan acceso a las mismas oportunidades de educaci\u00f3n, salud y \u00e1mbito laboral que los dem\u00e1s mexicanos.<\/p>\n<p>&nbsp;<\/p>\n<p>\u201cComo madre de una adolescente con autismo, les digo que est\u00e1 condici\u00f3n no s\u00f3lo la vive la persona, sino toda la familia porque a todos nos afecta esta falta de visibilidad sobre la importancia de atenci\u00f3n y comprensi\u00f3n de este padecimiento\u201d, indic\u00f3.<\/p>\n<p>&nbsp;<\/p>\n<p>Ante directivos e integrantes de asociaciones civiles relacionadas con el autismo, personas con autismo y sus familias, funcionarios municipales, el secretario municipal, Alejandro Ruz Castro, las diputadas federales Federica Quijano Tapia y Kathia Bolio Pinelo, acompa\u00f1as de sus hijos, formaron con bloques que semejaban piezas de rompecabezas, la palabra autismo, con la que se complet\u00f3 la frase: Por una sociedad unida en el autismo.<\/p>\n<p>&nbsp;<\/p>\n<p>La iluminaci\u00f3n del Palacio Municipal con el color representativo del autismo, corri\u00f3 a cargo de Sebasti\u00e1n Quijano Tapia, hijo de la diputada federal, Federica Quijano Tapia.<\/p>\n<p>&nbsp;<\/p>\n<p>Tambi\u00e9n estuvieron presentes en el evento Roberto Erosa Urbina, director de Integra Autismo Latinoamericana Sociedad Civil; Jacqueline V\u00e1zquez Lara, directora del Centro de Ayuda M\u00e9rida; la directora del DIF municipal, Silvia Sarti de Molina; la regidora Mar\u00eda Fernanda Vivas Sierra, presidenta de la Comisi\u00f3n permanente de Salud y Ecolog\u00eda; y la diputada Dafne L\u00f3pez Osorio, Presidenta de la Comisi\u00f3n de Salud y Seguridad Social del Congreso del Estado.<\/p>\n","protected":false},"excerpt":{"rendered":"<p>M\u00e9rida, Yucat\u00e1n a 2 de abril de 2022.- En la conmemoraci\u00f3n del D\u00eda Mundial de concienciaci\u00f3n sobre el Autismo, el Ayuntamiento de M\u00e9rida ilumin\u00f3 de color azul el Palacio Municipal para crear conciencia y comprensi\u00f3n de esta condici\u00f3n en el Municipio, con lo cual se contin\u00faa trabajando en la construcci\u00f3n de una ciudad m\u00e1s inclusiva, [&hellip;]<\/p>\n","protected":false},"author":2,"featured_media":90432,"comment_status":"closed","ping_status":"closed","sticky":false,"template":"","format":"standard","meta":{"footnotes":""},"categories":[2],"tags":[],"class_list":{"0":"post-90431","1":"post","2":"type-post","3":"status-publish","4":"format-standard","5":"has-post-thumbnail","7":"category-merida"},"yoast_head":"<!-- This site is optimized with the Yoast SEO plugin v27.5 - https:\/\/yoast.com\/product\/yoast-seo-wordpress\/ -->\n<title>El Ayuntamiento de M\u00e9rida se suma al D\u00eda Mundial de la Concienciaci\u00f3n - Yucat\u00e1n en corto<\/title>\n<meta name=\"robots\" content=\"index, follow, max-snippet:-1, max-image-preview:large, max-video-preview:-1\" \/>\n<link rel=\"canonical\" href=\"https:\/\/www.yucatanencorto.com\/noticias\/el-ayuntamiento-de-merida-se-suma-al-dia-mundial-de-la-concienciacion\/\" \/>\n<meta property=\"og:locale\" content=\"es_ES\" \/>\n<meta property=\"og:type\" content=\"article\" \/>\n<meta property=\"og:title\" content=\"El Ayuntamiento de M\u00e9rida se suma al D\u00eda Mundial de la Concienciaci\u00f3n - Yucat\u00e1n en corto\" \/>\n<meta property=\"og:description\" content=\"M\u00e9rida, Yucat\u00e1n a 2 de abril de 2022.- En la conmemoraci\u00f3n del D\u00eda Mundial de concienciaci\u00f3n sobre el Autismo, el Ayuntamiento de M\u00e9rida ilumin\u00f3 de color azul el Palacio Municipal para crear conciencia y comprensi\u00f3n de esta condici\u00f3n en el Municipio, con lo cual se contin\u00faa trabajando en la construcci\u00f3n de una ciudad m\u00e1s inclusiva, [&hellip;]\" \/>\n<meta property=\"og:url\" content=\"https:\/\/www.yucatanencorto.com\/noticias\/el-ayuntamiento-de-merida-se-suma-al-dia-mundial-de-la-concienciacion\/\" \/>\n<meta property=\"og:site_name\" content=\"Yucat\u00e1n en corto\" \/>\n<meta property=\"article:publisher\" content=\"http:\/\/www.facebook.com\/yucatanencorto\" \/>\n<meta property=\"article:published_time\" content=\"2022-04-02T23:22:06+00:00\" \/>\n<meta property=\"og:image\" content=\"https:\/\/www.yucatanencorto.com\/noticias\/wp-content\/uploads\/2022\/04\/autismo-2022-04-02-at-3.26.46-PM-scaled.jpeg\" \/>\n\t<meta property=\"og:image:width\" content=\"768\" \/>\n\t<meta property=\"og:image:height\" content=\"512\" \/>\n\t<meta property=\"og:image:type\" content=\"image\/jpeg\" \/>\n<meta name=\"author\" content=\"Yucat\u00e1n en Corto FC\" \/>\n<meta name=\"twitter:card\" content=\"summary_large_image\" \/>\n<meta name=\"twitter:creator\" content=\"@yucatanencorto\" \/>\n<meta name=\"twitter:site\" content=\"@yucatanencorto\" \/>\n<meta name=\"twitter:label1\" content=\"Escrito por\" \/>\n\t<meta name=\"twitter:data1\" content=\"Yucat\u00e1n en Corto FC\" \/>\n\t<meta name=\"twitter:label2\" content=\"Tiempo de lectura\" \/>\n\t<meta name=\"twitter:data2\" content=\"4 minutos\" \/>\n<script type=\"application\/ld+json\" class=\"yoast-schema-graph\">{\"@context\":\"https:\\\/\\\/schema.org\",\"@graph\":[{\"@type\":\"Article\",\"@id\":\"https:\\\/\\\/www.yucatanencorto.com\\\/noticias\\\/el-ayuntamiento-de-merida-se-suma-al-dia-mundial-de-la-concienciacion\\\/#article\",\"isPartOf\":{\"@id\":\"https:\\\/\\\/www.yucatanencorto.com\\\/noticias\\\/el-ayuntamiento-de-merida-se-suma-al-dia-mundial-de-la-concienciacion\\\/\"},\"author\":{\"name\":\"Yucat\u00e1n en Corto FC\",\"@id\":\"https:\\\/\\\/www.yucatanencorto.com\\\/noticias\\\/#\\\/schema\\\/person\\\/14f82d355225a1f4075dd84a31f45a72\"},\"headline\":\"El Ayuntamiento de M\u00e9rida se suma al D\u00eda Mundial de la Concienciaci\u00f3n\",\"datePublished\":\"2022-04-02T23:22:06+00:00\",\"mainEntityOfPage\":{\"@id\":\"https:\\\/\\\/www.yucatanencorto.com\\\/noticias\\\/el-ayuntamiento-de-merida-se-suma-al-dia-mundial-de-la-concienciacion\\\/\"},\"wordCount\":749,\"image\":{\"@id\":\"https:\\\/\\\/www.yucatanencorto.com\\\/noticias\\\/el-ayuntamiento-de-merida-se-suma-al-dia-mundial-de-la-concienciacion\\\/#primaryimage\"},\"thumbnailUrl\":\"https:\\\/\\\/www.yucatanencorto.com\\\/noticias\\\/wp-content\\\/uploads\\\/2022\\\/04\\\/autismo-2022-04-02-at-3.26.46-PM-scaled.jpeg\",\"articleSection\":[\"M\u00e9rida\"],\"inLanguage\":\"es\"},{\"@type\":\"WebPage\",\"@id\":\"https:\\\/\\\/www.yucatanencorto.com\\\/noticias\\\/el-ayuntamiento-de-merida-se-suma-al-dia-mundial-de-la-concienciacion\\\/\",\"url\":\"https:\\\/\\\/www.yucatanencorto.com\\\/noticias\\\/el-ayuntamiento-de-merida-se-suma-al-dia-mundial-de-la-concienciacion\\\/\",\"name\":\"El Ayuntamiento de M\u00e9rida se suma al D\u00eda Mundial de la Concienciaci\u00f3n - Yucat\u00e1n en corto\",\"isPartOf\":{\"@id\":\"https:\\\/\\\/www.yucatanencorto.com\\\/noticias\\\/#website\"},\"primaryImageOfPage\":{\"@id\":\"https:\\\/\\\/www.yucatanencorto.com\\\/noticias\\\/el-ayuntamiento-de-merida-se-suma-al-dia-mundial-de-la-concienciacion\\\/#primaryimage\"},\"image\":{\"@id\":\"https:\\\/\\\/www.yucatanencorto.com\\\/noticias\\\/el-ayuntamiento-de-merida-se-suma-al-dia-mundial-de-la-concienciacion\\\/#primaryimage\"},\"thumbnailUrl\":\"https:\\\/\\\/www.yucatanencorto.com\\\/noticias\\\/wp-content\\\/uploads\\\/2022\\\/04\\\/autismo-2022-04-02-at-3.26.46-PM-scaled.jpeg\",\"datePublished\":\"2022-04-02T23:22:06+00:00\",\"author\":{\"@id\":\"https:\\\/\\\/www.yucatanencorto.com\\\/noticias\\\/#\\\/schema\\\/person\\\/14f82d355225a1f4075dd84a31f45a72\"},\"breadcrumb\":{\"@id\":\"https:\\\/\\\/www.yucatanencorto.com\\\/noticias\\\/el-ayuntamiento-de-merida-se-suma-al-dia-mundial-de-la-concienciacion\\\/#breadcrumb\"},\"inLanguage\":\"es\",\"potentialAction\":[{\"@type\":\"ReadAction\",\"target\":[\"https:\\\/\\\/www.yucatanencorto.com\\\/noticias\\\/el-ayuntamiento-de-merida-se-suma-al-dia-mundial-de-la-concienciacion\\\/\"]}]},{\"@type\":\"ImageObject\",\"inLanguage\":\"es\",\"@id\":\"https:\\\/\\\/www.yucatanencorto.com\\\/noticias\\\/el-ayuntamiento-de-merida-se-suma-al-dia-mundial-de-la-concienciacion\\\/#primaryimage\",\"url\":\"https:\\\/\\\/www.yucatanencorto.com\\\/noticias\\\/wp-content\\\/uploads\\\/2022\\\/04\\\/autismo-2022-04-02-at-3.26.46-PM-scaled.jpeg\",\"contentUrl\":\"https:\\\/\\\/www.yucatanencorto.com\\\/noticias\\\/wp-content\\\/uploads\\\/2022\\\/04\\\/autismo-2022-04-02-at-3.26.46-PM-scaled.jpeg\",\"width\":768,\"height\":512},{\"@type\":\"BreadcrumbList\",\"@id\":\"https:\\\/\\\/www.yucatanencorto.com\\\/noticias\\\/el-ayuntamiento-de-merida-se-suma-al-dia-mundial-de-la-concienciacion\\\/#breadcrumb\",\"itemListElement\":[{\"@type\":\"ListItem\",\"position\":1,\"name\":\"Portada\",\"item\":\"https:\\\/\\\/www.yucatanencorto.com\\\/noticias\\\/\"},{\"@type\":\"ListItem\",\"position\":2,\"name\":\"El Ayuntamiento de M\u00e9rida se suma al D\u00eda Mundial de la Concienciaci\u00f3n\"}]},{\"@type\":\"WebSite\",\"@id\":\"https:\\\/\\\/www.yucatanencorto.com\\\/noticias\\\/#website\",\"url\":\"https:\\\/\\\/www.yucatanencorto.com\\\/noticias\\\/\",\"name\":\"Yucat\u00e1n en corto\",\"description\":\"Noticias\",\"potentialAction\":[{\"@type\":\"SearchAction\",\"target\":{\"@type\":\"EntryPoint\",\"urlTemplate\":\"https:\\\/\\\/www.yucatanencorto.com\\\/noticias\\\/?s={search_term_string}\"},\"query-input\":{\"@type\":\"PropertyValueSpecification\",\"valueRequired\":true,\"valueName\":\"search_term_string\"}}],\"inLanguage\":\"es\"},{\"@type\":\"Person\",\"@id\":\"https:\\\/\\\/www.yucatanencorto.com\\\/noticias\\\/#\\\/schema\\\/person\\\/14f82d355225a1f4075dd84a31f45a72\",\"name\":\"Yucat\u00e1n en Corto FC\",\"image\":{\"@type\":\"ImageObject\",\"inLanguage\":\"es\",\"@id\":\"https:\\\/\\\/secure.gravatar.com\\\/avatar\\\/147d4b30cd728c53c29c49a3f7834dedca33707f4cd259761355846009a88250?s=96&d=mm&r=g\",\"url\":\"https:\\\/\\\/secure.gravatar.com\\\/avatar\\\/147d4b30cd728c53c29c49a3f7834dedca33707f4cd259761355846009a88250?s=96&d=mm&r=g\",\"contentUrl\":\"https:\\\/\\\/secure.gravatar.com\\\/avatar\\\/147d4b30cd728c53c29c49a3f7834dedca33707f4cd259761355846009a88250?s=96&d=mm&r=g\",\"caption\":\"Yucat\u00e1n en Corto FC\"},\"url\":\"https:\\\/\\\/www.yucatanencorto.com\\\/noticias\\\/author\\\/flor\\\/\"}]}<\/script>\n<!-- \/ Yoast SEO plugin. -->","yoast_head_json":{"title":"El Ayuntamiento de M\u00e9rida se suma al D\u00eda Mundial de la Concienciaci\u00f3n - Yucat\u00e1n en corto","robots":{"index":"index","follow":"follow","max-snippet":"max-snippet:-1","max-image-preview":"max-image-preview:large","max-video-preview":"max-video-preview:-1"},"canonical":"https:\/\/www.yucatanencorto.com\/noticias\/el-ayuntamiento-de-merida-se-suma-al-dia-mundial-de-la-concienciacion\/","og_locale":"es_ES","og_type":"article","og_title":"El Ayuntamiento de M\u00e9rida se suma al D\u00eda Mundial de la Concienciaci\u00f3n - Yucat\u00e1n en corto","og_description":"M\u00e9rida, Yucat\u00e1n a 2 de abril de 2022.- En la conmemoraci\u00f3n del D\u00eda Mundial de concienciaci\u00f3n sobre el Autismo, el Ayuntamiento de M\u00e9rida ilumin\u00f3 de color azul el Palacio Municipal para crear conciencia y comprensi\u00f3n de esta condici\u00f3n en el Municipio, con lo cual se contin\u00faa trabajando en la construcci\u00f3n de una ciudad m\u00e1s inclusiva, [&hellip;]","og_url":"https:\/\/www.yucatanencorto.com\/noticias\/el-ayuntamiento-de-merida-se-suma-al-dia-mundial-de-la-concienciacion\/","og_site_name":"Yucat\u00e1n en corto","article_publisher":"http:\/\/www.facebook.com\/yucatanencorto","article_published_time":"2022-04-02T23:22:06+00:00","og_image":[{"width":768,"height":512,"url":"https:\/\/www.yucatanencorto.com\/noticias\/wp-content\/uploads\/2022\/04\/autismo-2022-04-02-at-3.26.46-PM-scaled.jpeg","type":"image\/jpeg"}],"author":"Yucat\u00e1n en Corto FC","twitter_card":"summary_large_image","twitter_creator":"@yucatanencorto","twitter_site":"@yucatanencorto","twitter_misc":{"Escrito por":"Yucat\u00e1n en Corto FC","Tiempo de lectura":"4 minutos"},"schema":{"@context":"https:\/\/schema.org","@graph":[{"@type":"Article","@id":"https:\/\/www.yucatanencorto.com\/noticias\/el-ayuntamiento-de-merida-se-suma-al-dia-mundial-de-la-concienciacion\/#article","isPartOf":{"@id":"https:\/\/www.yucatanencorto.com\/noticias\/el-ayuntamiento-de-merida-se-suma-al-dia-mundial-de-la-concienciacion\/"},"author":{"name":"Yucat\u00e1n en Corto FC","@id":"https:\/\/www.yucatanencorto.com\/noticias\/#\/schema\/person\/14f82d355225a1f4075dd84a31f45a72"},"headline":"El Ayuntamiento de M\u00e9rida se suma al D\u00eda Mundial de la Concienciaci\u00f3n","datePublished":"2022-04-02T23:22:06+00:00","mainEntityOfPage":{"@id":"https:\/\/www.yucatanencorto.com\/noticias\/el-ayuntamiento-de-merida-se-suma-al-dia-mundial-de-la-concienciacion\/"},"wordCount":749,"image":{"@id":"https:\/\/www.yucatanencorto.com\/noticias\/el-ayuntamiento-de-merida-se-suma-al-dia-mundial-de-la-concienciacion\/#primaryimage"},"thumbnailUrl":"https:\/\/www.yucatanencorto.com\/noticias\/wp-content\/uploads\/2022\/04\/autismo-2022-04-02-at-3.26.46-PM-scaled.jpeg","articleSection":["M\u00e9rida"],"inLanguage":"es"},{"@type":"WebPage","@id":"https:\/\/www.yucatanencorto.com\/noticias\/el-ayuntamiento-de-merida-se-suma-al-dia-mundial-de-la-concienciacion\/","url":"https:\/\/www.yucatanencorto.com\/noticias\/el-ayuntamiento-de-merida-se-suma-al-dia-mundial-de-la-concienciacion\/","name":"El Ayuntamiento de M\u00e9rida se suma al D\u00eda Mundial de la Concienciaci\u00f3n - Yucat\u00e1n en corto","isPartOf":{"@id":"https:\/\/www.yucatanencorto.com\/noticias\/#website"},"primaryImageOfPage":{"@id":"https:\/\/www.yucatanencorto.com\/noticias\/el-ayuntamiento-de-merida-se-suma-al-dia-mundial-de-la-concienciacion\/#primaryimage"},"image":{"@id":"https:\/\/www.yucatanencorto.com\/noticias\/el-ayuntamiento-de-merida-se-suma-al-dia-mundial-de-la-concienciacion\/#primaryimage"},"thumbnailUrl":"https:\/\/www.yucatanencorto.com\/noticias\/wp-content\/uploads\/2022\/04\/autismo-2022-04-02-at-3.26.46-PM-scaled.jpeg","datePublished":"2022-04-02T23:22:06+00:00","author":{"@id":"https:\/\/www.yucatanencorto.com\/noticias\/#\/schema\/person\/14f82d355225a1f4075dd84a31f45a72"},"breadcrumb":{"@id":"https:\/\/www.yucatanencorto.com\/noticias\/el-ayuntamiento-de-merida-se-suma-al-dia-mundial-de-la-concienciacion\/#breadcrumb"},"inLanguage":"es","potentialAction":[{"@type":"ReadAction","target":["https:\/\/www.yucatanencorto.com\/noticias\/el-ayuntamiento-de-merida-se-suma-al-dia-mundial-de-la-concienciacion\/"]}]},{"@type":"ImageObject","inLanguage":"es","@id":"https:\/\/www.yucatanencorto.com\/noticias\/el-ayuntamiento-de-merida-se-suma-al-dia-mundial-de-la-concienciacion\/#primaryimage","url":"https:\/\/www.yucatanencorto.com\/noticias\/wp-content\/uploads\/2022\/04\/autismo-2022-04-02-at-3.26.46-PM-scaled.jpeg","contentUrl":"https:\/\/www.yucatanencorto.com\/noticias\/wp-content\/uploads\/2022\/04\/autismo-2022-04-02-at-3.26.46-PM-scaled.jpeg","width":768,"height":512},{"@type":"BreadcrumbList","@id":"https:\/\/www.yucatanencorto.com\/noticias\/el-ayuntamiento-de-merida-se-suma-al-dia-mundial-de-la-concienciacion\/#breadcrumb","itemListElement":[{"@type":"ListItem","position":1,"name":"Portada","item":"https:\/\/www.yucatanencorto.com\/noticias\/"},{"@type":"ListItem","position":2,"name":"El Ayuntamiento de M\u00e9rida se suma al D\u00eda Mundial de la Concienciaci\u00f3n"}]},{"@type":"WebSite","@id":"https:\/\/www.yucatanencorto.com\/noticias\/#website","url":"https:\/\/www.yucatanencorto.com\/noticias\/","name":"Yucat\u00e1n en corto","description":"Noticias","potentialAction":[{"@type":"SearchAction","target":{"@type":"EntryPoint","urlTemplate":"https:\/\/www.yucatanencorto.com\/noticias\/?s={search_term_string}"},"query-input":{"@type":"PropertyValueSpecification","valueRequired":true,"valueName":"search_term_string"}}],"inLanguage":"es"},{"@type":"Person","@id":"https:\/\/www.yucatanencorto.com\/noticias\/#\/schema\/person\/14f82d355225a1f4075dd84a31f45a72","name":"Yucat\u00e1n en Corto FC","image":{"@type":"ImageObject","inLanguage":"es","@id":"https:\/\/secure.gravatar.com\/avatar\/147d4b30cd728c53c29c49a3f7834dedca33707f4cd259761355846009a88250?s=96&d=mm&r=g","url":"https:\/\/secure.gravatar.com\/avatar\/147d4b30cd728c53c29c49a3f7834dedca33707f4cd259761355846009a88250?s=96&d=mm&r=g","contentUrl":"https:\/\/secure.gravatar.com\/avatar\/147d4b30cd728c53c29c49a3f7834dedca33707f4cd259761355846009a88250?s=96&d=mm&r=g","caption":"Yucat\u00e1n en Corto FC"},"url":"https:\/\/www.yucatanencorto.com\/noticias\/author\/flor\/"}]}},"_links":{"self":[{"href":"https:\/\/www.yucatanencorto.com\/noticias\/wp-json\/wp\/v2\/posts\/90431","targetHints":{"allow":["GET"]}}],"collection":[{"href":"https:\/\/www.yucatanencorto.com\/noticias\/wp-json\/wp\/v2\/posts"}],"about":[{"href":"https:\/\/www.yucatanencorto.com\/noticias\/wp-json\/wp\/v2\/types\/post"}],"author":[{"embeddable":true,"href":"https:\/\/www.yucatanencorto.com\/noticias\/wp-json\/wp\/v2\/users\/2"}],"replies":[{"embeddable":true,"href":"https:\/\/www.yucatanencorto.com\/noticias\/wp-json\/wp\/v2\/comments?post=90431"}],"version-history":[{"count":0,"href":"https:\/\/www.yucatanencorto.com\/noticias\/wp-json\/wp\/v2\/posts\/90431\/revisions"}],"wp:featuredmedia":[{"embeddable":true,"href":"https:\/\/www.yucatanencorto.com\/noticias\/wp-json\/wp\/v2\/media\/90432"}],"wp:attachment":[{"href":"https:\/\/www.yucatanencorto.com\/noticias\/wp-json\/wp\/v2\/media?parent=90431"}],"wp:term":[{"taxonomy":"category","embeddable":true,"href":"https:\/\/www.yucatanencorto.com\/noticias\/wp-json\/wp\/v2\/categories?post=90431"},{"taxonomy":"post_tag","embeddable":true,"href":"https:\/\/www.yucatanencorto.com\/noticias\/wp-json\/wp\/v2\/tags?post=90431"}],"curies":[{"name":"wp","href":"https:\/\/api.w.org\/{rel}","templated":true}]}}