{"id":90437,"date":"2022-04-03T18:23:53","date_gmt":"2022-04-03T23:23:53","guid":{"rendered":"https:\/\/www.yucatanencorto.com\/noticias\/?p=90437"},"modified":"2022-04-03T18:23:53","modified_gmt":"2022-04-03T23:23:53","slug":"trabajan-para-mejorar-las-condiciones-de-vida-de-las-personas-mayores","status":"publish","type":"post","link":"https:\/\/www.yucatanencorto.com\/noticias\/trabajan-para-mejorar-las-condiciones-de-vida-de-las-personas-mayores\/","title":{"rendered":"Trabajan para mejorar las condiciones de vida de las personas mayores"},"content":{"rendered":"<p><img loading=\"lazy\" decoding=\"async\" class=\"alignnone size-full wp-image-90438\" src=\"https:\/\/www.yucatanencorto.com\/noticias\/wp-content\/uploads\/2022\/04\/Plan.jpg-scaled.jpeg\" alt=\"\" width=\"768\" height=\"431\" srcset=\"https:\/\/www.yucatanencorto.com\/noticias\/wp-content\/uploads\/2022\/04\/Plan.jpg-scaled.jpeg 768w, https:\/\/www.yucatanencorto.com\/noticias\/wp-content\/uploads\/2022\/04\/Plan.jpg-696x391.jpeg 696w, https:\/\/www.yucatanencorto.com\/noticias\/wp-content\/uploads\/2022\/04\/Plan.jpg-1068x600.jpeg 1068w, https:\/\/www.yucatanencorto.com\/noticias\/wp-content\/uploads\/2022\/04\/Plan.jpg-748x420.jpeg 748w\" sizes=\"auto, (max-width: 768px) 100vw, 768px\" \/><\/p>\n<p>M\u00e9rida, Yucat\u00e1n a 3 de abril de 2022.- El Ayuntamiento de M\u00e9rida trabaja en mejorar la calidad de vida que merecen las personas mayores a trav\u00e9s de escuchar las propuestas de la ciudadan\u00eda y especialistas en el tema, con lo cual se podr\u00e1n formular programas y pol\u00edticas p\u00fablicas dirigidas a atender a este sector de la poblaci\u00f3n.<\/p>\n<p>&nbsp;<\/p>\n<p>El DIF Municipal presidi\u00f3 la primera Sesi\u00f3n Ordinaria del Consejo Municipal para el Desarrollo de una Comunidad Amigable con las Personas Mayores de M\u00e9rida 2021\u20132024, en formato virtual, en la que se acord\u00f3 las acciones y fechas para conformar las comisiones que atender\u00e1n cinco temas prioritarios.<\/p>\n<p>&nbsp;<\/p>\n<p>El Consejo acord\u00f3 que las comisiones alineadas a los cinco pilares planteados en el Plan Estrat\u00e9gico para una Ciudad Amigable con las Personas Mayores, ser\u00edan Bienestar en la salud, Espacios accesibles y adecuados, Comunidades incluyentes, Participaci\u00f3n y empoderamiento y Oportunidades y espacios de desarrollo.<\/p>\n<p>&nbsp;<\/p>\n<p>Cabe recordar que el 21 de diciembre de 2021 se instal\u00f3 este Consejo, el cual est\u00e1 integrado por autoridades municipales y gobierno, regidoras y regidores de Comisi\u00f3n Especial de Grupos Vulnerables del Ayuntamiento de M\u00e9rida, Asociaciones Civiles y ciudadan\u00eda representantes de la sociedad civil con experiencia y activos en el tema de los derechos de las personas mayores.<\/p>\n<p>&nbsp;<\/p>\n<p>El objetivo es promover, planear, implementar y evaluar las medidas, acciones y programas orientados a la consecuci\u00f3n de los objetivos y visi\u00f3n planteados en el Plan Estrat\u00e9gico para una Ciudad Amigable con las Personas Mayores del Municipio de M\u00e9rida.<\/p>\n<p>&nbsp;<\/p>\n<p>Este consejo trabajar\u00e1 en cumplir con el Plan Estrat\u00e9gico para una Ciudad Amigable con las Personas Mayores M\u00e9rida, en donde se plantea crear mecanismos de participaci\u00f3n donde se incluyan a las dependencias gubernamentales y la ciudadan\u00eda.<\/p>\n<p>&nbsp;<\/p>\n<p>Finalmente, este objetivo forma parte de los compromisos que en octubre 2020 acord\u00f3 M\u00e9rida, al momento de ser aceptada a formar parte de la Red de Ciudades y Comunidades Amigables con las Personas Mayores.<\/p>\n","protected":false},"excerpt":{"rendered":"<p>M\u00e9rida, Yucat\u00e1n a 3 de abril de 2022.- El Ayuntamiento de M\u00e9rida trabaja en mejorar la calidad de vida que merecen las personas mayores a trav\u00e9s de escuchar las propuestas de la ciudadan\u00eda y especialistas en el tema, con lo cual se podr\u00e1n formular programas y pol\u00edticas p\u00fablicas dirigidas a atender a este sector de [&hellip;]<\/p>\n","protected":false},"author":2,"featured_media":90438,"comment_status":"closed","ping_status":"closed","sticky":false,"template":"","format":"standard","meta":{"footnotes":""},"categories":[2],"tags":[],"class_list":{"0":"post-90437","1":"post","2":"type-post","3":"status-publish","4":"format-standard","5":"has-post-thumbnail","7":"category-merida"},"yoast_head":"<!-- This site is optimized with the Yoast SEO plugin v27.5 - https:\/\/yoast.com\/product\/yoast-seo-wordpress\/ -->\n<title>Trabajan para mejorar las condiciones de vida de las personas mayores - Yucat\u00e1n en corto<\/title>\n<meta name=\"robots\" content=\"index, follow, max-snippet:-1, max-image-preview:large, max-video-preview:-1\" \/>\n<link rel=\"canonical\" href=\"https:\/\/www.yucatanencorto.com\/noticias\/trabajan-para-mejorar-las-condiciones-de-vida-de-las-personas-mayores\/\" \/>\n<meta property=\"og:locale\" content=\"es_ES\" \/>\n<meta property=\"og:type\" content=\"article\" \/>\n<meta property=\"og:title\" content=\"Trabajan para mejorar las condiciones de vida de las personas mayores - Yucat\u00e1n en corto\" \/>\n<meta property=\"og:description\" content=\"M\u00e9rida, Yucat\u00e1n a 3 de abril de 2022.- El Ayuntamiento de M\u00e9rida trabaja en mejorar la calidad de vida que merecen las personas mayores a trav\u00e9s de escuchar las propuestas de la ciudadan\u00eda y especialistas en el tema, con lo cual se podr\u00e1n formular programas y pol\u00edticas p\u00fablicas dirigidas a atender a este sector de [&hellip;]\" \/>\n<meta property=\"og:url\" content=\"https:\/\/www.yucatanencorto.com\/noticias\/trabajan-para-mejorar-las-condiciones-de-vida-de-las-personas-mayores\/\" \/>\n<meta property=\"og:site_name\" content=\"Yucat\u00e1n en corto\" \/>\n<meta property=\"article:publisher\" content=\"http:\/\/www.facebook.com\/yucatanencorto\" \/>\n<meta property=\"article:published_time\" content=\"2022-04-03T23:23:53+00:00\" \/>\n<meta property=\"og:image\" content=\"https:\/\/www.yucatanencorto.com\/noticias\/wp-content\/uploads\/2022\/04\/Plan.jpg-scaled.jpeg\" \/>\n\t<meta property=\"og:image:width\" content=\"768\" \/>\n\t<meta property=\"og:image:height\" content=\"431\" \/>\n\t<meta property=\"og:image:type\" content=\"image\/jpeg\" \/>\n<meta name=\"author\" content=\"Yucat\u00e1n en Corto FC\" \/>\n<meta name=\"twitter:card\" content=\"summary_large_image\" \/>\n<meta name=\"twitter:creator\" content=\"@yucatanencorto\" \/>\n<meta name=\"twitter:site\" content=\"@yucatanencorto\" \/>\n<meta name=\"twitter:label1\" content=\"Escrito por\" \/>\n\t<meta name=\"twitter:data1\" content=\"Yucat\u00e1n en Corto FC\" \/>\n\t<meta name=\"twitter:label2\" content=\"Tiempo de lectura\" \/>\n\t<meta name=\"twitter:data2\" content=\"2 minutos\" \/>\n<script type=\"application\/ld+json\" class=\"yoast-schema-graph\">{\"@context\":\"https:\\\/\\\/schema.org\",\"@graph\":[{\"@type\":\"Article\",\"@id\":\"https:\\\/\\\/www.yucatanencorto.com\\\/noticias\\\/trabajan-para-mejorar-las-condiciones-de-vida-de-las-personas-mayores\\\/#article\",\"isPartOf\":{\"@id\":\"https:\\\/\\\/www.yucatanencorto.com\\\/noticias\\\/trabajan-para-mejorar-las-condiciones-de-vida-de-las-personas-mayores\\\/\"},\"author\":{\"name\":\"Yucat\u00e1n en Corto FC\",\"@id\":\"https:\\\/\\\/www.yucatanencorto.com\\\/noticias\\\/#\\\/schema\\\/person\\\/14f82d355225a1f4075dd84a31f45a72\"},\"headline\":\"Trabajan para mejorar las condiciones de vida de las personas mayores\",\"datePublished\":\"2022-04-03T23:23:53+00:00\",\"mainEntityOfPage\":{\"@id\":\"https:\\\/\\\/www.yucatanencorto.com\\\/noticias\\\/trabajan-para-mejorar-las-condiciones-de-vida-de-las-personas-mayores\\\/\"},\"wordCount\":353,\"image\":{\"@id\":\"https:\\\/\\\/www.yucatanencorto.com\\\/noticias\\\/trabajan-para-mejorar-las-condiciones-de-vida-de-las-personas-mayores\\\/#primaryimage\"},\"thumbnailUrl\":\"https:\\\/\\\/www.yucatanencorto.com\\\/noticias\\\/wp-content\\\/uploads\\\/2022\\\/04\\\/Plan.jpg-scaled.jpeg\",\"articleSection\":[\"M\u00e9rida\"],\"inLanguage\":\"es\"},{\"@type\":\"WebPage\",\"@id\":\"https:\\\/\\\/www.yucatanencorto.com\\\/noticias\\\/trabajan-para-mejorar-las-condiciones-de-vida-de-las-personas-mayores\\\/\",\"url\":\"https:\\\/\\\/www.yucatanencorto.com\\\/noticias\\\/trabajan-para-mejorar-las-condiciones-de-vida-de-las-personas-mayores\\\/\",\"name\":\"Trabajan para mejorar las condiciones de vida de las personas mayores - Yucat\u00e1n en corto\",\"isPartOf\":{\"@id\":\"https:\\\/\\\/www.yucatanencorto.com\\\/noticias\\\/#website\"},\"primaryImageOfPage\":{\"@id\":\"https:\\\/\\\/www.yucatanencorto.com\\\/noticias\\\/trabajan-para-mejorar-las-condiciones-de-vida-de-las-personas-mayores\\\/#primaryimage\"},\"image\":{\"@id\":\"https:\\\/\\\/www.yucatanencorto.com\\\/noticias\\\/trabajan-para-mejorar-las-condiciones-de-vida-de-las-personas-mayores\\\/#primaryimage\"},\"thumbnailUrl\":\"https:\\\/\\\/www.yucatanencorto.com\\\/noticias\\\/wp-content\\\/uploads\\\/2022\\\/04\\\/Plan.jpg-scaled.jpeg\",\"datePublished\":\"2022-04-03T23:23:53+00:00\",\"author\":{\"@id\":\"https:\\\/\\\/www.yucatanencorto.com\\\/noticias\\\/#\\\/schema\\\/person\\\/14f82d355225a1f4075dd84a31f45a72\"},\"breadcrumb\":{\"@id\":\"https:\\\/\\\/www.yucatanencorto.com\\\/noticias\\\/trabajan-para-mejorar-las-condiciones-de-vida-de-las-personas-mayores\\\/#breadcrumb\"},\"inLanguage\":\"es\",\"potentialAction\":[{\"@type\":\"ReadAction\",\"target\":[\"https:\\\/\\\/www.yucatanencorto.com\\\/noticias\\\/trabajan-para-mejorar-las-condiciones-de-vida-de-las-personas-mayores\\\/\"]}]},{\"@type\":\"ImageObject\",\"inLanguage\":\"es\",\"@id\":\"https:\\\/\\\/www.yucatanencorto.com\\\/noticias\\\/trabajan-para-mejorar-las-condiciones-de-vida-de-las-personas-mayores\\\/#primaryimage\",\"url\":\"https:\\\/\\\/www.yucatanencorto.com\\\/noticias\\\/wp-content\\\/uploads\\\/2022\\\/04\\\/Plan.jpg-scaled.jpeg\",\"contentUrl\":\"https:\\\/\\\/www.yucatanencorto.com\\\/noticias\\\/wp-content\\\/uploads\\\/2022\\\/04\\\/Plan.jpg-scaled.jpeg\",\"width\":768,\"height\":431},{\"@type\":\"BreadcrumbList\",\"@id\":\"https:\\\/\\\/www.yucatanencorto.com\\\/noticias\\\/trabajan-para-mejorar-las-condiciones-de-vida-de-las-personas-mayores\\\/#breadcrumb\",\"itemListElement\":[{\"@type\":\"ListItem\",\"position\":1,\"name\":\"Portada\",\"item\":\"https:\\\/\\\/www.yucatanencorto.com\\\/noticias\\\/\"},{\"@type\":\"ListItem\",\"position\":2,\"name\":\"Trabajan para mejorar las condiciones de vida de las personas mayores\"}]},{\"@type\":\"WebSite\",\"@id\":\"https:\\\/\\\/www.yucatanencorto.com\\\/noticias\\\/#website\",\"url\":\"https:\\\/\\\/www.yucatanencorto.com\\\/noticias\\\/\",\"name\":\"Yucat\u00e1n en corto\",\"description\":\"Noticias\",\"potentialAction\":[{\"@type\":\"SearchAction\",\"target\":{\"@type\":\"EntryPoint\",\"urlTemplate\":\"https:\\\/\\\/www.yucatanencorto.com\\\/noticias\\\/?s={search_term_string}\"},\"query-input\":{\"@type\":\"PropertyValueSpecification\",\"valueRequired\":true,\"valueName\":\"search_term_string\"}}],\"inLanguage\":\"es\"},{\"@type\":\"Person\",\"@id\":\"https:\\\/\\\/www.yucatanencorto.com\\\/noticias\\\/#\\\/schema\\\/person\\\/14f82d355225a1f4075dd84a31f45a72\",\"name\":\"Yucat\u00e1n en Corto FC\",\"image\":{\"@type\":\"ImageObject\",\"inLanguage\":\"es\",\"@id\":\"https:\\\/\\\/secure.gravatar.com\\\/avatar\\\/147d4b30cd728c53c29c49a3f7834dedca33707f4cd259761355846009a88250?s=96&d=mm&r=g\",\"url\":\"https:\\\/\\\/secure.gravatar.com\\\/avatar\\\/147d4b30cd728c53c29c49a3f7834dedca33707f4cd259761355846009a88250?s=96&d=mm&r=g\",\"contentUrl\":\"https:\\\/\\\/secure.gravatar.com\\\/avatar\\\/147d4b30cd728c53c29c49a3f7834dedca33707f4cd259761355846009a88250?s=96&d=mm&r=g\",\"caption\":\"Yucat\u00e1n en Corto FC\"},\"url\":\"https:\\\/\\\/www.yucatanencorto.com\\\/noticias\\\/author\\\/flor\\\/\"}]}<\/script>\n<!-- \/ Yoast SEO plugin. -->","yoast_head_json":{"title":"Trabajan para mejorar las condiciones de vida de las personas mayores - Yucat\u00e1n en corto","robots":{"index":"index","follow":"follow","max-snippet":"max-snippet:-1","max-image-preview":"max-image-preview:large","max-video-preview":"max-video-preview:-1"},"canonical":"https:\/\/www.yucatanencorto.com\/noticias\/trabajan-para-mejorar-las-condiciones-de-vida-de-las-personas-mayores\/","og_locale":"es_ES","og_type":"article","og_title":"Trabajan para mejorar las condiciones de vida de las personas mayores - Yucat\u00e1n en corto","og_description":"M\u00e9rida, Yucat\u00e1n a 3 de abril de 2022.- El Ayuntamiento de M\u00e9rida trabaja en mejorar la calidad de vida que merecen las personas mayores a trav\u00e9s de escuchar las propuestas de la ciudadan\u00eda y especialistas en el tema, con lo cual se podr\u00e1n formular programas y pol\u00edticas p\u00fablicas dirigidas a atender a este sector de [&hellip;]","og_url":"https:\/\/www.yucatanencorto.com\/noticias\/trabajan-para-mejorar-las-condiciones-de-vida-de-las-personas-mayores\/","og_site_name":"Yucat\u00e1n en corto","article_publisher":"http:\/\/www.facebook.com\/yucatanencorto","article_published_time":"2022-04-03T23:23:53+00:00","og_image":[{"width":768,"height":431,"url":"https:\/\/www.yucatanencorto.com\/noticias\/wp-content\/uploads\/2022\/04\/Plan.jpg-scaled.jpeg","type":"image\/jpeg"}],"author":"Yucat\u00e1n en Corto FC","twitter_card":"summary_large_image","twitter_creator":"@yucatanencorto","twitter_site":"@yucatanencorto","twitter_misc":{"Escrito por":"Yucat\u00e1n en Corto FC","Tiempo de lectura":"2 minutos"},"schema":{"@context":"https:\/\/schema.org","@graph":[{"@type":"Article","@id":"https:\/\/www.yucatanencorto.com\/noticias\/trabajan-para-mejorar-las-condiciones-de-vida-de-las-personas-mayores\/#article","isPartOf":{"@id":"https:\/\/www.yucatanencorto.com\/noticias\/trabajan-para-mejorar-las-condiciones-de-vida-de-las-personas-mayores\/"},"author":{"name":"Yucat\u00e1n en Corto FC","@id":"https:\/\/www.yucatanencorto.com\/noticias\/#\/schema\/person\/14f82d355225a1f4075dd84a31f45a72"},"headline":"Trabajan para mejorar las condiciones de vida de las personas mayores","datePublished":"2022-04-03T23:23:53+00:00","mainEntityOfPage":{"@id":"https:\/\/www.yucatanencorto.com\/noticias\/trabajan-para-mejorar-las-condiciones-de-vida-de-las-personas-mayores\/"},"wordCount":353,"image":{"@id":"https:\/\/www.yucatanencorto.com\/noticias\/trabajan-para-mejorar-las-condiciones-de-vida-de-las-personas-mayores\/#primaryimage"},"thumbnailUrl":"https:\/\/www.yucatanencorto.com\/noticias\/wp-content\/uploads\/2022\/04\/Plan.jpg-scaled.jpeg","articleSection":["M\u00e9rida"],"inLanguage":"es"},{"@type":"WebPage","@id":"https:\/\/www.yucatanencorto.com\/noticias\/trabajan-para-mejorar-las-condiciones-de-vida-de-las-personas-mayores\/","url":"https:\/\/www.yucatanencorto.com\/noticias\/trabajan-para-mejorar-las-condiciones-de-vida-de-las-personas-mayores\/","name":"Trabajan para mejorar las condiciones de vida de las personas mayores - Yucat\u00e1n en corto","isPartOf":{"@id":"https:\/\/www.yucatanencorto.com\/noticias\/#website"},"primaryImageOfPage":{"@id":"https:\/\/www.yucatanencorto.com\/noticias\/trabajan-para-mejorar-las-condiciones-de-vida-de-las-personas-mayores\/#primaryimage"},"image":{"@id":"https:\/\/www.yucatanencorto.com\/noticias\/trabajan-para-mejorar-las-condiciones-de-vida-de-las-personas-mayores\/#primaryimage"},"thumbnailUrl":"https:\/\/www.yucatanencorto.com\/noticias\/wp-content\/uploads\/2022\/04\/Plan.jpg-scaled.jpeg","datePublished":"2022-04-03T23:23:53+00:00","author":{"@id":"https:\/\/www.yucatanencorto.com\/noticias\/#\/schema\/person\/14f82d355225a1f4075dd84a31f45a72"},"breadcrumb":{"@id":"https:\/\/www.yucatanencorto.com\/noticias\/trabajan-para-mejorar-las-condiciones-de-vida-de-las-personas-mayores\/#breadcrumb"},"inLanguage":"es","potentialAction":[{"@type":"ReadAction","target":["https:\/\/www.yucatanencorto.com\/noticias\/trabajan-para-mejorar-las-condiciones-de-vida-de-las-personas-mayores\/"]}]},{"@type":"ImageObject","inLanguage":"es","@id":"https:\/\/www.yucatanencorto.com\/noticias\/trabajan-para-mejorar-las-condiciones-de-vida-de-las-personas-mayores\/#primaryimage","url":"https:\/\/www.yucatanencorto.com\/noticias\/wp-content\/uploads\/2022\/04\/Plan.jpg-scaled.jpeg","contentUrl":"https:\/\/www.yucatanencorto.com\/noticias\/wp-content\/uploads\/2022\/04\/Plan.jpg-scaled.jpeg","width":768,"height":431},{"@type":"BreadcrumbList","@id":"https:\/\/www.yucatanencorto.com\/noticias\/trabajan-para-mejorar-las-condiciones-de-vida-de-las-personas-mayores\/#breadcrumb","itemListElement":[{"@type":"ListItem","position":1,"name":"Portada","item":"https:\/\/www.yucatanencorto.com\/noticias\/"},{"@type":"ListItem","position":2,"name":"Trabajan para mejorar las condiciones de vida de las personas mayores"}]},{"@type":"WebSite","@id":"https:\/\/www.yucatanencorto.com\/noticias\/#website","url":"https:\/\/www.yucatanencorto.com\/noticias\/","name":"Yucat\u00e1n en corto","description":"Noticias","potentialAction":[{"@type":"SearchAction","target":{"@type":"EntryPoint","urlTemplate":"https:\/\/www.yucatanencorto.com\/noticias\/?s={search_term_string}"},"query-input":{"@type":"PropertyValueSpecification","valueRequired":true,"valueName":"search_term_string"}}],"inLanguage":"es"},{"@type":"Person","@id":"https:\/\/www.yucatanencorto.com\/noticias\/#\/schema\/person\/14f82d355225a1f4075dd84a31f45a72","name":"Yucat\u00e1n en Corto FC","image":{"@type":"ImageObject","inLanguage":"es","@id":"https:\/\/secure.gravatar.com\/avatar\/147d4b30cd728c53c29c49a3f7834dedca33707f4cd259761355846009a88250?s=96&d=mm&r=g","url":"https:\/\/secure.gravatar.com\/avatar\/147d4b30cd728c53c29c49a3f7834dedca33707f4cd259761355846009a88250?s=96&d=mm&r=g","contentUrl":"https:\/\/secure.gravatar.com\/avatar\/147d4b30cd728c53c29c49a3f7834dedca33707f4cd259761355846009a88250?s=96&d=mm&r=g","caption":"Yucat\u00e1n en Corto FC"},"url":"https:\/\/www.yucatanencorto.com\/noticias\/author\/flor\/"}]}},"_links":{"self":[{"href":"https:\/\/www.yucatanencorto.com\/noticias\/wp-json\/wp\/v2\/posts\/90437","targetHints":{"allow":["GET"]}}],"collection":[{"href":"https:\/\/www.yucatanencorto.com\/noticias\/wp-json\/wp\/v2\/posts"}],"about":[{"href":"https:\/\/www.yucatanencorto.com\/noticias\/wp-json\/wp\/v2\/types\/post"}],"author":[{"embeddable":true,"href":"https:\/\/www.yucatanencorto.com\/noticias\/wp-json\/wp\/v2\/users\/2"}],"replies":[{"embeddable":true,"href":"https:\/\/www.yucatanencorto.com\/noticias\/wp-json\/wp\/v2\/comments?post=90437"}],"version-history":[{"count":0,"href":"https:\/\/www.yucatanencorto.com\/noticias\/wp-json\/wp\/v2\/posts\/90437\/revisions"}],"wp:featuredmedia":[{"embeddable":true,"href":"https:\/\/www.yucatanencorto.com\/noticias\/wp-json\/wp\/v2\/media\/90438"}],"wp:attachment":[{"href":"https:\/\/www.yucatanencorto.com\/noticias\/wp-json\/wp\/v2\/media?parent=90437"}],"wp:term":[{"taxonomy":"category","embeddable":true,"href":"https:\/\/www.yucatanencorto.com\/noticias\/wp-json\/wp\/v2\/categories?post=90437"},{"taxonomy":"post_tag","embeddable":true,"href":"https:\/\/www.yucatanencorto.com\/noticias\/wp-json\/wp\/v2\/tags?post=90437"}],"curies":[{"name":"wp","href":"https:\/\/api.w.org\/{rel}","templated":true}]}}