{"id":90440,"date":"2022-04-04T14:09:31","date_gmt":"2022-04-04T19:09:31","guid":{"rendered":"https:\/\/www.yucatanencorto.com\/noticias\/?p=90440"},"modified":"2022-04-04T14:09:31","modified_gmt":"2022-04-04T19:09:31","slug":"chris-martin-detiene-concierto-de-coldplay-por-un-fan","status":"publish","type":"post","link":"https:\/\/www.yucatanencorto.com\/noticias\/chris-martin-detiene-concierto-de-coldplay-por-un-fan\/","title":{"rendered":"Chris Martin detiene concierto de Coldplay por un fan"},"content":{"rendered":"<p><img loading=\"lazy\" decoding=\"async\" class=\"alignnone size-full wp-image-90441\" src=\"https:\/\/www.yucatanencorto.com\/noticias\/wp-content\/uploads\/2022\/04\/coldplay-concierto-scaled.jpg\" alt=\"\" width=\"768\" height=\"576\" srcset=\"https:\/\/www.yucatanencorto.com\/noticias\/wp-content\/uploads\/2022\/04\/coldplay-concierto-scaled.jpg 768w, https:\/\/www.yucatanencorto.com\/noticias\/wp-content\/uploads\/2022\/04\/coldplay-concierto-696x522.jpg 696w, https:\/\/www.yucatanencorto.com\/noticias\/wp-content\/uploads\/2022\/04\/coldplay-concierto-560x420.jpg 560w, https:\/\/www.yucatanencorto.com\/noticias\/wp-content\/uploads\/2022\/04\/coldplay-concierto-80x60.jpg 80w, https:\/\/www.yucatanencorto.com\/noticias\/wp-content\/uploads\/2022\/04\/coldplay-concierto-265x198.jpg 265w\" sizes=\"auto, (max-width: 768px) 100vw, 768px\" \/><\/p>\n<p>Coldplay ayer llen\u00f3 su primera fecha en CDMX de las cuatro programadas. La agrupaci\u00f3n, liderada por\u00a0Chris Martin, logr\u00f3 reunir a m\u00e1s de 65 mil personas en el Foro Sol.<\/p>\n<p>Diez minutos despu\u00e9s de las nueve de la noche, y con la m\u00fasica de la cinta\u00a0E.T, El extraterrestre, fue como la banda lleg\u00f3 al escenario del Foro Sol para reencontrarse con sus fans mexicanos.<\/p>\n<p>La banda no s\u00f3lo demostr\u00f3 su cari\u00f1o por M\u00e9xico al interpretar canciones de Juan Gabriel, tambi\u00e9n al preocuparse por sus fans.<\/p>\n<p>Durante el show, al comienzo del popular tema &#8216;A Sky Full Of Stars&#8217;, Chris par\u00f3 la m\u00fasica para preguntarle a un fan si se encontraba bien.<\/p>\n<p>\u00ab\u00bfEst\u00e1s bien?\u00bb, le pregunt\u00f3 en varias ocasiones.<\/p>\n<p>Incluso el cantante se agach\u00f3 para verlo m\u00e1s de cerca y confirmar que el fan se encontraba en \u00f3ptimas condiciones para seguir adelante con el concierto.<\/p>\n<p>Antes de continuar con a canci\u00f3n, Chris le pidi\u00f3 a los asistentes apagar su celular para disfrutar el momento.<\/p>\n<p>Fuente: Excelsior<\/p>\n","protected":false},"excerpt":{"rendered":"<p>Coldplay ayer llen\u00f3 su primera fecha en CDMX de las cuatro programadas. La agrupaci\u00f3n, liderada por\u00a0Chris Martin, logr\u00f3 reunir a m\u00e1s de 65 mil personas en el Foro Sol. Diez minutos despu\u00e9s de las nueve de la noche, y con la m\u00fasica de la cinta\u00a0E.T, El extraterrestre, fue como la banda lleg\u00f3 al escenario del [&hellip;]<\/p>\n","protected":false},"author":2,"featured_media":90441,"comment_status":"closed","ping_status":"closed","sticky":false,"template":"","format":"standard","meta":{"footnotes":""},"categories":[9],"tags":[],"class_list":{"0":"post-90440","1":"post","2":"type-post","3":"status-publish","4":"format-standard","5":"has-post-thumbnail","7":"category-sociedad-y-espectaculos"},"yoast_head":"<!-- This site is optimized with the Yoast SEO plugin v27.5 - https:\/\/yoast.com\/product\/yoast-seo-wordpress\/ -->\n<title>Chris Martin detiene concierto de Coldplay por un fan - Yucat\u00e1n en corto<\/title>\n<meta name=\"robots\" content=\"index, follow, max-snippet:-1, max-image-preview:large, max-video-preview:-1\" \/>\n<link rel=\"canonical\" href=\"https:\/\/www.yucatanencorto.com\/noticias\/chris-martin-detiene-concierto-de-coldplay-por-un-fan\/\" \/>\n<meta property=\"og:locale\" content=\"es_ES\" \/>\n<meta property=\"og:type\" content=\"article\" \/>\n<meta property=\"og:title\" content=\"Chris Martin detiene concierto de Coldplay por un fan - Yucat\u00e1n en corto\" \/>\n<meta property=\"og:description\" content=\"Coldplay ayer llen\u00f3 su primera fecha en CDMX de las cuatro programadas. La agrupaci\u00f3n, liderada por\u00a0Chris Martin, logr\u00f3 reunir a m\u00e1s de 65 mil personas en el Foro Sol. Diez minutos despu\u00e9s de las nueve de la noche, y con la m\u00fasica de la cinta\u00a0E.T, El extraterrestre, fue como la banda lleg\u00f3 al escenario del [&hellip;]\" \/>\n<meta property=\"og:url\" content=\"https:\/\/www.yucatanencorto.com\/noticias\/chris-martin-detiene-concierto-de-coldplay-por-un-fan\/\" \/>\n<meta property=\"og:site_name\" content=\"Yucat\u00e1n en corto\" \/>\n<meta property=\"article:publisher\" content=\"http:\/\/www.facebook.com\/yucatanencorto\" \/>\n<meta property=\"article:published_time\" content=\"2022-04-04T19:09:31+00:00\" \/>\n<meta property=\"og:image\" content=\"https:\/\/www.yucatanencorto.com\/noticias\/wp-content\/uploads\/2022\/04\/coldplay-concierto-scaled.jpg\" \/>\n\t<meta property=\"og:image:width\" content=\"768\" \/>\n\t<meta property=\"og:image:height\" content=\"576\" \/>\n\t<meta property=\"og:image:type\" content=\"image\/jpeg\" \/>\n<meta name=\"author\" content=\"Yucat\u00e1n en Corto FC\" \/>\n<meta name=\"twitter:card\" content=\"summary_large_image\" \/>\n<meta name=\"twitter:creator\" content=\"@yucatanencorto\" \/>\n<meta name=\"twitter:site\" content=\"@yucatanencorto\" \/>\n<meta name=\"twitter:label1\" content=\"Escrito por\" \/>\n\t<meta name=\"twitter:data1\" content=\"Yucat\u00e1n en Corto FC\" \/>\n\t<meta name=\"twitter:label2\" content=\"Tiempo de lectura\" \/>\n\t<meta name=\"twitter:data2\" content=\"1 minuto\" \/>\n<script type=\"application\/ld+json\" class=\"yoast-schema-graph\">{\"@context\":\"https:\\\/\\\/schema.org\",\"@graph\":[{\"@type\":\"Article\",\"@id\":\"https:\\\/\\\/www.yucatanencorto.com\\\/noticias\\\/chris-martin-detiene-concierto-de-coldplay-por-un-fan\\\/#article\",\"isPartOf\":{\"@id\":\"https:\\\/\\\/www.yucatanencorto.com\\\/noticias\\\/chris-martin-detiene-concierto-de-coldplay-por-un-fan\\\/\"},\"author\":{\"name\":\"Yucat\u00e1n en Corto FC\",\"@id\":\"https:\\\/\\\/www.yucatanencorto.com\\\/noticias\\\/#\\\/schema\\\/person\\\/14f82d355225a1f4075dd84a31f45a72\"},\"headline\":\"Chris Martin detiene concierto de Coldplay por un fan\",\"datePublished\":\"2022-04-04T19:09:31+00:00\",\"mainEntityOfPage\":{\"@id\":\"https:\\\/\\\/www.yucatanencorto.com\\\/noticias\\\/chris-martin-detiene-concierto-de-coldplay-por-un-fan\\\/\"},\"wordCount\":187,\"image\":{\"@id\":\"https:\\\/\\\/www.yucatanencorto.com\\\/noticias\\\/chris-martin-detiene-concierto-de-coldplay-por-un-fan\\\/#primaryimage\"},\"thumbnailUrl\":\"https:\\\/\\\/www.yucatanencorto.com\\\/noticias\\\/wp-content\\\/uploads\\\/2022\\\/04\\\/coldplay-concierto-scaled.jpg\",\"articleSection\":[\"Sociedad y Espect\u00e1culos\"],\"inLanguage\":\"es\"},{\"@type\":\"WebPage\",\"@id\":\"https:\\\/\\\/www.yucatanencorto.com\\\/noticias\\\/chris-martin-detiene-concierto-de-coldplay-por-un-fan\\\/\",\"url\":\"https:\\\/\\\/www.yucatanencorto.com\\\/noticias\\\/chris-martin-detiene-concierto-de-coldplay-por-un-fan\\\/\",\"name\":\"Chris Martin detiene concierto de Coldplay por un fan - Yucat\u00e1n en corto\",\"isPartOf\":{\"@id\":\"https:\\\/\\\/www.yucatanencorto.com\\\/noticias\\\/#website\"},\"primaryImageOfPage\":{\"@id\":\"https:\\\/\\\/www.yucatanencorto.com\\\/noticias\\\/chris-martin-detiene-concierto-de-coldplay-por-un-fan\\\/#primaryimage\"},\"image\":{\"@id\":\"https:\\\/\\\/www.yucatanencorto.com\\\/noticias\\\/chris-martin-detiene-concierto-de-coldplay-por-un-fan\\\/#primaryimage\"},\"thumbnailUrl\":\"https:\\\/\\\/www.yucatanencorto.com\\\/noticias\\\/wp-content\\\/uploads\\\/2022\\\/04\\\/coldplay-concierto-scaled.jpg\",\"datePublished\":\"2022-04-04T19:09:31+00:00\",\"author\":{\"@id\":\"https:\\\/\\\/www.yucatanencorto.com\\\/noticias\\\/#\\\/schema\\\/person\\\/14f82d355225a1f4075dd84a31f45a72\"},\"breadcrumb\":{\"@id\":\"https:\\\/\\\/www.yucatanencorto.com\\\/noticias\\\/chris-martin-detiene-concierto-de-coldplay-por-un-fan\\\/#breadcrumb\"},\"inLanguage\":\"es\",\"potentialAction\":[{\"@type\":\"ReadAction\",\"target\":[\"https:\\\/\\\/www.yucatanencorto.com\\\/noticias\\\/chris-martin-detiene-concierto-de-coldplay-por-un-fan\\\/\"]}]},{\"@type\":\"ImageObject\",\"inLanguage\":\"es\",\"@id\":\"https:\\\/\\\/www.yucatanencorto.com\\\/noticias\\\/chris-martin-detiene-concierto-de-coldplay-por-un-fan\\\/#primaryimage\",\"url\":\"https:\\\/\\\/www.yucatanencorto.com\\\/noticias\\\/wp-content\\\/uploads\\\/2022\\\/04\\\/coldplay-concierto-scaled.jpg\",\"contentUrl\":\"https:\\\/\\\/www.yucatanencorto.com\\\/noticias\\\/wp-content\\\/uploads\\\/2022\\\/04\\\/coldplay-concierto-scaled.jpg\",\"width\":768,\"height\":576},{\"@type\":\"BreadcrumbList\",\"@id\":\"https:\\\/\\\/www.yucatanencorto.com\\\/noticias\\\/chris-martin-detiene-concierto-de-coldplay-por-un-fan\\\/#breadcrumb\",\"itemListElement\":[{\"@type\":\"ListItem\",\"position\":1,\"name\":\"Portada\",\"item\":\"https:\\\/\\\/www.yucatanencorto.com\\\/noticias\\\/\"},{\"@type\":\"ListItem\",\"position\":2,\"name\":\"Chris Martin detiene concierto de Coldplay por un fan\"}]},{\"@type\":\"WebSite\",\"@id\":\"https:\\\/\\\/www.yucatanencorto.com\\\/noticias\\\/#website\",\"url\":\"https:\\\/\\\/www.yucatanencorto.com\\\/noticias\\\/\",\"name\":\"Yucat\u00e1n en corto\",\"description\":\"Noticias\",\"potentialAction\":[{\"@type\":\"SearchAction\",\"target\":{\"@type\":\"EntryPoint\",\"urlTemplate\":\"https:\\\/\\\/www.yucatanencorto.com\\\/noticias\\\/?s={search_term_string}\"},\"query-input\":{\"@type\":\"PropertyValueSpecification\",\"valueRequired\":true,\"valueName\":\"search_term_string\"}}],\"inLanguage\":\"es\"},{\"@type\":\"Person\",\"@id\":\"https:\\\/\\\/www.yucatanencorto.com\\\/noticias\\\/#\\\/schema\\\/person\\\/14f82d355225a1f4075dd84a31f45a72\",\"name\":\"Yucat\u00e1n en Corto FC\",\"image\":{\"@type\":\"ImageObject\",\"inLanguage\":\"es\",\"@id\":\"https:\\\/\\\/secure.gravatar.com\\\/avatar\\\/147d4b30cd728c53c29c49a3f7834dedca33707f4cd259761355846009a88250?s=96&d=mm&r=g\",\"url\":\"https:\\\/\\\/secure.gravatar.com\\\/avatar\\\/147d4b30cd728c53c29c49a3f7834dedca33707f4cd259761355846009a88250?s=96&d=mm&r=g\",\"contentUrl\":\"https:\\\/\\\/secure.gravatar.com\\\/avatar\\\/147d4b30cd728c53c29c49a3f7834dedca33707f4cd259761355846009a88250?s=96&d=mm&r=g\",\"caption\":\"Yucat\u00e1n en Corto FC\"},\"url\":\"https:\\\/\\\/www.yucatanencorto.com\\\/noticias\\\/author\\\/flor\\\/\"}]}<\/script>\n<!-- \/ Yoast SEO plugin. -->","yoast_head_json":{"title":"Chris Martin detiene concierto de Coldplay por un fan - Yucat\u00e1n en corto","robots":{"index":"index","follow":"follow","max-snippet":"max-snippet:-1","max-image-preview":"max-image-preview:large","max-video-preview":"max-video-preview:-1"},"canonical":"https:\/\/www.yucatanencorto.com\/noticias\/chris-martin-detiene-concierto-de-coldplay-por-un-fan\/","og_locale":"es_ES","og_type":"article","og_title":"Chris Martin detiene concierto de Coldplay por un fan - Yucat\u00e1n en corto","og_description":"Coldplay ayer llen\u00f3 su primera fecha en CDMX de las cuatro programadas. La agrupaci\u00f3n, liderada por\u00a0Chris Martin, logr\u00f3 reunir a m\u00e1s de 65 mil personas en el Foro Sol. Diez minutos despu\u00e9s de las nueve de la noche, y con la m\u00fasica de la cinta\u00a0E.T, El extraterrestre, fue como la banda lleg\u00f3 al escenario del [&hellip;]","og_url":"https:\/\/www.yucatanencorto.com\/noticias\/chris-martin-detiene-concierto-de-coldplay-por-un-fan\/","og_site_name":"Yucat\u00e1n en corto","article_publisher":"http:\/\/www.facebook.com\/yucatanencorto","article_published_time":"2022-04-04T19:09:31+00:00","og_image":[{"width":768,"height":576,"url":"https:\/\/www.yucatanencorto.com\/noticias\/wp-content\/uploads\/2022\/04\/coldplay-concierto-scaled.jpg","type":"image\/jpeg"}],"author":"Yucat\u00e1n en Corto FC","twitter_card":"summary_large_image","twitter_creator":"@yucatanencorto","twitter_site":"@yucatanencorto","twitter_misc":{"Escrito por":"Yucat\u00e1n en Corto FC","Tiempo de lectura":"1 minuto"},"schema":{"@context":"https:\/\/schema.org","@graph":[{"@type":"Article","@id":"https:\/\/www.yucatanencorto.com\/noticias\/chris-martin-detiene-concierto-de-coldplay-por-un-fan\/#article","isPartOf":{"@id":"https:\/\/www.yucatanencorto.com\/noticias\/chris-martin-detiene-concierto-de-coldplay-por-un-fan\/"},"author":{"name":"Yucat\u00e1n en Corto FC","@id":"https:\/\/www.yucatanencorto.com\/noticias\/#\/schema\/person\/14f82d355225a1f4075dd84a31f45a72"},"headline":"Chris Martin detiene concierto de Coldplay por un fan","datePublished":"2022-04-04T19:09:31+00:00","mainEntityOfPage":{"@id":"https:\/\/www.yucatanencorto.com\/noticias\/chris-martin-detiene-concierto-de-coldplay-por-un-fan\/"},"wordCount":187,"image":{"@id":"https:\/\/www.yucatanencorto.com\/noticias\/chris-martin-detiene-concierto-de-coldplay-por-un-fan\/#primaryimage"},"thumbnailUrl":"https:\/\/www.yucatanencorto.com\/noticias\/wp-content\/uploads\/2022\/04\/coldplay-concierto-scaled.jpg","articleSection":["Sociedad y Espect\u00e1culos"],"inLanguage":"es"},{"@type":"WebPage","@id":"https:\/\/www.yucatanencorto.com\/noticias\/chris-martin-detiene-concierto-de-coldplay-por-un-fan\/","url":"https:\/\/www.yucatanencorto.com\/noticias\/chris-martin-detiene-concierto-de-coldplay-por-un-fan\/","name":"Chris Martin detiene concierto de Coldplay por un fan - Yucat\u00e1n en corto","isPartOf":{"@id":"https:\/\/www.yucatanencorto.com\/noticias\/#website"},"primaryImageOfPage":{"@id":"https:\/\/www.yucatanencorto.com\/noticias\/chris-martin-detiene-concierto-de-coldplay-por-un-fan\/#primaryimage"},"image":{"@id":"https:\/\/www.yucatanencorto.com\/noticias\/chris-martin-detiene-concierto-de-coldplay-por-un-fan\/#primaryimage"},"thumbnailUrl":"https:\/\/www.yucatanencorto.com\/noticias\/wp-content\/uploads\/2022\/04\/coldplay-concierto-scaled.jpg","datePublished":"2022-04-04T19:09:31+00:00","author":{"@id":"https:\/\/www.yucatanencorto.com\/noticias\/#\/schema\/person\/14f82d355225a1f4075dd84a31f45a72"},"breadcrumb":{"@id":"https:\/\/www.yucatanencorto.com\/noticias\/chris-martin-detiene-concierto-de-coldplay-por-un-fan\/#breadcrumb"},"inLanguage":"es","potentialAction":[{"@type":"ReadAction","target":["https:\/\/www.yucatanencorto.com\/noticias\/chris-martin-detiene-concierto-de-coldplay-por-un-fan\/"]}]},{"@type":"ImageObject","inLanguage":"es","@id":"https:\/\/www.yucatanencorto.com\/noticias\/chris-martin-detiene-concierto-de-coldplay-por-un-fan\/#primaryimage","url":"https:\/\/www.yucatanencorto.com\/noticias\/wp-content\/uploads\/2022\/04\/coldplay-concierto-scaled.jpg","contentUrl":"https:\/\/www.yucatanencorto.com\/noticias\/wp-content\/uploads\/2022\/04\/coldplay-concierto-scaled.jpg","width":768,"height":576},{"@type":"BreadcrumbList","@id":"https:\/\/www.yucatanencorto.com\/noticias\/chris-martin-detiene-concierto-de-coldplay-por-un-fan\/#breadcrumb","itemListElement":[{"@type":"ListItem","position":1,"name":"Portada","item":"https:\/\/www.yucatanencorto.com\/noticias\/"},{"@type":"ListItem","position":2,"name":"Chris Martin detiene concierto de Coldplay por un fan"}]},{"@type":"WebSite","@id":"https:\/\/www.yucatanencorto.com\/noticias\/#website","url":"https:\/\/www.yucatanencorto.com\/noticias\/","name":"Yucat\u00e1n en corto","description":"Noticias","potentialAction":[{"@type":"SearchAction","target":{"@type":"EntryPoint","urlTemplate":"https:\/\/www.yucatanencorto.com\/noticias\/?s={search_term_string}"},"query-input":{"@type":"PropertyValueSpecification","valueRequired":true,"valueName":"search_term_string"}}],"inLanguage":"es"},{"@type":"Person","@id":"https:\/\/www.yucatanencorto.com\/noticias\/#\/schema\/person\/14f82d355225a1f4075dd84a31f45a72","name":"Yucat\u00e1n en Corto FC","image":{"@type":"ImageObject","inLanguage":"es","@id":"https:\/\/secure.gravatar.com\/avatar\/147d4b30cd728c53c29c49a3f7834dedca33707f4cd259761355846009a88250?s=96&d=mm&r=g","url":"https:\/\/secure.gravatar.com\/avatar\/147d4b30cd728c53c29c49a3f7834dedca33707f4cd259761355846009a88250?s=96&d=mm&r=g","contentUrl":"https:\/\/secure.gravatar.com\/avatar\/147d4b30cd728c53c29c49a3f7834dedca33707f4cd259761355846009a88250?s=96&d=mm&r=g","caption":"Yucat\u00e1n en Corto FC"},"url":"https:\/\/www.yucatanencorto.com\/noticias\/author\/flor\/"}]}},"_links":{"self":[{"href":"https:\/\/www.yucatanencorto.com\/noticias\/wp-json\/wp\/v2\/posts\/90440","targetHints":{"allow":["GET"]}}],"collection":[{"href":"https:\/\/www.yucatanencorto.com\/noticias\/wp-json\/wp\/v2\/posts"}],"about":[{"href":"https:\/\/www.yucatanencorto.com\/noticias\/wp-json\/wp\/v2\/types\/post"}],"author":[{"embeddable":true,"href":"https:\/\/www.yucatanencorto.com\/noticias\/wp-json\/wp\/v2\/users\/2"}],"replies":[{"embeddable":true,"href":"https:\/\/www.yucatanencorto.com\/noticias\/wp-json\/wp\/v2\/comments?post=90440"}],"version-history":[{"count":0,"href":"https:\/\/www.yucatanencorto.com\/noticias\/wp-json\/wp\/v2\/posts\/90440\/revisions"}],"wp:featuredmedia":[{"embeddable":true,"href":"https:\/\/www.yucatanencorto.com\/noticias\/wp-json\/wp\/v2\/media\/90441"}],"wp:attachment":[{"href":"https:\/\/www.yucatanencorto.com\/noticias\/wp-json\/wp\/v2\/media?parent=90440"}],"wp:term":[{"taxonomy":"category","embeddable":true,"href":"https:\/\/www.yucatanencorto.com\/noticias\/wp-json\/wp\/v2\/categories?post=90440"},{"taxonomy":"post_tag","embeddable":true,"href":"https:\/\/www.yucatanencorto.com\/noticias\/wp-json\/wp\/v2\/tags?post=90440"}],"curies":[{"name":"wp","href":"https:\/\/api.w.org\/{rel}","templated":true}]}}