{"id":90572,"date":"2022-04-11T14:11:47","date_gmt":"2022-04-11T19:11:47","guid":{"rendered":"https:\/\/www.yucatanencorto.com\/noticias\/?p=90572"},"modified":"2022-04-11T14:19:22","modified_gmt":"2022-04-11T19:19:22","slug":"anuncian-en-comision-al-recipiendario-del-reconocimiento-a-la-excelencia-docente-del-estado-de-yucatan","status":"publish","type":"post","link":"https:\/\/www.yucatanencorto.com\/noticias\/anuncian-en-comision-al-recipiendario-del-reconocimiento-a-la-excelencia-docente-del-estado-de-yucatan\/","title":{"rendered":"Anuncian en comisi\u00f3n al recipiendario del reconocimiento \u201cA la Excelencia Docente del Estado de Yucat\u00e1n\u201d"},"content":{"rendered":"<p><img loading=\"lazy\" decoding=\"async\" class=\"alignnone size-full wp-image-90573\" src=\"https:\/\/www.yucatanencorto.com\/noticias\/wp-content\/uploads\/2022\/04\/WhatsApp-Image-2022-04-11-at-2.08.20-PM-scaled.jpeg\" alt=\"\" width=\"768\" height=\"512\" srcset=\"https:\/\/www.yucatanencorto.com\/noticias\/wp-content\/uploads\/2022\/04\/WhatsApp-Image-2022-04-11-at-2.08.20-PM-scaled.jpeg 768w, https:\/\/www.yucatanencorto.com\/noticias\/wp-content\/uploads\/2022\/04\/WhatsApp-Image-2022-04-11-at-2.08.20-PM-696x464.jpeg 696w, https:\/\/www.yucatanencorto.com\/noticias\/wp-content\/uploads\/2022\/04\/WhatsApp-Image-2022-04-11-at-2.08.20-PM-1068x712.jpeg 1068w, https:\/\/www.yucatanencorto.com\/noticias\/wp-content\/uploads\/2022\/04\/WhatsApp-Image-2022-04-11-at-2.08.20-PM-630x420.jpeg 630w\" sizes=\"auto, (max-width: 768px) 100vw, 768px\" \/><\/p>\n<p>M\u00e9rida, Yucat\u00e1n a 11 de abril de 2022.- Por sus m\u00e1s de 30 a\u00f1os en el servicio y una amplia trayectoria profesional en los niveles de secundaria, preparatoria, licenciatura, maestr\u00eda y doctorado, Carlos Alberto P\u00e9rez P\u00e9rez, fue el candidato seleccionado para recibir el reconocimiento \u201cA la Excelencia Docente del Estado de Yucat\u00e1n\u201d.<\/p>\n<p>En sesi\u00f3n de la comisi\u00f3n, que lleva el mismo nombre, los diputados integrantes aprobaron por unanimidad la designaci\u00f3n del Dr. Carlos P\u00e9rez, quien recibir\u00e1 el m\u00e9rito en sesi\u00f3n solemne en mayo.<\/p>\n<p>El reconocimiento se entrega a aquellas personas que se hayan destacado en el \u00e1mbito de la docencia por sus acciones, servicios o trayectoria docente ejemplar o sobresaliente o de impulso al desarrollo de la educaci\u00f3n del estado que se encuentre en activo.<\/p>\n<p>Comisi\u00f3n de Puntos Constitucionales y Gobernaci\u00f3n<\/p>\n<p>Previamente, se llev\u00f3 a cabo la sesi\u00f3n de la comisi\u00f3n de Puntos Constitucionales y Gobernaci\u00f3n, en donde se distribuyeron diversas iniciativas para su estudio y an\u00e1lisis.<\/p>\n<p>En primera instancia, para reformar la Ley de Gobierno del Poder Legislativo del Estado en materia de evaluaci\u00f3n legislativa, rendici\u00f3n de cuentas y datos abiertos, presentada por los diputados Gaspar Quintal Parra (PRI), Eduardo Sobrino Sierra (PRD), Rafael Echazarreta Torres (Morena) y Crescencio Guti\u00e9rrez Gonz\u00e1lez (NA) y las diputadas Karla Franco Blanco y Fabiola Loeza Novelo, ambas del PRI.<\/p>\n<p>Tambi\u00e9n la iniciativa para modificar la Constituci\u00f3n en materia de autonom\u00eda de la Secretar\u00eda Ejecutiva del Sistema Estatal Anticorrupci\u00f3n, la Ley del Sistema Estatal Anticorrupci\u00f3n de Yucat\u00e1n y el C\u00f3digo de la Administraci\u00f3n P\u00fablica para adicionar y derogar diversas disposiciones contenidas en la misma. Esta fue presentada por las diputadas Jazm\u00edn Villanueva Moo (Morena), Alejandra Novelo Segura (Morena) y Rub\u00ed Be Chan (Morena) y los diputados Rafael Echazarreta Torres (Morena) y Eduardo Sobrino Sierra (PRD).<\/p>\n<p>Para reformar una denominaci\u00f3n y diversos art\u00edculos del C\u00f3digo Penal, se expide la Ley de Protecci\u00f3n y Bienestar Animal y se abroga la Ley de Protecci\u00f3n a la Fauna, presentada por el diputado Jes\u00fas P\u00e9rez Ballote y Pilar Santos D\u00edaz, ambos de Acci\u00f3n Nacional.<\/p>\n<p>Por \u00faltimo, se distribuy\u00f3 la iniciativa para modificar la Ley de Procedimientos Electorales presentada por el gobernador Mauricio Vila Dosal y la secretaria General de Gobierno, Mar\u00eda Fritz Sierra.<\/p>\n<p>Por su parte, en la sesi\u00f3n de la comisi\u00f3n de Presupuesto, Patrimonio Estatal y Municipal, se aprob\u00f3 el proyecto de dictamen sobre las modificaciones a diversos art\u00edculos de la Ley de Ingresos para el Ejercicio Fiscal 2022, as\u00ed como de la Ley de Hacienda, ambas del municipio de Tekax.<\/p>\n","protected":false},"excerpt":{"rendered":"<p>M\u00e9rida, Yucat\u00e1n a 11 de abril de 2022.- Por sus m\u00e1s de 30 a\u00f1os en el servicio y una amplia trayectoria profesional en los niveles de secundaria, preparatoria, licenciatura, maestr\u00eda y doctorado, Carlos Alberto P\u00e9rez P\u00e9rez, fue el candidato seleccionado para recibir el reconocimiento \u201cA la Excelencia Docente del Estado de Yucat\u00e1n\u201d. En sesi\u00f3n de [&hellip;]<\/p>\n","protected":false},"author":2,"featured_media":90573,"comment_status":"closed","ping_status":"closed","sticky":false,"template":"","format":"standard","meta":{"footnotes":""},"categories":[3],"tags":[],"class_list":{"0":"post-90572","1":"post","2":"type-post","3":"status-publish","4":"format-standard","5":"has-post-thumbnail","7":"category-yucatan"},"yoast_head":"<!-- This site is optimized with the Yoast SEO plugin v27.4 - https:\/\/yoast.com\/product\/yoast-seo-wordpress\/ -->\n<title>Anuncian en comisi\u00f3n al recipiendario del reconocimiento \u201cA la Excelencia Docente del Estado de Yucat\u00e1n\u201d - Yucat\u00e1n en corto<\/title>\n<meta name=\"robots\" content=\"index, follow, max-snippet:-1, max-image-preview:large, max-video-preview:-1\" \/>\n<link rel=\"canonical\" href=\"https:\/\/www.yucatanencorto.com\/noticias\/anuncian-en-comision-al-recipiendario-del-reconocimiento-a-la-excelencia-docente-del-estado-de-yucatan\/\" \/>\n<meta property=\"og:locale\" content=\"es_ES\" \/>\n<meta property=\"og:type\" content=\"article\" \/>\n<meta property=\"og:title\" content=\"Anuncian en comisi\u00f3n al recipiendario del reconocimiento \u201cA la Excelencia Docente del Estado de Yucat\u00e1n\u201d - Yucat\u00e1n en corto\" \/>\n<meta property=\"og:description\" content=\"M\u00e9rida, Yucat\u00e1n a 11 de abril de 2022.- Por sus m\u00e1s de 30 a\u00f1os en el servicio y una amplia trayectoria profesional en los niveles de secundaria, preparatoria, licenciatura, maestr\u00eda y doctorado, Carlos Alberto P\u00e9rez P\u00e9rez, fue el candidato seleccionado para recibir el reconocimiento \u201cA la Excelencia Docente del Estado de Yucat\u00e1n\u201d. En sesi\u00f3n de [&hellip;]\" \/>\n<meta property=\"og:url\" content=\"https:\/\/www.yucatanencorto.com\/noticias\/anuncian-en-comision-al-recipiendario-del-reconocimiento-a-la-excelencia-docente-del-estado-de-yucatan\/\" \/>\n<meta property=\"og:site_name\" content=\"Yucat\u00e1n en corto\" \/>\n<meta property=\"article:publisher\" content=\"http:\/\/www.facebook.com\/yucatanencorto\" \/>\n<meta property=\"article:published_time\" content=\"2022-04-11T19:11:47+00:00\" \/>\n<meta property=\"article:modified_time\" content=\"2022-04-11T19:19:22+00:00\" \/>\n<meta property=\"og:image\" content=\"https:\/\/www.yucatanencorto.com\/noticias\/wp-content\/uploads\/2022\/04\/WhatsApp-Image-2022-04-11-at-2.08.20-PM-scaled.jpeg\" \/>\n\t<meta property=\"og:image:width\" content=\"768\" \/>\n\t<meta property=\"og:image:height\" content=\"512\" \/>\n\t<meta property=\"og:image:type\" content=\"image\/jpeg\" \/>\n<meta name=\"author\" content=\"Yucat\u00e1n en Corto FC\" \/>\n<meta name=\"twitter:card\" content=\"summary_large_image\" \/>\n<meta name=\"twitter:creator\" content=\"@yucatanencorto\" \/>\n<meta name=\"twitter:site\" content=\"@yucatanencorto\" \/>\n<meta name=\"twitter:label1\" content=\"Escrito por\" \/>\n\t<meta name=\"twitter:data1\" content=\"Yucat\u00e1n en Corto FC\" \/>\n\t<meta name=\"twitter:label2\" content=\"Tiempo de lectura\" \/>\n\t<meta name=\"twitter:data2\" content=\"3 minutos\" \/>\n<script type=\"application\/ld+json\" class=\"yoast-schema-graph\">{\"@context\":\"https:\\\/\\\/schema.org\",\"@graph\":[{\"@type\":\"Article\",\"@id\":\"https:\\\/\\\/www.yucatanencorto.com\\\/noticias\\\/anuncian-en-comision-al-recipiendario-del-reconocimiento-a-la-excelencia-docente-del-estado-de-yucatan\\\/#article\",\"isPartOf\":{\"@id\":\"https:\\\/\\\/www.yucatanencorto.com\\\/noticias\\\/anuncian-en-comision-al-recipiendario-del-reconocimiento-a-la-excelencia-docente-del-estado-de-yucatan\\\/\"},\"author\":{\"name\":\"Yucat\u00e1n en Corto FC\",\"@id\":\"https:\\\/\\\/www.yucatanencorto.com\\\/noticias\\\/#\\\/schema\\\/person\\\/14f82d355225a1f4075dd84a31f45a72\"},\"headline\":\"Anuncian en comisi\u00f3n al recipiendario del reconocimiento \u201cA la Excelencia Docente del Estado de Yucat\u00e1n\u201d\",\"datePublished\":\"2022-04-11T19:11:47+00:00\",\"dateModified\":\"2022-04-11T19:19:22+00:00\",\"mainEntityOfPage\":{\"@id\":\"https:\\\/\\\/www.yucatanencorto.com\\\/noticias\\\/anuncian-en-comision-al-recipiendario-del-reconocimiento-a-la-excelencia-docente-del-estado-de-yucatan\\\/\"},\"wordCount\":476,\"image\":{\"@id\":\"https:\\\/\\\/www.yucatanencorto.com\\\/noticias\\\/anuncian-en-comision-al-recipiendario-del-reconocimiento-a-la-excelencia-docente-del-estado-de-yucatan\\\/#primaryimage\"},\"thumbnailUrl\":\"https:\\\/\\\/www.yucatanencorto.com\\\/noticias\\\/wp-content\\\/uploads\\\/2022\\\/04\\\/WhatsApp-Image-2022-04-11-at-2.08.20-PM-scaled.jpeg\",\"articleSection\":[\"Yucat\u00e1n\"],\"inLanguage\":\"es\"},{\"@type\":\"WebPage\",\"@id\":\"https:\\\/\\\/www.yucatanencorto.com\\\/noticias\\\/anuncian-en-comision-al-recipiendario-del-reconocimiento-a-la-excelencia-docente-del-estado-de-yucatan\\\/\",\"url\":\"https:\\\/\\\/www.yucatanencorto.com\\\/noticias\\\/anuncian-en-comision-al-recipiendario-del-reconocimiento-a-la-excelencia-docente-del-estado-de-yucatan\\\/\",\"name\":\"Anuncian en comisi\u00f3n al recipiendario del reconocimiento \u201cA la Excelencia Docente del Estado de Yucat\u00e1n\u201d - Yucat\u00e1n en corto\",\"isPartOf\":{\"@id\":\"https:\\\/\\\/www.yucatanencorto.com\\\/noticias\\\/#website\"},\"primaryImageOfPage\":{\"@id\":\"https:\\\/\\\/www.yucatanencorto.com\\\/noticias\\\/anuncian-en-comision-al-recipiendario-del-reconocimiento-a-la-excelencia-docente-del-estado-de-yucatan\\\/#primaryimage\"},\"image\":{\"@id\":\"https:\\\/\\\/www.yucatanencorto.com\\\/noticias\\\/anuncian-en-comision-al-recipiendario-del-reconocimiento-a-la-excelencia-docente-del-estado-de-yucatan\\\/#primaryimage\"},\"thumbnailUrl\":\"https:\\\/\\\/www.yucatanencorto.com\\\/noticias\\\/wp-content\\\/uploads\\\/2022\\\/04\\\/WhatsApp-Image-2022-04-11-at-2.08.20-PM-scaled.jpeg\",\"datePublished\":\"2022-04-11T19:11:47+00:00\",\"dateModified\":\"2022-04-11T19:19:22+00:00\",\"author\":{\"@id\":\"https:\\\/\\\/www.yucatanencorto.com\\\/noticias\\\/#\\\/schema\\\/person\\\/14f82d355225a1f4075dd84a31f45a72\"},\"breadcrumb\":{\"@id\":\"https:\\\/\\\/www.yucatanencorto.com\\\/noticias\\\/anuncian-en-comision-al-recipiendario-del-reconocimiento-a-la-excelencia-docente-del-estado-de-yucatan\\\/#breadcrumb\"},\"inLanguage\":\"es\",\"potentialAction\":[{\"@type\":\"ReadAction\",\"target\":[\"https:\\\/\\\/www.yucatanencorto.com\\\/noticias\\\/anuncian-en-comision-al-recipiendario-del-reconocimiento-a-la-excelencia-docente-del-estado-de-yucatan\\\/\"]}]},{\"@type\":\"ImageObject\",\"inLanguage\":\"es\",\"@id\":\"https:\\\/\\\/www.yucatanencorto.com\\\/noticias\\\/anuncian-en-comision-al-recipiendario-del-reconocimiento-a-la-excelencia-docente-del-estado-de-yucatan\\\/#primaryimage\",\"url\":\"https:\\\/\\\/www.yucatanencorto.com\\\/noticias\\\/wp-content\\\/uploads\\\/2022\\\/04\\\/WhatsApp-Image-2022-04-11-at-2.08.20-PM-scaled.jpeg\",\"contentUrl\":\"https:\\\/\\\/www.yucatanencorto.com\\\/noticias\\\/wp-content\\\/uploads\\\/2022\\\/04\\\/WhatsApp-Image-2022-04-11-at-2.08.20-PM-scaled.jpeg\",\"width\":768,\"height\":512},{\"@type\":\"BreadcrumbList\",\"@id\":\"https:\\\/\\\/www.yucatanencorto.com\\\/noticias\\\/anuncian-en-comision-al-recipiendario-del-reconocimiento-a-la-excelencia-docente-del-estado-de-yucatan\\\/#breadcrumb\",\"itemListElement\":[{\"@type\":\"ListItem\",\"position\":1,\"name\":\"Portada\",\"item\":\"https:\\\/\\\/www.yucatanencorto.com\\\/noticias\\\/\"},{\"@type\":\"ListItem\",\"position\":2,\"name\":\"Anuncian en comisi\u00f3n al recipiendario del reconocimiento \u201cA la Excelencia Docente del Estado de Yucat\u00e1n\u201d\"}]},{\"@type\":\"WebSite\",\"@id\":\"https:\\\/\\\/www.yucatanencorto.com\\\/noticias\\\/#website\",\"url\":\"https:\\\/\\\/www.yucatanencorto.com\\\/noticias\\\/\",\"name\":\"Yucat\u00e1n en corto\",\"description\":\"Noticias\",\"potentialAction\":[{\"@type\":\"SearchAction\",\"target\":{\"@type\":\"EntryPoint\",\"urlTemplate\":\"https:\\\/\\\/www.yucatanencorto.com\\\/noticias\\\/?s={search_term_string}\"},\"query-input\":{\"@type\":\"PropertyValueSpecification\",\"valueRequired\":true,\"valueName\":\"search_term_string\"}}],\"inLanguage\":\"es\"},{\"@type\":\"Person\",\"@id\":\"https:\\\/\\\/www.yucatanencorto.com\\\/noticias\\\/#\\\/schema\\\/person\\\/14f82d355225a1f4075dd84a31f45a72\",\"name\":\"Yucat\u00e1n en Corto FC\",\"image\":{\"@type\":\"ImageObject\",\"inLanguage\":\"es\",\"@id\":\"https:\\\/\\\/secure.gravatar.com\\\/avatar\\\/147d4b30cd728c53c29c49a3f7834dedca33707f4cd259761355846009a88250?s=96&d=mm&r=g\",\"url\":\"https:\\\/\\\/secure.gravatar.com\\\/avatar\\\/147d4b30cd728c53c29c49a3f7834dedca33707f4cd259761355846009a88250?s=96&d=mm&r=g\",\"contentUrl\":\"https:\\\/\\\/secure.gravatar.com\\\/avatar\\\/147d4b30cd728c53c29c49a3f7834dedca33707f4cd259761355846009a88250?s=96&d=mm&r=g\",\"caption\":\"Yucat\u00e1n en Corto FC\"},\"url\":\"https:\\\/\\\/www.yucatanencorto.com\\\/noticias\\\/author\\\/flor\\\/\"}]}<\/script>\n<!-- \/ Yoast SEO plugin. -->","yoast_head_json":{"title":"Anuncian en comisi\u00f3n al recipiendario del reconocimiento \u201cA la Excelencia Docente del Estado de Yucat\u00e1n\u201d - Yucat\u00e1n en corto","robots":{"index":"index","follow":"follow","max-snippet":"max-snippet:-1","max-image-preview":"max-image-preview:large","max-video-preview":"max-video-preview:-1"},"canonical":"https:\/\/www.yucatanencorto.com\/noticias\/anuncian-en-comision-al-recipiendario-del-reconocimiento-a-la-excelencia-docente-del-estado-de-yucatan\/","og_locale":"es_ES","og_type":"article","og_title":"Anuncian en comisi\u00f3n al recipiendario del reconocimiento \u201cA la Excelencia Docente del Estado de Yucat\u00e1n\u201d - Yucat\u00e1n en corto","og_description":"M\u00e9rida, Yucat\u00e1n a 11 de abril de 2022.- Por sus m\u00e1s de 30 a\u00f1os en el servicio y una amplia trayectoria profesional en los niveles de secundaria, preparatoria, licenciatura, maestr\u00eda y doctorado, Carlos Alberto P\u00e9rez P\u00e9rez, fue el candidato seleccionado para recibir el reconocimiento \u201cA la Excelencia Docente del Estado de Yucat\u00e1n\u201d. En sesi\u00f3n de [&hellip;]","og_url":"https:\/\/www.yucatanencorto.com\/noticias\/anuncian-en-comision-al-recipiendario-del-reconocimiento-a-la-excelencia-docente-del-estado-de-yucatan\/","og_site_name":"Yucat\u00e1n en corto","article_publisher":"http:\/\/www.facebook.com\/yucatanencorto","article_published_time":"2022-04-11T19:11:47+00:00","article_modified_time":"2022-04-11T19:19:22+00:00","og_image":[{"width":768,"height":512,"url":"https:\/\/www.yucatanencorto.com\/noticias\/wp-content\/uploads\/2022\/04\/WhatsApp-Image-2022-04-11-at-2.08.20-PM-scaled.jpeg","type":"image\/jpeg"}],"author":"Yucat\u00e1n en Corto FC","twitter_card":"summary_large_image","twitter_creator":"@yucatanencorto","twitter_site":"@yucatanencorto","twitter_misc":{"Escrito por":"Yucat\u00e1n en Corto FC","Tiempo de lectura":"3 minutos"},"schema":{"@context":"https:\/\/schema.org","@graph":[{"@type":"Article","@id":"https:\/\/www.yucatanencorto.com\/noticias\/anuncian-en-comision-al-recipiendario-del-reconocimiento-a-la-excelencia-docente-del-estado-de-yucatan\/#article","isPartOf":{"@id":"https:\/\/www.yucatanencorto.com\/noticias\/anuncian-en-comision-al-recipiendario-del-reconocimiento-a-la-excelencia-docente-del-estado-de-yucatan\/"},"author":{"name":"Yucat\u00e1n en Corto FC","@id":"https:\/\/www.yucatanencorto.com\/noticias\/#\/schema\/person\/14f82d355225a1f4075dd84a31f45a72"},"headline":"Anuncian en comisi\u00f3n al recipiendario del reconocimiento \u201cA la Excelencia Docente del Estado de Yucat\u00e1n\u201d","datePublished":"2022-04-11T19:11:47+00:00","dateModified":"2022-04-11T19:19:22+00:00","mainEntityOfPage":{"@id":"https:\/\/www.yucatanencorto.com\/noticias\/anuncian-en-comision-al-recipiendario-del-reconocimiento-a-la-excelencia-docente-del-estado-de-yucatan\/"},"wordCount":476,"image":{"@id":"https:\/\/www.yucatanencorto.com\/noticias\/anuncian-en-comision-al-recipiendario-del-reconocimiento-a-la-excelencia-docente-del-estado-de-yucatan\/#primaryimage"},"thumbnailUrl":"https:\/\/www.yucatanencorto.com\/noticias\/wp-content\/uploads\/2022\/04\/WhatsApp-Image-2022-04-11-at-2.08.20-PM-scaled.jpeg","articleSection":["Yucat\u00e1n"],"inLanguage":"es"},{"@type":"WebPage","@id":"https:\/\/www.yucatanencorto.com\/noticias\/anuncian-en-comision-al-recipiendario-del-reconocimiento-a-la-excelencia-docente-del-estado-de-yucatan\/","url":"https:\/\/www.yucatanencorto.com\/noticias\/anuncian-en-comision-al-recipiendario-del-reconocimiento-a-la-excelencia-docente-del-estado-de-yucatan\/","name":"Anuncian en comisi\u00f3n al recipiendario del reconocimiento \u201cA la Excelencia Docente del Estado de Yucat\u00e1n\u201d - Yucat\u00e1n en corto","isPartOf":{"@id":"https:\/\/www.yucatanencorto.com\/noticias\/#website"},"primaryImageOfPage":{"@id":"https:\/\/www.yucatanencorto.com\/noticias\/anuncian-en-comision-al-recipiendario-del-reconocimiento-a-la-excelencia-docente-del-estado-de-yucatan\/#primaryimage"},"image":{"@id":"https:\/\/www.yucatanencorto.com\/noticias\/anuncian-en-comision-al-recipiendario-del-reconocimiento-a-la-excelencia-docente-del-estado-de-yucatan\/#primaryimage"},"thumbnailUrl":"https:\/\/www.yucatanencorto.com\/noticias\/wp-content\/uploads\/2022\/04\/WhatsApp-Image-2022-04-11-at-2.08.20-PM-scaled.jpeg","datePublished":"2022-04-11T19:11:47+00:00","dateModified":"2022-04-11T19:19:22+00:00","author":{"@id":"https:\/\/www.yucatanencorto.com\/noticias\/#\/schema\/person\/14f82d355225a1f4075dd84a31f45a72"},"breadcrumb":{"@id":"https:\/\/www.yucatanencorto.com\/noticias\/anuncian-en-comision-al-recipiendario-del-reconocimiento-a-la-excelencia-docente-del-estado-de-yucatan\/#breadcrumb"},"inLanguage":"es","potentialAction":[{"@type":"ReadAction","target":["https:\/\/www.yucatanencorto.com\/noticias\/anuncian-en-comision-al-recipiendario-del-reconocimiento-a-la-excelencia-docente-del-estado-de-yucatan\/"]}]},{"@type":"ImageObject","inLanguage":"es","@id":"https:\/\/www.yucatanencorto.com\/noticias\/anuncian-en-comision-al-recipiendario-del-reconocimiento-a-la-excelencia-docente-del-estado-de-yucatan\/#primaryimage","url":"https:\/\/www.yucatanencorto.com\/noticias\/wp-content\/uploads\/2022\/04\/WhatsApp-Image-2022-04-11-at-2.08.20-PM-scaled.jpeg","contentUrl":"https:\/\/www.yucatanencorto.com\/noticias\/wp-content\/uploads\/2022\/04\/WhatsApp-Image-2022-04-11-at-2.08.20-PM-scaled.jpeg","width":768,"height":512},{"@type":"BreadcrumbList","@id":"https:\/\/www.yucatanencorto.com\/noticias\/anuncian-en-comision-al-recipiendario-del-reconocimiento-a-la-excelencia-docente-del-estado-de-yucatan\/#breadcrumb","itemListElement":[{"@type":"ListItem","position":1,"name":"Portada","item":"https:\/\/www.yucatanencorto.com\/noticias\/"},{"@type":"ListItem","position":2,"name":"Anuncian en comisi\u00f3n al recipiendario del reconocimiento \u201cA la Excelencia Docente del Estado de Yucat\u00e1n\u201d"}]},{"@type":"WebSite","@id":"https:\/\/www.yucatanencorto.com\/noticias\/#website","url":"https:\/\/www.yucatanencorto.com\/noticias\/","name":"Yucat\u00e1n en corto","description":"Noticias","potentialAction":[{"@type":"SearchAction","target":{"@type":"EntryPoint","urlTemplate":"https:\/\/www.yucatanencorto.com\/noticias\/?s={search_term_string}"},"query-input":{"@type":"PropertyValueSpecification","valueRequired":true,"valueName":"search_term_string"}}],"inLanguage":"es"},{"@type":"Person","@id":"https:\/\/www.yucatanencorto.com\/noticias\/#\/schema\/person\/14f82d355225a1f4075dd84a31f45a72","name":"Yucat\u00e1n en Corto FC","image":{"@type":"ImageObject","inLanguage":"es","@id":"https:\/\/secure.gravatar.com\/avatar\/147d4b30cd728c53c29c49a3f7834dedca33707f4cd259761355846009a88250?s=96&d=mm&r=g","url":"https:\/\/secure.gravatar.com\/avatar\/147d4b30cd728c53c29c49a3f7834dedca33707f4cd259761355846009a88250?s=96&d=mm&r=g","contentUrl":"https:\/\/secure.gravatar.com\/avatar\/147d4b30cd728c53c29c49a3f7834dedca33707f4cd259761355846009a88250?s=96&d=mm&r=g","caption":"Yucat\u00e1n en Corto FC"},"url":"https:\/\/www.yucatanencorto.com\/noticias\/author\/flor\/"}]}},"_links":{"self":[{"href":"https:\/\/www.yucatanencorto.com\/noticias\/wp-json\/wp\/v2\/posts\/90572","targetHints":{"allow":["GET"]}}],"collection":[{"href":"https:\/\/www.yucatanencorto.com\/noticias\/wp-json\/wp\/v2\/posts"}],"about":[{"href":"https:\/\/www.yucatanencorto.com\/noticias\/wp-json\/wp\/v2\/types\/post"}],"author":[{"embeddable":true,"href":"https:\/\/www.yucatanencorto.com\/noticias\/wp-json\/wp\/v2\/users\/2"}],"replies":[{"embeddable":true,"href":"https:\/\/www.yucatanencorto.com\/noticias\/wp-json\/wp\/v2\/comments?post=90572"}],"version-history":[{"count":0,"href":"https:\/\/www.yucatanencorto.com\/noticias\/wp-json\/wp\/v2\/posts\/90572\/revisions"}],"wp:featuredmedia":[{"embeddable":true,"href":"https:\/\/www.yucatanencorto.com\/noticias\/wp-json\/wp\/v2\/media\/90573"}],"wp:attachment":[{"href":"https:\/\/www.yucatanencorto.com\/noticias\/wp-json\/wp\/v2\/media?parent=90572"}],"wp:term":[{"taxonomy":"category","embeddable":true,"href":"https:\/\/www.yucatanencorto.com\/noticias\/wp-json\/wp\/v2\/categories?post=90572"},{"taxonomy":"post_tag","embeddable":true,"href":"https:\/\/www.yucatanencorto.com\/noticias\/wp-json\/wp\/v2\/tags?post=90572"}],"curies":[{"name":"wp","href":"https:\/\/api.w.org\/{rel}","templated":true}]}}