{"id":90578,"date":"2022-04-11T15:00:14","date_gmt":"2022-04-11T20:00:14","guid":{"rendered":"https:\/\/www.yucatanencorto.com\/noticias\/?p=90578"},"modified":"2022-04-11T15:00:14","modified_gmt":"2022-04-11T20:00:14","slug":"yucatan-sede-del-congreso-mas-importante-de-acuacultura-a-nivel-mundial","status":"publish","type":"post","link":"https:\/\/www.yucatanencorto.com\/noticias\/yucatan-sede-del-congreso-mas-importante-de-acuacultura-a-nivel-mundial\/","title":{"rendered":"Yucat\u00e1n, sede del Congreso m\u00e1s importante de Acuacultura a nivel mundial"},"content":{"rendered":"<div>\n<p><img loading=\"lazy\" decoding=\"async\" class=\"alignnone size-full wp-image-90579\" src=\"https:\/\/www.yucatanencorto.com\/noticias\/wp-content\/uploads\/2022\/04\/0002-scaled.jpg\" alt=\"\" width=\"768\" height=\"547\" srcset=\"https:\/\/www.yucatanencorto.com\/noticias\/wp-content\/uploads\/2022\/04\/0002-scaled.jpg 768w, https:\/\/www.yucatanencorto.com\/noticias\/wp-content\/uploads\/2022\/04\/0002-696x496.jpg 696w, https:\/\/www.yucatanencorto.com\/noticias\/wp-content\/uploads\/2022\/04\/0002-1068x761.jpg 1068w, https:\/\/www.yucatanencorto.com\/noticias\/wp-content\/uploads\/2022\/04\/0002-589x420.jpg 589w, https:\/\/www.yucatanencorto.com\/noticias\/wp-content\/uploads\/2022\/04\/0002-100x70.jpg 100w\" sizes=\"auto, (max-width: 768px) 100vw, 768px\" \/><\/p>\n<p>M\u00e9rida, Yucat\u00e1n, 11 de abril de 2022.- Una vez m\u00e1s, Yucat\u00e1n se coloca ante los ojos del mundo al ser sede del encuentro de la Sociedad Mundial de Acuacultura 2022, el Congreso m\u00e1s importante a nivel mundial en esa materia y por lo que se convertir\u00e1 en la Capital del Mundo de la Acuacultura del 24 al 27 de mayo y atraer\u00e1 a m\u00e1s de 2,500 expertos e inversionistas de diferentes partes del mundo a la entidad y abonar\u00e1 a la reactivaci\u00f3n econ\u00f3mica local.<\/p>\n<\/div>\n<div>\n<p>Al brindar los pormenores sobre este importante evento que se desarrollar\u00e1 en el Centro Internacional de Congresos de Yucat\u00e1n (CIC), el presidente de la Sociedad Mundial de Acuacultura (WAS, por sus siglas en ingl\u00e9s), Antonio Garza de Yta, agradeci\u00f3 y felicit\u00f3 al Gobernador Mauricio Vila Dosal por su visi\u00f3n e inter\u00e9s en fomentar la acuacultura de forma sustentable en el estado y hacer posible este encuentro en el que se tendr\u00e1n ponencias, talleres, reuniones de trabajo, exposici\u00f3n comercial, galer\u00eda de arte, visitas t\u00e9cnicas a granjas y plantas de proceso de la regi\u00f3n, as\u00ed como eventos dedicados a la construcci\u00f3n de redes profesionales.<\/p>\n<p>\u201cEn el 2022 el 55% de todos los peces, crust\u00e1ceos y moluscos que se consumen a nivel mundial provienen de la acuacultura, es decir, es el sector con mayor crecimiento de producci\u00f3n primaria en el mundo y se estima que en el futuro pueda rebasar a otros como la ganader\u00eda ya que su proceso se lleva de forma sustentable y creemos que podemos darle ese empuje que le hace falta a M\u00e9xico para crecer en esta actividad por lo que desde Yucat\u00e1n, estaremos dando este impulso\u201d, se\u00f1al\u00f3 Garza de Yta.<\/p>\n<p>Por su parte, la encargada de la Direcci\u00f3n General Yucat\u00e1n Meetings, Virginia Arana P\u00e9rez, se\u00f1al\u00f3 que la atracci\u00f3n de este tipo de eventos a nuestro destino beneficiar\u00e1 de forma importante la econom\u00eda de Yucat\u00e1n, pues, se atender\u00e1n a m\u00e1s de 2,500 viajeros de congresos, \u201clo que sin duda nos ayuda a la reactivaci\u00f3n del estado en este tipo de turismo\u201d.<\/p>\n<p>Al tomar la palabra el titular de la Secretar\u00eda de Pesca y Acuacultura Sustentables de Yucat\u00e1n (Sepasy), Rafael Combaluzier Medina, se\u00f1al\u00f3 que para el Gobierno del Estado es importante estar a la vanguardia de las tendencias que tiene el mundo y en ese tema, la acuacultura no es el futuro sino el presente y Yucat\u00e1n tiene un gran potencial al contar con casi 400 kil\u00f3metros de costa, agua, r\u00edos subterr\u00e1neos en todo el estado, con una gran posibilidad de tener granjas de varios tipos de especies marinas.<\/p>\n<p>\u201cLa acuacultura es una gran oportunidad que se debe aprovechar en el estado y que, con este tipo de eventos se buscar\u00e1n aliados y los intercambios de experiencias y conocimientos que se brindar\u00e1n no s\u00f3lo ser\u00e1 un parteaguas para la Pen\u00ednsula sino, para todo el pa\u00eds y es un orgullo que conf\u00eden en el estado para llevarlo a cabo, as\u00ed que presentaremos a Yucat\u00e1n como una opci\u00f3n para invertir y potencializar esta actividad a beneficio de los trabajadores en la costa\u201d, afirm\u00f3 el funcionario estatal.<\/p>\n<p>En ese marco, el titular de la Sepasy record\u00f3 que desde el 2019 la Secretar\u00eda est\u00e1 trabajando en el cultivo de especies marinas y en la actualidad, se cuenta con 126 unidades acu\u00edcola donde se producen especies como jaiba, tilapia, camar\u00f3n, osti\u00f3n, langosta australiana y algas marinas; la unidad m\u00e1s grande tiene capacidad de producir mil toneladas al a\u00f1o de tilapia y la dependencia trabaja constantemente en la capacitaci\u00f3n y modernizaci\u00f3n de personal y sus unidades para que sean autosustentables.<\/p>\n<p>Se detall\u00f3 que, el Gobierno del Estado destinar\u00e1 un espacio en la Feria Comercial donde los productores locales podr\u00e1n ofertar sus productos, as\u00ed como tendr\u00e1n la oportunidad de tener citas y reuniones de negocios con los diferentes inversionistas que participar\u00e1n en busca de invertir su capital, para impulsar esta actividad en el estado.<\/p>\n<p>Por primera vez desde que se realizan este tipo de encuentros, se tendr\u00e1 un Foro de Inversi\u00f3n para la promoci\u00f3n de las actividades acu\u00edcolas que se est\u00e1n haciendo en M\u00e9xico, y de esta forma, atraer inversi\u00f3n a Yucat\u00e1n; se desarrollar\u00e1n Paneles de expertos a nivel mundial, 6 sesiones organizadas por la Organizaci\u00f3n de las Naciones Unidas (ONU), 4 conferencias magistrales y plenarias sobre los puntos m\u00e1s importantes de la acuacultura como el cultivo de algas marinas que puede ser la fuente de alimento de todos los ganados; sustentabilidad marina y terrestre a trav\u00e9s de los alimentos y la planeaci\u00f3n para llegar a una acuacultura sostenible y la importancia que tienen las asociaciones profesionales en el futuro de la acuacultura.<\/p>\n<p>Tambi\u00e9n, de forma in\u00e9dita se realizar\u00e1 una Feria Comercial con m\u00e1s de 2 mil participantes, que ser\u00e1 el alma de esta reuni\u00f3n con m\u00e1s de 80 stands para la muestra y oferta de productos, en la cual participar\u00e1n empresas de diferentes partes del mundo.<\/p>\n<p>Se contar\u00e1 con la participaci\u00f3n de la Organizaci\u00f3n de las Naciones Unidas para la Alimentaci\u00f3n y la Agricultura (FAO) y otros organismos internacionales, con el objetivo de realizar un intercambio de conocimiento, tecnolog\u00eda, innovaci\u00f3n y formaci\u00f3n de red de profesionales en temas como sanidad acu\u00edcola, nutrici\u00f3n y alimentaci\u00f3n, gen\u00e9tica, sistemas de producci\u00f3n, innovaci\u00f3n y sesiones enfocadas en el cultivo de especies como camar\u00f3n, tilapia y peces marinos. La Sociedad Mundial de Acuacultura es la organizaci\u00f3n de profesionales en el ramo m\u00e1s importante en el mundo, con miembros provenientes de m\u00e1s de 100 pa\u00edses.<\/p>\n<\/div>\n","protected":false},"excerpt":{"rendered":"<p>M\u00e9rida, Yucat\u00e1n, 11 de abril de 2022.- Una vez m\u00e1s, Yucat\u00e1n se coloca ante los ojos del mundo al ser sede del encuentro de la Sociedad Mundial de Acuacultura 2022, el Congreso m\u00e1s importante a nivel mundial en esa materia y por lo que se convertir\u00e1 en la Capital del Mundo de la Acuacultura del [&hellip;]<\/p>\n","protected":false},"author":2,"featured_media":90579,"comment_status":"closed","ping_status":"closed","sticky":false,"template":"","format":"standard","meta":{"footnotes":""},"categories":[3],"tags":[],"class_list":{"0":"post-90578","1":"post","2":"type-post","3":"status-publish","4":"format-standard","5":"has-post-thumbnail","7":"category-yucatan"},"yoast_head":"<!-- This site is optimized with the Yoast SEO plugin v27.4 - https:\/\/yoast.com\/product\/yoast-seo-wordpress\/ -->\n<title>Yucat\u00e1n, sede del Congreso m\u00e1s importante de Acuacultura a nivel mundial - Yucat\u00e1n en corto<\/title>\n<meta name=\"robots\" content=\"index, follow, max-snippet:-1, max-image-preview:large, max-video-preview:-1\" \/>\n<link rel=\"canonical\" href=\"https:\/\/www.yucatanencorto.com\/noticias\/yucatan-sede-del-congreso-mas-importante-de-acuacultura-a-nivel-mundial\/\" \/>\n<meta property=\"og:locale\" content=\"es_ES\" \/>\n<meta property=\"og:type\" content=\"article\" \/>\n<meta property=\"og:title\" content=\"Yucat\u00e1n, sede del Congreso m\u00e1s importante de Acuacultura a nivel mundial - Yucat\u00e1n en corto\" \/>\n<meta property=\"og:description\" content=\"M\u00e9rida, Yucat\u00e1n, 11 de abril de 2022.- Una vez m\u00e1s, Yucat\u00e1n se coloca ante los ojos del mundo al ser sede del encuentro de la Sociedad Mundial de Acuacultura 2022, el Congreso m\u00e1s importante a nivel mundial en esa materia y por lo que se convertir\u00e1 en la Capital del Mundo de la Acuacultura del [&hellip;]\" \/>\n<meta property=\"og:url\" content=\"https:\/\/www.yucatanencorto.com\/noticias\/yucatan-sede-del-congreso-mas-importante-de-acuacultura-a-nivel-mundial\/\" \/>\n<meta property=\"og:site_name\" content=\"Yucat\u00e1n en corto\" \/>\n<meta property=\"article:publisher\" content=\"http:\/\/www.facebook.com\/yucatanencorto\" \/>\n<meta property=\"article:published_time\" content=\"2022-04-11T20:00:14+00:00\" \/>\n<meta property=\"og:image\" content=\"https:\/\/www.yucatanencorto.com\/noticias\/wp-content\/uploads\/2022\/04\/0002-scaled.jpg\" \/>\n\t<meta property=\"og:image:width\" content=\"768\" \/>\n\t<meta property=\"og:image:height\" content=\"547\" \/>\n\t<meta property=\"og:image:type\" content=\"image\/jpeg\" \/>\n<meta name=\"author\" content=\"Yucat\u00e1n en Corto FC\" \/>\n<meta name=\"twitter:card\" content=\"summary_large_image\" \/>\n<meta name=\"twitter:creator\" content=\"@yucatanencorto\" \/>\n<meta name=\"twitter:site\" content=\"@yucatanencorto\" \/>\n<meta name=\"twitter:label1\" content=\"Escrito por\" \/>\n\t<meta name=\"twitter:data1\" content=\"Yucat\u00e1n en Corto FC\" \/>\n\t<meta name=\"twitter:label2\" content=\"Tiempo de lectura\" \/>\n\t<meta name=\"twitter:data2\" content=\"5 minutos\" \/>\n<script type=\"application\/ld+json\" class=\"yoast-schema-graph\">{\"@context\":\"https:\\\/\\\/schema.org\",\"@graph\":[{\"@type\":\"Article\",\"@id\":\"https:\\\/\\\/www.yucatanencorto.com\\\/noticias\\\/yucatan-sede-del-congreso-mas-importante-de-acuacultura-a-nivel-mundial\\\/#article\",\"isPartOf\":{\"@id\":\"https:\\\/\\\/www.yucatanencorto.com\\\/noticias\\\/yucatan-sede-del-congreso-mas-importante-de-acuacultura-a-nivel-mundial\\\/\"},\"author\":{\"name\":\"Yucat\u00e1n en Corto FC\",\"@id\":\"https:\\\/\\\/www.yucatanencorto.com\\\/noticias\\\/#\\\/schema\\\/person\\\/14f82d355225a1f4075dd84a31f45a72\"},\"headline\":\"Yucat\u00e1n, sede del Congreso m\u00e1s importante de Acuacultura a nivel mundial\",\"datePublished\":\"2022-04-11T20:00:14+00:00\",\"mainEntityOfPage\":{\"@id\":\"https:\\\/\\\/www.yucatanencorto.com\\\/noticias\\\/yucatan-sede-del-congreso-mas-importante-de-acuacultura-a-nivel-mundial\\\/\"},\"wordCount\":989,\"image\":{\"@id\":\"https:\\\/\\\/www.yucatanencorto.com\\\/noticias\\\/yucatan-sede-del-congreso-mas-importante-de-acuacultura-a-nivel-mundial\\\/#primaryimage\"},\"thumbnailUrl\":\"https:\\\/\\\/www.yucatanencorto.com\\\/noticias\\\/wp-content\\\/uploads\\\/2022\\\/04\\\/0002-scaled.jpg\",\"articleSection\":[\"Yucat\u00e1n\"],\"inLanguage\":\"es\"},{\"@type\":\"WebPage\",\"@id\":\"https:\\\/\\\/www.yucatanencorto.com\\\/noticias\\\/yucatan-sede-del-congreso-mas-importante-de-acuacultura-a-nivel-mundial\\\/\",\"url\":\"https:\\\/\\\/www.yucatanencorto.com\\\/noticias\\\/yucatan-sede-del-congreso-mas-importante-de-acuacultura-a-nivel-mundial\\\/\",\"name\":\"Yucat\u00e1n, sede del Congreso m\u00e1s importante de Acuacultura a nivel mundial - Yucat\u00e1n en corto\",\"isPartOf\":{\"@id\":\"https:\\\/\\\/www.yucatanencorto.com\\\/noticias\\\/#website\"},\"primaryImageOfPage\":{\"@id\":\"https:\\\/\\\/www.yucatanencorto.com\\\/noticias\\\/yucatan-sede-del-congreso-mas-importante-de-acuacultura-a-nivel-mundial\\\/#primaryimage\"},\"image\":{\"@id\":\"https:\\\/\\\/www.yucatanencorto.com\\\/noticias\\\/yucatan-sede-del-congreso-mas-importante-de-acuacultura-a-nivel-mundial\\\/#primaryimage\"},\"thumbnailUrl\":\"https:\\\/\\\/www.yucatanencorto.com\\\/noticias\\\/wp-content\\\/uploads\\\/2022\\\/04\\\/0002-scaled.jpg\",\"datePublished\":\"2022-04-11T20:00:14+00:00\",\"author\":{\"@id\":\"https:\\\/\\\/www.yucatanencorto.com\\\/noticias\\\/#\\\/schema\\\/person\\\/14f82d355225a1f4075dd84a31f45a72\"},\"breadcrumb\":{\"@id\":\"https:\\\/\\\/www.yucatanencorto.com\\\/noticias\\\/yucatan-sede-del-congreso-mas-importante-de-acuacultura-a-nivel-mundial\\\/#breadcrumb\"},\"inLanguage\":\"es\",\"potentialAction\":[{\"@type\":\"ReadAction\",\"target\":[\"https:\\\/\\\/www.yucatanencorto.com\\\/noticias\\\/yucatan-sede-del-congreso-mas-importante-de-acuacultura-a-nivel-mundial\\\/\"]}]},{\"@type\":\"ImageObject\",\"inLanguage\":\"es\",\"@id\":\"https:\\\/\\\/www.yucatanencorto.com\\\/noticias\\\/yucatan-sede-del-congreso-mas-importante-de-acuacultura-a-nivel-mundial\\\/#primaryimage\",\"url\":\"https:\\\/\\\/www.yucatanencorto.com\\\/noticias\\\/wp-content\\\/uploads\\\/2022\\\/04\\\/0002-scaled.jpg\",\"contentUrl\":\"https:\\\/\\\/www.yucatanencorto.com\\\/noticias\\\/wp-content\\\/uploads\\\/2022\\\/04\\\/0002-scaled.jpg\",\"width\":768,\"height\":547},{\"@type\":\"BreadcrumbList\",\"@id\":\"https:\\\/\\\/www.yucatanencorto.com\\\/noticias\\\/yucatan-sede-del-congreso-mas-importante-de-acuacultura-a-nivel-mundial\\\/#breadcrumb\",\"itemListElement\":[{\"@type\":\"ListItem\",\"position\":1,\"name\":\"Portada\",\"item\":\"https:\\\/\\\/www.yucatanencorto.com\\\/noticias\\\/\"},{\"@type\":\"ListItem\",\"position\":2,\"name\":\"Yucat\u00e1n, sede del Congreso m\u00e1s importante de Acuacultura a nivel mundial\"}]},{\"@type\":\"WebSite\",\"@id\":\"https:\\\/\\\/www.yucatanencorto.com\\\/noticias\\\/#website\",\"url\":\"https:\\\/\\\/www.yucatanencorto.com\\\/noticias\\\/\",\"name\":\"Yucat\u00e1n en corto\",\"description\":\"Noticias\",\"potentialAction\":[{\"@type\":\"SearchAction\",\"target\":{\"@type\":\"EntryPoint\",\"urlTemplate\":\"https:\\\/\\\/www.yucatanencorto.com\\\/noticias\\\/?s={search_term_string}\"},\"query-input\":{\"@type\":\"PropertyValueSpecification\",\"valueRequired\":true,\"valueName\":\"search_term_string\"}}],\"inLanguage\":\"es\"},{\"@type\":\"Person\",\"@id\":\"https:\\\/\\\/www.yucatanencorto.com\\\/noticias\\\/#\\\/schema\\\/person\\\/14f82d355225a1f4075dd84a31f45a72\",\"name\":\"Yucat\u00e1n en Corto FC\",\"image\":{\"@type\":\"ImageObject\",\"inLanguage\":\"es\",\"@id\":\"https:\\\/\\\/secure.gravatar.com\\\/avatar\\\/147d4b30cd728c53c29c49a3f7834dedca33707f4cd259761355846009a88250?s=96&d=mm&r=g\",\"url\":\"https:\\\/\\\/secure.gravatar.com\\\/avatar\\\/147d4b30cd728c53c29c49a3f7834dedca33707f4cd259761355846009a88250?s=96&d=mm&r=g\",\"contentUrl\":\"https:\\\/\\\/secure.gravatar.com\\\/avatar\\\/147d4b30cd728c53c29c49a3f7834dedca33707f4cd259761355846009a88250?s=96&d=mm&r=g\",\"caption\":\"Yucat\u00e1n en Corto FC\"},\"url\":\"https:\\\/\\\/www.yucatanencorto.com\\\/noticias\\\/author\\\/flor\\\/\"}]}<\/script>\n<!-- \/ Yoast SEO plugin. -->","yoast_head_json":{"title":"Yucat\u00e1n, sede del Congreso m\u00e1s importante de Acuacultura a nivel mundial - Yucat\u00e1n en corto","robots":{"index":"index","follow":"follow","max-snippet":"max-snippet:-1","max-image-preview":"max-image-preview:large","max-video-preview":"max-video-preview:-1"},"canonical":"https:\/\/www.yucatanencorto.com\/noticias\/yucatan-sede-del-congreso-mas-importante-de-acuacultura-a-nivel-mundial\/","og_locale":"es_ES","og_type":"article","og_title":"Yucat\u00e1n, sede del Congreso m\u00e1s importante de Acuacultura a nivel mundial - Yucat\u00e1n en corto","og_description":"M\u00e9rida, Yucat\u00e1n, 11 de abril de 2022.- Una vez m\u00e1s, Yucat\u00e1n se coloca ante los ojos del mundo al ser sede del encuentro de la Sociedad Mundial de Acuacultura 2022, el Congreso m\u00e1s importante a nivel mundial en esa materia y por lo que se convertir\u00e1 en la Capital del Mundo de la Acuacultura del [&hellip;]","og_url":"https:\/\/www.yucatanencorto.com\/noticias\/yucatan-sede-del-congreso-mas-importante-de-acuacultura-a-nivel-mundial\/","og_site_name":"Yucat\u00e1n en corto","article_publisher":"http:\/\/www.facebook.com\/yucatanencorto","article_published_time":"2022-04-11T20:00:14+00:00","og_image":[{"width":768,"height":547,"url":"https:\/\/www.yucatanencorto.com\/noticias\/wp-content\/uploads\/2022\/04\/0002-scaled.jpg","type":"image\/jpeg"}],"author":"Yucat\u00e1n en Corto FC","twitter_card":"summary_large_image","twitter_creator":"@yucatanencorto","twitter_site":"@yucatanencorto","twitter_misc":{"Escrito por":"Yucat\u00e1n en Corto FC","Tiempo de lectura":"5 minutos"},"schema":{"@context":"https:\/\/schema.org","@graph":[{"@type":"Article","@id":"https:\/\/www.yucatanencorto.com\/noticias\/yucatan-sede-del-congreso-mas-importante-de-acuacultura-a-nivel-mundial\/#article","isPartOf":{"@id":"https:\/\/www.yucatanencorto.com\/noticias\/yucatan-sede-del-congreso-mas-importante-de-acuacultura-a-nivel-mundial\/"},"author":{"name":"Yucat\u00e1n en Corto FC","@id":"https:\/\/www.yucatanencorto.com\/noticias\/#\/schema\/person\/14f82d355225a1f4075dd84a31f45a72"},"headline":"Yucat\u00e1n, sede del Congreso m\u00e1s importante de Acuacultura a nivel mundial","datePublished":"2022-04-11T20:00:14+00:00","mainEntityOfPage":{"@id":"https:\/\/www.yucatanencorto.com\/noticias\/yucatan-sede-del-congreso-mas-importante-de-acuacultura-a-nivel-mundial\/"},"wordCount":989,"image":{"@id":"https:\/\/www.yucatanencorto.com\/noticias\/yucatan-sede-del-congreso-mas-importante-de-acuacultura-a-nivel-mundial\/#primaryimage"},"thumbnailUrl":"https:\/\/www.yucatanencorto.com\/noticias\/wp-content\/uploads\/2022\/04\/0002-scaled.jpg","articleSection":["Yucat\u00e1n"],"inLanguage":"es"},{"@type":"WebPage","@id":"https:\/\/www.yucatanencorto.com\/noticias\/yucatan-sede-del-congreso-mas-importante-de-acuacultura-a-nivel-mundial\/","url":"https:\/\/www.yucatanencorto.com\/noticias\/yucatan-sede-del-congreso-mas-importante-de-acuacultura-a-nivel-mundial\/","name":"Yucat\u00e1n, sede del Congreso m\u00e1s importante de Acuacultura a nivel mundial - Yucat\u00e1n en corto","isPartOf":{"@id":"https:\/\/www.yucatanencorto.com\/noticias\/#website"},"primaryImageOfPage":{"@id":"https:\/\/www.yucatanencorto.com\/noticias\/yucatan-sede-del-congreso-mas-importante-de-acuacultura-a-nivel-mundial\/#primaryimage"},"image":{"@id":"https:\/\/www.yucatanencorto.com\/noticias\/yucatan-sede-del-congreso-mas-importante-de-acuacultura-a-nivel-mundial\/#primaryimage"},"thumbnailUrl":"https:\/\/www.yucatanencorto.com\/noticias\/wp-content\/uploads\/2022\/04\/0002-scaled.jpg","datePublished":"2022-04-11T20:00:14+00:00","author":{"@id":"https:\/\/www.yucatanencorto.com\/noticias\/#\/schema\/person\/14f82d355225a1f4075dd84a31f45a72"},"breadcrumb":{"@id":"https:\/\/www.yucatanencorto.com\/noticias\/yucatan-sede-del-congreso-mas-importante-de-acuacultura-a-nivel-mundial\/#breadcrumb"},"inLanguage":"es","potentialAction":[{"@type":"ReadAction","target":["https:\/\/www.yucatanencorto.com\/noticias\/yucatan-sede-del-congreso-mas-importante-de-acuacultura-a-nivel-mundial\/"]}]},{"@type":"ImageObject","inLanguage":"es","@id":"https:\/\/www.yucatanencorto.com\/noticias\/yucatan-sede-del-congreso-mas-importante-de-acuacultura-a-nivel-mundial\/#primaryimage","url":"https:\/\/www.yucatanencorto.com\/noticias\/wp-content\/uploads\/2022\/04\/0002-scaled.jpg","contentUrl":"https:\/\/www.yucatanencorto.com\/noticias\/wp-content\/uploads\/2022\/04\/0002-scaled.jpg","width":768,"height":547},{"@type":"BreadcrumbList","@id":"https:\/\/www.yucatanencorto.com\/noticias\/yucatan-sede-del-congreso-mas-importante-de-acuacultura-a-nivel-mundial\/#breadcrumb","itemListElement":[{"@type":"ListItem","position":1,"name":"Portada","item":"https:\/\/www.yucatanencorto.com\/noticias\/"},{"@type":"ListItem","position":2,"name":"Yucat\u00e1n, sede del Congreso m\u00e1s importante de Acuacultura a nivel mundial"}]},{"@type":"WebSite","@id":"https:\/\/www.yucatanencorto.com\/noticias\/#website","url":"https:\/\/www.yucatanencorto.com\/noticias\/","name":"Yucat\u00e1n en corto","description":"Noticias","potentialAction":[{"@type":"SearchAction","target":{"@type":"EntryPoint","urlTemplate":"https:\/\/www.yucatanencorto.com\/noticias\/?s={search_term_string}"},"query-input":{"@type":"PropertyValueSpecification","valueRequired":true,"valueName":"search_term_string"}}],"inLanguage":"es"},{"@type":"Person","@id":"https:\/\/www.yucatanencorto.com\/noticias\/#\/schema\/person\/14f82d355225a1f4075dd84a31f45a72","name":"Yucat\u00e1n en Corto FC","image":{"@type":"ImageObject","inLanguage":"es","@id":"https:\/\/secure.gravatar.com\/avatar\/147d4b30cd728c53c29c49a3f7834dedca33707f4cd259761355846009a88250?s=96&d=mm&r=g","url":"https:\/\/secure.gravatar.com\/avatar\/147d4b30cd728c53c29c49a3f7834dedca33707f4cd259761355846009a88250?s=96&d=mm&r=g","contentUrl":"https:\/\/secure.gravatar.com\/avatar\/147d4b30cd728c53c29c49a3f7834dedca33707f4cd259761355846009a88250?s=96&d=mm&r=g","caption":"Yucat\u00e1n en Corto FC"},"url":"https:\/\/www.yucatanencorto.com\/noticias\/author\/flor\/"}]}},"_links":{"self":[{"href":"https:\/\/www.yucatanencorto.com\/noticias\/wp-json\/wp\/v2\/posts\/90578","targetHints":{"allow":["GET"]}}],"collection":[{"href":"https:\/\/www.yucatanencorto.com\/noticias\/wp-json\/wp\/v2\/posts"}],"about":[{"href":"https:\/\/www.yucatanencorto.com\/noticias\/wp-json\/wp\/v2\/types\/post"}],"author":[{"embeddable":true,"href":"https:\/\/www.yucatanencorto.com\/noticias\/wp-json\/wp\/v2\/users\/2"}],"replies":[{"embeddable":true,"href":"https:\/\/www.yucatanencorto.com\/noticias\/wp-json\/wp\/v2\/comments?post=90578"}],"version-history":[{"count":0,"href":"https:\/\/www.yucatanencorto.com\/noticias\/wp-json\/wp\/v2\/posts\/90578\/revisions"}],"wp:featuredmedia":[{"embeddable":true,"href":"https:\/\/www.yucatanencorto.com\/noticias\/wp-json\/wp\/v2\/media\/90579"}],"wp:attachment":[{"href":"https:\/\/www.yucatanencorto.com\/noticias\/wp-json\/wp\/v2\/media?parent=90578"}],"wp:term":[{"taxonomy":"category","embeddable":true,"href":"https:\/\/www.yucatanencorto.com\/noticias\/wp-json\/wp\/v2\/categories?post=90578"},{"taxonomy":"post_tag","embeddable":true,"href":"https:\/\/www.yucatanencorto.com\/noticias\/wp-json\/wp\/v2\/tags?post=90578"}],"curies":[{"name":"wp","href":"https:\/\/api.w.org\/{rel}","templated":true}]}}