{"id":90581,"date":"2022-04-11T15:05:38","date_gmt":"2022-04-11T20:05:38","guid":{"rendered":"https:\/\/www.yucatanencorto.com\/noticias\/?p=90581"},"modified":"2022-04-11T15:05:38","modified_gmt":"2022-04-11T20:05:38","slug":"eventos-gratuitos-enmarcan-la-celebracion-por-el-dia-de-la-nina-y-el-nino","status":"publish","type":"post","link":"https:\/\/www.yucatanencorto.com\/noticias\/eventos-gratuitos-enmarcan-la-celebracion-por-el-dia-de-la-nina-y-el-nino\/","title":{"rendered":"Eventos gratuitos enmarcan la celebraci\u00f3n por el D\u00eda de la ni\u00f1a y el ni\u00f1o"},"content":{"rendered":"<p><img loading=\"lazy\" decoding=\"async\" class=\"alignnone size-full wp-image-90582\" src=\"https:\/\/www.yucatanencorto.com\/noticias\/wp-content\/uploads\/2022\/04\/Coro-de-Camara-de-Yucatan-scaled.jpg\" alt=\"\" width=\"768\" height=\"432\" srcset=\"https:\/\/www.yucatanencorto.com\/noticias\/wp-content\/uploads\/2022\/04\/Coro-de-Camara-de-Yucatan-scaled.jpg 768w, https:\/\/www.yucatanencorto.com\/noticias\/wp-content\/uploads\/2022\/04\/Coro-de-Camara-de-Yucatan-696x392.jpg 696w, https:\/\/www.yucatanencorto.com\/noticias\/wp-content\/uploads\/2022\/04\/Coro-de-Camara-de-Yucatan-747x420.jpg 747w\" sizes=\"auto, (max-width: 768px) 100vw, 768px\" \/><\/p>\n<p>M\u00e9rida, Yucat\u00e1n, 11 de abril de 2022.-Espect\u00e1culos de m\u00fasica, teatro y danza, adem\u00e1s de proyecciones de cine infantil y talleres impartidos por destacados artistas de la literatura e ilustraci\u00f3n, son tan solo algunas actividades que la Secretar\u00eda de la Cultura y las Artes (Sedeculta) tiene en el programa especial para celebrar a las ni\u00f1as y ni\u00f1os de la entidad.<\/p>\n<p>Ser\u00e1n 27 actividades gratuitas que se realizar\u00e1n del 16 al 30 de abril, en 9 sedes distintas, entre centros culturales, museos y teatros, con el \u00e1nimo de fomentar el acercamiento a expresiones culturales que permitan un mejor desarrollo social, instrucci\u00f3n del Gobernador Mauricio Vila Dosal.<\/p>\n<p>Una de las actividades m\u00e1s destacadas se llevar\u00e1 a cabo el 30 de abril, en punto de las 11:00 horas, el teatro \u201cJos\u00e9 Pe\u00f3n Contreras\u201d que recibir\u00e1 a la Banda Sinf\u00f3nica de Yucat\u00e1n \u201cLuis Luna Guarneros\u201d con su concierto gratuito titulado \u201cMagia de la infancia\u201d, cuyo repertorio se compone de canciones emblem\u00e1ticas del s\u00e9ptimo arte, entre las que destacan \u201cEl Rey Le\u00f3n\u201d, \u201cFrozen\u201d, \u201cLos Aristogatos\u201d y \u201cStar Wars\u201d.<\/p>\n<p>La entrada es libre, pero con boleto en mano, mismos que pueden adquirirse en la taquilla del recinto ubicado en la calle 60 por 57 y 59 del centro de M\u00e9rida, a partir del martes 12 de abril hasta agotarse. Los horarios para acudir son martes y mi\u00e9rcoles de 9:00 a 20:00 horas y jueves de 9:00 a 14:00.<\/p>\n<p>En el mismo teatro, pero el 27 de abril a las 18:00 horas, el Coro de C\u00e1mara de Yucat\u00e1n ofrecer\u00e1 \u201cCantos para la ni\u00f1ez yucateca\u201d con un repertorio variado que incluye rondas y juegos infantiles, as\u00ed como algunas piezas de Cri Cri.<\/p>\n<p>En coordinaci\u00f3n con el Instituto Mexicano de Cinematograf\u00eda (Imcine), en la sala Mayamax del Gran Museo del Mundo Maya se proyectar\u00e1n cortometrajes dirigidos al p\u00fablico infantil en los que se abordan temas como la amistad, la comunicaci\u00f3n e independencia. Las funciones est\u00e1n previstas para el 17, 24 y 29 de abril.<\/p>\n<p>En cuanto a colaboraciones con creadores art\u00edsticos de renombre, el ilustrador Fabricio Vanden Broeck quien tiene una trayectoria de m\u00e1s de 30 a\u00f1os en este rubro, realizar\u00e1 una proyecci\u00f3n de libros en los que resalta su trabajo y compartir\u00e1 con ni\u00f1as, ni\u00f1os y sus tutores, an\u00e9cdotas y parte de su obra. Esto ser\u00e1 el 28 y 29 de abril, por la ma\u00f1ana.<\/p>\n<p>Tambi\u00e9n se contemplan actividades virtuales, como el concierto did\u00e1ctico de la Banda Juvenil \u201cFilibertho Tin\u00e1h\u201d del municipio de Tizim\u00edn; las y los integrantes realizar\u00e1n, a trav\u00e9s del canal de Youtube del Palacio de la M\u00fasica \u2013 Centro Nacional de la M\u00fasica Mexicana.<\/p>\n<p>La agrupaci\u00f3n realizar\u00e1 una demostraci\u00f3n de sus habilidades para que los espectadores conozcan los instrumentos que la conforman e identifiquen su sonido. La transmisi\u00f3n se podr\u00e1 seguir por la referida plataforma digital el 28 de abril a las 19:15 horas.<\/p>\n<p>El Centro de Apoyo a la Investigaci\u00f3n Literaria e Hist\u00f3rica de Yucat\u00e1n (Cahily) ha incluido un taller a distancia dirigido a ni\u00f1as y ni\u00f1os de seis a\u00f1os en adelante, para conocer aspectos significativos de la flora y fauna de nuestra regi\u00f3n. Este se realizar\u00e1 el 30 de abril a las 10:00 horas y las inscripciones son al correo: lostalleresdelabiblioteca@gmail.com.<\/p>\n<p>Los eventos, a detalle y con la informaci\u00f3n de los sitios donde se efectuar\u00e1n los eventos, se pueden consultar en https:\/\/cultura.yucatan.gob.mx\/, y en las redes sociales de la dependencia.<\/p>\n","protected":false},"excerpt":{"rendered":"<p>M\u00e9rida, Yucat\u00e1n, 11 de abril de 2022.-Espect\u00e1culos de m\u00fasica, teatro y danza, adem\u00e1s de proyecciones de cine infantil y talleres impartidos por destacados artistas de la literatura e ilustraci\u00f3n, son tan solo algunas actividades que la Secretar\u00eda de la Cultura y las Artes (Sedeculta) tiene en el programa especial para celebrar a las ni\u00f1as y [&hellip;]<\/p>\n","protected":false},"author":2,"featured_media":90582,"comment_status":"closed","ping_status":"closed","sticky":false,"template":"","format":"standard","meta":{"footnotes":""},"categories":[7],"tags":[],"class_list":{"0":"post-90581","1":"post","2":"type-post","3":"status-publish","4":"format-standard","5":"has-post-thumbnail","7":"category-cultura"},"yoast_head":"<!-- This site is optimized with the Yoast SEO plugin v27.4 - https:\/\/yoast.com\/product\/yoast-seo-wordpress\/ -->\n<title>Eventos gratuitos enmarcan la celebraci\u00f3n por el D\u00eda de la ni\u00f1a y el ni\u00f1o - Yucat\u00e1n en corto<\/title>\n<meta name=\"robots\" content=\"index, follow, max-snippet:-1, max-image-preview:large, max-video-preview:-1\" \/>\n<link rel=\"canonical\" href=\"https:\/\/www.yucatanencorto.com\/noticias\/eventos-gratuitos-enmarcan-la-celebracion-por-el-dia-de-la-nina-y-el-nino\/\" \/>\n<meta property=\"og:locale\" content=\"es_ES\" \/>\n<meta property=\"og:type\" content=\"article\" \/>\n<meta property=\"og:title\" content=\"Eventos gratuitos enmarcan la celebraci\u00f3n por el D\u00eda de la ni\u00f1a y el ni\u00f1o - Yucat\u00e1n en corto\" \/>\n<meta property=\"og:description\" content=\"M\u00e9rida, Yucat\u00e1n, 11 de abril de 2022.-Espect\u00e1culos de m\u00fasica, teatro y danza, adem\u00e1s de proyecciones de cine infantil y talleres impartidos por destacados artistas de la literatura e ilustraci\u00f3n, son tan solo algunas actividades que la Secretar\u00eda de la Cultura y las Artes (Sedeculta) tiene en el programa especial para celebrar a las ni\u00f1as y [&hellip;]\" \/>\n<meta property=\"og:url\" content=\"https:\/\/www.yucatanencorto.com\/noticias\/eventos-gratuitos-enmarcan-la-celebracion-por-el-dia-de-la-nina-y-el-nino\/\" \/>\n<meta property=\"og:site_name\" content=\"Yucat\u00e1n en corto\" \/>\n<meta property=\"article:publisher\" content=\"http:\/\/www.facebook.com\/yucatanencorto\" \/>\n<meta property=\"article:published_time\" content=\"2022-04-11T20:05:38+00:00\" \/>\n<meta property=\"og:image\" content=\"https:\/\/www.yucatanencorto.com\/noticias\/wp-content\/uploads\/2022\/04\/Coro-de-Camara-de-Yucatan-scaled.jpg\" \/>\n\t<meta property=\"og:image:width\" content=\"768\" \/>\n\t<meta property=\"og:image:height\" content=\"432\" \/>\n\t<meta property=\"og:image:type\" content=\"image\/jpeg\" \/>\n<meta name=\"author\" content=\"Yucat\u00e1n en Corto FC\" \/>\n<meta name=\"twitter:card\" content=\"summary_large_image\" \/>\n<meta name=\"twitter:creator\" content=\"@yucatanencorto\" \/>\n<meta name=\"twitter:site\" content=\"@yucatanencorto\" \/>\n<meta name=\"twitter:label1\" content=\"Escrito por\" \/>\n\t<meta name=\"twitter:data1\" content=\"Yucat\u00e1n en Corto FC\" \/>\n\t<meta name=\"twitter:label2\" content=\"Tiempo de lectura\" \/>\n\t<meta name=\"twitter:data2\" content=\"3 minutos\" \/>\n<script type=\"application\/ld+json\" class=\"yoast-schema-graph\">{\"@context\":\"https:\\\/\\\/schema.org\",\"@graph\":[{\"@type\":\"Article\",\"@id\":\"https:\\\/\\\/www.yucatanencorto.com\\\/noticias\\\/eventos-gratuitos-enmarcan-la-celebracion-por-el-dia-de-la-nina-y-el-nino\\\/#article\",\"isPartOf\":{\"@id\":\"https:\\\/\\\/www.yucatanencorto.com\\\/noticias\\\/eventos-gratuitos-enmarcan-la-celebracion-por-el-dia-de-la-nina-y-el-nino\\\/\"},\"author\":{\"name\":\"Yucat\u00e1n en Corto FC\",\"@id\":\"https:\\\/\\\/www.yucatanencorto.com\\\/noticias\\\/#\\\/schema\\\/person\\\/14f82d355225a1f4075dd84a31f45a72\"},\"headline\":\"Eventos gratuitos enmarcan la celebraci\u00f3n por el D\u00eda de la ni\u00f1a y el ni\u00f1o\",\"datePublished\":\"2022-04-11T20:05:38+00:00\",\"mainEntityOfPage\":{\"@id\":\"https:\\\/\\\/www.yucatanencorto.com\\\/noticias\\\/eventos-gratuitos-enmarcan-la-celebracion-por-el-dia-de-la-nina-y-el-nino\\\/\"},\"wordCount\":610,\"image\":{\"@id\":\"https:\\\/\\\/www.yucatanencorto.com\\\/noticias\\\/eventos-gratuitos-enmarcan-la-celebracion-por-el-dia-de-la-nina-y-el-nino\\\/#primaryimage\"},\"thumbnailUrl\":\"https:\\\/\\\/www.yucatanencorto.com\\\/noticias\\\/wp-content\\\/uploads\\\/2022\\\/04\\\/Coro-de-Camara-de-Yucatan-scaled.jpg\",\"articleSection\":[\"Cultura\"],\"inLanguage\":\"es\"},{\"@type\":\"WebPage\",\"@id\":\"https:\\\/\\\/www.yucatanencorto.com\\\/noticias\\\/eventos-gratuitos-enmarcan-la-celebracion-por-el-dia-de-la-nina-y-el-nino\\\/\",\"url\":\"https:\\\/\\\/www.yucatanencorto.com\\\/noticias\\\/eventos-gratuitos-enmarcan-la-celebracion-por-el-dia-de-la-nina-y-el-nino\\\/\",\"name\":\"Eventos gratuitos enmarcan la celebraci\u00f3n por el D\u00eda de la ni\u00f1a y el ni\u00f1o - Yucat\u00e1n en corto\",\"isPartOf\":{\"@id\":\"https:\\\/\\\/www.yucatanencorto.com\\\/noticias\\\/#website\"},\"primaryImageOfPage\":{\"@id\":\"https:\\\/\\\/www.yucatanencorto.com\\\/noticias\\\/eventos-gratuitos-enmarcan-la-celebracion-por-el-dia-de-la-nina-y-el-nino\\\/#primaryimage\"},\"image\":{\"@id\":\"https:\\\/\\\/www.yucatanencorto.com\\\/noticias\\\/eventos-gratuitos-enmarcan-la-celebracion-por-el-dia-de-la-nina-y-el-nino\\\/#primaryimage\"},\"thumbnailUrl\":\"https:\\\/\\\/www.yucatanencorto.com\\\/noticias\\\/wp-content\\\/uploads\\\/2022\\\/04\\\/Coro-de-Camara-de-Yucatan-scaled.jpg\",\"datePublished\":\"2022-04-11T20:05:38+00:00\",\"author\":{\"@id\":\"https:\\\/\\\/www.yucatanencorto.com\\\/noticias\\\/#\\\/schema\\\/person\\\/14f82d355225a1f4075dd84a31f45a72\"},\"breadcrumb\":{\"@id\":\"https:\\\/\\\/www.yucatanencorto.com\\\/noticias\\\/eventos-gratuitos-enmarcan-la-celebracion-por-el-dia-de-la-nina-y-el-nino\\\/#breadcrumb\"},\"inLanguage\":\"es\",\"potentialAction\":[{\"@type\":\"ReadAction\",\"target\":[\"https:\\\/\\\/www.yucatanencorto.com\\\/noticias\\\/eventos-gratuitos-enmarcan-la-celebracion-por-el-dia-de-la-nina-y-el-nino\\\/\"]}]},{\"@type\":\"ImageObject\",\"inLanguage\":\"es\",\"@id\":\"https:\\\/\\\/www.yucatanencorto.com\\\/noticias\\\/eventos-gratuitos-enmarcan-la-celebracion-por-el-dia-de-la-nina-y-el-nino\\\/#primaryimage\",\"url\":\"https:\\\/\\\/www.yucatanencorto.com\\\/noticias\\\/wp-content\\\/uploads\\\/2022\\\/04\\\/Coro-de-Camara-de-Yucatan-scaled.jpg\",\"contentUrl\":\"https:\\\/\\\/www.yucatanencorto.com\\\/noticias\\\/wp-content\\\/uploads\\\/2022\\\/04\\\/Coro-de-Camara-de-Yucatan-scaled.jpg\",\"width\":768,\"height\":432},{\"@type\":\"BreadcrumbList\",\"@id\":\"https:\\\/\\\/www.yucatanencorto.com\\\/noticias\\\/eventos-gratuitos-enmarcan-la-celebracion-por-el-dia-de-la-nina-y-el-nino\\\/#breadcrumb\",\"itemListElement\":[{\"@type\":\"ListItem\",\"position\":1,\"name\":\"Portada\",\"item\":\"https:\\\/\\\/www.yucatanencorto.com\\\/noticias\\\/\"},{\"@type\":\"ListItem\",\"position\":2,\"name\":\"Eventos gratuitos enmarcan la celebraci\u00f3n por el D\u00eda de la ni\u00f1a y el ni\u00f1o\"}]},{\"@type\":\"WebSite\",\"@id\":\"https:\\\/\\\/www.yucatanencorto.com\\\/noticias\\\/#website\",\"url\":\"https:\\\/\\\/www.yucatanencorto.com\\\/noticias\\\/\",\"name\":\"Yucat\u00e1n en corto\",\"description\":\"Noticias\",\"potentialAction\":[{\"@type\":\"SearchAction\",\"target\":{\"@type\":\"EntryPoint\",\"urlTemplate\":\"https:\\\/\\\/www.yucatanencorto.com\\\/noticias\\\/?s={search_term_string}\"},\"query-input\":{\"@type\":\"PropertyValueSpecification\",\"valueRequired\":true,\"valueName\":\"search_term_string\"}}],\"inLanguage\":\"es\"},{\"@type\":\"Person\",\"@id\":\"https:\\\/\\\/www.yucatanencorto.com\\\/noticias\\\/#\\\/schema\\\/person\\\/14f82d355225a1f4075dd84a31f45a72\",\"name\":\"Yucat\u00e1n en Corto FC\",\"image\":{\"@type\":\"ImageObject\",\"inLanguage\":\"es\",\"@id\":\"https:\\\/\\\/secure.gravatar.com\\\/avatar\\\/147d4b30cd728c53c29c49a3f7834dedca33707f4cd259761355846009a88250?s=96&d=mm&r=g\",\"url\":\"https:\\\/\\\/secure.gravatar.com\\\/avatar\\\/147d4b30cd728c53c29c49a3f7834dedca33707f4cd259761355846009a88250?s=96&d=mm&r=g\",\"contentUrl\":\"https:\\\/\\\/secure.gravatar.com\\\/avatar\\\/147d4b30cd728c53c29c49a3f7834dedca33707f4cd259761355846009a88250?s=96&d=mm&r=g\",\"caption\":\"Yucat\u00e1n en Corto FC\"},\"url\":\"https:\\\/\\\/www.yucatanencorto.com\\\/noticias\\\/author\\\/flor\\\/\"}]}<\/script>\n<!-- \/ Yoast SEO plugin. -->","yoast_head_json":{"title":"Eventos gratuitos enmarcan la celebraci\u00f3n por el D\u00eda de la ni\u00f1a y el ni\u00f1o - Yucat\u00e1n en corto","robots":{"index":"index","follow":"follow","max-snippet":"max-snippet:-1","max-image-preview":"max-image-preview:large","max-video-preview":"max-video-preview:-1"},"canonical":"https:\/\/www.yucatanencorto.com\/noticias\/eventos-gratuitos-enmarcan-la-celebracion-por-el-dia-de-la-nina-y-el-nino\/","og_locale":"es_ES","og_type":"article","og_title":"Eventos gratuitos enmarcan la celebraci\u00f3n por el D\u00eda de la ni\u00f1a y el ni\u00f1o - Yucat\u00e1n en corto","og_description":"M\u00e9rida, Yucat\u00e1n, 11 de abril de 2022.-Espect\u00e1culos de m\u00fasica, teatro y danza, adem\u00e1s de proyecciones de cine infantil y talleres impartidos por destacados artistas de la literatura e ilustraci\u00f3n, son tan solo algunas actividades que la Secretar\u00eda de la Cultura y las Artes (Sedeculta) tiene en el programa especial para celebrar a las ni\u00f1as y [&hellip;]","og_url":"https:\/\/www.yucatanencorto.com\/noticias\/eventos-gratuitos-enmarcan-la-celebracion-por-el-dia-de-la-nina-y-el-nino\/","og_site_name":"Yucat\u00e1n en corto","article_publisher":"http:\/\/www.facebook.com\/yucatanencorto","article_published_time":"2022-04-11T20:05:38+00:00","og_image":[{"width":768,"height":432,"url":"https:\/\/www.yucatanencorto.com\/noticias\/wp-content\/uploads\/2022\/04\/Coro-de-Camara-de-Yucatan-scaled.jpg","type":"image\/jpeg"}],"author":"Yucat\u00e1n en Corto FC","twitter_card":"summary_large_image","twitter_creator":"@yucatanencorto","twitter_site":"@yucatanencorto","twitter_misc":{"Escrito por":"Yucat\u00e1n en Corto FC","Tiempo de lectura":"3 minutos"},"schema":{"@context":"https:\/\/schema.org","@graph":[{"@type":"Article","@id":"https:\/\/www.yucatanencorto.com\/noticias\/eventos-gratuitos-enmarcan-la-celebracion-por-el-dia-de-la-nina-y-el-nino\/#article","isPartOf":{"@id":"https:\/\/www.yucatanencorto.com\/noticias\/eventos-gratuitos-enmarcan-la-celebracion-por-el-dia-de-la-nina-y-el-nino\/"},"author":{"name":"Yucat\u00e1n en Corto FC","@id":"https:\/\/www.yucatanencorto.com\/noticias\/#\/schema\/person\/14f82d355225a1f4075dd84a31f45a72"},"headline":"Eventos gratuitos enmarcan la celebraci\u00f3n por el D\u00eda de la ni\u00f1a y el ni\u00f1o","datePublished":"2022-04-11T20:05:38+00:00","mainEntityOfPage":{"@id":"https:\/\/www.yucatanencorto.com\/noticias\/eventos-gratuitos-enmarcan-la-celebracion-por-el-dia-de-la-nina-y-el-nino\/"},"wordCount":610,"image":{"@id":"https:\/\/www.yucatanencorto.com\/noticias\/eventos-gratuitos-enmarcan-la-celebracion-por-el-dia-de-la-nina-y-el-nino\/#primaryimage"},"thumbnailUrl":"https:\/\/www.yucatanencorto.com\/noticias\/wp-content\/uploads\/2022\/04\/Coro-de-Camara-de-Yucatan-scaled.jpg","articleSection":["Cultura"],"inLanguage":"es"},{"@type":"WebPage","@id":"https:\/\/www.yucatanencorto.com\/noticias\/eventos-gratuitos-enmarcan-la-celebracion-por-el-dia-de-la-nina-y-el-nino\/","url":"https:\/\/www.yucatanencorto.com\/noticias\/eventos-gratuitos-enmarcan-la-celebracion-por-el-dia-de-la-nina-y-el-nino\/","name":"Eventos gratuitos enmarcan la celebraci\u00f3n por el D\u00eda de la ni\u00f1a y el ni\u00f1o - Yucat\u00e1n en corto","isPartOf":{"@id":"https:\/\/www.yucatanencorto.com\/noticias\/#website"},"primaryImageOfPage":{"@id":"https:\/\/www.yucatanencorto.com\/noticias\/eventos-gratuitos-enmarcan-la-celebracion-por-el-dia-de-la-nina-y-el-nino\/#primaryimage"},"image":{"@id":"https:\/\/www.yucatanencorto.com\/noticias\/eventos-gratuitos-enmarcan-la-celebracion-por-el-dia-de-la-nina-y-el-nino\/#primaryimage"},"thumbnailUrl":"https:\/\/www.yucatanencorto.com\/noticias\/wp-content\/uploads\/2022\/04\/Coro-de-Camara-de-Yucatan-scaled.jpg","datePublished":"2022-04-11T20:05:38+00:00","author":{"@id":"https:\/\/www.yucatanencorto.com\/noticias\/#\/schema\/person\/14f82d355225a1f4075dd84a31f45a72"},"breadcrumb":{"@id":"https:\/\/www.yucatanencorto.com\/noticias\/eventos-gratuitos-enmarcan-la-celebracion-por-el-dia-de-la-nina-y-el-nino\/#breadcrumb"},"inLanguage":"es","potentialAction":[{"@type":"ReadAction","target":["https:\/\/www.yucatanencorto.com\/noticias\/eventos-gratuitos-enmarcan-la-celebracion-por-el-dia-de-la-nina-y-el-nino\/"]}]},{"@type":"ImageObject","inLanguage":"es","@id":"https:\/\/www.yucatanencorto.com\/noticias\/eventos-gratuitos-enmarcan-la-celebracion-por-el-dia-de-la-nina-y-el-nino\/#primaryimage","url":"https:\/\/www.yucatanencorto.com\/noticias\/wp-content\/uploads\/2022\/04\/Coro-de-Camara-de-Yucatan-scaled.jpg","contentUrl":"https:\/\/www.yucatanencorto.com\/noticias\/wp-content\/uploads\/2022\/04\/Coro-de-Camara-de-Yucatan-scaled.jpg","width":768,"height":432},{"@type":"BreadcrumbList","@id":"https:\/\/www.yucatanencorto.com\/noticias\/eventos-gratuitos-enmarcan-la-celebracion-por-el-dia-de-la-nina-y-el-nino\/#breadcrumb","itemListElement":[{"@type":"ListItem","position":1,"name":"Portada","item":"https:\/\/www.yucatanencorto.com\/noticias\/"},{"@type":"ListItem","position":2,"name":"Eventos gratuitos enmarcan la celebraci\u00f3n por el D\u00eda de la ni\u00f1a y el ni\u00f1o"}]},{"@type":"WebSite","@id":"https:\/\/www.yucatanencorto.com\/noticias\/#website","url":"https:\/\/www.yucatanencorto.com\/noticias\/","name":"Yucat\u00e1n en corto","description":"Noticias","potentialAction":[{"@type":"SearchAction","target":{"@type":"EntryPoint","urlTemplate":"https:\/\/www.yucatanencorto.com\/noticias\/?s={search_term_string}"},"query-input":{"@type":"PropertyValueSpecification","valueRequired":true,"valueName":"search_term_string"}}],"inLanguage":"es"},{"@type":"Person","@id":"https:\/\/www.yucatanencorto.com\/noticias\/#\/schema\/person\/14f82d355225a1f4075dd84a31f45a72","name":"Yucat\u00e1n en Corto FC","image":{"@type":"ImageObject","inLanguage":"es","@id":"https:\/\/secure.gravatar.com\/avatar\/147d4b30cd728c53c29c49a3f7834dedca33707f4cd259761355846009a88250?s=96&d=mm&r=g","url":"https:\/\/secure.gravatar.com\/avatar\/147d4b30cd728c53c29c49a3f7834dedca33707f4cd259761355846009a88250?s=96&d=mm&r=g","contentUrl":"https:\/\/secure.gravatar.com\/avatar\/147d4b30cd728c53c29c49a3f7834dedca33707f4cd259761355846009a88250?s=96&d=mm&r=g","caption":"Yucat\u00e1n en Corto FC"},"url":"https:\/\/www.yucatanencorto.com\/noticias\/author\/flor\/"}]}},"_links":{"self":[{"href":"https:\/\/www.yucatanencorto.com\/noticias\/wp-json\/wp\/v2\/posts\/90581","targetHints":{"allow":["GET"]}}],"collection":[{"href":"https:\/\/www.yucatanencorto.com\/noticias\/wp-json\/wp\/v2\/posts"}],"about":[{"href":"https:\/\/www.yucatanencorto.com\/noticias\/wp-json\/wp\/v2\/types\/post"}],"author":[{"embeddable":true,"href":"https:\/\/www.yucatanencorto.com\/noticias\/wp-json\/wp\/v2\/users\/2"}],"replies":[{"embeddable":true,"href":"https:\/\/www.yucatanencorto.com\/noticias\/wp-json\/wp\/v2\/comments?post=90581"}],"version-history":[{"count":0,"href":"https:\/\/www.yucatanencorto.com\/noticias\/wp-json\/wp\/v2\/posts\/90581\/revisions"}],"wp:featuredmedia":[{"embeddable":true,"href":"https:\/\/www.yucatanencorto.com\/noticias\/wp-json\/wp\/v2\/media\/90582"}],"wp:attachment":[{"href":"https:\/\/www.yucatanencorto.com\/noticias\/wp-json\/wp\/v2\/media?parent=90581"}],"wp:term":[{"taxonomy":"category","embeddable":true,"href":"https:\/\/www.yucatanencorto.com\/noticias\/wp-json\/wp\/v2\/categories?post=90581"},{"taxonomy":"post_tag","embeddable":true,"href":"https:\/\/www.yucatanencorto.com\/noticias\/wp-json\/wp\/v2\/tags?post=90581"}],"curies":[{"name":"wp","href":"https:\/\/api.w.org\/{rel}","templated":true}]}}