{"id":90584,"date":"2022-04-11T16:10:04","date_gmt":"2022-04-11T21:10:04","guid":{"rendered":"https:\/\/www.yucatanencorto.com\/noticias\/?p=90584"},"modified":"2022-04-11T16:10:04","modified_gmt":"2022-04-11T21:10:04","slug":"proxima-temporada-de-ciclones-sera-muy-activa","status":"publish","type":"post","link":"https:\/\/www.yucatanencorto.com\/noticias\/proxima-temporada-de-ciclones-sera-muy-activa\/","title":{"rendered":"Pr\u00f3xima temporada de ciclones ser\u00e1 muy activa"},"content":{"rendered":"<p><img loading=\"lazy\" decoding=\"async\" class=\"alignnone size-full wp-image-90585\" src=\"https:\/\/www.yucatanencorto.com\/noticias\/wp-content\/uploads\/2022\/04\/pexels-pixabay-76969-1-scaled.jpg\" alt=\"\" width=\"768\" height=\"524\" srcset=\"https:\/\/www.yucatanencorto.com\/noticias\/wp-content\/uploads\/2022\/04\/pexels-pixabay-76969-1-scaled.jpg 768w, https:\/\/www.yucatanencorto.com\/noticias\/wp-content\/uploads\/2022\/04\/pexels-pixabay-76969-1-1536x1047.jpg 1536w, https:\/\/www.yucatanencorto.com\/noticias\/wp-content\/uploads\/2022\/04\/pexels-pixabay-76969-1-218x150.jpg 218w, https:\/\/www.yucatanencorto.com\/noticias\/wp-content\/uploads\/2022\/04\/pexels-pixabay-76969-1-696x475.jpg 696w, https:\/\/www.yucatanencorto.com\/noticias\/wp-content\/uploads\/2022\/04\/pexels-pixabay-76969-1-1068x728.jpg 1068w, https:\/\/www.yucatanencorto.com\/noticias\/wp-content\/uploads\/2022\/04\/pexels-pixabay-76969-1-616x420.jpg 616w\" sizes=\"auto, (max-width: 768px) 100vw, 768px\" \/><\/p>\n<p>M\u00e9rida, Yucat\u00e1n a 11 de abril de 2022.- Seg\u00fan el pron\u00f3stico de la Universidad Estatal de Colorado, se espera el desarrollo de 19 ciclones tropicales, superando el promedio que es de 14.<\/p>\n<p>El meteor\u00f3logo Juan V\u00e1zquez del comit\u00e9 institucional para la atenci\u00f3n de fen\u00f3menos meteorol\u00f3gicos extremos de la UADY, nos da un breve resumen de este pronostico.<\/p>\n<p>\u00abEllos han pronosticado que va a haber 19 ciclones tropicales por nombre de los cu\u00e1les 10 van a ser tormentas tropicales, 5 huracanes moderados de categor\u00eda 1 y 2 de la escala Saffir Simpson y 4 de categor\u00eda 3, 4 y 5 que son los intensos\u00bb expres\u00f3 Juan V\u00e1zquez.<\/p>\n<p>Ante esto el meteor\u00f3logo coment\u00f3 que es importante empezar a preparar planes de contingencia tanto en las familias como en las empresas e instituciones educativas para prevenir desgracias futuras.<\/p>\n<p>Este pron\u00f3stico otorgado por la Universidad de Colorado, se seguir\u00e1 actualizando con reportes en Junio y Agosto para informar de alg\u00fan cambio relacionado con la cantidad o intensidad de los ciclones.<\/p>\n","protected":false},"excerpt":{"rendered":"<p>M\u00e9rida, Yucat\u00e1n a 11 de abril de 2022.- Seg\u00fan el pron\u00f3stico de la Universidad Estatal de Colorado, se espera el desarrollo de 19 ciclones tropicales, superando el promedio que es de 14. El meteor\u00f3logo Juan V\u00e1zquez del comit\u00e9 institucional para la atenci\u00f3n de fen\u00f3menos meteorol\u00f3gicos extremos de la UADY, nos da un breve resumen de [&hellip;]<\/p>\n","protected":false},"author":2,"featured_media":90585,"comment_status":"closed","ping_status":"closed","sticky":false,"template":"","format":"standard","meta":{"footnotes":""},"categories":[8907],"tags":[],"class_list":{"0":"post-90584","1":"post","2":"type-post","3":"status-publish","4":"format-standard","5":"has-post-thumbnail","7":"category-medio-ambiente"},"yoast_head":"<!-- This site is optimized with the Yoast SEO plugin v27.4 - https:\/\/yoast.com\/product\/yoast-seo-wordpress\/ -->\n<title>Pr\u00f3xima temporada de ciclones ser\u00e1 muy activa - Yucat\u00e1n en corto<\/title>\n<meta name=\"robots\" content=\"index, follow, max-snippet:-1, max-image-preview:large, max-video-preview:-1\" \/>\n<link rel=\"canonical\" href=\"https:\/\/www.yucatanencorto.com\/noticias\/proxima-temporada-de-ciclones-sera-muy-activa\/\" \/>\n<meta property=\"og:locale\" content=\"es_ES\" \/>\n<meta property=\"og:type\" content=\"article\" \/>\n<meta property=\"og:title\" content=\"Pr\u00f3xima temporada de ciclones ser\u00e1 muy activa - Yucat\u00e1n en corto\" \/>\n<meta property=\"og:description\" content=\"M\u00e9rida, Yucat\u00e1n a 11 de abril de 2022.- Seg\u00fan el pron\u00f3stico de la Universidad Estatal de Colorado, se espera el desarrollo de 19 ciclones tropicales, superando el promedio que es de 14. El meteor\u00f3logo Juan V\u00e1zquez del comit\u00e9 institucional para la atenci\u00f3n de fen\u00f3menos meteorol\u00f3gicos extremos de la UADY, nos da un breve resumen de [&hellip;]\" \/>\n<meta property=\"og:url\" content=\"https:\/\/www.yucatanencorto.com\/noticias\/proxima-temporada-de-ciclones-sera-muy-activa\/\" \/>\n<meta property=\"og:site_name\" content=\"Yucat\u00e1n en corto\" \/>\n<meta property=\"article:publisher\" content=\"http:\/\/www.facebook.com\/yucatanencorto\" \/>\n<meta property=\"article:published_time\" content=\"2022-04-11T21:10:04+00:00\" \/>\n<meta property=\"og:image\" content=\"https:\/\/www.yucatanencorto.com\/noticias\/wp-content\/uploads\/2022\/04\/pexels-pixabay-76969-1-scaled.jpg\" \/>\n\t<meta property=\"og:image:width\" content=\"768\" \/>\n\t<meta property=\"og:image:height\" content=\"524\" \/>\n\t<meta property=\"og:image:type\" content=\"image\/jpeg\" \/>\n<meta name=\"author\" content=\"Yucat\u00e1n en Corto FC\" \/>\n<meta name=\"twitter:card\" content=\"summary_large_image\" \/>\n<meta name=\"twitter:creator\" content=\"@yucatanencorto\" \/>\n<meta name=\"twitter:site\" content=\"@yucatanencorto\" \/>\n<meta name=\"twitter:label1\" content=\"Escrito por\" \/>\n\t<meta name=\"twitter:data1\" content=\"Yucat\u00e1n en Corto FC\" \/>\n\t<meta name=\"twitter:label2\" content=\"Tiempo de lectura\" \/>\n\t<meta name=\"twitter:data2\" content=\"1 minuto\" \/>\n<script type=\"application\/ld+json\" class=\"yoast-schema-graph\">{\"@context\":\"https:\\\/\\\/schema.org\",\"@graph\":[{\"@type\":\"Article\",\"@id\":\"https:\\\/\\\/www.yucatanencorto.com\\\/noticias\\\/proxima-temporada-de-ciclones-sera-muy-activa\\\/#article\",\"isPartOf\":{\"@id\":\"https:\\\/\\\/www.yucatanencorto.com\\\/noticias\\\/proxima-temporada-de-ciclones-sera-muy-activa\\\/\"},\"author\":{\"name\":\"Yucat\u00e1n en Corto FC\",\"@id\":\"https:\\\/\\\/www.yucatanencorto.com\\\/noticias\\\/#\\\/schema\\\/person\\\/14f82d355225a1f4075dd84a31f45a72\"},\"headline\":\"Pr\u00f3xima temporada de ciclones ser\u00e1 muy activa\",\"datePublished\":\"2022-04-11T21:10:04+00:00\",\"mainEntityOfPage\":{\"@id\":\"https:\\\/\\\/www.yucatanencorto.com\\\/noticias\\\/proxima-temporada-de-ciclones-sera-muy-activa\\\/\"},\"wordCount\":178,\"image\":{\"@id\":\"https:\\\/\\\/www.yucatanencorto.com\\\/noticias\\\/proxima-temporada-de-ciclones-sera-muy-activa\\\/#primaryimage\"},\"thumbnailUrl\":\"https:\\\/\\\/www.yucatanencorto.com\\\/noticias\\\/wp-content\\\/uploads\\\/2022\\\/04\\\/pexels-pixabay-76969-1-scaled.jpg\",\"articleSection\":[\"Medio Ambiente\"],\"inLanguage\":\"es\"},{\"@type\":\"WebPage\",\"@id\":\"https:\\\/\\\/www.yucatanencorto.com\\\/noticias\\\/proxima-temporada-de-ciclones-sera-muy-activa\\\/\",\"url\":\"https:\\\/\\\/www.yucatanencorto.com\\\/noticias\\\/proxima-temporada-de-ciclones-sera-muy-activa\\\/\",\"name\":\"Pr\u00f3xima temporada de ciclones ser\u00e1 muy activa - Yucat\u00e1n en corto\",\"isPartOf\":{\"@id\":\"https:\\\/\\\/www.yucatanencorto.com\\\/noticias\\\/#website\"},\"primaryImageOfPage\":{\"@id\":\"https:\\\/\\\/www.yucatanencorto.com\\\/noticias\\\/proxima-temporada-de-ciclones-sera-muy-activa\\\/#primaryimage\"},\"image\":{\"@id\":\"https:\\\/\\\/www.yucatanencorto.com\\\/noticias\\\/proxima-temporada-de-ciclones-sera-muy-activa\\\/#primaryimage\"},\"thumbnailUrl\":\"https:\\\/\\\/www.yucatanencorto.com\\\/noticias\\\/wp-content\\\/uploads\\\/2022\\\/04\\\/pexels-pixabay-76969-1-scaled.jpg\",\"datePublished\":\"2022-04-11T21:10:04+00:00\",\"author\":{\"@id\":\"https:\\\/\\\/www.yucatanencorto.com\\\/noticias\\\/#\\\/schema\\\/person\\\/14f82d355225a1f4075dd84a31f45a72\"},\"breadcrumb\":{\"@id\":\"https:\\\/\\\/www.yucatanencorto.com\\\/noticias\\\/proxima-temporada-de-ciclones-sera-muy-activa\\\/#breadcrumb\"},\"inLanguage\":\"es\",\"potentialAction\":[{\"@type\":\"ReadAction\",\"target\":[\"https:\\\/\\\/www.yucatanencorto.com\\\/noticias\\\/proxima-temporada-de-ciclones-sera-muy-activa\\\/\"]}]},{\"@type\":\"ImageObject\",\"inLanguage\":\"es\",\"@id\":\"https:\\\/\\\/www.yucatanencorto.com\\\/noticias\\\/proxima-temporada-de-ciclones-sera-muy-activa\\\/#primaryimage\",\"url\":\"https:\\\/\\\/www.yucatanencorto.com\\\/noticias\\\/wp-content\\\/uploads\\\/2022\\\/04\\\/pexels-pixabay-76969-1-scaled.jpg\",\"contentUrl\":\"https:\\\/\\\/www.yucatanencorto.com\\\/noticias\\\/wp-content\\\/uploads\\\/2022\\\/04\\\/pexels-pixabay-76969-1-scaled.jpg\",\"width\":768,\"height\":524},{\"@type\":\"BreadcrumbList\",\"@id\":\"https:\\\/\\\/www.yucatanencorto.com\\\/noticias\\\/proxima-temporada-de-ciclones-sera-muy-activa\\\/#breadcrumb\",\"itemListElement\":[{\"@type\":\"ListItem\",\"position\":1,\"name\":\"Portada\",\"item\":\"https:\\\/\\\/www.yucatanencorto.com\\\/noticias\\\/\"},{\"@type\":\"ListItem\",\"position\":2,\"name\":\"Pr\u00f3xima temporada de ciclones ser\u00e1 muy activa\"}]},{\"@type\":\"WebSite\",\"@id\":\"https:\\\/\\\/www.yucatanencorto.com\\\/noticias\\\/#website\",\"url\":\"https:\\\/\\\/www.yucatanencorto.com\\\/noticias\\\/\",\"name\":\"Yucat\u00e1n en corto\",\"description\":\"Noticias\",\"potentialAction\":[{\"@type\":\"SearchAction\",\"target\":{\"@type\":\"EntryPoint\",\"urlTemplate\":\"https:\\\/\\\/www.yucatanencorto.com\\\/noticias\\\/?s={search_term_string}\"},\"query-input\":{\"@type\":\"PropertyValueSpecification\",\"valueRequired\":true,\"valueName\":\"search_term_string\"}}],\"inLanguage\":\"es\"},{\"@type\":\"Person\",\"@id\":\"https:\\\/\\\/www.yucatanencorto.com\\\/noticias\\\/#\\\/schema\\\/person\\\/14f82d355225a1f4075dd84a31f45a72\",\"name\":\"Yucat\u00e1n en Corto FC\",\"image\":{\"@type\":\"ImageObject\",\"inLanguage\":\"es\",\"@id\":\"https:\\\/\\\/secure.gravatar.com\\\/avatar\\\/147d4b30cd728c53c29c49a3f7834dedca33707f4cd259761355846009a88250?s=96&d=mm&r=g\",\"url\":\"https:\\\/\\\/secure.gravatar.com\\\/avatar\\\/147d4b30cd728c53c29c49a3f7834dedca33707f4cd259761355846009a88250?s=96&d=mm&r=g\",\"contentUrl\":\"https:\\\/\\\/secure.gravatar.com\\\/avatar\\\/147d4b30cd728c53c29c49a3f7834dedca33707f4cd259761355846009a88250?s=96&d=mm&r=g\",\"caption\":\"Yucat\u00e1n en Corto FC\"},\"url\":\"https:\\\/\\\/www.yucatanencorto.com\\\/noticias\\\/author\\\/flor\\\/\"}]}<\/script>\n<!-- \/ Yoast SEO plugin. -->","yoast_head_json":{"title":"Pr\u00f3xima temporada de ciclones ser\u00e1 muy activa - Yucat\u00e1n en corto","robots":{"index":"index","follow":"follow","max-snippet":"max-snippet:-1","max-image-preview":"max-image-preview:large","max-video-preview":"max-video-preview:-1"},"canonical":"https:\/\/www.yucatanencorto.com\/noticias\/proxima-temporada-de-ciclones-sera-muy-activa\/","og_locale":"es_ES","og_type":"article","og_title":"Pr\u00f3xima temporada de ciclones ser\u00e1 muy activa - Yucat\u00e1n en corto","og_description":"M\u00e9rida, Yucat\u00e1n a 11 de abril de 2022.- Seg\u00fan el pron\u00f3stico de la Universidad Estatal de Colorado, se espera el desarrollo de 19 ciclones tropicales, superando el promedio que es de 14. El meteor\u00f3logo Juan V\u00e1zquez del comit\u00e9 institucional para la atenci\u00f3n de fen\u00f3menos meteorol\u00f3gicos extremos de la UADY, nos da un breve resumen de [&hellip;]","og_url":"https:\/\/www.yucatanencorto.com\/noticias\/proxima-temporada-de-ciclones-sera-muy-activa\/","og_site_name":"Yucat\u00e1n en corto","article_publisher":"http:\/\/www.facebook.com\/yucatanencorto","article_published_time":"2022-04-11T21:10:04+00:00","og_image":[{"width":768,"height":524,"url":"https:\/\/www.yucatanencorto.com\/noticias\/wp-content\/uploads\/2022\/04\/pexels-pixabay-76969-1-scaled.jpg","type":"image\/jpeg"}],"author":"Yucat\u00e1n en Corto FC","twitter_card":"summary_large_image","twitter_creator":"@yucatanencorto","twitter_site":"@yucatanencorto","twitter_misc":{"Escrito por":"Yucat\u00e1n en Corto FC","Tiempo de lectura":"1 minuto"},"schema":{"@context":"https:\/\/schema.org","@graph":[{"@type":"Article","@id":"https:\/\/www.yucatanencorto.com\/noticias\/proxima-temporada-de-ciclones-sera-muy-activa\/#article","isPartOf":{"@id":"https:\/\/www.yucatanencorto.com\/noticias\/proxima-temporada-de-ciclones-sera-muy-activa\/"},"author":{"name":"Yucat\u00e1n en Corto FC","@id":"https:\/\/www.yucatanencorto.com\/noticias\/#\/schema\/person\/14f82d355225a1f4075dd84a31f45a72"},"headline":"Pr\u00f3xima temporada de ciclones ser\u00e1 muy activa","datePublished":"2022-04-11T21:10:04+00:00","mainEntityOfPage":{"@id":"https:\/\/www.yucatanencorto.com\/noticias\/proxima-temporada-de-ciclones-sera-muy-activa\/"},"wordCount":178,"image":{"@id":"https:\/\/www.yucatanencorto.com\/noticias\/proxima-temporada-de-ciclones-sera-muy-activa\/#primaryimage"},"thumbnailUrl":"https:\/\/www.yucatanencorto.com\/noticias\/wp-content\/uploads\/2022\/04\/pexels-pixabay-76969-1-scaled.jpg","articleSection":["Medio Ambiente"],"inLanguage":"es"},{"@type":"WebPage","@id":"https:\/\/www.yucatanencorto.com\/noticias\/proxima-temporada-de-ciclones-sera-muy-activa\/","url":"https:\/\/www.yucatanencorto.com\/noticias\/proxima-temporada-de-ciclones-sera-muy-activa\/","name":"Pr\u00f3xima temporada de ciclones ser\u00e1 muy activa - Yucat\u00e1n en corto","isPartOf":{"@id":"https:\/\/www.yucatanencorto.com\/noticias\/#website"},"primaryImageOfPage":{"@id":"https:\/\/www.yucatanencorto.com\/noticias\/proxima-temporada-de-ciclones-sera-muy-activa\/#primaryimage"},"image":{"@id":"https:\/\/www.yucatanencorto.com\/noticias\/proxima-temporada-de-ciclones-sera-muy-activa\/#primaryimage"},"thumbnailUrl":"https:\/\/www.yucatanencorto.com\/noticias\/wp-content\/uploads\/2022\/04\/pexels-pixabay-76969-1-scaled.jpg","datePublished":"2022-04-11T21:10:04+00:00","author":{"@id":"https:\/\/www.yucatanencorto.com\/noticias\/#\/schema\/person\/14f82d355225a1f4075dd84a31f45a72"},"breadcrumb":{"@id":"https:\/\/www.yucatanencorto.com\/noticias\/proxima-temporada-de-ciclones-sera-muy-activa\/#breadcrumb"},"inLanguage":"es","potentialAction":[{"@type":"ReadAction","target":["https:\/\/www.yucatanencorto.com\/noticias\/proxima-temporada-de-ciclones-sera-muy-activa\/"]}]},{"@type":"ImageObject","inLanguage":"es","@id":"https:\/\/www.yucatanencorto.com\/noticias\/proxima-temporada-de-ciclones-sera-muy-activa\/#primaryimage","url":"https:\/\/www.yucatanencorto.com\/noticias\/wp-content\/uploads\/2022\/04\/pexels-pixabay-76969-1-scaled.jpg","contentUrl":"https:\/\/www.yucatanencorto.com\/noticias\/wp-content\/uploads\/2022\/04\/pexels-pixabay-76969-1-scaled.jpg","width":768,"height":524},{"@type":"BreadcrumbList","@id":"https:\/\/www.yucatanencorto.com\/noticias\/proxima-temporada-de-ciclones-sera-muy-activa\/#breadcrumb","itemListElement":[{"@type":"ListItem","position":1,"name":"Portada","item":"https:\/\/www.yucatanencorto.com\/noticias\/"},{"@type":"ListItem","position":2,"name":"Pr\u00f3xima temporada de ciclones ser\u00e1 muy activa"}]},{"@type":"WebSite","@id":"https:\/\/www.yucatanencorto.com\/noticias\/#website","url":"https:\/\/www.yucatanencorto.com\/noticias\/","name":"Yucat\u00e1n en corto","description":"Noticias","potentialAction":[{"@type":"SearchAction","target":{"@type":"EntryPoint","urlTemplate":"https:\/\/www.yucatanencorto.com\/noticias\/?s={search_term_string}"},"query-input":{"@type":"PropertyValueSpecification","valueRequired":true,"valueName":"search_term_string"}}],"inLanguage":"es"},{"@type":"Person","@id":"https:\/\/www.yucatanencorto.com\/noticias\/#\/schema\/person\/14f82d355225a1f4075dd84a31f45a72","name":"Yucat\u00e1n en Corto FC","image":{"@type":"ImageObject","inLanguage":"es","@id":"https:\/\/secure.gravatar.com\/avatar\/147d4b30cd728c53c29c49a3f7834dedca33707f4cd259761355846009a88250?s=96&d=mm&r=g","url":"https:\/\/secure.gravatar.com\/avatar\/147d4b30cd728c53c29c49a3f7834dedca33707f4cd259761355846009a88250?s=96&d=mm&r=g","contentUrl":"https:\/\/secure.gravatar.com\/avatar\/147d4b30cd728c53c29c49a3f7834dedca33707f4cd259761355846009a88250?s=96&d=mm&r=g","caption":"Yucat\u00e1n en Corto FC"},"url":"https:\/\/www.yucatanencorto.com\/noticias\/author\/flor\/"}]}},"_links":{"self":[{"href":"https:\/\/www.yucatanencorto.com\/noticias\/wp-json\/wp\/v2\/posts\/90584","targetHints":{"allow":["GET"]}}],"collection":[{"href":"https:\/\/www.yucatanencorto.com\/noticias\/wp-json\/wp\/v2\/posts"}],"about":[{"href":"https:\/\/www.yucatanencorto.com\/noticias\/wp-json\/wp\/v2\/types\/post"}],"author":[{"embeddable":true,"href":"https:\/\/www.yucatanencorto.com\/noticias\/wp-json\/wp\/v2\/users\/2"}],"replies":[{"embeddable":true,"href":"https:\/\/www.yucatanencorto.com\/noticias\/wp-json\/wp\/v2\/comments?post=90584"}],"version-history":[{"count":0,"href":"https:\/\/www.yucatanencorto.com\/noticias\/wp-json\/wp\/v2\/posts\/90584\/revisions"}],"wp:featuredmedia":[{"embeddable":true,"href":"https:\/\/www.yucatanencorto.com\/noticias\/wp-json\/wp\/v2\/media\/90585"}],"wp:attachment":[{"href":"https:\/\/www.yucatanencorto.com\/noticias\/wp-json\/wp\/v2\/media?parent=90584"}],"wp:term":[{"taxonomy":"category","embeddable":true,"href":"https:\/\/www.yucatanencorto.com\/noticias\/wp-json\/wp\/v2\/categories?post=90584"},{"taxonomy":"post_tag","embeddable":true,"href":"https:\/\/www.yucatanencorto.com\/noticias\/wp-json\/wp\/v2\/tags?post=90584"}],"curies":[{"name":"wp","href":"https:\/\/api.w.org\/{rel}","templated":true}]}}