{"id":90598,"date":"2022-04-12T10:57:07","date_gmt":"2022-04-12T15:57:07","guid":{"rendered":"https:\/\/www.yucatanencorto.com\/noticias\/?p=90598"},"modified":"2022-04-12T10:57:07","modified_gmt":"2022-04-12T15:57:07","slug":"instalan-nuevos-semaforos-en-el-centro-de-kanasin","status":"publish","type":"post","link":"https:\/\/www.yucatanencorto.com\/noticias\/instalan-nuevos-semaforos-en-el-centro-de-kanasin\/","title":{"rendered":"Instalan nuevos sem\u00e1foros en el centro de Kanas\u00edn"},"content":{"rendered":"<p><img loading=\"lazy\" decoding=\"async\" class=\"alignnone size-full wp-image-90599\" src=\"https:\/\/www.yucatanencorto.com\/noticias\/wp-content\/uploads\/2022\/04\/IMG-20220412-WA0006-scaled.jpg\" alt=\"\" width=\"768\" height=\"512\" srcset=\"https:\/\/www.yucatanencorto.com\/noticias\/wp-content\/uploads\/2022\/04\/IMG-20220412-WA0006-scaled.jpg 768w, https:\/\/www.yucatanencorto.com\/noticias\/wp-content\/uploads\/2022\/04\/IMG-20220412-WA0006-696x464.jpg 696w, https:\/\/www.yucatanencorto.com\/noticias\/wp-content\/uploads\/2022\/04\/IMG-20220412-WA0006-1068x712.jpg 1068w, https:\/\/www.yucatanencorto.com\/noticias\/wp-content\/uploads\/2022\/04\/IMG-20220412-WA0006-630x420.jpg 630w\" sizes=\"auto, (max-width: 768px) 100vw, 768px\" \/><\/p>\n<p>Kanas\u00edn Yucat\u00e1n a 12 de abril del 2022 &#8211; La noche de ayer 11 de abril, el alcalde Edwin Boj\u00f3rquez Ramirez, en compa\u00f1\u00eda del Director de Seguridad P\u00fablica de Kanas\u00edn Luciano Moo Arceo, realizaron la activaci\u00f3n de 3 nuevos sem\u00e1foros ubicados en la calle 19 por 21 y 21 por 14 del Centro, en el Instituto Mexicano del Seguro Social (IMSS).<\/p>\n<p>&nbsp;<\/p>\n<p>Con ello, tambi\u00e9n se realizaron cambios en los sentidos de las vialidades y las calles contiguas a estas.<\/p>\n<p>Boj\u00f3rquez Ram\u00edrez Coment\u00f3 que estas acciones son para el mejoramiento de la circulaci\u00f3n en el centro, remarc\u00f3 que esto representa un cambio positivo para la gente que suele circular en estas \u00e1reas.<\/p>\n<p>&nbsp;<\/p>\n<p>Por su parte, Moo Arceo, coment\u00f3 que la instalaci\u00f3n de los sem\u00e1foros y el cambio de los sentidos de circulaci\u00f3n fueron hechos para evitar posibles accidentes, ya que esta zona es de las m\u00e1s transitadas.<\/p>\n<p>&nbsp;<\/p>\n<p>As\u00ed mismo se mencion\u00f3 que durante un periodo de tiempo la circulaci\u00f3n en estas vialidades ser\u00e1 asistida por elementos de la polic\u00eda municipal, mientras la poblaci\u00f3n se acostumbra a los nuevos cambios.<\/p>\n","protected":false},"excerpt":{"rendered":"<p>Kanas\u00edn Yucat\u00e1n a 12 de abril del 2022 &#8211; La noche de ayer 11 de abril, el alcalde Edwin Boj\u00f3rquez Ramirez, en compa\u00f1\u00eda del Director de Seguridad P\u00fablica de Kanas\u00edn Luciano Moo Arceo, realizaron la activaci\u00f3n de 3 nuevos sem\u00e1foros ubicados en la calle 19 por 21 y 21 por 14 del Centro, en el [&hellip;]<\/p>\n","protected":false},"author":2,"featured_media":90599,"comment_status":"closed","ping_status":"closed","sticky":false,"template":"","format":"standard","meta":{"footnotes":""},"categories":[3],"tags":[],"class_list":{"0":"post-90598","1":"post","2":"type-post","3":"status-publish","4":"format-standard","5":"has-post-thumbnail","7":"category-yucatan"},"yoast_head":"<!-- This site is optimized with the Yoast SEO plugin v27.4 - https:\/\/yoast.com\/product\/yoast-seo-wordpress\/ -->\n<title>Instalan nuevos sem\u00e1foros en el centro de Kanas\u00edn - Yucat\u00e1n en corto<\/title>\n<meta name=\"robots\" content=\"index, follow, max-snippet:-1, max-image-preview:large, max-video-preview:-1\" \/>\n<link rel=\"canonical\" href=\"https:\/\/www.yucatanencorto.com\/noticias\/instalan-nuevos-semaforos-en-el-centro-de-kanasin\/\" \/>\n<meta property=\"og:locale\" content=\"es_ES\" \/>\n<meta property=\"og:type\" content=\"article\" \/>\n<meta property=\"og:title\" content=\"Instalan nuevos sem\u00e1foros en el centro de Kanas\u00edn - Yucat\u00e1n en corto\" \/>\n<meta property=\"og:description\" content=\"Kanas\u00edn Yucat\u00e1n a 12 de abril del 2022 &#8211; La noche de ayer 11 de abril, el alcalde Edwin Boj\u00f3rquez Ramirez, en compa\u00f1\u00eda del Director de Seguridad P\u00fablica de Kanas\u00edn Luciano Moo Arceo, realizaron la activaci\u00f3n de 3 nuevos sem\u00e1foros ubicados en la calle 19 por 21 y 21 por 14 del Centro, en el [&hellip;]\" \/>\n<meta property=\"og:url\" content=\"https:\/\/www.yucatanencorto.com\/noticias\/instalan-nuevos-semaforos-en-el-centro-de-kanasin\/\" \/>\n<meta property=\"og:site_name\" content=\"Yucat\u00e1n en corto\" \/>\n<meta property=\"article:publisher\" content=\"http:\/\/www.facebook.com\/yucatanencorto\" \/>\n<meta property=\"article:published_time\" content=\"2022-04-12T15:57:07+00:00\" \/>\n<meta property=\"og:image\" content=\"https:\/\/www.yucatanencorto.com\/noticias\/wp-content\/uploads\/2022\/04\/IMG-20220412-WA0006-scaled.jpg\" \/>\n\t<meta property=\"og:image:width\" content=\"768\" \/>\n\t<meta property=\"og:image:height\" content=\"512\" \/>\n\t<meta property=\"og:image:type\" content=\"image\/jpeg\" \/>\n<meta name=\"author\" content=\"Yucat\u00e1n en Corto FC\" \/>\n<meta name=\"twitter:card\" content=\"summary_large_image\" \/>\n<meta name=\"twitter:creator\" content=\"@yucatanencorto\" \/>\n<meta name=\"twitter:site\" content=\"@yucatanencorto\" \/>\n<meta name=\"twitter:label1\" content=\"Escrito por\" \/>\n\t<meta name=\"twitter:data1\" content=\"Yucat\u00e1n en Corto FC\" \/>\n\t<meta name=\"twitter:label2\" content=\"Tiempo de lectura\" \/>\n\t<meta name=\"twitter:data2\" content=\"2 minutos\" \/>\n<script type=\"application\/ld+json\" class=\"yoast-schema-graph\">{\"@context\":\"https:\\\/\\\/schema.org\",\"@graph\":[{\"@type\":\"Article\",\"@id\":\"https:\\\/\\\/www.yucatanencorto.com\\\/noticias\\\/instalan-nuevos-semaforos-en-el-centro-de-kanasin\\\/#article\",\"isPartOf\":{\"@id\":\"https:\\\/\\\/www.yucatanencorto.com\\\/noticias\\\/instalan-nuevos-semaforos-en-el-centro-de-kanasin\\\/\"},\"author\":{\"name\":\"Yucat\u00e1n en Corto FC\",\"@id\":\"https:\\\/\\\/www.yucatanencorto.com\\\/noticias\\\/#\\\/schema\\\/person\\\/14f82d355225a1f4075dd84a31f45a72\"},\"headline\":\"Instalan nuevos sem\u00e1foros en el centro de Kanas\u00edn\",\"datePublished\":\"2022-04-12T15:57:07+00:00\",\"mainEntityOfPage\":{\"@id\":\"https:\\\/\\\/www.yucatanencorto.com\\\/noticias\\\/instalan-nuevos-semaforos-en-el-centro-de-kanasin\\\/\"},\"wordCount\":202,\"image\":{\"@id\":\"https:\\\/\\\/www.yucatanencorto.com\\\/noticias\\\/instalan-nuevos-semaforos-en-el-centro-de-kanasin\\\/#primaryimage\"},\"thumbnailUrl\":\"https:\\\/\\\/www.yucatanencorto.com\\\/noticias\\\/wp-content\\\/uploads\\\/2022\\\/04\\\/IMG-20220412-WA0006-scaled.jpg\",\"articleSection\":[\"Yucat\u00e1n\"],\"inLanguage\":\"es\"},{\"@type\":\"WebPage\",\"@id\":\"https:\\\/\\\/www.yucatanencorto.com\\\/noticias\\\/instalan-nuevos-semaforos-en-el-centro-de-kanasin\\\/\",\"url\":\"https:\\\/\\\/www.yucatanencorto.com\\\/noticias\\\/instalan-nuevos-semaforos-en-el-centro-de-kanasin\\\/\",\"name\":\"Instalan nuevos sem\u00e1foros en el centro de Kanas\u00edn - Yucat\u00e1n en corto\",\"isPartOf\":{\"@id\":\"https:\\\/\\\/www.yucatanencorto.com\\\/noticias\\\/#website\"},\"primaryImageOfPage\":{\"@id\":\"https:\\\/\\\/www.yucatanencorto.com\\\/noticias\\\/instalan-nuevos-semaforos-en-el-centro-de-kanasin\\\/#primaryimage\"},\"image\":{\"@id\":\"https:\\\/\\\/www.yucatanencorto.com\\\/noticias\\\/instalan-nuevos-semaforos-en-el-centro-de-kanasin\\\/#primaryimage\"},\"thumbnailUrl\":\"https:\\\/\\\/www.yucatanencorto.com\\\/noticias\\\/wp-content\\\/uploads\\\/2022\\\/04\\\/IMG-20220412-WA0006-scaled.jpg\",\"datePublished\":\"2022-04-12T15:57:07+00:00\",\"author\":{\"@id\":\"https:\\\/\\\/www.yucatanencorto.com\\\/noticias\\\/#\\\/schema\\\/person\\\/14f82d355225a1f4075dd84a31f45a72\"},\"breadcrumb\":{\"@id\":\"https:\\\/\\\/www.yucatanencorto.com\\\/noticias\\\/instalan-nuevos-semaforos-en-el-centro-de-kanasin\\\/#breadcrumb\"},\"inLanguage\":\"es\",\"potentialAction\":[{\"@type\":\"ReadAction\",\"target\":[\"https:\\\/\\\/www.yucatanencorto.com\\\/noticias\\\/instalan-nuevos-semaforos-en-el-centro-de-kanasin\\\/\"]}]},{\"@type\":\"ImageObject\",\"inLanguage\":\"es\",\"@id\":\"https:\\\/\\\/www.yucatanencorto.com\\\/noticias\\\/instalan-nuevos-semaforos-en-el-centro-de-kanasin\\\/#primaryimage\",\"url\":\"https:\\\/\\\/www.yucatanencorto.com\\\/noticias\\\/wp-content\\\/uploads\\\/2022\\\/04\\\/IMG-20220412-WA0006-scaled.jpg\",\"contentUrl\":\"https:\\\/\\\/www.yucatanencorto.com\\\/noticias\\\/wp-content\\\/uploads\\\/2022\\\/04\\\/IMG-20220412-WA0006-scaled.jpg\",\"width\":768,\"height\":512},{\"@type\":\"BreadcrumbList\",\"@id\":\"https:\\\/\\\/www.yucatanencorto.com\\\/noticias\\\/instalan-nuevos-semaforos-en-el-centro-de-kanasin\\\/#breadcrumb\",\"itemListElement\":[{\"@type\":\"ListItem\",\"position\":1,\"name\":\"Portada\",\"item\":\"https:\\\/\\\/www.yucatanencorto.com\\\/noticias\\\/\"},{\"@type\":\"ListItem\",\"position\":2,\"name\":\"Instalan nuevos sem\u00e1foros en el centro de Kanas\u00edn\"}]},{\"@type\":\"WebSite\",\"@id\":\"https:\\\/\\\/www.yucatanencorto.com\\\/noticias\\\/#website\",\"url\":\"https:\\\/\\\/www.yucatanencorto.com\\\/noticias\\\/\",\"name\":\"Yucat\u00e1n en corto\",\"description\":\"Noticias\",\"potentialAction\":[{\"@type\":\"SearchAction\",\"target\":{\"@type\":\"EntryPoint\",\"urlTemplate\":\"https:\\\/\\\/www.yucatanencorto.com\\\/noticias\\\/?s={search_term_string}\"},\"query-input\":{\"@type\":\"PropertyValueSpecification\",\"valueRequired\":true,\"valueName\":\"search_term_string\"}}],\"inLanguage\":\"es\"},{\"@type\":\"Person\",\"@id\":\"https:\\\/\\\/www.yucatanencorto.com\\\/noticias\\\/#\\\/schema\\\/person\\\/14f82d355225a1f4075dd84a31f45a72\",\"name\":\"Yucat\u00e1n en Corto FC\",\"image\":{\"@type\":\"ImageObject\",\"inLanguage\":\"es\",\"@id\":\"https:\\\/\\\/secure.gravatar.com\\\/avatar\\\/147d4b30cd728c53c29c49a3f7834dedca33707f4cd259761355846009a88250?s=96&d=mm&r=g\",\"url\":\"https:\\\/\\\/secure.gravatar.com\\\/avatar\\\/147d4b30cd728c53c29c49a3f7834dedca33707f4cd259761355846009a88250?s=96&d=mm&r=g\",\"contentUrl\":\"https:\\\/\\\/secure.gravatar.com\\\/avatar\\\/147d4b30cd728c53c29c49a3f7834dedca33707f4cd259761355846009a88250?s=96&d=mm&r=g\",\"caption\":\"Yucat\u00e1n en Corto FC\"},\"url\":\"https:\\\/\\\/www.yucatanencorto.com\\\/noticias\\\/author\\\/flor\\\/\"}]}<\/script>\n<!-- \/ Yoast SEO plugin. -->","yoast_head_json":{"title":"Instalan nuevos sem\u00e1foros en el centro de Kanas\u00edn - Yucat\u00e1n en corto","robots":{"index":"index","follow":"follow","max-snippet":"max-snippet:-1","max-image-preview":"max-image-preview:large","max-video-preview":"max-video-preview:-1"},"canonical":"https:\/\/www.yucatanencorto.com\/noticias\/instalan-nuevos-semaforos-en-el-centro-de-kanasin\/","og_locale":"es_ES","og_type":"article","og_title":"Instalan nuevos sem\u00e1foros en el centro de Kanas\u00edn - Yucat\u00e1n en corto","og_description":"Kanas\u00edn Yucat\u00e1n a 12 de abril del 2022 &#8211; La noche de ayer 11 de abril, el alcalde Edwin Boj\u00f3rquez Ramirez, en compa\u00f1\u00eda del Director de Seguridad P\u00fablica de Kanas\u00edn Luciano Moo Arceo, realizaron la activaci\u00f3n de 3 nuevos sem\u00e1foros ubicados en la calle 19 por 21 y 21 por 14 del Centro, en el [&hellip;]","og_url":"https:\/\/www.yucatanencorto.com\/noticias\/instalan-nuevos-semaforos-en-el-centro-de-kanasin\/","og_site_name":"Yucat\u00e1n en corto","article_publisher":"http:\/\/www.facebook.com\/yucatanencorto","article_published_time":"2022-04-12T15:57:07+00:00","og_image":[{"width":768,"height":512,"url":"https:\/\/www.yucatanencorto.com\/noticias\/wp-content\/uploads\/2022\/04\/IMG-20220412-WA0006-scaled.jpg","type":"image\/jpeg"}],"author":"Yucat\u00e1n en Corto FC","twitter_card":"summary_large_image","twitter_creator":"@yucatanencorto","twitter_site":"@yucatanencorto","twitter_misc":{"Escrito por":"Yucat\u00e1n en Corto FC","Tiempo de lectura":"2 minutos"},"schema":{"@context":"https:\/\/schema.org","@graph":[{"@type":"Article","@id":"https:\/\/www.yucatanencorto.com\/noticias\/instalan-nuevos-semaforos-en-el-centro-de-kanasin\/#article","isPartOf":{"@id":"https:\/\/www.yucatanencorto.com\/noticias\/instalan-nuevos-semaforos-en-el-centro-de-kanasin\/"},"author":{"name":"Yucat\u00e1n en Corto FC","@id":"https:\/\/www.yucatanencorto.com\/noticias\/#\/schema\/person\/14f82d355225a1f4075dd84a31f45a72"},"headline":"Instalan nuevos sem\u00e1foros en el centro de Kanas\u00edn","datePublished":"2022-04-12T15:57:07+00:00","mainEntityOfPage":{"@id":"https:\/\/www.yucatanencorto.com\/noticias\/instalan-nuevos-semaforos-en-el-centro-de-kanasin\/"},"wordCount":202,"image":{"@id":"https:\/\/www.yucatanencorto.com\/noticias\/instalan-nuevos-semaforos-en-el-centro-de-kanasin\/#primaryimage"},"thumbnailUrl":"https:\/\/www.yucatanencorto.com\/noticias\/wp-content\/uploads\/2022\/04\/IMG-20220412-WA0006-scaled.jpg","articleSection":["Yucat\u00e1n"],"inLanguage":"es"},{"@type":"WebPage","@id":"https:\/\/www.yucatanencorto.com\/noticias\/instalan-nuevos-semaforos-en-el-centro-de-kanasin\/","url":"https:\/\/www.yucatanencorto.com\/noticias\/instalan-nuevos-semaforos-en-el-centro-de-kanasin\/","name":"Instalan nuevos sem\u00e1foros en el centro de Kanas\u00edn - Yucat\u00e1n en corto","isPartOf":{"@id":"https:\/\/www.yucatanencorto.com\/noticias\/#website"},"primaryImageOfPage":{"@id":"https:\/\/www.yucatanencorto.com\/noticias\/instalan-nuevos-semaforos-en-el-centro-de-kanasin\/#primaryimage"},"image":{"@id":"https:\/\/www.yucatanencorto.com\/noticias\/instalan-nuevos-semaforos-en-el-centro-de-kanasin\/#primaryimage"},"thumbnailUrl":"https:\/\/www.yucatanencorto.com\/noticias\/wp-content\/uploads\/2022\/04\/IMG-20220412-WA0006-scaled.jpg","datePublished":"2022-04-12T15:57:07+00:00","author":{"@id":"https:\/\/www.yucatanencorto.com\/noticias\/#\/schema\/person\/14f82d355225a1f4075dd84a31f45a72"},"breadcrumb":{"@id":"https:\/\/www.yucatanencorto.com\/noticias\/instalan-nuevos-semaforos-en-el-centro-de-kanasin\/#breadcrumb"},"inLanguage":"es","potentialAction":[{"@type":"ReadAction","target":["https:\/\/www.yucatanencorto.com\/noticias\/instalan-nuevos-semaforos-en-el-centro-de-kanasin\/"]}]},{"@type":"ImageObject","inLanguage":"es","@id":"https:\/\/www.yucatanencorto.com\/noticias\/instalan-nuevos-semaforos-en-el-centro-de-kanasin\/#primaryimage","url":"https:\/\/www.yucatanencorto.com\/noticias\/wp-content\/uploads\/2022\/04\/IMG-20220412-WA0006-scaled.jpg","contentUrl":"https:\/\/www.yucatanencorto.com\/noticias\/wp-content\/uploads\/2022\/04\/IMG-20220412-WA0006-scaled.jpg","width":768,"height":512},{"@type":"BreadcrumbList","@id":"https:\/\/www.yucatanencorto.com\/noticias\/instalan-nuevos-semaforos-en-el-centro-de-kanasin\/#breadcrumb","itemListElement":[{"@type":"ListItem","position":1,"name":"Portada","item":"https:\/\/www.yucatanencorto.com\/noticias\/"},{"@type":"ListItem","position":2,"name":"Instalan nuevos sem\u00e1foros en el centro de Kanas\u00edn"}]},{"@type":"WebSite","@id":"https:\/\/www.yucatanencorto.com\/noticias\/#website","url":"https:\/\/www.yucatanencorto.com\/noticias\/","name":"Yucat\u00e1n en corto","description":"Noticias","potentialAction":[{"@type":"SearchAction","target":{"@type":"EntryPoint","urlTemplate":"https:\/\/www.yucatanencorto.com\/noticias\/?s={search_term_string}"},"query-input":{"@type":"PropertyValueSpecification","valueRequired":true,"valueName":"search_term_string"}}],"inLanguage":"es"},{"@type":"Person","@id":"https:\/\/www.yucatanencorto.com\/noticias\/#\/schema\/person\/14f82d355225a1f4075dd84a31f45a72","name":"Yucat\u00e1n en Corto FC","image":{"@type":"ImageObject","inLanguage":"es","@id":"https:\/\/secure.gravatar.com\/avatar\/147d4b30cd728c53c29c49a3f7834dedca33707f4cd259761355846009a88250?s=96&d=mm&r=g","url":"https:\/\/secure.gravatar.com\/avatar\/147d4b30cd728c53c29c49a3f7834dedca33707f4cd259761355846009a88250?s=96&d=mm&r=g","contentUrl":"https:\/\/secure.gravatar.com\/avatar\/147d4b30cd728c53c29c49a3f7834dedca33707f4cd259761355846009a88250?s=96&d=mm&r=g","caption":"Yucat\u00e1n en Corto FC"},"url":"https:\/\/www.yucatanencorto.com\/noticias\/author\/flor\/"}]}},"_links":{"self":[{"href":"https:\/\/www.yucatanencorto.com\/noticias\/wp-json\/wp\/v2\/posts\/90598","targetHints":{"allow":["GET"]}}],"collection":[{"href":"https:\/\/www.yucatanencorto.com\/noticias\/wp-json\/wp\/v2\/posts"}],"about":[{"href":"https:\/\/www.yucatanencorto.com\/noticias\/wp-json\/wp\/v2\/types\/post"}],"author":[{"embeddable":true,"href":"https:\/\/www.yucatanencorto.com\/noticias\/wp-json\/wp\/v2\/users\/2"}],"replies":[{"embeddable":true,"href":"https:\/\/www.yucatanencorto.com\/noticias\/wp-json\/wp\/v2\/comments?post=90598"}],"version-history":[{"count":0,"href":"https:\/\/www.yucatanencorto.com\/noticias\/wp-json\/wp\/v2\/posts\/90598\/revisions"}],"wp:featuredmedia":[{"embeddable":true,"href":"https:\/\/www.yucatanencorto.com\/noticias\/wp-json\/wp\/v2\/media\/90599"}],"wp:attachment":[{"href":"https:\/\/www.yucatanencorto.com\/noticias\/wp-json\/wp\/v2\/media?parent=90598"}],"wp:term":[{"taxonomy":"category","embeddable":true,"href":"https:\/\/www.yucatanencorto.com\/noticias\/wp-json\/wp\/v2\/categories?post=90598"},{"taxonomy":"post_tag","embeddable":true,"href":"https:\/\/www.yucatanencorto.com\/noticias\/wp-json\/wp\/v2\/tags?post=90598"}],"curies":[{"name":"wp","href":"https:\/\/api.w.org\/{rel}","templated":true}]}}