{"id":90601,"date":"2022-04-12T15:27:03","date_gmt":"2022-04-12T20:27:03","guid":{"rendered":"https:\/\/www.yucatanencorto.com\/noticias\/?p=90601"},"modified":"2022-04-12T15:36:23","modified_gmt":"2022-04-12T20:36:23","slug":"se-reunen-con-miembros-de-la-canirac-yucatan-para-seguir-impulsando-la-actividad-economica-de-meseros-cocineros-y-trabajadores-del-sector-restaurantero","status":"publish","type":"post","link":"https:\/\/www.yucatanencorto.com\/noticias\/se-reunen-con-miembros-de-la-canirac-yucatan-para-seguir-impulsando-la-actividad-economica-de-meseros-cocineros-y-trabajadores-del-sector-restaurantero\/","title":{"rendered":"Se re\u00fanen con miembros de la Canirac en Yucat\u00e1n para seguir impulsando la actividad econ\u00f3mica de meseros, cocineros y trabajadores del sector restaurantero."},"content":{"rendered":"<p>&nbsp;<\/p>\n<p><img loading=\"lazy\" decoding=\"async\" class=\"alignnone size-full wp-image-90602\" src=\"https:\/\/www.yucatanencorto.com\/noticias\/wp-content\/uploads\/2022\/04\/0001-1-scaled.jpg\" alt=\"\" width=\"768\" height=\"527\" srcset=\"https:\/\/www.yucatanencorto.com\/noticias\/wp-content\/uploads\/2022\/04\/0001-1-scaled.jpg 768w, https:\/\/www.yucatanencorto.com\/noticias\/wp-content\/uploads\/2022\/04\/0001-1-218x150.jpg 218w, https:\/\/www.yucatanencorto.com\/noticias\/wp-content\/uploads\/2022\/04\/0001-1-696x478.jpg 696w, https:\/\/www.yucatanencorto.com\/noticias\/wp-content\/uploads\/2022\/04\/0001-1-1068x733.jpg 1068w, https:\/\/www.yucatanencorto.com\/noticias\/wp-content\/uploads\/2022\/04\/0001-1-612x420.jpg 612w, https:\/\/www.yucatanencorto.com\/noticias\/wp-content\/uploads\/2022\/04\/0001-1-100x70.jpg 100w\" sizes=\"auto, (max-width: 768px) 100vw, 768px\" \/><\/p>\n<p>M\u00e9rida, Yucat\u00e1n, 12 de abril del 2022.- Vamos camino a la transformaci\u00f3n de Yucat\u00e1n y es momento de estar m\u00e1s unidos que nunca; que cada yucateca y yucateco desde su trinchera pueda aportar y hacer equipo para que sigamos siendo parte del cambio y ofrecer a las futuras generaciones un mejor estado del que tenemos y eso s\u00f3lo se puede lograr con unidad, indic\u00f3 el Gobernador Mauricio Vila Dosal al reunirse con integrantes de la C\u00e1mara Nacional de la Industria de Restaurantes y Alimentos Condimentados (Canirac) Delegaci\u00f3n Yucat\u00e1n.<\/p>\n<p>&nbsp;<\/p>\n<p>&nbsp;<\/p>\n<p>&nbsp;<\/p>\n<p>En el encuentro realizado en el Centro de Control, Comando, Comunicaciones, C\u00f3mputo, Coordinaci\u00f3n e Inteligencia (C5i), la presidenta de la Canirac Delegaci\u00f3n Yucat\u00e1n, Claudia Gonz\u00e1lez G\u00f3ngora, y Vila Dosal reafirmaron su voluntad de hacer equipo para seguir impulsando la actividad econ\u00f3mica de meseros, cocineros y trabajadores del sector restaurantero, as\u00ed como mantener los \u00edndices de seguridad en la entidad, lo que, permite el crecimiento econ\u00f3mico a favor de las familias yucatecas.<\/p>\n<p>&nbsp;<\/p>\n<p>&nbsp;<\/p>\n<p>&nbsp;<\/p>\n<p>\u201cVamos a seguir poniendo de nuestra parte para mantener la paz en el estado, pues que, Yucat\u00e1n siga seguro nos permite generar m\u00e1s fuentes de trabajo y derrama econ\u00f3mica, as\u00ed que Gobernador considere un aliado en la c\u00e1mara para cada d\u00eda ser mejores y seguir transformando al estado, como el avance, por ejemplo, como el que se realiz\u00f3 en este recinto con un impresionante uso de la tecnolog\u00eda, por lo que continuaremos trabajando de la mano\u201d, se\u00f1al\u00f3 la dirigente empresarial.<\/p>\n<p>&nbsp;<\/p>\n<p>&nbsp;<\/p>\n<p>&nbsp;<\/p>\n<p>En materia de la lucha contra la violencia hacia la mujer, Vila Dosal resalt\u00f3 la importancia de trabajar de forma conjunta en esta problem\u00e1tica social a trav\u00e9s del esquema \u201cDistintivo Violeta Empresarial\u201d con la generaci\u00f3n de espacios seguros para las mujeres en sus centros de trabajo, a lo que, Gonz\u00e1lez G\u00f3ngora indic\u00f3 que, desde el mes de marzo, la c\u00e1mara est\u00e1 atendiendo este tema en coordinaci\u00f3n con la Secretar\u00eda de Mujeres (Semujeres), comprometidos con tener lugares no s\u00f3lo seguros ante delitos sino, para que las trabajadoras yucatecas no sean v\u00edctimas de violencia.<\/p>\n<p>&nbsp;<\/p>\n<p>&nbsp;<\/p>\n<p>&nbsp;<\/p>\n<p>\u201cPara la Canirac este esquema representa muy valioso, pues en la entidad, las mujeres representan el 53% de nuestra plantilla laboral en cuanto a personal operativo y administrativo, por lo que estamos convencidos que, necesitamos crear centros de trabajo seguros en los que puedan desarrollarse las mujeres\u201d, concluy\u00f3 la tambi\u00e9n empresaria restaurantera.<\/p>\n<p>&nbsp;<\/p>\n<p>&nbsp;<\/p>\n<p>&nbsp;<\/p>\n<p>Desde la Sala de Crisis del C5i, Vila Dosal present\u00f3 un recuento de las acciones que se han realizado en los \u00faltimos 3 a\u00f1os en la entidad en materia de seguridad, salud, econom\u00eda, energ\u00edas limpias y transporte, as\u00ed como proyectos a futuro que, est\u00e1n transformando a Yucat\u00e1n.<\/p>\n<p>&nbsp;<\/p>\n<p>&nbsp;<\/p>\n<p>&nbsp;<\/p>\n<p>Acompa\u00f1ado de los titulares de las Secretar\u00edas de Seguridad P\u00fablica (SSP), Luis Felipe Said\u00e9n Ojeda, y de la Fiscal\u00eda General del Estado (FGE), Juan Manuel Le\u00f3n, destac\u00f3 el proyecto sobre dotar de Internet a todas las escuelas p\u00fablicas, Centros de Salud y parques principales de los 106 municipios del estado, por lo que se lanzar\u00e1 una licitaci\u00f3n para que todos estos espacios cuenten con este servicio que ya es indispensable en la actualidad.<\/p>\n<p>&nbsp;<\/p>\n<p>&nbsp;<\/p>\n<p>&nbsp;<\/p>\n<p>Asimismo, se est\u00e1 trabajando en importantes proyectos con la Federaci\u00f3n como la ampliaci\u00f3n de Puerto Progreso, as\u00ed como, tras gestiones con el Presidente Andr\u00e9s Manuel L\u00f3pez Obrador, se logr\u00f3 que las 22 hect\u00e1reas del terreno de \u201cLa plancha\u201d se conviertan en un gran parque, a trav\u00e9s de la erogaci\u00f3n de 1,000 millones de pesos; tambi\u00e9n, est\u00e1 en su fase final de aprobaci\u00f3n el nuevo Hospital \u00abDr. Agust\u00edn O&#8217;Hor\u00e1n\u00bb, con el cual se brindar\u00e1 atenci\u00f3n m\u00e9dica de calidad; as\u00ed como con el Tren Maya llegar\u00e1n m\u00e1s turistas a la entidad.<\/p>\n<p>&nbsp;<\/p>\n<p>&nbsp;<\/p>\n<p>&nbsp;<\/p>\n<p>Sobre el abasto de gas natural a la entidad, el Gobernador indic\u00f3 que, actualmente se satisface la demanda de la industria local, sin embargo, se invertir\u00e1 4,500 millones de d\u00f3lares para ampliar el ducto Mayak\u00e1n y pasar de 250 millones de pies c\u00fabicos diarios a 450, con lo que se podr\u00e1 usar esta sustancia en las plantas generadoras energ\u00eda y las tarifas el\u00e9ctricas se reducir\u00e1n, en favor de las familias.<\/p>\n<p>&nbsp;<\/p>\n<p>&nbsp;<\/p>\n<p>&nbsp;<\/p>\n<p>\u201cSin embargo, a\u00fan tenemos leyes creadas hace 30, 40 a\u00f1os, que ya no corresponden con el Yucat\u00e1n de ahora y son un freno para su desarrollo, por lo que se est\u00e1 realizando una actualizaci\u00f3n como el Instituto de Seguridad Social de los Trabajadores (Isstey), cuya ley de pensiones data de 1976, por lo que ya se conform\u00f3 el Comit\u00e9 de Expertos locales y nacionales integrado por los mejores especialistas para proponer las mejores opciones para darle una soluci\u00f3n a este tema\u201d, puntualiz\u00f3 el Gobernador.<\/p>\n<p>&nbsp;<\/p>\n<p>&nbsp;<\/p>\n<p>&nbsp;<\/p>\n<p>Tambi\u00e9n, continu\u00f3 Vila Dosal, recientemente el Congreso local aprob\u00f3 nuestra propuesta a la reforma a la Ley del Notariado, ya que hab\u00edan 100 notarios desde 1994, y mientras la poblaci\u00f3n yucateca creci\u00f3 al doble, la misma cifra de notarios segu\u00eda, por lo que a trav\u00e9s de esta propuesta, se increment\u00f3 el n\u00famero de Notar\u00edas, pero con transparencia, pues respetar\u00e1 la lista de prelaci\u00f3n del Consejo de Notarios y todas las Notar\u00edas se entregar\u00e1 a quienes est\u00e1n en esa lista, acci\u00f3n que impulsar\u00e1 a que los yucatecos reciban un mejor servicio al aumentar la competitividad.<\/p>\n<p>&nbsp;<\/p>\n<p>&nbsp;<\/p>\n<p>&nbsp;<\/p>\n<p>Ante los titulares de las Secretar\u00edas de Fomento Econ\u00f3mico y del Trabajo (Sefoet), Ernesto Herrera Novelo y de Fomento Tur\u00edstico (Sefotur), Michelle Fridman Hirsch, el Gobernador indic\u00f3 que Yucat\u00e1n va por buen camino y como resultado del trabajo en equipo, somos la quinta econom\u00eda en el pa\u00eds con mayor crecimiento al reportar 7.8%, cifra mayor al promedio del pa\u00eds que es de 4.2%.<\/p>\n<p>&nbsp;<\/p>\n<p>&nbsp;<\/p>\n<p>&nbsp;<\/p>\n<p>En ese sentido, record\u00f3 que durante los momentos m\u00e1s dif\u00edciles de la pandemia se perdieron 25,000 empleos y ahora ya se generaron m\u00e1s de 39 mil, es decir, 54% m\u00e1s de los que se hab\u00edan perdido, dicha cantidad hizo que Yucat\u00e1n rompa un nuevo r\u00e9cord hist\u00f3rico en generaci\u00f3n de empleos, al registrarse en el mes de marzo un total de 400,048 trabajadores asegurados ante el Instituto Mexicano del Seguro Social (IMSS).<\/p>\n<p>&nbsp;<\/p>\n<p>&nbsp;<\/p>\n<p>&nbsp;<\/p>\n<p>En cuanto al rubro de salud, Vila Dosal mencion\u00f3 los programas de \u00e9xito \u201cM\u00e9dico 24\/7\u201d y \u201cM\u00e9dico a Domicilio\u201d con los que la administraci\u00f3n estatal est\u00e1 acercando este tipo de servicio a las y los yucatecos y siguiendo esa l\u00ednea, este a\u00f1o se estar\u00e1 interviniendo en 65 Centros de Salud para dejarlos en mejores condiciones para los habitantes del interior del estado.<\/p>\n<p>&nbsp;<\/p>\n<p>&nbsp;<\/p>\n<p>&nbsp;<\/p>\n<p>En el rubro de seguridad, el Gobernador abund\u00f3 sobre los beneficios de contar con el C5i, desde donde se controla todo el sistema de videovigilancia y el cual forma parte de la estrategia Yucat\u00e1n Seguro, con la que se pas\u00f3 de 2,248 c\u00e1maras a 6,775 y de 100 arcos carreteros a 219, entre otras acciones, que contribuyen a mejorar la coordinaci\u00f3n y pronta respuesta de la Polic\u00eda estatal.<\/p>\n<p>&nbsp;<\/p>\n<p>&nbsp;<\/p>\n<p>&nbsp;<\/p>\n<p>Para reforzar el equipamiento, Vila Dosal record\u00f3 que, en lo que va de esta administraci\u00f3n, se ha contratado a 300 agentes y adquirido 660 patrullas; este a\u00f1o, se entregar\u00e1n 200 adicionales, a lo que se suma el moderno helic\u00f3ptero Bell 429, considerado como el mejor en su tipo, en toda Latinoam\u00e9rica, junto con 12 ambulancias y 4 lanchas.<\/p>\n<p>&nbsp;<\/p>\n<p>&nbsp;<\/p>\n<p>&nbsp;<\/p>\n<p>Respecto a la capacitaci\u00f3n al personal, indic\u00f3 que se transformar\u00e1 la Academia de Polic\u00eda en la Universidad Policiaca, para preparar a los elementos de la SSP en temas como ciberseguridad, as\u00ed como se est\u00e1n mejorando sus condiciones de trabajo, por ejemplo, con la implementaci\u00f3n de un esquema especial, que convirti\u00f3 a la entidad en la \u00fanica del pa\u00eds con el que podr\u00e1n acceder a cr\u00e9ditos del Instituto del Fondo Nacional de Vivienda de los Trabajadores (Infonavit).<\/p>\n<p>&nbsp;<\/p>\n<p>&nbsp;<\/p>\n<p>&nbsp;<\/p>\n<p>Tambi\u00e9n, a\u00f1adi\u00f3 el Gobernador, no obstante, que el sueldo de los elementos en Yucat\u00e1n est\u00e1 arriba del promedio nacional, se incrementar\u00e1 a 14 mil pesos mensual, lo que se suma a que se est\u00e1n otorgando becas del 100% de inscripci\u00f3n y colegiatura, a las y los hijos de cada agente, junto con un apoyo bimestral de 1,600 pesos, si demuestran su admisi\u00f3n a cualquier universidad privada o p\u00fablica, ventajas que, indic\u00f3 el Gobernador, \u201chacen que nuestros polic\u00edas trabajen de forma honesta y comprometida pues les ofrecemos un plan de vida con seguridades como vivienda, salud y educaci\u00f3n de calidad para que nos respondan con lealtad a los yucatecos\u201d, puntualiz\u00f3.<\/p>\n<p>&nbsp;<\/p>\n<p>&nbsp;<\/p>\n<p>&nbsp;<\/p>\n<p>En la actualidad, continu\u00f3, tenemos un paquete de m\u00e1s de 200 proyectos de inversi\u00f3n, por arriba de 100,000 millones de pesos, que se estar\u00e1n desarrollando en los pr\u00f3ximos a\u00f1os y muy pronto anunciaremos una importante serie de inversiones m\u00e1s que llegar\u00e1n a la entidad para seguir creando miles de puestos laborales en beneficio de las familias yucatecas.<\/p>\n<p>&nbsp;<\/p>\n<p>&nbsp;<\/p>\n<p>&nbsp;<\/p>\n<p>Momentos antes de la reuni\u00f3n, integrantes de la Canirac, recorrieron las nuevas instalaciones del C5i, donde conocieron de primera mano al personal y la tecnolog\u00eda de punta que ah\u00ed se aplica con el objetivo de mantener el clima de paz y seguridad que caracteriza a Yucat\u00e1n.<\/p>\n","protected":false},"excerpt":{"rendered":"<p>&nbsp; M\u00e9rida, Yucat\u00e1n, 12 de abril del 2022.- Vamos camino a la transformaci\u00f3n de Yucat\u00e1n y es momento de estar m\u00e1s unidos que nunca; que cada yucateca y yucateco desde su trinchera pueda aportar y hacer equipo para que sigamos siendo parte del cambio y ofrecer a las futuras generaciones un mejor estado del que [&hellip;]<\/p>\n","protected":false},"author":2,"featured_media":90602,"comment_status":"closed","ping_status":"closed","sticky":false,"template":"","format":"standard","meta":{"footnotes":""},"categories":[3],"tags":[],"class_list":{"0":"post-90601","1":"post","2":"type-post","3":"status-publish","4":"format-standard","5":"has-post-thumbnail","7":"category-yucatan"},"yoast_head":"<!-- This site is optimized with the Yoast SEO plugin v27.4 - https:\/\/yoast.com\/product\/yoast-seo-wordpress\/ -->\n<title>Se re\u00fanen con miembros de la Canirac en Yucat\u00e1n para seguir impulsando la actividad econ\u00f3mica de meseros, cocineros y trabajadores del sector restaurantero. - Yucat\u00e1n en corto<\/title>\n<meta name=\"robots\" content=\"index, follow, max-snippet:-1, max-image-preview:large, max-video-preview:-1\" \/>\n<link rel=\"canonical\" href=\"https:\/\/www.yucatanencorto.com\/noticias\/se-reunen-con-miembros-de-la-canirac-yucatan-para-seguir-impulsando-la-actividad-economica-de-meseros-cocineros-y-trabajadores-del-sector-restaurantero\/\" \/>\n<meta property=\"og:locale\" content=\"es_ES\" \/>\n<meta property=\"og:type\" content=\"article\" \/>\n<meta property=\"og:title\" content=\"Se re\u00fanen con miembros de la Canirac en Yucat\u00e1n para seguir impulsando la actividad econ\u00f3mica de meseros, cocineros y trabajadores del sector restaurantero. - Yucat\u00e1n en corto\" \/>\n<meta property=\"og:description\" content=\"&nbsp; M\u00e9rida, Yucat\u00e1n, 12 de abril del 2022.- Vamos camino a la transformaci\u00f3n de Yucat\u00e1n y es momento de estar m\u00e1s unidos que nunca; que cada yucateca y yucateco desde su trinchera pueda aportar y hacer equipo para que sigamos siendo parte del cambio y ofrecer a las futuras generaciones un mejor estado del que [&hellip;]\" \/>\n<meta property=\"og:url\" content=\"https:\/\/www.yucatanencorto.com\/noticias\/se-reunen-con-miembros-de-la-canirac-yucatan-para-seguir-impulsando-la-actividad-economica-de-meseros-cocineros-y-trabajadores-del-sector-restaurantero\/\" \/>\n<meta property=\"og:site_name\" content=\"Yucat\u00e1n en corto\" \/>\n<meta property=\"article:publisher\" content=\"http:\/\/www.facebook.com\/yucatanencorto\" \/>\n<meta property=\"article:published_time\" content=\"2022-04-12T20:27:03+00:00\" \/>\n<meta property=\"article:modified_time\" content=\"2022-04-12T20:36:23+00:00\" \/>\n<meta property=\"og:image\" content=\"https:\/\/www.yucatanencorto.com\/noticias\/wp-content\/uploads\/2022\/04\/0001-1-scaled.jpg\" \/>\n\t<meta property=\"og:image:width\" content=\"768\" \/>\n\t<meta property=\"og:image:height\" content=\"527\" \/>\n\t<meta property=\"og:image:type\" content=\"image\/jpeg\" \/>\n<meta name=\"author\" content=\"Yucat\u00e1n en Corto FC\" \/>\n<meta name=\"twitter:card\" content=\"summary_large_image\" \/>\n<meta name=\"twitter:creator\" content=\"@yucatanencorto\" \/>\n<meta name=\"twitter:site\" content=\"@yucatanencorto\" \/>\n<meta name=\"twitter:label1\" content=\"Escrito por\" \/>\n\t<meta name=\"twitter:data1\" content=\"Yucat\u00e1n en Corto FC\" \/>\n\t<meta name=\"twitter:label2\" content=\"Tiempo de lectura\" \/>\n\t<meta name=\"twitter:data2\" content=\"7 minutos\" \/>\n<script type=\"application\/ld+json\" class=\"yoast-schema-graph\">{\"@context\":\"https:\\\/\\\/schema.org\",\"@graph\":[{\"@type\":\"Article\",\"@id\":\"https:\\\/\\\/www.yucatanencorto.com\\\/noticias\\\/se-reunen-con-miembros-de-la-canirac-yucatan-para-seguir-impulsando-la-actividad-economica-de-meseros-cocineros-y-trabajadores-del-sector-restaurantero\\\/#article\",\"isPartOf\":{\"@id\":\"https:\\\/\\\/www.yucatanencorto.com\\\/noticias\\\/se-reunen-con-miembros-de-la-canirac-yucatan-para-seguir-impulsando-la-actividad-economica-de-meseros-cocineros-y-trabajadores-del-sector-restaurantero\\\/\"},\"author\":{\"name\":\"Yucat\u00e1n en Corto FC\",\"@id\":\"https:\\\/\\\/www.yucatanencorto.com\\\/noticias\\\/#\\\/schema\\\/person\\\/14f82d355225a1f4075dd84a31f45a72\"},\"headline\":\"Se re\u00fanen con miembros de la Canirac en Yucat\u00e1n para seguir impulsando la actividad econ\u00f3mica de meseros, cocineros y trabajadores del sector restaurantero.\",\"datePublished\":\"2022-04-12T20:27:03+00:00\",\"dateModified\":\"2022-04-12T20:36:23+00:00\",\"mainEntityOfPage\":{\"@id\":\"https:\\\/\\\/www.yucatanencorto.com\\\/noticias\\\/se-reunen-con-miembros-de-la-canirac-yucatan-para-seguir-impulsando-la-actividad-economica-de-meseros-cocineros-y-trabajadores-del-sector-restaurantero\\\/\"},\"wordCount\":1643,\"image\":{\"@id\":\"https:\\\/\\\/www.yucatanencorto.com\\\/noticias\\\/se-reunen-con-miembros-de-la-canirac-yucatan-para-seguir-impulsando-la-actividad-economica-de-meseros-cocineros-y-trabajadores-del-sector-restaurantero\\\/#primaryimage\"},\"thumbnailUrl\":\"https:\\\/\\\/www.yucatanencorto.com\\\/noticias\\\/wp-content\\\/uploads\\\/2022\\\/04\\\/0001-1-scaled.jpg\",\"articleSection\":[\"Yucat\u00e1n\"],\"inLanguage\":\"es\"},{\"@type\":\"WebPage\",\"@id\":\"https:\\\/\\\/www.yucatanencorto.com\\\/noticias\\\/se-reunen-con-miembros-de-la-canirac-yucatan-para-seguir-impulsando-la-actividad-economica-de-meseros-cocineros-y-trabajadores-del-sector-restaurantero\\\/\",\"url\":\"https:\\\/\\\/www.yucatanencorto.com\\\/noticias\\\/se-reunen-con-miembros-de-la-canirac-yucatan-para-seguir-impulsando-la-actividad-economica-de-meseros-cocineros-y-trabajadores-del-sector-restaurantero\\\/\",\"name\":\"Se re\u00fanen con miembros de la Canirac en Yucat\u00e1n para seguir impulsando la actividad econ\u00f3mica de meseros, cocineros y trabajadores del sector restaurantero. - Yucat\u00e1n en corto\",\"isPartOf\":{\"@id\":\"https:\\\/\\\/www.yucatanencorto.com\\\/noticias\\\/#website\"},\"primaryImageOfPage\":{\"@id\":\"https:\\\/\\\/www.yucatanencorto.com\\\/noticias\\\/se-reunen-con-miembros-de-la-canirac-yucatan-para-seguir-impulsando-la-actividad-economica-de-meseros-cocineros-y-trabajadores-del-sector-restaurantero\\\/#primaryimage\"},\"image\":{\"@id\":\"https:\\\/\\\/www.yucatanencorto.com\\\/noticias\\\/se-reunen-con-miembros-de-la-canirac-yucatan-para-seguir-impulsando-la-actividad-economica-de-meseros-cocineros-y-trabajadores-del-sector-restaurantero\\\/#primaryimage\"},\"thumbnailUrl\":\"https:\\\/\\\/www.yucatanencorto.com\\\/noticias\\\/wp-content\\\/uploads\\\/2022\\\/04\\\/0001-1-scaled.jpg\",\"datePublished\":\"2022-04-12T20:27:03+00:00\",\"dateModified\":\"2022-04-12T20:36:23+00:00\",\"author\":{\"@id\":\"https:\\\/\\\/www.yucatanencorto.com\\\/noticias\\\/#\\\/schema\\\/person\\\/14f82d355225a1f4075dd84a31f45a72\"},\"breadcrumb\":{\"@id\":\"https:\\\/\\\/www.yucatanencorto.com\\\/noticias\\\/se-reunen-con-miembros-de-la-canirac-yucatan-para-seguir-impulsando-la-actividad-economica-de-meseros-cocineros-y-trabajadores-del-sector-restaurantero\\\/#breadcrumb\"},\"inLanguage\":\"es\",\"potentialAction\":[{\"@type\":\"ReadAction\",\"target\":[\"https:\\\/\\\/www.yucatanencorto.com\\\/noticias\\\/se-reunen-con-miembros-de-la-canirac-yucatan-para-seguir-impulsando-la-actividad-economica-de-meseros-cocineros-y-trabajadores-del-sector-restaurantero\\\/\"]}]},{\"@type\":\"ImageObject\",\"inLanguage\":\"es\",\"@id\":\"https:\\\/\\\/www.yucatanencorto.com\\\/noticias\\\/se-reunen-con-miembros-de-la-canirac-yucatan-para-seguir-impulsando-la-actividad-economica-de-meseros-cocineros-y-trabajadores-del-sector-restaurantero\\\/#primaryimage\",\"url\":\"https:\\\/\\\/www.yucatanencorto.com\\\/noticias\\\/wp-content\\\/uploads\\\/2022\\\/04\\\/0001-1-scaled.jpg\",\"contentUrl\":\"https:\\\/\\\/www.yucatanencorto.com\\\/noticias\\\/wp-content\\\/uploads\\\/2022\\\/04\\\/0001-1-scaled.jpg\",\"width\":768,\"height\":527},{\"@type\":\"BreadcrumbList\",\"@id\":\"https:\\\/\\\/www.yucatanencorto.com\\\/noticias\\\/se-reunen-con-miembros-de-la-canirac-yucatan-para-seguir-impulsando-la-actividad-economica-de-meseros-cocineros-y-trabajadores-del-sector-restaurantero\\\/#breadcrumb\",\"itemListElement\":[{\"@type\":\"ListItem\",\"position\":1,\"name\":\"Portada\",\"item\":\"https:\\\/\\\/www.yucatanencorto.com\\\/noticias\\\/\"},{\"@type\":\"ListItem\",\"position\":2,\"name\":\"Se re\u00fanen con miembros de la Canirac en Yucat\u00e1n para seguir impulsando la actividad econ\u00f3mica de meseros, cocineros y trabajadores del sector restaurantero.\"}]},{\"@type\":\"WebSite\",\"@id\":\"https:\\\/\\\/www.yucatanencorto.com\\\/noticias\\\/#website\",\"url\":\"https:\\\/\\\/www.yucatanencorto.com\\\/noticias\\\/\",\"name\":\"Yucat\u00e1n en corto\",\"description\":\"Noticias\",\"potentialAction\":[{\"@type\":\"SearchAction\",\"target\":{\"@type\":\"EntryPoint\",\"urlTemplate\":\"https:\\\/\\\/www.yucatanencorto.com\\\/noticias\\\/?s={search_term_string}\"},\"query-input\":{\"@type\":\"PropertyValueSpecification\",\"valueRequired\":true,\"valueName\":\"search_term_string\"}}],\"inLanguage\":\"es\"},{\"@type\":\"Person\",\"@id\":\"https:\\\/\\\/www.yucatanencorto.com\\\/noticias\\\/#\\\/schema\\\/person\\\/14f82d355225a1f4075dd84a31f45a72\",\"name\":\"Yucat\u00e1n en Corto FC\",\"image\":{\"@type\":\"ImageObject\",\"inLanguage\":\"es\",\"@id\":\"https:\\\/\\\/secure.gravatar.com\\\/avatar\\\/147d4b30cd728c53c29c49a3f7834dedca33707f4cd259761355846009a88250?s=96&d=mm&r=g\",\"url\":\"https:\\\/\\\/secure.gravatar.com\\\/avatar\\\/147d4b30cd728c53c29c49a3f7834dedca33707f4cd259761355846009a88250?s=96&d=mm&r=g\",\"contentUrl\":\"https:\\\/\\\/secure.gravatar.com\\\/avatar\\\/147d4b30cd728c53c29c49a3f7834dedca33707f4cd259761355846009a88250?s=96&d=mm&r=g\",\"caption\":\"Yucat\u00e1n en Corto FC\"},\"url\":\"https:\\\/\\\/www.yucatanencorto.com\\\/noticias\\\/author\\\/flor\\\/\"}]}<\/script>\n<!-- \/ Yoast SEO plugin. -->","yoast_head_json":{"title":"Se re\u00fanen con miembros de la Canirac en Yucat\u00e1n para seguir impulsando la actividad econ\u00f3mica de meseros, cocineros y trabajadores del sector restaurantero. - Yucat\u00e1n en corto","robots":{"index":"index","follow":"follow","max-snippet":"max-snippet:-1","max-image-preview":"max-image-preview:large","max-video-preview":"max-video-preview:-1"},"canonical":"https:\/\/www.yucatanencorto.com\/noticias\/se-reunen-con-miembros-de-la-canirac-yucatan-para-seguir-impulsando-la-actividad-economica-de-meseros-cocineros-y-trabajadores-del-sector-restaurantero\/","og_locale":"es_ES","og_type":"article","og_title":"Se re\u00fanen con miembros de la Canirac en Yucat\u00e1n para seguir impulsando la actividad econ\u00f3mica de meseros, cocineros y trabajadores del sector restaurantero. - Yucat\u00e1n en corto","og_description":"&nbsp; M\u00e9rida, Yucat\u00e1n, 12 de abril del 2022.- Vamos camino a la transformaci\u00f3n de Yucat\u00e1n y es momento de estar m\u00e1s unidos que nunca; que cada yucateca y yucateco desde su trinchera pueda aportar y hacer equipo para que sigamos siendo parte del cambio y ofrecer a las futuras generaciones un mejor estado del que [&hellip;]","og_url":"https:\/\/www.yucatanencorto.com\/noticias\/se-reunen-con-miembros-de-la-canirac-yucatan-para-seguir-impulsando-la-actividad-economica-de-meseros-cocineros-y-trabajadores-del-sector-restaurantero\/","og_site_name":"Yucat\u00e1n en corto","article_publisher":"http:\/\/www.facebook.com\/yucatanencorto","article_published_time":"2022-04-12T20:27:03+00:00","article_modified_time":"2022-04-12T20:36:23+00:00","og_image":[{"width":768,"height":527,"url":"https:\/\/www.yucatanencorto.com\/noticias\/wp-content\/uploads\/2022\/04\/0001-1-scaled.jpg","type":"image\/jpeg"}],"author":"Yucat\u00e1n en Corto FC","twitter_card":"summary_large_image","twitter_creator":"@yucatanencorto","twitter_site":"@yucatanencorto","twitter_misc":{"Escrito por":"Yucat\u00e1n en Corto FC","Tiempo de lectura":"7 minutos"},"schema":{"@context":"https:\/\/schema.org","@graph":[{"@type":"Article","@id":"https:\/\/www.yucatanencorto.com\/noticias\/se-reunen-con-miembros-de-la-canirac-yucatan-para-seguir-impulsando-la-actividad-economica-de-meseros-cocineros-y-trabajadores-del-sector-restaurantero\/#article","isPartOf":{"@id":"https:\/\/www.yucatanencorto.com\/noticias\/se-reunen-con-miembros-de-la-canirac-yucatan-para-seguir-impulsando-la-actividad-economica-de-meseros-cocineros-y-trabajadores-del-sector-restaurantero\/"},"author":{"name":"Yucat\u00e1n en Corto FC","@id":"https:\/\/www.yucatanencorto.com\/noticias\/#\/schema\/person\/14f82d355225a1f4075dd84a31f45a72"},"headline":"Se re\u00fanen con miembros de la Canirac en Yucat\u00e1n para seguir impulsando la actividad econ\u00f3mica de meseros, cocineros y trabajadores del sector restaurantero.","datePublished":"2022-04-12T20:27:03+00:00","dateModified":"2022-04-12T20:36:23+00:00","mainEntityOfPage":{"@id":"https:\/\/www.yucatanencorto.com\/noticias\/se-reunen-con-miembros-de-la-canirac-yucatan-para-seguir-impulsando-la-actividad-economica-de-meseros-cocineros-y-trabajadores-del-sector-restaurantero\/"},"wordCount":1643,"image":{"@id":"https:\/\/www.yucatanencorto.com\/noticias\/se-reunen-con-miembros-de-la-canirac-yucatan-para-seguir-impulsando-la-actividad-economica-de-meseros-cocineros-y-trabajadores-del-sector-restaurantero\/#primaryimage"},"thumbnailUrl":"https:\/\/www.yucatanencorto.com\/noticias\/wp-content\/uploads\/2022\/04\/0001-1-scaled.jpg","articleSection":["Yucat\u00e1n"],"inLanguage":"es"},{"@type":"WebPage","@id":"https:\/\/www.yucatanencorto.com\/noticias\/se-reunen-con-miembros-de-la-canirac-yucatan-para-seguir-impulsando-la-actividad-economica-de-meseros-cocineros-y-trabajadores-del-sector-restaurantero\/","url":"https:\/\/www.yucatanencorto.com\/noticias\/se-reunen-con-miembros-de-la-canirac-yucatan-para-seguir-impulsando-la-actividad-economica-de-meseros-cocineros-y-trabajadores-del-sector-restaurantero\/","name":"Se re\u00fanen con miembros de la Canirac en Yucat\u00e1n para seguir impulsando la actividad econ\u00f3mica de meseros, cocineros y trabajadores del sector restaurantero. - Yucat\u00e1n en corto","isPartOf":{"@id":"https:\/\/www.yucatanencorto.com\/noticias\/#website"},"primaryImageOfPage":{"@id":"https:\/\/www.yucatanencorto.com\/noticias\/se-reunen-con-miembros-de-la-canirac-yucatan-para-seguir-impulsando-la-actividad-economica-de-meseros-cocineros-y-trabajadores-del-sector-restaurantero\/#primaryimage"},"image":{"@id":"https:\/\/www.yucatanencorto.com\/noticias\/se-reunen-con-miembros-de-la-canirac-yucatan-para-seguir-impulsando-la-actividad-economica-de-meseros-cocineros-y-trabajadores-del-sector-restaurantero\/#primaryimage"},"thumbnailUrl":"https:\/\/www.yucatanencorto.com\/noticias\/wp-content\/uploads\/2022\/04\/0001-1-scaled.jpg","datePublished":"2022-04-12T20:27:03+00:00","dateModified":"2022-04-12T20:36:23+00:00","author":{"@id":"https:\/\/www.yucatanencorto.com\/noticias\/#\/schema\/person\/14f82d355225a1f4075dd84a31f45a72"},"breadcrumb":{"@id":"https:\/\/www.yucatanencorto.com\/noticias\/se-reunen-con-miembros-de-la-canirac-yucatan-para-seguir-impulsando-la-actividad-economica-de-meseros-cocineros-y-trabajadores-del-sector-restaurantero\/#breadcrumb"},"inLanguage":"es","potentialAction":[{"@type":"ReadAction","target":["https:\/\/www.yucatanencorto.com\/noticias\/se-reunen-con-miembros-de-la-canirac-yucatan-para-seguir-impulsando-la-actividad-economica-de-meseros-cocineros-y-trabajadores-del-sector-restaurantero\/"]}]},{"@type":"ImageObject","inLanguage":"es","@id":"https:\/\/www.yucatanencorto.com\/noticias\/se-reunen-con-miembros-de-la-canirac-yucatan-para-seguir-impulsando-la-actividad-economica-de-meseros-cocineros-y-trabajadores-del-sector-restaurantero\/#primaryimage","url":"https:\/\/www.yucatanencorto.com\/noticias\/wp-content\/uploads\/2022\/04\/0001-1-scaled.jpg","contentUrl":"https:\/\/www.yucatanencorto.com\/noticias\/wp-content\/uploads\/2022\/04\/0001-1-scaled.jpg","width":768,"height":527},{"@type":"BreadcrumbList","@id":"https:\/\/www.yucatanencorto.com\/noticias\/se-reunen-con-miembros-de-la-canirac-yucatan-para-seguir-impulsando-la-actividad-economica-de-meseros-cocineros-y-trabajadores-del-sector-restaurantero\/#breadcrumb","itemListElement":[{"@type":"ListItem","position":1,"name":"Portada","item":"https:\/\/www.yucatanencorto.com\/noticias\/"},{"@type":"ListItem","position":2,"name":"Se re\u00fanen con miembros de la Canirac en Yucat\u00e1n para seguir impulsando la actividad econ\u00f3mica de meseros, cocineros y trabajadores del sector restaurantero."}]},{"@type":"WebSite","@id":"https:\/\/www.yucatanencorto.com\/noticias\/#website","url":"https:\/\/www.yucatanencorto.com\/noticias\/","name":"Yucat\u00e1n en corto","description":"Noticias","potentialAction":[{"@type":"SearchAction","target":{"@type":"EntryPoint","urlTemplate":"https:\/\/www.yucatanencorto.com\/noticias\/?s={search_term_string}"},"query-input":{"@type":"PropertyValueSpecification","valueRequired":true,"valueName":"search_term_string"}}],"inLanguage":"es"},{"@type":"Person","@id":"https:\/\/www.yucatanencorto.com\/noticias\/#\/schema\/person\/14f82d355225a1f4075dd84a31f45a72","name":"Yucat\u00e1n en Corto FC","image":{"@type":"ImageObject","inLanguage":"es","@id":"https:\/\/secure.gravatar.com\/avatar\/147d4b30cd728c53c29c49a3f7834dedca33707f4cd259761355846009a88250?s=96&d=mm&r=g","url":"https:\/\/secure.gravatar.com\/avatar\/147d4b30cd728c53c29c49a3f7834dedca33707f4cd259761355846009a88250?s=96&d=mm&r=g","contentUrl":"https:\/\/secure.gravatar.com\/avatar\/147d4b30cd728c53c29c49a3f7834dedca33707f4cd259761355846009a88250?s=96&d=mm&r=g","caption":"Yucat\u00e1n en Corto FC"},"url":"https:\/\/www.yucatanencorto.com\/noticias\/author\/flor\/"}]}},"_links":{"self":[{"href":"https:\/\/www.yucatanencorto.com\/noticias\/wp-json\/wp\/v2\/posts\/90601","targetHints":{"allow":["GET"]}}],"collection":[{"href":"https:\/\/www.yucatanencorto.com\/noticias\/wp-json\/wp\/v2\/posts"}],"about":[{"href":"https:\/\/www.yucatanencorto.com\/noticias\/wp-json\/wp\/v2\/types\/post"}],"author":[{"embeddable":true,"href":"https:\/\/www.yucatanencorto.com\/noticias\/wp-json\/wp\/v2\/users\/2"}],"replies":[{"embeddable":true,"href":"https:\/\/www.yucatanencorto.com\/noticias\/wp-json\/wp\/v2\/comments?post=90601"}],"version-history":[{"count":0,"href":"https:\/\/www.yucatanencorto.com\/noticias\/wp-json\/wp\/v2\/posts\/90601\/revisions"}],"wp:featuredmedia":[{"embeddable":true,"href":"https:\/\/www.yucatanencorto.com\/noticias\/wp-json\/wp\/v2\/media\/90602"}],"wp:attachment":[{"href":"https:\/\/www.yucatanencorto.com\/noticias\/wp-json\/wp\/v2\/media?parent=90601"}],"wp:term":[{"taxonomy":"category","embeddable":true,"href":"https:\/\/www.yucatanencorto.com\/noticias\/wp-json\/wp\/v2\/categories?post=90601"},{"taxonomy":"post_tag","embeddable":true,"href":"https:\/\/www.yucatanencorto.com\/noticias\/wp-json\/wp\/v2\/tags?post=90601"}],"curies":[{"name":"wp","href":"https:\/\/api.w.org\/{rel}","templated":true}]}}