{"id":90941,"date":"2022-04-28T20:14:15","date_gmt":"2022-04-29T01:14:15","guid":{"rendered":"https:\/\/www.yucatanencorto.com\/noticias\/?p=90941"},"modified":"2022-04-28T20:14:15","modified_gmt":"2022-04-29T01:14:15","slug":"aprueban-en-el-pleno-por-mayoria-reformas-al-poder-judicial-del-estado-de-yucatan","status":"publish","type":"post","link":"https:\/\/www.yucatanencorto.com\/noticias\/aprueban-en-el-pleno-por-mayoria-reformas-al-poder-judicial-del-estado-de-yucatan\/","title":{"rendered":"Aprueban en el Pleno por mayor\u00eda reformas al Poder Judicial del Estado de Yucat\u00e1n"},"content":{"rendered":"<p><img loading=\"lazy\" decoding=\"async\" class=\"alignnone size-full wp-image-90942\" src=\"https:\/\/www.yucatanencorto.com\/noticias\/wp-content\/uploads\/2022\/04\/IMG-20220428-WA0032-scaled.jpg\" alt=\"\" width=\"768\" height=\"511\" srcset=\"https:\/\/www.yucatanencorto.com\/noticias\/wp-content\/uploads\/2022\/04\/IMG-20220428-WA0032-scaled.jpg 768w, https:\/\/www.yucatanencorto.com\/noticias\/wp-content\/uploads\/2022\/04\/IMG-20220428-WA0032-696x463.jpg 696w, https:\/\/www.yucatanencorto.com\/noticias\/wp-content\/uploads\/2022\/04\/IMG-20220428-WA0032-1068x711.jpg 1068w, https:\/\/www.yucatanencorto.com\/noticias\/wp-content\/uploads\/2022\/04\/IMG-20220428-WA0032-631x420.jpg 631w\" sizes=\"auto, (max-width: 768px) 100vw, 768px\" \/><\/p>\n<p>M\u00e9rida, Yucat\u00e1n, a 28 de abril de 2022<\/p>\n<p>&nbsp;<\/p>\n<p>&nbsp;<\/p>\n<p>En sesi\u00f3n ordinaria y con el voto en contra de los diputados de Morena, Movimiento Ciudadano y PRD, se llev\u00f3 a cabo la aprobaci\u00f3n de la iniciativa enviada por el Ejecutivo Estatal para modificar la Constituci\u00f3n Pol\u00edtica del Estado de Yucat\u00e1n, la Ley Org\u00e1nica del Poder Judicial del Estado de Yucat\u00e1n y la Ley de los Trabajadores al Servicio del Estado y Municipios de Yucat\u00e1n, en materia de reformas al Poder Judicial del Estado de Yucat\u00e1n.<\/p>\n<p>&nbsp;<\/p>\n<p>Cabe mencionar que, durante el an\u00e1lisis de la iniciativa, la comisi\u00f3n de Puntos Constitucionales y Gobernaci\u00f3n recibi\u00f3 de las diversas Fracciones Legislativas que conforman la LXIII Legislatura, propuestas para enriquecer esta, las cuales fueron estudiadas y puestas a votaci\u00f3n para dar continuidad a la elaboraci\u00f3n del proyecto de dictamen.<\/p>\n<p>&nbsp;<\/p>\n<p>A favor y en lo general, la diputada de Acci\u00f3n Nacional, diputada Carmen Gonz\u00e1lez Mart\u00edn, asegur\u00f3 que este producto legislativo es resultado del trabajo intenso y participativo, pues todas las propuestas fueron analizadas, discutidas, confrontadas y votadas. Record\u00f3 que, durante el an\u00e1lisis de la iniciativa, se recibi\u00f3 de parte de las Fracciones Legislativas diversas propuestas para enriquecer a la misma dando como resultado un buen trabajo.<\/p>\n<p>&nbsp;<\/p>\n<p>El diputado Gaspar Quintal Parra (PRI), asegur\u00f3 que el estado requiere de una reforma integral al sistema de justicia considerando la procuraci\u00f3n, impartici\u00f3n y administraci\u00f3n de esta, con un enfoque preventivo para sancionar cuando lo amerite como reparador del da\u00f1o causado y con un eficiente sistema de reinserci\u00f3n social y, reiter\u00f3 el voto a favor de su partido.<\/p>\n<p>&nbsp;<\/p>\n<p>El diputado Jes\u00fas P\u00e9rez Ballote (PAN), expres\u00f3 que esta LXIII Legislatura tomar\u00e1 con absoluta responsabilidad la resoluci\u00f3n del dictamen de la comisi\u00f3n correspondiente y acompa\u00f1ar\u00e1n con su voto a favor esta reforma integral para el fortalecimiento del Poder Judicial local.<\/p>\n<p>&nbsp;<\/p>\n<p>Fabiola Loeza Novelo, diputada del PRI, record\u00f3 que la Fracci\u00f3n Legislativa de su partido, present\u00f3 una serie de propuestas las cuales fueron aprobadas por unanimidad, demostrando que los argumentos son m\u00e1s fuertes que las mayor\u00edas. \u201cVotamos por la autonom\u00eda del Poder Judicial, por acercar la justicia a los ciudadanos, para crear juzgados de primera instancia, votamos por una ley que sea garante de los derechos humanos y en la que se elimine cualquier tipo de discriminaci\u00f3n\u201d, agreg\u00f3.<\/p>\n<p>&nbsp;<\/p>\n<p>Por \u00faltimo, el diputado de Nueva Alianza, Crescencio Guti\u00e9rrez Gonz\u00e1lez, hizo un llamado a conciliar, escuchar y trabajar en equipo, con todo el respeto al adversario y su posici\u00f3n. \u201cLa pluralidad enriquece la discusi\u00f3n y solo envenenan cuando se busca su trascendencia de la esfera legislativa y se convierte en una hostil estrategia de campa\u00f1a partidista\u201d, dijo.<\/p>\n<p>&nbsp;<\/p>\n<p>En contra, el diputado Rafael Echazarreta Torres (Morena), dijo que el manifiesto en contra del dictamen en discusi\u00f3n, no se debe a un \u00e1nimo de ultranza.<\/p>\n<p>&nbsp;<\/p>\n<p>\u201cSino por el \u00e1nimo de la construcci\u00f3n en la que se sabe, puede florecer una mejor carta favorable para los ciudadanos en materia de justicia\u201d, coment\u00f3 previo a la entrega de diversas propuestas para la misma.<\/p>\n<p>&nbsp;<\/p>\n<p>La diputada Alejandra Novelo Segura (Morena), record\u00f3 que, desde el an\u00e1lisis de la iniciativa, su Fracci\u00f3n Legislativa no ir\u00eda con esta pero que, a\u00fan con esa decisi\u00f3n, los integrantes del partido hicieron entrega de propuestas de modificaciones, \u201cy participamos en la discusi\u00f3n con argumentos y cuestionamientos serios\u201d, afirm\u00f3.<\/p>\n<p>&nbsp;<\/p>\n<p>Su hom\u00f3loga, la diputada Jazm\u00edn Villanueva Moo, destac\u00f3 que como legisladora no puede estar de acuerdo en aprobar algo que \u2018a todas luces\u2019 es inconstitucional y contrario al inter\u00e9s social y alejado de sus declarados objetivos.<\/p>\n<p>&nbsp;<\/p>\n<p>La diputada de Movimiento Ciudadano, Vida G\u00f3mez Herrera, reiter\u00f3 su voto en contra tanto en lo general como en lo particular, para no validar la reforma constitucional y, destac\u00f3 que se defender\u00e1 el aumento de juzgados, la autonom\u00eda del Poder Judicial y la mejora de condiciones salariales y de trabajo para empleadas y empleados del mismo.<\/p>\n<p>&nbsp;<\/p>\n<p>Propuestas aprobadas<\/p>\n<p>&nbsp;<\/p>\n<p>Se aprob\u00f3, la propuesta sobre la autonom\u00eda presupuestal del Poder Judicial, a la cual se le hizo una modificaci\u00f3n presentada por la diputada del PAN, Carmen Gonz\u00e1lez Mart\u00edn. En esta se especifica que el presupuesto asignado al Poder Judicial no podr\u00e1 ser inferior al 2% del total del gasto programable.<\/p>\n<p>&nbsp;<\/p>\n<p>Tambi\u00e9n, la propuesta en materia de garant\u00eda de los derechos humanos y laborales de las y los servidores del Poder Judicial.<\/p>\n<p>&nbsp;<\/p>\n<p>Se aprob\u00f3 que los jueces de paz tendr\u00e1n una duraci\u00f3n en el cargo de seis a\u00f1os, y podr\u00e1n ser reelectos por el Consejo de la Judicatura. En ese sentido, el Pleno de la Judicatura nombrar\u00e1 a juezas y jueces de paz en todos los municipios del Estado donde no hubiere, emitiendo una convocatoria p\u00fablica que establezca el n\u00famero de vacantes disponibles y el lugar de adscripci\u00f3n, al igual el relacionado al incremento del n\u00famero de juzgados de primera instancia<\/p>\n<p>&nbsp;<\/p>\n<p>Asimismo, se aprob\u00f3 que las sesiones del Pleno deber\u00e1n transmitirse y difundirse en las plataformas digitales y redes sociales oficiales del Tribunal.<\/p>\n<p>&nbsp;<\/p>\n<p>Se aprob\u00f3, el punto referente al n\u00famero de magistrados integrantes al Tribunal Superior de Justicia, para incrementarse en 15 y en lo relativo a los retiros forzosos de los mismos.<\/p>\n<p>&nbsp;<\/p>\n<p>Como parte de los asuntos en cartera, se dio segunda lectura a la propuesta para crear la comisi\u00f3n especial de los Derechos de la Ni\u00f1ez y de la Adolescencia, presentada por la diputada Karla Salazar Gonz\u00e1lez (PAN), quien entreg\u00f3 una modificaci\u00f3n para la misma.<\/p>\n<p>&nbsp;<\/p>\n<p>De igual forma, durante la segunda lectura de la propuesta de acuerdo para crear la comisi\u00f3n especial para la Atenci\u00f3n de la Situaci\u00f3n del Instituto de Seguridad Social de los Trabajadores del Estado de Yucat\u00e1n (ISSTEY), presentada por el diputado de Morena, Rafael Echazarreta Torres, la diputada del PAN, Karem Achach Ram\u00edrez, entreg\u00f3 una propuesta de modificaci\u00f3n a la misma.<\/p>\n<p>&nbsp;<\/p>\n<p>Se turn\u00f3 a la comisi\u00f3n de Vigilancia de la Cuenta P\u00fablica, Transparencia y Anticorrupci\u00f3n, el oficio presentado por el diputado V\u00edctor Hugo Lozano Poveda (PAN), presidente de la Junta de Gobierno y Coordinaci\u00f3n Pol\u00edtica del Congreso del Estado, con el que remite la cuenta p\u00fablica del Poder Legislativo del 2021.<\/p>\n<p>&nbsp;<\/p>\n<p>Por \u00faltimo, los diputados aprobaron la celebraci\u00f3n de la siguiente sesi\u00f3n para el mi\u00e9rcoles 4 de mayo a las 11 horas.<\/p>\n","protected":false},"excerpt":{"rendered":"<p>M\u00e9rida, Yucat\u00e1n, a 28 de abril de 2022 &nbsp; &nbsp; En sesi\u00f3n ordinaria y con el voto en contra de los diputados de Morena, Movimiento Ciudadano y PRD, se llev\u00f3 a cabo la aprobaci\u00f3n de la iniciativa enviada por el Ejecutivo Estatal para modificar la Constituci\u00f3n Pol\u00edtica del Estado de Yucat\u00e1n, la Ley Org\u00e1nica del [&hellip;]<\/p>\n","protected":false},"author":2,"featured_media":90942,"comment_status":"closed","ping_status":"closed","sticky":false,"template":"","format":"standard","meta":{"footnotes":""},"categories":[3],"tags":[],"class_list":{"0":"post-90941","1":"post","2":"type-post","3":"status-publish","4":"format-standard","5":"has-post-thumbnail","7":"category-yucatan"},"yoast_head":"<!-- This site is optimized with the Yoast SEO plugin v27.5 - https:\/\/yoast.com\/product\/yoast-seo-wordpress\/ -->\n<title>Aprueban en el Pleno por mayor\u00eda reformas al Poder Judicial del Estado de Yucat\u00e1n - Yucat\u00e1n en corto<\/title>\n<meta name=\"robots\" content=\"index, follow, max-snippet:-1, max-image-preview:large, max-video-preview:-1\" \/>\n<link rel=\"canonical\" href=\"https:\/\/www.yucatanencorto.com\/noticias\/aprueban-en-el-pleno-por-mayoria-reformas-al-poder-judicial-del-estado-de-yucatan\/\" \/>\n<meta property=\"og:locale\" content=\"es_ES\" \/>\n<meta property=\"og:type\" content=\"article\" \/>\n<meta property=\"og:title\" content=\"Aprueban en el Pleno por mayor\u00eda reformas al Poder Judicial del Estado de Yucat\u00e1n - Yucat\u00e1n en corto\" \/>\n<meta property=\"og:description\" content=\"M\u00e9rida, Yucat\u00e1n, a 28 de abril de 2022 &nbsp; &nbsp; En sesi\u00f3n ordinaria y con el voto en contra de los diputados de Morena, Movimiento Ciudadano y PRD, se llev\u00f3 a cabo la aprobaci\u00f3n de la iniciativa enviada por el Ejecutivo Estatal para modificar la Constituci\u00f3n Pol\u00edtica del Estado de Yucat\u00e1n, la Ley Org\u00e1nica del [&hellip;]\" \/>\n<meta property=\"og:url\" content=\"https:\/\/www.yucatanencorto.com\/noticias\/aprueban-en-el-pleno-por-mayoria-reformas-al-poder-judicial-del-estado-de-yucatan\/\" \/>\n<meta property=\"og:site_name\" content=\"Yucat\u00e1n en corto\" \/>\n<meta property=\"article:publisher\" content=\"http:\/\/www.facebook.com\/yucatanencorto\" \/>\n<meta property=\"article:published_time\" content=\"2022-04-29T01:14:15+00:00\" \/>\n<meta property=\"og:image\" content=\"https:\/\/www.yucatanencorto.com\/noticias\/wp-content\/uploads\/2022\/04\/IMG-20220428-WA0032-scaled.jpg\" \/>\n\t<meta property=\"og:image:width\" content=\"768\" \/>\n\t<meta property=\"og:image:height\" content=\"511\" \/>\n\t<meta property=\"og:image:type\" content=\"image\/jpeg\" \/>\n<meta name=\"author\" content=\"Yucat\u00e1n en Corto FC\" \/>\n<meta name=\"twitter:card\" content=\"summary_large_image\" \/>\n<meta name=\"twitter:creator\" content=\"@yucatanencorto\" \/>\n<meta name=\"twitter:site\" content=\"@yucatanencorto\" \/>\n<meta name=\"twitter:label1\" content=\"Escrito por\" \/>\n\t<meta name=\"twitter:data1\" content=\"Yucat\u00e1n en Corto FC\" \/>\n\t<meta name=\"twitter:label2\" content=\"Tiempo de lectura\" \/>\n\t<meta name=\"twitter:data2\" content=\"5 minutos\" \/>\n<script type=\"application\/ld+json\" class=\"yoast-schema-graph\">{\"@context\":\"https:\\\/\\\/schema.org\",\"@graph\":[{\"@type\":\"Article\",\"@id\":\"https:\\\/\\\/www.yucatanencorto.com\\\/noticias\\\/aprueban-en-el-pleno-por-mayoria-reformas-al-poder-judicial-del-estado-de-yucatan\\\/#article\",\"isPartOf\":{\"@id\":\"https:\\\/\\\/www.yucatanencorto.com\\\/noticias\\\/aprueban-en-el-pleno-por-mayoria-reformas-al-poder-judicial-del-estado-de-yucatan\\\/\"},\"author\":{\"name\":\"Yucat\u00e1n en Corto FC\",\"@id\":\"https:\\\/\\\/www.yucatanencorto.com\\\/noticias\\\/#\\\/schema\\\/person\\\/14f82d355225a1f4075dd84a31f45a72\"},\"headline\":\"Aprueban en el Pleno por mayor\u00eda reformas al Poder Judicial del Estado de Yucat\u00e1n\",\"datePublished\":\"2022-04-29T01:14:15+00:00\",\"mainEntityOfPage\":{\"@id\":\"https:\\\/\\\/www.yucatanencorto.com\\\/noticias\\\/aprueban-en-el-pleno-por-mayoria-reformas-al-poder-judicial-del-estado-de-yucatan\\\/\"},\"wordCount\":1134,\"image\":{\"@id\":\"https:\\\/\\\/www.yucatanencorto.com\\\/noticias\\\/aprueban-en-el-pleno-por-mayoria-reformas-al-poder-judicial-del-estado-de-yucatan\\\/#primaryimage\"},\"thumbnailUrl\":\"https:\\\/\\\/www.yucatanencorto.com\\\/noticias\\\/wp-content\\\/uploads\\\/2022\\\/04\\\/IMG-20220428-WA0032-scaled.jpg\",\"articleSection\":[\"Yucat\u00e1n\"],\"inLanguage\":\"es\"},{\"@type\":\"WebPage\",\"@id\":\"https:\\\/\\\/www.yucatanencorto.com\\\/noticias\\\/aprueban-en-el-pleno-por-mayoria-reformas-al-poder-judicial-del-estado-de-yucatan\\\/\",\"url\":\"https:\\\/\\\/www.yucatanencorto.com\\\/noticias\\\/aprueban-en-el-pleno-por-mayoria-reformas-al-poder-judicial-del-estado-de-yucatan\\\/\",\"name\":\"Aprueban en el Pleno por mayor\u00eda reformas al Poder Judicial del Estado de Yucat\u00e1n - Yucat\u00e1n en corto\",\"isPartOf\":{\"@id\":\"https:\\\/\\\/www.yucatanencorto.com\\\/noticias\\\/#website\"},\"primaryImageOfPage\":{\"@id\":\"https:\\\/\\\/www.yucatanencorto.com\\\/noticias\\\/aprueban-en-el-pleno-por-mayoria-reformas-al-poder-judicial-del-estado-de-yucatan\\\/#primaryimage\"},\"image\":{\"@id\":\"https:\\\/\\\/www.yucatanencorto.com\\\/noticias\\\/aprueban-en-el-pleno-por-mayoria-reformas-al-poder-judicial-del-estado-de-yucatan\\\/#primaryimage\"},\"thumbnailUrl\":\"https:\\\/\\\/www.yucatanencorto.com\\\/noticias\\\/wp-content\\\/uploads\\\/2022\\\/04\\\/IMG-20220428-WA0032-scaled.jpg\",\"datePublished\":\"2022-04-29T01:14:15+00:00\",\"author\":{\"@id\":\"https:\\\/\\\/www.yucatanencorto.com\\\/noticias\\\/#\\\/schema\\\/person\\\/14f82d355225a1f4075dd84a31f45a72\"},\"breadcrumb\":{\"@id\":\"https:\\\/\\\/www.yucatanencorto.com\\\/noticias\\\/aprueban-en-el-pleno-por-mayoria-reformas-al-poder-judicial-del-estado-de-yucatan\\\/#breadcrumb\"},\"inLanguage\":\"es\",\"potentialAction\":[{\"@type\":\"ReadAction\",\"target\":[\"https:\\\/\\\/www.yucatanencorto.com\\\/noticias\\\/aprueban-en-el-pleno-por-mayoria-reformas-al-poder-judicial-del-estado-de-yucatan\\\/\"]}]},{\"@type\":\"ImageObject\",\"inLanguage\":\"es\",\"@id\":\"https:\\\/\\\/www.yucatanencorto.com\\\/noticias\\\/aprueban-en-el-pleno-por-mayoria-reformas-al-poder-judicial-del-estado-de-yucatan\\\/#primaryimage\",\"url\":\"https:\\\/\\\/www.yucatanencorto.com\\\/noticias\\\/wp-content\\\/uploads\\\/2022\\\/04\\\/IMG-20220428-WA0032-scaled.jpg\",\"contentUrl\":\"https:\\\/\\\/www.yucatanencorto.com\\\/noticias\\\/wp-content\\\/uploads\\\/2022\\\/04\\\/IMG-20220428-WA0032-scaled.jpg\",\"width\":768,\"height\":511},{\"@type\":\"BreadcrumbList\",\"@id\":\"https:\\\/\\\/www.yucatanencorto.com\\\/noticias\\\/aprueban-en-el-pleno-por-mayoria-reformas-al-poder-judicial-del-estado-de-yucatan\\\/#breadcrumb\",\"itemListElement\":[{\"@type\":\"ListItem\",\"position\":1,\"name\":\"Portada\",\"item\":\"https:\\\/\\\/www.yucatanencorto.com\\\/noticias\\\/\"},{\"@type\":\"ListItem\",\"position\":2,\"name\":\"Aprueban en el Pleno por mayor\u00eda reformas al Poder Judicial del Estado de Yucat\u00e1n\"}]},{\"@type\":\"WebSite\",\"@id\":\"https:\\\/\\\/www.yucatanencorto.com\\\/noticias\\\/#website\",\"url\":\"https:\\\/\\\/www.yucatanencorto.com\\\/noticias\\\/\",\"name\":\"Yucat\u00e1n en corto\",\"description\":\"Noticias\",\"potentialAction\":[{\"@type\":\"SearchAction\",\"target\":{\"@type\":\"EntryPoint\",\"urlTemplate\":\"https:\\\/\\\/www.yucatanencorto.com\\\/noticias\\\/?s={search_term_string}\"},\"query-input\":{\"@type\":\"PropertyValueSpecification\",\"valueRequired\":true,\"valueName\":\"search_term_string\"}}],\"inLanguage\":\"es\"},{\"@type\":\"Person\",\"@id\":\"https:\\\/\\\/www.yucatanencorto.com\\\/noticias\\\/#\\\/schema\\\/person\\\/14f82d355225a1f4075dd84a31f45a72\",\"name\":\"Yucat\u00e1n en Corto FC\",\"image\":{\"@type\":\"ImageObject\",\"inLanguage\":\"es\",\"@id\":\"https:\\\/\\\/secure.gravatar.com\\\/avatar\\\/147d4b30cd728c53c29c49a3f7834dedca33707f4cd259761355846009a88250?s=96&d=mm&r=g\",\"url\":\"https:\\\/\\\/secure.gravatar.com\\\/avatar\\\/147d4b30cd728c53c29c49a3f7834dedca33707f4cd259761355846009a88250?s=96&d=mm&r=g\",\"contentUrl\":\"https:\\\/\\\/secure.gravatar.com\\\/avatar\\\/147d4b30cd728c53c29c49a3f7834dedca33707f4cd259761355846009a88250?s=96&d=mm&r=g\",\"caption\":\"Yucat\u00e1n en Corto FC\"},\"url\":\"https:\\\/\\\/www.yucatanencorto.com\\\/noticias\\\/author\\\/flor\\\/\"}]}<\/script>\n<!-- \/ Yoast SEO plugin. -->","yoast_head_json":{"title":"Aprueban en el Pleno por mayor\u00eda reformas al Poder Judicial del Estado de Yucat\u00e1n - Yucat\u00e1n en corto","robots":{"index":"index","follow":"follow","max-snippet":"max-snippet:-1","max-image-preview":"max-image-preview:large","max-video-preview":"max-video-preview:-1"},"canonical":"https:\/\/www.yucatanencorto.com\/noticias\/aprueban-en-el-pleno-por-mayoria-reformas-al-poder-judicial-del-estado-de-yucatan\/","og_locale":"es_ES","og_type":"article","og_title":"Aprueban en el Pleno por mayor\u00eda reformas al Poder Judicial del Estado de Yucat\u00e1n - Yucat\u00e1n en corto","og_description":"M\u00e9rida, Yucat\u00e1n, a 28 de abril de 2022 &nbsp; &nbsp; En sesi\u00f3n ordinaria y con el voto en contra de los diputados de Morena, Movimiento Ciudadano y PRD, se llev\u00f3 a cabo la aprobaci\u00f3n de la iniciativa enviada por el Ejecutivo Estatal para modificar la Constituci\u00f3n Pol\u00edtica del Estado de Yucat\u00e1n, la Ley Org\u00e1nica del [&hellip;]","og_url":"https:\/\/www.yucatanencorto.com\/noticias\/aprueban-en-el-pleno-por-mayoria-reformas-al-poder-judicial-del-estado-de-yucatan\/","og_site_name":"Yucat\u00e1n en corto","article_publisher":"http:\/\/www.facebook.com\/yucatanencorto","article_published_time":"2022-04-29T01:14:15+00:00","og_image":[{"width":768,"height":511,"url":"https:\/\/www.yucatanencorto.com\/noticias\/wp-content\/uploads\/2022\/04\/IMG-20220428-WA0032-scaled.jpg","type":"image\/jpeg"}],"author":"Yucat\u00e1n en Corto FC","twitter_card":"summary_large_image","twitter_creator":"@yucatanencorto","twitter_site":"@yucatanencorto","twitter_misc":{"Escrito por":"Yucat\u00e1n en Corto FC","Tiempo de lectura":"5 minutos"},"schema":{"@context":"https:\/\/schema.org","@graph":[{"@type":"Article","@id":"https:\/\/www.yucatanencorto.com\/noticias\/aprueban-en-el-pleno-por-mayoria-reformas-al-poder-judicial-del-estado-de-yucatan\/#article","isPartOf":{"@id":"https:\/\/www.yucatanencorto.com\/noticias\/aprueban-en-el-pleno-por-mayoria-reformas-al-poder-judicial-del-estado-de-yucatan\/"},"author":{"name":"Yucat\u00e1n en Corto FC","@id":"https:\/\/www.yucatanencorto.com\/noticias\/#\/schema\/person\/14f82d355225a1f4075dd84a31f45a72"},"headline":"Aprueban en el Pleno por mayor\u00eda reformas al Poder Judicial del Estado de Yucat\u00e1n","datePublished":"2022-04-29T01:14:15+00:00","mainEntityOfPage":{"@id":"https:\/\/www.yucatanencorto.com\/noticias\/aprueban-en-el-pleno-por-mayoria-reformas-al-poder-judicial-del-estado-de-yucatan\/"},"wordCount":1134,"image":{"@id":"https:\/\/www.yucatanencorto.com\/noticias\/aprueban-en-el-pleno-por-mayoria-reformas-al-poder-judicial-del-estado-de-yucatan\/#primaryimage"},"thumbnailUrl":"https:\/\/www.yucatanencorto.com\/noticias\/wp-content\/uploads\/2022\/04\/IMG-20220428-WA0032-scaled.jpg","articleSection":["Yucat\u00e1n"],"inLanguage":"es"},{"@type":"WebPage","@id":"https:\/\/www.yucatanencorto.com\/noticias\/aprueban-en-el-pleno-por-mayoria-reformas-al-poder-judicial-del-estado-de-yucatan\/","url":"https:\/\/www.yucatanencorto.com\/noticias\/aprueban-en-el-pleno-por-mayoria-reformas-al-poder-judicial-del-estado-de-yucatan\/","name":"Aprueban en el Pleno por mayor\u00eda reformas al Poder Judicial del Estado de Yucat\u00e1n - Yucat\u00e1n en corto","isPartOf":{"@id":"https:\/\/www.yucatanencorto.com\/noticias\/#website"},"primaryImageOfPage":{"@id":"https:\/\/www.yucatanencorto.com\/noticias\/aprueban-en-el-pleno-por-mayoria-reformas-al-poder-judicial-del-estado-de-yucatan\/#primaryimage"},"image":{"@id":"https:\/\/www.yucatanencorto.com\/noticias\/aprueban-en-el-pleno-por-mayoria-reformas-al-poder-judicial-del-estado-de-yucatan\/#primaryimage"},"thumbnailUrl":"https:\/\/www.yucatanencorto.com\/noticias\/wp-content\/uploads\/2022\/04\/IMG-20220428-WA0032-scaled.jpg","datePublished":"2022-04-29T01:14:15+00:00","author":{"@id":"https:\/\/www.yucatanencorto.com\/noticias\/#\/schema\/person\/14f82d355225a1f4075dd84a31f45a72"},"breadcrumb":{"@id":"https:\/\/www.yucatanencorto.com\/noticias\/aprueban-en-el-pleno-por-mayoria-reformas-al-poder-judicial-del-estado-de-yucatan\/#breadcrumb"},"inLanguage":"es","potentialAction":[{"@type":"ReadAction","target":["https:\/\/www.yucatanencorto.com\/noticias\/aprueban-en-el-pleno-por-mayoria-reformas-al-poder-judicial-del-estado-de-yucatan\/"]}]},{"@type":"ImageObject","inLanguage":"es","@id":"https:\/\/www.yucatanencorto.com\/noticias\/aprueban-en-el-pleno-por-mayoria-reformas-al-poder-judicial-del-estado-de-yucatan\/#primaryimage","url":"https:\/\/www.yucatanencorto.com\/noticias\/wp-content\/uploads\/2022\/04\/IMG-20220428-WA0032-scaled.jpg","contentUrl":"https:\/\/www.yucatanencorto.com\/noticias\/wp-content\/uploads\/2022\/04\/IMG-20220428-WA0032-scaled.jpg","width":768,"height":511},{"@type":"BreadcrumbList","@id":"https:\/\/www.yucatanencorto.com\/noticias\/aprueban-en-el-pleno-por-mayoria-reformas-al-poder-judicial-del-estado-de-yucatan\/#breadcrumb","itemListElement":[{"@type":"ListItem","position":1,"name":"Portada","item":"https:\/\/www.yucatanencorto.com\/noticias\/"},{"@type":"ListItem","position":2,"name":"Aprueban en el Pleno por mayor\u00eda reformas al Poder Judicial del Estado de Yucat\u00e1n"}]},{"@type":"WebSite","@id":"https:\/\/www.yucatanencorto.com\/noticias\/#website","url":"https:\/\/www.yucatanencorto.com\/noticias\/","name":"Yucat\u00e1n en corto","description":"Noticias","potentialAction":[{"@type":"SearchAction","target":{"@type":"EntryPoint","urlTemplate":"https:\/\/www.yucatanencorto.com\/noticias\/?s={search_term_string}"},"query-input":{"@type":"PropertyValueSpecification","valueRequired":true,"valueName":"search_term_string"}}],"inLanguage":"es"},{"@type":"Person","@id":"https:\/\/www.yucatanencorto.com\/noticias\/#\/schema\/person\/14f82d355225a1f4075dd84a31f45a72","name":"Yucat\u00e1n en Corto FC","image":{"@type":"ImageObject","inLanguage":"es","@id":"https:\/\/secure.gravatar.com\/avatar\/147d4b30cd728c53c29c49a3f7834dedca33707f4cd259761355846009a88250?s=96&d=mm&r=g","url":"https:\/\/secure.gravatar.com\/avatar\/147d4b30cd728c53c29c49a3f7834dedca33707f4cd259761355846009a88250?s=96&d=mm&r=g","contentUrl":"https:\/\/secure.gravatar.com\/avatar\/147d4b30cd728c53c29c49a3f7834dedca33707f4cd259761355846009a88250?s=96&d=mm&r=g","caption":"Yucat\u00e1n en Corto FC"},"url":"https:\/\/www.yucatanencorto.com\/noticias\/author\/flor\/"}]}},"_links":{"self":[{"href":"https:\/\/www.yucatanencorto.com\/noticias\/wp-json\/wp\/v2\/posts\/90941","targetHints":{"allow":["GET"]}}],"collection":[{"href":"https:\/\/www.yucatanencorto.com\/noticias\/wp-json\/wp\/v2\/posts"}],"about":[{"href":"https:\/\/www.yucatanencorto.com\/noticias\/wp-json\/wp\/v2\/types\/post"}],"author":[{"embeddable":true,"href":"https:\/\/www.yucatanencorto.com\/noticias\/wp-json\/wp\/v2\/users\/2"}],"replies":[{"embeddable":true,"href":"https:\/\/www.yucatanencorto.com\/noticias\/wp-json\/wp\/v2\/comments?post=90941"}],"version-history":[{"count":0,"href":"https:\/\/www.yucatanencorto.com\/noticias\/wp-json\/wp\/v2\/posts\/90941\/revisions"}],"wp:featuredmedia":[{"embeddable":true,"href":"https:\/\/www.yucatanencorto.com\/noticias\/wp-json\/wp\/v2\/media\/90942"}],"wp:attachment":[{"href":"https:\/\/www.yucatanencorto.com\/noticias\/wp-json\/wp\/v2\/media?parent=90941"}],"wp:term":[{"taxonomy":"category","embeddable":true,"href":"https:\/\/www.yucatanencorto.com\/noticias\/wp-json\/wp\/v2\/categories?post=90941"},{"taxonomy":"post_tag","embeddable":true,"href":"https:\/\/www.yucatanencorto.com\/noticias\/wp-json\/wp\/v2\/tags?post=90941"}],"curies":[{"name":"wp","href":"https:\/\/api.w.org\/{rel}","templated":true}]}}