{"id":90944,"date":"2022-04-28T22:11:53","date_gmt":"2022-04-29T03:11:53","guid":{"rendered":"https:\/\/www.yucatanencorto.com\/noticias\/?p=90944"},"modified":"2022-04-28T22:11:53","modified_gmt":"2022-04-29T03:11:53","slug":"interesa-a-vietnam-fortalecer-cooperacion-e-intercambio-con-yucatan","status":"publish","type":"post","link":"https:\/\/www.yucatanencorto.com\/noticias\/interesa-a-vietnam-fortalecer-cooperacion-e-intercambio-con-yucatan\/","title":{"rendered":"Interesa a Vietnam fortalecer cooperaci\u00f3n e intercambio con Yucat\u00e1n"},"content":{"rendered":"<p><img loading=\"lazy\" decoding=\"async\" class=\"alignnone size-full wp-image-90946\" src=\"https:\/\/www.yucatanencorto.com\/noticias\/wp-content\/uploads\/2022\/04\/PHOTO-2022-04-28-11-45-56-scaled.jpg\" alt=\"\" width=\"512\" height=\"768\" srcset=\"https:\/\/www.yucatanencorto.com\/noticias\/wp-content\/uploads\/2022\/04\/PHOTO-2022-04-28-11-45-56-scaled.jpg 512w, https:\/\/www.yucatanencorto.com\/noticias\/wp-content\/uploads\/2022\/04\/PHOTO-2022-04-28-11-45-56-768x1152.jpg 768w, https:\/\/www.yucatanencorto.com\/noticias\/wp-content\/uploads\/2022\/04\/PHOTO-2022-04-28-11-45-56-696x1044.jpg 696w, https:\/\/www.yucatanencorto.com\/noticias\/wp-content\/uploads\/2022\/04\/PHOTO-2022-04-28-11-45-56-280x420.jpg 280w\" sizes=\"auto, (max-width: 512px) 100vw, 512px\" \/><\/p>\n<p>M\u00e9rida, Yucat\u00e1n, 28 de abril de 2022.- Con inter\u00e9s en incentivar inversiones rec\u00edprocas y establecer v\u00ednculos de cooperaci\u00f3n con Yucat\u00e1n, en lo tur\u00edstico, cultural y educativo, el embajador de Vietnam en M\u00e9xico, Nam Nguyen Hoanh, se acerc\u00f3 directamente a la administraci\u00f3n que encabeza Mauricio Vila Dosal.<\/p>\n<p>&nbsp;<\/p>\n<p>&nbsp;<\/p>\n<p>&nbsp;<\/p>\n<p>La titular de la Secretar\u00eda General de Gobierno (SGG), Mar\u00eda Fritz Sierra, a nombre del Gobernador, recibi\u00f3 este d\u00eda al diplom\u00e1tico, quien arrib\u00f3 este mi\u00e9rcoles a la capital yucateca, para sostener reuniones con autoridades estatales, sobre temas de agenda com\u00fan, e intercambiar ideas y experiencias.<\/p>\n<p>&nbsp;<\/p>\n<p>&nbsp;<\/p>\n<p>\u201cYucat\u00e1n es su casa, Vietnam es un pa\u00eds amigo\u201d, expres\u00f3 la funcionaria, al darle la bienvenida y destacar la larga trayectoria de amistad y colaboraci\u00f3n de la naci\u00f3n asi\u00e1tica con M\u00e9xico, recordando que, en mayo pr\u00f3ximo, se conmemora 47 a\u00f1os de relaciones diplom\u00e1ticas.<\/p>\n<p>&nbsp;<\/p>\n<p>&nbsp;<\/p>\n<p>La recepci\u00f3n tuvo lugar en la Sala de Juntas de la SGG, donde Fritz Sierra present\u00f3 las ventajas competitivas que han consolidado a la entidad como un destino ideal para invertir y hacer negocios, en presencia del primer secretario de la Embajada de esa Rep\u00fablica Socialista en M\u00e9xico, Hien Do Tat.<\/p>\n<p>&nbsp;<\/p>\n<p>&nbsp;<\/p>\n<p>En su primera visita al estado, tras su designaci\u00f3n y aceptaci\u00f3n de cartas credenciales, en septiembre del a\u00f1o pasado, por parte del Gobierno de M\u00e9xico, Nam Nguyen Hoanh resalt\u00f3 la cultura ancestral, la riqueza tur\u00edstica y el potencial econ\u00f3mico de Yucat\u00e1n.<\/p>\n<p>&nbsp;<\/p>\n<p>&nbsp;<\/p>\n<p>Tambi\u00e9n, expres\u00f3 su benepl\u00e1cito por el encuentro con el Ejecutivo estatal, al que manifest\u00f3 el inter\u00e9s de su pa\u00eds en establecer relaciones comerciales, particularmente en lo que se refiere a la importaci\u00f3n de productos locales de calidad, como la miel, para satisfacer las necesidades de su mercado interno.<\/p>\n<p>&nbsp;<\/p>\n<p>&nbsp;<\/p>\n<p>Asimismo, analizaron oportunidades de cooperaci\u00f3n, vinculaci\u00f3n econ\u00f3mica, colaboraci\u00f3n acad\u00e9mica, turismo y la riqueza cultural del territorio. Fritz Sierra reconoci\u00f3 el prop\u00f3sito de Vietnam, pese a su lejan\u00eda geogr\u00e1fica, de estrechar lazos de amistad e intercambio, que comparte la administraci\u00f3n estatal.<\/p>\n<p>&nbsp;<\/p>\n<p>&nbsp;<\/p>\n<p>Vietnam registra, actualmente, 98 millones 840 mil 635 habitantes y ocupa el puesto 117 en el \u00cdndice de Desarrollo Humano, entre 188 pa\u00edses; su econom\u00eda se basa en la agricultura, industria, manufactura, energ\u00eda, miner\u00eda y turismo, con un producto interno bruto de 271 mil 158 millones de d\u00f3lares, en 2020.<\/p>\n","protected":false},"excerpt":{"rendered":"<p>M\u00e9rida, Yucat\u00e1n, 28 de abril de 2022.- Con inter\u00e9s en incentivar inversiones rec\u00edprocas y establecer v\u00ednculos de cooperaci\u00f3n con Yucat\u00e1n, en lo tur\u00edstico, cultural y educativo, el embajador de Vietnam en M\u00e9xico, Nam Nguyen Hoanh, se acerc\u00f3 directamente a la administraci\u00f3n que encabeza Mauricio Vila Dosal. &nbsp; &nbsp; &nbsp; La titular de la Secretar\u00eda General [&hellip;]<\/p>\n","protected":false},"author":2,"featured_media":90946,"comment_status":"closed","ping_status":"closed","sticky":false,"template":"","format":"standard","meta":{"footnotes":""},"categories":[3],"tags":[],"class_list":{"0":"post-90944","1":"post","2":"type-post","3":"status-publish","4":"format-standard","5":"has-post-thumbnail","7":"category-yucatan"},"yoast_head":"<!-- This site is optimized with the Yoast SEO plugin v27.5 - https:\/\/yoast.com\/product\/yoast-seo-wordpress\/ -->\n<title>Interesa a Vietnam fortalecer cooperaci\u00f3n e intercambio con Yucat\u00e1n - Yucat\u00e1n en corto<\/title>\n<meta name=\"robots\" content=\"index, follow, max-snippet:-1, max-image-preview:large, max-video-preview:-1\" \/>\n<link rel=\"canonical\" href=\"https:\/\/www.yucatanencorto.com\/noticias\/interesa-a-vietnam-fortalecer-cooperacion-e-intercambio-con-yucatan\/\" \/>\n<meta property=\"og:locale\" content=\"es_ES\" \/>\n<meta property=\"og:type\" content=\"article\" \/>\n<meta property=\"og:title\" content=\"Interesa a Vietnam fortalecer cooperaci\u00f3n e intercambio con Yucat\u00e1n - Yucat\u00e1n en corto\" \/>\n<meta property=\"og:description\" content=\"M\u00e9rida, Yucat\u00e1n, 28 de abril de 2022.- Con inter\u00e9s en incentivar inversiones rec\u00edprocas y establecer v\u00ednculos de cooperaci\u00f3n con Yucat\u00e1n, en lo tur\u00edstico, cultural y educativo, el embajador de Vietnam en M\u00e9xico, Nam Nguyen Hoanh, se acerc\u00f3 directamente a la administraci\u00f3n que encabeza Mauricio Vila Dosal. &nbsp; &nbsp; &nbsp; La titular de la Secretar\u00eda General [&hellip;]\" \/>\n<meta property=\"og:url\" content=\"https:\/\/www.yucatanencorto.com\/noticias\/interesa-a-vietnam-fortalecer-cooperacion-e-intercambio-con-yucatan\/\" \/>\n<meta property=\"og:site_name\" content=\"Yucat\u00e1n en corto\" \/>\n<meta property=\"article:publisher\" content=\"http:\/\/www.facebook.com\/yucatanencorto\" \/>\n<meta property=\"article:published_time\" content=\"2022-04-29T03:11:53+00:00\" \/>\n<meta property=\"og:image\" content=\"https:\/\/www.yucatanencorto.com\/noticias\/wp-content\/uploads\/2022\/04\/PHOTO-2022-04-28-11-45-56-scaled.jpg\" \/>\n\t<meta property=\"og:image:width\" content=\"512\" \/>\n\t<meta property=\"og:image:height\" content=\"768\" \/>\n\t<meta property=\"og:image:type\" content=\"image\/jpeg\" \/>\n<meta name=\"author\" content=\"Yucat\u00e1n en Corto FC\" \/>\n<meta name=\"twitter:card\" content=\"summary_large_image\" \/>\n<meta name=\"twitter:creator\" content=\"@yucatanencorto\" \/>\n<meta name=\"twitter:site\" content=\"@yucatanencorto\" \/>\n<meta name=\"twitter:label1\" content=\"Escrito por\" \/>\n\t<meta name=\"twitter:data1\" content=\"Yucat\u00e1n en Corto FC\" \/>\n\t<meta name=\"twitter:label2\" content=\"Tiempo de lectura\" \/>\n\t<meta name=\"twitter:data2\" content=\"2 minutos\" \/>\n<script type=\"application\/ld+json\" class=\"yoast-schema-graph\">{\"@context\":\"https:\\\/\\\/schema.org\",\"@graph\":[{\"@type\":\"Article\",\"@id\":\"https:\\\/\\\/www.yucatanencorto.com\\\/noticias\\\/interesa-a-vietnam-fortalecer-cooperacion-e-intercambio-con-yucatan\\\/#article\",\"isPartOf\":{\"@id\":\"https:\\\/\\\/www.yucatanencorto.com\\\/noticias\\\/interesa-a-vietnam-fortalecer-cooperacion-e-intercambio-con-yucatan\\\/\"},\"author\":{\"name\":\"Yucat\u00e1n en Corto FC\",\"@id\":\"https:\\\/\\\/www.yucatanencorto.com\\\/noticias\\\/#\\\/schema\\\/person\\\/14f82d355225a1f4075dd84a31f45a72\"},\"headline\":\"Interesa a Vietnam fortalecer cooperaci\u00f3n e intercambio con Yucat\u00e1n\",\"datePublished\":\"2022-04-29T03:11:53+00:00\",\"mainEntityOfPage\":{\"@id\":\"https:\\\/\\\/www.yucatanencorto.com\\\/noticias\\\/interesa-a-vietnam-fortalecer-cooperacion-e-intercambio-con-yucatan\\\/\"},\"wordCount\":434,\"image\":{\"@id\":\"https:\\\/\\\/www.yucatanencorto.com\\\/noticias\\\/interesa-a-vietnam-fortalecer-cooperacion-e-intercambio-con-yucatan\\\/#primaryimage\"},\"thumbnailUrl\":\"https:\\\/\\\/www.yucatanencorto.com\\\/noticias\\\/wp-content\\\/uploads\\\/2022\\\/04\\\/PHOTO-2022-04-28-11-45-56-scaled.jpg\",\"articleSection\":[\"Yucat\u00e1n\"],\"inLanguage\":\"es\"},{\"@type\":\"WebPage\",\"@id\":\"https:\\\/\\\/www.yucatanencorto.com\\\/noticias\\\/interesa-a-vietnam-fortalecer-cooperacion-e-intercambio-con-yucatan\\\/\",\"url\":\"https:\\\/\\\/www.yucatanencorto.com\\\/noticias\\\/interesa-a-vietnam-fortalecer-cooperacion-e-intercambio-con-yucatan\\\/\",\"name\":\"Interesa a Vietnam fortalecer cooperaci\u00f3n e intercambio con Yucat\u00e1n - Yucat\u00e1n en corto\",\"isPartOf\":{\"@id\":\"https:\\\/\\\/www.yucatanencorto.com\\\/noticias\\\/#website\"},\"primaryImageOfPage\":{\"@id\":\"https:\\\/\\\/www.yucatanencorto.com\\\/noticias\\\/interesa-a-vietnam-fortalecer-cooperacion-e-intercambio-con-yucatan\\\/#primaryimage\"},\"image\":{\"@id\":\"https:\\\/\\\/www.yucatanencorto.com\\\/noticias\\\/interesa-a-vietnam-fortalecer-cooperacion-e-intercambio-con-yucatan\\\/#primaryimage\"},\"thumbnailUrl\":\"https:\\\/\\\/www.yucatanencorto.com\\\/noticias\\\/wp-content\\\/uploads\\\/2022\\\/04\\\/PHOTO-2022-04-28-11-45-56-scaled.jpg\",\"datePublished\":\"2022-04-29T03:11:53+00:00\",\"author\":{\"@id\":\"https:\\\/\\\/www.yucatanencorto.com\\\/noticias\\\/#\\\/schema\\\/person\\\/14f82d355225a1f4075dd84a31f45a72\"},\"breadcrumb\":{\"@id\":\"https:\\\/\\\/www.yucatanencorto.com\\\/noticias\\\/interesa-a-vietnam-fortalecer-cooperacion-e-intercambio-con-yucatan\\\/#breadcrumb\"},\"inLanguage\":\"es\",\"potentialAction\":[{\"@type\":\"ReadAction\",\"target\":[\"https:\\\/\\\/www.yucatanencorto.com\\\/noticias\\\/interesa-a-vietnam-fortalecer-cooperacion-e-intercambio-con-yucatan\\\/\"]}]},{\"@type\":\"ImageObject\",\"inLanguage\":\"es\",\"@id\":\"https:\\\/\\\/www.yucatanencorto.com\\\/noticias\\\/interesa-a-vietnam-fortalecer-cooperacion-e-intercambio-con-yucatan\\\/#primaryimage\",\"url\":\"https:\\\/\\\/www.yucatanencorto.com\\\/noticias\\\/wp-content\\\/uploads\\\/2022\\\/04\\\/PHOTO-2022-04-28-11-45-56-scaled.jpg\",\"contentUrl\":\"https:\\\/\\\/www.yucatanencorto.com\\\/noticias\\\/wp-content\\\/uploads\\\/2022\\\/04\\\/PHOTO-2022-04-28-11-45-56-scaled.jpg\",\"width\":512,\"height\":768},{\"@type\":\"BreadcrumbList\",\"@id\":\"https:\\\/\\\/www.yucatanencorto.com\\\/noticias\\\/interesa-a-vietnam-fortalecer-cooperacion-e-intercambio-con-yucatan\\\/#breadcrumb\",\"itemListElement\":[{\"@type\":\"ListItem\",\"position\":1,\"name\":\"Portada\",\"item\":\"https:\\\/\\\/www.yucatanencorto.com\\\/noticias\\\/\"},{\"@type\":\"ListItem\",\"position\":2,\"name\":\"Interesa a Vietnam fortalecer cooperaci\u00f3n e intercambio con Yucat\u00e1n\"}]},{\"@type\":\"WebSite\",\"@id\":\"https:\\\/\\\/www.yucatanencorto.com\\\/noticias\\\/#website\",\"url\":\"https:\\\/\\\/www.yucatanencorto.com\\\/noticias\\\/\",\"name\":\"Yucat\u00e1n en corto\",\"description\":\"Noticias\",\"potentialAction\":[{\"@type\":\"SearchAction\",\"target\":{\"@type\":\"EntryPoint\",\"urlTemplate\":\"https:\\\/\\\/www.yucatanencorto.com\\\/noticias\\\/?s={search_term_string}\"},\"query-input\":{\"@type\":\"PropertyValueSpecification\",\"valueRequired\":true,\"valueName\":\"search_term_string\"}}],\"inLanguage\":\"es\"},{\"@type\":\"Person\",\"@id\":\"https:\\\/\\\/www.yucatanencorto.com\\\/noticias\\\/#\\\/schema\\\/person\\\/14f82d355225a1f4075dd84a31f45a72\",\"name\":\"Yucat\u00e1n en Corto FC\",\"image\":{\"@type\":\"ImageObject\",\"inLanguage\":\"es\",\"@id\":\"https:\\\/\\\/secure.gravatar.com\\\/avatar\\\/147d4b30cd728c53c29c49a3f7834dedca33707f4cd259761355846009a88250?s=96&d=mm&r=g\",\"url\":\"https:\\\/\\\/secure.gravatar.com\\\/avatar\\\/147d4b30cd728c53c29c49a3f7834dedca33707f4cd259761355846009a88250?s=96&d=mm&r=g\",\"contentUrl\":\"https:\\\/\\\/secure.gravatar.com\\\/avatar\\\/147d4b30cd728c53c29c49a3f7834dedca33707f4cd259761355846009a88250?s=96&d=mm&r=g\",\"caption\":\"Yucat\u00e1n en Corto FC\"},\"url\":\"https:\\\/\\\/www.yucatanencorto.com\\\/noticias\\\/author\\\/flor\\\/\"}]}<\/script>\n<!-- \/ Yoast SEO plugin. -->","yoast_head_json":{"title":"Interesa a Vietnam fortalecer cooperaci\u00f3n e intercambio con Yucat\u00e1n - Yucat\u00e1n en corto","robots":{"index":"index","follow":"follow","max-snippet":"max-snippet:-1","max-image-preview":"max-image-preview:large","max-video-preview":"max-video-preview:-1"},"canonical":"https:\/\/www.yucatanencorto.com\/noticias\/interesa-a-vietnam-fortalecer-cooperacion-e-intercambio-con-yucatan\/","og_locale":"es_ES","og_type":"article","og_title":"Interesa a Vietnam fortalecer cooperaci\u00f3n e intercambio con Yucat\u00e1n - Yucat\u00e1n en corto","og_description":"M\u00e9rida, Yucat\u00e1n, 28 de abril de 2022.- Con inter\u00e9s en incentivar inversiones rec\u00edprocas y establecer v\u00ednculos de cooperaci\u00f3n con Yucat\u00e1n, en lo tur\u00edstico, cultural y educativo, el embajador de Vietnam en M\u00e9xico, Nam Nguyen Hoanh, se acerc\u00f3 directamente a la administraci\u00f3n que encabeza Mauricio Vila Dosal. &nbsp; &nbsp; &nbsp; La titular de la Secretar\u00eda General [&hellip;]","og_url":"https:\/\/www.yucatanencorto.com\/noticias\/interesa-a-vietnam-fortalecer-cooperacion-e-intercambio-con-yucatan\/","og_site_name":"Yucat\u00e1n en corto","article_publisher":"http:\/\/www.facebook.com\/yucatanencorto","article_published_time":"2022-04-29T03:11:53+00:00","og_image":[{"width":512,"height":768,"url":"https:\/\/www.yucatanencorto.com\/noticias\/wp-content\/uploads\/2022\/04\/PHOTO-2022-04-28-11-45-56-scaled.jpg","type":"image\/jpeg"}],"author":"Yucat\u00e1n en Corto FC","twitter_card":"summary_large_image","twitter_creator":"@yucatanencorto","twitter_site":"@yucatanencorto","twitter_misc":{"Escrito por":"Yucat\u00e1n en Corto FC","Tiempo de lectura":"2 minutos"},"schema":{"@context":"https:\/\/schema.org","@graph":[{"@type":"Article","@id":"https:\/\/www.yucatanencorto.com\/noticias\/interesa-a-vietnam-fortalecer-cooperacion-e-intercambio-con-yucatan\/#article","isPartOf":{"@id":"https:\/\/www.yucatanencorto.com\/noticias\/interesa-a-vietnam-fortalecer-cooperacion-e-intercambio-con-yucatan\/"},"author":{"name":"Yucat\u00e1n en Corto FC","@id":"https:\/\/www.yucatanencorto.com\/noticias\/#\/schema\/person\/14f82d355225a1f4075dd84a31f45a72"},"headline":"Interesa a Vietnam fortalecer cooperaci\u00f3n e intercambio con Yucat\u00e1n","datePublished":"2022-04-29T03:11:53+00:00","mainEntityOfPage":{"@id":"https:\/\/www.yucatanencorto.com\/noticias\/interesa-a-vietnam-fortalecer-cooperacion-e-intercambio-con-yucatan\/"},"wordCount":434,"image":{"@id":"https:\/\/www.yucatanencorto.com\/noticias\/interesa-a-vietnam-fortalecer-cooperacion-e-intercambio-con-yucatan\/#primaryimage"},"thumbnailUrl":"https:\/\/www.yucatanencorto.com\/noticias\/wp-content\/uploads\/2022\/04\/PHOTO-2022-04-28-11-45-56-scaled.jpg","articleSection":["Yucat\u00e1n"],"inLanguage":"es"},{"@type":"WebPage","@id":"https:\/\/www.yucatanencorto.com\/noticias\/interesa-a-vietnam-fortalecer-cooperacion-e-intercambio-con-yucatan\/","url":"https:\/\/www.yucatanencorto.com\/noticias\/interesa-a-vietnam-fortalecer-cooperacion-e-intercambio-con-yucatan\/","name":"Interesa a Vietnam fortalecer cooperaci\u00f3n e intercambio con Yucat\u00e1n - Yucat\u00e1n en corto","isPartOf":{"@id":"https:\/\/www.yucatanencorto.com\/noticias\/#website"},"primaryImageOfPage":{"@id":"https:\/\/www.yucatanencorto.com\/noticias\/interesa-a-vietnam-fortalecer-cooperacion-e-intercambio-con-yucatan\/#primaryimage"},"image":{"@id":"https:\/\/www.yucatanencorto.com\/noticias\/interesa-a-vietnam-fortalecer-cooperacion-e-intercambio-con-yucatan\/#primaryimage"},"thumbnailUrl":"https:\/\/www.yucatanencorto.com\/noticias\/wp-content\/uploads\/2022\/04\/PHOTO-2022-04-28-11-45-56-scaled.jpg","datePublished":"2022-04-29T03:11:53+00:00","author":{"@id":"https:\/\/www.yucatanencorto.com\/noticias\/#\/schema\/person\/14f82d355225a1f4075dd84a31f45a72"},"breadcrumb":{"@id":"https:\/\/www.yucatanencorto.com\/noticias\/interesa-a-vietnam-fortalecer-cooperacion-e-intercambio-con-yucatan\/#breadcrumb"},"inLanguage":"es","potentialAction":[{"@type":"ReadAction","target":["https:\/\/www.yucatanencorto.com\/noticias\/interesa-a-vietnam-fortalecer-cooperacion-e-intercambio-con-yucatan\/"]}]},{"@type":"ImageObject","inLanguage":"es","@id":"https:\/\/www.yucatanencorto.com\/noticias\/interesa-a-vietnam-fortalecer-cooperacion-e-intercambio-con-yucatan\/#primaryimage","url":"https:\/\/www.yucatanencorto.com\/noticias\/wp-content\/uploads\/2022\/04\/PHOTO-2022-04-28-11-45-56-scaled.jpg","contentUrl":"https:\/\/www.yucatanencorto.com\/noticias\/wp-content\/uploads\/2022\/04\/PHOTO-2022-04-28-11-45-56-scaled.jpg","width":512,"height":768},{"@type":"BreadcrumbList","@id":"https:\/\/www.yucatanencorto.com\/noticias\/interesa-a-vietnam-fortalecer-cooperacion-e-intercambio-con-yucatan\/#breadcrumb","itemListElement":[{"@type":"ListItem","position":1,"name":"Portada","item":"https:\/\/www.yucatanencorto.com\/noticias\/"},{"@type":"ListItem","position":2,"name":"Interesa a Vietnam fortalecer cooperaci\u00f3n e intercambio con Yucat\u00e1n"}]},{"@type":"WebSite","@id":"https:\/\/www.yucatanencorto.com\/noticias\/#website","url":"https:\/\/www.yucatanencorto.com\/noticias\/","name":"Yucat\u00e1n en corto","description":"Noticias","potentialAction":[{"@type":"SearchAction","target":{"@type":"EntryPoint","urlTemplate":"https:\/\/www.yucatanencorto.com\/noticias\/?s={search_term_string}"},"query-input":{"@type":"PropertyValueSpecification","valueRequired":true,"valueName":"search_term_string"}}],"inLanguage":"es"},{"@type":"Person","@id":"https:\/\/www.yucatanencorto.com\/noticias\/#\/schema\/person\/14f82d355225a1f4075dd84a31f45a72","name":"Yucat\u00e1n en Corto FC","image":{"@type":"ImageObject","inLanguage":"es","@id":"https:\/\/secure.gravatar.com\/avatar\/147d4b30cd728c53c29c49a3f7834dedca33707f4cd259761355846009a88250?s=96&d=mm&r=g","url":"https:\/\/secure.gravatar.com\/avatar\/147d4b30cd728c53c29c49a3f7834dedca33707f4cd259761355846009a88250?s=96&d=mm&r=g","contentUrl":"https:\/\/secure.gravatar.com\/avatar\/147d4b30cd728c53c29c49a3f7834dedca33707f4cd259761355846009a88250?s=96&d=mm&r=g","caption":"Yucat\u00e1n en Corto FC"},"url":"https:\/\/www.yucatanencorto.com\/noticias\/author\/flor\/"}]}},"_links":{"self":[{"href":"https:\/\/www.yucatanencorto.com\/noticias\/wp-json\/wp\/v2\/posts\/90944","targetHints":{"allow":["GET"]}}],"collection":[{"href":"https:\/\/www.yucatanencorto.com\/noticias\/wp-json\/wp\/v2\/posts"}],"about":[{"href":"https:\/\/www.yucatanencorto.com\/noticias\/wp-json\/wp\/v2\/types\/post"}],"author":[{"embeddable":true,"href":"https:\/\/www.yucatanencorto.com\/noticias\/wp-json\/wp\/v2\/users\/2"}],"replies":[{"embeddable":true,"href":"https:\/\/www.yucatanencorto.com\/noticias\/wp-json\/wp\/v2\/comments?post=90944"}],"version-history":[{"count":0,"href":"https:\/\/www.yucatanencorto.com\/noticias\/wp-json\/wp\/v2\/posts\/90944\/revisions"}],"wp:featuredmedia":[{"embeddable":true,"href":"https:\/\/www.yucatanencorto.com\/noticias\/wp-json\/wp\/v2\/media\/90946"}],"wp:attachment":[{"href":"https:\/\/www.yucatanencorto.com\/noticias\/wp-json\/wp\/v2\/media?parent=90944"}],"wp:term":[{"taxonomy":"category","embeddable":true,"href":"https:\/\/www.yucatanencorto.com\/noticias\/wp-json\/wp\/v2\/categories?post=90944"},{"taxonomy":"post_tag","embeddable":true,"href":"https:\/\/www.yucatanencorto.com\/noticias\/wp-json\/wp\/v2\/tags?post=90944"}],"curies":[{"name":"wp","href":"https:\/\/api.w.org\/{rel}","templated":true}]}}