{"id":90978,"date":"2022-04-30T21:01:18","date_gmt":"2022-05-01T02:01:18","guid":{"rendered":"https:\/\/www.yucatanencorto.com\/noticias\/?p=90978"},"modified":"2022-04-30T21:01:18","modified_gmt":"2022-05-01T02:01:18","slug":"merida-estrecha-relaciones-economicas-turisticas-culturales-y-academicas-con-antigua-guatemala","status":"publish","type":"post","link":"https:\/\/www.yucatanencorto.com\/noticias\/merida-estrecha-relaciones-economicas-turisticas-culturales-y-academicas-con-antigua-guatemala\/","title":{"rendered":"M\u00e9rida estrecha relaciones econ\u00f3micas, tur\u00edsticas, culturales y acad\u00e9micas con Antigua, Guatemala"},"content":{"rendered":"<p><img loading=\"lazy\" decoding=\"async\" class=\"alignnone size-full wp-image-90979\" src=\"https:\/\/www.yucatanencorto.com\/noticias\/wp-content\/uploads\/2022\/04\/IMG-20220430-WA0011-scaled.jpg\" alt=\"\" width=\"768\" height=\"512\" srcset=\"https:\/\/www.yucatanencorto.com\/noticias\/wp-content\/uploads\/2022\/04\/IMG-20220430-WA0011-scaled.jpg 768w, https:\/\/www.yucatanencorto.com\/noticias\/wp-content\/uploads\/2022\/04\/IMG-20220430-WA0011-696x464.jpg 696w, https:\/\/www.yucatanencorto.com\/noticias\/wp-content\/uploads\/2022\/04\/IMG-20220430-WA0011-1068x712.jpg 1068w, https:\/\/www.yucatanencorto.com\/noticias\/wp-content\/uploads\/2022\/04\/IMG-20220430-WA0011-630x420.jpg 630w\" sizes=\"auto, (max-width: 768px) 100vw, 768px\" \/><\/p>\n<p>Antigua, Guatemala a 30 de abril de 2022.- Con la visi\u00f3n de seguir compartiendo las experiencias exitosas y estrechar mayores relaciones en beneficio de las familias meridanas, el alcalde de M\u00e9rida, Ren\u00e1n Barrera Concha firm\u00f3 esta ma\u00f1ana una carta de intenci\u00f3n de hermanamiento con Antigua, Guatemala, con la que existe diversidad de similitudes en pol\u00edticas de desarrollo integral en lo econ\u00f3mico, tur\u00edstico, acad\u00e9mico y cultural.<\/p>\n<p>&nbsp;<\/p>\n<p>El Alcalde, Ren\u00e1n Barrera Concha, y el Concejal y representante de la Municipalidad de La Antigua, Guatemala, Byron Gonz\u00e1lez, signaron el documento en el que se plasma el inter\u00e9s de uni\u00f3n y solidaridad entre ambas ciudades. La firma tuvo como testigos de honor al Ministro de Econom\u00eda de Guatemala, Janio Rosales y al Embajador de la Rep\u00fablica de China-Taiwan en Guatemala, Sr. Li-Cheng Cheng.<\/p>\n<p>&nbsp;<\/p>\n<p>\u201cNos acercan nuestros or\u00edgenes, nuestra forma de vida, costumbres e idioma que no reconocen fronteras, sino los anhelos y esperanzas por consolidar un puente de entendimiento y de di\u00e1logo que nos una a\u00fan m\u00e1s\u201d, remarc\u00f3 el Edil Meridano, al agregar que la apertura del primer vuelo M\u00e9rida-Guatemala permite seguir explorando nuevos escenarios de proyecci\u00f3n para M\u00e9rida.<\/p>\n<p>&nbsp;<\/p>\n<p>Ambas ciudades tienen una larga trayectoria en materia de reconocimiento mundial, siendo que Antigua es considerada patrimonio de la humanidad, mientras que M\u00e9rida tiene, adem\u00e1s de su riqueza cultural, el t\u00edtulo de Ciudad Creativa concedido por la Unesco por su tradici\u00f3n gastron\u00f3mica.<\/p>\n<p>&nbsp;<\/p>\n<p>Merida y Antigua comparten tambi\u00e9n antig\u00fcedad en fundaci\u00f3n, Antigua fue fundada en 1543 y la capital yucateca un a\u00f1o anterior.<\/p>\n<p>&nbsp;<\/p>\n<p>En el acto que se llev\u00f3 a cabo en el Sal\u00f3n Mayor de Palacio Municipal de la Ciudad de Antigua, Barrera Concha extern\u00f3 que \u201ca ambos municipios nos unen valores que nos reconocen como administraciones innovadoras, de gobiernos cercanos, con servicios de calidad para nuestros ciudadanos, comprometidos con seguridad, armon\u00eda, bienestar y el mejoramiento en su calidad de vida\u201d.<\/p>\n<p>&nbsp;<\/p>\n<p>Barrera Concha, acompa\u00f1ado de integrantes de la delegaci\u00f3n meridana, el Rector de la Universidad An\u00e1huac Mayab, Miguel P\u00e9rez G\u00f3mez y el presidente de la C\u00e1mara Nacional de la Industria de la Transformaci\u00f3n (Canacintra) Delegaci\u00f3n Yucat\u00e1n, Jorge Abel Charruf C\u00e1ceres, manifest\u00f3 que avanzar en esta intenci\u00f3n de hermanamiento es parte del seguimiento del primer encuentro que se sostuvo con la delegaci\u00f3n de La Antigua, en el marco del Tianguis Tur\u00edstico Internacional celebrado en M\u00e9xico el a\u00f1o pasado.<\/p>\n<p>&nbsp;<\/p>\n<p>La uni\u00f3n entre ambas ciudades permitir\u00e1 formalizar las relaciones en temas como turismo, desarrollo econ\u00f3mico, cultura y sitios arqueol\u00f3gicos, con lo cual podr\u00edan incrementar el trabajo de promoci\u00f3n sobre la calidad de la infraestructura urbana y condiciones de seguridad, agreg\u00f3.<\/p>\n<p>&nbsp;<\/p>\n<p>Acompa\u00f1ado tambi\u00e9n del director de Desarrollo Econ\u00f3mico y Turismo de M\u00e9rida, Jos\u00e9 Luis Mart\u00ednez Semerena, Barrera Concha, asegur\u00f3 que esta alianza estrat\u00e9gica permitir\u00e1 fortalecer las relaciones que tienen en materia de educaci\u00f3n y econom\u00eda, haciendo gestiones puntuales para mantener esta sinergia al crear bases m\u00e1s s\u00f3lidas y canales de comunicaci\u00f3n que cuiden a las y los ciudadanos que se trasladan de un sitio a otro.<\/p>\n<p>&nbsp;<\/p>\n<p>Para la ceremonia de firma de cartas de hermanamiento estuvieron presentes por parte de la Municipalidad de Antigua: Eduardo Salazar, Secretario; Walter Fisher, Secretario de Econom\u00eda y Turismo y Jorge Guzm\u00e1n, Jefe de Relaciones P\u00fablicas.<\/p>\n<p>&nbsp;<\/p>\n<p>Invitaci\u00f3n a La Antigua, Guatemala para participar en Tunich Yucat\u00e1n<\/p>\n<p>&nbsp;<\/p>\n<p>Previo a la firma, el alcalde Ren\u00e1n Barrera particip\u00f3 en la inauguraci\u00f3n de la IV Feria Nacional \u201cMi Pueblo, mi producto\u201d que se efectu\u00f3 en la plaza central frente al Palacio de los Capitanes, en donde estuvo acompa\u00f1ado por el Embajador de la Rep\u00fablica de China-Taiwan en Guatemala, Sr. Li-Cheng Cheng y el Ministro de Econom\u00eda, Janio Rosales.<\/p>\n<p>&nbsp;<\/p>\n<p>Cheng Cheng celebr\u00f3 que el alcalde de M\u00e9rida, Barrera Concha tenga la visi\u00f3n de explorar nuevos escenarios y extern\u00f3 el apoyo para seguir concretando acuerdos en beneficio de ambas naciones.<\/p>\n<p>&nbsp;<\/p>\n<p>En ese acto, Barrera Concha refrend\u00f3 su compromiso con Antigua invit\u00e1ndoles a participar en la pr\u00f3xima edici\u00f3n de la feria artesanal Tunich, esto con el fin de potenciar estrategias que permitan un intercambio de los productos locales de ambas ciudades en proyectos econ\u00f3micos en conjunto, donde se pueda incrementar el alcance y el n\u00famero de posibles compradores de los mismos.<\/p>\n<p>&nbsp;<\/p>\n<p>En la ceremonia, tambi\u00e9n se ofreci\u00f3 el mensaje de la representante de los Comit\u00e9s \u201cMi Pueblo Mi Producto\u201d, Gabriela Rojas Delgado.<\/p>\n<p>&nbsp;<\/p>\n<p>Las autoridades presentes hicieron el corte del list\u00f3n inaugural de esta feria, para luego recorrer los stands concentrados en la zona, as\u00ed como escuchar una explicaci\u00f3n sobre el funcionamiento, alcances y metas alcanzadas en las tres ediciones anteriores.<\/p>\n","protected":false},"excerpt":{"rendered":"<p>Antigua, Guatemala a 30 de abril de 2022.- Con la visi\u00f3n de seguir compartiendo las experiencias exitosas y estrechar mayores relaciones en beneficio de las familias meridanas, el alcalde de M\u00e9rida, Ren\u00e1n Barrera Concha firm\u00f3 esta ma\u00f1ana una carta de intenci\u00f3n de hermanamiento con Antigua, Guatemala, con la que existe diversidad de similitudes en pol\u00edticas [&hellip;]<\/p>\n","protected":false},"author":2,"featured_media":90979,"comment_status":"closed","ping_status":"closed","sticky":false,"template":"","format":"standard","meta":{"footnotes":""},"categories":[3],"tags":[],"class_list":{"0":"post-90978","1":"post","2":"type-post","3":"status-publish","4":"format-standard","5":"has-post-thumbnail","7":"category-yucatan"},"yoast_head":"<!-- This site is optimized with the Yoast SEO plugin v27.5 - https:\/\/yoast.com\/product\/yoast-seo-wordpress\/ -->\n<title>M\u00e9rida estrecha relaciones econ\u00f3micas, tur\u00edsticas, culturales y acad\u00e9micas con Antigua, Guatemala - Yucat\u00e1n en corto<\/title>\n<meta name=\"robots\" content=\"index, follow, max-snippet:-1, max-image-preview:large, max-video-preview:-1\" \/>\n<link rel=\"canonical\" href=\"https:\/\/www.yucatanencorto.com\/noticias\/merida-estrecha-relaciones-economicas-turisticas-culturales-y-academicas-con-antigua-guatemala\/\" \/>\n<meta property=\"og:locale\" content=\"es_ES\" \/>\n<meta property=\"og:type\" content=\"article\" \/>\n<meta property=\"og:title\" content=\"M\u00e9rida estrecha relaciones econ\u00f3micas, tur\u00edsticas, culturales y acad\u00e9micas con Antigua, Guatemala - Yucat\u00e1n en corto\" \/>\n<meta property=\"og:description\" content=\"Antigua, Guatemala a 30 de abril de 2022.- Con la visi\u00f3n de seguir compartiendo las experiencias exitosas y estrechar mayores relaciones en beneficio de las familias meridanas, el alcalde de M\u00e9rida, Ren\u00e1n Barrera Concha firm\u00f3 esta ma\u00f1ana una carta de intenci\u00f3n de hermanamiento con Antigua, Guatemala, con la que existe diversidad de similitudes en pol\u00edticas [&hellip;]\" \/>\n<meta property=\"og:url\" content=\"https:\/\/www.yucatanencorto.com\/noticias\/merida-estrecha-relaciones-economicas-turisticas-culturales-y-academicas-con-antigua-guatemala\/\" \/>\n<meta property=\"og:site_name\" content=\"Yucat\u00e1n en corto\" \/>\n<meta property=\"article:publisher\" content=\"http:\/\/www.facebook.com\/yucatanencorto\" \/>\n<meta property=\"article:published_time\" content=\"2022-05-01T02:01:18+00:00\" \/>\n<meta property=\"og:image\" content=\"https:\/\/www.yucatanencorto.com\/noticias\/wp-content\/uploads\/2022\/04\/IMG-20220430-WA0011-scaled.jpg\" \/>\n\t<meta property=\"og:image:width\" content=\"768\" \/>\n\t<meta property=\"og:image:height\" content=\"512\" \/>\n\t<meta property=\"og:image:type\" content=\"image\/jpeg\" \/>\n<meta name=\"author\" content=\"Yucat\u00e1n en Corto FC\" \/>\n<meta name=\"twitter:card\" content=\"summary_large_image\" \/>\n<meta name=\"twitter:creator\" content=\"@yucatanencorto\" \/>\n<meta name=\"twitter:site\" content=\"@yucatanencorto\" \/>\n<meta name=\"twitter:label1\" content=\"Escrito por\" \/>\n\t<meta name=\"twitter:data1\" content=\"Yucat\u00e1n en Corto FC\" \/>\n\t<meta name=\"twitter:label2\" content=\"Tiempo de lectura\" \/>\n\t<meta name=\"twitter:data2\" content=\"4 minutos\" \/>\n<script type=\"application\/ld+json\" class=\"yoast-schema-graph\">{\"@context\":\"https:\\\/\\\/schema.org\",\"@graph\":[{\"@type\":\"Article\",\"@id\":\"https:\\\/\\\/www.yucatanencorto.com\\\/noticias\\\/merida-estrecha-relaciones-economicas-turisticas-culturales-y-academicas-con-antigua-guatemala\\\/#article\",\"isPartOf\":{\"@id\":\"https:\\\/\\\/www.yucatanencorto.com\\\/noticias\\\/merida-estrecha-relaciones-economicas-turisticas-culturales-y-academicas-con-antigua-guatemala\\\/\"},\"author\":{\"name\":\"Yucat\u00e1n en Corto FC\",\"@id\":\"https:\\\/\\\/www.yucatanencorto.com\\\/noticias\\\/#\\\/schema\\\/person\\\/14f82d355225a1f4075dd84a31f45a72\"},\"headline\":\"M\u00e9rida estrecha relaciones econ\u00f3micas, tur\u00edsticas, culturales y acad\u00e9micas con Antigua, Guatemala\",\"datePublished\":\"2022-05-01T02:01:18+00:00\",\"mainEntityOfPage\":{\"@id\":\"https:\\\/\\\/www.yucatanencorto.com\\\/noticias\\\/merida-estrecha-relaciones-economicas-turisticas-culturales-y-academicas-con-antigua-guatemala\\\/\"},\"wordCount\":852,\"image\":{\"@id\":\"https:\\\/\\\/www.yucatanencorto.com\\\/noticias\\\/merida-estrecha-relaciones-economicas-turisticas-culturales-y-academicas-con-antigua-guatemala\\\/#primaryimage\"},\"thumbnailUrl\":\"https:\\\/\\\/www.yucatanencorto.com\\\/noticias\\\/wp-content\\\/uploads\\\/2022\\\/04\\\/IMG-20220430-WA0011-scaled.jpg\",\"articleSection\":[\"Yucat\u00e1n\"],\"inLanguage\":\"es\"},{\"@type\":\"WebPage\",\"@id\":\"https:\\\/\\\/www.yucatanencorto.com\\\/noticias\\\/merida-estrecha-relaciones-economicas-turisticas-culturales-y-academicas-con-antigua-guatemala\\\/\",\"url\":\"https:\\\/\\\/www.yucatanencorto.com\\\/noticias\\\/merida-estrecha-relaciones-economicas-turisticas-culturales-y-academicas-con-antigua-guatemala\\\/\",\"name\":\"M\u00e9rida estrecha relaciones econ\u00f3micas, tur\u00edsticas, culturales y acad\u00e9micas con Antigua, Guatemala - Yucat\u00e1n en corto\",\"isPartOf\":{\"@id\":\"https:\\\/\\\/www.yucatanencorto.com\\\/noticias\\\/#website\"},\"primaryImageOfPage\":{\"@id\":\"https:\\\/\\\/www.yucatanencorto.com\\\/noticias\\\/merida-estrecha-relaciones-economicas-turisticas-culturales-y-academicas-con-antigua-guatemala\\\/#primaryimage\"},\"image\":{\"@id\":\"https:\\\/\\\/www.yucatanencorto.com\\\/noticias\\\/merida-estrecha-relaciones-economicas-turisticas-culturales-y-academicas-con-antigua-guatemala\\\/#primaryimage\"},\"thumbnailUrl\":\"https:\\\/\\\/www.yucatanencorto.com\\\/noticias\\\/wp-content\\\/uploads\\\/2022\\\/04\\\/IMG-20220430-WA0011-scaled.jpg\",\"datePublished\":\"2022-05-01T02:01:18+00:00\",\"author\":{\"@id\":\"https:\\\/\\\/www.yucatanencorto.com\\\/noticias\\\/#\\\/schema\\\/person\\\/14f82d355225a1f4075dd84a31f45a72\"},\"breadcrumb\":{\"@id\":\"https:\\\/\\\/www.yucatanencorto.com\\\/noticias\\\/merida-estrecha-relaciones-economicas-turisticas-culturales-y-academicas-con-antigua-guatemala\\\/#breadcrumb\"},\"inLanguage\":\"es\",\"potentialAction\":[{\"@type\":\"ReadAction\",\"target\":[\"https:\\\/\\\/www.yucatanencorto.com\\\/noticias\\\/merida-estrecha-relaciones-economicas-turisticas-culturales-y-academicas-con-antigua-guatemala\\\/\"]}]},{\"@type\":\"ImageObject\",\"inLanguage\":\"es\",\"@id\":\"https:\\\/\\\/www.yucatanencorto.com\\\/noticias\\\/merida-estrecha-relaciones-economicas-turisticas-culturales-y-academicas-con-antigua-guatemala\\\/#primaryimage\",\"url\":\"https:\\\/\\\/www.yucatanencorto.com\\\/noticias\\\/wp-content\\\/uploads\\\/2022\\\/04\\\/IMG-20220430-WA0011-scaled.jpg\",\"contentUrl\":\"https:\\\/\\\/www.yucatanencorto.com\\\/noticias\\\/wp-content\\\/uploads\\\/2022\\\/04\\\/IMG-20220430-WA0011-scaled.jpg\",\"width\":768,\"height\":512},{\"@type\":\"BreadcrumbList\",\"@id\":\"https:\\\/\\\/www.yucatanencorto.com\\\/noticias\\\/merida-estrecha-relaciones-economicas-turisticas-culturales-y-academicas-con-antigua-guatemala\\\/#breadcrumb\",\"itemListElement\":[{\"@type\":\"ListItem\",\"position\":1,\"name\":\"Portada\",\"item\":\"https:\\\/\\\/www.yucatanencorto.com\\\/noticias\\\/\"},{\"@type\":\"ListItem\",\"position\":2,\"name\":\"M\u00e9rida estrecha relaciones econ\u00f3micas, tur\u00edsticas, culturales y acad\u00e9micas con Antigua, Guatemala\"}]},{\"@type\":\"WebSite\",\"@id\":\"https:\\\/\\\/www.yucatanencorto.com\\\/noticias\\\/#website\",\"url\":\"https:\\\/\\\/www.yucatanencorto.com\\\/noticias\\\/\",\"name\":\"Yucat\u00e1n en corto\",\"description\":\"Noticias\",\"potentialAction\":[{\"@type\":\"SearchAction\",\"target\":{\"@type\":\"EntryPoint\",\"urlTemplate\":\"https:\\\/\\\/www.yucatanencorto.com\\\/noticias\\\/?s={search_term_string}\"},\"query-input\":{\"@type\":\"PropertyValueSpecification\",\"valueRequired\":true,\"valueName\":\"search_term_string\"}}],\"inLanguage\":\"es\"},{\"@type\":\"Person\",\"@id\":\"https:\\\/\\\/www.yucatanencorto.com\\\/noticias\\\/#\\\/schema\\\/person\\\/14f82d355225a1f4075dd84a31f45a72\",\"name\":\"Yucat\u00e1n en Corto FC\",\"image\":{\"@type\":\"ImageObject\",\"inLanguage\":\"es\",\"@id\":\"https:\\\/\\\/secure.gravatar.com\\\/avatar\\\/147d4b30cd728c53c29c49a3f7834dedca33707f4cd259761355846009a88250?s=96&d=mm&r=g\",\"url\":\"https:\\\/\\\/secure.gravatar.com\\\/avatar\\\/147d4b30cd728c53c29c49a3f7834dedca33707f4cd259761355846009a88250?s=96&d=mm&r=g\",\"contentUrl\":\"https:\\\/\\\/secure.gravatar.com\\\/avatar\\\/147d4b30cd728c53c29c49a3f7834dedca33707f4cd259761355846009a88250?s=96&d=mm&r=g\",\"caption\":\"Yucat\u00e1n en Corto FC\"},\"url\":\"https:\\\/\\\/www.yucatanencorto.com\\\/noticias\\\/author\\\/flor\\\/\"}]}<\/script>\n<!-- \/ Yoast SEO plugin. -->","yoast_head_json":{"title":"M\u00e9rida estrecha relaciones econ\u00f3micas, tur\u00edsticas, culturales y acad\u00e9micas con Antigua, Guatemala - Yucat\u00e1n en corto","robots":{"index":"index","follow":"follow","max-snippet":"max-snippet:-1","max-image-preview":"max-image-preview:large","max-video-preview":"max-video-preview:-1"},"canonical":"https:\/\/www.yucatanencorto.com\/noticias\/merida-estrecha-relaciones-economicas-turisticas-culturales-y-academicas-con-antigua-guatemala\/","og_locale":"es_ES","og_type":"article","og_title":"M\u00e9rida estrecha relaciones econ\u00f3micas, tur\u00edsticas, culturales y acad\u00e9micas con Antigua, Guatemala - Yucat\u00e1n en corto","og_description":"Antigua, Guatemala a 30 de abril de 2022.- Con la visi\u00f3n de seguir compartiendo las experiencias exitosas y estrechar mayores relaciones en beneficio de las familias meridanas, el alcalde de M\u00e9rida, Ren\u00e1n Barrera Concha firm\u00f3 esta ma\u00f1ana una carta de intenci\u00f3n de hermanamiento con Antigua, Guatemala, con la que existe diversidad de similitudes en pol\u00edticas [&hellip;]","og_url":"https:\/\/www.yucatanencorto.com\/noticias\/merida-estrecha-relaciones-economicas-turisticas-culturales-y-academicas-con-antigua-guatemala\/","og_site_name":"Yucat\u00e1n en corto","article_publisher":"http:\/\/www.facebook.com\/yucatanencorto","article_published_time":"2022-05-01T02:01:18+00:00","og_image":[{"width":768,"height":512,"url":"https:\/\/www.yucatanencorto.com\/noticias\/wp-content\/uploads\/2022\/04\/IMG-20220430-WA0011-scaled.jpg","type":"image\/jpeg"}],"author":"Yucat\u00e1n en Corto FC","twitter_card":"summary_large_image","twitter_creator":"@yucatanencorto","twitter_site":"@yucatanencorto","twitter_misc":{"Escrito por":"Yucat\u00e1n en Corto FC","Tiempo de lectura":"4 minutos"},"schema":{"@context":"https:\/\/schema.org","@graph":[{"@type":"Article","@id":"https:\/\/www.yucatanencorto.com\/noticias\/merida-estrecha-relaciones-economicas-turisticas-culturales-y-academicas-con-antigua-guatemala\/#article","isPartOf":{"@id":"https:\/\/www.yucatanencorto.com\/noticias\/merida-estrecha-relaciones-economicas-turisticas-culturales-y-academicas-con-antigua-guatemala\/"},"author":{"name":"Yucat\u00e1n en Corto FC","@id":"https:\/\/www.yucatanencorto.com\/noticias\/#\/schema\/person\/14f82d355225a1f4075dd84a31f45a72"},"headline":"M\u00e9rida estrecha relaciones econ\u00f3micas, tur\u00edsticas, culturales y acad\u00e9micas con Antigua, Guatemala","datePublished":"2022-05-01T02:01:18+00:00","mainEntityOfPage":{"@id":"https:\/\/www.yucatanencorto.com\/noticias\/merida-estrecha-relaciones-economicas-turisticas-culturales-y-academicas-con-antigua-guatemala\/"},"wordCount":852,"image":{"@id":"https:\/\/www.yucatanencorto.com\/noticias\/merida-estrecha-relaciones-economicas-turisticas-culturales-y-academicas-con-antigua-guatemala\/#primaryimage"},"thumbnailUrl":"https:\/\/www.yucatanencorto.com\/noticias\/wp-content\/uploads\/2022\/04\/IMG-20220430-WA0011-scaled.jpg","articleSection":["Yucat\u00e1n"],"inLanguage":"es"},{"@type":"WebPage","@id":"https:\/\/www.yucatanencorto.com\/noticias\/merida-estrecha-relaciones-economicas-turisticas-culturales-y-academicas-con-antigua-guatemala\/","url":"https:\/\/www.yucatanencorto.com\/noticias\/merida-estrecha-relaciones-economicas-turisticas-culturales-y-academicas-con-antigua-guatemala\/","name":"M\u00e9rida estrecha relaciones econ\u00f3micas, tur\u00edsticas, culturales y acad\u00e9micas con Antigua, Guatemala - Yucat\u00e1n en corto","isPartOf":{"@id":"https:\/\/www.yucatanencorto.com\/noticias\/#website"},"primaryImageOfPage":{"@id":"https:\/\/www.yucatanencorto.com\/noticias\/merida-estrecha-relaciones-economicas-turisticas-culturales-y-academicas-con-antigua-guatemala\/#primaryimage"},"image":{"@id":"https:\/\/www.yucatanencorto.com\/noticias\/merida-estrecha-relaciones-economicas-turisticas-culturales-y-academicas-con-antigua-guatemala\/#primaryimage"},"thumbnailUrl":"https:\/\/www.yucatanencorto.com\/noticias\/wp-content\/uploads\/2022\/04\/IMG-20220430-WA0011-scaled.jpg","datePublished":"2022-05-01T02:01:18+00:00","author":{"@id":"https:\/\/www.yucatanencorto.com\/noticias\/#\/schema\/person\/14f82d355225a1f4075dd84a31f45a72"},"breadcrumb":{"@id":"https:\/\/www.yucatanencorto.com\/noticias\/merida-estrecha-relaciones-economicas-turisticas-culturales-y-academicas-con-antigua-guatemala\/#breadcrumb"},"inLanguage":"es","potentialAction":[{"@type":"ReadAction","target":["https:\/\/www.yucatanencorto.com\/noticias\/merida-estrecha-relaciones-economicas-turisticas-culturales-y-academicas-con-antigua-guatemala\/"]}]},{"@type":"ImageObject","inLanguage":"es","@id":"https:\/\/www.yucatanencorto.com\/noticias\/merida-estrecha-relaciones-economicas-turisticas-culturales-y-academicas-con-antigua-guatemala\/#primaryimage","url":"https:\/\/www.yucatanencorto.com\/noticias\/wp-content\/uploads\/2022\/04\/IMG-20220430-WA0011-scaled.jpg","contentUrl":"https:\/\/www.yucatanencorto.com\/noticias\/wp-content\/uploads\/2022\/04\/IMG-20220430-WA0011-scaled.jpg","width":768,"height":512},{"@type":"BreadcrumbList","@id":"https:\/\/www.yucatanencorto.com\/noticias\/merida-estrecha-relaciones-economicas-turisticas-culturales-y-academicas-con-antigua-guatemala\/#breadcrumb","itemListElement":[{"@type":"ListItem","position":1,"name":"Portada","item":"https:\/\/www.yucatanencorto.com\/noticias\/"},{"@type":"ListItem","position":2,"name":"M\u00e9rida estrecha relaciones econ\u00f3micas, tur\u00edsticas, culturales y acad\u00e9micas con Antigua, Guatemala"}]},{"@type":"WebSite","@id":"https:\/\/www.yucatanencorto.com\/noticias\/#website","url":"https:\/\/www.yucatanencorto.com\/noticias\/","name":"Yucat\u00e1n en corto","description":"Noticias","potentialAction":[{"@type":"SearchAction","target":{"@type":"EntryPoint","urlTemplate":"https:\/\/www.yucatanencorto.com\/noticias\/?s={search_term_string}"},"query-input":{"@type":"PropertyValueSpecification","valueRequired":true,"valueName":"search_term_string"}}],"inLanguage":"es"},{"@type":"Person","@id":"https:\/\/www.yucatanencorto.com\/noticias\/#\/schema\/person\/14f82d355225a1f4075dd84a31f45a72","name":"Yucat\u00e1n en Corto FC","image":{"@type":"ImageObject","inLanguage":"es","@id":"https:\/\/secure.gravatar.com\/avatar\/147d4b30cd728c53c29c49a3f7834dedca33707f4cd259761355846009a88250?s=96&d=mm&r=g","url":"https:\/\/secure.gravatar.com\/avatar\/147d4b30cd728c53c29c49a3f7834dedca33707f4cd259761355846009a88250?s=96&d=mm&r=g","contentUrl":"https:\/\/secure.gravatar.com\/avatar\/147d4b30cd728c53c29c49a3f7834dedca33707f4cd259761355846009a88250?s=96&d=mm&r=g","caption":"Yucat\u00e1n en Corto FC"},"url":"https:\/\/www.yucatanencorto.com\/noticias\/author\/flor\/"}]}},"_links":{"self":[{"href":"https:\/\/www.yucatanencorto.com\/noticias\/wp-json\/wp\/v2\/posts\/90978","targetHints":{"allow":["GET"]}}],"collection":[{"href":"https:\/\/www.yucatanencorto.com\/noticias\/wp-json\/wp\/v2\/posts"}],"about":[{"href":"https:\/\/www.yucatanencorto.com\/noticias\/wp-json\/wp\/v2\/types\/post"}],"author":[{"embeddable":true,"href":"https:\/\/www.yucatanencorto.com\/noticias\/wp-json\/wp\/v2\/users\/2"}],"replies":[{"embeddable":true,"href":"https:\/\/www.yucatanencorto.com\/noticias\/wp-json\/wp\/v2\/comments?post=90978"}],"version-history":[{"count":0,"href":"https:\/\/www.yucatanencorto.com\/noticias\/wp-json\/wp\/v2\/posts\/90978\/revisions"}],"wp:featuredmedia":[{"embeddable":true,"href":"https:\/\/www.yucatanencorto.com\/noticias\/wp-json\/wp\/v2\/media\/90979"}],"wp:attachment":[{"href":"https:\/\/www.yucatanencorto.com\/noticias\/wp-json\/wp\/v2\/media?parent=90978"}],"wp:term":[{"taxonomy":"category","embeddable":true,"href":"https:\/\/www.yucatanencorto.com\/noticias\/wp-json\/wp\/v2\/categories?post=90978"},{"taxonomy":"post_tag","embeddable":true,"href":"https:\/\/www.yucatanencorto.com\/noticias\/wp-json\/wp\/v2\/tags?post=90978"}],"curies":[{"name":"wp","href":"https:\/\/api.w.org\/{rel}","templated":true}]}}