{"id":90985,"date":"2022-05-01T17:53:08","date_gmt":"2022-05-01T22:53:08","guid":{"rendered":"https:\/\/www.yucatanencorto.com\/noticias\/?p=90985"},"modified":"2022-05-01T17:53:08","modified_gmt":"2022-05-01T22:53:08","slug":"mas-proyectos-sustentables-para-yucatan-con-respaldo-de-la-ciencia-y-tecnologia","status":"publish","type":"post","link":"https:\/\/www.yucatanencorto.com\/noticias\/mas-proyectos-sustentables-para-yucatan-con-respaldo-de-la-ciencia-y-tecnologia\/","title":{"rendered":"M\u00e1s proyectos sustentables para Yucat\u00e1n, con respaldo de la ciencia y tecnolog\u00eda"},"content":{"rendered":"<p><img loading=\"lazy\" decoding=\"async\" class=\"alignnone size-full wp-image-90986\" src=\"https:\/\/www.yucatanencorto.com\/noticias\/wp-content\/uploads\/2022\/05\/photo1651349451-scaled.jpeg\" alt=\"\" width=\"768\" height=\"433\" srcset=\"https:\/\/www.yucatanencorto.com\/noticias\/wp-content\/uploads\/2022\/05\/photo1651349451-scaled.jpeg 768w, https:\/\/www.yucatanencorto.com\/noticias\/wp-content\/uploads\/2022\/05\/photo1651349451-696x392.jpeg 696w, https:\/\/www.yucatanencorto.com\/noticias\/wp-content\/uploads\/2022\/05\/photo1651349451-1068x602.jpeg 1068w, https:\/\/www.yucatanencorto.com\/noticias\/wp-content\/uploads\/2022\/05\/photo1651349451-746x420.jpeg 746w\" sizes=\"auto, (max-width: 768px) 100vw, 768px\" \/><\/p>\n<p>Al inaugurar el Foro de \u201cPresentaci\u00f3n de Proyectos de Base Tecnol\u00f3gica en Materia de Cambio Clim\u00e1tico y Descarbonizaci\u00f3n del Planeta\u201d, el senador Jorge Carlos Ram\u00edrez Mar\u00edn, Presidente de la Comisi\u00f3n de Ciencia y Tecnolog\u00eda en el Senado de la Rep\u00fablica, hizo un llamado a cambiar nuestros h\u00e1bitos de vida para reducir las emisiones de gases de efecto invernadero.<\/p>\n<p>&nbsp;<\/p>\n<p>&nbsp;<\/p>\n<p>&nbsp;<\/p>\n<p>\u201cTenemos prisa, lleg\u00f3 la hora de radicalizar las acciones de contenci\u00f3n del cambio clim\u00e1tico. Lleg\u00f3 la hora de la descarbonizaci\u00f3n\u201d, dijo acompa\u00f1ado del presidente de la Comisi\u00f3n de Ciencia, Tecnolog\u00eda e Innovaci\u00f3n de la C\u00e1mara de Diputados, Javier L\u00f3pez Casar\u00edn, as\u00ed como de investigadores, cient\u00edficos, representantes de c\u00e1maras empresariales y expertos en la materia.<\/p>\n<p>&nbsp;<\/p>\n<p>&nbsp;<\/p>\n<p>&nbsp;<\/p>\n<p>En el marco del evento, el legislador yucateco anunci\u00f3 que llegar\u00e1n a Yucat\u00e1n dos grandes proyectos, el primero relacionado con la preservaci\u00f3n, cuidado y manejo de la abeja maya as\u00ed como de la comercializaci\u00f3n de su miel.<\/p>\n<p>&nbsp;<\/p>\n<p>&nbsp;<\/p>\n<p>&nbsp;<\/p>\n<p>\u201cEste proyecto contar\u00e1 con una planta que va a producir las tortas proteicas para las abejas, un laboratorio que va a servir para atender los temas de sanidad y de producci\u00f3n de la miel y tambi\u00e9n una planta de envasado para que los procesos se puedan juntar, mismos que estar\u00e1n al servicio de los productores y las comunidades\u201d.<\/p>\n<p>&nbsp;<\/p>\n<p>&nbsp;<\/p>\n<p>&nbsp;<\/p>\n<p>Este proyecto se desarrollar\u00e1 en el municipio de Sudzal, el cu\u00e1l donar\u00e1 los terrenos para el desarrollo del mismo.<\/p>\n<p>&nbsp;<\/p>\n<p>&nbsp;<\/p>\n<p>&nbsp;<\/p>\n<p>De igual forma, se anunci\u00f3 una inversi\u00f3n por parte de una empresa del Medio Oriente que pretende implementar unos invernaderos con alta tecnolog\u00eda para la producci\u00f3n de hierbas arom\u00e1ticas y de esencias.<\/p>\n<p>&nbsp;<\/p>\n<p>&nbsp;<\/p>\n<p>&nbsp;<\/p>\n<p>Ambos proyectos generar\u00e1n plazas laborales, m\u00e1s de 400 en conjunto para las personas del campo en el interior del Estado, por lo que adem\u00e1s de ser sustentables y amigables con el medio ambiente, ser\u00e1n generadores de bienestar para las familias yucatecas que dependen de la actividad agr\u00edcola.<\/p>\n<p>&nbsp;<\/p>\n<p>&nbsp;<\/p>\n<p>&nbsp;<\/p>\n<p>Por su parte, el diputado del Partido Verde Ecologista de M\u00e9xico, L\u00f3pez Casar\u00edn apunt\u00f3 que se trata de inversiones, no de gastos, porque se trata de proyectos que buscan modificar el entorno y el espacio, aquel en el que de ni\u00f1os y ni\u00f1as busc\u00e1bamos conocer el mundo y explorarlo.<\/p>\n<p>&nbsp;<\/p>\n<p>&nbsp;<\/p>\n<p>&nbsp;<\/p>\n<p>\u201cCelebro que esto se realice en este d\u00eda, porque antes fue curiosidad, pero hoy con profesionalismo y preparaci\u00f3n los estamos abordando, porque les preguntar\u00e9 d\u00f3nde estaremos en cincuenta a\u00f1os, porque somos los agentes del cambio\u201d, coment\u00f3.<\/p>\n<p>&nbsp;<\/p>\n<p>&nbsp;<\/p>\n<p>&nbsp;<\/p>\n<p>Ambos legisladores resaltaron que este ejercicio forma parte de los trabajos en Conferencia que realizan la C\u00e1mara de Diputados y la de Senadores en materia de ciencia y tecnolog\u00eda, donde sus integrantes suman esfuerzos para buscar soluciones viales a los problemas ambientales del pa\u00eds mediante el uso de la innovaci\u00f3n y la ciencia.<\/p>\n<p>&nbsp;<\/p>\n<p>&nbsp;<\/p>\n<p>&nbsp;<\/p>\n<p>Durante el foro se presentaron otros proyectos relacionados con el cuidado del medio ambiente como: \u201cIdentificaci\u00f3n satelital de sitios aptos para almacenamiento de energ\u00eda por rebombeo hidr\u00e1ulico\u201d, \u201cDesarrollo de azoteas verdes como modelo para reducir temperaturas y ahorro energ\u00e9tico\u201d, \u201cGeneraci\u00f3n de energ\u00eda el\u00e9ctrica mediante aerogeneradores en el mar\u201d y \u201cManejo integral de sargazo\u201d, entre otros.<\/p>\n<p>&nbsp;<\/p>\n<p>&nbsp;<\/p>\n<p>&nbsp;<\/p>\n<p>En el foro estuvieron presentes: el diputado Crescencio Guti\u00e9rrez Aldana, presidente de la Comisi\u00f3n de Educaci\u00f3n, Ciencia y Tecnolog\u00eda del Congreso del Estado; Herbert de Jes\u00fas D\u00edaz Flores, Director del Tecnol\u00f3gico de M\u00e9rida; Alejandro Duarte Caamal, alcalde de Sudzal; \u00c1ngeles L\u00f3pez Santill\u00e1n, profesora investigadora titular TC CIESAS; Ra\u00fal Monforte, presidente la C\u00e1mara de la Industria de la Construcci\u00f3n en el Estado; Jorge Alberto Habib Abimerh, empresario; as\u00ed como regidores de la Comuna de M\u00e9rida, cient\u00edficos y expertos en temas del medio ambiente.<\/p>\n","protected":false},"excerpt":{"rendered":"<p>Al inaugurar el Foro de \u201cPresentaci\u00f3n de Proyectos de Base Tecnol\u00f3gica en Materia de Cambio Clim\u00e1tico y Descarbonizaci\u00f3n del Planeta\u201d, el senador Jorge Carlos Ram\u00edrez Mar\u00edn, Presidente de la Comisi\u00f3n de Ciencia y Tecnolog\u00eda en el Senado de la Rep\u00fablica, hizo un llamado a cambiar nuestros h\u00e1bitos de vida para reducir las emisiones de gases [&hellip;]<\/p>\n","protected":false},"author":2,"featured_media":90986,"comment_status":"closed","ping_status":"closed","sticky":false,"template":"","format":"standard","meta":{"footnotes":""},"categories":[3],"tags":[],"class_list":{"0":"post-90985","1":"post","2":"type-post","3":"status-publish","4":"format-standard","5":"has-post-thumbnail","7":"category-yucatan"},"yoast_head":"<!-- This site is optimized with the Yoast SEO plugin v27.5 - https:\/\/yoast.com\/product\/yoast-seo-wordpress\/ -->\n<title>M\u00e1s proyectos sustentables para Yucat\u00e1n, con respaldo de la ciencia y tecnolog\u00eda - Yucat\u00e1n en corto<\/title>\n<meta name=\"robots\" content=\"index, follow, max-snippet:-1, max-image-preview:large, max-video-preview:-1\" \/>\n<link rel=\"canonical\" href=\"https:\/\/www.yucatanencorto.com\/noticias\/mas-proyectos-sustentables-para-yucatan-con-respaldo-de-la-ciencia-y-tecnologia\/\" \/>\n<meta property=\"og:locale\" content=\"es_ES\" \/>\n<meta property=\"og:type\" content=\"article\" \/>\n<meta property=\"og:title\" content=\"M\u00e1s proyectos sustentables para Yucat\u00e1n, con respaldo de la ciencia y tecnolog\u00eda - Yucat\u00e1n en corto\" \/>\n<meta property=\"og:description\" content=\"Al inaugurar el Foro de \u201cPresentaci\u00f3n de Proyectos de Base Tecnol\u00f3gica en Materia de Cambio Clim\u00e1tico y Descarbonizaci\u00f3n del Planeta\u201d, el senador Jorge Carlos Ram\u00edrez Mar\u00edn, Presidente de la Comisi\u00f3n de Ciencia y Tecnolog\u00eda en el Senado de la Rep\u00fablica, hizo un llamado a cambiar nuestros h\u00e1bitos de vida para reducir las emisiones de gases [&hellip;]\" \/>\n<meta property=\"og:url\" content=\"https:\/\/www.yucatanencorto.com\/noticias\/mas-proyectos-sustentables-para-yucatan-con-respaldo-de-la-ciencia-y-tecnologia\/\" \/>\n<meta property=\"og:site_name\" content=\"Yucat\u00e1n en corto\" \/>\n<meta property=\"article:publisher\" content=\"http:\/\/www.facebook.com\/yucatanencorto\" \/>\n<meta property=\"article:published_time\" content=\"2022-05-01T22:53:08+00:00\" \/>\n<meta property=\"og:image\" content=\"https:\/\/www.yucatanencorto.com\/noticias\/wp-content\/uploads\/2022\/05\/photo1651349451-scaled.jpeg\" \/>\n\t<meta property=\"og:image:width\" content=\"768\" \/>\n\t<meta property=\"og:image:height\" content=\"433\" \/>\n\t<meta property=\"og:image:type\" content=\"image\/jpeg\" \/>\n<meta name=\"author\" content=\"Yucat\u00e1n en Corto FC\" \/>\n<meta name=\"twitter:card\" content=\"summary_large_image\" \/>\n<meta name=\"twitter:creator\" content=\"@yucatanencorto\" \/>\n<meta name=\"twitter:site\" content=\"@yucatanencorto\" \/>\n<meta name=\"twitter:label1\" content=\"Escrito por\" \/>\n\t<meta name=\"twitter:data1\" content=\"Yucat\u00e1n en Corto FC\" \/>\n\t<meta name=\"twitter:label2\" content=\"Tiempo de lectura\" \/>\n\t<meta name=\"twitter:data2\" content=\"3 minutos\" \/>\n<script type=\"application\/ld+json\" class=\"yoast-schema-graph\">{\"@context\":\"https:\\\/\\\/schema.org\",\"@graph\":[{\"@type\":\"Article\",\"@id\":\"https:\\\/\\\/www.yucatanencorto.com\\\/noticias\\\/mas-proyectos-sustentables-para-yucatan-con-respaldo-de-la-ciencia-y-tecnologia\\\/#article\",\"isPartOf\":{\"@id\":\"https:\\\/\\\/www.yucatanencorto.com\\\/noticias\\\/mas-proyectos-sustentables-para-yucatan-con-respaldo-de-la-ciencia-y-tecnologia\\\/\"},\"author\":{\"name\":\"Yucat\u00e1n en Corto FC\",\"@id\":\"https:\\\/\\\/www.yucatanencorto.com\\\/noticias\\\/#\\\/schema\\\/person\\\/14f82d355225a1f4075dd84a31f45a72\"},\"headline\":\"M\u00e1s proyectos sustentables para Yucat\u00e1n, con respaldo de la ciencia y tecnolog\u00eda\",\"datePublished\":\"2022-05-01T22:53:08+00:00\",\"mainEntityOfPage\":{\"@id\":\"https:\\\/\\\/www.yucatanencorto.com\\\/noticias\\\/mas-proyectos-sustentables-para-yucatan-con-respaldo-de-la-ciencia-y-tecnologia\\\/\"},\"wordCount\":702,\"image\":{\"@id\":\"https:\\\/\\\/www.yucatanencorto.com\\\/noticias\\\/mas-proyectos-sustentables-para-yucatan-con-respaldo-de-la-ciencia-y-tecnologia\\\/#primaryimage\"},\"thumbnailUrl\":\"https:\\\/\\\/www.yucatanencorto.com\\\/noticias\\\/wp-content\\\/uploads\\\/2022\\\/05\\\/photo1651349451-scaled.jpeg\",\"articleSection\":[\"Yucat\u00e1n\"],\"inLanguage\":\"es\"},{\"@type\":\"WebPage\",\"@id\":\"https:\\\/\\\/www.yucatanencorto.com\\\/noticias\\\/mas-proyectos-sustentables-para-yucatan-con-respaldo-de-la-ciencia-y-tecnologia\\\/\",\"url\":\"https:\\\/\\\/www.yucatanencorto.com\\\/noticias\\\/mas-proyectos-sustentables-para-yucatan-con-respaldo-de-la-ciencia-y-tecnologia\\\/\",\"name\":\"M\u00e1s proyectos sustentables para Yucat\u00e1n, con respaldo de la ciencia y tecnolog\u00eda - Yucat\u00e1n en corto\",\"isPartOf\":{\"@id\":\"https:\\\/\\\/www.yucatanencorto.com\\\/noticias\\\/#website\"},\"primaryImageOfPage\":{\"@id\":\"https:\\\/\\\/www.yucatanencorto.com\\\/noticias\\\/mas-proyectos-sustentables-para-yucatan-con-respaldo-de-la-ciencia-y-tecnologia\\\/#primaryimage\"},\"image\":{\"@id\":\"https:\\\/\\\/www.yucatanencorto.com\\\/noticias\\\/mas-proyectos-sustentables-para-yucatan-con-respaldo-de-la-ciencia-y-tecnologia\\\/#primaryimage\"},\"thumbnailUrl\":\"https:\\\/\\\/www.yucatanencorto.com\\\/noticias\\\/wp-content\\\/uploads\\\/2022\\\/05\\\/photo1651349451-scaled.jpeg\",\"datePublished\":\"2022-05-01T22:53:08+00:00\",\"author\":{\"@id\":\"https:\\\/\\\/www.yucatanencorto.com\\\/noticias\\\/#\\\/schema\\\/person\\\/14f82d355225a1f4075dd84a31f45a72\"},\"breadcrumb\":{\"@id\":\"https:\\\/\\\/www.yucatanencorto.com\\\/noticias\\\/mas-proyectos-sustentables-para-yucatan-con-respaldo-de-la-ciencia-y-tecnologia\\\/#breadcrumb\"},\"inLanguage\":\"es\",\"potentialAction\":[{\"@type\":\"ReadAction\",\"target\":[\"https:\\\/\\\/www.yucatanencorto.com\\\/noticias\\\/mas-proyectos-sustentables-para-yucatan-con-respaldo-de-la-ciencia-y-tecnologia\\\/\"]}]},{\"@type\":\"ImageObject\",\"inLanguage\":\"es\",\"@id\":\"https:\\\/\\\/www.yucatanencorto.com\\\/noticias\\\/mas-proyectos-sustentables-para-yucatan-con-respaldo-de-la-ciencia-y-tecnologia\\\/#primaryimage\",\"url\":\"https:\\\/\\\/www.yucatanencorto.com\\\/noticias\\\/wp-content\\\/uploads\\\/2022\\\/05\\\/photo1651349451-scaled.jpeg\",\"contentUrl\":\"https:\\\/\\\/www.yucatanencorto.com\\\/noticias\\\/wp-content\\\/uploads\\\/2022\\\/05\\\/photo1651349451-scaled.jpeg\",\"width\":768,\"height\":433},{\"@type\":\"BreadcrumbList\",\"@id\":\"https:\\\/\\\/www.yucatanencorto.com\\\/noticias\\\/mas-proyectos-sustentables-para-yucatan-con-respaldo-de-la-ciencia-y-tecnologia\\\/#breadcrumb\",\"itemListElement\":[{\"@type\":\"ListItem\",\"position\":1,\"name\":\"Portada\",\"item\":\"https:\\\/\\\/www.yucatanencorto.com\\\/noticias\\\/\"},{\"@type\":\"ListItem\",\"position\":2,\"name\":\"M\u00e1s proyectos sustentables para Yucat\u00e1n, con respaldo de la ciencia y tecnolog\u00eda\"}]},{\"@type\":\"WebSite\",\"@id\":\"https:\\\/\\\/www.yucatanencorto.com\\\/noticias\\\/#website\",\"url\":\"https:\\\/\\\/www.yucatanencorto.com\\\/noticias\\\/\",\"name\":\"Yucat\u00e1n en corto\",\"description\":\"Noticias\",\"potentialAction\":[{\"@type\":\"SearchAction\",\"target\":{\"@type\":\"EntryPoint\",\"urlTemplate\":\"https:\\\/\\\/www.yucatanencorto.com\\\/noticias\\\/?s={search_term_string}\"},\"query-input\":{\"@type\":\"PropertyValueSpecification\",\"valueRequired\":true,\"valueName\":\"search_term_string\"}}],\"inLanguage\":\"es\"},{\"@type\":\"Person\",\"@id\":\"https:\\\/\\\/www.yucatanencorto.com\\\/noticias\\\/#\\\/schema\\\/person\\\/14f82d355225a1f4075dd84a31f45a72\",\"name\":\"Yucat\u00e1n en Corto FC\",\"image\":{\"@type\":\"ImageObject\",\"inLanguage\":\"es\",\"@id\":\"https:\\\/\\\/secure.gravatar.com\\\/avatar\\\/147d4b30cd728c53c29c49a3f7834dedca33707f4cd259761355846009a88250?s=96&d=mm&r=g\",\"url\":\"https:\\\/\\\/secure.gravatar.com\\\/avatar\\\/147d4b30cd728c53c29c49a3f7834dedca33707f4cd259761355846009a88250?s=96&d=mm&r=g\",\"contentUrl\":\"https:\\\/\\\/secure.gravatar.com\\\/avatar\\\/147d4b30cd728c53c29c49a3f7834dedca33707f4cd259761355846009a88250?s=96&d=mm&r=g\",\"caption\":\"Yucat\u00e1n en Corto FC\"},\"url\":\"https:\\\/\\\/www.yucatanencorto.com\\\/noticias\\\/author\\\/flor\\\/\"}]}<\/script>\n<!-- \/ Yoast SEO plugin. -->","yoast_head_json":{"title":"M\u00e1s proyectos sustentables para Yucat\u00e1n, con respaldo de la ciencia y tecnolog\u00eda - Yucat\u00e1n en corto","robots":{"index":"index","follow":"follow","max-snippet":"max-snippet:-1","max-image-preview":"max-image-preview:large","max-video-preview":"max-video-preview:-1"},"canonical":"https:\/\/www.yucatanencorto.com\/noticias\/mas-proyectos-sustentables-para-yucatan-con-respaldo-de-la-ciencia-y-tecnologia\/","og_locale":"es_ES","og_type":"article","og_title":"M\u00e1s proyectos sustentables para Yucat\u00e1n, con respaldo de la ciencia y tecnolog\u00eda - Yucat\u00e1n en corto","og_description":"Al inaugurar el Foro de \u201cPresentaci\u00f3n de Proyectos de Base Tecnol\u00f3gica en Materia de Cambio Clim\u00e1tico y Descarbonizaci\u00f3n del Planeta\u201d, el senador Jorge Carlos Ram\u00edrez Mar\u00edn, Presidente de la Comisi\u00f3n de Ciencia y Tecnolog\u00eda en el Senado de la Rep\u00fablica, hizo un llamado a cambiar nuestros h\u00e1bitos de vida para reducir las emisiones de gases [&hellip;]","og_url":"https:\/\/www.yucatanencorto.com\/noticias\/mas-proyectos-sustentables-para-yucatan-con-respaldo-de-la-ciencia-y-tecnologia\/","og_site_name":"Yucat\u00e1n en corto","article_publisher":"http:\/\/www.facebook.com\/yucatanencorto","article_published_time":"2022-05-01T22:53:08+00:00","og_image":[{"width":768,"height":433,"url":"https:\/\/www.yucatanencorto.com\/noticias\/wp-content\/uploads\/2022\/05\/photo1651349451-scaled.jpeg","type":"image\/jpeg"}],"author":"Yucat\u00e1n en Corto FC","twitter_card":"summary_large_image","twitter_creator":"@yucatanencorto","twitter_site":"@yucatanencorto","twitter_misc":{"Escrito por":"Yucat\u00e1n en Corto FC","Tiempo de lectura":"3 minutos"},"schema":{"@context":"https:\/\/schema.org","@graph":[{"@type":"Article","@id":"https:\/\/www.yucatanencorto.com\/noticias\/mas-proyectos-sustentables-para-yucatan-con-respaldo-de-la-ciencia-y-tecnologia\/#article","isPartOf":{"@id":"https:\/\/www.yucatanencorto.com\/noticias\/mas-proyectos-sustentables-para-yucatan-con-respaldo-de-la-ciencia-y-tecnologia\/"},"author":{"name":"Yucat\u00e1n en Corto FC","@id":"https:\/\/www.yucatanencorto.com\/noticias\/#\/schema\/person\/14f82d355225a1f4075dd84a31f45a72"},"headline":"M\u00e1s proyectos sustentables para Yucat\u00e1n, con respaldo de la ciencia y tecnolog\u00eda","datePublished":"2022-05-01T22:53:08+00:00","mainEntityOfPage":{"@id":"https:\/\/www.yucatanencorto.com\/noticias\/mas-proyectos-sustentables-para-yucatan-con-respaldo-de-la-ciencia-y-tecnologia\/"},"wordCount":702,"image":{"@id":"https:\/\/www.yucatanencorto.com\/noticias\/mas-proyectos-sustentables-para-yucatan-con-respaldo-de-la-ciencia-y-tecnologia\/#primaryimage"},"thumbnailUrl":"https:\/\/www.yucatanencorto.com\/noticias\/wp-content\/uploads\/2022\/05\/photo1651349451-scaled.jpeg","articleSection":["Yucat\u00e1n"],"inLanguage":"es"},{"@type":"WebPage","@id":"https:\/\/www.yucatanencorto.com\/noticias\/mas-proyectos-sustentables-para-yucatan-con-respaldo-de-la-ciencia-y-tecnologia\/","url":"https:\/\/www.yucatanencorto.com\/noticias\/mas-proyectos-sustentables-para-yucatan-con-respaldo-de-la-ciencia-y-tecnologia\/","name":"M\u00e1s proyectos sustentables para Yucat\u00e1n, con respaldo de la ciencia y tecnolog\u00eda - Yucat\u00e1n en corto","isPartOf":{"@id":"https:\/\/www.yucatanencorto.com\/noticias\/#website"},"primaryImageOfPage":{"@id":"https:\/\/www.yucatanencorto.com\/noticias\/mas-proyectos-sustentables-para-yucatan-con-respaldo-de-la-ciencia-y-tecnologia\/#primaryimage"},"image":{"@id":"https:\/\/www.yucatanencorto.com\/noticias\/mas-proyectos-sustentables-para-yucatan-con-respaldo-de-la-ciencia-y-tecnologia\/#primaryimage"},"thumbnailUrl":"https:\/\/www.yucatanencorto.com\/noticias\/wp-content\/uploads\/2022\/05\/photo1651349451-scaled.jpeg","datePublished":"2022-05-01T22:53:08+00:00","author":{"@id":"https:\/\/www.yucatanencorto.com\/noticias\/#\/schema\/person\/14f82d355225a1f4075dd84a31f45a72"},"breadcrumb":{"@id":"https:\/\/www.yucatanencorto.com\/noticias\/mas-proyectos-sustentables-para-yucatan-con-respaldo-de-la-ciencia-y-tecnologia\/#breadcrumb"},"inLanguage":"es","potentialAction":[{"@type":"ReadAction","target":["https:\/\/www.yucatanencorto.com\/noticias\/mas-proyectos-sustentables-para-yucatan-con-respaldo-de-la-ciencia-y-tecnologia\/"]}]},{"@type":"ImageObject","inLanguage":"es","@id":"https:\/\/www.yucatanencorto.com\/noticias\/mas-proyectos-sustentables-para-yucatan-con-respaldo-de-la-ciencia-y-tecnologia\/#primaryimage","url":"https:\/\/www.yucatanencorto.com\/noticias\/wp-content\/uploads\/2022\/05\/photo1651349451-scaled.jpeg","contentUrl":"https:\/\/www.yucatanencorto.com\/noticias\/wp-content\/uploads\/2022\/05\/photo1651349451-scaled.jpeg","width":768,"height":433},{"@type":"BreadcrumbList","@id":"https:\/\/www.yucatanencorto.com\/noticias\/mas-proyectos-sustentables-para-yucatan-con-respaldo-de-la-ciencia-y-tecnologia\/#breadcrumb","itemListElement":[{"@type":"ListItem","position":1,"name":"Portada","item":"https:\/\/www.yucatanencorto.com\/noticias\/"},{"@type":"ListItem","position":2,"name":"M\u00e1s proyectos sustentables para Yucat\u00e1n, con respaldo de la ciencia y tecnolog\u00eda"}]},{"@type":"WebSite","@id":"https:\/\/www.yucatanencorto.com\/noticias\/#website","url":"https:\/\/www.yucatanencorto.com\/noticias\/","name":"Yucat\u00e1n en corto","description":"Noticias","potentialAction":[{"@type":"SearchAction","target":{"@type":"EntryPoint","urlTemplate":"https:\/\/www.yucatanencorto.com\/noticias\/?s={search_term_string}"},"query-input":{"@type":"PropertyValueSpecification","valueRequired":true,"valueName":"search_term_string"}}],"inLanguage":"es"},{"@type":"Person","@id":"https:\/\/www.yucatanencorto.com\/noticias\/#\/schema\/person\/14f82d355225a1f4075dd84a31f45a72","name":"Yucat\u00e1n en Corto FC","image":{"@type":"ImageObject","inLanguage":"es","@id":"https:\/\/secure.gravatar.com\/avatar\/147d4b30cd728c53c29c49a3f7834dedca33707f4cd259761355846009a88250?s=96&d=mm&r=g","url":"https:\/\/secure.gravatar.com\/avatar\/147d4b30cd728c53c29c49a3f7834dedca33707f4cd259761355846009a88250?s=96&d=mm&r=g","contentUrl":"https:\/\/secure.gravatar.com\/avatar\/147d4b30cd728c53c29c49a3f7834dedca33707f4cd259761355846009a88250?s=96&d=mm&r=g","caption":"Yucat\u00e1n en Corto FC"},"url":"https:\/\/www.yucatanencorto.com\/noticias\/author\/flor\/"}]}},"_links":{"self":[{"href":"https:\/\/www.yucatanencorto.com\/noticias\/wp-json\/wp\/v2\/posts\/90985","targetHints":{"allow":["GET"]}}],"collection":[{"href":"https:\/\/www.yucatanencorto.com\/noticias\/wp-json\/wp\/v2\/posts"}],"about":[{"href":"https:\/\/www.yucatanencorto.com\/noticias\/wp-json\/wp\/v2\/types\/post"}],"author":[{"embeddable":true,"href":"https:\/\/www.yucatanencorto.com\/noticias\/wp-json\/wp\/v2\/users\/2"}],"replies":[{"embeddable":true,"href":"https:\/\/www.yucatanencorto.com\/noticias\/wp-json\/wp\/v2\/comments?post=90985"}],"version-history":[{"count":0,"href":"https:\/\/www.yucatanencorto.com\/noticias\/wp-json\/wp\/v2\/posts\/90985\/revisions"}],"wp:featuredmedia":[{"embeddable":true,"href":"https:\/\/www.yucatanencorto.com\/noticias\/wp-json\/wp\/v2\/media\/90986"}],"wp:attachment":[{"href":"https:\/\/www.yucatanencorto.com\/noticias\/wp-json\/wp\/v2\/media?parent=90985"}],"wp:term":[{"taxonomy":"category","embeddable":true,"href":"https:\/\/www.yucatanencorto.com\/noticias\/wp-json\/wp\/v2\/categories?post=90985"},{"taxonomy":"post_tag","embeddable":true,"href":"https:\/\/www.yucatanencorto.com\/noticias\/wp-json\/wp\/v2\/tags?post=90985"}],"curies":[{"name":"wp","href":"https:\/\/api.w.org\/{rel}","templated":true}]}}