{"id":90990,"date":"2022-05-01T22:50:05","date_gmt":"2022-05-02T03:50:05","guid":{"rendered":"https:\/\/www.yucatanencorto.com\/noticias\/?p=90990"},"modified":"2022-05-01T22:50:05","modified_gmt":"2022-05-02T03:50:05","slug":"el-ayuntamiento-de-merida-clausura-la-semana-de-la-ninez-con-la-presentacion-de-la-obra-maya-y-la-semilla-de-la-sabiduria","status":"publish","type":"post","link":"https:\/\/www.yucatanencorto.com\/noticias\/el-ayuntamiento-de-merida-clausura-la-semana-de-la-ninez-con-la-presentacion-de-la-obra-maya-y-la-semilla-de-la-sabiduria\/","title":{"rendered":"El Ayuntamiento de M\u00e9rida clausura la semana de la ni\u00f1ez con la presentaci\u00f3n de la obra \u201cMay\u00e1 y la Semilla de la Sabidur\u00eda\u201d"},"content":{"rendered":"<p><img loading=\"lazy\" decoding=\"async\" class=\"alignnone size-full wp-image-90991\" src=\"https:\/\/www.yucatanencorto.com\/noticias\/wp-content\/uploads\/2022\/05\/Ninos-6.jpg-scaled.jpeg\" alt=\"\" width=\"768\" height=\"512\" srcset=\"https:\/\/www.yucatanencorto.com\/noticias\/wp-content\/uploads\/2022\/05\/Ninos-6.jpg-scaled.jpeg 768w, https:\/\/www.yucatanencorto.com\/noticias\/wp-content\/uploads\/2022\/05\/Ninos-6.jpg-696x464.jpeg 696w, https:\/\/www.yucatanencorto.com\/noticias\/wp-content\/uploads\/2022\/05\/Ninos-6.jpg-1068x712.jpeg 1068w, https:\/\/www.yucatanencorto.com\/noticias\/wp-content\/uploads\/2022\/05\/Ninos-6.jpg-630x420.jpeg 630w\" sizes=\"auto, (max-width: 768px) 100vw, 768px\" \/><\/p>\n<p>M\u00e9rida, Yucat\u00e1n a 1 de mayo de 2022.- Luego de una semana con festejos y diversi\u00f3n dedicados a las ni\u00f1as y los ni\u00f1os del Municipio, el Ayuntamiento de M\u00e9rida que encabeza el Alcalde Ren\u00e1n Barrera Concha clausur\u00f3 la semana de la ni\u00f1ez cumpliendo con fomentar la convivencia arm\u00f3nica y la paz social al presentar un programa de actividades que adem\u00e1s de entretener y divertir, tambi\u00e9n nos hicieron reflexionar sobre la importancia de vivir en una sociedad segura y basada en el di\u00e1logo y acuerdos.<\/p>\n<p>&nbsp;<\/p>\n<p>As\u00ed, el Municipio clausur\u00f3 esta semana de eventos con la presentaci\u00f3n del espect\u00e1culo \u201cMay\u00e1 y la Semilla de la Sabidur\u00eda\u201d, que congreg\u00f3 a cientos de asistentes en el Parque Zool\u00f3gico Bicentenario Animaya, y el cual permiti\u00f3 agradecer a las familias por continuar con la tradici\u00f3n de compartir con sus hijas e hijos actividades de sano esparcimiento.<\/p>\n<p>&nbsp;<\/p>\n<p>Cabe recordar que luego de dos a\u00f1os sin festejos del D\u00eda de la Ni\u00f1a y el Ni\u00f1o, debido a la pandemia, el Ayuntamiento de M\u00e9rida prepar\u00f3 este a\u00f1o una semana para celebrar a la ni\u00f1ez con eventos que se presentaron del 26 de abril al 1 de mayo y que incluyeron diversas sedes, como los zool\u00f3gicos del a ciudad, el Centro Cultural del Sur, el Parque de las Am\u00e9ricas, Paseo de Montejo, Parque de Deportes Extremos y el auditorio del Centro Cultural \u201cOlimpo\u201d, entre otras.<\/p>\n<p>&nbsp;<\/p>\n<p>Para llevar al cabo esta semana de actividades, unieron esfuerzos distintas Direcciones del Ayuntamiento de M\u00e9rida, como, por ejemplo, las de Desarrollo Social, Salud, Bienestar Social, Servicios P\u00fablicos, DIF Municipal, y Cultura, por mencionar algunas.<\/p>\n<p>&nbsp;<\/p>\n<p>Los festejos tambi\u00e9n llegaron a las ni\u00f1as y los ni\u00f1os de las colonias San Jos\u00e9 Tecoh, Roble Agr\u00edcola, San Antonio Xluch I y II, y San Arturo Xluch, as\u00ed como tambi\u00e9n, a los hijos de los elementos de la Polic\u00eda Municipal, que este a\u00f1o disfrutaron de un convivio.<\/p>\n<p>&nbsp;<\/p>\n<p>Uno de los retos durante la celebraci\u00f3n de la semana de la ni\u00f1ez fue precisamente cuidar a las ni\u00f1as, los ni\u00f1os y sus familias que asistieron a los festejos preparados por el Ayuntamiento de M\u00e9rida, en los cuales estuvieron presentes los protocolos de salud as\u00ed como elementos de la Direcci\u00f3n de la Polic\u00eda Municipal de M\u00e9rida y la Secretar\u00eda de Seguridad P\u00fablica.<\/p>\n","protected":false},"excerpt":{"rendered":"<p>M\u00e9rida, Yucat\u00e1n a 1 de mayo de 2022.- Luego de una semana con festejos y diversi\u00f3n dedicados a las ni\u00f1as y los ni\u00f1os del Municipio, el Ayuntamiento de M\u00e9rida que encabeza el Alcalde Ren\u00e1n Barrera Concha clausur\u00f3 la semana de la ni\u00f1ez cumpliendo con fomentar la convivencia arm\u00f3nica y la paz social al presentar un [&hellip;]<\/p>\n","protected":false},"author":2,"featured_media":90991,"comment_status":"closed","ping_status":"closed","sticky":false,"template":"","format":"standard","meta":{"footnotes":""},"categories":[2],"tags":[],"class_list":{"0":"post-90990","1":"post","2":"type-post","3":"status-publish","4":"format-standard","5":"has-post-thumbnail","7":"category-merida"},"yoast_head":"<!-- This site is optimized with the Yoast SEO plugin v27.5 - https:\/\/yoast.com\/product\/yoast-seo-wordpress\/ -->\n<title>El Ayuntamiento de M\u00e9rida clausura la semana de la ni\u00f1ez con la presentaci\u00f3n de la obra \u201cMay\u00e1 y la Semilla de la Sabidur\u00eda\u201d - Yucat\u00e1n en corto<\/title>\n<meta name=\"robots\" content=\"index, follow, max-snippet:-1, max-image-preview:large, max-video-preview:-1\" \/>\n<link rel=\"canonical\" href=\"https:\/\/www.yucatanencorto.com\/noticias\/el-ayuntamiento-de-merida-clausura-la-semana-de-la-ninez-con-la-presentacion-de-la-obra-maya-y-la-semilla-de-la-sabiduria\/\" \/>\n<meta property=\"og:locale\" content=\"es_ES\" \/>\n<meta property=\"og:type\" content=\"article\" \/>\n<meta property=\"og:title\" content=\"El Ayuntamiento de M\u00e9rida clausura la semana de la ni\u00f1ez con la presentaci\u00f3n de la obra \u201cMay\u00e1 y la Semilla de la Sabidur\u00eda\u201d - Yucat\u00e1n en corto\" \/>\n<meta property=\"og:description\" content=\"M\u00e9rida, Yucat\u00e1n a 1 de mayo de 2022.- Luego de una semana con festejos y diversi\u00f3n dedicados a las ni\u00f1as y los ni\u00f1os del Municipio, el Ayuntamiento de M\u00e9rida que encabeza el Alcalde Ren\u00e1n Barrera Concha clausur\u00f3 la semana de la ni\u00f1ez cumpliendo con fomentar la convivencia arm\u00f3nica y la paz social al presentar un [&hellip;]\" \/>\n<meta property=\"og:url\" content=\"https:\/\/www.yucatanencorto.com\/noticias\/el-ayuntamiento-de-merida-clausura-la-semana-de-la-ninez-con-la-presentacion-de-la-obra-maya-y-la-semilla-de-la-sabiduria\/\" \/>\n<meta property=\"og:site_name\" content=\"Yucat\u00e1n en corto\" \/>\n<meta property=\"article:publisher\" content=\"http:\/\/www.facebook.com\/yucatanencorto\" \/>\n<meta property=\"article:published_time\" content=\"2022-05-02T03:50:05+00:00\" \/>\n<meta property=\"og:image\" content=\"https:\/\/www.yucatanencorto.com\/noticias\/wp-content\/uploads\/2022\/05\/Ninos-6.jpg-scaled.jpeg\" \/>\n\t<meta property=\"og:image:width\" content=\"768\" \/>\n\t<meta property=\"og:image:height\" content=\"512\" \/>\n\t<meta property=\"og:image:type\" content=\"image\/jpeg\" \/>\n<meta name=\"author\" content=\"Yucat\u00e1n en Corto FC\" \/>\n<meta name=\"twitter:card\" content=\"summary_large_image\" \/>\n<meta name=\"twitter:creator\" content=\"@yucatanencorto\" \/>\n<meta name=\"twitter:site\" content=\"@yucatanencorto\" \/>\n<meta name=\"twitter:label1\" content=\"Escrito por\" \/>\n\t<meta name=\"twitter:data1\" content=\"Yucat\u00e1n en Corto FC\" \/>\n\t<meta name=\"twitter:label2\" content=\"Tiempo de lectura\" \/>\n\t<meta name=\"twitter:data2\" content=\"2 minutos\" \/>\n<script type=\"application\/ld+json\" class=\"yoast-schema-graph\">{\"@context\":\"https:\\\/\\\/schema.org\",\"@graph\":[{\"@type\":\"Article\",\"@id\":\"https:\\\/\\\/www.yucatanencorto.com\\\/noticias\\\/el-ayuntamiento-de-merida-clausura-la-semana-de-la-ninez-con-la-presentacion-de-la-obra-maya-y-la-semilla-de-la-sabiduria\\\/#article\",\"isPartOf\":{\"@id\":\"https:\\\/\\\/www.yucatanencorto.com\\\/noticias\\\/el-ayuntamiento-de-merida-clausura-la-semana-de-la-ninez-con-la-presentacion-de-la-obra-maya-y-la-semilla-de-la-sabiduria\\\/\"},\"author\":{\"name\":\"Yucat\u00e1n en Corto FC\",\"@id\":\"https:\\\/\\\/www.yucatanencorto.com\\\/noticias\\\/#\\\/schema\\\/person\\\/14f82d355225a1f4075dd84a31f45a72\"},\"headline\":\"El Ayuntamiento de M\u00e9rida clausura la semana de la ni\u00f1ez con la presentaci\u00f3n de la obra \u201cMay\u00e1 y la Semilla de la Sabidur\u00eda\u201d\",\"datePublished\":\"2022-05-02T03:50:05+00:00\",\"mainEntityOfPage\":{\"@id\":\"https:\\\/\\\/www.yucatanencorto.com\\\/noticias\\\/el-ayuntamiento-de-merida-clausura-la-semana-de-la-ninez-con-la-presentacion-de-la-obra-maya-y-la-semilla-de-la-sabiduria\\\/\"},\"wordCount\":444,\"image\":{\"@id\":\"https:\\\/\\\/www.yucatanencorto.com\\\/noticias\\\/el-ayuntamiento-de-merida-clausura-la-semana-de-la-ninez-con-la-presentacion-de-la-obra-maya-y-la-semilla-de-la-sabiduria\\\/#primaryimage\"},\"thumbnailUrl\":\"https:\\\/\\\/www.yucatanencorto.com\\\/noticias\\\/wp-content\\\/uploads\\\/2022\\\/05\\\/Ninos-6.jpg-scaled.jpeg\",\"articleSection\":[\"M\u00e9rida\"],\"inLanguage\":\"es\"},{\"@type\":\"WebPage\",\"@id\":\"https:\\\/\\\/www.yucatanencorto.com\\\/noticias\\\/el-ayuntamiento-de-merida-clausura-la-semana-de-la-ninez-con-la-presentacion-de-la-obra-maya-y-la-semilla-de-la-sabiduria\\\/\",\"url\":\"https:\\\/\\\/www.yucatanencorto.com\\\/noticias\\\/el-ayuntamiento-de-merida-clausura-la-semana-de-la-ninez-con-la-presentacion-de-la-obra-maya-y-la-semilla-de-la-sabiduria\\\/\",\"name\":\"El Ayuntamiento de M\u00e9rida clausura la semana de la ni\u00f1ez con la presentaci\u00f3n de la obra \u201cMay\u00e1 y la Semilla de la Sabidur\u00eda\u201d - Yucat\u00e1n en corto\",\"isPartOf\":{\"@id\":\"https:\\\/\\\/www.yucatanencorto.com\\\/noticias\\\/#website\"},\"primaryImageOfPage\":{\"@id\":\"https:\\\/\\\/www.yucatanencorto.com\\\/noticias\\\/el-ayuntamiento-de-merida-clausura-la-semana-de-la-ninez-con-la-presentacion-de-la-obra-maya-y-la-semilla-de-la-sabiduria\\\/#primaryimage\"},\"image\":{\"@id\":\"https:\\\/\\\/www.yucatanencorto.com\\\/noticias\\\/el-ayuntamiento-de-merida-clausura-la-semana-de-la-ninez-con-la-presentacion-de-la-obra-maya-y-la-semilla-de-la-sabiduria\\\/#primaryimage\"},\"thumbnailUrl\":\"https:\\\/\\\/www.yucatanencorto.com\\\/noticias\\\/wp-content\\\/uploads\\\/2022\\\/05\\\/Ninos-6.jpg-scaled.jpeg\",\"datePublished\":\"2022-05-02T03:50:05+00:00\",\"author\":{\"@id\":\"https:\\\/\\\/www.yucatanencorto.com\\\/noticias\\\/#\\\/schema\\\/person\\\/14f82d355225a1f4075dd84a31f45a72\"},\"breadcrumb\":{\"@id\":\"https:\\\/\\\/www.yucatanencorto.com\\\/noticias\\\/el-ayuntamiento-de-merida-clausura-la-semana-de-la-ninez-con-la-presentacion-de-la-obra-maya-y-la-semilla-de-la-sabiduria\\\/#breadcrumb\"},\"inLanguage\":\"es\",\"potentialAction\":[{\"@type\":\"ReadAction\",\"target\":[\"https:\\\/\\\/www.yucatanencorto.com\\\/noticias\\\/el-ayuntamiento-de-merida-clausura-la-semana-de-la-ninez-con-la-presentacion-de-la-obra-maya-y-la-semilla-de-la-sabiduria\\\/\"]}]},{\"@type\":\"ImageObject\",\"inLanguage\":\"es\",\"@id\":\"https:\\\/\\\/www.yucatanencorto.com\\\/noticias\\\/el-ayuntamiento-de-merida-clausura-la-semana-de-la-ninez-con-la-presentacion-de-la-obra-maya-y-la-semilla-de-la-sabiduria\\\/#primaryimage\",\"url\":\"https:\\\/\\\/www.yucatanencorto.com\\\/noticias\\\/wp-content\\\/uploads\\\/2022\\\/05\\\/Ninos-6.jpg-scaled.jpeg\",\"contentUrl\":\"https:\\\/\\\/www.yucatanencorto.com\\\/noticias\\\/wp-content\\\/uploads\\\/2022\\\/05\\\/Ninos-6.jpg-scaled.jpeg\",\"width\":768,\"height\":512},{\"@type\":\"BreadcrumbList\",\"@id\":\"https:\\\/\\\/www.yucatanencorto.com\\\/noticias\\\/el-ayuntamiento-de-merida-clausura-la-semana-de-la-ninez-con-la-presentacion-de-la-obra-maya-y-la-semilla-de-la-sabiduria\\\/#breadcrumb\",\"itemListElement\":[{\"@type\":\"ListItem\",\"position\":1,\"name\":\"Portada\",\"item\":\"https:\\\/\\\/www.yucatanencorto.com\\\/noticias\\\/\"},{\"@type\":\"ListItem\",\"position\":2,\"name\":\"El Ayuntamiento de M\u00e9rida clausura la semana de la ni\u00f1ez con la presentaci\u00f3n de la obra \u201cMay\u00e1 y la Semilla de la Sabidur\u00eda\u201d\"}]},{\"@type\":\"WebSite\",\"@id\":\"https:\\\/\\\/www.yucatanencorto.com\\\/noticias\\\/#website\",\"url\":\"https:\\\/\\\/www.yucatanencorto.com\\\/noticias\\\/\",\"name\":\"Yucat\u00e1n en corto\",\"description\":\"Noticias\",\"potentialAction\":[{\"@type\":\"SearchAction\",\"target\":{\"@type\":\"EntryPoint\",\"urlTemplate\":\"https:\\\/\\\/www.yucatanencorto.com\\\/noticias\\\/?s={search_term_string}\"},\"query-input\":{\"@type\":\"PropertyValueSpecification\",\"valueRequired\":true,\"valueName\":\"search_term_string\"}}],\"inLanguage\":\"es\"},{\"@type\":\"Person\",\"@id\":\"https:\\\/\\\/www.yucatanencorto.com\\\/noticias\\\/#\\\/schema\\\/person\\\/14f82d355225a1f4075dd84a31f45a72\",\"name\":\"Yucat\u00e1n en Corto FC\",\"image\":{\"@type\":\"ImageObject\",\"inLanguage\":\"es\",\"@id\":\"https:\\\/\\\/secure.gravatar.com\\\/avatar\\\/147d4b30cd728c53c29c49a3f7834dedca33707f4cd259761355846009a88250?s=96&d=mm&r=g\",\"url\":\"https:\\\/\\\/secure.gravatar.com\\\/avatar\\\/147d4b30cd728c53c29c49a3f7834dedca33707f4cd259761355846009a88250?s=96&d=mm&r=g\",\"contentUrl\":\"https:\\\/\\\/secure.gravatar.com\\\/avatar\\\/147d4b30cd728c53c29c49a3f7834dedca33707f4cd259761355846009a88250?s=96&d=mm&r=g\",\"caption\":\"Yucat\u00e1n en Corto FC\"},\"url\":\"https:\\\/\\\/www.yucatanencorto.com\\\/noticias\\\/author\\\/flor\\\/\"}]}<\/script>\n<!-- \/ Yoast SEO plugin. -->","yoast_head_json":{"title":"El Ayuntamiento de M\u00e9rida clausura la semana de la ni\u00f1ez con la presentaci\u00f3n de la obra \u201cMay\u00e1 y la Semilla de la Sabidur\u00eda\u201d - Yucat\u00e1n en corto","robots":{"index":"index","follow":"follow","max-snippet":"max-snippet:-1","max-image-preview":"max-image-preview:large","max-video-preview":"max-video-preview:-1"},"canonical":"https:\/\/www.yucatanencorto.com\/noticias\/el-ayuntamiento-de-merida-clausura-la-semana-de-la-ninez-con-la-presentacion-de-la-obra-maya-y-la-semilla-de-la-sabiduria\/","og_locale":"es_ES","og_type":"article","og_title":"El Ayuntamiento de M\u00e9rida clausura la semana de la ni\u00f1ez con la presentaci\u00f3n de la obra \u201cMay\u00e1 y la Semilla de la Sabidur\u00eda\u201d - Yucat\u00e1n en corto","og_description":"M\u00e9rida, Yucat\u00e1n a 1 de mayo de 2022.- Luego de una semana con festejos y diversi\u00f3n dedicados a las ni\u00f1as y los ni\u00f1os del Municipio, el Ayuntamiento de M\u00e9rida que encabeza el Alcalde Ren\u00e1n Barrera Concha clausur\u00f3 la semana de la ni\u00f1ez cumpliendo con fomentar la convivencia arm\u00f3nica y la paz social al presentar un [&hellip;]","og_url":"https:\/\/www.yucatanencorto.com\/noticias\/el-ayuntamiento-de-merida-clausura-la-semana-de-la-ninez-con-la-presentacion-de-la-obra-maya-y-la-semilla-de-la-sabiduria\/","og_site_name":"Yucat\u00e1n en corto","article_publisher":"http:\/\/www.facebook.com\/yucatanencorto","article_published_time":"2022-05-02T03:50:05+00:00","og_image":[{"width":768,"height":512,"url":"https:\/\/www.yucatanencorto.com\/noticias\/wp-content\/uploads\/2022\/05\/Ninos-6.jpg-scaled.jpeg","type":"image\/jpeg"}],"author":"Yucat\u00e1n en Corto FC","twitter_card":"summary_large_image","twitter_creator":"@yucatanencorto","twitter_site":"@yucatanencorto","twitter_misc":{"Escrito por":"Yucat\u00e1n en Corto FC","Tiempo de lectura":"2 minutos"},"schema":{"@context":"https:\/\/schema.org","@graph":[{"@type":"Article","@id":"https:\/\/www.yucatanencorto.com\/noticias\/el-ayuntamiento-de-merida-clausura-la-semana-de-la-ninez-con-la-presentacion-de-la-obra-maya-y-la-semilla-de-la-sabiduria\/#article","isPartOf":{"@id":"https:\/\/www.yucatanencorto.com\/noticias\/el-ayuntamiento-de-merida-clausura-la-semana-de-la-ninez-con-la-presentacion-de-la-obra-maya-y-la-semilla-de-la-sabiduria\/"},"author":{"name":"Yucat\u00e1n en Corto FC","@id":"https:\/\/www.yucatanencorto.com\/noticias\/#\/schema\/person\/14f82d355225a1f4075dd84a31f45a72"},"headline":"El Ayuntamiento de M\u00e9rida clausura la semana de la ni\u00f1ez con la presentaci\u00f3n de la obra \u201cMay\u00e1 y la Semilla de la Sabidur\u00eda\u201d","datePublished":"2022-05-02T03:50:05+00:00","mainEntityOfPage":{"@id":"https:\/\/www.yucatanencorto.com\/noticias\/el-ayuntamiento-de-merida-clausura-la-semana-de-la-ninez-con-la-presentacion-de-la-obra-maya-y-la-semilla-de-la-sabiduria\/"},"wordCount":444,"image":{"@id":"https:\/\/www.yucatanencorto.com\/noticias\/el-ayuntamiento-de-merida-clausura-la-semana-de-la-ninez-con-la-presentacion-de-la-obra-maya-y-la-semilla-de-la-sabiduria\/#primaryimage"},"thumbnailUrl":"https:\/\/www.yucatanencorto.com\/noticias\/wp-content\/uploads\/2022\/05\/Ninos-6.jpg-scaled.jpeg","articleSection":["M\u00e9rida"],"inLanguage":"es"},{"@type":"WebPage","@id":"https:\/\/www.yucatanencorto.com\/noticias\/el-ayuntamiento-de-merida-clausura-la-semana-de-la-ninez-con-la-presentacion-de-la-obra-maya-y-la-semilla-de-la-sabiduria\/","url":"https:\/\/www.yucatanencorto.com\/noticias\/el-ayuntamiento-de-merida-clausura-la-semana-de-la-ninez-con-la-presentacion-de-la-obra-maya-y-la-semilla-de-la-sabiduria\/","name":"El Ayuntamiento de M\u00e9rida clausura la semana de la ni\u00f1ez con la presentaci\u00f3n de la obra \u201cMay\u00e1 y la Semilla de la Sabidur\u00eda\u201d - Yucat\u00e1n en corto","isPartOf":{"@id":"https:\/\/www.yucatanencorto.com\/noticias\/#website"},"primaryImageOfPage":{"@id":"https:\/\/www.yucatanencorto.com\/noticias\/el-ayuntamiento-de-merida-clausura-la-semana-de-la-ninez-con-la-presentacion-de-la-obra-maya-y-la-semilla-de-la-sabiduria\/#primaryimage"},"image":{"@id":"https:\/\/www.yucatanencorto.com\/noticias\/el-ayuntamiento-de-merida-clausura-la-semana-de-la-ninez-con-la-presentacion-de-la-obra-maya-y-la-semilla-de-la-sabiduria\/#primaryimage"},"thumbnailUrl":"https:\/\/www.yucatanencorto.com\/noticias\/wp-content\/uploads\/2022\/05\/Ninos-6.jpg-scaled.jpeg","datePublished":"2022-05-02T03:50:05+00:00","author":{"@id":"https:\/\/www.yucatanencorto.com\/noticias\/#\/schema\/person\/14f82d355225a1f4075dd84a31f45a72"},"breadcrumb":{"@id":"https:\/\/www.yucatanencorto.com\/noticias\/el-ayuntamiento-de-merida-clausura-la-semana-de-la-ninez-con-la-presentacion-de-la-obra-maya-y-la-semilla-de-la-sabiduria\/#breadcrumb"},"inLanguage":"es","potentialAction":[{"@type":"ReadAction","target":["https:\/\/www.yucatanencorto.com\/noticias\/el-ayuntamiento-de-merida-clausura-la-semana-de-la-ninez-con-la-presentacion-de-la-obra-maya-y-la-semilla-de-la-sabiduria\/"]}]},{"@type":"ImageObject","inLanguage":"es","@id":"https:\/\/www.yucatanencorto.com\/noticias\/el-ayuntamiento-de-merida-clausura-la-semana-de-la-ninez-con-la-presentacion-de-la-obra-maya-y-la-semilla-de-la-sabiduria\/#primaryimage","url":"https:\/\/www.yucatanencorto.com\/noticias\/wp-content\/uploads\/2022\/05\/Ninos-6.jpg-scaled.jpeg","contentUrl":"https:\/\/www.yucatanencorto.com\/noticias\/wp-content\/uploads\/2022\/05\/Ninos-6.jpg-scaled.jpeg","width":768,"height":512},{"@type":"BreadcrumbList","@id":"https:\/\/www.yucatanencorto.com\/noticias\/el-ayuntamiento-de-merida-clausura-la-semana-de-la-ninez-con-la-presentacion-de-la-obra-maya-y-la-semilla-de-la-sabiduria\/#breadcrumb","itemListElement":[{"@type":"ListItem","position":1,"name":"Portada","item":"https:\/\/www.yucatanencorto.com\/noticias\/"},{"@type":"ListItem","position":2,"name":"El Ayuntamiento de M\u00e9rida clausura la semana de la ni\u00f1ez con la presentaci\u00f3n de la obra \u201cMay\u00e1 y la Semilla de la Sabidur\u00eda\u201d"}]},{"@type":"WebSite","@id":"https:\/\/www.yucatanencorto.com\/noticias\/#website","url":"https:\/\/www.yucatanencorto.com\/noticias\/","name":"Yucat\u00e1n en corto","description":"Noticias","potentialAction":[{"@type":"SearchAction","target":{"@type":"EntryPoint","urlTemplate":"https:\/\/www.yucatanencorto.com\/noticias\/?s={search_term_string}"},"query-input":{"@type":"PropertyValueSpecification","valueRequired":true,"valueName":"search_term_string"}}],"inLanguage":"es"},{"@type":"Person","@id":"https:\/\/www.yucatanencorto.com\/noticias\/#\/schema\/person\/14f82d355225a1f4075dd84a31f45a72","name":"Yucat\u00e1n en Corto FC","image":{"@type":"ImageObject","inLanguage":"es","@id":"https:\/\/secure.gravatar.com\/avatar\/147d4b30cd728c53c29c49a3f7834dedca33707f4cd259761355846009a88250?s=96&d=mm&r=g","url":"https:\/\/secure.gravatar.com\/avatar\/147d4b30cd728c53c29c49a3f7834dedca33707f4cd259761355846009a88250?s=96&d=mm&r=g","contentUrl":"https:\/\/secure.gravatar.com\/avatar\/147d4b30cd728c53c29c49a3f7834dedca33707f4cd259761355846009a88250?s=96&d=mm&r=g","caption":"Yucat\u00e1n en Corto FC"},"url":"https:\/\/www.yucatanencorto.com\/noticias\/author\/flor\/"}]}},"_links":{"self":[{"href":"https:\/\/www.yucatanencorto.com\/noticias\/wp-json\/wp\/v2\/posts\/90990","targetHints":{"allow":["GET"]}}],"collection":[{"href":"https:\/\/www.yucatanencorto.com\/noticias\/wp-json\/wp\/v2\/posts"}],"about":[{"href":"https:\/\/www.yucatanencorto.com\/noticias\/wp-json\/wp\/v2\/types\/post"}],"author":[{"embeddable":true,"href":"https:\/\/www.yucatanencorto.com\/noticias\/wp-json\/wp\/v2\/users\/2"}],"replies":[{"embeddable":true,"href":"https:\/\/www.yucatanencorto.com\/noticias\/wp-json\/wp\/v2\/comments?post=90990"}],"version-history":[{"count":0,"href":"https:\/\/www.yucatanencorto.com\/noticias\/wp-json\/wp\/v2\/posts\/90990\/revisions"}],"wp:featuredmedia":[{"embeddable":true,"href":"https:\/\/www.yucatanencorto.com\/noticias\/wp-json\/wp\/v2\/media\/90991"}],"wp:attachment":[{"href":"https:\/\/www.yucatanencorto.com\/noticias\/wp-json\/wp\/v2\/media?parent=90990"}],"wp:term":[{"taxonomy":"category","embeddable":true,"href":"https:\/\/www.yucatanencorto.com\/noticias\/wp-json\/wp\/v2\/categories?post=90990"},{"taxonomy":"post_tag","embeddable":true,"href":"https:\/\/www.yucatanencorto.com\/noticias\/wp-json\/wp\/v2\/tags?post=90990"}],"curies":[{"name":"wp","href":"https:\/\/api.w.org\/{rel}","templated":true}]}}