{"id":91093,"date":"2022-05-07T19:52:57","date_gmt":"2022-05-08T00:52:57","guid":{"rendered":"https:\/\/www.yucatanencorto.com\/noticias\/?p=91093"},"modified":"2022-05-07T19:52:57","modified_gmt":"2022-05-08T00:52:57","slug":"ponen-en-marcha-por-yucatan-incluyente","status":"publish","type":"post","link":"https:\/\/www.yucatanencorto.com\/noticias\/ponen-en-marcha-por-yucatan-incluyente\/","title":{"rendered":"Ponen en marcha por Yucat\u00e1n incluyente"},"content":{"rendered":"<p><img loading=\"lazy\" decoding=\"async\" class=\"alignnone size-full wp-image-91094\" src=\"https:\/\/www.yucatanencorto.com\/noticias\/wp-content\/uploads\/2022\/05\/IMG-20220507-WA0014-scaled.jpg\" alt=\"\" width=\"768\" height=\"494\" srcset=\"https:\/\/www.yucatanencorto.com\/noticias\/wp-content\/uploads\/2022\/05\/IMG-20220507-WA0014-scaled.jpg 768w, https:\/\/www.yucatanencorto.com\/noticias\/wp-content\/uploads\/2022\/05\/IMG-20220507-WA0014-696x448.jpg 696w, https:\/\/www.yucatanencorto.com\/noticias\/wp-content\/uploads\/2022\/05\/IMG-20220507-WA0014-1068x687.jpg 1068w, https:\/\/www.yucatanencorto.com\/noticias\/wp-content\/uploads\/2022\/05\/IMG-20220507-WA0014-653x420.jpg 653w\" sizes=\"auto, (max-width: 768px) 100vw, 768px\" \/><\/p>\n<p>Ticul, Yucat\u00e1n, 7 de mayo de 2022.- Con el firme prop\u00f3sito de promover la cultura de inclusi\u00f3n y generar tanto condiciones de igualdad como oportunidades para la poblaci\u00f3n mayahablante con discapacidad, el Gobierno que encabeza Mauricio Vila Dosal puso en marcha una campa\u00f1a de difusi\u00f3n de derechos.<\/p>\n<p>Desde la Biblioteca Municipal de Ticul, la titular de la Secretar\u00eda General de Gobierno (SGG), Mar\u00eda Fritz Sierra, encabez\u00f3 la presentaci\u00f3n de \u201cNo a las barreras. Juntos por un Yucat\u00e1n incluyente\u201d, con el lema \u201cKu ch\u00edimpoltik\u00f3n (Nos valoran)\u201d, que igual abona a la protecci\u00f3n y fortalecimiento de la lengua maya.<\/p>\n<p>Se trata de un nuevo plan de acci\u00f3n, que impulsa el Instituto para la Inclusi\u00f3n de las Personas con Discapacidad, (Iipedey) con la colaboraci\u00f3n y participaci\u00f3n de los institutos de Desarrollo de la Cultura Maya (Indemaya) y Regional y Municipal (Inderm), as\u00ed como el Sistema Tele Yucat\u00e1n.<\/p>\n<p>El principal objetivo es que el sector conozca sus derechos, mediante c\u00e1psulas informativas en su lengua materna y de forma oral, y comprendan el valor y la pertinencia de hacerlos valer, ya que \u201cnadie debe ser excluido, en una sociedad donde todos deben tener las mismas oportunidades\u201d, advirti\u00f3 la funcionaria.<\/p>\n<p>Acompa\u00f1ada de la directora General del Iipedey, Mar\u00eda Teresa V\u00e1zquez Baqueiro, y el alcalde anfitri\u00f3n, Rafael Montalvo Mata, la titular de la SGG se\u00f1al\u00f3 que la lengua maya est\u00e1 fuerte y presente en la vida cotidiana de muchas poblaciones, especialmente del sur y oriente del estado.<\/p>\n<p>\u201cDe acuerdo con el Instituto Nacional de Estad\u00edstica y Geograf\u00eda (Inegi), la mayor\u00eda de estas personas mayahablantes no saben leer ni escribir, por lo que es necesario que los esfuerzos institucionales y de la sociedad en su conjunto tambi\u00e9n se concentren en su uso oral\u201d, a\u00f1adi\u00f3.<\/p>\n<p>En ese sentido, reconoci\u00f3 el trabajo coordinado de las dependencias y entidades estatales, para cumplir la instrucci\u00f3n del Gobernador, de fortalecer las estrategias a favor de los derechos y la inclusi\u00f3n de la poblaci\u00f3n maya, en particular con alguna discapacidad.<\/p>\n<p>As\u00ed, se desarroll\u00f3 una serie de siete c\u00e1psulas informativas, con base en el Manual para la Atenci\u00f3n Inclusiva de las Personas con Discapacidad, que cuenta con versi\u00f3n en maya y elabor\u00f3 el Iipedey, hace un par de a\u00f1os, en alianza con la Universidad de Oriente (UNO) de Valladolid.<\/p>\n<p>Como parte de la campa\u00f1a, se difundir\u00e1 dicho contenido por radio y televisi\u00f3n, con tal de que personas mayahablantes con discapacidad y sus familias tengan la oportunidad de conocer sobre sus derechos, accesibilidad, lenguaje inclusivo y no discriminaci\u00f3n, al tiempo de revalorar su lengua materna.<\/p>\n<p>Para hacer realidad este esfuerzo conjunto de transversalizaci\u00f3n y sellar el compromiso de vinculaci\u00f3n con los municipios, firmaron un convenio de colaboraci\u00f3n el Iipedey, Indemaya, Inderm y el Ayuntamiento de Ticul, con Fritz Sierra como testigo de honor.<\/p>\n<p>Las c\u00e1psulas definen, de manera sencilla y accesible, en maya, los derechos de las personas que viven con alguna discapacidad intelectual, psicosocial o de talla baja, con los t\u00e9rminos para referirse a ellas, y conceptos de accesibilidad, barreras, lenguaje inclusivo y no discriminaci\u00f3n.<\/p>\n<p>Ante el director General del Sistema Tele Yucat\u00e1n, Armando Manzanero Arjona, as\u00ed como regidores, invitados especiales y p\u00fablico en general, la titular del Iipedey destac\u00f3 el valioso apoyo a las dependencias y entidades de la administraci\u00f3n estatal, involucradas en la campa\u00f1a.<\/p>\n<p>Indic\u00f3 que el Indemaya tradujo la informaci\u00f3n; la cadena televisiva grab\u00f3, produjo y edit\u00f3 las c\u00e1psulas, y el Inderm \u201ctendr\u00e1 el compromiso de vincular a los 106 municipios del estado, en este esfuerzo interinstitucional para llevar acciones de capacitaci\u00f3n y distribuci\u00f3n\u201d de las mismas para su difusi\u00f3n.<\/p>\n<p>Tambi\u00e9n, agradeci\u00f3 a Fritz Sierra, por el respaldo y apoyo para hacer realidad esta campa\u00f1a, que surgi\u00f3 de la necesidad de acercar estos temas a la poblaci\u00f3n mayahablante, que en Yucat\u00e1n, se estima, rebasa el 23 por ciento, de acuerdo con el Censo Nacional de Poblaci\u00f3n y Vivienda 2020 del Inegi.<\/p>\n<p>El director del Inderm, David Vald\u00e9z Jim\u00e9nez, reconoci\u00f3 que este sector social no busca privilegios, sino las mismas oportunidades; de ah\u00ed la importancia de establecer puentes con los ayuntamientos, para que se sumen a estas tareas de difusi\u00f3n y salvaguarda de sus derechos.<\/p>\n<p>A su vez, el del Indemaya, Eric Villanueva Mukul, se congratul\u00f3 por la firma del convenio, pues atiende a poblaci\u00f3n vulnerable y porque este tipo de pol\u00edticas p\u00fablicas llega a lo m\u00e1s profundo del territorio, con lo que se da cumplimiento al prop\u00f3sito del actual Gobierno, de construir un estado incluyente.<\/p>\n<p>Por su parte, el alcalde de Ticul calific\u00f3 este programa como \u201ctrascendental\u201d; se comprometi\u00f3 con reconocer los derechos de este grupo, hasta en el lugar m\u00e1s alejado del municipio, e invit\u00f3 a sus hom\u00f3logos a sumarse a esta estrategia de inclusi\u00f3n y atenci\u00f3n social.<\/p>\n<p>Luego, Alejandro Duran Mukul, presidente de la Asociaci\u00f3n \u201cVamos juntos\u201d y persona con discapacidad, resalt\u00f3 al esquema, pues no se tomaba en cuenta a este segmento poblacional, y llam\u00f3 a dependencias, instituciones y cabildos, a trabajar en unidad para ser una naci\u00f3n m\u00e1s incluyente y participativa.<\/p>\n<p>En su mensaje final, la secretaria de Gobierno convoc\u00f3 a la sociedad a romper barreras y hacer efectiva la inclusi\u00f3n de cada persona, promoviendo y estableciendo las acciones necesarias para asegurar su presencia activa, y en todo momento, reconocer y respetar su dignidad.<\/p>\n","protected":false},"excerpt":{"rendered":"<p>Ticul, Yucat\u00e1n, 7 de mayo de 2022.- Con el firme prop\u00f3sito de promover la cultura de inclusi\u00f3n y generar tanto condiciones de igualdad como oportunidades para la poblaci\u00f3n mayahablante con discapacidad, el Gobierno que encabeza Mauricio Vila Dosal puso en marcha una campa\u00f1a de difusi\u00f3n de derechos. Desde la Biblioteca Municipal de Ticul, la titular [&hellip;]<\/p>\n","protected":false},"author":2,"featured_media":91094,"comment_status":"closed","ping_status":"closed","sticky":false,"template":"","format":"standard","meta":{"footnotes":""},"categories":[3],"tags":[],"class_list":{"0":"post-91093","1":"post","2":"type-post","3":"status-publish","4":"format-standard","5":"has-post-thumbnail","7":"category-yucatan"},"yoast_head":"<!-- This site is optimized with the Yoast SEO plugin v27.4 - https:\/\/yoast.com\/product\/yoast-seo-wordpress\/ -->\n<title>Ponen en marcha por Yucat\u00e1n incluyente - Yucat\u00e1n en corto<\/title>\n<meta name=\"robots\" content=\"index, follow, max-snippet:-1, max-image-preview:large, max-video-preview:-1\" \/>\n<link rel=\"canonical\" href=\"https:\/\/www.yucatanencorto.com\/noticias\/ponen-en-marcha-por-yucatan-incluyente\/\" \/>\n<meta property=\"og:locale\" content=\"es_ES\" \/>\n<meta property=\"og:type\" content=\"article\" \/>\n<meta property=\"og:title\" content=\"Ponen en marcha por Yucat\u00e1n incluyente - Yucat\u00e1n en corto\" \/>\n<meta property=\"og:description\" content=\"Ticul, Yucat\u00e1n, 7 de mayo de 2022.- Con el firme prop\u00f3sito de promover la cultura de inclusi\u00f3n y generar tanto condiciones de igualdad como oportunidades para la poblaci\u00f3n mayahablante con discapacidad, el Gobierno que encabeza Mauricio Vila Dosal puso en marcha una campa\u00f1a de difusi\u00f3n de derechos. Desde la Biblioteca Municipal de Ticul, la titular [&hellip;]\" \/>\n<meta property=\"og:url\" content=\"https:\/\/www.yucatanencorto.com\/noticias\/ponen-en-marcha-por-yucatan-incluyente\/\" \/>\n<meta property=\"og:site_name\" content=\"Yucat\u00e1n en corto\" \/>\n<meta property=\"article:publisher\" content=\"http:\/\/www.facebook.com\/yucatanencorto\" \/>\n<meta property=\"article:published_time\" content=\"2022-05-08T00:52:57+00:00\" \/>\n<meta property=\"og:image\" content=\"https:\/\/www.yucatanencorto.com\/noticias\/wp-content\/uploads\/2022\/05\/IMG-20220507-WA0014-scaled.jpg\" \/>\n\t<meta property=\"og:image:width\" content=\"768\" \/>\n\t<meta property=\"og:image:height\" content=\"494\" \/>\n\t<meta property=\"og:image:type\" content=\"image\/jpeg\" \/>\n<meta name=\"author\" content=\"Yucat\u00e1n en Corto FC\" \/>\n<meta name=\"twitter:card\" content=\"summary_large_image\" \/>\n<meta name=\"twitter:creator\" content=\"@yucatanencorto\" \/>\n<meta name=\"twitter:site\" content=\"@yucatanencorto\" \/>\n<meta name=\"twitter:label1\" content=\"Escrito por\" \/>\n\t<meta name=\"twitter:data1\" content=\"Yucat\u00e1n en Corto FC\" \/>\n\t<meta name=\"twitter:label2\" content=\"Tiempo de lectura\" \/>\n\t<meta name=\"twitter:data2\" content=\"5 minutos\" \/>\n<script type=\"application\/ld+json\" class=\"yoast-schema-graph\">{\"@context\":\"https:\\\/\\\/schema.org\",\"@graph\":[{\"@type\":\"Article\",\"@id\":\"https:\\\/\\\/www.yucatanencorto.com\\\/noticias\\\/ponen-en-marcha-por-yucatan-incluyente\\\/#article\",\"isPartOf\":{\"@id\":\"https:\\\/\\\/www.yucatanencorto.com\\\/noticias\\\/ponen-en-marcha-por-yucatan-incluyente\\\/\"},\"author\":{\"name\":\"Yucat\u00e1n en Corto FC\",\"@id\":\"https:\\\/\\\/www.yucatanencorto.com\\\/noticias\\\/#\\\/schema\\\/person\\\/14f82d355225a1f4075dd84a31f45a72\"},\"headline\":\"Ponen en marcha por Yucat\u00e1n incluyente\",\"datePublished\":\"2022-05-08T00:52:57+00:00\",\"mainEntityOfPage\":{\"@id\":\"https:\\\/\\\/www.yucatanencorto.com\\\/noticias\\\/ponen-en-marcha-por-yucatan-incluyente\\\/\"},\"wordCount\":944,\"image\":{\"@id\":\"https:\\\/\\\/www.yucatanencorto.com\\\/noticias\\\/ponen-en-marcha-por-yucatan-incluyente\\\/#primaryimage\"},\"thumbnailUrl\":\"https:\\\/\\\/www.yucatanencorto.com\\\/noticias\\\/wp-content\\\/uploads\\\/2022\\\/05\\\/IMG-20220507-WA0014-scaled.jpg\",\"articleSection\":[\"Yucat\u00e1n\"],\"inLanguage\":\"es\"},{\"@type\":\"WebPage\",\"@id\":\"https:\\\/\\\/www.yucatanencorto.com\\\/noticias\\\/ponen-en-marcha-por-yucatan-incluyente\\\/\",\"url\":\"https:\\\/\\\/www.yucatanencorto.com\\\/noticias\\\/ponen-en-marcha-por-yucatan-incluyente\\\/\",\"name\":\"Ponen en marcha por Yucat\u00e1n incluyente - Yucat\u00e1n en corto\",\"isPartOf\":{\"@id\":\"https:\\\/\\\/www.yucatanencorto.com\\\/noticias\\\/#website\"},\"primaryImageOfPage\":{\"@id\":\"https:\\\/\\\/www.yucatanencorto.com\\\/noticias\\\/ponen-en-marcha-por-yucatan-incluyente\\\/#primaryimage\"},\"image\":{\"@id\":\"https:\\\/\\\/www.yucatanencorto.com\\\/noticias\\\/ponen-en-marcha-por-yucatan-incluyente\\\/#primaryimage\"},\"thumbnailUrl\":\"https:\\\/\\\/www.yucatanencorto.com\\\/noticias\\\/wp-content\\\/uploads\\\/2022\\\/05\\\/IMG-20220507-WA0014-scaled.jpg\",\"datePublished\":\"2022-05-08T00:52:57+00:00\",\"author\":{\"@id\":\"https:\\\/\\\/www.yucatanencorto.com\\\/noticias\\\/#\\\/schema\\\/person\\\/14f82d355225a1f4075dd84a31f45a72\"},\"breadcrumb\":{\"@id\":\"https:\\\/\\\/www.yucatanencorto.com\\\/noticias\\\/ponen-en-marcha-por-yucatan-incluyente\\\/#breadcrumb\"},\"inLanguage\":\"es\",\"potentialAction\":[{\"@type\":\"ReadAction\",\"target\":[\"https:\\\/\\\/www.yucatanencorto.com\\\/noticias\\\/ponen-en-marcha-por-yucatan-incluyente\\\/\"]}]},{\"@type\":\"ImageObject\",\"inLanguage\":\"es\",\"@id\":\"https:\\\/\\\/www.yucatanencorto.com\\\/noticias\\\/ponen-en-marcha-por-yucatan-incluyente\\\/#primaryimage\",\"url\":\"https:\\\/\\\/www.yucatanencorto.com\\\/noticias\\\/wp-content\\\/uploads\\\/2022\\\/05\\\/IMG-20220507-WA0014-scaled.jpg\",\"contentUrl\":\"https:\\\/\\\/www.yucatanencorto.com\\\/noticias\\\/wp-content\\\/uploads\\\/2022\\\/05\\\/IMG-20220507-WA0014-scaled.jpg\",\"width\":768,\"height\":494},{\"@type\":\"BreadcrumbList\",\"@id\":\"https:\\\/\\\/www.yucatanencorto.com\\\/noticias\\\/ponen-en-marcha-por-yucatan-incluyente\\\/#breadcrumb\",\"itemListElement\":[{\"@type\":\"ListItem\",\"position\":1,\"name\":\"Portada\",\"item\":\"https:\\\/\\\/www.yucatanencorto.com\\\/noticias\\\/\"},{\"@type\":\"ListItem\",\"position\":2,\"name\":\"Ponen en marcha por Yucat\u00e1n incluyente\"}]},{\"@type\":\"WebSite\",\"@id\":\"https:\\\/\\\/www.yucatanencorto.com\\\/noticias\\\/#website\",\"url\":\"https:\\\/\\\/www.yucatanencorto.com\\\/noticias\\\/\",\"name\":\"Yucat\u00e1n en corto\",\"description\":\"Noticias\",\"potentialAction\":[{\"@type\":\"SearchAction\",\"target\":{\"@type\":\"EntryPoint\",\"urlTemplate\":\"https:\\\/\\\/www.yucatanencorto.com\\\/noticias\\\/?s={search_term_string}\"},\"query-input\":{\"@type\":\"PropertyValueSpecification\",\"valueRequired\":true,\"valueName\":\"search_term_string\"}}],\"inLanguage\":\"es\"},{\"@type\":\"Person\",\"@id\":\"https:\\\/\\\/www.yucatanencorto.com\\\/noticias\\\/#\\\/schema\\\/person\\\/14f82d355225a1f4075dd84a31f45a72\",\"name\":\"Yucat\u00e1n en Corto FC\",\"image\":{\"@type\":\"ImageObject\",\"inLanguage\":\"es\",\"@id\":\"https:\\\/\\\/secure.gravatar.com\\\/avatar\\\/147d4b30cd728c53c29c49a3f7834dedca33707f4cd259761355846009a88250?s=96&d=mm&r=g\",\"url\":\"https:\\\/\\\/secure.gravatar.com\\\/avatar\\\/147d4b30cd728c53c29c49a3f7834dedca33707f4cd259761355846009a88250?s=96&d=mm&r=g\",\"contentUrl\":\"https:\\\/\\\/secure.gravatar.com\\\/avatar\\\/147d4b30cd728c53c29c49a3f7834dedca33707f4cd259761355846009a88250?s=96&d=mm&r=g\",\"caption\":\"Yucat\u00e1n en Corto FC\"},\"url\":\"https:\\\/\\\/www.yucatanencorto.com\\\/noticias\\\/author\\\/flor\\\/\"}]}<\/script>\n<!-- \/ Yoast SEO plugin. -->","yoast_head_json":{"title":"Ponen en marcha por Yucat\u00e1n incluyente - Yucat\u00e1n en corto","robots":{"index":"index","follow":"follow","max-snippet":"max-snippet:-1","max-image-preview":"max-image-preview:large","max-video-preview":"max-video-preview:-1"},"canonical":"https:\/\/www.yucatanencorto.com\/noticias\/ponen-en-marcha-por-yucatan-incluyente\/","og_locale":"es_ES","og_type":"article","og_title":"Ponen en marcha por Yucat\u00e1n incluyente - Yucat\u00e1n en corto","og_description":"Ticul, Yucat\u00e1n, 7 de mayo de 2022.- Con el firme prop\u00f3sito de promover la cultura de inclusi\u00f3n y generar tanto condiciones de igualdad como oportunidades para la poblaci\u00f3n mayahablante con discapacidad, el Gobierno que encabeza Mauricio Vila Dosal puso en marcha una campa\u00f1a de difusi\u00f3n de derechos. Desde la Biblioteca Municipal de Ticul, la titular [&hellip;]","og_url":"https:\/\/www.yucatanencorto.com\/noticias\/ponen-en-marcha-por-yucatan-incluyente\/","og_site_name":"Yucat\u00e1n en corto","article_publisher":"http:\/\/www.facebook.com\/yucatanencorto","article_published_time":"2022-05-08T00:52:57+00:00","og_image":[{"width":768,"height":494,"url":"https:\/\/www.yucatanencorto.com\/noticias\/wp-content\/uploads\/2022\/05\/IMG-20220507-WA0014-scaled.jpg","type":"image\/jpeg"}],"author":"Yucat\u00e1n en Corto FC","twitter_card":"summary_large_image","twitter_creator":"@yucatanencorto","twitter_site":"@yucatanencorto","twitter_misc":{"Escrito por":"Yucat\u00e1n en Corto FC","Tiempo de lectura":"5 minutos"},"schema":{"@context":"https:\/\/schema.org","@graph":[{"@type":"Article","@id":"https:\/\/www.yucatanencorto.com\/noticias\/ponen-en-marcha-por-yucatan-incluyente\/#article","isPartOf":{"@id":"https:\/\/www.yucatanencorto.com\/noticias\/ponen-en-marcha-por-yucatan-incluyente\/"},"author":{"name":"Yucat\u00e1n en Corto FC","@id":"https:\/\/www.yucatanencorto.com\/noticias\/#\/schema\/person\/14f82d355225a1f4075dd84a31f45a72"},"headline":"Ponen en marcha por Yucat\u00e1n incluyente","datePublished":"2022-05-08T00:52:57+00:00","mainEntityOfPage":{"@id":"https:\/\/www.yucatanencorto.com\/noticias\/ponen-en-marcha-por-yucatan-incluyente\/"},"wordCount":944,"image":{"@id":"https:\/\/www.yucatanencorto.com\/noticias\/ponen-en-marcha-por-yucatan-incluyente\/#primaryimage"},"thumbnailUrl":"https:\/\/www.yucatanencorto.com\/noticias\/wp-content\/uploads\/2022\/05\/IMG-20220507-WA0014-scaled.jpg","articleSection":["Yucat\u00e1n"],"inLanguage":"es"},{"@type":"WebPage","@id":"https:\/\/www.yucatanencorto.com\/noticias\/ponen-en-marcha-por-yucatan-incluyente\/","url":"https:\/\/www.yucatanencorto.com\/noticias\/ponen-en-marcha-por-yucatan-incluyente\/","name":"Ponen en marcha por Yucat\u00e1n incluyente - Yucat\u00e1n en corto","isPartOf":{"@id":"https:\/\/www.yucatanencorto.com\/noticias\/#website"},"primaryImageOfPage":{"@id":"https:\/\/www.yucatanencorto.com\/noticias\/ponen-en-marcha-por-yucatan-incluyente\/#primaryimage"},"image":{"@id":"https:\/\/www.yucatanencorto.com\/noticias\/ponen-en-marcha-por-yucatan-incluyente\/#primaryimage"},"thumbnailUrl":"https:\/\/www.yucatanencorto.com\/noticias\/wp-content\/uploads\/2022\/05\/IMG-20220507-WA0014-scaled.jpg","datePublished":"2022-05-08T00:52:57+00:00","author":{"@id":"https:\/\/www.yucatanencorto.com\/noticias\/#\/schema\/person\/14f82d355225a1f4075dd84a31f45a72"},"breadcrumb":{"@id":"https:\/\/www.yucatanencorto.com\/noticias\/ponen-en-marcha-por-yucatan-incluyente\/#breadcrumb"},"inLanguage":"es","potentialAction":[{"@type":"ReadAction","target":["https:\/\/www.yucatanencorto.com\/noticias\/ponen-en-marcha-por-yucatan-incluyente\/"]}]},{"@type":"ImageObject","inLanguage":"es","@id":"https:\/\/www.yucatanencorto.com\/noticias\/ponen-en-marcha-por-yucatan-incluyente\/#primaryimage","url":"https:\/\/www.yucatanencorto.com\/noticias\/wp-content\/uploads\/2022\/05\/IMG-20220507-WA0014-scaled.jpg","contentUrl":"https:\/\/www.yucatanencorto.com\/noticias\/wp-content\/uploads\/2022\/05\/IMG-20220507-WA0014-scaled.jpg","width":768,"height":494},{"@type":"BreadcrumbList","@id":"https:\/\/www.yucatanencorto.com\/noticias\/ponen-en-marcha-por-yucatan-incluyente\/#breadcrumb","itemListElement":[{"@type":"ListItem","position":1,"name":"Portada","item":"https:\/\/www.yucatanencorto.com\/noticias\/"},{"@type":"ListItem","position":2,"name":"Ponen en marcha por Yucat\u00e1n incluyente"}]},{"@type":"WebSite","@id":"https:\/\/www.yucatanencorto.com\/noticias\/#website","url":"https:\/\/www.yucatanencorto.com\/noticias\/","name":"Yucat\u00e1n en corto","description":"Noticias","potentialAction":[{"@type":"SearchAction","target":{"@type":"EntryPoint","urlTemplate":"https:\/\/www.yucatanencorto.com\/noticias\/?s={search_term_string}"},"query-input":{"@type":"PropertyValueSpecification","valueRequired":true,"valueName":"search_term_string"}}],"inLanguage":"es"},{"@type":"Person","@id":"https:\/\/www.yucatanencorto.com\/noticias\/#\/schema\/person\/14f82d355225a1f4075dd84a31f45a72","name":"Yucat\u00e1n en Corto FC","image":{"@type":"ImageObject","inLanguage":"es","@id":"https:\/\/secure.gravatar.com\/avatar\/147d4b30cd728c53c29c49a3f7834dedca33707f4cd259761355846009a88250?s=96&d=mm&r=g","url":"https:\/\/secure.gravatar.com\/avatar\/147d4b30cd728c53c29c49a3f7834dedca33707f4cd259761355846009a88250?s=96&d=mm&r=g","contentUrl":"https:\/\/secure.gravatar.com\/avatar\/147d4b30cd728c53c29c49a3f7834dedca33707f4cd259761355846009a88250?s=96&d=mm&r=g","caption":"Yucat\u00e1n en Corto FC"},"url":"https:\/\/www.yucatanencorto.com\/noticias\/author\/flor\/"}]}},"_links":{"self":[{"href":"https:\/\/www.yucatanencorto.com\/noticias\/wp-json\/wp\/v2\/posts\/91093","targetHints":{"allow":["GET"]}}],"collection":[{"href":"https:\/\/www.yucatanencorto.com\/noticias\/wp-json\/wp\/v2\/posts"}],"about":[{"href":"https:\/\/www.yucatanencorto.com\/noticias\/wp-json\/wp\/v2\/types\/post"}],"author":[{"embeddable":true,"href":"https:\/\/www.yucatanencorto.com\/noticias\/wp-json\/wp\/v2\/users\/2"}],"replies":[{"embeddable":true,"href":"https:\/\/www.yucatanencorto.com\/noticias\/wp-json\/wp\/v2\/comments?post=91093"}],"version-history":[{"count":0,"href":"https:\/\/www.yucatanencorto.com\/noticias\/wp-json\/wp\/v2\/posts\/91093\/revisions"}],"wp:featuredmedia":[{"embeddable":true,"href":"https:\/\/www.yucatanencorto.com\/noticias\/wp-json\/wp\/v2\/media\/91094"}],"wp:attachment":[{"href":"https:\/\/www.yucatanencorto.com\/noticias\/wp-json\/wp\/v2\/media?parent=91093"}],"wp:term":[{"taxonomy":"category","embeddable":true,"href":"https:\/\/www.yucatanencorto.com\/noticias\/wp-json\/wp\/v2\/categories?post=91093"},{"taxonomy":"post_tag","embeddable":true,"href":"https:\/\/www.yucatanencorto.com\/noticias\/wp-json\/wp\/v2\/tags?post=91093"}],"curies":[{"name":"wp","href":"https:\/\/api.w.org\/{rel}","templated":true}]}}