{"id":91099,"date":"2022-05-07T20:00:30","date_gmt":"2022-05-08T01:00:30","guid":{"rendered":"https:\/\/www.yucatanencorto.com\/noticias\/?p=91099"},"modified":"2022-05-07T20:00:30","modified_gmt":"2022-05-08T01:00:30","slug":"cumplen-con-acciones-solidarias-para-alcanzar-el-rezago-cero-en-las-comisarias","status":"publish","type":"post","link":"https:\/\/www.yucatanencorto.com\/noticias\/cumplen-con-acciones-solidarias-para-alcanzar-el-rezago-cero-en-las-comisarias\/","title":{"rendered":"Cumplen con acciones solidarias para alcanzar el rezago cero en las comisar\u00edas"},"content":{"rendered":"<p><img loading=\"lazy\" decoding=\"async\" class=\"alignnone size-full wp-image-91100\" src=\"https:\/\/www.yucatanencorto.com\/noticias\/wp-content\/uploads\/2022\/05\/7MAYO22-RBC-3.jpeg\" alt=\"\" width=\"640\" height=\"426\" srcset=\"https:\/\/www.yucatanencorto.com\/noticias\/wp-content\/uploads\/2022\/05\/7MAYO22-RBC-3.jpeg 640w, https:\/\/www.yucatanencorto.com\/noticias\/wp-content\/uploads\/2022\/05\/7MAYO22-RBC-3-631x420.jpeg 631w\" sizes=\"auto, (max-width: 640px) 100vw, 640px\" \/><\/p>\n<p>M\u00e9rida, Yucat\u00e1n a 7 de mayo de 2022.- Para esta administraci\u00f3n es un derecho humano y un compromiso cumplir con dotar de una infraestructura urbana eficiente y servicios p\u00fablicos de calidad a las y los habitantes del Municipio, entendidos estos como la dotaci\u00f3n de calles, sistemas de agua potable, alumbrado p\u00fablico, parques o energ\u00eda el\u00e9ctrica, procurando que este avance sea igualitario y arm\u00f3nico para todas y todos, asegur\u00f3 el Alcalde, Ren\u00e1n Barrera Concha.<\/p>\n<p>&nbsp;<\/p>\n<p>Se\u00f1al\u00f3 que esta procuraci\u00f3n de servicios p\u00fablicos e infraestructura urbana de calidad abonaran a elevar las condiciones de seguridad, bienestar y construcci\u00f3n del bien com\u00fan, que permite que M\u00e9rida sea una ciudad reconocida por su paz social y convivencia arm\u00f3nica.<\/p>\n<p>&nbsp;<\/p>\n<p>En la visita de supervisi\u00f3n de obras en la comisar\u00eda de Xmatkuil, indic\u00f3 que esta generaci\u00f3n de bienestar social en el Municipio se mantiene con acciones de vivienda y ampliaci\u00f3n de agua potable y electrificaci\u00f3n, destinando la mayor parte de los recursos a las comisar\u00edas y colonias m\u00e1s necesitadas de M\u00e9rida.<\/p>\n<p>&nbsp;<\/p>\n<p>El Presidente Municipal destac\u00f3 que por ese motivo los servicios de suministro de agua potable, electricidad y saneamiento, as\u00ed como su infraestructura asociada, son prioritarios desde el punto de vista social y ambiental, por considerarse fundamentales, ya que su impacto se siente directamente en el bienestar y calidad de vida de la poblaci\u00f3n.<\/p>\n<p>&nbsp;<\/p>\n<p>Acompa\u00f1ado por vecinos de la comisar\u00eda, el Alcalde supervis\u00f3 los trabajos de construcci\u00f3n del sistema pluvial y entreg\u00f3 la ampliaci\u00f3n de red de agua potable y red el\u00e9ctrica, que permitir\u00e1 que m\u00e1s familias cuenten con estos servicios b\u00e1sicos.<\/p>\n<p>&nbsp;<\/p>\n<p>Al respecto, el director de Obras P\u00fablicas, David Lor\u00eda Magdub inform\u00f3 que adem\u00e1s de la ampliaci\u00f3n de 472 metros lineales de agua potable y de 116 metros lineales de red el\u00e9ctrica, se pavimentaron 216 metros lineales de calles y se realizaron dos acciones de vivienda.<\/p>\n<p>&nbsp;<\/p>\n<p>\u201cAdem\u00e1s, est\u00e1n en proceso de realizaci\u00f3n tres acciones m\u00e1s de vivienda, 18 sistemas de drenaje pluvial y la ampliaci\u00f3n de 235.20 metros lineales de red el\u00e9ctrica. En total, se est\u00e1n invirtiendo $3, 579,198.64\u201d, precis\u00f3.<\/p>\n<p>&nbsp;<\/p>\n<p>Luego de una caminata de supervisi\u00f3n de construcci\u00f3n de pozos y rejillas pluviales, el Alcalde dio a conocer que, al d\u00eda de hoy, M\u00e9rida tiene menor rezago social, seg\u00fan lo indica el m\u00e1s reciente Informe de Pobreza y Evaluaci\u00f3n 2020 cap\u00edtulo Yucat\u00e1n del CONEVAL, donde la ciudad, ocupa la posici\u00f3n 2,393 a nivel nacional de 2,446 municipios evaluados, lo que significa la posici\u00f3n 53.<\/p>\n<p>&nbsp;<\/p>\n<p>Se\u00f1al\u00f3 que, en el a\u00f1o 2000, el 32.13% en promedio de la poblaci\u00f3n de M\u00e9rida, no contaba con servicios b\u00e1sicos, lo que equival\u00eda a que unas 226 mil personas del total 705,000 habitantes en ese entonces, carecieran de estas obras.<\/p>\n<p>&nbsp;<\/p>\n<p>\u201cAhora en el indicador de Acceso a Servicios B\u00e1sicos en M\u00e9rida del CONEVAL (2000-2020) M\u00e9rida registra una reducci\u00f3n del 32% en acceso a servicios b\u00e1sicos promedio, lo que significa que menos del 1 % de la poblaci\u00f3n actual a\u00fan no tiene acceso a servicios b\u00e1sicos, lo que corresponde al .822%\u201d, indic\u00f3.<\/p>\n<p>&nbsp;<\/p>\n<p>Es decir, abund\u00f3, que en 20 a\u00f1os hemos avanzado significativamente en materia de rezago cero dotando a colonias y comisar\u00edas de M\u00e9rida, de la infraestructura b\u00e1sica necesaria para atender sus principales necesidades.<\/p>\n<p>&nbsp;<\/p>\n<p>Destac\u00f3 que estos indicadores fortalecen al Ayuntamiento para seguir trabajando por M\u00e9rida y sus habitantes y seguir manteniendo esa armon\u00eda social que se traduce en seguridad p\u00fablica y paz social.<\/p>\n<p>&nbsp;<\/p>\n<p>Barrera Concha manifest\u00f3 que este Ayuntamiento ha sostenido acciones y estrategias basadas en los 17 objetivos Agenda de Desarrollo Sostenible de la ONU, en el combate a la pobreza y reducci\u00f3n de las desigualdades.<\/p>\n<p>&nbsp;<\/p>\n<p>\u201cNo ser\u00edamos una ciudad inclusiva y humana si el concepto b\u00e1sico del bien com\u00fan no fuera puesto en pr\u00e1ctica, siendo que las estrategias deben desarrollarse con y para los habitantes de las ciudades, dando prioridad a los sectores con mayor rezago\u201d, afirm\u00f3.<\/p>\n<p>&nbsp;<\/p>\n<p>Finalmente, dijo que esta administraci\u00f3n trabaja de manera organizada y con proyectos estrat\u00e9gicos a favor de quienes m\u00e1s lo necesitan, siendo la responsabilidad m\u00e1s importante tener una visi\u00f3n colectiva clara, con metas espec\u00edficas para medir los avances en la materia.<\/p>\n<p>&nbsp;<\/p>\n<p>&nbsp;<\/p>\n","protected":false},"excerpt":{"rendered":"<p>M\u00e9rida, Yucat\u00e1n a 7 de mayo de 2022.- Para esta administraci\u00f3n es un derecho humano y un compromiso cumplir con dotar de una infraestructura urbana eficiente y servicios p\u00fablicos de calidad a las y los habitantes del Municipio, entendidos estos como la dotaci\u00f3n de calles, sistemas de agua potable, alumbrado p\u00fablico, parques o energ\u00eda el\u00e9ctrica, [&hellip;]<\/p>\n","protected":false},"author":2,"featured_media":91100,"comment_status":"closed","ping_status":"closed","sticky":false,"template":"","format":"standard","meta":{"footnotes":""},"categories":[2],"tags":[],"class_list":{"0":"post-91099","1":"post","2":"type-post","3":"status-publish","4":"format-standard","5":"has-post-thumbnail","7":"category-merida"},"yoast_head":"<!-- This site is optimized with the Yoast SEO plugin v27.4 - https:\/\/yoast.com\/product\/yoast-seo-wordpress\/ -->\n<title>Cumplen con acciones solidarias para alcanzar el rezago cero en las comisar\u00edas - Yucat\u00e1n en corto<\/title>\n<meta name=\"robots\" content=\"index, follow, max-snippet:-1, max-image-preview:large, max-video-preview:-1\" \/>\n<link rel=\"canonical\" href=\"https:\/\/www.yucatanencorto.com\/noticias\/cumplen-con-acciones-solidarias-para-alcanzar-el-rezago-cero-en-las-comisarias\/\" \/>\n<meta property=\"og:locale\" content=\"es_ES\" \/>\n<meta property=\"og:type\" content=\"article\" \/>\n<meta property=\"og:title\" content=\"Cumplen con acciones solidarias para alcanzar el rezago cero en las comisar\u00edas - Yucat\u00e1n en corto\" \/>\n<meta property=\"og:description\" content=\"M\u00e9rida, Yucat\u00e1n a 7 de mayo de 2022.- Para esta administraci\u00f3n es un derecho humano y un compromiso cumplir con dotar de una infraestructura urbana eficiente y servicios p\u00fablicos de calidad a las y los habitantes del Municipio, entendidos estos como la dotaci\u00f3n de calles, sistemas de agua potable, alumbrado p\u00fablico, parques o energ\u00eda el\u00e9ctrica, [&hellip;]\" \/>\n<meta property=\"og:url\" content=\"https:\/\/www.yucatanencorto.com\/noticias\/cumplen-con-acciones-solidarias-para-alcanzar-el-rezago-cero-en-las-comisarias\/\" \/>\n<meta property=\"og:site_name\" content=\"Yucat\u00e1n en corto\" \/>\n<meta property=\"article:publisher\" content=\"http:\/\/www.facebook.com\/yucatanencorto\" \/>\n<meta property=\"article:published_time\" content=\"2022-05-08T01:00:30+00:00\" \/>\n<meta property=\"og:image\" content=\"https:\/\/www.yucatanencorto.com\/noticias\/wp-content\/uploads\/2022\/05\/7MAYO22-RBC-3.jpeg\" \/>\n\t<meta property=\"og:image:width\" content=\"640\" \/>\n\t<meta property=\"og:image:height\" content=\"426\" \/>\n\t<meta property=\"og:image:type\" content=\"image\/jpeg\" \/>\n<meta name=\"author\" content=\"Yucat\u00e1n en Corto FC\" \/>\n<meta name=\"twitter:card\" content=\"summary_large_image\" \/>\n<meta name=\"twitter:creator\" content=\"@yucatanencorto\" \/>\n<meta name=\"twitter:site\" content=\"@yucatanencorto\" \/>\n<meta name=\"twitter:label1\" content=\"Escrito por\" \/>\n\t<meta name=\"twitter:data1\" content=\"Yucat\u00e1n en Corto FC\" \/>\n\t<meta name=\"twitter:label2\" content=\"Tiempo de lectura\" \/>\n\t<meta name=\"twitter:data2\" content=\"4 minutos\" \/>\n<script type=\"application\/ld+json\" class=\"yoast-schema-graph\">{\"@context\":\"https:\\\/\\\/schema.org\",\"@graph\":[{\"@type\":\"Article\",\"@id\":\"https:\\\/\\\/www.yucatanencorto.com\\\/noticias\\\/cumplen-con-acciones-solidarias-para-alcanzar-el-rezago-cero-en-las-comisarias\\\/#article\",\"isPartOf\":{\"@id\":\"https:\\\/\\\/www.yucatanencorto.com\\\/noticias\\\/cumplen-con-acciones-solidarias-para-alcanzar-el-rezago-cero-en-las-comisarias\\\/\"},\"author\":{\"name\":\"Yucat\u00e1n en Corto FC\",\"@id\":\"https:\\\/\\\/www.yucatanencorto.com\\\/noticias\\\/#\\\/schema\\\/person\\\/14f82d355225a1f4075dd84a31f45a72\"},\"headline\":\"Cumplen con acciones solidarias para alcanzar el rezago cero en las comisar\u00edas\",\"datePublished\":\"2022-05-08T01:00:30+00:00\",\"mainEntityOfPage\":{\"@id\":\"https:\\\/\\\/www.yucatanencorto.com\\\/noticias\\\/cumplen-con-acciones-solidarias-para-alcanzar-el-rezago-cero-en-las-comisarias\\\/\"},\"wordCount\":762,\"image\":{\"@id\":\"https:\\\/\\\/www.yucatanencorto.com\\\/noticias\\\/cumplen-con-acciones-solidarias-para-alcanzar-el-rezago-cero-en-las-comisarias\\\/#primaryimage\"},\"thumbnailUrl\":\"https:\\\/\\\/www.yucatanencorto.com\\\/noticias\\\/wp-content\\\/uploads\\\/2022\\\/05\\\/7MAYO22-RBC-3.jpeg\",\"articleSection\":[\"M\u00e9rida\"],\"inLanguage\":\"es\"},{\"@type\":\"WebPage\",\"@id\":\"https:\\\/\\\/www.yucatanencorto.com\\\/noticias\\\/cumplen-con-acciones-solidarias-para-alcanzar-el-rezago-cero-en-las-comisarias\\\/\",\"url\":\"https:\\\/\\\/www.yucatanencorto.com\\\/noticias\\\/cumplen-con-acciones-solidarias-para-alcanzar-el-rezago-cero-en-las-comisarias\\\/\",\"name\":\"Cumplen con acciones solidarias para alcanzar el rezago cero en las comisar\u00edas - Yucat\u00e1n en corto\",\"isPartOf\":{\"@id\":\"https:\\\/\\\/www.yucatanencorto.com\\\/noticias\\\/#website\"},\"primaryImageOfPage\":{\"@id\":\"https:\\\/\\\/www.yucatanencorto.com\\\/noticias\\\/cumplen-con-acciones-solidarias-para-alcanzar-el-rezago-cero-en-las-comisarias\\\/#primaryimage\"},\"image\":{\"@id\":\"https:\\\/\\\/www.yucatanencorto.com\\\/noticias\\\/cumplen-con-acciones-solidarias-para-alcanzar-el-rezago-cero-en-las-comisarias\\\/#primaryimage\"},\"thumbnailUrl\":\"https:\\\/\\\/www.yucatanencorto.com\\\/noticias\\\/wp-content\\\/uploads\\\/2022\\\/05\\\/7MAYO22-RBC-3.jpeg\",\"datePublished\":\"2022-05-08T01:00:30+00:00\",\"author\":{\"@id\":\"https:\\\/\\\/www.yucatanencorto.com\\\/noticias\\\/#\\\/schema\\\/person\\\/14f82d355225a1f4075dd84a31f45a72\"},\"breadcrumb\":{\"@id\":\"https:\\\/\\\/www.yucatanencorto.com\\\/noticias\\\/cumplen-con-acciones-solidarias-para-alcanzar-el-rezago-cero-en-las-comisarias\\\/#breadcrumb\"},\"inLanguage\":\"es\",\"potentialAction\":[{\"@type\":\"ReadAction\",\"target\":[\"https:\\\/\\\/www.yucatanencorto.com\\\/noticias\\\/cumplen-con-acciones-solidarias-para-alcanzar-el-rezago-cero-en-las-comisarias\\\/\"]}]},{\"@type\":\"ImageObject\",\"inLanguage\":\"es\",\"@id\":\"https:\\\/\\\/www.yucatanencorto.com\\\/noticias\\\/cumplen-con-acciones-solidarias-para-alcanzar-el-rezago-cero-en-las-comisarias\\\/#primaryimage\",\"url\":\"https:\\\/\\\/www.yucatanencorto.com\\\/noticias\\\/wp-content\\\/uploads\\\/2022\\\/05\\\/7MAYO22-RBC-3.jpeg\",\"contentUrl\":\"https:\\\/\\\/www.yucatanencorto.com\\\/noticias\\\/wp-content\\\/uploads\\\/2022\\\/05\\\/7MAYO22-RBC-3.jpeg\",\"width\":640,\"height\":426},{\"@type\":\"BreadcrumbList\",\"@id\":\"https:\\\/\\\/www.yucatanencorto.com\\\/noticias\\\/cumplen-con-acciones-solidarias-para-alcanzar-el-rezago-cero-en-las-comisarias\\\/#breadcrumb\",\"itemListElement\":[{\"@type\":\"ListItem\",\"position\":1,\"name\":\"Portada\",\"item\":\"https:\\\/\\\/www.yucatanencorto.com\\\/noticias\\\/\"},{\"@type\":\"ListItem\",\"position\":2,\"name\":\"Cumplen con acciones solidarias para alcanzar el rezago cero en las comisar\u00edas\"}]},{\"@type\":\"WebSite\",\"@id\":\"https:\\\/\\\/www.yucatanencorto.com\\\/noticias\\\/#website\",\"url\":\"https:\\\/\\\/www.yucatanencorto.com\\\/noticias\\\/\",\"name\":\"Yucat\u00e1n en corto\",\"description\":\"Noticias\",\"potentialAction\":[{\"@type\":\"SearchAction\",\"target\":{\"@type\":\"EntryPoint\",\"urlTemplate\":\"https:\\\/\\\/www.yucatanencorto.com\\\/noticias\\\/?s={search_term_string}\"},\"query-input\":{\"@type\":\"PropertyValueSpecification\",\"valueRequired\":true,\"valueName\":\"search_term_string\"}}],\"inLanguage\":\"es\"},{\"@type\":\"Person\",\"@id\":\"https:\\\/\\\/www.yucatanencorto.com\\\/noticias\\\/#\\\/schema\\\/person\\\/14f82d355225a1f4075dd84a31f45a72\",\"name\":\"Yucat\u00e1n en Corto FC\",\"image\":{\"@type\":\"ImageObject\",\"inLanguage\":\"es\",\"@id\":\"https:\\\/\\\/secure.gravatar.com\\\/avatar\\\/147d4b30cd728c53c29c49a3f7834dedca33707f4cd259761355846009a88250?s=96&d=mm&r=g\",\"url\":\"https:\\\/\\\/secure.gravatar.com\\\/avatar\\\/147d4b30cd728c53c29c49a3f7834dedca33707f4cd259761355846009a88250?s=96&d=mm&r=g\",\"contentUrl\":\"https:\\\/\\\/secure.gravatar.com\\\/avatar\\\/147d4b30cd728c53c29c49a3f7834dedca33707f4cd259761355846009a88250?s=96&d=mm&r=g\",\"caption\":\"Yucat\u00e1n en Corto FC\"},\"url\":\"https:\\\/\\\/www.yucatanencorto.com\\\/noticias\\\/author\\\/flor\\\/\"}]}<\/script>\n<!-- \/ Yoast SEO plugin. -->","yoast_head_json":{"title":"Cumplen con acciones solidarias para alcanzar el rezago cero en las comisar\u00edas - Yucat\u00e1n en corto","robots":{"index":"index","follow":"follow","max-snippet":"max-snippet:-1","max-image-preview":"max-image-preview:large","max-video-preview":"max-video-preview:-1"},"canonical":"https:\/\/www.yucatanencorto.com\/noticias\/cumplen-con-acciones-solidarias-para-alcanzar-el-rezago-cero-en-las-comisarias\/","og_locale":"es_ES","og_type":"article","og_title":"Cumplen con acciones solidarias para alcanzar el rezago cero en las comisar\u00edas - Yucat\u00e1n en corto","og_description":"M\u00e9rida, Yucat\u00e1n a 7 de mayo de 2022.- Para esta administraci\u00f3n es un derecho humano y un compromiso cumplir con dotar de una infraestructura urbana eficiente y servicios p\u00fablicos de calidad a las y los habitantes del Municipio, entendidos estos como la dotaci\u00f3n de calles, sistemas de agua potable, alumbrado p\u00fablico, parques o energ\u00eda el\u00e9ctrica, [&hellip;]","og_url":"https:\/\/www.yucatanencorto.com\/noticias\/cumplen-con-acciones-solidarias-para-alcanzar-el-rezago-cero-en-las-comisarias\/","og_site_name":"Yucat\u00e1n en corto","article_publisher":"http:\/\/www.facebook.com\/yucatanencorto","article_published_time":"2022-05-08T01:00:30+00:00","og_image":[{"width":640,"height":426,"url":"https:\/\/www.yucatanencorto.com\/noticias\/wp-content\/uploads\/2022\/05\/7MAYO22-RBC-3.jpeg","type":"image\/jpeg"}],"author":"Yucat\u00e1n en Corto FC","twitter_card":"summary_large_image","twitter_creator":"@yucatanencorto","twitter_site":"@yucatanencorto","twitter_misc":{"Escrito por":"Yucat\u00e1n en Corto FC","Tiempo de lectura":"4 minutos"},"schema":{"@context":"https:\/\/schema.org","@graph":[{"@type":"Article","@id":"https:\/\/www.yucatanencorto.com\/noticias\/cumplen-con-acciones-solidarias-para-alcanzar-el-rezago-cero-en-las-comisarias\/#article","isPartOf":{"@id":"https:\/\/www.yucatanencorto.com\/noticias\/cumplen-con-acciones-solidarias-para-alcanzar-el-rezago-cero-en-las-comisarias\/"},"author":{"name":"Yucat\u00e1n en Corto FC","@id":"https:\/\/www.yucatanencorto.com\/noticias\/#\/schema\/person\/14f82d355225a1f4075dd84a31f45a72"},"headline":"Cumplen con acciones solidarias para alcanzar el rezago cero en las comisar\u00edas","datePublished":"2022-05-08T01:00:30+00:00","mainEntityOfPage":{"@id":"https:\/\/www.yucatanencorto.com\/noticias\/cumplen-con-acciones-solidarias-para-alcanzar-el-rezago-cero-en-las-comisarias\/"},"wordCount":762,"image":{"@id":"https:\/\/www.yucatanencorto.com\/noticias\/cumplen-con-acciones-solidarias-para-alcanzar-el-rezago-cero-en-las-comisarias\/#primaryimage"},"thumbnailUrl":"https:\/\/www.yucatanencorto.com\/noticias\/wp-content\/uploads\/2022\/05\/7MAYO22-RBC-3.jpeg","articleSection":["M\u00e9rida"],"inLanguage":"es"},{"@type":"WebPage","@id":"https:\/\/www.yucatanencorto.com\/noticias\/cumplen-con-acciones-solidarias-para-alcanzar-el-rezago-cero-en-las-comisarias\/","url":"https:\/\/www.yucatanencorto.com\/noticias\/cumplen-con-acciones-solidarias-para-alcanzar-el-rezago-cero-en-las-comisarias\/","name":"Cumplen con acciones solidarias para alcanzar el rezago cero en las comisar\u00edas - Yucat\u00e1n en corto","isPartOf":{"@id":"https:\/\/www.yucatanencorto.com\/noticias\/#website"},"primaryImageOfPage":{"@id":"https:\/\/www.yucatanencorto.com\/noticias\/cumplen-con-acciones-solidarias-para-alcanzar-el-rezago-cero-en-las-comisarias\/#primaryimage"},"image":{"@id":"https:\/\/www.yucatanencorto.com\/noticias\/cumplen-con-acciones-solidarias-para-alcanzar-el-rezago-cero-en-las-comisarias\/#primaryimage"},"thumbnailUrl":"https:\/\/www.yucatanencorto.com\/noticias\/wp-content\/uploads\/2022\/05\/7MAYO22-RBC-3.jpeg","datePublished":"2022-05-08T01:00:30+00:00","author":{"@id":"https:\/\/www.yucatanencorto.com\/noticias\/#\/schema\/person\/14f82d355225a1f4075dd84a31f45a72"},"breadcrumb":{"@id":"https:\/\/www.yucatanencorto.com\/noticias\/cumplen-con-acciones-solidarias-para-alcanzar-el-rezago-cero-en-las-comisarias\/#breadcrumb"},"inLanguage":"es","potentialAction":[{"@type":"ReadAction","target":["https:\/\/www.yucatanencorto.com\/noticias\/cumplen-con-acciones-solidarias-para-alcanzar-el-rezago-cero-en-las-comisarias\/"]}]},{"@type":"ImageObject","inLanguage":"es","@id":"https:\/\/www.yucatanencorto.com\/noticias\/cumplen-con-acciones-solidarias-para-alcanzar-el-rezago-cero-en-las-comisarias\/#primaryimage","url":"https:\/\/www.yucatanencorto.com\/noticias\/wp-content\/uploads\/2022\/05\/7MAYO22-RBC-3.jpeg","contentUrl":"https:\/\/www.yucatanencorto.com\/noticias\/wp-content\/uploads\/2022\/05\/7MAYO22-RBC-3.jpeg","width":640,"height":426},{"@type":"BreadcrumbList","@id":"https:\/\/www.yucatanencorto.com\/noticias\/cumplen-con-acciones-solidarias-para-alcanzar-el-rezago-cero-en-las-comisarias\/#breadcrumb","itemListElement":[{"@type":"ListItem","position":1,"name":"Portada","item":"https:\/\/www.yucatanencorto.com\/noticias\/"},{"@type":"ListItem","position":2,"name":"Cumplen con acciones solidarias para alcanzar el rezago cero en las comisar\u00edas"}]},{"@type":"WebSite","@id":"https:\/\/www.yucatanencorto.com\/noticias\/#website","url":"https:\/\/www.yucatanencorto.com\/noticias\/","name":"Yucat\u00e1n en corto","description":"Noticias","potentialAction":[{"@type":"SearchAction","target":{"@type":"EntryPoint","urlTemplate":"https:\/\/www.yucatanencorto.com\/noticias\/?s={search_term_string}"},"query-input":{"@type":"PropertyValueSpecification","valueRequired":true,"valueName":"search_term_string"}}],"inLanguage":"es"},{"@type":"Person","@id":"https:\/\/www.yucatanencorto.com\/noticias\/#\/schema\/person\/14f82d355225a1f4075dd84a31f45a72","name":"Yucat\u00e1n en Corto FC","image":{"@type":"ImageObject","inLanguage":"es","@id":"https:\/\/secure.gravatar.com\/avatar\/147d4b30cd728c53c29c49a3f7834dedca33707f4cd259761355846009a88250?s=96&d=mm&r=g","url":"https:\/\/secure.gravatar.com\/avatar\/147d4b30cd728c53c29c49a3f7834dedca33707f4cd259761355846009a88250?s=96&d=mm&r=g","contentUrl":"https:\/\/secure.gravatar.com\/avatar\/147d4b30cd728c53c29c49a3f7834dedca33707f4cd259761355846009a88250?s=96&d=mm&r=g","caption":"Yucat\u00e1n en Corto FC"},"url":"https:\/\/www.yucatanencorto.com\/noticias\/author\/flor\/"}]}},"_links":{"self":[{"href":"https:\/\/www.yucatanencorto.com\/noticias\/wp-json\/wp\/v2\/posts\/91099","targetHints":{"allow":["GET"]}}],"collection":[{"href":"https:\/\/www.yucatanencorto.com\/noticias\/wp-json\/wp\/v2\/posts"}],"about":[{"href":"https:\/\/www.yucatanencorto.com\/noticias\/wp-json\/wp\/v2\/types\/post"}],"author":[{"embeddable":true,"href":"https:\/\/www.yucatanencorto.com\/noticias\/wp-json\/wp\/v2\/users\/2"}],"replies":[{"embeddable":true,"href":"https:\/\/www.yucatanencorto.com\/noticias\/wp-json\/wp\/v2\/comments?post=91099"}],"version-history":[{"count":0,"href":"https:\/\/www.yucatanencorto.com\/noticias\/wp-json\/wp\/v2\/posts\/91099\/revisions"}],"wp:featuredmedia":[{"embeddable":true,"href":"https:\/\/www.yucatanencorto.com\/noticias\/wp-json\/wp\/v2\/media\/91100"}],"wp:attachment":[{"href":"https:\/\/www.yucatanencorto.com\/noticias\/wp-json\/wp\/v2\/media?parent=91099"}],"wp:term":[{"taxonomy":"category","embeddable":true,"href":"https:\/\/www.yucatanencorto.com\/noticias\/wp-json\/wp\/v2\/categories?post=91099"},{"taxonomy":"post_tag","embeddable":true,"href":"https:\/\/www.yucatanencorto.com\/noticias\/wp-json\/wp\/v2\/tags?post=91099"}],"curies":[{"name":"wp","href":"https:\/\/api.w.org\/{rel}","templated":true}]}}