{"id":92081,"date":"2022-07-05T16:03:38","date_gmt":"2022-07-05T21:03:38","guid":{"rendered":"https:\/\/www.yucatanencorto.com\/noticias\/?p=92081"},"modified":"2022-07-05T16:03:38","modified_gmt":"2022-07-05T21:03:38","slug":"continuan-trabajos-para-elaborar-reforma-a-la-ley-del-isstey","status":"publish","type":"post","link":"https:\/\/www.yucatanencorto.com\/noticias\/continuan-trabajos-para-elaborar-reforma-a-la-ley-del-isstey\/","title":{"rendered":"Contin\u00faan trabajos para elaborar reforma a la Ley del Isstey"},"content":{"rendered":"<p><img loading=\"lazy\" decoding=\"async\" class=\"alignnone size-full wp-image-92082\" src=\"https:\/\/www.yucatanencorto.com\/noticias\/wp-content\/uploads\/2022\/07\/Congreso-local1-scaled-1.jpeg\" alt=\"\" width=\"768\" height=\"432\" srcset=\"https:\/\/www.yucatanencorto.com\/noticias\/wp-content\/uploads\/2022\/07\/Congreso-local1-scaled-1.jpeg 768w, https:\/\/www.yucatanencorto.com\/noticias\/wp-content\/uploads\/2022\/07\/Congreso-local1-scaled-1-696x392.jpeg 696w, https:\/\/www.yucatanencorto.com\/noticias\/wp-content\/uploads\/2022\/07\/Congreso-local1-scaled-1-747x420.jpeg 747w\" sizes=\"auto, (max-width: 768px) 100vw, 768px\" \/><\/p>\n<p>En sesi\u00f3n de la comisi\u00f3n especial para Atender la Situaci\u00f3n del Instituto de Seguridad Social de los Trabajadores del Estado de Yucat\u00e1n (ISSTEY), los diputados integrantes continuaron con las acciones encaminadas para elaborar, en el seno de esta comisi\u00f3n, una iniciativa de reforma a la Ley del ISSTEY, con lo cual se asegurar\u00eda el sistema de pensiones de los trabajadores.<\/p>\n<p>En esta, los diputados recibieron un an\u00e1lisis del informe del Grupo Disciplinario de Especialistas, as\u00ed como propuestas de an\u00e1lisis para mejorar las condiciones actuales del Instituto, esto en cumplimiento con lo solicitado en la pasada sesi\u00f3n, a fin de contar con un documento que contenga toda la informaci\u00f3n recabada durante las reuniones de trabajo con el Comit\u00e9 de Expertos, los representantes de los Sindicatos que participaron y las propuestas e inquietudes realizadas en el micrositio que se dispuso para tal efecto.<\/p>\n<p>Al solicitar la palabra, el diputado del PRD, Eduardo Sobrino Sierra, enfatiz\u00f3 la importancia de procurar, antes que todo, el bienestar de los trabajadores y sus familias, los cuales se ven m\u00e1s impactados por esta situaci\u00f3n. \u201cHay que hacer un esfuerzo que se encamine en evitar afectar las prestaciones de los trabajadores\u201d, dijo.<\/p>\n<p>Por su parte, el diputado Jes\u00fas P\u00e9rez Ballote (PAN), habl\u00f3 sobre que se implemente una metodolog\u00eda de trabajo y la importancia de esta en las sesiones para que se avance en los trabajos de manera ordenada y as\u00ed tener los mejores resultados.<\/p>\n<p>Continuando con los asuntos, se distribuy\u00f3 la Propuesta T\u00e9cnica para la formulaci\u00f3n de la iniciativa en materia de la Ley de Seguridad Social para los Servidores P\u00fablicos del Estado, de sus Municipios y de los Organismos P\u00fablicos Coordinados y Descentralizados de Car\u00e1cter Estatal.<\/p>\n<p>La diputada Manuela Cocom Bolio del PAN, solicit\u00f3 que se presente un informe de las reformas que se han hecho en los esquemas de seguridad en los \u00faltimos 10 a\u00f1os a nivel nacional, mientras que el diputado Erik Rihani Gonz\u00e1lez (PAN), solicit\u00f3 que, en este informe, se apegue m\u00e1s en aquellos estados cuya expectativa de vida es similar a la de Yucat\u00e1n.<\/p>\n<p>En su turno, el diputado de Morena, Rafael Echazarreta, solicit\u00f3 la presencia de los tres \u00faltimos presidentes del Consejo Directivo, de 2001 a la fecha, para que abunden respecto a las decisiones tomadas en ese lapso para el Instituto.<\/p>\n","protected":false},"excerpt":{"rendered":"<p>En sesi\u00f3n de la comisi\u00f3n especial para Atender la Situaci\u00f3n del Instituto de Seguridad Social de los Trabajadores del Estado de Yucat\u00e1n (ISSTEY), los diputados integrantes continuaron con las acciones encaminadas para elaborar, en el seno de esta comisi\u00f3n, una iniciativa de reforma a la Ley del ISSTEY, con lo cual se asegurar\u00eda el sistema [&hellip;]<\/p>\n","protected":false},"author":2,"featured_media":92082,"comment_status":"closed","ping_status":"closed","sticky":false,"template":"","format":"standard","meta":{"footnotes":""},"categories":[3],"tags":[],"class_list":["post-92081","post","type-post","status-publish","format-standard","has-post-thumbnail","category-yucatan"],"yoast_head":"<!-- This site is optimized with the Yoast SEO plugin v28.4 - https:\/\/yoast.com\/product\/yoast-seo-wordpress\/ -->\n<title>Contin\u00faan trabajos para elaborar reforma a la Ley del Isstey - Yucat\u00e1n en corto<\/title>\n<meta name=\"robots\" content=\"index, follow, max-snippet:-1, max-image-preview:large, max-video-preview:-1\" \/>\n<link rel=\"canonical\" href=\"https:\/\/www.yucatanencorto.com\/noticias\/continuan-trabajos-para-elaborar-reforma-a-la-ley-del-isstey\/\" \/>\n<meta property=\"og:locale\" content=\"es_ES\" \/>\n<meta property=\"og:type\" content=\"article\" \/>\n<meta property=\"og:title\" content=\"Contin\u00faan trabajos para elaborar reforma a la Ley del Isstey - Yucat\u00e1n en corto\" \/>\n<meta property=\"og:description\" content=\"En sesi\u00f3n de la comisi\u00f3n especial para Atender la Situaci\u00f3n del Instituto de Seguridad Social de los Trabajadores del Estado de Yucat\u00e1n (ISSTEY), los diputados integrantes continuaron con las acciones encaminadas para elaborar, en el seno de esta comisi\u00f3n, una iniciativa de reforma a la Ley del ISSTEY, con lo cual se asegurar\u00eda el sistema [&hellip;]\" \/>\n<meta property=\"og:url\" content=\"https:\/\/www.yucatanencorto.com\/noticias\/continuan-trabajos-para-elaborar-reforma-a-la-ley-del-isstey\/\" \/>\n<meta property=\"og:site_name\" content=\"Yucat\u00e1n en corto\" \/>\n<meta property=\"article:publisher\" content=\"http:\/\/www.facebook.com\/yucatanencorto\" \/>\n<meta property=\"article:published_time\" content=\"2022-07-05T21:03:38+00:00\" \/>\n<meta property=\"og:image\" content=\"https:\/\/www.yucatanencorto.com\/noticias\/wp-content\/uploads\/2022\/07\/Congreso-local1-scaled-1.jpeg\" \/>\n\t<meta property=\"og:image:width\" content=\"768\" \/>\n\t<meta property=\"og:image:height\" content=\"432\" \/>\n\t<meta property=\"og:image:type\" content=\"image\/jpeg\" \/>\n<meta name=\"author\" content=\"Yucat\u00e1n en Corto FC\" \/>\n<meta name=\"twitter:card\" content=\"summary_large_image\" \/>\n<meta name=\"twitter:creator\" content=\"@yucatanencorto\" \/>\n<meta name=\"twitter:site\" content=\"@yucatanencorto\" \/>\n<meta name=\"twitter:label1\" content=\"Escrito por\" \/>\n\t<meta name=\"twitter:data1\" content=\"Yucat\u00e1n en Corto FC\" \/>\n\t<meta name=\"twitter:label2\" content=\"Tiempo de lectura\" \/>\n\t<meta name=\"twitter:data2\" content=\"2 minutos\" \/>\n<script type=\"application\/ld+json\" class=\"yoast-schema-graph\">{\"@context\":\"https:\\\/\\\/schema.org\",\"@graph\":[{\"@type\":\"Article\",\"@id\":\"https:\\\/\\\/www.yucatanencorto.com\\\/noticias\\\/continuan-trabajos-para-elaborar-reforma-a-la-ley-del-isstey\\\/#article\",\"isPartOf\":{\"@id\":\"https:\\\/\\\/www.yucatanencorto.com\\\/noticias\\\/continuan-trabajos-para-elaborar-reforma-a-la-ley-del-isstey\\\/\"},\"author\":{\"name\":\"Yucat\u00e1n en Corto FC\",\"@id\":\"https:\\\/\\\/www.yucatanencorto.com\\\/noticias\\\/#\\\/schema\\\/person\\\/14f82d355225a1f4075dd84a31f45a72\"},\"headline\":\"Contin\u00faan trabajos para elaborar reforma a la Ley del Isstey\",\"datePublished\":\"2022-07-05T21:03:38+00:00\",\"mainEntityOfPage\":{\"@id\":\"https:\\\/\\\/www.yucatanencorto.com\\\/noticias\\\/continuan-trabajos-para-elaborar-reforma-a-la-ley-del-isstey\\\/\"},\"wordCount\":413,\"publisher\":{\"@id\":\"https:\\\/\\\/www.yucatanencorto.com\\\/noticias\\\/#organization\"},\"image\":{\"@id\":\"https:\\\/\\\/www.yucatanencorto.com\\\/noticias\\\/continuan-trabajos-para-elaborar-reforma-a-la-ley-del-isstey\\\/#primaryimage\"},\"thumbnailUrl\":\"https:\\\/\\\/www.yucatanencorto.com\\\/noticias\\\/wp-content\\\/uploads\\\/2022\\\/07\\\/Congreso-local1-scaled-1.jpeg\",\"articleSection\":[\"Yucat\u00e1n\"],\"inLanguage\":\"es\"},{\"@type\":\"WebPage\",\"@id\":\"https:\\\/\\\/www.yucatanencorto.com\\\/noticias\\\/continuan-trabajos-para-elaborar-reforma-a-la-ley-del-isstey\\\/\",\"url\":\"https:\\\/\\\/www.yucatanencorto.com\\\/noticias\\\/continuan-trabajos-para-elaborar-reforma-a-la-ley-del-isstey\\\/\",\"name\":\"Contin\u00faan trabajos para elaborar reforma a la Ley del Isstey - Yucat\u00e1n en corto\",\"isPartOf\":{\"@id\":\"https:\\\/\\\/www.yucatanencorto.com\\\/noticias\\\/#website\"},\"primaryImageOfPage\":{\"@id\":\"https:\\\/\\\/www.yucatanencorto.com\\\/noticias\\\/continuan-trabajos-para-elaborar-reforma-a-la-ley-del-isstey\\\/#primaryimage\"},\"image\":{\"@id\":\"https:\\\/\\\/www.yucatanencorto.com\\\/noticias\\\/continuan-trabajos-para-elaborar-reforma-a-la-ley-del-isstey\\\/#primaryimage\"},\"thumbnailUrl\":\"https:\\\/\\\/www.yucatanencorto.com\\\/noticias\\\/wp-content\\\/uploads\\\/2022\\\/07\\\/Congreso-local1-scaled-1.jpeg\",\"datePublished\":\"2022-07-05T21:03:38+00:00\",\"breadcrumb\":{\"@id\":\"https:\\\/\\\/www.yucatanencorto.com\\\/noticias\\\/continuan-trabajos-para-elaborar-reforma-a-la-ley-del-isstey\\\/#breadcrumb\"},\"inLanguage\":\"es\",\"potentialAction\":[{\"@type\":\"ReadAction\",\"target\":[\"https:\\\/\\\/www.yucatanencorto.com\\\/noticias\\\/continuan-trabajos-para-elaborar-reforma-a-la-ley-del-isstey\\\/\"]}]},{\"@type\":\"ImageObject\",\"inLanguage\":\"es\",\"@id\":\"https:\\\/\\\/www.yucatanencorto.com\\\/noticias\\\/continuan-trabajos-para-elaborar-reforma-a-la-ley-del-isstey\\\/#primaryimage\",\"url\":\"https:\\\/\\\/www.yucatanencorto.com\\\/noticias\\\/wp-content\\\/uploads\\\/2022\\\/07\\\/Congreso-local1-scaled-1.jpeg\",\"contentUrl\":\"https:\\\/\\\/www.yucatanencorto.com\\\/noticias\\\/wp-content\\\/uploads\\\/2022\\\/07\\\/Congreso-local1-scaled-1.jpeg\",\"width\":768,\"height\":432},{\"@type\":\"BreadcrumbList\",\"@id\":\"https:\\\/\\\/www.yucatanencorto.com\\\/noticias\\\/continuan-trabajos-para-elaborar-reforma-a-la-ley-del-isstey\\\/#breadcrumb\",\"itemListElement\":[{\"@type\":\"ListItem\",\"position\":1,\"name\":\"Portada\",\"item\":\"https:\\\/\\\/www.yucatanencorto.com\\\/noticias\\\/\"},{\"@type\":\"ListItem\",\"position\":2,\"name\":\"Contin\u00faan trabajos para elaborar reforma a la Ley del Isstey\"}]},{\"@type\":\"WebSite\",\"@id\":\"https:\\\/\\\/www.yucatanencorto.com\\\/noticias\\\/#website\",\"url\":\"https:\\\/\\\/www.yucatanencorto.com\\\/noticias\\\/\",\"name\":\"Yucat\u00e1n en corto\",\"description\":\"Noticias\",\"publisher\":{\"@id\":\"https:\\\/\\\/www.yucatanencorto.com\\\/noticias\\\/#organization\"},\"potentialAction\":[{\"@type\":\"SearchAction\",\"target\":{\"@type\":\"EntryPoint\",\"urlTemplate\":\"https:\\\/\\\/www.yucatanencorto.com\\\/noticias\\\/?s={search_term_string}\"},\"query-input\":{\"@type\":\"PropertyValueSpecification\",\"valueRequired\":true,\"valueName\":\"search_term_string\"}}],\"inLanguage\":\"es\"},{\"@type\":\"Organization\",\"@id\":\"https:\\\/\\\/www.yucatanencorto.com\\\/noticias\\\/#organization\",\"name\":\"Yucat\u00e1n en corto\",\"url\":\"https:\\\/\\\/www.yucatanencorto.com\\\/noticias\\\/\",\"logo\":{\"@type\":\"ImageObject\",\"inLanguage\":\"es\",\"@id\":\"https:\\\/\\\/www.yucatanencorto.com\\\/noticias\\\/#\\\/schema\\\/logo\\\/image\\\/\",\"url\":\"https:\\\/\\\/www.yucatanencorto.com\\\/noticias\\\/wp-content\\\/uploads\\\/2026\\\/08\\\/Logo-web.png\",\"contentUrl\":\"https:\\\/\\\/www.yucatanencorto.com\\\/noticias\\\/wp-content\\\/uploads\\\/2026\\\/08\\\/Logo-web.png\",\"width\":272,\"height\":90,\"caption\":\"Yucat\u00e1n en corto\"},\"image\":{\"@id\":\"https:\\\/\\\/www.yucatanencorto.com\\\/noticias\\\/#\\\/schema\\\/logo\\\/image\\\/\"},\"sameAs\":[\"http:\\\/\\\/www.facebook.com\\\/yucatanencorto\",\"https:\\\/\\\/x.com\\\/yucatanencorto\"]},{\"@type\":\"Person\",\"@id\":\"https:\\\/\\\/www.yucatanencorto.com\\\/noticias\\\/#\\\/schema\\\/person\\\/14f82d355225a1f4075dd84a31f45a72\",\"name\":\"Yucat\u00e1n en Corto FC\",\"image\":{\"@type\":\"ImageObject\",\"inLanguage\":\"es\",\"@id\":\"https:\\\/\\\/secure.gravatar.com\\\/avatar\\\/147d4b30cd728c53c29c49a3f7834dedca33707f4cd259761355846009a88250?s=96&d=mm&r=g\",\"url\":\"https:\\\/\\\/secure.gravatar.com\\\/avatar\\\/147d4b30cd728c53c29c49a3f7834dedca33707f4cd259761355846009a88250?s=96&d=mm&r=g\",\"contentUrl\":\"https:\\\/\\\/secure.gravatar.com\\\/avatar\\\/147d4b30cd728c53c29c49a3f7834dedca33707f4cd259761355846009a88250?s=96&d=mm&r=g\",\"caption\":\"Yucat\u00e1n en Corto FC\"},\"url\":\"https:\\\/\\\/www.yucatanencorto.com\\\/noticias\\\/author\\\/flor\\\/\"}]}<\/script>\n<!-- \/ Yoast SEO plugin. -->","yoast_head_json":{"title":"Contin\u00faan trabajos para elaborar reforma a la Ley del Isstey - Yucat\u00e1n en corto","robots":{"index":"index","follow":"follow","max-snippet":"max-snippet:-1","max-image-preview":"max-image-preview:large","max-video-preview":"max-video-preview:-1"},"canonical":"https:\/\/www.yucatanencorto.com\/noticias\/continuan-trabajos-para-elaborar-reforma-a-la-ley-del-isstey\/","og_locale":"es_ES","og_type":"article","og_title":"Contin\u00faan trabajos para elaborar reforma a la Ley del Isstey - Yucat\u00e1n en corto","og_description":"En sesi\u00f3n de la comisi\u00f3n especial para Atender la Situaci\u00f3n del Instituto de Seguridad Social de los Trabajadores del Estado de Yucat\u00e1n (ISSTEY), los diputados integrantes continuaron con las acciones encaminadas para elaborar, en el seno de esta comisi\u00f3n, una iniciativa de reforma a la Ley del ISSTEY, con lo cual se asegurar\u00eda el sistema [&hellip;]","og_url":"https:\/\/www.yucatanencorto.com\/noticias\/continuan-trabajos-para-elaborar-reforma-a-la-ley-del-isstey\/","og_site_name":"Yucat\u00e1n en corto","article_publisher":"http:\/\/www.facebook.com\/yucatanencorto","article_published_time":"2022-07-05T21:03:38+00:00","og_image":[{"width":768,"height":432,"url":"https:\/\/www.yucatanencorto.com\/noticias\/wp-content\/uploads\/2022\/07\/Congreso-local1-scaled-1.jpeg","type":"image\/jpeg"}],"author":"Yucat\u00e1n en Corto FC","twitter_card":"summary_large_image","twitter_creator":"@yucatanencorto","twitter_site":"@yucatanencorto","twitter_misc":{"Escrito por":"Yucat\u00e1n en Corto FC","Tiempo de lectura":"2 minutos"},"schema":{"@context":"https:\/\/schema.org","@graph":[{"@type":"Article","@id":"https:\/\/www.yucatanencorto.com\/noticias\/continuan-trabajos-para-elaborar-reforma-a-la-ley-del-isstey\/#article","isPartOf":{"@id":"https:\/\/www.yucatanencorto.com\/noticias\/continuan-trabajos-para-elaborar-reforma-a-la-ley-del-isstey\/"},"author":{"name":"Yucat\u00e1n en Corto FC","@id":"https:\/\/www.yucatanencorto.com\/noticias\/#\/schema\/person\/14f82d355225a1f4075dd84a31f45a72"},"headline":"Contin\u00faan trabajos para elaborar reforma a la Ley del Isstey","datePublished":"2022-07-05T21:03:38+00:00","mainEntityOfPage":{"@id":"https:\/\/www.yucatanencorto.com\/noticias\/continuan-trabajos-para-elaborar-reforma-a-la-ley-del-isstey\/"},"wordCount":413,"publisher":{"@id":"https:\/\/www.yucatanencorto.com\/noticias\/#organization"},"image":{"@id":"https:\/\/www.yucatanencorto.com\/noticias\/continuan-trabajos-para-elaborar-reforma-a-la-ley-del-isstey\/#primaryimage"},"thumbnailUrl":"https:\/\/www.yucatanencorto.com\/noticias\/wp-content\/uploads\/2022\/07\/Congreso-local1-scaled-1.jpeg","articleSection":["Yucat\u00e1n"],"inLanguage":"es"},{"@type":"WebPage","@id":"https:\/\/www.yucatanencorto.com\/noticias\/continuan-trabajos-para-elaborar-reforma-a-la-ley-del-isstey\/","url":"https:\/\/www.yucatanencorto.com\/noticias\/continuan-trabajos-para-elaborar-reforma-a-la-ley-del-isstey\/","name":"Contin\u00faan trabajos para elaborar reforma a la Ley del Isstey - Yucat\u00e1n en corto","isPartOf":{"@id":"https:\/\/www.yucatanencorto.com\/noticias\/#website"},"primaryImageOfPage":{"@id":"https:\/\/www.yucatanencorto.com\/noticias\/continuan-trabajos-para-elaborar-reforma-a-la-ley-del-isstey\/#primaryimage"},"image":{"@id":"https:\/\/www.yucatanencorto.com\/noticias\/continuan-trabajos-para-elaborar-reforma-a-la-ley-del-isstey\/#primaryimage"},"thumbnailUrl":"https:\/\/www.yucatanencorto.com\/noticias\/wp-content\/uploads\/2022\/07\/Congreso-local1-scaled-1.jpeg","datePublished":"2022-07-05T21:03:38+00:00","breadcrumb":{"@id":"https:\/\/www.yucatanencorto.com\/noticias\/continuan-trabajos-para-elaborar-reforma-a-la-ley-del-isstey\/#breadcrumb"},"inLanguage":"es","potentialAction":[{"@type":"ReadAction","target":["https:\/\/www.yucatanencorto.com\/noticias\/continuan-trabajos-para-elaborar-reforma-a-la-ley-del-isstey\/"]}]},{"@type":"ImageObject","inLanguage":"es","@id":"https:\/\/www.yucatanencorto.com\/noticias\/continuan-trabajos-para-elaborar-reforma-a-la-ley-del-isstey\/#primaryimage","url":"https:\/\/www.yucatanencorto.com\/noticias\/wp-content\/uploads\/2022\/07\/Congreso-local1-scaled-1.jpeg","contentUrl":"https:\/\/www.yucatanencorto.com\/noticias\/wp-content\/uploads\/2022\/07\/Congreso-local1-scaled-1.jpeg","width":768,"height":432},{"@type":"BreadcrumbList","@id":"https:\/\/www.yucatanencorto.com\/noticias\/continuan-trabajos-para-elaborar-reforma-a-la-ley-del-isstey\/#breadcrumb","itemListElement":[{"@type":"ListItem","position":1,"name":"Portada","item":"https:\/\/www.yucatanencorto.com\/noticias\/"},{"@type":"ListItem","position":2,"name":"Contin\u00faan trabajos para elaborar reforma a la Ley del Isstey"}]},{"@type":"WebSite","@id":"https:\/\/www.yucatanencorto.com\/noticias\/#website","url":"https:\/\/www.yucatanencorto.com\/noticias\/","name":"Yucat\u00e1n en corto","description":"Noticias","publisher":{"@id":"https:\/\/www.yucatanencorto.com\/noticias\/#organization"},"potentialAction":[{"@type":"SearchAction","target":{"@type":"EntryPoint","urlTemplate":"https:\/\/www.yucatanencorto.com\/noticias\/?s={search_term_string}"},"query-input":{"@type":"PropertyValueSpecification","valueRequired":true,"valueName":"search_term_string"}}],"inLanguage":"es"},{"@type":"Organization","@id":"https:\/\/www.yucatanencorto.com\/noticias\/#organization","name":"Yucat\u00e1n en corto","url":"https:\/\/www.yucatanencorto.com\/noticias\/","logo":{"@type":"ImageObject","inLanguage":"es","@id":"https:\/\/www.yucatanencorto.com\/noticias\/#\/schema\/logo\/image\/","url":"https:\/\/www.yucatanencorto.com\/noticias\/wp-content\/uploads\/2026\/08\/Logo-web.png","contentUrl":"https:\/\/www.yucatanencorto.com\/noticias\/wp-content\/uploads\/2026\/08\/Logo-web.png","width":272,"height":90,"caption":"Yucat\u00e1n en corto"},"image":{"@id":"https:\/\/www.yucatanencorto.com\/noticias\/#\/schema\/logo\/image\/"},"sameAs":["http:\/\/www.facebook.com\/yucatanencorto","https:\/\/x.com\/yucatanencorto"]},{"@type":"Person","@id":"https:\/\/www.yucatanencorto.com\/noticias\/#\/schema\/person\/14f82d355225a1f4075dd84a31f45a72","name":"Yucat\u00e1n en Corto FC","image":{"@type":"ImageObject","inLanguage":"es","@id":"https:\/\/secure.gravatar.com\/avatar\/147d4b30cd728c53c29c49a3f7834dedca33707f4cd259761355846009a88250?s=96&d=mm&r=g","url":"https:\/\/secure.gravatar.com\/avatar\/147d4b30cd728c53c29c49a3f7834dedca33707f4cd259761355846009a88250?s=96&d=mm&r=g","contentUrl":"https:\/\/secure.gravatar.com\/avatar\/147d4b30cd728c53c29c49a3f7834dedca33707f4cd259761355846009a88250?s=96&d=mm&r=g","caption":"Yucat\u00e1n en Corto FC"},"url":"https:\/\/www.yucatanencorto.com\/noticias\/author\/flor\/"}]}},"_links":{"self":[{"href":"https:\/\/www.yucatanencorto.com\/noticias\/wp-json\/wp\/v2\/posts\/92081","targetHints":{"allow":["GET"]}}],"collection":[{"href":"https:\/\/www.yucatanencorto.com\/noticias\/wp-json\/wp\/v2\/posts"}],"about":[{"href":"https:\/\/www.yucatanencorto.com\/noticias\/wp-json\/wp\/v2\/types\/post"}],"author":[{"embeddable":true,"href":"https:\/\/www.yucatanencorto.com\/noticias\/wp-json\/wp\/v2\/users\/2"}],"replies":[{"embeddable":true,"href":"https:\/\/www.yucatanencorto.com\/noticias\/wp-json\/wp\/v2\/comments?post=92081"}],"version-history":[{"count":0,"href":"https:\/\/www.yucatanencorto.com\/noticias\/wp-json\/wp\/v2\/posts\/92081\/revisions"}],"wp:featuredmedia":[{"embeddable":true,"href":"https:\/\/www.yucatanencorto.com\/noticias\/wp-json\/wp\/v2\/media\/92082"}],"wp:attachment":[{"href":"https:\/\/www.yucatanencorto.com\/noticias\/wp-json\/wp\/v2\/media?parent=92081"}],"wp:term":[{"taxonomy":"category","embeddable":true,"href":"https:\/\/www.yucatanencorto.com\/noticias\/wp-json\/wp\/v2\/categories?post=92081"},{"taxonomy":"post_tag","embeddable":true,"href":"https:\/\/www.yucatanencorto.com\/noticias\/wp-json\/wp\/v2\/tags?post=92081"}],"curies":[{"name":"wp","href":"https:\/\/api.w.org\/{rel}","templated":true}]}}