{"id":92173,"date":"2022-07-11T17:03:22","date_gmt":"2022-07-11T22:03:22","guid":{"rendered":"https:\/\/www.yucatanencorto.com\/noticias\/?p=92173"},"modified":"2022-07-11T17:03:22","modified_gmt":"2022-07-11T22:03:22","slug":"con-nueva-reforma-buscan-que-los-violentadores-no-puedan-ocupar-cargos-publicos","status":"publish","type":"post","link":"https:\/\/www.yucatanencorto.com\/noticias\/con-nueva-reforma-buscan-que-los-violentadores-no-puedan-ocupar-cargos-publicos\/","title":{"rendered":"Con nueva reforma buscan que los \u00abviolentadores\u00bb no puedan ocupar cargos p\u00fablicos"},"content":{"rendered":"<p>&nbsp;<\/p>\n<h3><img loading=\"lazy\" decoding=\"async\" class=\"alignnone size-full wp-image-92174\" src=\"https:\/\/www.yucatanencorto.com\/noticias\/wp-content\/uploads\/2022\/07\/congreso-1-1.jpg\" alt=\"\" width=\"640\" height=\"427\" srcset=\"https:\/\/www.yucatanencorto.com\/noticias\/wp-content\/uploads\/2022\/07\/congreso-1-1.jpg 640w, https:\/\/www.yucatanencorto.com\/noticias\/wp-content\/uploads\/2022\/07\/congreso-1-1-630x420.jpg 630w\" sizes=\"auto, (max-width: 640px) 100vw, 640px\" \/><\/h3>\n<h3><\/h3>\n<h3><\/h3>\n<h3 style=\"text-align: justify;\">M\u00e9rida, Yucat\u00e1n; a 11 de julio de 2022. \u00abNecesitamos mejores funcionarias y funcionarios p\u00fablicos y ser conscientes que, si una persona no cumple con dar alimentos a su propia familia que es su c\u00edrculo m\u00e1s cercano \u00bfc\u00f3mo creemos que pueda cumplir con su compromiso y promesa de campa\u00f1a y con sus compromisos y peor a\u00fan con la plataforma electoral del partido pol\u00edtico que lo postule?\u00bb, remarc\u00f3 la diputada del Partido Acci\u00f3n Nacional (PAN), Carmen Gonz\u00e1lez Martin, en la entrega de Actas de Cabildo en las que se aprueba la reforma constitucional en materia de deudores alimentarios.<\/h3>\n<h3 style=\"text-align: justify;\">El presidente de la Asociaci\u00f3n de Municipios por Yucat\u00e1n (AMPYAC), Rafael Montalvo Mata, entreg\u00f3 a la legisladora del Distrito 13 y presidenta de la Comisi\u00f3n de Puntos Constitucionales y Gobernaci\u00f3n, Carmen Gonz\u00e1lez Mart\u00edn, las 46 actas de los municipios gobernados por Acci\u00f3n Nacional en las que aprueban la reforma constitucional en materia de deudores alimentarios.<\/h3>\n<h3 style=\"text-align: justify;\">\u201cHoy nos une al Legislativo, al Ejecutivo y a los Municipios el velar por los derechos de las mujeres y la lucha contra la violencia hacia ellas. Con esta iniciativa sin duda damos un claro paso para que en Yucat\u00e1n los violentadores no puedan ingresar, ni acceder a candidaturas, mucho menos a los cargos de designaci\u00f3n dentro de los \u00f3rganos de gobierno\u201d, expres\u00f3 la legisladora Gonz\u00e1lez Mart\u00edn.<\/h3>\n<h3 style=\"text-align: justify;\">Agreg\u00f3 que se requiere representantes p\u00fablicos dignos, \u201cno permitiremos que servidores p\u00fablicos con antecedentes penales en violencia familiar, delitos contra la intimidad personal, contra la imagen personal, violencia laboral contra las mujeres, violencia obst\u00e9trica, violencia por parentesco, violencia institucional, hostigamiento sexual, acoso sexual, abuso sexual, estupro, violaci\u00f3n o feminicidio, ni ser deudor alimentario moroso. Por eso los felicito porque no dudaron en someter a consideraci\u00f3n de sus cabildos esta importante reforma\u201d.<\/h3>\n<h3 style=\"text-align: justify;\">El tambi\u00e9n presidente municipal de Ticul, Rafael Montalvo Mata, se\u00f1al\u00f3 que en las actas entregadas se encuentra representado no solamente la lucha legal, justa e hist\u00f3rica de todas las mujeres, sino que tambi\u00e9n la voluntad y disposici\u00f3n de todas las regidoras y regidores que votaron a favor de que los ayuntamientos respaldan esta iniciativa del Congreso del Estado.<\/h3>\n<h3 style=\"text-align: justify;\">El alcalde de M\u00e9rida, Ren\u00e1n Barrera Concha, coment\u00f3 que tienen mejores resultados trabajando de manera coordinada. \u201cEl acceder a un cargo de elecci\u00f3n popular debe de ser uno de los filtros m\u00e1s costosos para cualquier persona, en caso de llegar ah\u00ed, porque es la sociedad completa la que le est\u00e1 depositando su confianza para que pueda llevar a cabo proyectos, programas, es muy complicado\u201d.<\/h3>\n<h3 style=\"text-align: justify;\">Por su parte, la coordinadora de la Agenda de las Mujeres por la Igualdad Sustantiva en Yucat\u00e1n (AMISY), Mar\u00eda Eugenia N\u00fa\u00f1ez Zapata, tras recordar a los \u00edconos del feminismo yucateco Elvia Carrillo Puerto y Rosa Torres primera diputada y regidora respectivamente, precis\u00f3 que la reforma constitucional no es casualidad, es un producto de la g\u00e9nesis, \u201cgen\u00e9tica feminista que no s\u00f3lo es para las mujeres sino para los valientes hombres que no se intimidan ante una mujer inteligente y valiente\u201d.<\/h3>\n<h3 style=\"text-align: justify;\">En su turno la Secretaria de las Mujeres, Mar\u00eda Cristina Castillo Espinosa, dijo que se est\u00e1 haciendo historia en esta Legislatura con todas las iniciativas que han aprobado, como la de 3 de 3 que fue impulsada desde la sociedad. \u201cQuiero agradecer a las alcaldesas y los alcaldes por estar incluyendo no solo en sus cabildos, sino haciendo realidad este apoyo hacia las mujeres\u201d.<\/h3>\n<h3 style=\"text-align: justify;\">En la reuni\u00f3n estuvieron, los alcaldes y alcaldesas emanados de Acci\u00f3n Nacional, as\u00ed como las diputadas y diputados del interior del estado, Manuela Cocom Bolio del 6to distrito, Melba Gamboa \u00c1vila, del distrito 14, as\u00ed como tambi\u00e9n Erik Rihani Gonz\u00e1lez del distrito 9, Karem Achach Ram\u00edrez, del distrito 3, Dafne L\u00f3pez Osorio, del distrito 7, \u00a0Karla Salazar Gonz\u00e1lez, del distrito 5, Luis Fern\u00e1ndez Vidal del distrito 11 y Ra\u00fal Romero Chel del distrito 12.<\/h3>\n<h3 style=\"text-align: justify;\"><\/h3>\n","protected":false},"excerpt":{"rendered":"<p>&nbsp; M\u00e9rida, Yucat\u00e1n; a 11 de julio de 2022. \u00abNecesitamos mejores funcionarias y funcionarios p\u00fablicos y ser conscientes que, si una persona no cumple con dar alimentos a su propia familia que es su c\u00edrculo m\u00e1s cercano \u00bfc\u00f3mo creemos que pueda cumplir con su compromiso y promesa de campa\u00f1a y con sus compromisos y peor [&hellip;]<\/p>\n","protected":false},"author":2,"featured_media":92174,"comment_status":"closed","ping_status":"closed","sticky":false,"template":"","format":"standard","meta":{"footnotes":""},"categories":[2],"tags":[],"class_list":{"0":"post-92173","1":"post","2":"type-post","3":"status-publish","4":"format-standard","5":"has-post-thumbnail","7":"category-merida"},"yoast_head":"<!-- This site is optimized with the Yoast SEO plugin v27.4 - https:\/\/yoast.com\/product\/yoast-seo-wordpress\/ -->\n<title>Con nueva reforma buscan que los &quot;violentadores&quot; no puedan ocupar cargos p\u00fablicos - Yucat\u00e1n en corto<\/title>\n<meta name=\"robots\" content=\"index, follow, max-snippet:-1, max-image-preview:large, max-video-preview:-1\" \/>\n<link rel=\"canonical\" href=\"https:\/\/www.yucatanencorto.com\/noticias\/con-nueva-reforma-buscan-que-los-violentadores-no-puedan-ocupar-cargos-publicos\/\" \/>\n<meta property=\"og:locale\" content=\"es_ES\" \/>\n<meta property=\"og:type\" content=\"article\" \/>\n<meta property=\"og:title\" content=\"Con nueva reforma buscan que los &quot;violentadores&quot; no puedan ocupar cargos p\u00fablicos - Yucat\u00e1n en corto\" \/>\n<meta property=\"og:description\" content=\"&nbsp; M\u00e9rida, Yucat\u00e1n; a 11 de julio de 2022. \u00abNecesitamos mejores funcionarias y funcionarios p\u00fablicos y ser conscientes que, si una persona no cumple con dar alimentos a su propia familia que es su c\u00edrculo m\u00e1s cercano \u00bfc\u00f3mo creemos que pueda cumplir con su compromiso y promesa de campa\u00f1a y con sus compromisos y peor [&hellip;]\" \/>\n<meta property=\"og:url\" content=\"https:\/\/www.yucatanencorto.com\/noticias\/con-nueva-reforma-buscan-que-los-violentadores-no-puedan-ocupar-cargos-publicos\/\" \/>\n<meta property=\"og:site_name\" content=\"Yucat\u00e1n en corto\" \/>\n<meta property=\"article:publisher\" content=\"http:\/\/www.facebook.com\/yucatanencorto\" \/>\n<meta property=\"article:published_time\" content=\"2022-07-11T22:03:22+00:00\" \/>\n<meta property=\"og:image\" content=\"https:\/\/www.yucatanencorto.com\/noticias\/wp-content\/uploads\/2022\/07\/congreso-1-1.jpg\" \/>\n\t<meta property=\"og:image:width\" content=\"640\" \/>\n\t<meta property=\"og:image:height\" content=\"427\" \/>\n\t<meta property=\"og:image:type\" content=\"image\/jpeg\" \/>\n<meta name=\"author\" content=\"Yucat\u00e1n en Corto FC\" \/>\n<meta name=\"twitter:card\" content=\"summary_large_image\" \/>\n<meta name=\"twitter:creator\" content=\"@yucatanencorto\" \/>\n<meta name=\"twitter:site\" content=\"@yucatanencorto\" \/>\n<meta name=\"twitter:label1\" content=\"Escrito por\" \/>\n\t<meta name=\"twitter:data1\" content=\"Yucat\u00e1n en Corto FC\" \/>\n\t<meta name=\"twitter:label2\" content=\"Tiempo de lectura\" \/>\n\t<meta name=\"twitter:data2\" content=\"3 minutos\" \/>\n<script type=\"application\/ld+json\" class=\"yoast-schema-graph\">{\"@context\":\"https:\\\/\\\/schema.org\",\"@graph\":[{\"@type\":\"Article\",\"@id\":\"https:\\\/\\\/www.yucatanencorto.com\\\/noticias\\\/con-nueva-reforma-buscan-que-los-violentadores-no-puedan-ocupar-cargos-publicos\\\/#article\",\"isPartOf\":{\"@id\":\"https:\\\/\\\/www.yucatanencorto.com\\\/noticias\\\/con-nueva-reforma-buscan-que-los-violentadores-no-puedan-ocupar-cargos-publicos\\\/\"},\"author\":{\"name\":\"Yucat\u00e1n en Corto FC\",\"@id\":\"https:\\\/\\\/www.yucatanencorto.com\\\/noticias\\\/#\\\/schema\\\/person\\\/14f82d355225a1f4075dd84a31f45a72\"},\"headline\":\"Con nueva reforma buscan que los \u00abviolentadores\u00bb no puedan ocupar cargos p\u00fablicos\",\"datePublished\":\"2022-07-11T22:03:22+00:00\",\"mainEntityOfPage\":{\"@id\":\"https:\\\/\\\/www.yucatanencorto.com\\\/noticias\\\/con-nueva-reforma-buscan-que-los-violentadores-no-puedan-ocupar-cargos-publicos\\\/\"},\"wordCount\":681,\"image\":{\"@id\":\"https:\\\/\\\/www.yucatanencorto.com\\\/noticias\\\/con-nueva-reforma-buscan-que-los-violentadores-no-puedan-ocupar-cargos-publicos\\\/#primaryimage\"},\"thumbnailUrl\":\"https:\\\/\\\/www.yucatanencorto.com\\\/noticias\\\/wp-content\\\/uploads\\\/2022\\\/07\\\/congreso-1-1.jpg\",\"articleSection\":[\"M\u00e9rida\"],\"inLanguage\":\"es\"},{\"@type\":\"WebPage\",\"@id\":\"https:\\\/\\\/www.yucatanencorto.com\\\/noticias\\\/con-nueva-reforma-buscan-que-los-violentadores-no-puedan-ocupar-cargos-publicos\\\/\",\"url\":\"https:\\\/\\\/www.yucatanencorto.com\\\/noticias\\\/con-nueva-reforma-buscan-que-los-violentadores-no-puedan-ocupar-cargos-publicos\\\/\",\"name\":\"Con nueva reforma buscan que los \\\"violentadores\\\" no puedan ocupar cargos p\u00fablicos - Yucat\u00e1n en corto\",\"isPartOf\":{\"@id\":\"https:\\\/\\\/www.yucatanencorto.com\\\/noticias\\\/#website\"},\"primaryImageOfPage\":{\"@id\":\"https:\\\/\\\/www.yucatanencorto.com\\\/noticias\\\/con-nueva-reforma-buscan-que-los-violentadores-no-puedan-ocupar-cargos-publicos\\\/#primaryimage\"},\"image\":{\"@id\":\"https:\\\/\\\/www.yucatanencorto.com\\\/noticias\\\/con-nueva-reforma-buscan-que-los-violentadores-no-puedan-ocupar-cargos-publicos\\\/#primaryimage\"},\"thumbnailUrl\":\"https:\\\/\\\/www.yucatanencorto.com\\\/noticias\\\/wp-content\\\/uploads\\\/2022\\\/07\\\/congreso-1-1.jpg\",\"datePublished\":\"2022-07-11T22:03:22+00:00\",\"author\":{\"@id\":\"https:\\\/\\\/www.yucatanencorto.com\\\/noticias\\\/#\\\/schema\\\/person\\\/14f82d355225a1f4075dd84a31f45a72\"},\"breadcrumb\":{\"@id\":\"https:\\\/\\\/www.yucatanencorto.com\\\/noticias\\\/con-nueva-reforma-buscan-que-los-violentadores-no-puedan-ocupar-cargos-publicos\\\/#breadcrumb\"},\"inLanguage\":\"es\",\"potentialAction\":[{\"@type\":\"ReadAction\",\"target\":[\"https:\\\/\\\/www.yucatanencorto.com\\\/noticias\\\/con-nueva-reforma-buscan-que-los-violentadores-no-puedan-ocupar-cargos-publicos\\\/\"]}]},{\"@type\":\"ImageObject\",\"inLanguage\":\"es\",\"@id\":\"https:\\\/\\\/www.yucatanencorto.com\\\/noticias\\\/con-nueva-reforma-buscan-que-los-violentadores-no-puedan-ocupar-cargos-publicos\\\/#primaryimage\",\"url\":\"https:\\\/\\\/www.yucatanencorto.com\\\/noticias\\\/wp-content\\\/uploads\\\/2022\\\/07\\\/congreso-1-1.jpg\",\"contentUrl\":\"https:\\\/\\\/www.yucatanencorto.com\\\/noticias\\\/wp-content\\\/uploads\\\/2022\\\/07\\\/congreso-1-1.jpg\",\"width\":640,\"height\":427},{\"@type\":\"BreadcrumbList\",\"@id\":\"https:\\\/\\\/www.yucatanencorto.com\\\/noticias\\\/con-nueva-reforma-buscan-que-los-violentadores-no-puedan-ocupar-cargos-publicos\\\/#breadcrumb\",\"itemListElement\":[{\"@type\":\"ListItem\",\"position\":1,\"name\":\"Portada\",\"item\":\"https:\\\/\\\/www.yucatanencorto.com\\\/noticias\\\/\"},{\"@type\":\"ListItem\",\"position\":2,\"name\":\"Con nueva reforma buscan que los \u00abviolentadores\u00bb no puedan ocupar cargos p\u00fablicos\"}]},{\"@type\":\"WebSite\",\"@id\":\"https:\\\/\\\/www.yucatanencorto.com\\\/noticias\\\/#website\",\"url\":\"https:\\\/\\\/www.yucatanencorto.com\\\/noticias\\\/\",\"name\":\"Yucat\u00e1n en corto\",\"description\":\"Noticias\",\"potentialAction\":[{\"@type\":\"SearchAction\",\"target\":{\"@type\":\"EntryPoint\",\"urlTemplate\":\"https:\\\/\\\/www.yucatanencorto.com\\\/noticias\\\/?s={search_term_string}\"},\"query-input\":{\"@type\":\"PropertyValueSpecification\",\"valueRequired\":true,\"valueName\":\"search_term_string\"}}],\"inLanguage\":\"es\"},{\"@type\":\"Person\",\"@id\":\"https:\\\/\\\/www.yucatanencorto.com\\\/noticias\\\/#\\\/schema\\\/person\\\/14f82d355225a1f4075dd84a31f45a72\",\"name\":\"Yucat\u00e1n en Corto FC\",\"image\":{\"@type\":\"ImageObject\",\"inLanguage\":\"es\",\"@id\":\"https:\\\/\\\/secure.gravatar.com\\\/avatar\\\/147d4b30cd728c53c29c49a3f7834dedca33707f4cd259761355846009a88250?s=96&d=mm&r=g\",\"url\":\"https:\\\/\\\/secure.gravatar.com\\\/avatar\\\/147d4b30cd728c53c29c49a3f7834dedca33707f4cd259761355846009a88250?s=96&d=mm&r=g\",\"contentUrl\":\"https:\\\/\\\/secure.gravatar.com\\\/avatar\\\/147d4b30cd728c53c29c49a3f7834dedca33707f4cd259761355846009a88250?s=96&d=mm&r=g\",\"caption\":\"Yucat\u00e1n en Corto FC\"},\"url\":\"https:\\\/\\\/www.yucatanencorto.com\\\/noticias\\\/author\\\/flor\\\/\"}]}<\/script>\n<!-- \/ Yoast SEO plugin. -->","yoast_head_json":{"title":"Con nueva reforma buscan que los \"violentadores\" no puedan ocupar cargos p\u00fablicos - Yucat\u00e1n en corto","robots":{"index":"index","follow":"follow","max-snippet":"max-snippet:-1","max-image-preview":"max-image-preview:large","max-video-preview":"max-video-preview:-1"},"canonical":"https:\/\/www.yucatanencorto.com\/noticias\/con-nueva-reforma-buscan-que-los-violentadores-no-puedan-ocupar-cargos-publicos\/","og_locale":"es_ES","og_type":"article","og_title":"Con nueva reforma buscan que los \"violentadores\" no puedan ocupar cargos p\u00fablicos - Yucat\u00e1n en corto","og_description":"&nbsp; M\u00e9rida, Yucat\u00e1n; a 11 de julio de 2022. \u00abNecesitamos mejores funcionarias y funcionarios p\u00fablicos y ser conscientes que, si una persona no cumple con dar alimentos a su propia familia que es su c\u00edrculo m\u00e1s cercano \u00bfc\u00f3mo creemos que pueda cumplir con su compromiso y promesa de campa\u00f1a y con sus compromisos y peor [&hellip;]","og_url":"https:\/\/www.yucatanencorto.com\/noticias\/con-nueva-reforma-buscan-que-los-violentadores-no-puedan-ocupar-cargos-publicos\/","og_site_name":"Yucat\u00e1n en corto","article_publisher":"http:\/\/www.facebook.com\/yucatanencorto","article_published_time":"2022-07-11T22:03:22+00:00","og_image":[{"width":640,"height":427,"url":"https:\/\/www.yucatanencorto.com\/noticias\/wp-content\/uploads\/2022\/07\/congreso-1-1.jpg","type":"image\/jpeg"}],"author":"Yucat\u00e1n en Corto FC","twitter_card":"summary_large_image","twitter_creator":"@yucatanencorto","twitter_site":"@yucatanencorto","twitter_misc":{"Escrito por":"Yucat\u00e1n en Corto FC","Tiempo de lectura":"3 minutos"},"schema":{"@context":"https:\/\/schema.org","@graph":[{"@type":"Article","@id":"https:\/\/www.yucatanencorto.com\/noticias\/con-nueva-reforma-buscan-que-los-violentadores-no-puedan-ocupar-cargos-publicos\/#article","isPartOf":{"@id":"https:\/\/www.yucatanencorto.com\/noticias\/con-nueva-reforma-buscan-que-los-violentadores-no-puedan-ocupar-cargos-publicos\/"},"author":{"name":"Yucat\u00e1n en Corto FC","@id":"https:\/\/www.yucatanencorto.com\/noticias\/#\/schema\/person\/14f82d355225a1f4075dd84a31f45a72"},"headline":"Con nueva reforma buscan que los \u00abviolentadores\u00bb no puedan ocupar cargos p\u00fablicos","datePublished":"2022-07-11T22:03:22+00:00","mainEntityOfPage":{"@id":"https:\/\/www.yucatanencorto.com\/noticias\/con-nueva-reforma-buscan-que-los-violentadores-no-puedan-ocupar-cargos-publicos\/"},"wordCount":681,"image":{"@id":"https:\/\/www.yucatanencorto.com\/noticias\/con-nueva-reforma-buscan-que-los-violentadores-no-puedan-ocupar-cargos-publicos\/#primaryimage"},"thumbnailUrl":"https:\/\/www.yucatanencorto.com\/noticias\/wp-content\/uploads\/2022\/07\/congreso-1-1.jpg","articleSection":["M\u00e9rida"],"inLanguage":"es"},{"@type":"WebPage","@id":"https:\/\/www.yucatanencorto.com\/noticias\/con-nueva-reforma-buscan-que-los-violentadores-no-puedan-ocupar-cargos-publicos\/","url":"https:\/\/www.yucatanencorto.com\/noticias\/con-nueva-reforma-buscan-que-los-violentadores-no-puedan-ocupar-cargos-publicos\/","name":"Con nueva reforma buscan que los \"violentadores\" no puedan ocupar cargos p\u00fablicos - Yucat\u00e1n en corto","isPartOf":{"@id":"https:\/\/www.yucatanencorto.com\/noticias\/#website"},"primaryImageOfPage":{"@id":"https:\/\/www.yucatanencorto.com\/noticias\/con-nueva-reforma-buscan-que-los-violentadores-no-puedan-ocupar-cargos-publicos\/#primaryimage"},"image":{"@id":"https:\/\/www.yucatanencorto.com\/noticias\/con-nueva-reforma-buscan-que-los-violentadores-no-puedan-ocupar-cargos-publicos\/#primaryimage"},"thumbnailUrl":"https:\/\/www.yucatanencorto.com\/noticias\/wp-content\/uploads\/2022\/07\/congreso-1-1.jpg","datePublished":"2022-07-11T22:03:22+00:00","author":{"@id":"https:\/\/www.yucatanencorto.com\/noticias\/#\/schema\/person\/14f82d355225a1f4075dd84a31f45a72"},"breadcrumb":{"@id":"https:\/\/www.yucatanencorto.com\/noticias\/con-nueva-reforma-buscan-que-los-violentadores-no-puedan-ocupar-cargos-publicos\/#breadcrumb"},"inLanguage":"es","potentialAction":[{"@type":"ReadAction","target":["https:\/\/www.yucatanencorto.com\/noticias\/con-nueva-reforma-buscan-que-los-violentadores-no-puedan-ocupar-cargos-publicos\/"]}]},{"@type":"ImageObject","inLanguage":"es","@id":"https:\/\/www.yucatanencorto.com\/noticias\/con-nueva-reforma-buscan-que-los-violentadores-no-puedan-ocupar-cargos-publicos\/#primaryimage","url":"https:\/\/www.yucatanencorto.com\/noticias\/wp-content\/uploads\/2022\/07\/congreso-1-1.jpg","contentUrl":"https:\/\/www.yucatanencorto.com\/noticias\/wp-content\/uploads\/2022\/07\/congreso-1-1.jpg","width":640,"height":427},{"@type":"BreadcrumbList","@id":"https:\/\/www.yucatanencorto.com\/noticias\/con-nueva-reforma-buscan-que-los-violentadores-no-puedan-ocupar-cargos-publicos\/#breadcrumb","itemListElement":[{"@type":"ListItem","position":1,"name":"Portada","item":"https:\/\/www.yucatanencorto.com\/noticias\/"},{"@type":"ListItem","position":2,"name":"Con nueva reforma buscan que los \u00abviolentadores\u00bb no puedan ocupar cargos p\u00fablicos"}]},{"@type":"WebSite","@id":"https:\/\/www.yucatanencorto.com\/noticias\/#website","url":"https:\/\/www.yucatanencorto.com\/noticias\/","name":"Yucat\u00e1n en corto","description":"Noticias","potentialAction":[{"@type":"SearchAction","target":{"@type":"EntryPoint","urlTemplate":"https:\/\/www.yucatanencorto.com\/noticias\/?s={search_term_string}"},"query-input":{"@type":"PropertyValueSpecification","valueRequired":true,"valueName":"search_term_string"}}],"inLanguage":"es"},{"@type":"Person","@id":"https:\/\/www.yucatanencorto.com\/noticias\/#\/schema\/person\/14f82d355225a1f4075dd84a31f45a72","name":"Yucat\u00e1n en Corto FC","image":{"@type":"ImageObject","inLanguage":"es","@id":"https:\/\/secure.gravatar.com\/avatar\/147d4b30cd728c53c29c49a3f7834dedca33707f4cd259761355846009a88250?s=96&d=mm&r=g","url":"https:\/\/secure.gravatar.com\/avatar\/147d4b30cd728c53c29c49a3f7834dedca33707f4cd259761355846009a88250?s=96&d=mm&r=g","contentUrl":"https:\/\/secure.gravatar.com\/avatar\/147d4b30cd728c53c29c49a3f7834dedca33707f4cd259761355846009a88250?s=96&d=mm&r=g","caption":"Yucat\u00e1n en Corto FC"},"url":"https:\/\/www.yucatanencorto.com\/noticias\/author\/flor\/"}]}},"_links":{"self":[{"href":"https:\/\/www.yucatanencorto.com\/noticias\/wp-json\/wp\/v2\/posts\/92173","targetHints":{"allow":["GET"]}}],"collection":[{"href":"https:\/\/www.yucatanencorto.com\/noticias\/wp-json\/wp\/v2\/posts"}],"about":[{"href":"https:\/\/www.yucatanencorto.com\/noticias\/wp-json\/wp\/v2\/types\/post"}],"author":[{"embeddable":true,"href":"https:\/\/www.yucatanencorto.com\/noticias\/wp-json\/wp\/v2\/users\/2"}],"replies":[{"embeddable":true,"href":"https:\/\/www.yucatanencorto.com\/noticias\/wp-json\/wp\/v2\/comments?post=92173"}],"version-history":[{"count":0,"href":"https:\/\/www.yucatanencorto.com\/noticias\/wp-json\/wp\/v2\/posts\/92173\/revisions"}],"wp:featuredmedia":[{"embeddable":true,"href":"https:\/\/www.yucatanencorto.com\/noticias\/wp-json\/wp\/v2\/media\/92174"}],"wp:attachment":[{"href":"https:\/\/www.yucatanencorto.com\/noticias\/wp-json\/wp\/v2\/media?parent=92173"}],"wp:term":[{"taxonomy":"category","embeddable":true,"href":"https:\/\/www.yucatanencorto.com\/noticias\/wp-json\/wp\/v2\/categories?post=92173"},{"taxonomy":"post_tag","embeddable":true,"href":"https:\/\/www.yucatanencorto.com\/noticias\/wp-json\/wp\/v2\/tags?post=92173"}],"curies":[{"name":"wp","href":"https:\/\/api.w.org\/{rel}","templated":true}]}}